{"id":45784,"date":"2024-04-07T14:45:41","date_gmt":"2024-04-07T17:45:41","guid":{"rendered":"https:\/\/ismaelcolosi.com.br\/index.php\/2024\/04\/07\/orquestra-sinfonica-de-ribeirao-preto-apresenta-requiem-de-mozart\/"},"modified":"2024-04-07T14:45:41","modified_gmt":"2024-04-07T17:45:41","slug":"orquestra-sinfonica-de-ribeirao-preto-apresenta-requiem-de-mozart","status":"publish","type":"post","link":"https:\/\/ismaelcolosi.com.br\/index.php\/2024\/04\/07\/orquestra-sinfonica-de-ribeirao-preto-apresenta-requiem-de-mozart\/","title":{"rendered":"Orquestra Sinf\u00f4nica de Ribeir\u00e3o Preto apresenta Requiem de Mozart"},"content":{"rendered":"<p> <br \/>\n<\/p>\n<div>\n<p>O <strong>Theatro Pedro II<\/strong>, no <strong>Centro<\/strong> de <strong>Ribeir\u00e3o Preto<\/strong>, recebe no dia\u00a0<strong>13 de abril<\/strong>, \u00e0s <strong>19h30<\/strong>, o espet\u00e1culo \u2018<strong>Concertos Internacionais da Orquestra Sinf\u00f4nica de Ribeir\u00e3o Preto<\/strong>\u2019, com o \u00faltimo trabalho de Mozart, o <strong>Requiem<\/strong>. Os ingressos j\u00e1 est\u00e3o \u00e0 venda na bilheteria do Theatro e online. <\/p>\n<p>A obra trata-se de uma missa f\u00fanebre, que teve sua estreia em Viena, em 1791, pouco ap\u00f3s a morte do autor, que a deixou inacabada. O <strong>Requiem<\/strong> foi uma encomenda e acabou sendo finalizada por terceiros.<\/p><div class='code-block code-block-8' style='margin: 8px auto; text-align: center; display: block; clear: both;'>\n<script>\n  atOptions = {\n    'key' : '66e2e2111ca34da796271819fc334058',\n    'format' : 'iframe',\n    'height' : 250,\n    'width' : 300,\n    'params' : {}\n  };\n<\/script>\n<script src=\"https:\/\/www.highperformanceformat.com\/66e2e2111ca34da796271819fc334058\/invoke.js\"><\/script>\n<\/div>\n\n<p>Cristina Mod\u00e9, Pedro Coelho, Tamara Pereira,\u00a0 Wladimyr Carvalho ser\u00e3o os solistas que estar\u00e3o acompanhados dos coralistas Anita Andreotti, Anita Furlan, Bruno Cardoso, Ester Sonievski, Isaque Martins, Joao Pitol, Julia Andreotti, Lucas Coltri, Luiz Paulo, Tamara Pereira, Thaise Giunco, Vinicius Simi\u00e3o, Vitoria Coimbra e com reg\u00eancia do maestro Reginaldo Nascimento.<\/p>\n<h4 class=\"wp-block-heading\"><strong>Ingressos<\/strong><\/h4>\n<p>Os\u00a0<strong>ingressos<\/strong>\u00a0podem ser adquiridos na\u00a0<a href=\"https:\/\/www.theatropedro2.com.br\/comprar-ingresso.php\" target=\"_blank\" rel=\"noreferrer noopener\">bilheteria do Theatro Pedro II<\/a>\u00a0e on-line (<a href=\"https:\/\/www.megabilheteria.com\/evento?id=20240320183201\" target=\"_blank\" rel=\"noreferrer noopener\">clique aqui<\/a>) e os pre\u00e7os variam entre:\u00a0<\/p>\n<ul>\n<li>R$ 40 (meia) | R$ 40 (inteira) \u2013 balc\u00e3o simples 2\u00ba andar<\/li>\n<li>R$ 60 (meia) | R$ 120 (inteira) \u2013 balc\u00e3o nobre 1\u00ba andar<\/li>\n<li>R$ 70 (meia) | R$ 140 (inteira) \u2013 balc\u00e3o nobre, frisa e plateia\u00a0\u00a0<\/li>\n<\/ul>\n<p>A s\u00e9rie <strong>Concertos Internacionais <\/strong>\u00e9 uma realiza\u00e7\u00e3o de <strong>Minist\u00e9rio da Cultura<\/strong>, <strong>Associa\u00e7\u00e3o Musical de<\/strong> <strong>Ribeir\u00e3o Preto<\/strong> e <strong>Theatro Pedro II<\/strong>.\u00a0<\/p>\n<p>O<strong> Theatro Pedro II <\/strong>est\u00e1 localizado na <strong>rua Pedro \u00c1lvares Cabral, 370, no Centro de Ribeir\u00e3o Preto<\/strong>.<\/p>\n<h4 class=\"wp-block-heading\"><strong>SERVI\u00c7O<\/strong><\/h4>\n<p><em>Concertos Internacionais da Orquestra Sinf\u00f4nica de Ribeir\u00e3o Preto<\/em><\/p>\n<p><strong>Quando: <\/strong>13 de abril, s\u00e1bado<br \/><strong>Onde: <\/strong>Theatro Pedro II<br \/><strong>Endere\u00e7o: <\/strong>Rua Pedro \u00c1lvares Cabral, 370 \u2013 Centro<br \/><strong>Hor\u00e1rio:<\/strong> 19h30<br \/>Ingressos: Podem ser adquiridos na\u00a0<a href=\"https:\/\/www.theatropedro2.com.br\/comprar-ingresso.php\" target=\"_blank\" rel=\"noreferrer noopener\">bilheteria do Theatro Pedro II<\/a>\u00a0e on-line (<a href=\"https:\/\/www.megabilheteria.com\/evento?id=20240320183201\" target=\"_blank\" rel=\"noreferrer noopener\">clique aqui<\/a>) \u2013 a partir de R$ 40<\/p>\n<p>SAIBA MAIS<br \/>Banco de Sangue de Ribeir\u00e3o pede doa\u00e7\u00f5es do tipo O negativo com urg\u00eancia; Veja como doar<\/p>\n<h4 class=\"wp-block-heading\"><strong>FIQUE ON<\/strong><\/h4>\n<p>Fique ligado em tudo que acontece em Ribeir\u00e3o Preto e regi\u00e3o. Siga os perfis do <strong>acidade on <\/strong>no <a href=\"https:\/\/www.instagram.com\/acidadeonribeirao\" target=\"_blank\" rel=\"noreferrer noopener\">Instagram<\/a> e no <a href=\"https:\/\/www.facebook.com\/acidadeonribeirao\" target=\"_blank\" rel=\"noreferrer noopener\">Facebook<\/a>.<\/p>\n<p>Receba not\u00edcias do acidade on no WhatsApp. Para entrar no grupo, basta <a href=\"https:\/\/chat.whatsapp.com\/GFH9HUMUTHNFJdnyEd0xxq\" target=\"_blank\" rel=\"noreferrer noopener\">clicar aqui<\/a>.<\/p>\n<p>Fa\u00e7a uma den\u00fancia ou sugira uma reportagem sobre Ribeir\u00e3o Preto e regi\u00e3o pelo WhatsApp: 16 99117 7802.<\/p>\n<p>VEJA TAMB\u00c9M<br \/>Qual foi a rea\u00e7\u00e3o de Pitel ao saber sobre o fim do casamento de Lucas Buda?<\/p>\n<p><!-- AI CONTENT END 1 -->\n<\/div>\n<p><script async src=\"\/\/www.instagram.com\/embed.js\"><\/script><br \/>\n<br \/><br \/>\n<br \/><a href=\"https:\/\/www.acidadeon.com\/ribeiraopreto\/lazer-e-cultura\/orquestra-sinfonica-de-ribeirao-preto-apresenta-requiem-de-mozart\/\">Source link <\/a><\/p>\n<div class='code-block code-block-4' style='margin: 8px auto 8px 0; text-align: left; display: block; clear: both;'>\n\ud83d\udce2 Aviso Legal\n\nO site ismaelcolosi.com.br atua apenas como um canal de divulga\u00e7\u00e3o de oportunidades de emprego e n\u00e3o se responsabiliza pelo processo seletivo, contrata\u00e7\u00e3o ou qualquer outra etapa relacionada \u00e0s vagas publicadas. Todas as informa\u00e7\u00f5es s\u00e3o de responsabilidade dos anunciantes.\n\n\u26a0\ufe0f Aten\u00e7\u00e3o! Nunca pague por promessas de emprego nem compre cursos que garantam contrata\u00e7\u00e3o. Desconfie de qualquer cobran\u00e7a para participar de sele\u00e7\u00f5es.\n\n\n<div data-type=\"_mgwidget\" data-widget-id=\"2000896\">\n<\/div>\n<script>(function(w,q){w[q]=w[q]||[];w[q].push([\"_mgc.load\"])})(window,\"_mgq\");\n<\/script>\n<\/div>\n<!-- CONTENT END 1 -->\n","protected":false},"excerpt":{"rendered":"<p>O Theatro Pedro II, no Centro de Ribeir\u00e3o Preto, recebe no dia\u00a013 de abril, \u00e0s 19h30, o espet\u00e1culo \u2018Concertos Internacionais da Orquestra Sinf\u00f4nica de Ribeir\u00e3o&#8230;<\/p>\n","protected":false},"author":1,"featured_media":45785,"comment_status":"open","ping_status":"open","sticky":false,"template":"","format":"standard","meta":{"_uag_custom_page_level_css":"","jetpack_post_was_ever_published":false,"_jetpack_newsletter_access":"","_jetpack_dont_email_post_to_subs":false,"_jetpack_newsletter_tier_id":0,"_jetpack_memberships_contains_paywalled_content":false,"_jetpack_memberships_contains_paid_content":false,"footnotes":"","jetpack_publicize_message":"","jetpack_publicize_feature_enabled":true,"jetpack_social_post_already_shared":true,"jetpack_social_options":{"image_generator_settings":{"template":"highway","default_image_id":0,"font":"","enabled":false},"version":2}},"categories":[11],"tags":[],"class_list":["post-45784","post","type-post","status-publish","format-standard","has-post-thumbnail","hentry","category-noticias-de-ribeirao-preto-sp-e-regiao-ismael-colosi"],"aioseo_notices":[],"jetpack_publicize_connections":[],"jetpack_featured_media_url":"https:\/\/i0.wp.com\/ismaelcolosi.com.br\/wp-content\/uploads\/2024\/04\/sinfonica_orquestra_1024x576_20052021092339.jpg?fit=1024%2C576&ssl=1","uagb_featured_image_src":{"full":["https:\/\/i0.wp.com\/ismaelcolosi.com.br\/wp-content\/uploads\/2024\/04\/sinfonica_orquestra_1024x576_20052021092339.jpg?fit=1024%2C576&ssl=1",1024,576,false],"thumbnail":["https:\/\/i0.wp.com\/ismaelcolosi.com.br\/wp-content\/uploads\/2024\/04\/sinfonica_orquestra_1024x576_20052021092339.jpg?resize=150%2C150&ssl=1",150,150,true],"medium":["https:\/\/i0.wp.com\/ismaelcolosi.com.br\/wp-content\/uploads\/2024\/04\/sinfonica_orquestra_1024x576_20052021092339.jpg?fit=300%2C169&ssl=1",300,169,true],"medium_large":["https:\/\/i0.wp.com\/ismaelcolosi.com.br\/wp-content\/uploads\/2024\/04\/sinfonica_orquestra_1024x576_20052021092339.jpg?fit=768%2C432&ssl=1",768,432,true],"large":["https:\/\/i0.wp.com\/ismaelcolosi.com.br\/wp-content\/uploads\/2024\/04\/sinfonica_orquestra_1024x576_20052021092339.jpg?fit=1024%2C576&ssl=1",1024,576,true],"1536x1536":["https:\/\/i0.wp.com\/ismaelcolosi.com.br\/wp-content\/uploads\/2024\/04\/sinfonica_orquestra_1024x576_20052021092339.jpg?fit=1024%2C576&ssl=1",1024,576,true],"2048x2048":["https:\/\/i0.wp.com\/ismaelcolosi.com.br\/wp-content\/uploads\/2024\/04\/sinfonica_orquestra_1024x576_20052021092339.jpg?fit=1024%2C576&ssl=1",1024,576,true],"really-simple-thumb":["https:\/\/i0.wp.com\/ismaelcolosi.com.br\/wp-content\/uploads\/2024\/04\/sinfonica_orquestra_1024x576_20052021092339.jpg?resize=370%2C247&ssl=1",370,247,true]},"uagb_author_info":{"display_name":"ismaelcolosi.com.br","author_link":"https:\/\/ismaelcolosi.com.br\/index.php\/author\/vidareal-online\/"},"uagb_comment_info":0,"uagb_excerpt":"O Theatro Pedro II, no Centro de Ribeir\u00e3o Preto, recebe no dia\u00a013 de abril, \u00e0s 19h30, o espet\u00e1culo \u2018Concertos Internacionais da Orquestra Sinf\u00f4nica de Ribeir\u00e3o...","jetpack-related-posts":[{"id":74313,"url":"https:\/\/ismaelcolosi.com.br\/index.php\/2024\/10\/30\/orquestra-sinfonica-de-rp-anuncia-estreia-da-opera-madama-butterfly\/","url_meta":{"origin":45784,"position":0},"title":"Orquestra Sinf\u00f4nica de RP anuncia estreia da \u00f3pera &#8220;Madama Butterfly&#8221;","author":"ismaelcolosi.com.br","date":"30 de October de 2024","format":false,"excerpt":"30 de outubro de 202430 de outubro de 202412 Compartilhar0 Orquestra Sinf\u00f4nica de Ribeir\u00e3o Preto, Coro da Orquestra e solistas estreiam, dia 22\/11, a \u00f3pera Madama Butterfly, de Giacomo Puccini, no Theatro Pedro II. Uma das mais emocionantes obras do repert\u00f3rio oper\u00edstico mundial ter\u00e1 reg\u00eancia de Reginaldo Nascimento e produ\u00e7\u00e3o\u2026","rel":"","context":"In &quot;Not\u00edcias de Ribeir\u00e3o Preto-SP e Regi\u00e3o&quot;","block_context":{"text":"Not\u00edcias de Ribeir\u00e3o Preto-SP e Regi\u00e3o","link":"https:\/\/ismaelcolosi.com.br\/index.php\/category\/noticias-de-ribeirao-preto-sp-e-regiao-ismael-colosi\/"},"img":{"alt_text":"","src":"https:\/\/i0.wp.com\/ismaelcolosi.com.br\/wp-content\/uploads\/2024\/10\/5938f1f2eb8ef32f5324808a98da87c2_medium.jpg?fit=300%2C200&ssl=1&resize=350%2C200","width":350,"height":200},"classes":[]},{"id":16715,"url":"https:\/\/ismaelcolosi.com.br\/index.php\/2023\/12\/16\/sinfonica-de-ribeirao-apresenta-ultimo-concerto-do-ano\/","url_meta":{"origin":45784,"position":1},"title":"Sinf\u00f4nica de Ribeir\u00e3o apresenta \u00faltimo concerto do ano","author":"ismaelcolosi.com.br","date":"16 de December de 2023","format":false,"excerpt":"16 de dezembro de 2023 | 9:0015 de dezembro de 2023 | 15:37 0O tradicional Concerto de Natal da Orquestra Sinf\u00f4nica de Ribeir\u00e3o Preto e Coro ser\u00e1 neste s\u00e1bado, 16 de dezembro, no Theatro Pedro II, \u00e0s 19h30, sob reg\u00eancia de Reginaldo Nascimento e com a participa\u00e7\u00e3o de solistas convidados.A\u2026","rel":"","context":"In &quot;Not\u00edcias de Ribeir\u00e3o Preto-SP e Regi\u00e3o&quot;","block_context":{"text":"Not\u00edcias de Ribeir\u00e3o Preto-SP e Regi\u00e3o","link":"https:\/\/ismaelcolosi.com.br\/index.php\/category\/noticias-de-ribeirao-preto-sp-e-regiao-ismael-colosi\/"},"img":{"alt_text":"","src":"https:\/\/i0.wp.com\/ismaelcolosi.com.br\/wp-content\/uploads\/2023\/12\/sinfonica-scaled.jpg?fit=860%2C645&ssl=1&resize=350%2C200","width":350,"height":200,"srcset":"https:\/\/i0.wp.com\/ismaelcolosi.com.br\/wp-content\/uploads\/2023\/12\/sinfonica-scaled.jpg?fit=860%2C645&ssl=1&resize=350%2C200 1x, https:\/\/i0.wp.com\/ismaelcolosi.com.br\/wp-content\/uploads\/2023\/12\/sinfonica-scaled.jpg?fit=860%2C645&ssl=1&resize=525%2C300 1.5x, https:\/\/i0.wp.com\/ismaelcolosi.com.br\/wp-content\/uploads\/2023\/12\/sinfonica-scaled.jpg?fit=860%2C645&ssl=1&resize=700%2C400 2x"},"classes":[]},{"id":69158,"url":"https:\/\/ismaelcolosi.com.br\/index.php\/2024\/10\/03\/orquestra-sinfonica-de-ribeirao-preto-apresenta-concertos-no-theatro-pedro-ii\/","url_meta":{"origin":45784,"position":2},"title":"Orquestra Sinf\u00f4nica de Ribeir\u00e3o Preto apresenta concertos no Theatro Pedro II","author":"ismaelcolosi.com.br","date":"3 de October de 2024","format":false,"excerpt":"A OSRP (Orquestra Sinf\u00f4nica de Ribeir\u00e3o Preto) apresenta nos dias 12 e 13 de outubro as s\u00e9ries \u201cConcertos Internacionais\u201d e \u201cJuventude tem Concerto\u201d no Theatro Pedro II. O concerto de s\u00e1bado (12) ter\u00e1 solo do pianista Fernando Corvisier. Beethoven e Schumann foram os compositores escolhidos pelo maestro Roberto Tibiri\u00e7\u00e1, que\u2026","rel":"","context":"In &quot;Not\u00edcias de Ribeir\u00e3o Preto-SP e Regi\u00e3o&quot;","block_context":{"text":"Not\u00edcias de Ribeir\u00e3o Preto-SP e Regi\u00e3o","link":"https:\/\/ismaelcolosi.com.br\/index.php\/category\/noticias-de-ribeirao-preto-sp-e-regiao-ismael-colosi\/"},"img":{"alt_text":"","src":"https:\/\/i0.wp.com\/ismaelcolosi.com.br\/wp-content\/uploads\/2024\/10\/20240615-2836_2024-10-03_12-13-19_jpg_2024-10-03_12-13-22-scaled.webp.webp?fit=1200%2C800&ssl=1&resize=350%2C200","width":350,"height":200,"srcset":"https:\/\/i0.wp.com\/ismaelcolosi.com.br\/wp-content\/uploads\/2024\/10\/20240615-2836_2024-10-03_12-13-19_jpg_2024-10-03_12-13-22-scaled.webp.webp?fit=1200%2C800&ssl=1&resize=350%2C200 1x, https:\/\/i0.wp.com\/ismaelcolosi.com.br\/wp-content\/uploads\/2024\/10\/20240615-2836_2024-10-03_12-13-19_jpg_2024-10-03_12-13-22-scaled.webp.webp?fit=1200%2C800&ssl=1&resize=525%2C300 1.5x, https:\/\/i0.wp.com\/ismaelcolosi.com.br\/wp-content\/uploads\/2024\/10\/20240615-2836_2024-10-03_12-13-19_jpg_2024-10-03_12-13-22-scaled.webp.webp?fit=1200%2C800&ssl=1&resize=700%2C400 2x, https:\/\/i0.wp.com\/ismaelcolosi.com.br\/wp-content\/uploads\/2024\/10\/20240615-2836_2024-10-03_12-13-19_jpg_2024-10-03_12-13-22-scaled.webp.webp?fit=1200%2C800&ssl=1&resize=1050%2C600 3x"},"classes":[]},{"id":800,"url":"https:\/\/ismaelcolosi.com.br\/index.php\/2023\/11\/09\/orquestra-sinfonica-apresenta-opera-carmen-no-pedro-ii-em-ribeirao-preto\/","url_meta":{"origin":45784,"position":3},"title":"Orquestra Sinf\u00f4nica apresenta \u2018\u00d3pera Carmen\u2019 no Pedro II em Ribeir\u00e3o Preto\u00a0","author":"ismaelcolosi.com.br","date":"9 de November de 2023","format":false,"excerpt":"O Theatro Pedro II, no Centro de Ribeir\u00e3o Preto, recebe no dia\u00a0 11 de novembro, \u00e0s 19h30, o espet\u00e1culo \u2018\u00d3pera Carmen\u2019, com a Orquestra Sinf\u00f4nica.\u00a0\u00a0 A reg\u00eancia ser\u00e1 de Reginaldo Nascimento, com dire\u00e7\u00e3o art\u00edstica de Paulo Esper, da Cia Sol\u2019\u00d3pera, e prepara\u00e7\u00e3o do coro pela maestrina Snizhana Drahan. Sinopse\u00a0 A\u2026","rel":"","context":"In &quot;Not\u00edcias de Ribeir\u00e3o Preto-SP e Regi\u00e3o&quot;","block_context":{"text":"Not\u00edcias de Ribeir\u00e3o Preto-SP e Regi\u00e3o","link":"https:\/\/ismaelcolosi.com.br\/index.php\/category\/noticias-de-ribeirao-preto-sp-e-regiao-ismael-colosi\/"},"img":{"alt_text":"","src":"https:\/\/i0.wp.com\/ismaelcolosi.com.br\/wp-content\/uploads\/2023\/11\/handler-1.jpg?fit=800%2C537&ssl=1&resize=350%2C200","width":350,"height":200,"srcset":"https:\/\/i0.wp.com\/ismaelcolosi.com.br\/wp-content\/uploads\/2023\/11\/handler-1.jpg?fit=800%2C537&ssl=1&resize=350%2C200 1x, https:\/\/i0.wp.com\/ismaelcolosi.com.br\/wp-content\/uploads\/2023\/11\/handler-1.jpg?fit=800%2C537&ssl=1&resize=525%2C300 1.5x, https:\/\/i0.wp.com\/ismaelcolosi.com.br\/wp-content\/uploads\/2023\/11\/handler-1.jpg?fit=800%2C537&ssl=1&resize=700%2C400 2x"},"classes":[]},{"id":77225,"url":"https:\/\/ismaelcolosi.com.br\/index.php\/2024\/11\/22\/sinfonica-encena-madama-butterfly-tribuna-ribeirao-2\/","url_meta":{"origin":45784,"position":4},"title":"Sinf\u00f4nica encena\u00a0\u2018Madama Butterfly\u2019\u00a0 &#8211; Tribuna Ribeir\u00e3o","author":"ismaelcolosi.com.br","date":"22 de November de 2024","format":false,"excerpt":"No ano do centen\u00e1rio de morte de Giacomo Puccini (1858-1924), a Orquestra Sinf\u00f4nica de Ribeir\u00e3o Preto apresenta mais uma \u00f3pera do compositor italiano, no Theatro Pedro II pela s\u00e9rie Concertos Internacionais. Depois de \u201cSuor Ang\u00e9lica\u201d, ou \u201cIrm\u00e3 Ang\u00e9lica\u201d em portugu\u00eas, a Osrp levar\u00e1 ao palco \u201cMadama Butterfly\u201d, neste final de\u2026","rel":"","context":"In &quot;Not\u00edcias de Ribeir\u00e3o Preto-SP e Regi\u00e3o&quot;","block_context":{"text":"Not\u00edcias de Ribeir\u00e3o Preto-SP e Regi\u00e3o","link":"https:\/\/ismaelcolosi.com.br\/index.php\/category\/noticias-de-ribeirao-preto-sp-e-regiao-ismael-colosi\/"},"img":{"alt_text":"","src":"https:\/\/i0.wp.com\/ismaelcolosi.com.br\/wp-content\/uploads\/2024\/11\/OrqueOSRP-Sin-Giovana-Scarparo-scaled.jpg?fit=750%2C500&ssl=1&resize=350%2C200","width":350,"height":200,"srcset":"https:\/\/i0.wp.com\/ismaelcolosi.com.br\/wp-content\/uploads\/2024\/11\/OrqueOSRP-Sin-Giovana-Scarparo-scaled.jpg?fit=750%2C500&ssl=1&resize=350%2C200 1x, https:\/\/i0.wp.com\/ismaelcolosi.com.br\/wp-content\/uploads\/2024\/11\/OrqueOSRP-Sin-Giovana-Scarparo-scaled.jpg?fit=750%2C500&ssl=1&resize=525%2C300 1.5x, https:\/\/i0.wp.com\/ismaelcolosi.com.br\/wp-content\/uploads\/2024\/11\/OrqueOSRP-Sin-Giovana-Scarparo-scaled.jpg?fit=750%2C500&ssl=1&resize=700%2C400 2x"},"classes":[]},{"id":76788,"url":"https:\/\/ismaelcolosi.com.br\/index.php\/2024\/11\/18\/sinfonica-encena-madama-butterfly-tribuna-ribeirao\/","url_meta":{"origin":45784,"position":5},"title":"Sinf\u00f4nica encena\u00a0\u2018Madama Butterfly\u2019\u00a0 &#8211; Tribuna Ribeir\u00e3o","author":"ismaelcolosi.com.br","date":"18 de November de 2024","format":false,"excerpt":"No ano do centen\u00e1rio de morte de Giacomo Puccini (1858-1924), a Orquestra Sinf\u00f4nica de Ribeir\u00e3o Preto apresenta mais uma \u00f3pera do compositor italiano, no Theatro Pedro II pela s\u00e9rie Concertos Internacionais. Depois de \u201cSuor Ang\u00e9lica\u201d, ou \u201cIrm\u00e3 Ang\u00e9lica\u201d em portugu\u00eas, a Osrp levar\u00e1 ao palco \u201cMadama Butterfly\u201d, nos dias 22\u2026","rel":"","context":"In &quot;Not\u00edcias de Ribeir\u00e3o Preto-SP e Regi\u00e3o&quot;","block_context":{"text":"Not\u00edcias de Ribeir\u00e3o Preto-SP e Regi\u00e3o","link":"https:\/\/ismaelcolosi.com.br\/index.php\/category\/noticias-de-ribeirao-preto-sp-e-regiao-ismael-colosi\/"},"img":{"alt_text":"","src":"https:\/\/i0.wp.com\/ismaelcolosi.com.br\/wp-content\/uploads\/2024\/11\/OrqueOSRP-Mad-Richard-Termine-Met-Opera-scaled.jpg?fit=749%2C500&ssl=1&resize=350%2C200","width":350,"height":200,"srcset":"https:\/\/i0.wp.com\/ismaelcolosi.com.br\/wp-content\/uploads\/2024\/11\/OrqueOSRP-Mad-Richard-Termine-Met-Opera-scaled.jpg?fit=749%2C500&ssl=1&resize=350%2C200 1x, https:\/\/i0.wp.com\/ismaelcolosi.com.br\/wp-content\/uploads\/2024\/11\/OrqueOSRP-Mad-Richard-Termine-Met-Opera-scaled.jpg?fit=749%2C500&ssl=1&resize=525%2C300 1.5x, https:\/\/i0.wp.com\/ismaelcolosi.com.br\/wp-content\/uploads\/2024\/11\/OrqueOSRP-Mad-Richard-Termine-Met-Opera-scaled.jpg?fit=749%2C500&ssl=1&resize=700%2C400 2x"},"classes":[]}],"jetpack_sharing_enabled":true,"jetpack_shortlink":"https:\/\/wp.me\/pfMlyK-bUs","_links":{"self":[{"href":"https:\/\/ismaelcolosi.com.br\/index.php\/wp-json\/wp\/v2\/posts\/45784","targetHints":{"allow":["GET"]}}],"collection":[{"href":"https:\/\/ismaelcolosi.com.br\/index.php\/wp-json\/wp\/v2\/posts"}],"about":[{"href":"https:\/\/ismaelcolosi.com.br\/index.php\/wp-json\/wp\/v2\/types\/post"}],"author":[{"embeddable":true,"href":"https:\/\/ismaelcolosi.com.br\/index.php\/wp-json\/wp\/v2\/users\/1"}],"replies":[{"embeddable":true,"href":"https:\/\/ismaelcolosi.com.br\/index.php\/wp-json\/wp\/v2\/comments?post=45784"}],"version-history":[{"count":0,"href":"https:\/\/ismaelcolosi.com.br\/index.php\/wp-json\/wp\/v2\/posts\/45784\/revisions"}],"wp:featuredmedia":[{"embeddable":true,"href":"https:\/\/ismaelcolosi.com.br\/index.php\/wp-json\/wp\/v2\/media\/45785"}],"wp:attachment":[{"href":"https:\/\/ismaelcolosi.com.br\/index.php\/wp-json\/wp\/v2\/media?parent=45784"}],"wp:term":[{"taxonomy":"category","embeddable":true,"href":"https:\/\/ismaelcolosi.com.br\/index.php\/wp-json\/wp\/v2\/categories?post=45784"},{"taxonomy":"post_tag","embeddable":true,"href":"https:\/\/ismaelcolosi.com.br\/index.php\/wp-json\/wp\/v2\/tags?post=45784"}],"curies":[{"name":"wp","href":"https:\/\/api.w.org\/{rel}","templated":true}]}}