{"id":45780,"date":"2024-04-07T11:43:52","date_gmt":"2024-04-07T14:43:52","guid":{"rendered":"https:\/\/ismaelcolosi.com.br\/index.php\/2024\/04\/07\/janela-partidaria-provoca-danca-das-cadeiras-na-camara-de-ribeirao-preto\/"},"modified":"2024-04-07T11:43:52","modified_gmt":"2024-04-07T14:43:52","slug":"janela-partidaria-provoca-danca-das-cadeiras-na-camara-de-ribeirao-preto","status":"publish","type":"post","link":"https:\/\/ismaelcolosi.com.br\/index.php\/2024\/04\/07\/janela-partidaria-provoca-danca-das-cadeiras-na-camara-de-ribeirao-preto\/","title":{"rendered":"Janela partid\u00e1ria provoca \u2018dan\u00e7a das cadeiras\u2019 na C\u00e2mara de Ribeir\u00e3o Preto"},"content":{"rendered":"<p> <br \/>\n<\/p>\n<div data-td-block-uid=\"tdi_101\">\n<div class=\"tdb-block-inner td-fix-index\">\n<p>A<strong> janela partid\u00e1ria <\/strong>de 2024 terminou na \u00faltima sexta-feira (5) e, com isso, a configura\u00e7\u00e3o da <strong>C\u00e2mara Municipal de Ribeir\u00e3o Preto<\/strong> teve mudan\u00e7as. Ao todo, sete vereadores mudaram de partido de olho na <mark style=\"background-color:#fcb900\" class=\"has-inline-color has-black-color\">disputa eleitoral marcada para o dia 6 de outubro.<\/mark><\/p>\n<p>O <strong>PSD<\/strong> foi o partido mais beneficiado, com quatro ades\u00f5es de vereadores \u00e0 legenda. J\u00e1 o <strong>PRTB<\/strong> e <strong>PSol <\/strong>perderam os seus representantes na C\u00e2mara. Confira:<\/p><div class='code-block code-block-8' style='margin: 8px auto; text-align: center; display: block; clear: both;'>\n<script>\n  atOptions = {\n    'key' : '66e2e2111ca34da796271819fc334058',\n    'format' : 'iframe',\n    'height' : 250,\n    'width' : 300,\n    'params' : {}\n  };\n<\/script>\n<script src=\"https:\/\/www.highperformanceformat.com\/66e2e2111ca34da796271819fc334058\/invoke.js\"><\/script>\n<\/div>\n\n<ul>\n<li><strong>Bertinho Scandiuzzi<\/strong> \u2013 deixou o PSDB e se filiou ao PSD<\/li>\n<\/ul>\n<ul>\n<li><strong>Lincoln Fernandes <\/strong>\u2013 deixou o PDT e se filiou ao PL<\/li>\n<\/ul>\n<ul>\n<li><strong>Franco Ferro<\/strong> \u2013 deixou o PRTB e se filiou ao PP<\/li>\n<\/ul>\n<ul>\n<li><strong>Jean Corauci <\/strong>\u2013 deixou o PSB e se filiou ao PSD<\/li>\n<\/ul>\n<ul>\n<li><strong>Lu\u00eds Fran\u00e7a<\/strong> \u2013 deixou o PSB e se filiou ao PSD<\/li>\n<\/ul>\n<ul>\n<li><strong>Paulo Modas<\/strong> \u2013 deixou o Uni\u00e3o Brasil e se filiou ao PSD<\/li>\n<\/ul>\n<ul>\n<li><strong>Ramon Faustino <\/strong>\u2013 \u2013 deixou o PSol e se filiou ao PDT<\/li>\n<\/ul>\n<h4 class=\"wp-block-heading\"><strong>O que \u00e9 a janela?<\/strong><\/h4>\n<p>Ao longo de 30 dias, vereadoras e vereadores puderam trocar de partido sem perder o mandato. A janela partid\u00e1ria \u00e9 aberta somente em anos eleitorais pelo per\u00edodo de 30 dias em que as pessoas que det\u00eam mandatos eletivos obtidos em pleitos proporcionais \u2013 como vereadores, por exemplo \u2013 podem mudar de legenda sem perder o cargo.<\/p>\n<p>Al\u00e9m da janela partid\u00e1ria, existem outras duas situa\u00e7\u00f5es que permitem a mudan\u00e7a de legenda com base em justa causa: o desvio do programa partid\u00e1rio ou grave discrimina\u00e7\u00e3o pessoal.<\/p>\n<p>SAIBA MAIS<br \/>Em ano de elei\u00e7\u00e3o, nomes do alto escal\u00e3o da Prefeitura de Ribeir\u00e3o s\u00e3o exonerados<\/p>\n<h4 class=\"wp-block-heading\"><strong>FIQUE ON<\/strong><\/h4>\n<p>Fique ligado em tudo que acontece em Ribeir\u00e3o Preto e regi\u00e3o. Siga os perfis do <strong>acidade on<\/strong> no<a href=\"https:\/\/www.instagram.com\/acidadeonribeirao\" target=\"_blank\" rel=\"noreferrer noopener nofollow\"> Instagram<\/a> e no <a href=\"https:\/\/www.facebook.com\/acidadeonribeirao\" target=\"_blank\" rel=\"noreferrer noopener\">Facebook<\/a>.<\/p>\n<p>Receba not\u00edcias do<strong> acidade on<\/strong> no WhatsApp. <a href=\"https:\/\/chat.whatsapp.com\/GFH9HUMUTHNFJdnyEd0xxq\" target=\"_blank\" rel=\"noreferrer noopener nofollow\">Para entrar no grupo, basta clicar aqui.<\/a><\/p>\n<p>Fa\u00e7a uma den\u00fancia ou sugira uma reportagem sobre Ribeir\u00e3o Preto e regi\u00e3o pelo WhatsApp: 16 99117 7802.<\/p>\n<p>VEJA TAMB\u00c9M<br \/>Que horas come\u00e7a o eclipse solar total desta segunda-feira?<\/p>\n<p><!-- AI CONTENT END 1 -->\n<\/div>\n<\/div>\n<p><script async src=\"\/\/www.instagram.com\/embed.js\"><\/script><br \/>\n<br \/><br \/>\n<br \/><a href=\"https:\/\/www.acidadeon.com\/ribeiraopreto\/politica\/janela-partidaria-provoca-danca-cadeiras-camara-de-ribeirao-preto\/\">Source link <\/a><\/p>\n<div class='code-block code-block-4' style='margin: 8px auto 8px 0; text-align: left; display: block; clear: both;'>\n\ud83d\udce2 Aviso Legal\n\nO site ismaelcolosi.com.br atua apenas como um canal de divulga\u00e7\u00e3o de oportunidades de emprego e n\u00e3o se responsabiliza pelo processo seletivo, contrata\u00e7\u00e3o ou qualquer outra etapa relacionada \u00e0s vagas publicadas. Todas as informa\u00e7\u00f5es s\u00e3o de responsabilidade dos anunciantes.\n\n\u26a0\ufe0f Aten\u00e7\u00e3o! Nunca pague por promessas de emprego nem compre cursos que garantam contrata\u00e7\u00e3o. Desconfie de qualquer cobran\u00e7a para participar de sele\u00e7\u00f5es.\n\n\n<div data-type=\"_mgwidget\" data-widget-id=\"2000896\">\n<\/div>\n<script>(function(w,q){w[q]=w[q]||[];w[q].push([\"_mgc.load\"])})(window,\"_mgq\");\n<\/script>\n<\/div>\n<!-- CONTENT END 1 -->\n","protected":false},"excerpt":{"rendered":"<p>A janela partid\u00e1ria de 2024 terminou na \u00faltima sexta-feira (5) e, com isso, a configura\u00e7\u00e3o da C\u00e2mara Municipal de Ribeir\u00e3o Preto teve mudan\u00e7as. Ao todo,&#8230;<\/p>\n","protected":false},"author":1,"featured_media":40163,"comment_status":"open","ping_status":"open","sticky":false,"template":"","format":"standard","meta":{"_uag_custom_page_level_css":"","jetpack_post_was_ever_published":false,"_jetpack_newsletter_access":"","_jetpack_dont_email_post_to_subs":false,"_jetpack_newsletter_tier_id":0,"_jetpack_memberships_contains_paywalled_content":false,"_jetpack_memberships_contains_paid_content":false,"footnotes":"","jetpack_publicize_message":"","jetpack_publicize_feature_enabled":true,"jetpack_social_post_already_shared":true,"jetpack_social_options":{"image_generator_settings":{"template":"highway","default_image_id":0,"font":"","enabled":false},"version":2}},"categories":[11],"tags":[],"class_list":["post-45780","post","type-post","status-publish","format-standard","has-post-thumbnail","hentry","category-noticias-de-ribeirao-preto-sp-e-regiao-ismael-colosi"],"aioseo_notices":[],"jetpack_publicize_connections":[],"jetpack_featured_media_url":"https:\/\/i0.wp.com\/ismaelcolosi.com.br\/wp-content\/uploads\/2024\/03\/AnyConv.com__camara-ribeirao-preto.webp.webp?fit=2048%2C1365&ssl=1","uagb_featured_image_src":{"full":["https:\/\/i0.wp.com\/ismaelcolosi.com.br\/wp-content\/uploads\/2024\/03\/AnyConv.com__camara-ribeirao-preto.webp.webp?fit=2048%2C1365&ssl=1",2048,1365,false],"thumbnail":["https:\/\/i0.wp.com\/ismaelcolosi.com.br\/wp-content\/uploads\/2024\/03\/AnyConv.com__camara-ribeirao-preto.webp.webp?resize=150%2C150&ssl=1",150,150,true],"medium":["https:\/\/i0.wp.com\/ismaelcolosi.com.br\/wp-content\/uploads\/2024\/03\/AnyConv.com__camara-ribeirao-preto.webp.webp?fit=300%2C200&ssl=1",300,200,true],"medium_large":["https:\/\/i0.wp.com\/ismaelcolosi.com.br\/wp-content\/uploads\/2024\/03\/AnyConv.com__camara-ribeirao-preto.webp.webp?fit=768%2C512&ssl=1",768,512,true],"large":["https:\/\/i0.wp.com\/ismaelcolosi.com.br\/wp-content\/uploads\/2024\/03\/AnyConv.com__camara-ribeirao-preto.webp.webp?fit=1024%2C683&ssl=1",1024,683,true],"1536x1536":["https:\/\/i0.wp.com\/ismaelcolosi.com.br\/wp-content\/uploads\/2024\/03\/AnyConv.com__camara-ribeirao-preto.webp.webp?fit=1536%2C1024&ssl=1",1536,1024,true],"2048x2048":["https:\/\/i0.wp.com\/ismaelcolosi.com.br\/wp-content\/uploads\/2024\/03\/AnyConv.com__camara-ribeirao-preto.webp.webp?fit=2048%2C1365&ssl=1",2048,1365,true],"really-simple-thumb":["https:\/\/i0.wp.com\/ismaelcolosi.com.br\/wp-content\/uploads\/2024\/03\/AnyConv.com__camara-ribeirao-preto.webp.webp?resize=370%2C247&ssl=1",370,247,true]},"uagb_author_info":{"display_name":"ismaelcolosi.com.br","author_link":"https:\/\/ismaelcolosi.com.br\/index.php\/author\/vidareal-online\/"},"uagb_comment_info":0,"uagb_excerpt":"A janela partid\u00e1ria de 2024 terminou na \u00faltima sexta-feira (5) e, com isso, a configura\u00e7\u00e3o da C\u00e2mara Municipal de Ribeir\u00e3o Preto teve mudan\u00e7as. Ao todo,...","jetpack-related-posts":[{"id":45598,"url":"https:\/\/ismaelcolosi.com.br\/index.php\/2024\/04\/05\/nove-integrantes-deixam-o-governo\/","url_meta":{"origin":45780,"position":0},"title":"Nove integrantes deixam o governo","author":"ismaelcolosi.com.br","date":"5 de April de 2024","format":false,"excerpt":"Nove integrantes do alto escal\u00e3o do governo Duarte Nogueira (PSDB) pediram exonera\u00e7\u00e3o de seus cargos. Os desligamentos foram publicados no Di\u00e1rio Oficial do Munic\u00edpio (DOM) de quarta-feira (3). A debandada tem rela\u00e7\u00e3o direta com as elei\u00e7\u00f5es municipais deste ano. V\u00e1rios pretendem disputar uma vaga na C\u00e2mara de Vereadores e outros\u2026","rel":"","context":"In &quot;Not\u00edcias de Ribeir\u00e3o Preto-SP e Regi\u00e3o&quot;","block_context":{"text":"Not\u00edcias de Ribeir\u00e3o Preto-SP e Regi\u00e3o","link":"https:\/\/ismaelcolosi.com.br\/index.php\/category\/noticias-de-ribeirao-preto-sp-e-regiao-ismael-colosi\/"},"img":{"alt_text":"","src":"https:\/\/i0.wp.com\/ismaelcolosi.com.br\/wp-content\/uploads\/2024\/04\/Prefeitura-de-RP-Foto-CCS-scaled.jpeg?fit=970%2C645&ssl=1&resize=350%2C200","width":350,"height":200,"srcset":"https:\/\/i0.wp.com\/ismaelcolosi.com.br\/wp-content\/uploads\/2024\/04\/Prefeitura-de-RP-Foto-CCS-scaled.jpeg?fit=970%2C645&ssl=1&resize=350%2C200 1x, https:\/\/i0.wp.com\/ismaelcolosi.com.br\/wp-content\/uploads\/2024\/04\/Prefeitura-de-RP-Foto-CCS-scaled.jpeg?fit=970%2C645&ssl=1&resize=525%2C300 1.5x, https:\/\/i0.wp.com\/ismaelcolosi.com.br\/wp-content\/uploads\/2024\/04\/Prefeitura-de-RP-Foto-CCS-scaled.jpeg?fit=970%2C645&ssl=1&resize=700%2C400 2x"},"classes":[]},{"id":45035,"url":"https:\/\/ismaelcolosi.com.br\/index.php\/2024\/04\/01\/prefeitura-deve-perder-cinco-secretarios\/","url_meta":{"origin":45780,"position":1},"title":"Prefeitura deve perder cinco secret\u00e1rios","author":"ismaelcolosi.com.br","date":"1 de April de 2024","format":false,"excerpt":"1 de abril de 2024 | 17:081 de abril de 2024 | 17:46 0 Pelo menos cinco secret\u00e1rios municipais devem deixar o governo do prefeito Duarte Nogueira (PSDB) at\u00e9 a pr\u00f3xima sexta-feira, 5 de abril. Nesta data termina o prazo para quem ocupa cargo comissionado e pretende disputar a elei\u00e7\u00e3o\u2026","rel":"","context":"In &quot;Not\u00edcias de Ribeir\u00e3o Preto-SP e Regi\u00e3o&quot;","block_context":{"text":"Not\u00edcias de Ribeir\u00e3o Preto-SP e Regi\u00e3o","link":"https:\/\/ismaelcolosi.com.br\/index.php\/category\/noticias-de-ribeirao-preto-sp-e-regiao-ismael-colosi\/"},"img":{"alt_text":"","src":"https:\/\/i0.wp.com\/ismaelcolosi.com.br\/wp-content\/uploads\/2024\/04\/prefeitura.jpg?fit=800%2C500&ssl=1&resize=350%2C200","width":350,"height":200,"srcset":"https:\/\/i0.wp.com\/ismaelcolosi.com.br\/wp-content\/uploads\/2024\/04\/prefeitura.jpg?fit=800%2C500&ssl=1&resize=350%2C200 1x, https:\/\/i0.wp.com\/ismaelcolosi.com.br\/wp-content\/uploads\/2024\/04\/prefeitura.jpg?fit=800%2C500&ssl=1&resize=525%2C300 1.5x, https:\/\/i0.wp.com\/ismaelcolosi.com.br\/wp-content\/uploads\/2024\/04\/prefeitura.jpg?fit=800%2C500&ssl=1&resize=700%2C400 2x"},"classes":[]},{"id":44620,"url":"https:\/\/ismaelcolosi.com.br\/index.php\/2024\/03\/28\/bertinho-scandiuzzi-deixa-o-psdb\/","url_meta":{"origin":45780,"position":2},"title":"Bertinho Scandiuzzi deixa o PSDB","author":"ismaelcolosi.com.br","date":"28 de March de 2024","format":false,"excerpt":"28 de mar\u00e7o de 2024 | 17:45 0 O vereador de Ribeir\u00e3o Preto, Bertinho Scandiuzzi deixou o PSDB nesta quinta-feira, 28 de mar\u00e7o e migrou para o PSD, do deputado federal Ricardo Silva e de seu pai, o deputado estadual, Rafael Silva. Esta semana outros dois vereadores j\u00e1 haviam anunciado\u2026","rel":"","context":"In &quot;Not\u00edcias de Ribeir\u00e3o Preto-SP e Regi\u00e3o&quot;","block_context":{"text":"Not\u00edcias de Ribeir\u00e3o Preto-SP e Regi\u00e3o","link":"https:\/\/ismaelcolosi.com.br\/index.php\/category\/noticias-de-ribeirao-preto-sp-e-regiao-ismael-colosi\/"},"img":{"alt_text":"","src":"https:\/\/i0.wp.com\/ismaelcolosi.com.br\/wp-content\/uploads\/2024\/03\/2b0432b5-d320-4908-8192-6fb85d1029a0.jpg?fit=696%2C1200&ssl=1&resize=350%2C200","width":350,"height":200,"srcset":"https:\/\/i0.wp.com\/ismaelcolosi.com.br\/wp-content\/uploads\/2024\/03\/2b0432b5-d320-4908-8192-6fb85d1029a0.jpg?fit=696%2C1200&ssl=1&resize=350%2C200 1x, https:\/\/i0.wp.com\/ismaelcolosi.com.br\/wp-content\/uploads\/2024\/03\/2b0432b5-d320-4908-8192-6fb85d1029a0.jpg?fit=696%2C1200&ssl=1&resize=525%2C300 1.5x"},"classes":[]},{"id":41260,"url":"https:\/\/ismaelcolosi.com.br\/index.php\/2024\/03\/07\/sete-vereadores-podem-trocar-de-partido\/","url_meta":{"origin":45780,"position":3},"title":"Sete vereadores podem trocar de partido\u00a0","author":"ismaelcolosi.com.br","date":"7 de March de 2024","format":false,"excerpt":"7 de mar\u00e7o de 2024 | 11:006 de mar\u00e7o de 2024 | 20:00 0Ao menos sete vereadores de Ribeir\u00e3o Preto \u2013 31,8% da C\u00e2mara, que conta com 22 cadeiras \u2013 devem trocar de legenda durante a janela eleitoral, que come\u00e7a nesta quinta-feira, 7 de mar\u00e7o, e vai at\u00e9 5 de\u2026","rel":"","context":"In &quot;Not\u00edcias de Ribeir\u00e3o Preto-SP e Regi\u00e3o&quot;","block_context":{"text":"Not\u00edcias de Ribeir\u00e3o Preto-SP e Regi\u00e3o","link":"https:\/\/ismaelcolosi.com.br\/index.php\/category\/noticias-de-ribeirao-preto-sp-e-regiao-ismael-colosi\/"},"img":{"alt_text":"","src":"https:\/\/i0.wp.com\/ismaelcolosi.com.br\/wp-content\/uploads\/2024\/03\/tse_1908200982-1-scaled.jpg?fit=1000%2C598&ssl=1&resize=350%2C200","width":350,"height":200,"srcset":"https:\/\/i0.wp.com\/ismaelcolosi.com.br\/wp-content\/uploads\/2024\/03\/tse_1908200982-1-scaled.jpg?fit=1000%2C598&ssl=1&resize=350%2C200 1x, https:\/\/i0.wp.com\/ismaelcolosi.com.br\/wp-content\/uploads\/2024\/03\/tse_1908200982-1-scaled.jpg?fit=1000%2C598&ssl=1&resize=525%2C300 1.5x, https:\/\/i0.wp.com\/ismaelcolosi.com.br\/wp-content\/uploads\/2024\/03\/tse_1908200982-1-scaled.jpg?fit=1000%2C598&ssl=1&resize=700%2C400 2x"},"classes":[]},{"id":58131,"url":"https:\/\/ismaelcolosi.com.br\/index.php\/2024\/07\/28\/psd-confirma-ricardo-silva-como-candidato-a-prefeitura-de-ribeirao-preto\/","url_meta":{"origin":45780,"position":4},"title":"PSD confirma Ricardo Silva como candidato \u00e0 Prefeitura de Ribeir\u00e3o Preto","author":"ismaelcolosi.com.br","date":"28 de July de 2024","format":false,"excerpt":"O PSD oficializou o deputado federal Ricardo Silva como candidato \u00e0 Prefeitura de Ribeir\u00e3o Preto. O an\u00fancio aconteceu durante conven\u00e7\u00e3o partid\u00e1ria neste domingo (28) na C\u00e2mara Municipal. O candidato a vice-prefeito ser\u00e1 Alessandro Maraca, do MDB. \u201cFoi lindo ver a C\u00e2mara lotada por quem quer uma Ribeir\u00e3o mais humana, ouvindo\u2026","rel":"","context":"In &quot;Not\u00edcias de Ribeir\u00e3o Preto-SP e Regi\u00e3o&quot;","block_context":{"text":"Not\u00edcias de Ribeir\u00e3o Preto-SP e Regi\u00e3o","link":"https:\/\/ismaelcolosi.com.br\/index.php\/category\/noticias-de-ribeirao-preto-sp-e-regiao-ismael-colosi\/"},"img":{"alt_text":"","src":"https:\/\/i0.wp.com\/ismaelcolosi.com.br\/wp-content\/uploads\/2024\/07\/ricardo-silva_2024-07-28_16-54-00_jpeg_2024-07-28_16-54-02-scaled.webp.webp?fit=1200%2C675&ssl=1&resize=350%2C200","width":350,"height":200,"srcset":"https:\/\/i0.wp.com\/ismaelcolosi.com.br\/wp-content\/uploads\/2024\/07\/ricardo-silva_2024-07-28_16-54-00_jpeg_2024-07-28_16-54-02-scaled.webp.webp?fit=1200%2C675&ssl=1&resize=350%2C200 1x, https:\/\/i0.wp.com\/ismaelcolosi.com.br\/wp-content\/uploads\/2024\/07\/ricardo-silva_2024-07-28_16-54-00_jpeg_2024-07-28_16-54-02-scaled.webp.webp?fit=1200%2C675&ssl=1&resize=525%2C300 1.5x, https:\/\/i0.wp.com\/ismaelcolosi.com.br\/wp-content\/uploads\/2024\/07\/ricardo-silva_2024-07-28_16-54-00_jpeg_2024-07-28_16-54-02-scaled.webp.webp?fit=1200%2C675&ssl=1&resize=700%2C400 2x, https:\/\/i0.wp.com\/ismaelcolosi.com.br\/wp-content\/uploads\/2024\/07\/ricardo-silva_2024-07-28_16-54-00_jpeg_2024-07-28_16-54-02-scaled.webp.webp?fit=1200%2C675&ssl=1&resize=1050%2C600 3x"},"classes":[]},{"id":25231,"url":"https:\/\/ismaelcolosi.com.br\/index.php\/2024\/01\/06\/morreu-neste-sabado-o-ex-deputado-campos-machado-aos-84-anos\/","url_meta":{"origin":45780,"position":5},"title":"Morreu neste s\u00e1bado o ex-deputado Campos Machado, aos 84 anos","author":"ismaelcolosi.com.br","date":"6 de January de 2024","format":false,"excerpt":"6 de janeiro de 2024 | 10:35 0Morreu neste s\u00e1bado (6), aos 84 anos, o ex-deputado Ant\u00f4nio Carlos de Campos Machado. Em nota, a fam\u00edlia informou que o parlamentar \u201clutou bravamente nos \u00faltimos dias contra um quadro grave de leucemia\u201dEm nota, a Assembleia Legislativa de S\u00e3o Paulo lamentou a morte\u2026","rel":"","context":"In &quot;Not\u00edcias de Ribeir\u00e3o Preto-SP e Regi\u00e3o&quot;","block_context":{"text":"Not\u00edcias de Ribeir\u00e3o Preto-SP e Regi\u00e3o","link":"https:\/\/ismaelcolosi.com.br\/index.php\/category\/noticias-de-ribeirao-preto-sp-e-regiao-ismael-colosi\/"},"img":{"alt_text":"","src":"https:\/\/i0.wp.com\/ismaelcolosi.com.br\/wp-content\/uploads\/2024\/01\/15c554ee-806d-4252-bf2a-b412c0042f7e-scaled.jpg?fit=1000%2C577&ssl=1&resize=350%2C200","width":350,"height":200,"srcset":"https:\/\/i0.wp.com\/ismaelcolosi.com.br\/wp-content\/uploads\/2024\/01\/15c554ee-806d-4252-bf2a-b412c0042f7e-scaled.jpg?fit=1000%2C577&ssl=1&resize=350%2C200 1x, https:\/\/i0.wp.com\/ismaelcolosi.com.br\/wp-content\/uploads\/2024\/01\/15c554ee-806d-4252-bf2a-b412c0042f7e-scaled.jpg?fit=1000%2C577&ssl=1&resize=525%2C300 1.5x, https:\/\/i0.wp.com\/ismaelcolosi.com.br\/wp-content\/uploads\/2024\/01\/15c554ee-806d-4252-bf2a-b412c0042f7e-scaled.jpg?fit=1000%2C577&ssl=1&resize=700%2C400 2x"},"classes":[]}],"jetpack_sharing_enabled":true,"jetpack_shortlink":"https:\/\/wp.me\/pfMlyK-bUo","_links":{"self":[{"href":"https:\/\/ismaelcolosi.com.br\/index.php\/wp-json\/wp\/v2\/posts\/45780","targetHints":{"allow":["GET"]}}],"collection":[{"href":"https:\/\/ismaelcolosi.com.br\/index.php\/wp-json\/wp\/v2\/posts"}],"about":[{"href":"https:\/\/ismaelcolosi.com.br\/index.php\/wp-json\/wp\/v2\/types\/post"}],"author":[{"embeddable":true,"href":"https:\/\/ismaelcolosi.com.br\/index.php\/wp-json\/wp\/v2\/users\/1"}],"replies":[{"embeddable":true,"href":"https:\/\/ismaelcolosi.com.br\/index.php\/wp-json\/wp\/v2\/comments?post=45780"}],"version-history":[{"count":0,"href":"https:\/\/ismaelcolosi.com.br\/index.php\/wp-json\/wp\/v2\/posts\/45780\/revisions"}],"wp:featuredmedia":[{"embeddable":true,"href":"https:\/\/ismaelcolosi.com.br\/index.php\/wp-json\/wp\/v2\/media\/40163"}],"wp:attachment":[{"href":"https:\/\/ismaelcolosi.com.br\/index.php\/wp-json\/wp\/v2\/media?parent=45780"}],"wp:term":[{"taxonomy":"category","embeddable":true,"href":"https:\/\/ismaelcolosi.com.br\/index.php\/wp-json\/wp\/v2\/categories?post=45780"},{"taxonomy":"post_tag","embeddable":true,"href":"https:\/\/ismaelcolosi.com.br\/index.php\/wp-json\/wp\/v2\/tags?post=45780"}],"curies":[{"name":"wp","href":"https:\/\/api.w.org\/{rel}","templated":true}]}}