{"id":4570,"date":"2023-11-21T19:44:12","date_gmt":"2023-11-21T22:44:12","guid":{"rendered":"https:\/\/ismaelcolosi.com.br\/index.php\/2023\/11\/21\/bndes-lanca-cartao-e-beneficios-incriveis-para-quem-e-mei\/"},"modified":"2023-11-21T19:44:12","modified_gmt":"2023-11-21T22:44:12","slug":"bndes-lanca-cartao-e-beneficios-incriveis-para-quem-e-mei","status":"publish","type":"post","link":"https:\/\/ismaelcolosi.com.br\/index.php\/2023\/11\/21\/bndes-lanca-cartao-e-beneficios-incriveis-para-quem-e-mei\/","title":{"rendered":"BNDES lan\u00e7a cart\u00e3o e benef\u00edcios INCR\u00cdVEIS para quem \u00e9 MEI"},"content":{"rendered":"<p> <br \/>\n<\/p>\n<div>\n<p>O <a href=\"https:\/\/noticiasdemogi.com.br\/tag\/bndes\" target=\"_blank\" rel=\"noopener\">Banco Nacional do Desenvolvimento (BNDES)<\/a> se destaca por oferecer condi\u00e7\u00f5es especiais para cart\u00e3o de cr\u00e9dito e empr\u00e9stimo a <a href=\"https:\/\/catracalivre.com.br\/cidadania\/como-regularizar-declaracao-anual-do-mei-apos-perda-do-prazo-para-entrega\/\" target=\"_blank\" rel=\"noopener\">microempreendedor individual (MEI)<\/a> ou a pequenas empresas.<\/p>\n<div id=\"attachment_2277828\" class=\"wp-caption alignnone\">\n<div class=\"d-flex justify-content-center\" data-attachment-id=\"2277828\">\n<div class=\"position-relative d-inline-block\"><img data-recalc-dims=\"1\" data-portal-copyright=\"Divulga\u00e7\u00e3o\/Cart\u00e3o BNDES \" decoding=\"async\" fetchpriority=\"high\" class=\"size-full wp-image-2277828\" src=\"https:\/\/i0.wp.com\/catracalivre.com.br\/wp-content\/uploads\/2023\/06\/fotos-catraca-36.png?resize=1200%2C660&#038;ssl=1\" alt=\"O cart\u00e3o BNDES est\u00e1 dispon\u00edvel para microempreendedor individual (MEI) ou pequenas empresas\" width=\"1200\" height=\"660\" srcset=\"https:\/\/catracalivre.com.br\/wp-content\/uploads\/2023\/06\/fotos-catraca-36.png 1200w, https:\/\/catracalivre.com.br\/wp-content\/uploads\/2023\/06\/fotos-catraca-36-450x248.png 450w, https:\/\/catracalivre.com.br\/wp-content\/uploads\/2023\/06\/fotos-catraca-36-768x422.png 768w\" sizes=\"(max-width: 1200px) 100vw, 1200px\"\/><\/p><div class='code-block code-block-8' style='margin: 8px auto; text-align: center; display: block; clear: both;'>\n<script>\n  atOptions = {\n    'key' : '66e2e2111ca34da796271819fc334058',\n    'format' : 'iframe',\n    'height' : 250,\n    'width' : 300,\n    'params' : {}\n  };\n<\/script>\n<script src=\"https:\/\/www.highperformanceformat.com\/66e2e2111ca34da796271819fc334058\/invoke.js\"><\/script>\n<\/div>\n\n<p>Cr\u00e9ditos: Divulga\u00e7\u00e3o\/Cart\u00e3o BNDES <\/p>\n<\/div>\n<\/div>\n<p><span class=\"post-imagem__legenda\">O cart\u00e3o BNDES est\u00e1 dispon\u00edvel para microempreendedor individual (MEI) ou pequenas empresas<\/span><\/p>\n<\/div>\n<h3>Empr\u00e9stimo do BNDES<\/h3>\n<p>Microcr\u00e9dito \u00e9 o nome do empr\u00e9stimo do BNDES para MEI e pequenas empresas, que pode chegar a R$ 20 mil.<\/p>\n<p>Al\u00e9m disso, o cr\u00e9dito pode ser aplicado em capital de giro e investimentos, que incluem obras, aquisi\u00e7\u00e3o de m\u00e1quinas e equipamentos novos ou usados, e compra de insumos e materiais.<\/p>\n<p>\u00c9 cobrada uma taxa de juros, negociada entre o banco e o cliente, sem exceder 4% mensal, al\u00e9m da taxa administrativa de 3%, cobrada no ato da contrata\u00e7\u00e3o.<\/p>\n<p>O empr\u00e9stimo est\u00e1 dispon\u00edvel para quem obt\u00e9m receita bruta igual ou inferior a R$ 360 mil em cada ano-calend\u00e1rio, sendo solicitado atrav\u00e9s do <a href=\"https:\/\/ws.bndes.gov.br\/canal-mpme\/#\/home\" target=\"_blank\" rel=\"noopener\">Canal MPME.<\/a><\/p>\n<h3>Cart\u00e3o de cr\u00e9dito do BNDES<\/h3>\n<p>O cart\u00e3o de cr\u00e9dito do BNDES tem limite de at\u00e9 R$ 2 milh\u00f5es, sendo que os empreendedores t\u00eam 48 meses para pagar as compras feitas em parcelas mensais e fixas.<\/p>\n<p>O recurso possui cr\u00e9dito pr\u00e9-aprovado para aquisi\u00e7\u00e3o de bens e servi\u00e7os credenciados, como m\u00e1quinas e equipamentos; insumos para produ\u00e7\u00e3o; materiais para constru\u00e7\u00e3o; mobili\u00e1rio; eletr\u00f4nicos; ve\u00edculos; entre outros.<\/p>\n<p>A taxa de juros do cart\u00e3o acaba sendo atualizada todos os meses e, em junho de 2023, est\u00e1 em 1.5% a.m.<\/p>\n<p>Para ter acesso ao cart\u00e3o \u00e9 necess\u00e1rio possuir CNPJ e ser:<\/p>\n<ul>\n<li>microempreendedores individuais (MEI);<\/li>\n<li>micro, pequenas e m\u00e9dias empresas (MPME);<\/li>\n<li>clubes, sindicatos e associa\u00e7\u00f5es.<\/li>\n<\/ul>\n<p>Tamb\u00e9m \u00e9 necess\u00e1rio que a empresa seja de controle nacional, tenha faturamento de at\u00e9 R$ 300 milh\u00f5es anuais e esteja em dia com tributos federais.<\/p>\n<p>J\u00e1 no caso de quem \u00e9 MEI, o faturamento anual n\u00e3o poder\u00e1 ultrapassar R$ 360 mil ao ano.<\/p>\n<h3>Como solicitar o cart\u00e3o do BNDES?<\/h3>\n<ul>\n<li>Primeiro, entre no Portal de Opera\u00e7\u00f5es do Cart\u00e3o BNDES clicando <a href=\"http:\/\/www.cartaobndes.gov.br\/\" target=\"_blank\" rel=\"noopener\">aqui<\/a>;<\/li>\n<li>Ent\u00e3o, escolha a op\u00e7\u00e3o \u201cSolicite seu Cart\u00e3o BNDES\u201d;<\/li>\n<li>Em seguida, preencha as informa\u00e7\u00f5es e clique na op\u00e7\u00e3o \u201cEnviar\u201d;<\/li>\n<li>Agora, \u00e9 necess\u00e1rio ir at\u00e9 um banco comercial emissor do Cart\u00e3o BNDES, onde sua empresa possua conta jur\u00eddica, levando a documenta\u00e7\u00e3o necess\u00e1ria.<\/li>\n<\/ul>\n<p>Vale destacar que empresas n\u00e3o correntistas poder\u00e3o solicitar o Cart\u00e3o BNDES, por meio do site <a href=\"http:\/\/www.cartaobndes.gov.br\/\" target=\"_blank\" rel=\"noopener\">www.cartaobndes.gov.br<\/a>, enquanto providenciam a abertura de conta corrente no banco credenciado de sua prefer\u00eancia.<\/p>\n<\/div>\n<p><script>\n\t\t! function(f, b, e, v, n, t, s) {\n\t\t\tif (f.fbq) return;\n\t\t\tn = f.fbq = function() {\n\t\t\t\tn.callMethod ?\n\t\t\t\t\tn.callMethod.apply(n, arguments) : n.queue.push(arguments)\n\t\t\t};\n\t\t\tif (!f._fbq) f._fbq = n;\n\t\t\tn.push = n;\n\t\t\tn.loaded = !0;\n\t\t\tn.version = '2.0';\n\t\t\tn.queue = [];\n\t\t\tt = b.createElement(e);\n\t\t\tt.async = !0;\n\t\t\tt.src = v;\n\t\t\ts = b.getElementsByTagName(e)[0];\n\t\t\ts.parentNode.insertBefore(t, s)\n\t\t}(window, document, 'script',\n\t\t\t'https:\/\/connect.facebook.net\/en_US\/fbevents.js');\n\t\tfbq('init', '338315473262380');\n\t\tfbq('track', 'PageView');\n\t<\/script><br \/>\n<br \/><br \/>\n<br \/><a href=\"https:\/\/catracalivre.com.br\/cidadania\/bndes-lanca-cartao-e-beneficios-incriveis-para-quem-e-mei\/\">Source link <\/a><\/p>\n<div class='code-block code-block-4' style='margin: 8px auto 8px 0; text-align: left; display: block; clear: both;'>\n\ud83d\udce2 Aviso Legal\n\nO site ismaelcolosi.com.br atua apenas como um canal de divulga\u00e7\u00e3o de oportunidades de emprego e n\u00e3o se responsabiliza pelo processo seletivo, contrata\u00e7\u00e3o ou qualquer outra etapa relacionada \u00e0s vagas publicadas. Todas as informa\u00e7\u00f5es s\u00e3o de responsabilidade dos anunciantes.\n\n\u26a0\ufe0f Aten\u00e7\u00e3o! Nunca pague por promessas de emprego nem compre cursos que garantam contrata\u00e7\u00e3o. Desconfie de qualquer cobran\u00e7a para participar de sele\u00e7\u00f5es.\n\n\n\n<\/div>\n<!-- CONTENT END 1 -->\n","protected":false},"excerpt":{"rendered":"<p>O Banco Nacional do Desenvolvimento (BNDES) se destaca por oferecer condi\u00e7\u00f5es especiais para cart\u00e3o de cr\u00e9dito e empr\u00e9stimo a microempreendedor individual (MEI) ou a pequenas&#8230;<\/p>\n","protected":false},"author":1,"featured_media":4571,"comment_status":"open","ping_status":"open","sticky":false,"template":"","format":"standard","meta":{"_uag_custom_page_level_css":"","advanced_seo_description":"","jetpack_seo_html_title":"","jetpack_seo_noindex":false,"jetpack_post_was_ever_published":false,"_jetpack_newsletter_access":"","_jetpack_dont_email_post_to_subs":false,"_jetpack_newsletter_tier_id":0,"_jetpack_memberships_contains_paywalled_content":false,"_jetpack_memberships_contains_paid_content":false,"footnotes":"","jetpack_publicize_message":"","jetpack_publicize_feature_enabled":true,"jetpack_social_post_already_shared":true,"jetpack_social_options":{"image_generator_settings":{"template":"highway","default_image_id":0,"font":"","enabled":false},"version":2}},"categories":[19],"tags":[],"class_list":["post-4570","post","type-post","status-publish","format-standard","has-post-thumbnail","hentry","category-variedades"],"jetpack_publicize_connections":[],"jetpack_featured_media_url":"https:\/\/i0.wp.com\/ismaelcolosi.com.br\/wp-content\/uploads\/2023\/11\/fotos-catraca-36.png?fit=1200%2C638&ssl=1","uagb_featured_image_src":{"full":["https:\/\/i0.wp.com\/ismaelcolosi.com.br\/wp-content\/uploads\/2023\/11\/fotos-catraca-36.png?fit=1200%2C638&ssl=1",1200,638,false],"thumbnail":["https:\/\/i0.wp.com\/ismaelcolosi.com.br\/wp-content\/uploads\/2023\/11\/fotos-catraca-36.png?resize=150%2C150&ssl=1",150,150,true],"medium":["https:\/\/i0.wp.com\/ismaelcolosi.com.br\/wp-content\/uploads\/2023\/11\/fotos-catraca-36.png?fit=300%2C160&ssl=1",300,160,true],"medium_large":["https:\/\/i0.wp.com\/ismaelcolosi.com.br\/wp-content\/uploads\/2023\/11\/fotos-catraca-36.png?fit=768%2C408&ssl=1",768,408,true],"large":["https:\/\/i0.wp.com\/ismaelcolosi.com.br\/wp-content\/uploads\/2023\/11\/fotos-catraca-36.png?fit=1024%2C544&ssl=1",1024,544,true],"1536x1536":["https:\/\/i0.wp.com\/ismaelcolosi.com.br\/wp-content\/uploads\/2023\/11\/fotos-catraca-36.png?fit=1200%2C638&ssl=1",1200,638,true],"2048x2048":["https:\/\/i0.wp.com\/ismaelcolosi.com.br\/wp-content\/uploads\/2023\/11\/fotos-catraca-36.png?fit=1200%2C638&ssl=1",1200,638,true],"really-simple-thumb":["https:\/\/i0.wp.com\/ismaelcolosi.com.br\/wp-content\/uploads\/2023\/11\/fotos-catraca-36.png?resize=370%2C247&ssl=1",370,247,true]},"uagb_author_info":{"display_name":"ismaelcolosi.com.br","author_link":"https:\/\/ismaelcolosi.com.br\/index.php\/author\/vidareal-online\/"},"uagb_comment_info":0,"uagb_excerpt":"O Banco Nacional do Desenvolvimento (BNDES) se destaca por oferecer condi\u00e7\u00f5es especiais para cart\u00e3o de cr\u00e9dito e empr\u00e9stimo a microempreendedor individual (MEI) ou a pequenas...","jetpack-related-posts":[{"id":4731,"url":"https:\/\/ismaelcolosi.com.br\/index.php\/2023\/11\/22\/descubra-as-novidades-extraordinarias-que-o-bndes-tem-para-voce\/","url_meta":{"origin":4570,"position":0},"title":"Descubra as novidades EXTRAORDIN\u00c1RIAS que o BNDES tem para voc\u00ea","author":"ismaelcolosi.com.br","date":"22 de November de 2023","format":false,"excerpt":"O Banco Nacional do Desenvolvimento (BNDES) se destaca por oferecer condi\u00e7\u00f5es especiais para cart\u00e3o de cr\u00e9dito e empr\u00e9stimo a microempreendedor individual (MEI) ou a pequenas empresas. Cr\u00e9ditos: Istock\/KerkezMEI: Descubra as novidades EXTRAORDIN\u00c1RIAS que o BNDES tem para voc\u00ea Empr\u00e9stimo do BNDES Microcr\u00e9dito \u00e9 o nome do empr\u00e9stimo do BNDES para\u2026","rel":"","context":"In &quot;Variedades&quot;","block_context":{"text":"Variedades","link":"https:\/\/ismaelcolosi.com.br\/index.php\/category\/variedades\/"},"img":{"alt_text":"","src":"https:\/\/i0.wp.com\/ismaelcolosi.com.br\/wp-content\/uploads\/2023\/11\/istock-1260752753.jpg?fit=1200%2C638&ssl=1&resize=350%2C200","width":350,"height":200,"srcset":"https:\/\/i0.wp.com\/ismaelcolosi.com.br\/wp-content\/uploads\/2023\/11\/istock-1260752753.jpg?fit=1200%2C638&ssl=1&resize=350%2C200 1x, https:\/\/i0.wp.com\/ismaelcolosi.com.br\/wp-content\/uploads\/2023\/11\/istock-1260752753.jpg?fit=1200%2C638&ssl=1&resize=525%2C300 1.5x, https:\/\/i0.wp.com\/ismaelcolosi.com.br\/wp-content\/uploads\/2023\/11\/istock-1260752753.jpg?fit=1200%2C638&ssl=1&resize=700%2C400 2x, https:\/\/i0.wp.com\/ismaelcolosi.com.br\/wp-content\/uploads\/2023\/11\/istock-1260752753.jpg?fit=1200%2C638&ssl=1&resize=1050%2C600 3x"},"classes":[]},{"id":6947,"url":"https:\/\/ismaelcolosi.com.br\/index.php\/2023\/11\/27\/cartao-e-emprestimo-de-ate-r-20-mil\/","url_meta":{"origin":4570,"position":1},"title":"cart\u00e3o e empr\u00e9stimo de at\u00e9 R$ 20 mil","author":"ismaelcolosi.com.br","date":"27 de November de 2023","format":false,"excerpt":"Cr\u00e9ditos: Istock\/Weekend Images Inc.MEI: A melhor not\u00edcia para alavancar seu neg\u00f3cio acaba de chegar Ser um Microempreendedor Individual (MEI) no Brasil significa ter acesso a uma s\u00e9rie de benef\u00edcios, e agora, o Banco Nacional de Desenvolvimento Econ\u00f4mico e Social (BNDES) amplia essas vantagens ao anunciar uma modalidade especial de empr\u00e9stimo\u2026","rel":"","context":"In &quot;Variedades&quot;","block_context":{"text":"Variedades","link":"https:\/\/ismaelcolosi.com.br\/index.php\/category\/variedades\/"},"img":{"alt_text":"","src":"https:\/\/i0.wp.com\/ismaelcolosi.com.br\/wp-content\/uploads\/2023\/11\/1701092506_fortalecer-financas.jpg?fit=1200%2C638&ssl=1&resize=350%2C200","width":350,"height":200,"srcset":"https:\/\/i0.wp.com\/ismaelcolosi.com.br\/wp-content\/uploads\/2023\/11\/1701092506_fortalecer-financas.jpg?fit=1200%2C638&ssl=1&resize=350%2C200 1x, https:\/\/i0.wp.com\/ismaelcolosi.com.br\/wp-content\/uploads\/2023\/11\/1701092506_fortalecer-financas.jpg?fit=1200%2C638&ssl=1&resize=525%2C300 1.5x, https:\/\/i0.wp.com\/ismaelcolosi.com.br\/wp-content\/uploads\/2023\/11\/1701092506_fortalecer-financas.jpg?fit=1200%2C638&ssl=1&resize=700%2C400 2x, https:\/\/i0.wp.com\/ismaelcolosi.com.br\/wp-content\/uploads\/2023\/11\/1701092506_fortalecer-financas.jpg?fit=1200%2C638&ssl=1&resize=1050%2C600 3x"},"classes":[]},{"id":20330,"url":"https:\/\/ismaelcolosi.com.br\/index.php\/2023\/12\/25\/banco-anuncia-emprestimo-facilitado-para-mei-entenda\/","url_meta":{"origin":4570,"position":2},"title":"Banco anuncia empr\u00e9stimo facilitado para MEI; entenda","author":"ismaelcolosi.com.br","date":"25 de December de 2023","format":false,"excerpt":"Cr\u00e9ditos: Istock\/FG TradeGoverno prepara condi\u00e7\u00f5es SURPREENDENTES para quem \u00e9 MEI em 2024 O Microempreendedor Individual (MEI) no Brasil conta com diversos benef\u00edcios, e entre eles est\u00e1 a facilidade de acesso a empr\u00e9stimos banc\u00e1rios. Essa pr\u00e1tica se torna uma alternativa valiosa para impulsionar os neg\u00f3cios, especialmente em momentos que demandam capital\u2026","rel":"","context":"In &quot;Variedades&quot;","block_context":{"text":"Variedades","link":"https:\/\/ismaelcolosi.com.br\/index.php\/category\/variedades\/"},"img":{"alt_text":"","src":"https:\/\/i0.wp.com\/ismaelcolosi.com.br\/wp-content\/uploads\/2023\/12\/1703495743_istock-1491196684.jpg?fit=1200%2C638&ssl=1&resize=350%2C200","width":350,"height":200,"srcset":"https:\/\/i0.wp.com\/ismaelcolosi.com.br\/wp-content\/uploads\/2023\/12\/1703495743_istock-1491196684.jpg?fit=1200%2C638&ssl=1&resize=350%2C200 1x, https:\/\/i0.wp.com\/ismaelcolosi.com.br\/wp-content\/uploads\/2023\/12\/1703495743_istock-1491196684.jpg?fit=1200%2C638&ssl=1&resize=525%2C300 1.5x, https:\/\/i0.wp.com\/ismaelcolosi.com.br\/wp-content\/uploads\/2023\/12\/1703495743_istock-1491196684.jpg?fit=1200%2C638&ssl=1&resize=700%2C400 2x, https:\/\/i0.wp.com\/ismaelcolosi.com.br\/wp-content\/uploads\/2023\/12\/1703495743_istock-1491196684.jpg?fit=1200%2C638&ssl=1&resize=1050%2C600 3x"},"classes":[]},{"id":39073,"url":"https:\/\/ismaelcolosi.com.br\/index.php\/2024\/02\/23\/cresol-comemora-melhorias-anunciadas-pelo-bndes-e-ampliacao-do-procapcred-2\/","url_meta":{"origin":4570,"position":3},"title":"Cresol comemora melhorias anunciadas pelo BNDES e amplia\u00e7\u00e3o do Procapcred","author":"ismaelcolosi.com.br","date":"23 de February de 2024","format":false,"excerpt":"23 de fevereiro de 2024 | 8:49 0A institui\u00e7\u00e3o parceira apresentou medidas como aumento do or\u00e7amento e\u00a0 amplia\u00e7\u00e3o do acesso para PF no programa, entre outras novidadesDiretores da\u00a0Cresol\u00a0participaram na sexta-feira, 2, de evento promovido pelo\u00a0Banco Nacional de Desenvolvimento Econ\u00f4mico e Social (BNDES)\u00a0para apresentar melhorias no\u00a0Procapcred\u00a0e em condi\u00e7\u00f5es e alcance de\u2026","rel":"","context":"In &quot;Not\u00edcias de Ribeir\u00e3o Preto-SP e Regi\u00e3o&quot;","block_context":{"text":"Not\u00edcias de Ribeir\u00e3o Preto-SP e Regi\u00e3o","link":"https:\/\/ismaelcolosi.com.br\/index.php\/category\/noticias-de-ribeirao-preto-sp-e-regiao-ismael-colosi\/"},"img":{"alt_text":"","src":"https:\/\/i0.wp.com\/ismaelcolosi.com.br\/wp-content\/uploads\/2024\/02\/foto-principal-1-scaled.jpg?fit=992%2C645&ssl=1&resize=350%2C200","width":350,"height":200,"srcset":"https:\/\/i0.wp.com\/ismaelcolosi.com.br\/wp-content\/uploads\/2024\/02\/foto-principal-1-scaled.jpg?fit=992%2C645&ssl=1&resize=350%2C200 1x, https:\/\/i0.wp.com\/ismaelcolosi.com.br\/wp-content\/uploads\/2024\/02\/foto-principal-1-scaled.jpg?fit=992%2C645&ssl=1&resize=525%2C300 1.5x, https:\/\/i0.wp.com\/ismaelcolosi.com.br\/wp-content\/uploads\/2024\/02\/foto-principal-1-scaled.jpg?fit=992%2C645&ssl=1&resize=700%2C400 2x"},"classes":[]},{"id":85603,"url":"https:\/\/ismaelcolosi.com.br\/index.php\/2025\/05\/22\/bndes-divulga-resultado-final-de-concurso-e-faz-convocacao-imediata-de-150-aprovados-2\/","url_meta":{"origin":4570,"position":4},"title":"BNDES divulga resultado final de concurso e faz convoca\u00e7\u00e3o imediata de 150 aprovados","author":"ismaelcolosi.com.br","date":"22 de May de 2025","format":false,"excerpt":"O Banco Nacional de Desenvolvimento Econ\u00f4mico e Social (BNDES) divulgou, nesta quinta-feira, 30, o resultado final do concurso p\u00fablico de 2024, o primeiro do banco em 12 anos. Resultado oficial do processo seletivo j\u00e1 foi homologado e pode ser acessado no Di\u00e1rio Oficial da Uni\u00e3o, no\u00a0site do BNDES\u00a0e na\u00a0p\u00e1gina da\u2026","rel":"","context":"In &quot;Empregos - Classificados&quot;","block_context":{"text":"Empregos - Classificados","link":"https:\/\/ismaelcolosi.com.br\/index.php\/category\/empregos-classificados-vagas-trabalho\/"},"img":{"alt_text":"","src":"","width":0,"height":0},"classes":[]},{"id":57540,"url":"https:\/\/ismaelcolosi.com.br\/index.php\/2024\/07\/22\/bndes-abre-concurso-publico-com-150-vagas-e-salarios-de-r-20-mil\/","url_meta":{"origin":4570,"position":5},"title":"BNDES abre concurso p\u00fablico com 150 vagas e sal\u00e1rios de R$ 20 mil","author":"ismaelcolosi.com.br","date":"22 de July de 2024","format":false,"excerpt":"O BNDES (Banco Nacional de Desenvolvimento Econ\u00f4mico e Social) publicou edital de concurso p\u00fablico de n\u00edvel superior com 150 vagas e sal\u00e1rios de R$ 20,9 mil. Al\u00e9m disso, h\u00e1 750 vagas para o cadastro de reserva. As inscri\u00e7\u00f5es devem ser realizadas no site da Funda\u00e7\u00e3o Cesgranrio (clique aqui) no per\u00edodo\u2026","rel":"","context":"In &quot;Not\u00edcias de Ribeir\u00e3o Preto-SP e Regi\u00e3o&quot;","block_context":{"text":"Not\u00edcias de Ribeir\u00e3o Preto-SP e Regi\u00e3o","link":"https:\/\/ismaelcolosi.com.br\/index.php\/category\/noticias-de-ribeirao-preto-sp-e-regiao-ismael-colosi\/"},"img":{"alt_text":"","src":"https:\/\/i0.wp.com\/ismaelcolosi.com.br\/wp-content\/uploads\/2024\/06\/Copia-de-Copia-de-TAMANHO-EXATO-PARA-FOTOS-NO-SISTEMA-NOVO-6_2024-06-11_13-40-15_jpg_2024-06-11_13-40-15.webp.webp?fit=1200%2C675&ssl=1&resize=350%2C200","width":350,"height":200,"srcset":"https:\/\/i0.wp.com\/ismaelcolosi.com.br\/wp-content\/uploads\/2024\/06\/Copia-de-Copia-de-TAMANHO-EXATO-PARA-FOTOS-NO-SISTEMA-NOVO-6_2024-06-11_13-40-15_jpg_2024-06-11_13-40-15.webp.webp?fit=1200%2C675&ssl=1&resize=350%2C200 1x, https:\/\/i0.wp.com\/ismaelcolosi.com.br\/wp-content\/uploads\/2024\/06\/Copia-de-Copia-de-TAMANHO-EXATO-PARA-FOTOS-NO-SISTEMA-NOVO-6_2024-06-11_13-40-15_jpg_2024-06-11_13-40-15.webp.webp?fit=1200%2C675&ssl=1&resize=525%2C300 1.5x, https:\/\/i0.wp.com\/ismaelcolosi.com.br\/wp-content\/uploads\/2024\/06\/Copia-de-Copia-de-TAMANHO-EXATO-PARA-FOTOS-NO-SISTEMA-NOVO-6_2024-06-11_13-40-15_jpg_2024-06-11_13-40-15.webp.webp?fit=1200%2C675&ssl=1&resize=700%2C400 2x, https:\/\/i0.wp.com\/ismaelcolosi.com.br\/wp-content\/uploads\/2024\/06\/Copia-de-Copia-de-TAMANHO-EXATO-PARA-FOTOS-NO-SISTEMA-NOVO-6_2024-06-11_13-40-15_jpg_2024-06-11_13-40-15.webp.webp?fit=1200%2C675&ssl=1&resize=1050%2C600 3x"},"classes":[]}],"jetpack_sharing_enabled":true,"jetpack_shortlink":"https:\/\/wp.me\/pfMlyK-1bI","_links":{"self":[{"href":"https:\/\/ismaelcolosi.com.br\/index.php\/wp-json\/wp\/v2\/posts\/4570","targetHints":{"allow":["GET"]}}],"collection":[{"href":"https:\/\/ismaelcolosi.com.br\/index.php\/wp-json\/wp\/v2\/posts"}],"about":[{"href":"https:\/\/ismaelcolosi.com.br\/index.php\/wp-json\/wp\/v2\/types\/post"}],"author":[{"embeddable":true,"href":"https:\/\/ismaelcolosi.com.br\/index.php\/wp-json\/wp\/v2\/users\/1"}],"replies":[{"embeddable":true,"href":"https:\/\/ismaelcolosi.com.br\/index.php\/wp-json\/wp\/v2\/comments?post=4570"}],"version-history":[{"count":0,"href":"https:\/\/ismaelcolosi.com.br\/index.php\/wp-json\/wp\/v2\/posts\/4570\/revisions"}],"wp:featuredmedia":[{"embeddable":true,"href":"https:\/\/ismaelcolosi.com.br\/index.php\/wp-json\/wp\/v2\/media\/4571"}],"wp:attachment":[{"href":"https:\/\/ismaelcolosi.com.br\/index.php\/wp-json\/wp\/v2\/media?parent=4570"}],"wp:term":[{"taxonomy":"category","embeddable":true,"href":"https:\/\/ismaelcolosi.com.br\/index.php\/wp-json\/wp\/v2\/categories?post=4570"},{"taxonomy":"post_tag","embeddable":true,"href":"https:\/\/ismaelcolosi.com.br\/index.php\/wp-json\/wp\/v2\/tags?post=4570"}],"curies":[{"name":"wp","href":"https:\/\/api.w.org\/{rel}","templated":true}]}}