{"id":45361,"date":"2024-04-03T19:45:51","date_gmt":"2024-04-03T22:45:51","guid":{"rendered":"https:\/\/ismaelcolosi.com.br\/index.php\/2024\/04\/03\/micro-onibus-colide-com-caminhao-e-deixa-dois-feridos-na-regiao-de-ribeirao-preto\/"},"modified":"2024-04-03T19:45:51","modified_gmt":"2024-04-03T22:45:51","slug":"micro-onibus-colide-com-caminhao-e-deixa-dois-feridos-na-regiao-de-ribeirao-preto","status":"publish","type":"post","link":"https:\/\/ismaelcolosi.com.br\/index.php\/2024\/04\/03\/micro-onibus-colide-com-caminhao-e-deixa-dois-feridos-na-regiao-de-ribeirao-preto\/","title":{"rendered":"Micro-\u00f4nibus colide com caminh\u00e3o e deixa dois feridos na regi\u00e3o de Ribeir\u00e3o Preto"},"content":{"rendered":"<p> <br \/>\n<\/p>\n<div data-td-block-uid=\"tdi_101\">\n<div class=\"tdb-block-inner td-fix-index\">\n<p>Duas pessoas ficaram <strong>feridas <\/strong>ap\u00f3s o micro-\u00f4nibus em que elas estavam se envolver em um acidente de tr\u00e2nsito na <strong>rodovia C\u00e2ndido Portinari (SP-334)<\/strong>, pr\u00f3ximo a <strong>Pedregulho<\/strong>, cidade na regi\u00e3o de <strong>Ribeir\u00e3o Preto.<\/strong><\/p>\n<p>De acordo com a <strong>Pol\u00edcia Militar Rodovi\u00e1ria (PMR)<\/strong>, o <strong>micro-\u00f4nibus<\/strong> seguia para <strong>Franca<\/strong>, quando o ve\u00edculo acabou <strong>colidindo com um caminh\u00e3o que trafegava pela rodovia<\/strong>. <mark style=\"background-color:#fcb900\" class=\"has-inline-color\">Com o impacto, a frente do micro-\u00f4nibus ficou destru\u00edda.<\/mark><\/p>\n<p>Dois passageiros foram socorridos para a <strong>Santa Casa de Pedregulho<\/strong>. Segundo apura\u00e7\u00e3o da <strong>EPTV<\/strong>, nenhuma das v\u00edtimas corre risco de vida.<\/p>\n<p>Uma faixa da rodovia precisou ser interditada e foi registrada lentid\u00e3o no trecho.<strong> As causas do acidente, contudo, ser\u00e3o investigadas.<\/strong><\/p>\n<p><em>*Com informa\u00e7\u00f5es da EPTV<\/em><\/p>\n<hr class=\"wp-block-separator has-alpha-channel-opacity\"\/>\n<p>SAIBA MAIS<\/p>\n<p>Conta de energia vai ficar mais cara em Ribeir\u00e3o Preto; Entenda<\/p>\n<h4 class=\"wp-block-heading\"><strong><mark>FIQUE ON<\/mark><\/strong><\/h4>\n<p>Fique ligado em tudo que acontece em Ribeir\u00e3o Preto e regi\u00e3o. Siga os perfis do\u00a0<strong>acidade on\u00a0<\/strong>no\u00a0<a href=\"https:\/\/www.instagram.com\/acidadeonribeirao\" target=\"_blank\" rel=\"noreferrer noopener\">Instagram<\/a>\u00a0e no\u00a0<a href=\"https:\/\/www.facebook.com\/acidadeonribeirao\" target=\"_blank\" rel=\"noreferrer noopener\">Facebook<\/a>.<\/p>\n<p>Receba not\u00edcias do acidade on no WhatsApp. Para entrar no grupo, basta\u00a0<a href=\"https:\/\/chat.whatsapp.com\/GFH9HUMUTHNFJdnyEd0xxq\" target=\"_blank\" rel=\"noreferrer noopener\">clicar aqui<\/a>.<\/p>\n<p>Fa\u00e7a uma den\u00fancia ou sugira uma reportagem sobre Ribeir\u00e3o Preto e regi\u00e3o pelo WhatsApp: 16 99117 7802.<\/p>\n<p>VEJA TAMB\u00c9M<\/p>\n<p>Sandy afirma que sua vida \u00e9 \u201czero glamour\u201d ap\u00f3s viralizar com marmita<\/p>\n<p><!-- AI CONTENT END 1 -->\n<\/div>\n<\/div>\n<p><script async src=\"\/\/www.instagram.com\/embed.js\"><\/script><br \/>\n<br \/><br \/>\n<br \/><a href=\"https:\/\/www.acidadeon.com\/ribeiraopreto\/cotidiano\/micro-onibus-colide-com-caminhao-e-deixa-dois-feridos-na-regiao-de-ribeirao-preto\/\">Source link <\/a><\/p>\n<div class='code-block code-block-4' style='margin: 8px auto 8px 0; text-align: left; display: block; clear: both;'>\n\ud83d\udce2 Aviso Legal\n\nO site ismaelcolosi.com.br atua apenas como um canal de divulga\u00e7\u00e3o de oportunidades de emprego e n\u00e3o se responsabiliza pelo processo seletivo, contrata\u00e7\u00e3o ou qualquer outra etapa relacionada \u00e0s vagas publicadas. Todas as informa\u00e7\u00f5es s\u00e3o de responsabilidade dos anunciantes.\n\n\u26a0\ufe0f Aten\u00e7\u00e3o! Nunca pague por promessas de emprego nem compre cursos que garantam contrata\u00e7\u00e3o. Desconfie de qualquer cobran\u00e7a para participar de sele\u00e7\u00f5es.\n\n\n\n<\/div>\n<!-- CONTENT END 1 -->\n","protected":false},"excerpt":{"rendered":"<p>Duas pessoas ficaram feridas ap\u00f3s o micro-\u00f4nibus em que elas estavam se envolver em um acidente de tr\u00e2nsito na rodovia C\u00e2ndido Portinari (SP-334), pr\u00f3ximo a&#8230;<\/p>\n","protected":false},"author":1,"featured_media":45362,"comment_status":"open","ping_status":"open","sticky":false,"template":"","format":"standard","meta":{"_uag_custom_page_level_css":"","advanced_seo_description":"","jetpack_seo_html_title":"","jetpack_seo_noindex":false,"jetpack_post_was_ever_published":false,"_jetpack_newsletter_access":"","_jetpack_dont_email_post_to_subs":false,"_jetpack_newsletter_tier_id":0,"_jetpack_memberships_contains_paywalled_content":false,"_jetpack_memberships_contains_paid_content":false,"footnotes":"","jetpack_publicize_message":"","jetpack_publicize_feature_enabled":true,"jetpack_social_post_already_shared":true,"jetpack_social_options":{"image_generator_settings":{"template":"highway","default_image_id":0,"font":"","enabled":false},"version":2}},"categories":[11],"tags":[],"class_list":["post-45361","post","type-post","status-publish","format-standard","has-post-thumbnail","hentry","category-noticias-de-ribeirao-preto-sp-e-regiao-ismael-colosi"],"jetpack_publicize_connections":[],"jetpack_featured_media_url":"https:\/\/i0.wp.com\/ismaelcolosi.com.br\/wp-content\/uploads\/2024\/04\/Copia-de-Copia-de-TAMANHO-EXATO-PARA-FOTOS-NO-SISTEMA-NOVO-5.png?fit=1200%2C675&ssl=1","uagb_featured_image_src":{"full":["https:\/\/i0.wp.com\/ismaelcolosi.com.br\/wp-content\/uploads\/2024\/04\/Copia-de-Copia-de-TAMANHO-EXATO-PARA-FOTOS-NO-SISTEMA-NOVO-5.png?fit=1200%2C675&ssl=1",1200,675,false],"thumbnail":["https:\/\/i0.wp.com\/ismaelcolosi.com.br\/wp-content\/uploads\/2024\/04\/Copia-de-Copia-de-TAMANHO-EXATO-PARA-FOTOS-NO-SISTEMA-NOVO-5.png?resize=150%2C150&ssl=1",150,150,true],"medium":["https:\/\/i0.wp.com\/ismaelcolosi.com.br\/wp-content\/uploads\/2024\/04\/Copia-de-Copia-de-TAMANHO-EXATO-PARA-FOTOS-NO-SISTEMA-NOVO-5.png?fit=300%2C169&ssl=1",300,169,true],"medium_large":["https:\/\/i0.wp.com\/ismaelcolosi.com.br\/wp-content\/uploads\/2024\/04\/Copia-de-Copia-de-TAMANHO-EXATO-PARA-FOTOS-NO-SISTEMA-NOVO-5.png?fit=768%2C432&ssl=1",768,432,true],"large":["https:\/\/i0.wp.com\/ismaelcolosi.com.br\/wp-content\/uploads\/2024\/04\/Copia-de-Copia-de-TAMANHO-EXATO-PARA-FOTOS-NO-SISTEMA-NOVO-5.png?fit=1024%2C576&ssl=1",1024,576,true],"1536x1536":["https:\/\/i0.wp.com\/ismaelcolosi.com.br\/wp-content\/uploads\/2024\/04\/Copia-de-Copia-de-TAMANHO-EXATO-PARA-FOTOS-NO-SISTEMA-NOVO-5.png?fit=1200%2C675&ssl=1",1200,675,true],"2048x2048":["https:\/\/i0.wp.com\/ismaelcolosi.com.br\/wp-content\/uploads\/2024\/04\/Copia-de-Copia-de-TAMANHO-EXATO-PARA-FOTOS-NO-SISTEMA-NOVO-5.png?fit=1200%2C675&ssl=1",1200,675,true],"really-simple-thumb":["https:\/\/i0.wp.com\/ismaelcolosi.com.br\/wp-content\/uploads\/2024\/04\/Copia-de-Copia-de-TAMANHO-EXATO-PARA-FOTOS-NO-SISTEMA-NOVO-5.png?resize=370%2C247&ssl=1",370,247,true]},"uagb_author_info":{"display_name":"ismaelcolosi.com.br","author_link":"https:\/\/ismaelcolosi.com.br\/index.php\/author\/vidareal-online\/"},"uagb_comment_info":0,"uagb_excerpt":"Duas pessoas ficaram feridas ap\u00f3s o micro-\u00f4nibus em que elas estavam se envolver em um acidente de tr\u00e2nsito na rodovia C\u00e2ndido Portinari (SP-334), pr\u00f3ximo a...","jetpack-related-posts":[{"id":76437,"url":"https:\/\/ismaelcolosi.com.br\/index.php\/2024\/11\/13\/acidente-na-rodovia-da-morte-deixa-14-feridos\/","url_meta":{"origin":45361,"position":0},"title":"Acidente na Rodovia da Morte deixa 14 feridos","author":"ismaelcolosi.com.br","date":"13 de November de 2024","format":false,"excerpt":"Por: Adalberto Luque O capotamento de um micro-\u00f4nibus deixou 14 pessoas feridas, na manh\u00e3 desta quarta-feira (13). O acidente ocorreu na Rodovia Deputado Cunha Bueno (SP-253), na altura do km 181, entre Guatapar\u00e1 e Prad\u00f3polis, cidades da regi\u00e3o metropolitana de Ribeir\u00e3o Preto. De acordo com o Corpo de Bombeiros, a\u2026","rel":"","context":"In &quot;Not\u00edcias de Ribeir\u00e3o Preto-SP e Regi\u00e3o&quot;","block_context":{"text":"Not\u00edcias de Ribeir\u00e3o Preto-SP e Regi\u00e3o","link":"https:\/\/ismaelcolosi.com.br\/index.php\/category\/noticias-de-ribeirao-preto-sp-e-regiao-ismael-colosi\/"},"img":{"alt_text":"","src":"https:\/\/i0.wp.com\/ismaelcolosi.com.br\/wp-content\/uploads\/2024\/11\/13nov2024-acidentepradopolis1-scaled.jpg?fit=800%2C472&ssl=1&resize=350%2C200","width":350,"height":200,"srcset":"https:\/\/i0.wp.com\/ismaelcolosi.com.br\/wp-content\/uploads\/2024\/11\/13nov2024-acidentepradopolis1-scaled.jpg?fit=800%2C472&ssl=1&resize=350%2C200 1x, https:\/\/i0.wp.com\/ismaelcolosi.com.br\/wp-content\/uploads\/2024\/11\/13nov2024-acidentepradopolis1-scaled.jpg?fit=800%2C472&ssl=1&resize=525%2C300 1.5x, https:\/\/i0.wp.com\/ismaelcolosi.com.br\/wp-content\/uploads\/2024\/11\/13nov2024-acidentepradopolis1-scaled.jpg?fit=800%2C472&ssl=1&resize=700%2C400 2x"},"classes":[]},{"id":76435,"url":"https:\/\/ismaelcolosi.com.br\/index.php\/2024\/11\/13\/acidente-com-micro-onibus-deixa-14-feridos-em-rodovia-na-regiao-de-ribeirao\/","url_meta":{"origin":45361,"position":1},"title":"Acidente com micro-\u00f4nibus deixa 14 feridos em rodovia na regi\u00e3o de Ribeir\u00e3o","author":"ismaelcolosi.com.br","date":"13 de November de 2024","format":false,"excerpt":"Um acidente entre um carro e um micro-\u00f4nibus deixou 14 pessoas feridas na manh\u00e3 desta quarta-feira (13), na rodovia Deputado Cunha Bueno (SP-253), em Prad\u00f3polis, na regi\u00e3o de Ribeir\u00e3o Preto. O \u00f4nibus chegou a sair da pista e foi parar em uma \u00e1rea al\u00e9m do acostamento. Equipes do Corpo de\u2026","rel":"","context":"In &quot;Not\u00edcias de Ribeir\u00e3o Preto-SP e Regi\u00e3o&quot;","block_context":{"text":"Not\u00edcias de Ribeir\u00e3o Preto-SP e Regi\u00e3o","link":"https:\/\/ismaelcolosi.com.br\/index.php\/category\/noticias-de-ribeirao-preto-sp-e-regiao-ismael-colosi\/"},"img":{"alt_text":"","src":"https:\/\/i0.wp.com\/ismaelcolosi.com.br\/wp-content\/uploads\/2024\/11\/WhatsApp-Image-2024-11-13-at-09.02.29_2024-11-13_12-04-10_jpeg_2024-11-13_12-04-10.webp.webp?fit=1200%2C675&ssl=1&resize=350%2C200","width":350,"height":200,"srcset":"https:\/\/i0.wp.com\/ismaelcolosi.com.br\/wp-content\/uploads\/2024\/11\/WhatsApp-Image-2024-11-13-at-09.02.29_2024-11-13_12-04-10_jpeg_2024-11-13_12-04-10.webp.webp?fit=1200%2C675&ssl=1&resize=350%2C200 1x, https:\/\/i0.wp.com\/ismaelcolosi.com.br\/wp-content\/uploads\/2024\/11\/WhatsApp-Image-2024-11-13-at-09.02.29_2024-11-13_12-04-10_jpeg_2024-11-13_12-04-10.webp.webp?fit=1200%2C675&ssl=1&resize=525%2C300 1.5x, https:\/\/i0.wp.com\/ismaelcolosi.com.br\/wp-content\/uploads\/2024\/11\/WhatsApp-Image-2024-11-13-at-09.02.29_2024-11-13_12-04-10_jpeg_2024-11-13_12-04-10.webp.webp?fit=1200%2C675&ssl=1&resize=700%2C400 2x, https:\/\/i0.wp.com\/ismaelcolosi.com.br\/wp-content\/uploads\/2024\/11\/WhatsApp-Image-2024-11-13-at-09.02.29_2024-11-13_12-04-10_jpeg_2024-11-13_12-04-10.webp.webp?fit=1200%2C675&ssl=1&resize=1050%2C600 3x"},"classes":[]},{"id":20981,"url":"https:\/\/ismaelcolosi.com.br\/index.php\/2023\/12\/26\/acidente-entre-onibus-e-caminhao-mobiliza-os-bombeiros-em-rodovia-da-regiao-de-ribeirao\/","url_meta":{"origin":45361,"position":2},"title":"Acidente entre \u00f4nibus e caminh\u00e3o mobiliza os bombeiros em rodovia da regi\u00e3o de Ribeir\u00e3o","author":"ismaelcolosi.com.br","date":"26 de December de 2023","format":false,"excerpt":"Um acidente, envolvendo um \u00f4nibus e um caminh\u00e3o, na rodovia Deputado Cunha Bueno, em Prad\u00f3polis, mobiliza o Corpo de Bombeiros no in\u00edcio da noite desta ter\u00e7a-feira (26). Segundo as primeiras informa\u00e7\u00f5es, o \u00f4nibus da empresa Petitto transportava pessoas que trabalham em Ribeir\u00e3o Preto. J\u00e1 o caminh\u00e3o estaria carregado de leite.\u2026","rel":"","context":"In &quot;Not\u00edcias de Ribeir\u00e3o Preto-SP e Regi\u00e3o&quot;","block_context":{"text":"Not\u00edcias de Ribeir\u00e3o Preto-SP e Regi\u00e3o","link":"https:\/\/ismaelcolosi.com.br\/index.php\/category\/noticias-de-ribeirao-preto-sp-e-regiao-ismael-colosi\/"},"img":{"alt_text":"","src":"https:\/\/i0.wp.com\/ismaelcolosi.com.br\/wp-content\/uploads\/2023\/12\/WhatsApp-Image-2023-12-26-at-18.11.53-1-scaled.jpeg?fit=1200%2C720&ssl=1&resize=350%2C200","width":350,"height":200,"srcset":"https:\/\/i0.wp.com\/ismaelcolosi.com.br\/wp-content\/uploads\/2023\/12\/WhatsApp-Image-2023-12-26-at-18.11.53-1-scaled.jpeg?fit=1200%2C720&ssl=1&resize=350%2C200 1x, https:\/\/i0.wp.com\/ismaelcolosi.com.br\/wp-content\/uploads\/2023\/12\/WhatsApp-Image-2023-12-26-at-18.11.53-1-scaled.jpeg?fit=1200%2C720&ssl=1&resize=525%2C300 1.5x, https:\/\/i0.wp.com\/ismaelcolosi.com.br\/wp-content\/uploads\/2023\/12\/WhatsApp-Image-2023-12-26-at-18.11.53-1-scaled.jpeg?fit=1200%2C720&ssl=1&resize=700%2C400 2x, https:\/\/i0.wp.com\/ismaelcolosi.com.br\/wp-content\/uploads\/2023\/12\/WhatsApp-Image-2023-12-26-at-18.11.53-1-scaled.jpeg?fit=1200%2C720&ssl=1&resize=1050%2C600 3x"},"classes":[]},{"id":51771,"url":"https:\/\/ismaelcolosi.com.br\/index.php\/2024\/05\/30\/acidente-em-rodovia-da-regiao-de-ribeirao-preto-deixa-uma-pessoa-morta-e-cinco-feridos\/","url_meta":{"origin":45361,"position":3},"title":"Acidente em rodovia da regi\u00e3o de Ribeir\u00e3o Preto deixa uma pessoa morta e cinco feridos","author":"ismaelcolosi.com.br","date":"30 de May de 2024","format":false,"excerpt":"Um acidente envolvendo dois caminh\u00f5es e um \u00f4nibus provocou a morte de uma pessoa e outras cinco ficaram feridas, no quil\u00f4metro 83 da rodovia Altino Arantes (SP 351), entre Sales Oliveira e Orl\u00e2ndia, na regi\u00e3o de Ribeir\u00e3o Preto, no fim da tarde desta quinta-feira (30). Segundo as primeiras informa\u00e7\u00f5es da\u2026","rel":"","context":"In &quot;Not\u00edcias de Ribeir\u00e3o Preto-SP e Regi\u00e3o&quot;","block_context":{"text":"Not\u00edcias de Ribeir\u00e3o Preto-SP e Regi\u00e3o","link":"https:\/\/ismaelcolosi.com.br\/index.php\/category\/noticias-de-ribeirao-preto-sp-e-regiao-ismael-colosi\/"},"img":{"alt_text":"","src":"https:\/\/i0.wp.com\/ismaelcolosi.com.br\/wp-content\/uploads\/2024\/05\/3_2024-05-30_22-14-12_jpg_2024-05-30_22-14-12.webp.webp?fit=1200%2C675&ssl=1&resize=350%2C200","width":350,"height":200,"srcset":"https:\/\/i0.wp.com\/ismaelcolosi.com.br\/wp-content\/uploads\/2024\/05\/3_2024-05-30_22-14-12_jpg_2024-05-30_22-14-12.webp.webp?fit=1200%2C675&ssl=1&resize=350%2C200 1x, https:\/\/i0.wp.com\/ismaelcolosi.com.br\/wp-content\/uploads\/2024\/05\/3_2024-05-30_22-14-12_jpg_2024-05-30_22-14-12.webp.webp?fit=1200%2C675&ssl=1&resize=525%2C300 1.5x, https:\/\/i0.wp.com\/ismaelcolosi.com.br\/wp-content\/uploads\/2024\/05\/3_2024-05-30_22-14-12_jpg_2024-05-30_22-14-12.webp.webp?fit=1200%2C675&ssl=1&resize=700%2C400 2x, https:\/\/i0.wp.com\/ismaelcolosi.com.br\/wp-content\/uploads\/2024\/05\/3_2024-05-30_22-14-12_jpg_2024-05-30_22-14-12.webp.webp?fit=1200%2C675&ssl=1&resize=1050%2C600 3x"},"classes":[]},{"id":51817,"url":"https:\/\/ismaelcolosi.com.br\/index.php\/2024\/05\/31\/acidente-em-rodovia-da-regiao-de-ribeirao-preto-deixa-uma-pessoa-morta-e-cinco-feridos-2\/","url_meta":{"origin":45361,"position":4},"title":"Acidente em rodovia da regi\u00e3o de Ribeir\u00e3o Preto deixa uma pessoa morta e cinco feridos","author":"ismaelcolosi.com.br","date":"31 de May de 2024","format":false,"excerpt":"Um acidente envolvendo dois caminh\u00f5es e um \u00f4nibus provocou a morte de uma pessoa e outras cinco ficaram feridas, no quil\u00f4metro 83 da rodovia Altino Arantes (SP 351), entre Sales Oliveira e Orl\u00e2ndia, na regi\u00e3o de Ribeir\u00e3o Preto, no fim da tarde desta quinta-feira (30). Segundo as\u00a0primeiras informa\u00e7\u00f5es da Pol\u00edcia\u2026","rel":"","context":"In &quot;Not\u00edcias de Ribeir\u00e3o Preto-SP e Regi\u00e3o&quot;","block_context":{"text":"Not\u00edcias de Ribeir\u00e3o Preto-SP e Regi\u00e3o","link":"https:\/\/ismaelcolosi.com.br\/index.php\/category\/noticias-de-ribeirao-preto-sp-e-regiao-ismael-colosi\/"},"img":{"alt_text":"","src":"https:\/\/i0.wp.com\/ismaelcolosi.com.br\/wp-content\/uploads\/2024\/05\/3_2024-05-30_22-14-12_jpg_2024-05-30_22-14-12.webp.webp?fit=1200%2C675&ssl=1&resize=350%2C200","width":350,"height":200,"srcset":"https:\/\/i0.wp.com\/ismaelcolosi.com.br\/wp-content\/uploads\/2024\/05\/3_2024-05-30_22-14-12_jpg_2024-05-30_22-14-12.webp.webp?fit=1200%2C675&ssl=1&resize=350%2C200 1x, https:\/\/i0.wp.com\/ismaelcolosi.com.br\/wp-content\/uploads\/2024\/05\/3_2024-05-30_22-14-12_jpg_2024-05-30_22-14-12.webp.webp?fit=1200%2C675&ssl=1&resize=525%2C300 1.5x, https:\/\/i0.wp.com\/ismaelcolosi.com.br\/wp-content\/uploads\/2024\/05\/3_2024-05-30_22-14-12_jpg_2024-05-30_22-14-12.webp.webp?fit=1200%2C675&ssl=1&resize=700%2C400 2x, https:\/\/i0.wp.com\/ismaelcolosi.com.br\/wp-content\/uploads\/2024\/05\/3_2024-05-30_22-14-12_jpg_2024-05-30_22-14-12.webp.webp?fit=1200%2C675&ssl=1&resize=1050%2C600 3x"},"classes":[]},{"id":63769,"url":"https:\/\/ismaelcolosi.com.br\/index.php\/2024\/09\/03\/onibus-caminhao-e-motocicleta-se-envolvem-em-acidente-na-regiao-de-ribeirao\/","url_meta":{"origin":45361,"position":5},"title":"\u00d4nibus, caminh\u00e3o e motocicleta se envolvem em acidente na regi\u00e3o de Ribeir\u00e3o","author":"ismaelcolosi.com.br","date":"3 de September de 2024","format":false,"excerpt":"Um acidente envolvendo um \u00f4nibus, um caminh\u00e3o e uma motocicleta foi registrado no final da tarde desta ter\u00e7a-feira (3), rodovia Abr\u00e3o Assed (SP-333), em Serrana, cidade na regi\u00e3o de Ribeir\u00e3o Preto. Conforme apura\u00e7\u00e3o da EPTV, o motociclista foi socorrido em estado grave para UPA de Serrana, por\u00e9m, est\u00e1 sendo transferido\u2026","rel":"","context":"In &quot;Not\u00edcias de Ribeir\u00e3o Preto-SP e Regi\u00e3o&quot;","block_context":{"text":"Not\u00edcias de Ribeir\u00e3o Preto-SP e Regi\u00e3o","link":"https:\/\/ismaelcolosi.com.br\/index.php\/category\/noticias-de-ribeirao-preto-sp-e-regiao-ismael-colosi\/"},"img":{"alt_text":"","src":"https:\/\/i0.wp.com\/ismaelcolosi.com.br\/wp-content\/uploads\/2024\/09\/Copia-de-Copia-de-Copia-de-TAMANHO-EXATO-PARA-FOTOS-NO-SISTEMA-NOVO-28_2024-09-03_23-06-02_png_2024-09-03_23-06-02.webp.webp?fit=1200%2C675&ssl=1&resize=350%2C200","width":350,"height":200,"srcset":"https:\/\/i0.wp.com\/ismaelcolosi.com.br\/wp-content\/uploads\/2024\/09\/Copia-de-Copia-de-Copia-de-TAMANHO-EXATO-PARA-FOTOS-NO-SISTEMA-NOVO-28_2024-09-03_23-06-02_png_2024-09-03_23-06-02.webp.webp?fit=1200%2C675&ssl=1&resize=350%2C200 1x, https:\/\/i0.wp.com\/ismaelcolosi.com.br\/wp-content\/uploads\/2024\/09\/Copia-de-Copia-de-Copia-de-TAMANHO-EXATO-PARA-FOTOS-NO-SISTEMA-NOVO-28_2024-09-03_23-06-02_png_2024-09-03_23-06-02.webp.webp?fit=1200%2C675&ssl=1&resize=525%2C300 1.5x, https:\/\/i0.wp.com\/ismaelcolosi.com.br\/wp-content\/uploads\/2024\/09\/Copia-de-Copia-de-Copia-de-TAMANHO-EXATO-PARA-FOTOS-NO-SISTEMA-NOVO-28_2024-09-03_23-06-02_png_2024-09-03_23-06-02.webp.webp?fit=1200%2C675&ssl=1&resize=700%2C400 2x, https:\/\/i0.wp.com\/ismaelcolosi.com.br\/wp-content\/uploads\/2024\/09\/Copia-de-Copia-de-Copia-de-TAMANHO-EXATO-PARA-FOTOS-NO-SISTEMA-NOVO-28_2024-09-03_23-06-02_png_2024-09-03_23-06-02.webp.webp?fit=1200%2C675&ssl=1&resize=1050%2C600 3x"},"classes":[]}],"jetpack_sharing_enabled":true,"jetpack_shortlink":"https:\/\/wp.me\/pfMlyK-bND","_links":{"self":[{"href":"https:\/\/ismaelcolosi.com.br\/index.php\/wp-json\/wp\/v2\/posts\/45361","targetHints":{"allow":["GET"]}}],"collection":[{"href":"https:\/\/ismaelcolosi.com.br\/index.php\/wp-json\/wp\/v2\/posts"}],"about":[{"href":"https:\/\/ismaelcolosi.com.br\/index.php\/wp-json\/wp\/v2\/types\/post"}],"author":[{"embeddable":true,"href":"https:\/\/ismaelcolosi.com.br\/index.php\/wp-json\/wp\/v2\/users\/1"}],"replies":[{"embeddable":true,"href":"https:\/\/ismaelcolosi.com.br\/index.php\/wp-json\/wp\/v2\/comments?post=45361"}],"version-history":[{"count":0,"href":"https:\/\/ismaelcolosi.com.br\/index.php\/wp-json\/wp\/v2\/posts\/45361\/revisions"}],"wp:featuredmedia":[{"embeddable":true,"href":"https:\/\/ismaelcolosi.com.br\/index.php\/wp-json\/wp\/v2\/media\/45362"}],"wp:attachment":[{"href":"https:\/\/ismaelcolosi.com.br\/index.php\/wp-json\/wp\/v2\/media?parent=45361"}],"wp:term":[{"taxonomy":"category","embeddable":true,"href":"https:\/\/ismaelcolosi.com.br\/index.php\/wp-json\/wp\/v2\/categories?post=45361"},{"taxonomy":"post_tag","embeddable":true,"href":"https:\/\/ismaelcolosi.com.br\/index.php\/wp-json\/wp\/v2\/tags?post=45361"}],"curies":[{"name":"wp","href":"https:\/\/api.w.org\/{rel}","templated":true}]}}