{"id":45355,"date":"2024-04-03T19:12:36","date_gmt":"2024-04-03T22:12:36","guid":{"rendered":"https:\/\/ismaelcolosi.com.br\/index.php\/2024\/04\/03\/sindicato-rural-de-rp-questiona-posse-de-diretoria-da-faesp\/"},"modified":"2024-04-03T19:12:36","modified_gmt":"2024-04-03T22:12:36","slug":"sindicato-rural-de-rp-questiona-posse-de-diretoria-da-faesp","status":"publish","type":"post","link":"https:\/\/ismaelcolosi.com.br\/index.php\/2024\/04\/03\/sindicato-rural-de-rp-questiona-posse-de-diretoria-da-faesp\/","title":{"rendered":"Sindicato Rural de RP questiona posse de diretoria da Faesp"},"content":{"rendered":"<p> <br \/>\n<\/p>\n<div>\n<p>A novela da disputa pela diretoria da Federa\u00e7\u00e3o da Agricultura e Pecu\u00e1ria do Estado de S\u00e3o Paulo (Faesp) ganhou mais um cap\u00edtulo. O Sindicato Rural de Ribeir\u00e3o Preto questionou por meio de of\u00edcio a solenidade de posse da nova diretoria. O presidente do Sindicato, Paulo Maximiano Junqueira Neto, alega que a elei\u00e7\u00e3o da Faesp est\u00e1 sob judice e questiona valores e pagamentos da solenidade, marcada para o pr\u00f3ximo dia 14, no Theatro Municipal de S\u00e3o Paulo.<\/p>\n<p>No of\u00edcio assinado por Paulo Junqueira, o Sindicato Rural de Ribeir\u00e3o Preto diz que um recurso da diretoria eleita na A\u00e7\u00e3o Declarat\u00f3ria de Inelegibilidade, em tramite na 23\u00aa Vara do Trabalho de S\u00e3o Paulo, indica que \u201ctornar\u00e1 nulo todos os atos praticados, sem sombra de d\u00favidas e inclusive a cerim\u00f4nia festiva do pr\u00f3ximo dia 14\u201d.<\/p>\n<p>A entidade ribeir\u00e3o-pretana pergunta pelo of\u00edcio se h\u00e1 algum \u201cvalor pago pela FAESP para o custeio deste evento? (aluguel, buffet, hospedagens, transportes, di\u00e1rias e etc)? Quem est\u00e1 bancando referido evento? Consta no convite que: \u201cN\u00e3o haver\u00e1 reserva de hotel feito pela FAESP\u201d, \u201cQualquer d\u00favida sobre o reembolso de despesas, me procure no particular\u201d. A FAESP ir\u00e1 realizar o reembolso das despesas dos \u201cconvidados selecionados?\u201d<\/p>\n<p>Junqueira indaga ainda o porqu\u00ea somente os sindicatos \u201cselecionados\u201d receberam o convite, \u201csendo que todos fazem parte da federa\u00e7\u00e3o\u201d. \u201dA FAESP ir\u00e1 arcar com os descontos cedidos pelos hot\u00e9is nas di\u00e1rias?\u201d<br \/>Paulo Junqueira disse ao jornal Tribuna que n\u00e3o gosta da forma como eles est\u00e3o tocando a Federa\u00e7\u00e3o, mas como Presidente de Sindicato,\u00a0 mesmo sendo oposi\u00e7\u00e3o, deveria ter sido convidado.<\/p>\n<p>Outro lado<br \/>Procurado pela nossa reportagem Tirso Meirelles, filho do atual presidente da entidade, F\u00e1bio Meirelles, no cargo h\u00e1 48 anos, n\u00e3o respondeu at\u00e9 o fechamento da edi\u00e7\u00e3o.<\/p>\n<p><strong>Entenda o caso<\/strong><br \/>Em novembro passado a Justi\u00e7a do Trabalho anulou a elei\u00e7\u00e3o para presidente da Federa\u00e7\u00e3o da Agricultura e Pecu\u00e1ria do Estado de S\u00e3o Paulo (Faesp) que elegeria para o posto Tirso Meirelles.<br \/>A decis\u00e3o ocorreu ap\u00f3s a\u00e7\u00e3o do fazendeiro Paulo Junqueira, presidente do Sindicato e da Associa\u00e7\u00e3o Rural de Ribeir\u00e3o Preto, que tem o apoio de aliados do governador Tarc\u00edsio de Freitas (Republicanos). Ele tentou registrar uma chapa de oposi\u00e7\u00e3o, mas n\u00e3o conseguiu. A dire\u00e7\u00e3o da Faesp argumentou que Junqueira n\u00e3o apresentou todos os documentos necess\u00e1rios para o registro.<\/p>\n<p>A ju\u00edza do trabalho, Marcia Ishirugi, atendeu ao pedido de Junqueira, determinou a publica\u00e7\u00e3o de um novo edital convocando novas elei\u00e7\u00f5es para, no m\u00e1ximo, 3 de janeiro de 2024. A magistrada considerou que, ao contr\u00e1rio do que prev\u00ea o estatuto da entidade, a Faesp n\u00e3o ficou aberta por oito horas di\u00e1rias durante os cinco dias em que as candidaturas poderiam ser registradas. Houve fechamento durante o s\u00e1bado e o domingo.<\/p>\n<p>A prefer\u00eancia por Junqueira dentro do governo Tarc\u00edsio se d\u00e1 n\u00e3o apenas pela proximidade com o empres\u00e1rio, que foi doador de campanha do governador em 2022, mas tamb\u00e9m pelos desentendimentos de integrantes da gest\u00e3o com o advers\u00e1rio dele, Tirso Meirelles, atual vice-presidente da Faesp, que ocupava o comando do Sebrae-SP durante a transi\u00e7\u00e3o.<\/p>\n<p>Na \u00e9poca, Tirso barrou a tentativa do governo de nomear Guilherme Campos (PSD-SP) na superintend\u00eancia do \u00f3rg\u00e3o, tendo atuado para sustentar Marco Vinholi. No fim, nenhum dos dois ficou com a fun\u00e7\u00e3o e, agora, integrantes do governo querem dar o troco.<\/p>\n<p>Junqueira acusa seu advers\u00e1rio na disputa, Tirso Meirelles, de instrumentalizar o poder que det\u00e9m na vice-presid\u00eancia da entidade para inviabilizar uma chapa de oposi\u00e7\u00e3o. Tirso \u00e9 filho do presidente da organiza\u00e7\u00e3o, F\u00e1bio Meirelles, um produtor rural de 96 anos, dos quais metade, 48 anos, passou no cargo.<br \/>A diretora jur\u00eddica da Faesp, Angela Gandra Martins, rebate a vers\u00e3o e garante que a comiss\u00e3o eleitoral tem independ\u00eancia. Segundo ela, Junqueira n\u00e3o foi capaz de cumprir os ritos exigidos no estatuto da organiza\u00e7\u00e3o e agora tenta desmoralizar os Meirelles.<\/p>\n<p>O imbr\u00f3glio n\u00e3o se d\u00e1 ao acaso. A Faesp mant\u00e9m sob seu guarda-chuva 235 sindicatos rurais patronais distribu\u00eddos pelos 645 munic\u00edpios paulistas. Tamb\u00e9m \u00e9 acionista da Agrishow, principal feira do setor no pa\u00eds e que gerou R$ 13,29 bilh\u00f5es em neg\u00f3cios na \u00faltima edi\u00e7\u00e3o, realizada em maio deste ano,em Ribeir\u00e3o Preto.<\/p>\n<p>A organiza\u00e7\u00e3o ostenta um or\u00e7amento anual de aproximadamente R$ 60 milh\u00f5es, acumulados mediante parcelas de contribui\u00e7\u00f5es sindicais, parcerias com governos e empresas e repasses do Servi\u00e7o Nacional de Aprendizagem Rural (Senar), do sistema S, para oferecer cursos para produtores do campo.<\/p>\n<p>O naufr\u00e1gio inicial de sua chapa na disputa pela Faesp, agora revertido, frustrou aliados do governador Tarc\u00edsio de Freitas. O deputado estadual Lucas Bove (PL-SP) destacou o advogado Ygor Lucas Gomes da Costa, lotado como assessor em seu gabinete, para acompanhar o processo.<br \/>Produtor rural, o parlamentar representa o agroneg\u00f3cio na Assembleia Legislativa e tamb\u00e9m recebeu contribui\u00e7\u00e3o financeira de Junqueira em sua campanha. Parte do secretariado de Tarc\u00edsio tamb\u00e9m n\u00e3o esconde a prefer\u00eancia por Junqueira.<\/p>\n<p>A prefer\u00eancia de aliados de Tarc\u00edsio por Paulo Junqueira se explica tamb\u00e9m por outro embate. O grupo do governador j\u00e1 havia entrado em rota de colis\u00e3o com Tirso Meirelles ainda no per\u00edodo da transi\u00e7\u00e3o de governo, quando este ocupava a presid\u00eancia do Sebrae-SP.<br \/>Na \u00e9poca, Guilherme Afif Domingos, atual secret\u00e1rio especial de Projetos Estrat\u00e9gicos de S\u00e3o Paulo, tentou emplacar o ex-deputado federal Guilherme Campos (PSD-SP) na superintend\u00eancia do \u00f3rg\u00e3o. Tirso e um grupo de tucanos fizeram press\u00e3o para manter Marco Vinholi no cargo.<\/p>\n<p>Diante do impasse, uma solu\u00e7\u00e3o intermedi\u00e1ria foi adotada. Nelson Hervey Costa assumiu a superintend\u00eancia e Vinholi passou para o posto de diretor t\u00e9cnico. Paulo Junqueira \u00e9 presidente do Sindicato Rural e da Associa\u00e7\u00e3o Rural de Ribeir\u00e3o Preto e foi um dos doadores das campanhas de Tarc\u00edsio e tamb\u00e9m do ex-presidente Jair Bolsonaro em 2022.<\/p>\n<p>Ele doou R$ 160 mil para um e R$ 106 mil para o outro. Sua casa de quatro su\u00edtes em Orlando, na Fl\u00f3rida, abrigou o ex-presidente durante parte do per\u00edodo em que passou nos Estados Unidos ap\u00f3s perder a reelei\u00e7\u00e3o para Lula. Ele tamb\u00e9m ofereceu um almo\u00e7o a Bolsonaro e aliados em sua fazenda durante a Agrishow, realizada em Ribeir\u00e3o Preto, onde foi carregado a tiracolo pelo ex-presidente.<\/p>\n<p><strong>Outro lado<\/strong><\/p>\n<p>Federa\u00e7\u00e3o da Agricultura e Pecu\u00e1ria do Estado de S\u00e3o Paulo (Faesp) enviou a seguinte nota para a reda\u00e7\u00e3o:<\/p>\n<p>\u201cInformamos que a solenidade para a celebra\u00e7\u00e3o de posse da nova diretoria est\u00e1 mantida. Quaisquer questionamentos sobre isso s\u00e3o ila\u00e7\u00f5es sem fundamento jur\u00eddico com a clara finalidade de desvirtuar os fatos.\u201d<\/p>\n<p>Procurado pela nossa reportagem Tirso Meirelles, filho do atual presidente da entidade, F\u00e1bio Meirelles, no cargo h\u00e1 48 anos, n\u00e3o respondeu at\u00e9 o fechamento da edi\u00e7\u00e3o.<\/p>\n<\/div>\n<p><br \/>\n<br \/><a href=\"https:\/\/www.tribunaribeirao.com.br\/site\/sindicato-rural-de-rp-questiona-posse-de-diretoria-da-faesp\/\">Source link <\/a><\/p>\n<div class='code-block code-block-4' style='margin: 8px auto 8px 0; text-align: left; display: block; clear: both;'>\n\ud83d\udce2 Aviso Legal\n\nO site ismaelcolosi.com.br atua apenas como um canal de divulga\u00e7\u00e3o de oportunidades de emprego e n\u00e3o se responsabiliza pelo processo seletivo, contrata\u00e7\u00e3o ou qualquer outra etapa relacionada \u00e0s vagas publicadas. Todas as informa\u00e7\u00f5es s\u00e3o de responsabilidade dos anunciantes.\n\n\u26a0\ufe0f Aten\u00e7\u00e3o! Nunca pague por promessas de emprego nem compre cursos que garantam contrata\u00e7\u00e3o. Desconfie de qualquer cobran\u00e7a para participar de sele\u00e7\u00f5es.\n\n\n\n<\/div>\n<!-- CONTENT END 1 -->\n","protected":false},"excerpt":{"rendered":"<p>A novela da disputa pela diretoria da Federa\u00e7\u00e3o da Agricultura e Pecu\u00e1ria do Estado de S\u00e3o Paulo (Faesp) ganhou mais um cap\u00edtulo. O Sindicato Rural&#8230;<\/p>\n","protected":false},"author":1,"featured_media":45356,"comment_status":"open","ping_status":"open","sticky":false,"template":"","format":"standard","meta":{"_uag_custom_page_level_css":"","advanced_seo_description":"","jetpack_seo_html_title":"","jetpack_seo_noindex":false,"jetpack_post_was_ever_published":false,"_jetpack_newsletter_access":"","_jetpack_dont_email_post_to_subs":false,"_jetpack_newsletter_tier_id":0,"_jetpack_memberships_contains_paywalled_content":false,"_jetpack_memberships_contains_paid_content":false,"footnotes":"","jetpack_publicize_message":"","jetpack_publicize_feature_enabled":true,"jetpack_social_post_already_shared":true,"jetpack_social_options":{"image_generator_settings":{"template":"highway","default_image_id":0,"font":"","enabled":false},"version":2}},"categories":[11],"tags":[4580,5449,1913,5448,556,4978],"class_list":["post-45355","post","type-post","status-publish","format-standard","has-post-thumbnail","hentry","category-noticias-de-ribeirao-preto-sp-e-regiao-ismael-colosi","tag-diretoria","tag-faesp","tag-posse","tag-questiona","tag-rural","tag-sindicato"],"jetpack_publicize_connections":[],"jetpack_featured_media_url":"https:\/\/i0.wp.com\/ismaelcolosi.com.br\/wp-content\/uploads\/2024\/04\/4febc3cf-8c1e-4d88-981c-6a947424f16c.jpg?fit=479%2C500&ssl=1","uagb_featured_image_src":{"full":["https:\/\/i0.wp.com\/ismaelcolosi.com.br\/wp-content\/uploads\/2024\/04\/4febc3cf-8c1e-4d88-981c-6a947424f16c.jpg?fit=479%2C500&ssl=1",479,500,false],"thumbnail":["https:\/\/i0.wp.com\/ismaelcolosi.com.br\/wp-content\/uploads\/2024\/04\/4febc3cf-8c1e-4d88-981c-6a947424f16c.jpg?resize=150%2C150&ssl=1",150,150,true],"medium":["https:\/\/i0.wp.com\/ismaelcolosi.com.br\/wp-content\/uploads\/2024\/04\/4febc3cf-8c1e-4d88-981c-6a947424f16c.jpg?fit=287%2C300&ssl=1",287,300,true],"medium_large":["https:\/\/i0.wp.com\/ismaelcolosi.com.br\/wp-content\/uploads\/2024\/04\/4febc3cf-8c1e-4d88-981c-6a947424f16c.jpg?fit=479%2C500&ssl=1",479,500,true],"large":["https:\/\/i0.wp.com\/ismaelcolosi.com.br\/wp-content\/uploads\/2024\/04\/4febc3cf-8c1e-4d88-981c-6a947424f16c.jpg?fit=479%2C500&ssl=1",479,500,true],"1536x1536":["https:\/\/i0.wp.com\/ismaelcolosi.com.br\/wp-content\/uploads\/2024\/04\/4febc3cf-8c1e-4d88-981c-6a947424f16c.jpg?fit=479%2C500&ssl=1",479,500,true],"2048x2048":["https:\/\/i0.wp.com\/ismaelcolosi.com.br\/wp-content\/uploads\/2024\/04\/4febc3cf-8c1e-4d88-981c-6a947424f16c.jpg?fit=479%2C500&ssl=1",479,500,true],"really-simple-thumb":["https:\/\/i0.wp.com\/ismaelcolosi.com.br\/wp-content\/uploads\/2024\/04\/4febc3cf-8c1e-4d88-981c-6a947424f16c.jpg?resize=370%2C247&ssl=1",370,247,true]},"uagb_author_info":{"display_name":"ismaelcolosi.com.br","author_link":"https:\/\/ismaelcolosi.com.br\/index.php\/author\/vidareal-online\/"},"uagb_comment_info":0,"uagb_excerpt":"A novela da disputa pela diretoria da Federa\u00e7\u00e3o da Agricultura e Pecu\u00e1ria do Estado de S\u00e3o Paulo (Faesp) ganhou mais um cap\u00edtulo. O Sindicato Rural...","jetpack-related-posts":[{"id":28880,"url":"https:\/\/ismaelcolosi.com.br\/index.php\/2024\/01\/16\/empresario-paulo-junqueira-pode-ser-candidato-a-vice-prefeito\/","url_meta":{"origin":45355,"position":0},"title":"Empres\u00e1rio Paulo Junqueira pode ser candidato a vice-prefeito","author":"ismaelcolosi.com.br","date":"16 de January de 2024","format":false,"excerpt":"16 de janeiro de 2024 | 16:01 0O empres\u00e1rio do setor rural e advogado Paulo Junqueira, confirmou nesta ter\u00e7a-feira, 16 de janeiro, ao Tribuna Ribeir\u00e3o, que poder\u00e1 ser candidato a vice-prefeito de Ribeir\u00e3o Preto, pelo PL, na chapa que tem como pr\u00e9-candidato, o vereador e presidente da C\u00e2mara de Vereadores\u2026","rel":"","context":"In &quot;Not\u00edcias de Ribeir\u00e3o Preto-SP e Regi\u00e3o&quot;","block_context":{"text":"Not\u00edcias de Ribeir\u00e3o Preto-SP e Regi\u00e3o","link":"https:\/\/ismaelcolosi.com.br\/index.php\/category\/noticias-de-ribeirao-preto-sp-e-regiao-ismael-colosi\/"},"img":{"alt_text":"","src":"https:\/\/i0.wp.com\/ismaelcolosi.com.br\/wp-content\/uploads\/2024\/01\/f7378f50-b0c2-480c-87df-fd11723b1873.jpg?fit=620%2C351&ssl=1&resize=350%2C200","width":350,"height":200,"srcset":"https:\/\/i0.wp.com\/ismaelcolosi.com.br\/wp-content\/uploads\/2024\/01\/f7378f50-b0c2-480c-87df-fd11723b1873.jpg?fit=620%2C351&ssl=1&resize=350%2C200 1x, https:\/\/i0.wp.com\/ismaelcolosi.com.br\/wp-content\/uploads\/2024\/01\/f7378f50-b0c2-480c-87df-fd11723b1873.jpg?fit=620%2C351&ssl=1&resize=525%2C300 1.5x"},"classes":[]},{"id":54223,"url":"https:\/\/ismaelcolosi.com.br\/index.php\/2024\/06\/23\/identificada-mulher-que-morreu-em-acidente-no-anel-viario-norte-em-ribeirao-preto\/","url_meta":{"origin":45355,"position":1},"title":"Identificada mulher que morreu em acidente no Anel Vi\u00e1rio Norte em Ribeir\u00e3o Preto","author":"ismaelcolosi.com.br","date":"23 de June de 2024","format":false,"excerpt":"A mulher que morreu ap\u00f3s um acidente de tr\u00e2nsito no Anel Vi\u00e1rio Norte, em Ribeir\u00e3o Preto, na tarde deste s\u00e1bado (22), foi identificada como Wania dos Anjos. A confirma\u00e7\u00e3o da identidade da v\u00edtima foi feita pela diretoria da subsede de Ribeir\u00e3o Preto do Sindicato dos Professores do Ensino Oficial do\u2026","rel":"","context":"In &quot;Not\u00edcias de Ribeir\u00e3o Preto-SP e Regi\u00e3o&quot;","block_context":{"text":"Not\u00edcias de Ribeir\u00e3o Preto-SP e Regi\u00e3o","link":"https:\/\/ismaelcolosi.com.br\/index.php\/category\/noticias-de-ribeirao-preto-sp-e-regiao-ismael-colosi\/"},"img":{"alt_text":"","src":"https:\/\/i0.wp.com\/ismaelcolosi.com.br\/wp-content\/uploads\/2024\/06\/Copia-de-Copia-de-TAMANHO-EXATO-PARA-FOTOS-NO-SISTEMA-NOVO-92_2024-06-23_15-56-26_png_2024-06-23_15-56-26.webp.webp?fit=1200%2C675&ssl=1&resize=350%2C200","width":350,"height":200,"srcset":"https:\/\/i0.wp.com\/ismaelcolosi.com.br\/wp-content\/uploads\/2024\/06\/Copia-de-Copia-de-TAMANHO-EXATO-PARA-FOTOS-NO-SISTEMA-NOVO-92_2024-06-23_15-56-26_png_2024-06-23_15-56-26.webp.webp?fit=1200%2C675&ssl=1&resize=350%2C200 1x, https:\/\/i0.wp.com\/ismaelcolosi.com.br\/wp-content\/uploads\/2024\/06\/Copia-de-Copia-de-TAMANHO-EXATO-PARA-FOTOS-NO-SISTEMA-NOVO-92_2024-06-23_15-56-26_png_2024-06-23_15-56-26.webp.webp?fit=1200%2C675&ssl=1&resize=525%2C300 1.5x, https:\/\/i0.wp.com\/ismaelcolosi.com.br\/wp-content\/uploads\/2024\/06\/Copia-de-Copia-de-TAMANHO-EXATO-PARA-FOTOS-NO-SISTEMA-NOVO-92_2024-06-23_15-56-26_png_2024-06-23_15-56-26.webp.webp?fit=1200%2C675&ssl=1&resize=700%2C400 2x, https:\/\/i0.wp.com\/ismaelcolosi.com.br\/wp-content\/uploads\/2024\/06\/Copia-de-Copia-de-TAMANHO-EXATO-PARA-FOTOS-NO-SISTEMA-NOVO-92_2024-06-23_15-56-26_png_2024-06-23_15-56-26.webp.webp?fit=1200%2C675&ssl=1&resize=1050%2C600 3x"},"classes":[]},{"id":45639,"url":"https:\/\/ismaelcolosi.com.br\/index.php\/2024\/04\/05\/agrishow-nao-tera-solenidade\/","url_meta":{"origin":45355,"position":2},"title":"Agrishow n\u00e3o ter\u00e1 solenidade\u00a0 &#8211; Tribuna Ribeir\u00e3o","author":"ismaelcolosi.com.br","date":"5 de April de 2024","format":false,"excerpt":"A 29\u00aa Feira Internacional de Tecnologia Agr\u00edcola em A\u00e7\u00e3o (Agrishow 2024), a principal da Am\u00e9rica Latina, ser\u00e1 realizada entre os dias 29 de abril e 3 de maio, no Polo Regional de Desenvolvimento Tecnol\u00f3gico dos Agroneg\u00f3cios do Centro-Leste, no quil\u00f4metro 321 da Rodovia Antonio Duarte Nogueira (SP-322), o Anel Vi\u00e1rio\u2026","rel":"","context":"In &quot;Not\u00edcias de Ribeir\u00e3o Preto-SP e Regi\u00e3o&quot;","block_context":{"text":"Not\u00edcias de Ribeir\u00e3o Preto-SP e Regi\u00e3o","link":"https:\/\/ismaelcolosi.com.br\/index.php\/category\/noticias-de-ribeirao-preto-sp-e-regiao-ismael-colosi\/"},"img":{"alt_text":"","src":"https:\/\/i0.wp.com\/ismaelcolosi.com.br\/wp-content\/uploads\/2024\/04\/Agrishow-Divulgacao-Agrishow.jpg?fit=1200%2C628&ssl=1&resize=350%2C200","width":350,"height":200,"srcset":"https:\/\/i0.wp.com\/ismaelcolosi.com.br\/wp-content\/uploads\/2024\/04\/Agrishow-Divulgacao-Agrishow.jpg?fit=1200%2C628&ssl=1&resize=350%2C200 1x, https:\/\/i0.wp.com\/ismaelcolosi.com.br\/wp-content\/uploads\/2024\/04\/Agrishow-Divulgacao-Agrishow.jpg?fit=1200%2C628&ssl=1&resize=525%2C300 1.5x, https:\/\/i0.wp.com\/ismaelcolosi.com.br\/wp-content\/uploads\/2024\/04\/Agrishow-Divulgacao-Agrishow.jpg?fit=1200%2C628&ssl=1&resize=700%2C400 2x, https:\/\/i0.wp.com\/ismaelcolosi.com.br\/wp-content\/uploads\/2024\/04\/Agrishow-Divulgacao-Agrishow.jpg?fit=1200%2C628&ssl=1&resize=1050%2C600 3x"},"classes":[]},{"id":45724,"url":"https:\/\/ismaelcolosi.com.br\/index.php\/2024\/04\/05\/agrishow-nao-tera-solenidade-2\/","url_meta":{"origin":45355,"position":3},"title":"Agrishow n\u00e3o ter\u00e1 solenidade\u00a0 &#8211; Jornal Tribuna Ribeir\u00e3o","author":"ismaelcolosi.com.br","date":"5 de April de 2024","format":false,"excerpt":"5 de abril de 2024 | 13:005 de abril de 2024 | 9:52 0 A 29\u00aa Feira Internacional de Tecnologia Agr\u00edcola em A\u00e7\u00e3o (Agrishow 2024), a principal da Am\u00e9rica Latina, ser\u00e1 realizada entre os dias 29 de abril e 3 de maio, no Polo Regional de Desenvolvimento Tecnol\u00f3gico dos Agroneg\u00f3cios\u2026","rel":"","context":"In &quot;Not\u00edcias de Ribeir\u00e3o Preto-SP e Regi\u00e3o&quot;","block_context":{"text":"Not\u00edcias de Ribeir\u00e3o Preto-SP e Regi\u00e3o","link":"https:\/\/ismaelcolosi.com.br\/index.php\/category\/noticias-de-ribeirao-preto-sp-e-regiao-ismael-colosi\/"},"img":{"alt_text":"","src":"https:\/\/i0.wp.com\/ismaelcolosi.com.br\/wp-content\/uploads\/2024\/04\/1712369813_Agrishow-Divulgacao-Agrishow.jpg?fit=1200%2C628&ssl=1&resize=350%2C200","width":350,"height":200,"srcset":"https:\/\/i0.wp.com\/ismaelcolosi.com.br\/wp-content\/uploads\/2024\/04\/1712369813_Agrishow-Divulgacao-Agrishow.jpg?fit=1200%2C628&ssl=1&resize=350%2C200 1x, https:\/\/i0.wp.com\/ismaelcolosi.com.br\/wp-content\/uploads\/2024\/04\/1712369813_Agrishow-Divulgacao-Agrishow.jpg?fit=1200%2C628&ssl=1&resize=525%2C300 1.5x, https:\/\/i0.wp.com\/ismaelcolosi.com.br\/wp-content\/uploads\/2024\/04\/1712369813_Agrishow-Divulgacao-Agrishow.jpg?fit=1200%2C628&ssl=1&resize=700%2C400 2x, https:\/\/i0.wp.com\/ismaelcolosi.com.br\/wp-content\/uploads\/2024\/04\/1712369813_Agrishow-Divulgacao-Agrishow.jpg?fit=1200%2C628&ssl=1&resize=1050%2C600 3x"},"classes":[]},{"id":40803,"url":"https:\/\/ismaelcolosi.com.br\/index.php\/2024\/03\/05\/sicredi-inaugura-nova-agencia-na-zona-sul-de-ribeirao-preto\/","url_meta":{"origin":45355,"position":4},"title":"Sicredi inaugura nova ag\u00eancia na zona Sul de Ribeir\u00e3o Preto","author":"ismaelcolosi.com.br","date":"5 de March de 2024","format":false,"excerpt":"A Sicredi Parque das Arauc\u00e1rias PR\/SC\/SP abriu na \u00faltima segunda-feira (4), a sexta ag\u00eancia em Ribeir\u00e3o Preto, que fica na avenida Ant\u00f4nio Diederichsen, 215, no Jardim Am\u00e9rica, na zona Sul. O espa\u00e7o tem 509,94 metros quadrados, dividido em tr\u00eas pavimentos. A nova ag\u00eancia foi inaugurada na noite da \u00faltima sexta-feira\u2026","rel":"","context":"In &quot;Not\u00edcias de Ribeir\u00e3o Preto-SP e Regi\u00e3o&quot;","block_context":{"text":"Not\u00edcias de Ribeir\u00e3o Preto-SP e Regi\u00e3o","link":"https:\/\/ismaelcolosi.com.br\/index.php\/category\/noticias-de-ribeirao-preto-sp-e-regiao-ismael-colosi\/"},"img":{"alt_text":"","src":"https:\/\/i0.wp.com\/ismaelcolosi.com.br\/wp-content\/uploads\/2024\/03\/AnyConv.com__Ribeirao.webp.webp?fit=1200%2C801&ssl=1&resize=350%2C200","width":350,"height":200,"srcset":"https:\/\/i0.wp.com\/ismaelcolosi.com.br\/wp-content\/uploads\/2024\/03\/AnyConv.com__Ribeirao.webp.webp?fit=1200%2C801&ssl=1&resize=350%2C200 1x, https:\/\/i0.wp.com\/ismaelcolosi.com.br\/wp-content\/uploads\/2024\/03\/AnyConv.com__Ribeirao.webp.webp?fit=1200%2C801&ssl=1&resize=525%2C300 1.5x, https:\/\/i0.wp.com\/ismaelcolosi.com.br\/wp-content\/uploads\/2024\/03\/AnyConv.com__Ribeirao.webp.webp?fit=1200%2C801&ssl=1&resize=700%2C400 2x, https:\/\/i0.wp.com\/ismaelcolosi.com.br\/wp-content\/uploads\/2024\/03\/AnyConv.com__Ribeirao.webp.webp?fit=1200%2C801&ssl=1&resize=1050%2C600 3x"},"classes":[]},{"id":72867,"url":"https:\/\/ismaelcolosi.com.br\/index.php\/2024\/10\/23\/antigo-joquei-clube-de-ribeirao-preto-pode-virar-centro-logistico-entenda\/","url_meta":{"origin":45355,"position":5},"title":"Antigo J\u00f3quei Clube de Ribeir\u00e3o Preto pode virar centro log\u00edstico; Entenda","author":"ismaelcolosi.com.br","date":"23 de October de 2024","format":false,"excerpt":"O antigo J\u00f3quei Clube, na zona Norte de Ribeir\u00e3o Preto, pode virar um centro log\u00edstico. O projeto j\u00e1 deu entrada na Prefeitura de Ribeir\u00e3o Preto para libera\u00e7\u00e3o e, segundo a Administra\u00e7\u00e3o Municipal, ainda segue em an\u00e1lise dos \u00f3rg\u00e3os competentes. O documento aponta que o im\u00f3vel est\u00e1 localizado em uma regi\u00e3o\u2026","rel":"","context":"In &quot;Not\u00edcias de Ribeir\u00e3o Preto-SP e Regi\u00e3o&quot;","block_context":{"text":"Not\u00edcias de Ribeir\u00e3o Preto-SP e Regi\u00e3o","link":"https:\/\/ismaelcolosi.com.br\/index.php\/category\/noticias-de-ribeirao-preto-sp-e-regiao-ismael-colosi\/"},"img":{"alt_text":"","src":"https:\/\/i0.wp.com\/ismaelcolosi.com.br\/wp-content\/uploads\/2024\/10\/joquei-ribeirao-preto_2024-10-23_20-09-54_jpg_2024-10-23_20-09-54.webp.webp?fit=994%2C765&ssl=1&resize=350%2C200","width":350,"height":200,"srcset":"https:\/\/i0.wp.com\/ismaelcolosi.com.br\/wp-content\/uploads\/2024\/10\/joquei-ribeirao-preto_2024-10-23_20-09-54_jpg_2024-10-23_20-09-54.webp.webp?fit=994%2C765&ssl=1&resize=350%2C200 1x, https:\/\/i0.wp.com\/ismaelcolosi.com.br\/wp-content\/uploads\/2024\/10\/joquei-ribeirao-preto_2024-10-23_20-09-54_jpg_2024-10-23_20-09-54.webp.webp?fit=994%2C765&ssl=1&resize=525%2C300 1.5x, https:\/\/i0.wp.com\/ismaelcolosi.com.br\/wp-content\/uploads\/2024\/10\/joquei-ribeirao-preto_2024-10-23_20-09-54_jpg_2024-10-23_20-09-54.webp.webp?fit=994%2C765&ssl=1&resize=700%2C400 2x"},"classes":[]}],"jetpack_sharing_enabled":true,"jetpack_shortlink":"https:\/\/wp.me\/pfMlyK-bNx","_links":{"self":[{"href":"https:\/\/ismaelcolosi.com.br\/index.php\/wp-json\/wp\/v2\/posts\/45355","targetHints":{"allow":["GET"]}}],"collection":[{"href":"https:\/\/ismaelcolosi.com.br\/index.php\/wp-json\/wp\/v2\/posts"}],"about":[{"href":"https:\/\/ismaelcolosi.com.br\/index.php\/wp-json\/wp\/v2\/types\/post"}],"author":[{"embeddable":true,"href":"https:\/\/ismaelcolosi.com.br\/index.php\/wp-json\/wp\/v2\/users\/1"}],"replies":[{"embeddable":true,"href":"https:\/\/ismaelcolosi.com.br\/index.php\/wp-json\/wp\/v2\/comments?post=45355"}],"version-history":[{"count":0,"href":"https:\/\/ismaelcolosi.com.br\/index.php\/wp-json\/wp\/v2\/posts\/45355\/revisions"}],"wp:featuredmedia":[{"embeddable":true,"href":"https:\/\/ismaelcolosi.com.br\/index.php\/wp-json\/wp\/v2\/media\/45356"}],"wp:attachment":[{"href":"https:\/\/ismaelcolosi.com.br\/index.php\/wp-json\/wp\/v2\/media?parent=45355"}],"wp:term":[{"taxonomy":"category","embeddable":true,"href":"https:\/\/ismaelcolosi.com.br\/index.php\/wp-json\/wp\/v2\/categories?post=45355"},{"taxonomy":"post_tag","embeddable":true,"href":"https:\/\/ismaelcolosi.com.br\/index.php\/wp-json\/wp\/v2\/tags?post=45355"}],"curies":[{"name":"wp","href":"https:\/\/api.w.org\/{rel}","templated":true}]}}