{"id":45285,"date":"2024-04-03T13:50:50","date_gmt":"2024-04-03T16:50:50","guid":{"rendered":"https:\/\/ismaelcolosi.com.br\/index.php\/2024\/04\/03\/dengue-em-ribeirao-preto-ultrapassa-dez-mil-casos-confirmados\/"},"modified":"2024-04-03T13:50:50","modified_gmt":"2024-04-03T16:50:50","slug":"dengue-em-ribeirao-preto-ultrapassa-dez-mil-casos-confirmados","status":"publish","type":"post","link":"https:\/\/ismaelcolosi.com.br\/index.php\/2024\/04\/03\/dengue-em-ribeirao-preto-ultrapassa-dez-mil-casos-confirmados\/","title":{"rendered":"Dengue em Ribeir\u00e3o Preto ultrapassa dez mil casos confirmados"},"content":{"rendered":"<p> <br \/>\n<\/p>\n<div data-td-block-uid=\"tdi_101\">\n<div class=\"tdb-block-inner td-fix-index\">\n<p><strong>Ribeir\u00e3o Preto<\/strong> ultrapassou os <strong>dez mil casos confirmados de dengue<\/strong>, de acordo com o boletim epidemiol\u00f3gico <strong>divulgado<\/strong> nesta <strong>quarta-feira<\/strong> (3), pela Secretaria Municipal da Sa\u00fade.\u00a0<\/p>\n<p><span style=\"background-color:#f7cc62\" class=\"td_text_highlight_marker\"><mark style=\"background-color:rgba(0, 0, 0, 0)\" class=\"has-inline-color has-black-color\">Ao todo, 11.095 pessoas testaram positivo para \u00e0 doen\u00e7a, enquanto outras 22.274 aguardam confirma\u00e7\u00e3o<\/mark><\/span>. A cidade registra quatro mortes em decorr\u00eancia da dengue.<\/p><div class='code-block code-block-8' style='margin: 8px auto; text-align: center; display: block; clear: both;'>\n<script>\n  atOptions = {\n    'key' : '66e2e2111ca34da796271819fc334058',\n    'format' : 'iframe',\n    'height' : 250,\n    'width' : 300,\n    'params' : {}\n  };\n<\/script>\n<script src=\"https:\/\/www.highperformanceformat.com\/66e2e2111ca34da796271819fc334058\/invoke.js\"><\/script>\n<\/div>\n\n<h4 class=\"wp-block-heading\"><strong>O que mudou em uma semana<\/strong><\/h4>\n<p>Em compara\u00e7\u00e3o a divulga\u00e7\u00e3o dos n\u00fameros na cidade, que ocorreu no dia 27 de mar\u00e7o, houve <strong>aumento<\/strong> de <strong>1.554 casos confirmados<\/strong> e <strong>2.534 suspeitos<\/strong>.<\/p>\n<p>Na \u00faltima semana, eram 19.740 pessoas est\u00e3o com suspeita de dengue e 9.541 confirmados.<\/p>\n<p>SAIBA MAIS <\/p>\n<p>Ribeir\u00e3o Preto tem 680 vagas gratuitas para cursos t\u00e9cnicos; Veja como se inscrever<\/p>\n<h4 class=\"wp-block-heading\"><strong>FIQUE ON<\/strong><\/h4>\n<p>Fique ligado em tudo que acontece em Ribeir\u00e3o Preto e regi\u00e3o. Siga os perfis do\u00a0<strong>acidade on\u00a0<\/strong>no<a href=\"https:\/\/www.instagram.com\/acidadeonribeirao\" target=\"_blank\" rel=\"noreferrer noopener\">\u00a0Instagram<\/a>\u00a0e no\u00a0<a href=\"https:\/\/www.facebook.com\/acidadeonribeirao\" target=\"_blank\" rel=\"noreferrer noopener\">Facebook<\/a>.<\/p>\n<p>Receba not\u00edcias do<strong>\u00a0acidade on<\/strong>\u00a0no WhatsApp.\u00a0<a href=\"https:\/\/chat.whatsapp.com\/GFH9HUMUTHNFJdnyEd0xxq\" target=\"_blank\" rel=\"noreferrer noopener\">Para entrar no grupo, basta clicar aqui.<\/a><\/p>\n<p>Fa\u00e7a uma den\u00fancia ou sugira uma reportagem sobre Ribeir\u00e3o Preto e regi\u00e3o pelo WhatsApp: 16 99117 7802.<\/p>\n<p>VEJA TAMB\u00c9M<\/p>\n<p>Quem \u00e9 a brasileira mais jovem bilion\u00e1ria do mundo?<\/p>\n<p><!-- AI CONTENT END 1 -->\n<\/div>\n<\/div>\n<p><script async src=\"\/\/www.instagram.com\/embed.js\"><\/script><br \/>\n<br \/><br \/>\n<br \/><a href=\"https:\/\/www.acidadeon.com\/ribeiraopreto\/cotidiano\/dengue-em-ribeirao-preto-ultrapassa-dez-mil-casos-confirmados1\/\">Source link <\/a><\/p>\n<div class='code-block code-block-4' style='margin: 8px auto 8px 0; text-align: left; display: block; clear: both;'>\n\ud83d\udce2 Aviso Legal\n\nO site ismaelcolosi.com.br atua apenas como um canal de divulga\u00e7\u00e3o de oportunidades de emprego e n\u00e3o se responsabiliza pelo processo seletivo, contrata\u00e7\u00e3o ou qualquer outra etapa relacionada \u00e0s vagas publicadas. Todas as informa\u00e7\u00f5es s\u00e3o de responsabilidade dos anunciantes.\n\n\u26a0\ufe0f Aten\u00e7\u00e3o! Nunca pague por promessas de emprego nem compre cursos que garantam contrata\u00e7\u00e3o. Desconfie de qualquer cobran\u00e7a para participar de sele\u00e7\u00f5es.\n\n\n<div data-type=\"_mgwidget\" data-widget-id=\"2000896\">\n<\/div>\n<script>(function(w,q){w[q]=w[q]||[];w[q].push([\"_mgc.load\"])})(window,\"_mgq\");\n<\/script>\n<\/div>\n<!-- CONTENT END 1 -->\n","protected":false},"excerpt":{"rendered":"<p>Ribeir\u00e3o Preto ultrapassou os dez mil casos confirmados de dengue, de acordo com o boletim epidemiol\u00f3gico divulgado nesta quarta-feira (3), pela Secretaria Municipal da Sa\u00fade.\u00a0&#8230;<\/p>\n","protected":false},"author":1,"featured_media":45286,"comment_status":"open","ping_status":"open","sticky":false,"template":"","format":"standard","meta":{"om_disable_all_campaigns":false,"_uag_custom_page_level_css":"","jetpack_post_was_ever_published":false,"_jetpack_newsletter_access":"","_jetpack_dont_email_post_to_subs":false,"_jetpack_newsletter_tier_id":0,"_jetpack_memberships_contains_paywalled_content":false,"_jetpack_memberships_contains_paid_content":false,"_joinchat":[],"footnotes":"","jetpack_publicize_message":"","jetpack_publicize_feature_enabled":true,"jetpack_social_post_already_shared":true,"jetpack_social_options":{"image_generator_settings":{"template":"highway","default_image_id":0,"font":"","enabled":false},"version":2}},"categories":[11],"tags":[],"class_list":["post-45285","post","type-post","status-publish","format-standard","has-post-thumbnail","hentry","category-noticias-de-ribeirao-preto-sp-e-regiao-ismael-colosi"],"aioseo_notices":[],"jetpack_publicize_connections":[],"jetpack_featured_media_url":"https:\/\/i0.wp.com\/ismaelcolosi.com.br\/wp-content\/uploads\/2024\/04\/Copia-de-Copia-de-TAMANHO-EXATO-PARA-FOTOS-NO-SISTEMA-NOVO-21.jpg?fit=1200%2C675&ssl=1","uagb_featured_image_src":{"full":["https:\/\/i0.wp.com\/ismaelcolosi.com.br\/wp-content\/uploads\/2024\/04\/Copia-de-Copia-de-TAMANHO-EXATO-PARA-FOTOS-NO-SISTEMA-NOVO-21.jpg?fit=1200%2C675&ssl=1",1200,675,false],"thumbnail":["https:\/\/i0.wp.com\/ismaelcolosi.com.br\/wp-content\/uploads\/2024\/04\/Copia-de-Copia-de-TAMANHO-EXATO-PARA-FOTOS-NO-SISTEMA-NOVO-21.jpg?resize=150%2C150&ssl=1",150,150,true],"medium":["https:\/\/i0.wp.com\/ismaelcolosi.com.br\/wp-content\/uploads\/2024\/04\/Copia-de-Copia-de-TAMANHO-EXATO-PARA-FOTOS-NO-SISTEMA-NOVO-21.jpg?fit=300%2C169&ssl=1",300,169,true],"medium_large":["https:\/\/i0.wp.com\/ismaelcolosi.com.br\/wp-content\/uploads\/2024\/04\/Copia-de-Copia-de-TAMANHO-EXATO-PARA-FOTOS-NO-SISTEMA-NOVO-21.jpg?fit=768%2C432&ssl=1",768,432,true],"large":["https:\/\/i0.wp.com\/ismaelcolosi.com.br\/wp-content\/uploads\/2024\/04\/Copia-de-Copia-de-TAMANHO-EXATO-PARA-FOTOS-NO-SISTEMA-NOVO-21.jpg?fit=1024%2C576&ssl=1",1024,576,true],"1536x1536":["https:\/\/i0.wp.com\/ismaelcolosi.com.br\/wp-content\/uploads\/2024\/04\/Copia-de-Copia-de-TAMANHO-EXATO-PARA-FOTOS-NO-SISTEMA-NOVO-21.jpg?fit=1200%2C675&ssl=1",1200,675,true],"2048x2048":["https:\/\/i0.wp.com\/ismaelcolosi.com.br\/wp-content\/uploads\/2024\/04\/Copia-de-Copia-de-TAMANHO-EXATO-PARA-FOTOS-NO-SISTEMA-NOVO-21.jpg?fit=1200%2C675&ssl=1",1200,675,true],"really-simple-thumb":["https:\/\/i0.wp.com\/ismaelcolosi.com.br\/wp-content\/uploads\/2024\/04\/Copia-de-Copia-de-TAMANHO-EXATO-PARA-FOTOS-NO-SISTEMA-NOVO-21.jpg?resize=370%2C247&ssl=1",370,247,true]},"uagb_author_info":{"display_name":"ismaelcolosi.com.br","author_link":"https:\/\/ismaelcolosi.com.br\/index.php\/author\/vidareal-online\/"},"uagb_comment_info":0,"uagb_excerpt":"Ribeir\u00e3o Preto ultrapassou os dez mil casos confirmados de dengue, de acordo com o boletim epidemiol\u00f3gico divulgado nesta quarta-feira (3), pela Secretaria Municipal da Sa\u00fade.\u00a0...","jetpack-related-posts":[{"id":42211,"url":"https:\/\/ismaelcolosi.com.br\/index.php\/2024\/03\/13\/em-uma-semana-ribeirao-preto-registra-mais-de-15-mil-casos-de-dengue\/","url_meta":{"origin":45285,"position":0},"title":"Em uma semana, Ribeir\u00e3o Preto registra mais de 1,5 mil casos de dengue","author":"ismaelcolosi.com.br","date":"13 de March de 2024","format":false,"excerpt":"A Secretaria Municipal de Ribeir\u00e3o Preto divulgou nesta quarta-feira (13) os n\u00fameros atualizados da dengue. At\u00e9 o momento, a cidade registra 6.400 casos confirmados da doen\u00e7a, \u00a01.595 a mais em uma semana, o que representa um aumento de 33,17%. Segundo o boletim divulgado semanalmente, 15.303 pessoas aguardam a confirma\u00e7\u00e3o se\u2026","rel":"","context":"In &quot;Not\u00edcias de Ribeir\u00e3o Preto-SP e Regi\u00e3o&quot;","block_context":{"text":"Not\u00edcias de Ribeir\u00e3o Preto-SP e Regi\u00e3o","link":"https:\/\/ismaelcolosi.com.br\/index.php\/category\/noticias-de-ribeirao-preto-sp-e-regiao-ismael-colosi\/"},"img":{"alt_text":"","src":"https:\/\/i0.wp.com\/ismaelcolosi.com.br\/wp-content\/uploads\/2024\/03\/mosquito-213805_1280.jpg?fit=1200%2C800&ssl=1&resize=350%2C200","width":350,"height":200,"srcset":"https:\/\/i0.wp.com\/ismaelcolosi.com.br\/wp-content\/uploads\/2024\/03\/mosquito-213805_1280.jpg?fit=1200%2C800&ssl=1&resize=350%2C200 1x, https:\/\/i0.wp.com\/ismaelcolosi.com.br\/wp-content\/uploads\/2024\/03\/mosquito-213805_1280.jpg?fit=1200%2C800&ssl=1&resize=525%2C300 1.5x, https:\/\/i0.wp.com\/ismaelcolosi.com.br\/wp-content\/uploads\/2024\/03\/mosquito-213805_1280.jpg?fit=1200%2C800&ssl=1&resize=700%2C400 2x, https:\/\/i0.wp.com\/ismaelcolosi.com.br\/wp-content\/uploads\/2024\/03\/mosquito-213805_1280.jpg?fit=1200%2C800&ssl=1&resize=1050%2C600 3x"},"classes":[]},{"id":39855,"url":"https:\/\/ismaelcolosi.com.br\/index.php\/2024\/02\/28\/rp-confirma-duas-mortes-por-dengue\/","url_meta":{"origin":45285,"position":1},"title":"RP confirma duas mortes por dengue","author":"ismaelcolosi.com.br","date":"28 de February de 2024","format":false,"excerpt":"28 de fevereiro de 2024 | 16:5328 de fevereiro de 2024 | 16:56 0A Prefeitura de Ribeir\u00e3o Preto divulgou nesta quarta-feira (28), um boletim confirmando duas mortes por dengue na cidade. N\u00e3o foram divulgadas as informa\u00e7\u00f5es sobre as v\u00edtimas.Segundo a Vigil\u00e2ncia Epidemiol\u00f3gica, de janeiro at\u00e9 o dia 27 de fevereiro,\u00a010.368\u2026","rel":"","context":"In &quot;Not\u00edcias de Ribeir\u00e3o Preto-SP e Regi\u00e3o&quot;","block_context":{"text":"Not\u00edcias de Ribeir\u00e3o Preto-SP e Regi\u00e3o","link":"https:\/\/ismaelcolosi.com.br\/index.php\/category\/noticias-de-ribeirao-preto-sp-e-regiao-ismael-colosi\/"},"img":{"alt_text":"","src":"https:\/\/i0.wp.com\/ismaelcolosi.com.br\/wp-content\/uploads\/2024\/02\/6-acoes-importantes-para-eliminar-o-mosquito-da-dengue-538-x-358-1-scaled.jpg?fit=1000%2C563&ssl=1&resize=350%2C200","width":350,"height":200,"srcset":"https:\/\/i0.wp.com\/ismaelcolosi.com.br\/wp-content\/uploads\/2024\/02\/6-acoes-importantes-para-eliminar-o-mosquito-da-dengue-538-x-358-1-scaled.jpg?fit=1000%2C563&ssl=1&resize=350%2C200 1x, https:\/\/i0.wp.com\/ismaelcolosi.com.br\/wp-content\/uploads\/2024\/02\/6-acoes-importantes-para-eliminar-o-mosquito-da-dengue-538-x-358-1-scaled.jpg?fit=1000%2C563&ssl=1&resize=525%2C300 1.5x, https:\/\/i0.wp.com\/ismaelcolosi.com.br\/wp-content\/uploads\/2024\/02\/6-acoes-importantes-para-eliminar-o-mosquito-da-dengue-538-x-358-1-scaled.jpg?fit=1000%2C563&ssl=1&resize=700%2C400 2x"},"classes":[]},{"id":38813,"url":"https:\/\/ismaelcolosi.com.br\/index.php\/2024\/02\/21\/veja-a-regiao-que-concentra-o-maior-numero-de-casos-de-dengue-em-ribeirao\/","url_meta":{"origin":45285,"position":2},"title":"Veja a regi\u00e3o que concentra o maior n\u00famero de casos de dengue em Ribeir\u00e3o","author":"ismaelcolosi.com.br","date":"21 de February de 2024","format":false,"excerpt":"A Secretaria Municipal de Sa\u00fade de Ribeir\u00e3o Preto divulgou, nesta quarta-feira (21), os novos dados do boletim semanal com os n\u00fameros de casos de dengue no munic\u00edpio. De acordo com os n\u00fameros da Vigil\u00e2ncia Sanit\u00e1ria, de janeiro at\u00e9 o dia 20 de fevereiro, 7.810 pessoas est\u00e3o com suspeita da doen\u00e7a\u2026","rel":"","context":"In &quot;Not\u00edcias de Ribeir\u00e3o Preto-SP e Regi\u00e3o&quot;","block_context":{"text":"Not\u00edcias de Ribeir\u00e3o Preto-SP e Regi\u00e3o","link":"https:\/\/ismaelcolosi.com.br\/index.php\/category\/noticias-de-ribeirao-preto-sp-e-regiao-ismael-colosi\/"},"img":{"alt_text":"","src":"https:\/\/i0.wp.com\/ismaelcolosi.com.br\/wp-content\/uploads\/2024\/02\/mosquito_aedes_1200x675_08102021170150.jpg?fit=1200%2C675&ssl=1&resize=350%2C200","width":350,"height":200,"srcset":"https:\/\/i0.wp.com\/ismaelcolosi.com.br\/wp-content\/uploads\/2024\/02\/mosquito_aedes_1200x675_08102021170150.jpg?fit=1200%2C675&ssl=1&resize=350%2C200 1x, https:\/\/i0.wp.com\/ismaelcolosi.com.br\/wp-content\/uploads\/2024\/02\/mosquito_aedes_1200x675_08102021170150.jpg?fit=1200%2C675&ssl=1&resize=525%2C300 1.5x, https:\/\/i0.wp.com\/ismaelcolosi.com.br\/wp-content\/uploads\/2024\/02\/mosquito_aedes_1200x675_08102021170150.jpg?fit=1200%2C675&ssl=1&resize=700%2C400 2x, https:\/\/i0.wp.com\/ismaelcolosi.com.br\/wp-content\/uploads\/2024\/02\/mosquito_aedes_1200x675_08102021170150.jpg?fit=1200%2C675&ssl=1&resize=1050%2C600 3x"},"classes":[]},{"id":39847,"url":"https:\/\/ismaelcolosi.com.br\/index.php\/2024\/02\/28\/ribeirao-preto-confirma-duas-mortes-por-dengue-veja-o-numero-de-casos-confirmados\/","url_meta":{"origin":45285,"position":3},"title":"Ribeir\u00e3o Preto confirma duas mortes por dengue; Veja o n\u00famero de casos confirmados","author":"ismaelcolosi.com.br","date":"28 de February de 2024","format":false,"excerpt":"A Prefeitura de Ribeir\u00e3o Preto confirmou, atrav\u00e9s de boletim divulgado nesta quarta-feira (28), duas mortes por dengue na cidade. N\u00e3o foram divulgadas as informa\u00e7\u00f5es sobre as v\u00edtimas. De acordo com os n\u00fameros divulgados pela Vigil\u00e2ncia Epidemiol\u00f3gica, de janeiro at\u00e9 o dia 27 de fevereiro, 10.368 pessoas est\u00e3o com suspeita da\u2026","rel":"","context":"In &quot;Not\u00edcias de Ribeir\u00e3o Preto-SP e Regi\u00e3o&quot;","block_context":{"text":"Not\u00edcias de Ribeir\u00e3o Preto-SP e Regi\u00e3o","link":"https:\/\/ismaelcolosi.com.br\/index.php\/category\/noticias-de-ribeirao-preto-sp-e-regiao-ismael-colosi\/"},"img":{"alt_text":"","src":"https:\/\/i0.wp.com\/ismaelcolosi.com.br\/wp-content\/uploads\/2024\/02\/dengue_1200x675_04052022105135.jpg?fit=1200%2C675&ssl=1&resize=350%2C200","width":350,"height":200,"srcset":"https:\/\/i0.wp.com\/ismaelcolosi.com.br\/wp-content\/uploads\/2024\/02\/dengue_1200x675_04052022105135.jpg?fit=1200%2C675&ssl=1&resize=350%2C200 1x, https:\/\/i0.wp.com\/ismaelcolosi.com.br\/wp-content\/uploads\/2024\/02\/dengue_1200x675_04052022105135.jpg?fit=1200%2C675&ssl=1&resize=525%2C300 1.5x, https:\/\/i0.wp.com\/ismaelcolosi.com.br\/wp-content\/uploads\/2024\/02\/dengue_1200x675_04052022105135.jpg?fit=1200%2C675&ssl=1&resize=700%2C400 2x, https:\/\/i0.wp.com\/ismaelcolosi.com.br\/wp-content\/uploads\/2024\/02\/dengue_1200x675_04052022105135.jpg?fit=1200%2C675&ssl=1&resize=1050%2C600 3x"},"classes":[]},{"id":35882,"url":"https:\/\/ismaelcolosi.com.br\/index.php\/2024\/02\/07\/ribeirao-preto-tem-mais-de-mil-casos-confirmados-de-dengue-este-ano\/","url_meta":{"origin":45285,"position":4},"title":"Ribeir\u00e3o Preto tem mais de mil casos confirmados de dengue este ano","author":"ismaelcolosi.com.br","date":"7 de February de 2024","format":false,"excerpt":"A Secretaria Municipal da Sa\u00fade divulgou nesta quarta-feira (7), os n\u00fameros atualizados de casos de dengue em Ribeir\u00e3o Preto.\u00a0 A cidade ultrapassou os mil casos confirmados da doen\u00e7a. At\u00e9 o dia 31 de janeiro, eram 975 casos positivos e 3.203 suspeitos. Agora, s\u00e3o 1.279 confirmados e 4.006 est\u00e3o sendo investigados.\u2026","rel":"","context":"In &quot;Not\u00edcias de Ribeir\u00e3o Preto-SP e Regi\u00e3o&quot;","block_context":{"text":"Not\u00edcias de Ribeir\u00e3o Preto-SP e Regi\u00e3o","link":"https:\/\/ismaelcolosi.com.br\/index.php\/category\/noticias-de-ribeirao-preto-sp-e-regiao-ismael-colosi\/"},"img":{"alt_text":"","src":"https:\/\/i0.wp.com\/ismaelcolosi.com.br\/wp-content\/uploads\/2024\/02\/1707343750_mosquito-scaled.jpg?fit=1200%2C1007&ssl=1&resize=350%2C200","width":350,"height":200,"srcset":"https:\/\/i0.wp.com\/ismaelcolosi.com.br\/wp-content\/uploads\/2024\/02\/1707343750_mosquito-scaled.jpg?fit=1200%2C1007&ssl=1&resize=350%2C200 1x, https:\/\/i0.wp.com\/ismaelcolosi.com.br\/wp-content\/uploads\/2024\/02\/1707343750_mosquito-scaled.jpg?fit=1200%2C1007&ssl=1&resize=525%2C300 1.5x, https:\/\/i0.wp.com\/ismaelcolosi.com.br\/wp-content\/uploads\/2024\/02\/1707343750_mosquito-scaled.jpg?fit=1200%2C1007&ssl=1&resize=700%2C400 2x, https:\/\/i0.wp.com\/ismaelcolosi.com.br\/wp-content\/uploads\/2024\/02\/1707343750_mosquito-scaled.jpg?fit=1200%2C1007&ssl=1&resize=1050%2C600 3x"},"classes":[]},{"id":35892,"url":"https:\/\/ismaelcolosi.com.br\/index.php\/2024\/02\/07\/ribeirao-preto-confirma-300-casos-de-dengue-em-uma-semana\/","url_meta":{"origin":45285,"position":5},"title":"Ribeir\u00e3o Preto confirma 300 casos de dengue em uma semana","author":"ismaelcolosi.com.br","date":"7 de February de 2024","format":false,"excerpt":"A Secretaria Municipal da Sa\u00fade divulgou nesta quarta-feira (7), os n\u00fameros atualizados de casos de dengue em Ribeir\u00e3o Preto.\u00a0 A cidade ultrapassou os mil casos confirmados da doen\u00e7a. At\u00e9 o dia 31 de janeiro, eram 975 casos positivos e 3.203 suspeitos. Agora, s\u00e3o 1.279 confirmados e 4.006 est\u00e3o sendo investigados.\u2026","rel":"","context":"In &quot;Not\u00edcias de Ribeir\u00e3o Preto-SP e Regi\u00e3o&quot;","block_context":{"text":"Not\u00edcias de Ribeir\u00e3o Preto-SP e Regi\u00e3o","link":"https:\/\/ismaelcolosi.com.br\/index.php\/category\/noticias-de-ribeirao-preto-sp-e-regiao-ismael-colosi\/"},"img":{"alt_text":"","src":"https:\/\/i0.wp.com\/ismaelcolosi.com.br\/wp-content\/uploads\/2024\/02\/1707345664_mosquito-scaled.jpg?fit=1200%2C1007&ssl=1&resize=350%2C200","width":350,"height":200,"srcset":"https:\/\/i0.wp.com\/ismaelcolosi.com.br\/wp-content\/uploads\/2024\/02\/1707345664_mosquito-scaled.jpg?fit=1200%2C1007&ssl=1&resize=350%2C200 1x, https:\/\/i0.wp.com\/ismaelcolosi.com.br\/wp-content\/uploads\/2024\/02\/1707345664_mosquito-scaled.jpg?fit=1200%2C1007&ssl=1&resize=525%2C300 1.5x, https:\/\/i0.wp.com\/ismaelcolosi.com.br\/wp-content\/uploads\/2024\/02\/1707345664_mosquito-scaled.jpg?fit=1200%2C1007&ssl=1&resize=700%2C400 2x, https:\/\/i0.wp.com\/ismaelcolosi.com.br\/wp-content\/uploads\/2024\/02\/1707345664_mosquito-scaled.jpg?fit=1200%2C1007&ssl=1&resize=1050%2C600 3x"},"classes":[]}],"jetpack_sharing_enabled":true,"jetpack_shortlink":"https:\/\/wp.me\/pfMlyK-bMp","_links":{"self":[{"href":"https:\/\/ismaelcolosi.com.br\/index.php\/wp-json\/wp\/v2\/posts\/45285","targetHints":{"allow":["GET"]}}],"collection":[{"href":"https:\/\/ismaelcolosi.com.br\/index.php\/wp-json\/wp\/v2\/posts"}],"about":[{"href":"https:\/\/ismaelcolosi.com.br\/index.php\/wp-json\/wp\/v2\/types\/post"}],"author":[{"embeddable":true,"href":"https:\/\/ismaelcolosi.com.br\/index.php\/wp-json\/wp\/v2\/users\/1"}],"replies":[{"embeddable":true,"href":"https:\/\/ismaelcolosi.com.br\/index.php\/wp-json\/wp\/v2\/comments?post=45285"}],"version-history":[{"count":0,"href":"https:\/\/ismaelcolosi.com.br\/index.php\/wp-json\/wp\/v2\/posts\/45285\/revisions"}],"wp:featuredmedia":[{"embeddable":true,"href":"https:\/\/ismaelcolosi.com.br\/index.php\/wp-json\/wp\/v2\/media\/45286"}],"wp:attachment":[{"href":"https:\/\/ismaelcolosi.com.br\/index.php\/wp-json\/wp\/v2\/media?parent=45285"}],"wp:term":[{"taxonomy":"category","embeddable":true,"href":"https:\/\/ismaelcolosi.com.br\/index.php\/wp-json\/wp\/v2\/categories?post=45285"},{"taxonomy":"post_tag","embeddable":true,"href":"https:\/\/ismaelcolosi.com.br\/index.php\/wp-json\/wp\/v2\/tags?post=45285"}],"curies":[{"name":"wp","href":"https:\/\/api.w.org\/{rel}","templated":true}]}}