{"id":45214,"date":"2024-04-03T00:14:38","date_gmt":"2024-04-03T03:14:38","guid":{"rendered":"https:\/\/ismaelcolosi.com.br\/index.php\/2024\/04\/03\/festa-do-peao-de-barretos-tera-show-de-ze-neto-cristiano\/"},"modified":"2024-04-03T00:14:38","modified_gmt":"2024-04-03T03:14:38","slug":"festa-do-peao-de-barretos-tera-show-de-ze-neto-cristiano","status":"publish","type":"post","link":"https:\/\/ismaelcolosi.com.br\/index.php\/2024\/04\/03\/festa-do-peao-de-barretos-tera-show-de-ze-neto-cristiano\/","title":{"rendered":"Festa do Pe\u00e3o de Barretos ter\u00e1 show de Z\u00e9 Neto &#038; Cristiano"},"content":{"rendered":"<p> <br \/>\n<\/p>\n<div>\n<h3 class=\"fn__maintitle\"><span>Festa do Pe\u00e3o de Barretos ter\u00e1 show de Z\u00e9 Neto &amp; Cristiano<\/span><\/h3>\n<\/div>\n<div>\n<p><span data-sider-select-id=\"6fc79edc-c561-49cf-abb8-308353b30f5b\">A dupla Z\u00e9 Neto &amp; Cristiano, uma das mais aclamadas e ouvidas do pa\u00eds, est\u00e1 confirmada na grade musical da 69\u00aa Festa do Pe\u00e3o de Boiadeiro de Barretos (15 a 25 de agosto). Os cantores far\u00e3o show no dia 23 de agosto, no segundo fim de semana de programa\u00e7\u00e3o do maior evento do g\u00eanero da Am\u00e9rica Latina.<\/span><br \/>Os sertanejos voltam ao palco do Est\u00e1dio de Rodeios ap\u00f3s a grande apresenta\u00e7\u00e3o realizada no ano passado. Em 2024, al\u00e9m da sele\u00e7\u00e3o de grandes sucessos que marcaram a carreira, a dupla levar\u00e1 para os f\u00e3s as m\u00fasicas do novo DVD \u201cIntenso\u201d, lan\u00e7ado recentemente. Diferente de projetos anteriores, o trabalho aposta em uma sequ\u00eancia de participa\u00e7\u00f5es especiais e transmite o momento de transforma\u00e7\u00e3o vivido pela dupla, que agora \u00e9 respons\u00e1vel pela gest\u00e3o da pr\u00f3pria carreira.<br \/>A Festa do Pe\u00e3o de Barretos tamb\u00e9m confirmou para a mesma noite, as duplas Munhoz &amp; Mariano e Hugo Pena &amp; Gabriel. Ainda no dia 23 de agosto, j\u00e1 foram anunciados os shows de Luan Santana e Zez\u00e9 Di Camargo &amp; Luciano.<br \/><i><strong>Mais shows<\/strong><\/i><\/p>\n<p>No primeiro dia, 15 de agosto, os shows anunciados s\u00e3o de Luan Pereira e de Lauana Prado. No dia 16, sexta, os shows ser\u00e3o das g\u00eameas Maiara e Mara\u00edsa, da cantora Simone Mendes e da dupla Bruno &amp; Marrone.<br \/>A programa\u00e7\u00e3o segue no dia 17 de agosto, com C\u00e9sar Menotti &amp; Fabiano (embaixadores do rodeio deste ano), Jorge &amp; Mateus e Ana Castela. E no dia 24 de agosto, o aguardado show internacional do \u00eddolo country norte-americano, Cody Johnson.<br \/><i><strong>Ingressos<\/strong><\/i><\/p><div class='code-block code-block-8' style='margin: 8px auto; text-align: center; display: block; clear: both;'>\n<script>\n  atOptions = {\n    'key' : '66e2e2111ca34da796271819fc334058',\n    'format' : 'iframe',\n    'height' : 250,\n    'width' : 300,\n    'params' : {}\n  };\n<\/script>\n<script src=\"https:\/\/www.highperformanceformat.com\/66e2e2111ca34da796271819fc334058\/invoke.js\"><\/script>\n<\/div>\n\n<p>Os acessos para a festa est\u00e3o \u00e0 venda exclusivamente por meio do\u00a0<a href=\"https:\/\/s2404.imxsnd25.com\/link.php?code=bDpodHRwcyUzQSUyRiUyRmJhcnJldG9zLnRvdGFsYWNlc3NvLmNvbSUyRjozMDczNjgzNTQ2OmZhYmlvQHBvcGl0by5jb20uYnI6OWJjYTY2Ojc1\" target=\"_blank\" rel=\"noopener noreferrer\">site oficial da Total Acesso<\/a>. No endere\u00e7o \u00e9 poss\u00edvel encontrar os lotes para os setores Parque\/Rodeio\/Show, \u00c1rea Vip, Pista Prime, Pista Gold e Stage Prime; Camarotes Arena Premium, Brahma, Open Super Bull e Dagente. Tamb\u00e9m j\u00e1 \u00e9 poss\u00edvel adquirir pacotes para a \u00e1rea de Camping, que funciona dentro do Parque do Pe\u00e3o.<\/p>\n<div class=\"popito_fn_votewrap\">\n<h3 class=\"vote_title\">Como voc\u00ea vota? <\/h3>\n<div class=\"popito_fn_votes \" data-id=\"1837\">\n<p>0 People voted this article. 0 Upvotes &#8211; 0 Downvotes.<\/p>\n<\/div>\n<\/div>\n<\/div>\n<p><br \/>\n<br \/><a href=\"https:\/\/popito.com.br\/festa-do-peao-de-barretos-tera-show-de-ze-neto-cristiano\/\">Source link <\/a><\/p>\n<div class='code-block code-block-4' style='margin: 8px auto 8px 0; text-align: left; display: block; clear: both;'>\n\ud83d\udce2 Aviso Legal\n\nO site ismaelcolosi.com.br atua apenas como um canal de divulga\u00e7\u00e3o de oportunidades de emprego e n\u00e3o se responsabiliza pelo processo seletivo, contrata\u00e7\u00e3o ou qualquer outra etapa relacionada \u00e0s vagas publicadas. Todas as informa\u00e7\u00f5es s\u00e3o de responsabilidade dos anunciantes.\n\n\u26a0\ufe0f Aten\u00e7\u00e3o! Nunca pague por promessas de emprego nem compre cursos que garantam contrata\u00e7\u00e3o. Desconfie de qualquer cobran\u00e7a para participar de sele\u00e7\u00f5es.\n\n\n\n<\/div>\n<!-- CONTENT END 1 -->\n","protected":false},"excerpt":{"rendered":"<p>Festa do Pe\u00e3o de Barretos ter\u00e1 show de Z\u00e9 Neto &amp; Cristiano A dupla Z\u00e9 Neto &amp; Cristiano, uma das mais aclamadas e ouvidas do&#8230;<\/p>\n","protected":false},"author":1,"featured_media":45215,"comment_status":"open","ping_status":"open","sticky":false,"template":"","format":"standard","meta":{"_uag_custom_page_level_css":"","advanced_seo_description":"","jetpack_seo_html_title":"","jetpack_seo_noindex":false,"jetpack_post_was_ever_published":false,"_jetpack_newsletter_access":"","_jetpack_dont_email_post_to_subs":false,"_jetpack_newsletter_tier_id":0,"_jetpack_memberships_contains_paywalled_content":false,"_jetpack_memberships_contains_paid_content":false,"footnotes":"","jetpack_publicize_message":"","jetpack_publicize_feature_enabled":true,"jetpack_social_post_already_shared":true,"jetpack_social_options":{"image_generator_settings":{"template":"highway","default_image_id":0,"font":"","enabled":false},"version":2}},"categories":[11],"tags":[3023,5416,2017,1500,3641,360,679,1970],"class_list":["post-45214","post","type-post","status-publish","format-standard","has-post-thumbnail","hentry","category-noticias-de-ribeirao-preto-sp-e-regiao-ismael-colosi","tag-barretos","tag-cristiano","tag-festa","tag-neto","tag-peao","tag-show","tag-tera","tag-ze"],"jetpack_publicize_connections":[],"jetpack_featured_media_url":"https:\/\/i0.wp.com\/ismaelcolosi.com.br\/wp-content\/uploads\/2024\/04\/78896df7ff9867b582066d0c653570be.jpeg?fit=2048%2C1365&ssl=1","uagb_featured_image_src":{"full":["https:\/\/i0.wp.com\/ismaelcolosi.com.br\/wp-content\/uploads\/2024\/04\/78896df7ff9867b582066d0c653570be.jpeg?fit=2048%2C1365&ssl=1",2048,1365,false],"thumbnail":["https:\/\/i0.wp.com\/ismaelcolosi.com.br\/wp-content\/uploads\/2024\/04\/78896df7ff9867b582066d0c653570be.jpeg?resize=150%2C150&ssl=1",150,150,true],"medium":["https:\/\/i0.wp.com\/ismaelcolosi.com.br\/wp-content\/uploads\/2024\/04\/78896df7ff9867b582066d0c653570be.jpeg?fit=300%2C200&ssl=1",300,200,true],"medium_large":["https:\/\/i0.wp.com\/ismaelcolosi.com.br\/wp-content\/uploads\/2024\/04\/78896df7ff9867b582066d0c653570be.jpeg?fit=768%2C512&ssl=1",768,512,true],"large":["https:\/\/i0.wp.com\/ismaelcolosi.com.br\/wp-content\/uploads\/2024\/04\/78896df7ff9867b582066d0c653570be.jpeg?fit=1024%2C683&ssl=1",1024,683,true],"1536x1536":["https:\/\/i0.wp.com\/ismaelcolosi.com.br\/wp-content\/uploads\/2024\/04\/78896df7ff9867b582066d0c653570be.jpeg?fit=1536%2C1024&ssl=1",1536,1024,true],"2048x2048":["https:\/\/i0.wp.com\/ismaelcolosi.com.br\/wp-content\/uploads\/2024\/04\/78896df7ff9867b582066d0c653570be.jpeg?fit=2048%2C1365&ssl=1",2048,1365,true],"really-simple-thumb":["https:\/\/i0.wp.com\/ismaelcolosi.com.br\/wp-content\/uploads\/2024\/04\/78896df7ff9867b582066d0c653570be.jpeg?resize=370%2C247&ssl=1",370,247,true]},"uagb_author_info":{"display_name":"ismaelcolosi.com.br","author_link":"https:\/\/ismaelcolosi.com.br\/index.php\/author\/vidareal-online\/"},"uagb_comment_info":0,"uagb_excerpt":"Festa do Pe\u00e3o de Barretos ter\u00e1 show de Z\u00e9 Neto &amp; Cristiano A dupla Z\u00e9 Neto &amp; Cristiano, uma das mais aclamadas e ouvidas do...","jetpack-related-posts":[{"id":61688,"url":"https:\/\/ismaelcolosi.com.br\/index.php\/2024\/08\/22\/ze-neto-e-cristiano-cancelam-show-na-festa-do-peao-de-barretos-veja-o-motivo\/","url_meta":{"origin":45214,"position":0},"title":"Z\u00e9 Neto e Cristiano cancelam show na Festa do Pe\u00e3o de Barretos; Veja o motivo","author":"ismaelcolosi.com.br","date":"22 de August de 2024","format":false,"excerpt":"\u201d target=\u201d_blank\u201d rel=\u201dnoreferrer noopener\u201d>redes sociais, a justificativa da suspens\u00e3o dos shows \u00e9 um tratamento para depress\u00e3o e s\u00edndrome aguda do p\u00e2nico de Z\u00e9 Neto. Agradecemos o carinho e a compreens\u00e3o de todos. Como voc\u00eas, estamos todos em ora\u00e7\u00e3o para a plena recupera\u00e7\u00e3o do nosso Z\u00e9 Netodiz o comunicado Quem vai\u2026","rel":"","context":"In &quot;Not\u00edcias de Ribeir\u00e3o Preto-SP e Regi\u00e3o&quot;","block_context":{"text":"Not\u00edcias de Ribeir\u00e3o Preto-SP e Regi\u00e3o","link":"https:\/\/ismaelcolosi.com.br\/index.php\/category\/noticias-de-ribeirao-preto-sp-e-regiao-ismael-colosi\/"},"img":{"alt_text":"","src":"https:\/\/i0.wp.com\/ismaelcolosi.com.br\/wp-content\/uploads\/2024\/06\/Copia-de-Copia-de-TAMANHO-EXATO-PARA-FOTOS-NO-SISTEMA-NOVO-10_2024-06-05_18-20-37_jpg_2024-06-05_18-20-37.webp.webp?fit=1200%2C675&ssl=1&resize=350%2C200","width":350,"height":200,"srcset":"https:\/\/i0.wp.com\/ismaelcolosi.com.br\/wp-content\/uploads\/2024\/06\/Copia-de-Copia-de-TAMANHO-EXATO-PARA-FOTOS-NO-SISTEMA-NOVO-10_2024-06-05_18-20-37_jpg_2024-06-05_18-20-37.webp.webp?fit=1200%2C675&ssl=1&resize=350%2C200 1x, https:\/\/i0.wp.com\/ismaelcolosi.com.br\/wp-content\/uploads\/2024\/06\/Copia-de-Copia-de-TAMANHO-EXATO-PARA-FOTOS-NO-SISTEMA-NOVO-10_2024-06-05_18-20-37_jpg_2024-06-05_18-20-37.webp.webp?fit=1200%2C675&ssl=1&resize=525%2C300 1.5x, https:\/\/i0.wp.com\/ismaelcolosi.com.br\/wp-content\/uploads\/2024\/06\/Copia-de-Copia-de-TAMANHO-EXATO-PARA-FOTOS-NO-SISTEMA-NOVO-10_2024-06-05_18-20-37_jpg_2024-06-05_18-20-37.webp.webp?fit=1200%2C675&ssl=1&resize=700%2C400 2x, https:\/\/i0.wp.com\/ismaelcolosi.com.br\/wp-content\/uploads\/2024\/06\/Copia-de-Copia-de-TAMANHO-EXATO-PARA-FOTOS-NO-SISTEMA-NOVO-10_2024-06-05_18-20-37_jpg_2024-06-05_18-20-37.webp.webp?fit=1200%2C675&ssl=1&resize=1050%2C600 3x"},"classes":[]},{"id":46085,"url":"https:\/\/ismaelcolosi.com.br\/index.php\/2024\/04\/09\/festa-do-peao-de-barretos-confirma-show-de-edson-hudson\/","url_meta":{"origin":45214,"position":1},"title":"Festa do Pe\u00e3o de Barretos confirma show de Edson &#038; Hudson","author":"ismaelcolosi.com.br","date":"9 de April de 2024","format":false,"excerpt":"Festa do Pe\u00e3o de Barretos confirma show de Edson & HudsonDupla com mais de tr\u00eas d\u00e9cadas de hist\u00f3ria apresentar\u00e1 seus maiores sucessos no dia 18 de agosto, domingo. A Festa acontece de 15 a 25 de agosto, no Parque do Pe\u00e3o, e ingressos j\u00e1 est\u00e3o \u00e0 venda. A 69\u00aa Festa\u2026","rel":"","context":"In &quot;Not\u00edcias de Ribeir\u00e3o Preto-SP e Regi\u00e3o&quot;","block_context":{"text":"Not\u00edcias de Ribeir\u00e3o Preto-SP e Regi\u00e3o","link":"https:\/\/ismaelcolosi.com.br\/index.php\/category\/noticias-de-ribeirao-preto-sp-e-regiao-ismael-colosi\/"},"img":{"alt_text":"","src":"https:\/\/i0.wp.com\/ismaelcolosi.com.br\/wp-content\/uploads\/2024\/04\/85f68e21cdfeac1b8cca92eadc410ba7-1.jpeg?fit=1200%2C645&ssl=1&resize=350%2C200","width":350,"height":200,"srcset":"https:\/\/i0.wp.com\/ismaelcolosi.com.br\/wp-content\/uploads\/2024\/04\/85f68e21cdfeac1b8cca92eadc410ba7-1.jpeg?fit=1200%2C645&ssl=1&resize=350%2C200 1x, https:\/\/i0.wp.com\/ismaelcolosi.com.br\/wp-content\/uploads\/2024\/04\/85f68e21cdfeac1b8cca92eadc410ba7-1.jpeg?fit=1200%2C645&ssl=1&resize=525%2C300 1.5x, https:\/\/i0.wp.com\/ismaelcolosi.com.br\/wp-content\/uploads\/2024\/04\/85f68e21cdfeac1b8cca92eadc410ba7-1.jpeg?fit=1200%2C645&ssl=1&resize=700%2C400 2x, https:\/\/i0.wp.com\/ismaelcolosi.com.br\/wp-content\/uploads\/2024\/04\/85f68e21cdfeac1b8cca92eadc410ba7-1.jpeg?fit=1200%2C645&ssl=1&resize=1050%2C600 3x"},"classes":[]},{"id":45169,"url":"https:\/\/ismaelcolosi.com.br\/index.php\/2024\/04\/02\/ze-neto-veja-mais-shows\/","url_meta":{"origin":45214,"position":2},"title":"Z\u00e9 Neto &#038; Cristiano confirmados na Festa do Pe\u00e3o de Barretos; Veja mais shows","author":"ismaelcolosi.com.br","date":"2 de April de 2024","format":false,"excerpt":"A dupla sertaneja Z\u00e9 Neto & Cristiano est\u00e1 confirmada na Festa do Pe\u00e3o de Barretos, que acontece de 15 a 25 de agosto. Os cantores, foram anunciados pela organiza\u00e7\u00e3o do evento na tarde desta ter\u00e7a-feira (2), e se apresentam no dia 23 de agosto (veja abaixo). Al\u00e9m de Z\u00e9 Neto\u2026","rel":"","context":"In &quot;Not\u00edcias de Ribeir\u00e3o Preto-SP e Regi\u00e3o&quot;","block_context":{"text":"Not\u00edcias de Ribeir\u00e3o Preto-SP e Regi\u00e3o","link":"https:\/\/ismaelcolosi.com.br\/index.php\/category\/noticias-de-ribeirao-preto-sp-e-regiao-ismael-colosi\/"},"img":{"alt_text":"","src":"https:\/\/i0.wp.com\/ismaelcolosi.com.br\/wp-content\/uploads\/2024\/04\/Copia-de-Copia-de-TAMANHO-EXATO-PARA-FOTOS-NO-SISTEMA-NOVO-19.jpg?fit=1200%2C675&ssl=1&resize=350%2C200","width":350,"height":200,"srcset":"https:\/\/i0.wp.com\/ismaelcolosi.com.br\/wp-content\/uploads\/2024\/04\/Copia-de-Copia-de-TAMANHO-EXATO-PARA-FOTOS-NO-SISTEMA-NOVO-19.jpg?fit=1200%2C675&ssl=1&resize=350%2C200 1x, https:\/\/i0.wp.com\/ismaelcolosi.com.br\/wp-content\/uploads\/2024\/04\/Copia-de-Copia-de-TAMANHO-EXATO-PARA-FOTOS-NO-SISTEMA-NOVO-19.jpg?fit=1200%2C675&ssl=1&resize=525%2C300 1.5x, https:\/\/i0.wp.com\/ismaelcolosi.com.br\/wp-content\/uploads\/2024\/04\/Copia-de-Copia-de-TAMANHO-EXATO-PARA-FOTOS-NO-SISTEMA-NOVO-19.jpg?fit=1200%2C675&ssl=1&resize=700%2C400 2x, https:\/\/i0.wp.com\/ismaelcolosi.com.br\/wp-content\/uploads\/2024\/04\/Copia-de-Copia-de-TAMANHO-EXATO-PARA-FOTOS-NO-SISTEMA-NOVO-19.jpg?fit=1200%2C675&ssl=1&resize=1050%2C600 3x"},"classes":[]},{"id":46466,"url":"https:\/\/ismaelcolosi.com.br\/index.php\/2024\/04\/11\/chitaozinho-e-xororo-estao-confirmados-na-festa-do-peao-de-barretos-veja-atracoes\/","url_meta":{"origin":45214,"position":3},"title":"Chit\u00e3ozinho e Xoror\u00f3 est\u00e3o confirmados na Festa do Pe\u00e3o de Barretos; Veja atra\u00e7\u00f5es","author":"ismaelcolosi.com.br","date":"11 de April de 2024","format":false,"excerpt":"Os cantores Chit\u00e3ozinho e Xoror\u00f3, considerados \u2018\u00edcones\u2019 do mundo sertanejo, est\u00e3o confirmados na programa\u00e7\u00e3o de shows da Festa do Pe\u00e3o de Barretos, que acontece entre os dias 15 e 25 de agosto, no Parque Permanente de Exposi\u00e7\u00f5es do munic\u00edpio. A dupla se apresenta no dia 24 de agosto, com sua\u2026","rel":"","context":"In &quot;Not\u00edcias de Ribeir\u00e3o Preto-SP e Regi\u00e3o&quot;","block_context":{"text":"Not\u00edcias de Ribeir\u00e3o Preto-SP e Regi\u00e3o","link":"https:\/\/ismaelcolosi.com.br\/index.php\/category\/noticias-de-ribeirao-preto-sp-e-regiao-ismael-colosi\/"},"img":{"alt_text":"","src":"https:\/\/i0.wp.com\/ismaelcolosi.com.br\/wp-content\/uploads\/2024\/04\/ffc834adec60a26990ee21a8c5053e6e-scaled.jpeg?fit=1200%2C800&ssl=1&resize=350%2C200","width":350,"height":200,"srcset":"https:\/\/i0.wp.com\/ismaelcolosi.com.br\/wp-content\/uploads\/2024\/04\/ffc834adec60a26990ee21a8c5053e6e-scaled.jpeg?fit=1200%2C800&ssl=1&resize=350%2C200 1x, https:\/\/i0.wp.com\/ismaelcolosi.com.br\/wp-content\/uploads\/2024\/04\/ffc834adec60a26990ee21a8c5053e6e-scaled.jpeg?fit=1200%2C800&ssl=1&resize=525%2C300 1.5x, https:\/\/i0.wp.com\/ismaelcolosi.com.br\/wp-content\/uploads\/2024\/04\/ffc834adec60a26990ee21a8c5053e6e-scaled.jpeg?fit=1200%2C800&ssl=1&resize=700%2C400 2x, https:\/\/i0.wp.com\/ismaelcolosi.com.br\/wp-content\/uploads\/2024\/04\/ffc834adec60a26990ee21a8c5053e6e-scaled.jpeg?fit=1200%2C800&ssl=1&resize=1050%2C600 3x"},"classes":[]},{"id":50257,"url":"https:\/\/ismaelcolosi.com.br\/index.php\/2024\/05\/15\/cesar-menotti-fabiano-fazem-show-extra-com-convidados-na-festa-do-peao-de-barretos\/","url_meta":{"origin":45214,"position":4},"title":"C\u00e9sar Menotti &#038; Fabiano fazem show extra com convidados na Festa do Pe\u00e3o de Barretos","author":"ismaelcolosi.com.br","date":"15 de May de 2024","format":false,"excerpt":"A dupla sertaneja C\u00e9sar Menotti & Fabiano far\u00e1 um show extra durante a 69\u00aa Festa do Pe\u00e3o de Barretos. A apresenta\u00e7\u00e3o especial com convidados , em comemora\u00e7\u00e3o aos 20 anos de carreira, ser\u00e1 no dia 21 de agosto. O show dos embaixadores, j\u00e1 anunciado anteriormente, ser\u00e1 no dia 17. Mesmo\u2026","rel":"","context":"In &quot;Not\u00edcias de Ribeir\u00e3o Preto-SP e Regi\u00e3o&quot;","block_context":{"text":"Not\u00edcias de Ribeir\u00e3o Preto-SP e Regi\u00e3o","link":"https:\/\/ismaelcolosi.com.br\/index.php\/category\/noticias-de-ribeirao-preto-sp-e-regiao-ismael-colosi\/"},"img":{"alt_text":"","src":"https:\/\/i0.wp.com\/ismaelcolosi.com.br\/wp-content\/uploads\/2024\/05\/WhatsApp-Image-2024-05-15-at-12.16.04-1_2024-05-15_16-01-49_jpeg_2024-05-15_16-01-49.webp.webp?fit=1200%2C800&ssl=1&resize=350%2C200","width":350,"height":200,"srcset":"https:\/\/i0.wp.com\/ismaelcolosi.com.br\/wp-content\/uploads\/2024\/05\/WhatsApp-Image-2024-05-15-at-12.16.04-1_2024-05-15_16-01-49_jpeg_2024-05-15_16-01-49.webp.webp?fit=1200%2C800&ssl=1&resize=350%2C200 1x, https:\/\/i0.wp.com\/ismaelcolosi.com.br\/wp-content\/uploads\/2024\/05\/WhatsApp-Image-2024-05-15-at-12.16.04-1_2024-05-15_16-01-49_jpeg_2024-05-15_16-01-49.webp.webp?fit=1200%2C800&ssl=1&resize=525%2C300 1.5x, https:\/\/i0.wp.com\/ismaelcolosi.com.br\/wp-content\/uploads\/2024\/05\/WhatsApp-Image-2024-05-15-at-12.16.04-1_2024-05-15_16-01-49_jpeg_2024-05-15_16-01-49.webp.webp?fit=1200%2C800&ssl=1&resize=700%2C400 2x, https:\/\/i0.wp.com\/ismaelcolosi.com.br\/wp-content\/uploads\/2024\/05\/WhatsApp-Image-2024-05-15-at-12.16.04-1_2024-05-15_16-01-49_jpeg_2024-05-15_16-01-49.webp.webp?fit=1200%2C800&ssl=1&resize=1050%2C600 3x"},"classes":[]},{"id":46091,"url":"https:\/\/ismaelcolosi.com.br\/index.php\/2024\/04\/09\/edson-hudson-se-apresentam-na-festa-do-peao-de-barretos\/","url_meta":{"origin":45214,"position":5},"title":"Edson &#038; Hudson se apresentam na Festa do Pe\u00e3o de Barretos","author":"ismaelcolosi.com.br","date":"9 de April de 2024","format":false,"excerpt":"A dupla sertaneja Edson & Hudson est\u00e1 confirmada para 69\u00aa Festa do Pe\u00e3o de Barretos. Os irm\u00e3os se apresentam no dia 18 de agosto. Essa \u00e9 a primeira atra\u00e7\u00e3o musical confirmada para o primeiro domingo da festa, que acontece de 15 a 25 de agosto. Confira a programa\u00e7\u00e3o musical da\u2026","rel":"","context":"In &quot;Not\u00edcias de Ribeir\u00e3o Preto-SP e Regi\u00e3o&quot;","block_context":{"text":"Not\u00edcias de Ribeir\u00e3o Preto-SP e Regi\u00e3o","link":"https:\/\/ismaelcolosi.com.br\/index.php\/category\/noticias-de-ribeirao-preto-sp-e-regiao-ismael-colosi\/"},"img":{"alt_text":"","src":"https:\/\/i0.wp.com\/ismaelcolosi.com.br\/wp-content\/uploads\/2024\/04\/Copia-de-Copia-de-TAMANHO-EXATO-PARA-FOTOS-NO-SISTEMA-NOVO-9-1.jpg?fit=1200%2C675&ssl=1&resize=350%2C200","width":350,"height":200,"srcset":"https:\/\/i0.wp.com\/ismaelcolosi.com.br\/wp-content\/uploads\/2024\/04\/Copia-de-Copia-de-TAMANHO-EXATO-PARA-FOTOS-NO-SISTEMA-NOVO-9-1.jpg?fit=1200%2C675&ssl=1&resize=350%2C200 1x, https:\/\/i0.wp.com\/ismaelcolosi.com.br\/wp-content\/uploads\/2024\/04\/Copia-de-Copia-de-TAMANHO-EXATO-PARA-FOTOS-NO-SISTEMA-NOVO-9-1.jpg?fit=1200%2C675&ssl=1&resize=525%2C300 1.5x, https:\/\/i0.wp.com\/ismaelcolosi.com.br\/wp-content\/uploads\/2024\/04\/Copia-de-Copia-de-TAMANHO-EXATO-PARA-FOTOS-NO-SISTEMA-NOVO-9-1.jpg?fit=1200%2C675&ssl=1&resize=700%2C400 2x, https:\/\/i0.wp.com\/ismaelcolosi.com.br\/wp-content\/uploads\/2024\/04\/Copia-de-Copia-de-TAMANHO-EXATO-PARA-FOTOS-NO-SISTEMA-NOVO-9-1.jpg?fit=1200%2C675&ssl=1&resize=1050%2C600 3x"},"classes":[]}],"jetpack_sharing_enabled":true,"jetpack_shortlink":"https:\/\/wp.me\/pfMlyK-bLg","_links":{"self":[{"href":"https:\/\/ismaelcolosi.com.br\/index.php\/wp-json\/wp\/v2\/posts\/45214","targetHints":{"allow":["GET"]}}],"collection":[{"href":"https:\/\/ismaelcolosi.com.br\/index.php\/wp-json\/wp\/v2\/posts"}],"about":[{"href":"https:\/\/ismaelcolosi.com.br\/index.php\/wp-json\/wp\/v2\/types\/post"}],"author":[{"embeddable":true,"href":"https:\/\/ismaelcolosi.com.br\/index.php\/wp-json\/wp\/v2\/users\/1"}],"replies":[{"embeddable":true,"href":"https:\/\/ismaelcolosi.com.br\/index.php\/wp-json\/wp\/v2\/comments?post=45214"}],"version-history":[{"count":0,"href":"https:\/\/ismaelcolosi.com.br\/index.php\/wp-json\/wp\/v2\/posts\/45214\/revisions"}],"wp:featuredmedia":[{"embeddable":true,"href":"https:\/\/ismaelcolosi.com.br\/index.php\/wp-json\/wp\/v2\/media\/45215"}],"wp:attachment":[{"href":"https:\/\/ismaelcolosi.com.br\/index.php\/wp-json\/wp\/v2\/media?parent=45214"}],"wp:term":[{"taxonomy":"category","embeddable":true,"href":"https:\/\/ismaelcolosi.com.br\/index.php\/wp-json\/wp\/v2\/categories?post=45214"},{"taxonomy":"post_tag","embeddable":true,"href":"https:\/\/ismaelcolosi.com.br\/index.php\/wp-json\/wp\/v2\/tags?post=45214"}],"curies":[{"name":"wp","href":"https:\/\/api.w.org\/{rel}","templated":true}]}}