{"id":45203,"date":"2024-04-02T22:18:59","date_gmt":"2024-04-03T01:18:59","guid":{"rendered":"https:\/\/ismaelcolosi.com.br\/index.php\/2024\/04\/02\/warner-music-digitaliza-albuns-regionais-de-grande-sucesso\/"},"modified":"2024-04-02T22:18:59","modified_gmt":"2024-04-03T01:18:59","slug":"warner-music-digitaliza-albuns-regionais-de-grande-sucesso","status":"publish","type":"post","link":"https:\/\/ismaelcolosi.com.br\/index.php\/2024\/04\/02\/warner-music-digitaliza-albuns-regionais-de-grande-sucesso\/","title":{"rendered":"Warner Music digitaliza \u00e1lbuns regionais de grande sucesso"},"content":{"rendered":"<p> <br \/>\n<\/p>\n<div>\n<h3 class=\"fn__maintitle\"><span>Warner Music digitaliza \u00e1lbuns regionais de grande sucesso<\/span><\/h3>\n<\/div>\n<div>\n<p><i data-sider-select-id=\"56a711bd-8d41-466c-9602-20ba96f106e3\">Intitulado \u201cContinental 80 anos\u201d, projeto da gravadora resgata e completa discografia de grandes artistas regionais, como Anast\u00e1cia, Daniel e Cezar &amp; Paulinho<\/i><\/p>\n<p>Desde mar\u00e7o, a Warner Music Brasil est\u00e1 comprometida em recuperar boa parte da hist\u00f3ria da m\u00fasica brasileira, especialmente a sertaneja. Com um projeto intitulado \u201cContinental 80 anos\u201d, a gravadora lan\u00e7a semanalmente discos do acervo da antiga Continental, empresa a qual acoplou em 1993. Neste m\u00eas, ser\u00e3o digitalizados grandes sucessos da cantora e compositora Anast\u00e1cia, o \u00e1lbum em espanhol do cantor Daniel e o 12\u00ba volume da discografia da dupla Cezar &amp; Paulinho.<\/p>\n<p>A hist\u00f3ria da Warner Music com a m\u00fasica regional \u00e9 antiga. Atrav\u00e9s da Continental e da Chantecler, ela herdou o legado de olhar para a diversidade do pa\u00eds. S\u00f3 para se ter uma ideia, sucessos como \u201cEstrada da Vida\u201d de Milion\u00e1rio &amp; Jos\u00e9 Rico, \u201cPense Em Mim\u201d de Leandro &amp; Leonardo e \u201cDormi na Pra\u00e7a\u201d de Bruno &amp; Marrone nasceram na gravadora na d\u00e9cada de 1990 e ainda acumulam milhares de streamings nas plataformas. Al\u00e9m dos citados, foi respons\u00e1vel pelos primeiros registros de artistas como Almir Sater, Amado Batista, Jo\u00e3o Paulo &amp; Daniel, Rick &amp; Renner, Roberta Miranda e muitos outros.<\/p>\n<p>Agora, a fim de resgatar esse passado e perpetuar a cultura para as pr\u00f3ximas gera\u00e7\u00f5es, a Warner quer jogar luz no seu rico acervo \u2013 desde a \u00e9poca da Continental \u2013 que ainda n\u00e3o tinha sido digitalizado. Em mar\u00e7o, ficaram dispon\u00edveis nas plataformas antigos discos das duplas Chico Rey &amp; Paran\u00e1, Milion\u00e1rio &amp; Mathias, Milion\u00e1rio &amp; Robertinho, Rick &amp; Renner e Chrystian &amp; Ralf.<\/p>\n<p>Na primeira sexta-feira de abril (05), o \u201cVolume 12\u201d de Cezar &amp; Paulinho, uma das duplas mais tradicionais da m\u00fasica sertaneja do pa\u00eds, chega aos tocadores digitais. Este \u00e1lbum tem um dos grandes hits da trajet\u00f3ria do duo, a m\u00fasica \u201cFaz de conta que eu sou ele\u201d. Nas semanas seguintes, grandes LP\u2019s da cantora de forr\u00f3 Anast\u00e1cia tamb\u00e9m ser\u00e3o disponibilizados: no dia 12 sai \u201c30 Anos de Forr\u00f3\u201d (1985), que conta com participa\u00e7\u00f5es de Gilberto Gil e Belchior; e dia 19 \u00e9 liberado \u201cCanta para o Nordeste\u201d (1967). Por fim, na \u00faltima sexta do m\u00eas (26), o projeto vai lan\u00e7ar o disco \u201cEn Espa\u00f1ol\u201d (2001) do cantor Daniel.<\/p>\n<p>\u00a0<\/p>\n<div class=\"popito_fn_votewrap\">\n<h3 class=\"vote_title\">Como voc\u00ea vota? <\/h3>\n<div class=\"popito_fn_votes \" data-id=\"1846\">\n<p>0 People voted this article. 0 Upvotes &#8211; 0 Downvotes.<\/p>\n<\/div>\n<\/div>\n<\/div>\n<p><br \/>\n<br \/><a href=\"https:\/\/popito.com.br\/warner-music-digitaliza-albuns-regionais-de-grande-sucesso\/\">Source link <\/a><\/p>\n<div class='code-block code-block-4' style='margin: 8px auto 8px 0; text-align: left; display: block; clear: both;'>\n\ud83d\udce2 Aviso Legal\n\nO site ismaelcolosi.com.br atua apenas como um canal de divulga\u00e7\u00e3o de oportunidades de emprego e n\u00e3o se responsabiliza pelo processo seletivo, contrata\u00e7\u00e3o ou qualquer outra etapa relacionada \u00e0s vagas publicadas. Todas as informa\u00e7\u00f5es s\u00e3o de responsabilidade dos anunciantes.\n\n\u26a0\ufe0f Aten\u00e7\u00e3o! Nunca pague por promessas de emprego nem compre cursos que garantam contrata\u00e7\u00e3o. Desconfie de qualquer cobran\u00e7a para participar de sele\u00e7\u00f5es.\n\n\n\n<\/div>\n<!-- CONTENT END 1 -->\n","protected":false},"excerpt":{"rendered":"<p>Warner Music digitaliza \u00e1lbuns regionais de grande sucesso Intitulado \u201cContinental 80 anos\u201d, projeto da gravadora resgata e completa discografia de grandes artistas regionais, como Anast\u00e1cia,&#8230;<\/p>\n","protected":false},"author":1,"featured_media":45204,"comment_status":"open","ping_status":"open","sticky":false,"template":"","format":"standard","meta":{"_uag_custom_page_level_css":"","advanced_seo_description":"","jetpack_seo_html_title":"","jetpack_seo_noindex":false,"jetpack_post_was_ever_published":false,"_jetpack_newsletter_access":"","_jetpack_dont_email_post_to_subs":false,"_jetpack_newsletter_tier_id":0,"_jetpack_memberships_contains_paywalled_content":false,"_jetpack_memberships_contains_paid_content":false,"footnotes":"","jetpack_publicize_message":"","jetpack_publicize_feature_enabled":true,"jetpack_social_post_already_shared":true,"jetpack_social_options":{"image_generator_settings":{"template":"highway","default_image_id":0,"font":"","enabled":false},"version":2}},"categories":[11],"tags":[5402,5401,1464,1958,5403,818,5358],"class_list":["post-45203","post","type-post","status-publish","format-standard","has-post-thumbnail","hentry","category-noticias-de-ribeirao-preto-sp-e-regiao-ismael-colosi","tag-albuns","tag-digitaliza","tag-grande","tag-music","tag-regionais","tag-sucesso","tag-warner"],"jetpack_publicize_connections":[],"jetpack_featured_media_url":"https:\/\/i0.wp.com\/ismaelcolosi.com.br\/wp-content\/uploads\/2024\/04\/Divulgacao-Warner-Music-Group-3-scaled-1.jpg?fit=2560%2C1710&ssl=1","uagb_featured_image_src":{"full":["https:\/\/i0.wp.com\/ismaelcolosi.com.br\/wp-content\/uploads\/2024\/04\/Divulgacao-Warner-Music-Group-3-scaled-1.jpg?fit=2560%2C1710&ssl=1",2560,1710,false],"thumbnail":["https:\/\/i0.wp.com\/ismaelcolosi.com.br\/wp-content\/uploads\/2024\/04\/Divulgacao-Warner-Music-Group-3-scaled-1.jpg?resize=150%2C150&ssl=1",150,150,true],"medium":["https:\/\/i0.wp.com\/ismaelcolosi.com.br\/wp-content\/uploads\/2024\/04\/Divulgacao-Warner-Music-Group-3-scaled-1.jpg?fit=300%2C200&ssl=1",300,200,true],"medium_large":["https:\/\/i0.wp.com\/ismaelcolosi.com.br\/wp-content\/uploads\/2024\/04\/Divulgacao-Warner-Music-Group-3-scaled-1.jpg?fit=768%2C513&ssl=1",768,513,true],"large":["https:\/\/i0.wp.com\/ismaelcolosi.com.br\/wp-content\/uploads\/2024\/04\/Divulgacao-Warner-Music-Group-3-scaled-1.jpg?fit=1024%2C684&ssl=1",1024,684,true],"1536x1536":["https:\/\/i0.wp.com\/ismaelcolosi.com.br\/wp-content\/uploads\/2024\/04\/Divulgacao-Warner-Music-Group-3-scaled-1.jpg?fit=1536%2C1026&ssl=1",1536,1026,true],"2048x2048":["https:\/\/i0.wp.com\/ismaelcolosi.com.br\/wp-content\/uploads\/2024\/04\/Divulgacao-Warner-Music-Group-3-scaled-1.jpg?fit=2048%2C1368&ssl=1",2048,1368,true],"really-simple-thumb":["https:\/\/i0.wp.com\/ismaelcolosi.com.br\/wp-content\/uploads\/2024\/04\/Divulgacao-Warner-Music-Group-3-scaled-1.jpg?resize=370%2C247&ssl=1",370,247,true]},"uagb_author_info":{"display_name":"ismaelcolosi.com.br","author_link":"https:\/\/ismaelcolosi.com.br\/index.php\/author\/vidareal-online\/"},"uagb_comment_info":0,"uagb_excerpt":"Warner Music digitaliza \u00e1lbuns regionais de grande sucesso Intitulado \u201cContinental 80 anos\u201d, projeto da gravadora resgata e completa discografia de grandes artistas regionais, como Anast\u00e1cia,...","jetpack-related-posts":[{"id":47506,"url":"https:\/\/ismaelcolosi.com.br\/index.php\/2024\/04\/25\/thiago-freitas-assina-com-a-warner-music-brasil\/","url_meta":{"origin":45203,"position":0},"title":"Thiago Freitas assina com a Warner Music Brasil","author":"ismaelcolosi.com.br","date":"25 de April de 2024","format":false,"excerpt":"Thiago Freitas assina com a Warner Music BrasilConsiderado uma das promessas musicais da atualidade, no meio do forr\u00f3 e do piseiro, o\u00a0cantor e compositor,\u00a0Thiago Freitas,\u00a0acaba de assinar contrato com a\u00a0Warner Music Brasil,\u00a0passando\u00a0a fazer parte do cast oficial da gravadora. O jovem artista de 21 anos, natural de Tangar\u00e1, no Rio\u2026","rel":"","context":"In &quot;Not\u00edcias de Ribeir\u00e3o Preto-SP e Regi\u00e3o&quot;","block_context":{"text":"Not\u00edcias de Ribeir\u00e3o Preto-SP e Regi\u00e3o","link":"https:\/\/ismaelcolosi.com.br\/index.php\/category\/noticias-de-ribeirao-preto-sp-e-regiao-ismael-colosi\/"},"img":{"alt_text":"","src":"https:\/\/i0.wp.com\/popito.com.br\/wp-content\/uploads\/2024\/04\/handler-4-2.jpeg?resize=350%2C200&ssl=1","width":350,"height":200,"srcset":"https:\/\/i0.wp.com\/popito.com.br\/wp-content\/uploads\/2024\/04\/handler-4-2.jpeg?resize=350%2C200&ssl=1 1x, https:\/\/i0.wp.com\/popito.com.br\/wp-content\/uploads\/2024\/04\/handler-4-2.jpeg?resize=525%2C300&ssl=1 1.5x, https:\/\/i0.wp.com\/popito.com.br\/wp-content\/uploads\/2024\/04\/handler-4-2.jpeg?resize=700%2C400&ssl=1 2x, https:\/\/i0.wp.com\/popito.com.br\/wp-content\/uploads\/2024\/04\/handler-4-2.jpeg?resize=1050%2C600&ssl=1 3x"},"classes":[]},{"id":42412,"url":"https:\/\/ismaelcolosi.com.br\/index.php\/2024\/03\/14\/kiko-zambianchi-faz-show-beneficente\/","url_meta":{"origin":45203,"position":1},"title":"Kiko Zambianchi faz show beneficente \u00a0","author":"ismaelcolosi.com.br","date":"14 de March de 2024","format":false,"excerpt":"A Casa das Mangueiras \u00e9 mantida com apoio institucional e financeiro de toda a sociedade civil e poder p\u00fablico, al\u00e9m de estrat\u00e9gias de gera\u00e7\u00e3o de receita pr\u00f3pria. O projeto Ritmo do Bem, por exemplo, nasceu para colaborar com as atividades da institui\u00e7\u00e3o. Para isso, Ribeir\u00e3o Preto receber\u00e1 nesta quinta-feira, 14\u2026","rel":"","context":"In &quot;Not\u00edcias de Ribeir\u00e3o Preto-SP e Regi\u00e3o&quot;","block_context":{"text":"Not\u00edcias de Ribeir\u00e3o Preto-SP e Regi\u00e3o","link":"https:\/\/ismaelcolosi.com.br\/index.php\/category\/noticias-de-ribeirao-preto-sp-e-regiao-ismael-colosi\/"},"img":{"alt_text":"","src":"https:\/\/i0.wp.com\/ismaelcolosi.com.br\/wp-content\/uploads\/2024\/03\/Mangueiras-Kik-Priscila-Prade-scaled.jpg?fit=966%2C645&ssl=1&resize=350%2C200","width":350,"height":200,"srcset":"https:\/\/i0.wp.com\/ismaelcolosi.com.br\/wp-content\/uploads\/2024\/03\/Mangueiras-Kik-Priscila-Prade-scaled.jpg?fit=966%2C645&ssl=1&resize=350%2C200 1x, https:\/\/i0.wp.com\/ismaelcolosi.com.br\/wp-content\/uploads\/2024\/03\/Mangueiras-Kik-Priscila-Prade-scaled.jpg?fit=966%2C645&ssl=1&resize=525%2C300 1.5x, https:\/\/i0.wp.com\/ismaelcolosi.com.br\/wp-content\/uploads\/2024\/03\/Mangueiras-Kik-Priscila-Prade-scaled.jpg?fit=966%2C645&ssl=1&resize=700%2C400 2x"},"classes":[]},{"id":41191,"url":"https:\/\/ismaelcolosi.com.br\/index.php\/2024\/03\/06\/ritmo-do-bem-kiko-zambianchi-traz-classicos-nacionais-em-show-em-ribeirao-preto\/","url_meta":{"origin":45203,"position":2},"title":"Kiko Zambianchi traz cl\u00e1ssicos nacionais em show em Ribeir\u00e3o Preto \u2013 Portal Popito","author":"ismaelcolosi.com.br","date":"6 de March de 2024","format":false,"excerpt":"Rod Hanna e \u00c1lvaro Petersen far\u00e3o participa\u00e7\u00e3o especial com setlist que misturar\u00e1 MBP, pop rock e disco music; todos eles, artistas da \u2018casa\u2019, se unem em evento beneficente em prol da Casa das Mangueiras no dia 14 de mar\u00e7o. Ingressos est\u00e3o \u00e0 venda As hist\u00f3rias de vida e carreiras profissionais\u2026","rel":"","context":"In &quot;Not\u00edcias de Ribeir\u00e3o Preto-SP e Regi\u00e3o&quot;","block_context":{"text":"Not\u00edcias de Ribeir\u00e3o Preto-SP e Regi\u00e3o","link":"https:\/\/ismaelcolosi.com.br\/index.php\/category\/noticias-de-ribeirao-preto-sp-e-regiao-ismael-colosi\/"},"img":{"alt_text":"","src":"https:\/\/i0.wp.com\/ismaelcolosi.com.br\/wp-content\/uploads\/2024\/03\/Rod-Hanna.jpg?fit=1200%2C721&ssl=1&resize=350%2C200","width":350,"height":200,"srcset":"https:\/\/i0.wp.com\/ismaelcolosi.com.br\/wp-content\/uploads\/2024\/03\/Rod-Hanna.jpg?fit=1200%2C721&ssl=1&resize=350%2C200 1x, https:\/\/i0.wp.com\/ismaelcolosi.com.br\/wp-content\/uploads\/2024\/03\/Rod-Hanna.jpg?fit=1200%2C721&ssl=1&resize=525%2C300 1.5x, https:\/\/i0.wp.com\/ismaelcolosi.com.br\/wp-content\/uploads\/2024\/03\/Rod-Hanna.jpg?fit=1200%2C721&ssl=1&resize=700%2C400 2x, https:\/\/i0.wp.com\/ismaelcolosi.com.br\/wp-content\/uploads\/2024\/03\/Rod-Hanna.jpg?fit=1200%2C721&ssl=1&resize=1050%2C600 3x"},"classes":[]},{"id":87818,"url":"https:\/\/ismaelcolosi.com.br\/index.php\/2025\/10\/03\/5-licoes-de-gestao-de-carreira-de-taylor-swift\/","url_meta":{"origin":45203,"position":3},"title":"5 Li\u00e7\u00f5es de Gest\u00e3o de Carreira de Taylor Swift","author":"ismaelcolosi.com.br","date":"3 de October de 2025","format":false,"excerpt":"\r Marcelo Endelli\/TAS23\/Getty Images\r Trajet\u00f3ria de Taylor Swift traz li\u00e7\u00f5es valiosas para l\u00edderes de todos os setores\r Acessibilidade \r L\r L\r A-\r A+\r \r \u25d0\r \r O sucesso de Taylor Swift ao longo de mais de duas d\u00e9cadas na ind\u00fastria da m\u00fasica reflete n\u00e3o apenas sua \u00e9tica de trabalho, mas\u2026","rel":"","context":"In &quot;Carreira e Sucesso&quot;","block_context":{"text":"Carreira e Sucesso","link":"https:\/\/ismaelcolosi.com.br\/index.php\/category\/carreira-e-sucesso-dicas-para-carreira\/"},"img":{"alt_text":"","src":"https:\/\/i0.wp.com\/ismaelcolosi.com.br\/wp-content\/uploads\/2025\/10\/taylor-swift-1200x675.jpg?fit=1200%2C675&ssl=1&resize=350%2C200","width":350,"height":200,"srcset":"https:\/\/i0.wp.com\/ismaelcolosi.com.br\/wp-content\/uploads\/2025\/10\/taylor-swift-1200x675.jpg?fit=1200%2C675&ssl=1&resize=350%2C200 1x, https:\/\/i0.wp.com\/ismaelcolosi.com.br\/wp-content\/uploads\/2025\/10\/taylor-swift-1200x675.jpg?fit=1200%2C675&ssl=1&resize=525%2C300 1.5x, https:\/\/i0.wp.com\/ismaelcolosi.com.br\/wp-content\/uploads\/2025\/10\/taylor-swift-1200x675.jpg?fit=1200%2C675&ssl=1&resize=700%2C400 2x, https:\/\/i0.wp.com\/ismaelcolosi.com.br\/wp-content\/uploads\/2025\/10\/taylor-swift-1200x675.jpg?fit=1200%2C675&ssl=1&resize=1050%2C600 3x"},"classes":[]},{"id":45364,"url":"https:\/\/ismaelcolosi.com.br\/index.php\/2024\/04\/03\/warner-bros-reune-fas-famosos-e-elenco-de-evidencias-do-amor-em-pre-estreias\/","url_meta":{"origin":45203,"position":4},"title":"Warner Bros. re\u00fane f\u00e3s, famosos e elenco de Evid\u00eancias do Amor em pr\u00e9-estreias","author":"ismaelcolosi.com.br","date":"3 de April de 2024","format":false,"excerpt":"Warner Bros. re\u00fane f\u00e3s, famosos e elenco de Evid\u00eancias do Amor em pr\u00e9-estreiasEm contagem regressiva para a estreia de\u00a0Evid\u00eancias do Amor\u00a0no pr\u00f3ximo dia 11, a Warner Bros. Pictures reuniu o elenco, produ\u00e7\u00e3o, f\u00e3s e famosos em duas pr\u00e9-estreias do filme nesta semana, em S\u00e3o Paulo e Rio de Janeiro. Com\u2026","rel":"","context":"In &quot;Not\u00edcias de Ribeir\u00e3o Preto-SP e Regi\u00e3o&quot;","block_context":{"text":"Not\u00edcias de Ribeir\u00e3o Preto-SP e Regi\u00e3o","link":"https:\/\/ismaelcolosi.com.br\/index.php\/category\/noticias-de-ribeirao-preto-sp-e-regiao-ismael-colosi\/"},"img":{"alt_text":"","src":"https:\/\/i0.wp.com\/ismaelcolosi.com.br\/wp-content\/uploads\/2024\/04\/MHC03805.jpg?fit=1200%2C675&ssl=1&resize=350%2C200","width":350,"height":200,"srcset":"https:\/\/i0.wp.com\/ismaelcolosi.com.br\/wp-content\/uploads\/2024\/04\/MHC03805.jpg?fit=1200%2C675&ssl=1&resize=350%2C200 1x, https:\/\/i0.wp.com\/ismaelcolosi.com.br\/wp-content\/uploads\/2024\/04\/MHC03805.jpg?fit=1200%2C675&ssl=1&resize=525%2C300 1.5x, https:\/\/i0.wp.com\/ismaelcolosi.com.br\/wp-content\/uploads\/2024\/04\/MHC03805.jpg?fit=1200%2C675&ssl=1&resize=700%2C400 2x, https:\/\/i0.wp.com\/ismaelcolosi.com.br\/wp-content\/uploads\/2024\/04\/MHC03805.jpg?fit=1200%2C675&ssl=1&resize=1050%2C600 3x"},"classes":[]},{"id":48837,"url":"https:\/\/ismaelcolosi.com.br\/index.php\/2024\/05\/07\/spotify-anuncia-os-artistas-latinoamericanos-que-integram-o-programa-radar-2024\/","url_meta":{"origin":45203,"position":5},"title":"Spotify anuncia os artistas latinoamericanos que integram o programa RADAR 2024","author":"ismaelcolosi.com.br","date":"7 de May de 2024","format":false,"excerpt":"Spotify anuncia os artistas latinoamericanos que integram o programa RADAR 2024O\u00a0Spotify\u00a0anunciou hoje os\u00a012 artistas selecionados para o grupo RADAR 2024 na Am\u00e9rica Latina. Entre os nomes que integram o programa global de apoio a talentos em ascens\u00e3o,\u00a010 s\u00e3o artistas mulheres. A partir de hoje, os usu\u00e1rios do Spotify de todo\u2026","rel":"","context":"In &quot;Not\u00edcias de Ribeir\u00e3o Preto-SP e Regi\u00e3o&quot;","block_context":{"text":"Not\u00edcias de Ribeir\u00e3o Preto-SP e Regi\u00e3o","link":"https:\/\/ismaelcolosi.com.br\/index.php\/category\/noticias-de-ribeirao-preto-sp-e-regiao-ismael-colosi\/"},"img":{"alt_text":"","src":"https:\/\/i0.wp.com\/ismaelcolosi.com.br\/wp-content\/uploads\/2024\/05\/handler-1.jpg?fit=1200%2C542&ssl=1&resize=350%2C200","width":350,"height":200,"srcset":"https:\/\/i0.wp.com\/ismaelcolosi.com.br\/wp-content\/uploads\/2024\/05\/handler-1.jpg?fit=1200%2C542&ssl=1&resize=350%2C200 1x, https:\/\/i0.wp.com\/ismaelcolosi.com.br\/wp-content\/uploads\/2024\/05\/handler-1.jpg?fit=1200%2C542&ssl=1&resize=525%2C300 1.5x, https:\/\/i0.wp.com\/ismaelcolosi.com.br\/wp-content\/uploads\/2024\/05\/handler-1.jpg?fit=1200%2C542&ssl=1&resize=700%2C400 2x, https:\/\/i0.wp.com\/ismaelcolosi.com.br\/wp-content\/uploads\/2024\/05\/handler-1.jpg?fit=1200%2C542&ssl=1&resize=1050%2C600 3x"},"classes":[]}],"jetpack_sharing_enabled":true,"jetpack_shortlink":"https:\/\/wp.me\/pfMlyK-bL5","_links":{"self":[{"href":"https:\/\/ismaelcolosi.com.br\/index.php\/wp-json\/wp\/v2\/posts\/45203","targetHints":{"allow":["GET"]}}],"collection":[{"href":"https:\/\/ismaelcolosi.com.br\/index.php\/wp-json\/wp\/v2\/posts"}],"about":[{"href":"https:\/\/ismaelcolosi.com.br\/index.php\/wp-json\/wp\/v2\/types\/post"}],"author":[{"embeddable":true,"href":"https:\/\/ismaelcolosi.com.br\/index.php\/wp-json\/wp\/v2\/users\/1"}],"replies":[{"embeddable":true,"href":"https:\/\/ismaelcolosi.com.br\/index.php\/wp-json\/wp\/v2\/comments?post=45203"}],"version-history":[{"count":0,"href":"https:\/\/ismaelcolosi.com.br\/index.php\/wp-json\/wp\/v2\/posts\/45203\/revisions"}],"wp:featuredmedia":[{"embeddable":true,"href":"https:\/\/ismaelcolosi.com.br\/index.php\/wp-json\/wp\/v2\/media\/45204"}],"wp:attachment":[{"href":"https:\/\/ismaelcolosi.com.br\/index.php\/wp-json\/wp\/v2\/media?parent=45203"}],"wp:term":[{"taxonomy":"category","embeddable":true,"href":"https:\/\/ismaelcolosi.com.br\/index.php\/wp-json\/wp\/v2\/categories?post=45203"},{"taxonomy":"post_tag","embeddable":true,"href":"https:\/\/ismaelcolosi.com.br\/index.php\/wp-json\/wp\/v2\/tags?post=45203"}],"curies":[{"name":"wp","href":"https:\/\/api.w.org\/{rel}","templated":true}]}}