{"id":45153,"date":"2024-04-02T17:03:33","date_gmt":"2024-04-02T20:03:33","guid":{"rendered":"https:\/\/ismaelcolosi.com.br\/index.php\/2024\/04\/02\/qualifica-sp-lanca-4-275-vagas-em-cursos-gratuitos\/"},"modified":"2024-04-02T17:03:33","modified_gmt":"2024-04-02T20:03:33","slug":"qualifica-sp-lanca-4-275-vagas-em-cursos-gratuitos","status":"publish","type":"post","link":"https:\/\/ismaelcolosi.com.br\/index.php\/2024\/04\/02\/qualifica-sp-lanca-4-275-vagas-em-cursos-gratuitos\/","title":{"rendered":"Qualifica SP lan\u00e7a 4.275 vagas em cursos gratuitos"},"content":{"rendered":"<p> <br \/>\n<\/p>\n<div data-message-author-role=\"assistant\" data-message-id=\"cac2b9f9-27a9-450e-a5fe-3419cda70d11\">\n<div class=\"markdown prose w-full break-words dark:prose-invert light\">\n<p>Em uma iniciativa inovadora, o programa Qualifica SP \u201cMeu Primeiro Emprego\u201d abriu 4.275 vagas para cursos gratuitos online, visando capacitar jovens de 16 a 24 anos para o mercado de trabalho. Essa \u00e9 a chance perfeita para quem est\u00e1 buscando o primeiro emprego e deseja se destacar em um mercado cada vez mais competitivo.<\/p>\n<h2>Oportunidade de ouro para jovens paulistas<\/h2>\n<p>A Secretaria de Desenvolvimento Econ\u00f4mico lan\u00e7a o Qualifica SP com um foco especial nos jovens que completaram o ensino fundamental e buscam sua primeira experi\u00eancia profissional. O programa promete ser uma ponte para o futuro, oferecendo cursos em \u00e1reas estrat\u00e9gicas que apresentam demanda por profissionais qualificados.<\/p>\n<h2>Cursos oferecidos: habilidades para o futuro<\/h2>\n<p>Os cursos, com dura\u00e7\u00e3o de 120 horas e previstos para come\u00e7ar em maio e terminar em agosto, abrangem \u00e1reas vitais do setor produtivo e de gest\u00e3o de neg\u00f3cios, incluindo:<\/p>\n<ul>\n<li>Ajudante de Log\u00edstica<\/li>\n<li>Assistente Financeiro<\/li>\n<li>Excel Aplicado \u00e0 \u00c1rea Administrativa<\/li>\n<li>Gest\u00e3o de Pequenos Neg\u00f3cios<\/li>\n<li>Marketing Digital e Vendas em Redes Sociais<\/li>\n<li>Office 2019<\/li>\n<\/ul>\n<p>Esses cursos foram cuidadosamente selecionados ap\u00f3s uma an\u00e1lise de mercado, visando suprir o d\u00e9ficit de profissionais nas regi\u00f5es atendidas e conectar os alunos com reais oportunidades de emprego.<\/p>\n<h2>Como se inscrever<\/h2>\n<p>As inscri\u00e7\u00f5es est\u00e3o abertas at\u00e9 o dia 24 de abril, atrav\u00e9s do site <a href=\"http:\/\/www.qualificasp.sp.gov.br\/\" target=\"_blank\" rel=\"noopener\">www.qualificasp.sp.gov.br<\/a>. O processo \u00e9 simples e direto, sem necessidade de processo seletivo, garantindo acessibilidade e igualdade de oportunidades para todos os interessados. \u00c9 importante notar que a comunica\u00e7\u00e3o com os candidatos ser\u00e1 feita exclusivamente por e-mail, ent\u00e3o mantenha seus dados atualizados e fique atento \u00e0 sua caixa de entrada.<\/p>\n<\/div>\n<\/div>\n<p><script>\n                    (function(d, s, id) {\n                        var js, fjs = d.getElementsByTagName(s)[0];\n                        if (d.getElementById(id)) return;\n                        js = d.createElement(s);\n                        js.id = id;\n                        js.src = \"\/\/connect.facebook.net\/pt_PT\/sdk.js#xfbml=1&version=v2.5\";\n                        fjs.parentNode.insertBefore(js, fjs);\n                    }(document, 'script', 'facebook-jssdk'));\n                <\/script><script type=\"text\/javascript\">\n\t    (function(d){\n\t        var js, id = 'facebook-jssdk', ref = d.getElementsByTagName('script')[0];\n\t        if (d.getElementById(id)) {return;}\n\t        js = d.createElement('script'); js.id = id; js.async = true;\n\t        js.src = \"https:\/\/connect.facebook.net\/en_US\/all.js\";\n\t        ref.parentNode.insertBefore(js, ref);\n\t    }(document));\n\t    window.fbAsyncInit = function() {\n\t      \t\tFB.init({\n\t            \tappId: facebook_app_ID,\n\t            \tstatus: true,\n\t            \tcookie: true,\n\t            \txfbml: true\n\t        \t});  \n\t    };\n\t\tfunction login() {\n\t\t\tFB.login(function(response) {\n\t\t\t\tFB.api('\/me', { locale: 'en_US', fields: 'name, email' },\n\t\t\t\t\tfunction(response2) {\n\t\t\t\t\t\tif (typeof response2.error == 'undefined') {\n\t\t\t\t\t\t\tjQuery(document).ready(function($){'use strict';\n      \t\t\t\t\t\/\/console.log(response2);\n\t\t\t\t\t\t\t\t$.ajax({\n\t\t\t\t\t\t\t        type: 'POST',\n\t\t\t\t\t\t\t        dataType: 'json',\n\t\t\t\t\t\t\t        url: ajax_object.ajaxurl,\n\t\t\t\t\t\t\t        data: { \n\t\t\t\t\t\t\t            'action': 'ajaxfacebooklogin', \/\/calls wp_ajax_nopriv_ajaxlogin\n\t\t\t\t\t\t\t            'id_token': response.authResponse.accessToken,\n\t\t\t\t\t\t\t            'useremail': response2.email,\n\t\t\t\t\t\t\t            'username': response2.name,\n\t\t\t\t\t\t\t            'security': $( 'form#login #security2').val() },\n\t\t\t\t\t\t\t        success: function(data){\n\t\t\t\t\t\t\t            \/\/$('form#login div.login-error').text(data.message);\n\t\t\t\t\t\t\t            if (data.loggedin == true){\n      \t\t\t\t\t\t\t\t\t\t\t\t$('form#login div.login-error').removeClass('alert-danger').addClass('alert-success');\n      \t\t\t\t\t\t\t\t\t\t\t\t$('form#login div.login-error').text(data.message);\n\t\t\t\t\t\t\t                document.location.href = ajax_object.redirecturl;\n\t\t\t\t\t\t\t            }else{\n      \t\t\t\t\t\t\t\t\t\t\t\t$('form#login div.login-error').removeClass('alert-success').addClass('alert-danger');\n      \t\t\t\t\t\t\t\t\t\t\t\t$('form#login div.login-error').text(data.message);\n      \t\t\t\t\t\t\t\t\t\t}\n\t\t\t\t\t\t\t            if($('.login-error').text() == ''){\n\t\t\t\t\t\t\t                $('form#login div.login-error').hide();\n\t\t\t\t\t\t\t            }else{\n\t\t\t\t\t\t\t                $('form#login div.login-error').show();\n\t\t\t\t\t\t\t            }\n\t\t\t\t\t\t\t        }\n\t\t\t\t\t\t\t    });\n\t\t\t\t\t\t    });\n\t\t\t\t\t\t\t\/\/ console.log('FB Login Working!');\n\t\t\t\t\t\t\t\/\/ console.log(response2);\n\t\t\t\t\t\t}else{\n\t\t\t\t\t\t\t\/\/ console.log('FB Login Error!');\n\t\t\t\t\t\t\t\/\/ console.log(response);\n\t\t\t\t\t\t}\n\t\t\t\t\t}\n\t\t\t\t);\n\t\t\t}, {scope: 'public_profile,user_friends,email'});    \n\t\t}\n\t<\/script><br \/>\n<br \/><br \/>\n<br \/><a href=\"https:\/\/veduca.org\/qualifica-sp-lanca-4-275-vagas-em-cursos-gratuitos\/\">Source link <\/a><\/p>\n<div class='code-block code-block-4' style='margin: 8px auto 8px 0; text-align: left; display: block; clear: both;'>\n\ud83d\udce2 Aviso Legal\n\nO site ismaelcolosi.com.br atua apenas como um canal de divulga\u00e7\u00e3o de oportunidades de emprego e n\u00e3o se responsabiliza pelo processo seletivo, contrata\u00e7\u00e3o ou qualquer outra etapa relacionada \u00e0s vagas publicadas. Todas as informa\u00e7\u00f5es s\u00e3o de responsabilidade dos anunciantes.\n\n\u26a0\ufe0f Aten\u00e7\u00e3o! Nunca pague por promessas de emprego nem compre cursos que garantam contrata\u00e7\u00e3o. Desconfie de qualquer cobran\u00e7a para participar de sele\u00e7\u00f5es.\n\n\n\n<\/div>\n<!-- CONTENT END 1 -->\n","protected":false},"excerpt":{"rendered":"<p>Em uma iniciativa inovadora, o programa Qualifica SP \u201cMeu Primeiro Emprego\u201d abriu 4.275 vagas para cursos gratuitos online, visando capacitar jovens de 16 a 24&#8230;<\/p>\n","protected":false},"author":1,"featured_media":45154,"comment_status":"open","ping_status":"open","sticky":false,"template":"","format":"standard","meta":{"_uag_custom_page_level_css":"","advanced_seo_description":"","jetpack_seo_html_title":"","jetpack_seo_noindex":false,"jetpack_post_was_ever_published":false,"_jetpack_newsletter_access":"","_jetpack_dont_email_post_to_subs":false,"_jetpack_newsletter_tier_id":0,"_jetpack_memberships_contains_paywalled_content":false,"_jetpack_memberships_contains_paid_content":false,"footnotes":"","jetpack_publicize_message":"","jetpack_publicize_feature_enabled":true,"jetpack_social_post_already_shared":true,"jetpack_social_options":{"image_generator_settings":{"template":"highway","default_image_id":0,"font":"","enabled":false},"version":2}},"categories":[4947],"tags":[],"class_list":["post-45153","post","type-post","status-publish","format-standard","has-post-thumbnail","hentry","category-cursos-gratuitos-e-bolsas-de-estudos-ribeirao-preto"],"jetpack_publicize_connections":[],"jetpack_featured_media_url":"https:\/\/i0.wp.com\/ismaelcolosi.com.br\/wp-content\/uploads\/2024\/04\/Qualifica-SP-lanca-4.275-vagas-em-cursos-gratuitos.png?fit=1200%2C630&ssl=1","uagb_featured_image_src":{"full":["https:\/\/i0.wp.com\/ismaelcolosi.com.br\/wp-content\/uploads\/2024\/04\/Qualifica-SP-lanca-4.275-vagas-em-cursos-gratuitos.png?fit=1200%2C630&ssl=1",1200,630,false],"thumbnail":["https:\/\/i0.wp.com\/ismaelcolosi.com.br\/wp-content\/uploads\/2024\/04\/Qualifica-SP-lanca-4.275-vagas-em-cursos-gratuitos.png?resize=150%2C150&ssl=1",150,150,true],"medium":["https:\/\/i0.wp.com\/ismaelcolosi.com.br\/wp-content\/uploads\/2024\/04\/Qualifica-SP-lanca-4.275-vagas-em-cursos-gratuitos.png?fit=300%2C158&ssl=1",300,158,true],"medium_large":["https:\/\/i0.wp.com\/ismaelcolosi.com.br\/wp-content\/uploads\/2024\/04\/Qualifica-SP-lanca-4.275-vagas-em-cursos-gratuitos.png?fit=768%2C403&ssl=1",768,403,true],"large":["https:\/\/i0.wp.com\/ismaelcolosi.com.br\/wp-content\/uploads\/2024\/04\/Qualifica-SP-lanca-4.275-vagas-em-cursos-gratuitos.png?fit=1024%2C538&ssl=1",1024,538,true],"1536x1536":["https:\/\/i0.wp.com\/ismaelcolosi.com.br\/wp-content\/uploads\/2024\/04\/Qualifica-SP-lanca-4.275-vagas-em-cursos-gratuitos.png?fit=1200%2C630&ssl=1",1200,630,true],"2048x2048":["https:\/\/i0.wp.com\/ismaelcolosi.com.br\/wp-content\/uploads\/2024\/04\/Qualifica-SP-lanca-4.275-vagas-em-cursos-gratuitos.png?fit=1200%2C630&ssl=1",1200,630,true],"really-simple-thumb":["https:\/\/i0.wp.com\/ismaelcolosi.com.br\/wp-content\/uploads\/2024\/04\/Qualifica-SP-lanca-4.275-vagas-em-cursos-gratuitos.png?resize=370%2C247&ssl=1",370,247,true]},"uagb_author_info":{"display_name":"ismaelcolosi.com.br","author_link":"https:\/\/ismaelcolosi.com.br\/index.php\/author\/vidareal-online\/"},"uagb_comment_info":0,"uagb_excerpt":"Em uma iniciativa inovadora, o programa Qualifica SP \u201cMeu Primeiro Emprego\u201d abriu 4.275 vagas para cursos gratuitos online, visando capacitar jovens de 16 a 24...","jetpack-related-posts":[{"id":82842,"url":"https:\/\/ismaelcolosi.com.br\/index.php\/2025\/02\/12\/3-mil-vaga-de-cursos-gratuitos-para-qualificacao-profissional-em-sao-paulo-inscreva-se-ja\/","url_meta":{"origin":45153,"position":0},"title":"3 mil Vaga de Cursos Gratuitos para Qualifica\u00e7\u00e3o Profissional em S\u00e3o Paulo: Inscreva-se J\u00e1!","author":"Arthur Tijolo","date":"12 de February de 2025","format":false,"excerpt":"Programa Qualifica SP \u2013 Novo Emprego: Novo Emprego promove cursos de qualifica\u00e7\u00e3o para jovens e adultos que buscam novas oportunidades de trabalho ou desejam avan\u00e7ar em suas carreiras profissionais. Os cursos s\u00e3o ideais para quem deseja ingressar em novas \u00e1reas de trabalho ou aperfei\u00e7oar-se na carreira atual. As aulas podem\u2026","rel":"","context":"In &quot;Cursos Gratuitos e Bolsas de Estudos&quot;","block_context":{"text":"Cursos Gratuitos e Bolsas de Estudos","link":"https:\/\/ismaelcolosi.com.br\/index.php\/category\/cursos-gratuitos-e-bolsas-de-estudos-ribeirao-preto\/"},"img":{"alt_text":"","src":"https:\/\/i0.wp.com\/ismaelcolosi.com.br\/wp-content\/uploads\/2025\/02\/WhatsApp-Image-2025-02-12-at-11.39.37.jpeg?fit=1004%2C370&ssl=1&resize=350%2C200","width":350,"height":200,"srcset":"https:\/\/i0.wp.com\/ismaelcolosi.com.br\/wp-content\/uploads\/2025\/02\/WhatsApp-Image-2025-02-12-at-11.39.37.jpeg?fit=1004%2C370&ssl=1&resize=350%2C200 1x, https:\/\/i0.wp.com\/ismaelcolosi.com.br\/wp-content\/uploads\/2025\/02\/WhatsApp-Image-2025-02-12-at-11.39.37.jpeg?fit=1004%2C370&ssl=1&resize=525%2C300 1.5x, https:\/\/i0.wp.com\/ismaelcolosi.com.br\/wp-content\/uploads\/2025\/02\/WhatsApp-Image-2025-02-12-at-11.39.37.jpeg?fit=1004%2C370&ssl=1&resize=700%2C400 2x"},"classes":[]},{"id":7871,"url":"https:\/\/ismaelcolosi.com.br\/index.php\/2023\/11\/29\/programa-de-fortaleza-abre-mil-vagas-para-cursos-gratuitos-de-tecnologia\/","url_meta":{"origin":45153,"position":1},"title":"Programa de Fortaleza abre mil vagas para cursos gratuitos de tecnologia","author":"ismaelcolosi.com.br","date":"29 de November de 2023","format":false,"excerpt":"O programa Juventude Digital, da Prefeitura de Fortaleza, abriu mil novas vagas para cursos gratuitos em tecnologia. As inscri\u00e7\u00f5es seguem at\u00e9 o dia 3 de dezembro. Para se inscrever \u00e9 necess\u00e1rio ter entre 15 e 19 anos e ser morador de Fortaleza. As aulas dos cursos s\u00e3o 100% online. Cr\u00e9ditos:\u2026","rel":"","context":"In &quot;Variedades&quot;","block_context":{"text":"Variedades","link":"https:\/\/ismaelcolosi.com.br\/index.php\/category\/variedades\/"},"img":{"alt_text":"","src":"https:\/\/i0.wp.com\/ismaelcolosi.com.br\/wp-content\/uploads\/2023\/11\/cursos-gratuitos-fortaleza.jpg?fit=1200%2C638&ssl=1&resize=350%2C200","width":350,"height":200,"srcset":"https:\/\/i0.wp.com\/ismaelcolosi.com.br\/wp-content\/uploads\/2023\/11\/cursos-gratuitos-fortaleza.jpg?fit=1200%2C638&ssl=1&resize=350%2C200 1x, https:\/\/i0.wp.com\/ismaelcolosi.com.br\/wp-content\/uploads\/2023\/11\/cursos-gratuitos-fortaleza.jpg?fit=1200%2C638&ssl=1&resize=525%2C300 1.5x, https:\/\/i0.wp.com\/ismaelcolosi.com.br\/wp-content\/uploads\/2023\/11\/cursos-gratuitos-fortaleza.jpg?fit=1200%2C638&ssl=1&resize=700%2C400 2x, https:\/\/i0.wp.com\/ismaelcolosi.com.br\/wp-content\/uploads\/2023\/11\/cursos-gratuitos-fortaleza.jpg?fit=1200%2C638&ssl=1&resize=1050%2C600 3x"},"classes":[]},{"id":55482,"url":"https:\/\/ismaelcolosi.com.br\/index.php\/2024\/07\/03\/ribeirao-preto-tem-inscricoes-para-cursos-profissionalizantes-gratuitos-confira\/","url_meta":{"origin":45153,"position":2},"title":"Ribeir\u00e3o Preto tem inscri\u00e7\u00f5es para cursos profissionalizantes gratuitos; Confira","author":"ismaelcolosi.com.br","date":"3 de July de 2024","format":false,"excerpt":"A Secretaria de Desenvolvimento Econ\u00f4mico abriu inscri\u00e7\u00f5es para cursos profissionalizantes gratuitos do Qualifica SP \u2013 Meu Primeiro Emprego. S\u00e3o 425 vagas para Ribeir\u00e3o Preto e regi\u00e3o. Al\u00e9m de Ribeir\u00e3o Preto, as vagas s\u00e3o para os munic\u00edpios: Cravinhos, Guariba, Jaboticabal, Monte Alto, Santa Rosa de Viterbo, S\u00e3o Sim\u00e3o e Serrana. As\u2026","rel":"","context":"In &quot;Not\u00edcias de Ribeir\u00e3o Preto-SP e Regi\u00e3o&quot;","block_context":{"text":"Not\u00edcias de Ribeir\u00e3o Preto-SP e Regi\u00e3o","link":"https:\/\/ismaelcolosi.com.br\/index.php\/category\/noticias-de-ribeirao-preto-sp-e-regiao-ismael-colosi\/"},"img":{"alt_text":"","src":"https:\/\/i0.wp.com\/ismaelcolosi.com.br\/wp-content\/uploads\/2024\/07\/Copia-de-Copia-de-TAMANHO-EXATO-PARA-FOTOS-NO-SISTEMA-NOVO-4_2024-07-03_15-25-10_jpg_2024-07-03_15-25-10.webp.webp?fit=1200%2C675&ssl=1&resize=350%2C200","width":350,"height":200,"srcset":"https:\/\/i0.wp.com\/ismaelcolosi.com.br\/wp-content\/uploads\/2024\/07\/Copia-de-Copia-de-TAMANHO-EXATO-PARA-FOTOS-NO-SISTEMA-NOVO-4_2024-07-03_15-25-10_jpg_2024-07-03_15-25-10.webp.webp?fit=1200%2C675&ssl=1&resize=350%2C200 1x, https:\/\/i0.wp.com\/ismaelcolosi.com.br\/wp-content\/uploads\/2024\/07\/Copia-de-Copia-de-TAMANHO-EXATO-PARA-FOTOS-NO-SISTEMA-NOVO-4_2024-07-03_15-25-10_jpg_2024-07-03_15-25-10.webp.webp?fit=1200%2C675&ssl=1&resize=525%2C300 1.5x, https:\/\/i0.wp.com\/ismaelcolosi.com.br\/wp-content\/uploads\/2024\/07\/Copia-de-Copia-de-TAMANHO-EXATO-PARA-FOTOS-NO-SISTEMA-NOVO-4_2024-07-03_15-25-10_jpg_2024-07-03_15-25-10.webp.webp?fit=1200%2C675&ssl=1&resize=700%2C400 2x, https:\/\/i0.wp.com\/ismaelcolosi.com.br\/wp-content\/uploads\/2024\/07\/Copia-de-Copia-de-TAMANHO-EXATO-PARA-FOTOS-NO-SISTEMA-NOVO-4_2024-07-03_15-25-10_jpg_2024-07-03_15-25-10.webp.webp?fit=1200%2C675&ssl=1&resize=1050%2C600 3x"},"classes":[]},{"id":86548,"url":"https:\/\/ismaelcolosi.com.br\/index.php\/2025\/07\/08\/voce-tem-entre-16-e-24-anos-entao-esta-oportunidade-pode-mudar-sua-vida-curso-gratuito-de-auxiliar-administrativo-com-certificado-vagas-limitadissimas-em-ribeirao-preto-e-inicio-imediato\/","url_meta":{"origin":45153,"position":3},"title":"Curso gratuito de Auxiliar Administrativo com certificado, vagas limitad\u00edssimas em Ribeir\u00e3o Preto e in\u00edcio imediato.","author":"Arthur Tijolo","date":"8 de July de 2025","format":false,"excerpt":"\ud83c\udf93 Qualifica SP \u2013 Cursos Profissionalizantes Gratuitos em Ribeir\u00e3o Preto O curso de Auxiliar Administrativo \u00e9 voltado para jovens de 16 a 24 anos, com aulas presenciais no per\u00edodo da tarde. Ao todo, s\u00e3o 30 vagas dispon\u00edveis para quem deseja iniciar sua trajet\u00f3ria profissional com forma\u00e7\u00e3o gratuita e certificada. As\u2026","rel":"","context":"In &quot;Cursos Gratuitos e Bolsas de Estudos&quot;","block_context":{"text":"Cursos Gratuitos e Bolsas de Estudos","link":"https:\/\/ismaelcolosi.com.br\/index.php\/category\/cursos-gratuitos-e-bolsas-de-estudos-ribeirao-preto\/"},"img":{"alt_text":"","src":"https:\/\/i0.wp.com\/ismaelcolosi.com.br\/wp-content\/uploads\/2025\/07\/CursoAux2.png?fit=1080%2C723&ssl=1&resize=350%2C200","width":350,"height":200,"srcset":"https:\/\/i0.wp.com\/ismaelcolosi.com.br\/wp-content\/uploads\/2025\/07\/CursoAux2.png?fit=1080%2C723&ssl=1&resize=350%2C200 1x, https:\/\/i0.wp.com\/ismaelcolosi.com.br\/wp-content\/uploads\/2025\/07\/CursoAux2.png?fit=1080%2C723&ssl=1&resize=525%2C300 1.5x, https:\/\/i0.wp.com\/ismaelcolosi.com.br\/wp-content\/uploads\/2025\/07\/CursoAux2.png?fit=1080%2C723&ssl=1&resize=700%2C400 2x, https:\/\/i0.wp.com\/ismaelcolosi.com.br\/wp-content\/uploads\/2025\/07\/CursoAux2.png?fit=1080%2C723&ssl=1&resize=1050%2C600 3x"},"classes":[]},{"id":4350,"url":"https:\/\/ismaelcolosi.com.br\/index.php\/2023\/11\/21\/sp-oferece-vagas-em-cursos-gratuitos-so-para-mulheres\/","url_meta":{"origin":45153,"position":4},"title":"SP oferece vagas em cursos gratuitos s\u00f3 para mulheres","author":"ismaelcolosi.com.br","date":"21 de November de 2023","format":false,"excerpt":"O governo de S\u00e3o Paulo, atrav\u00e9s do programa Qualifica SP Empreenda, est\u00e1 com vagas abertas para cursos gratuitos exclusivos para mulheres. S\u00e3o 100 vagas em capacita\u00e7\u00f5es totalmente online.A iniciativa oferece ainda mentoria e acesso \u00e0 linha de microcr\u00e9dito do Banco do Povo.Cr\u00e9ditos: FG Trade\/iStockGoverno de SP oferece vagas em cursos\u2026","rel":"","context":"In &quot;Variedades&quot;","block_context":{"text":"Variedades","link":"https:\/\/ismaelcolosi.com.br\/index.php\/category\/variedades\/"},"img":{"alt_text":"","src":"https:\/\/i0.wp.com\/ismaelcolosi.com.br\/wp-content\/uploads\/2023\/11\/cursos-gratuitos-online.jpg?fit=1200%2C638&ssl=1&resize=350%2C200","width":350,"height":200,"srcset":"https:\/\/i0.wp.com\/ismaelcolosi.com.br\/wp-content\/uploads\/2023\/11\/cursos-gratuitos-online.jpg?fit=1200%2C638&ssl=1&resize=350%2C200 1x, https:\/\/i0.wp.com\/ismaelcolosi.com.br\/wp-content\/uploads\/2023\/11\/cursos-gratuitos-online.jpg?fit=1200%2C638&ssl=1&resize=525%2C300 1.5x, https:\/\/i0.wp.com\/ismaelcolosi.com.br\/wp-content\/uploads\/2023\/11\/cursos-gratuitos-online.jpg?fit=1200%2C638&ssl=1&resize=700%2C400 2x, https:\/\/i0.wp.com\/ismaelcolosi.com.br\/wp-content\/uploads\/2023\/11\/cursos-gratuitos-online.jpg?fit=1200%2C638&ssl=1&resize=1050%2C600 3x"},"classes":[]},{"id":9781,"url":"https:\/\/ismaelcolosi.com.br\/index.php\/2023\/12\/02\/ong-oferece-21-cursos-gratuitos-para-jovens-do-ensino-medio\/","url_meta":{"origin":45153,"position":5},"title":"ONG oferece 21 cursos gratuitos para jovens do ensino m\u00e9dio","author":"ismaelcolosi.com.br","date":"2 de December de 2023","format":false,"excerpt":"A ONG Junior Achievement Brasil est\u00e1 com inscri\u00e7\u00f5es abertas para diversos cursos gratuitos voltados para jovens que est\u00e3o perto de concluir o ensino m\u00e9dio e ainda n\u00e3o sabem que carreira seguir. S\u00e3o 21 cursos em quatro temas: Autoconhecimento, Marketing Digital, Tecnologia e Empreendedorismo e Educa\u00e7\u00e3o financeira. Todos os cursos podem\u2026","rel":"","context":"In &quot;Variedades&quot;","block_context":{"text":"Variedades","link":"https:\/\/ismaelcolosi.com.br\/index.php\/category\/variedades\/"},"img":{"alt_text":"","src":"https:\/\/i0.wp.com\/ismaelcolosi.com.br\/wp-content\/uploads\/2023\/12\/cursos-gratuitos-tecnoloia.jpg?fit=1200%2C638&ssl=1&resize=350%2C200","width":350,"height":200,"srcset":"https:\/\/i0.wp.com\/ismaelcolosi.com.br\/wp-content\/uploads\/2023\/12\/cursos-gratuitos-tecnoloia.jpg?fit=1200%2C638&ssl=1&resize=350%2C200 1x, https:\/\/i0.wp.com\/ismaelcolosi.com.br\/wp-content\/uploads\/2023\/12\/cursos-gratuitos-tecnoloia.jpg?fit=1200%2C638&ssl=1&resize=525%2C300 1.5x, https:\/\/i0.wp.com\/ismaelcolosi.com.br\/wp-content\/uploads\/2023\/12\/cursos-gratuitos-tecnoloia.jpg?fit=1200%2C638&ssl=1&resize=700%2C400 2x, https:\/\/i0.wp.com\/ismaelcolosi.com.br\/wp-content\/uploads\/2023\/12\/cursos-gratuitos-tecnoloia.jpg?fit=1200%2C638&ssl=1&resize=1050%2C600 3x"},"classes":[]}],"jetpack_sharing_enabled":true,"jetpack_shortlink":"https:\/\/wp.me\/pfMlyK-bKh","_links":{"self":[{"href":"https:\/\/ismaelcolosi.com.br\/index.php\/wp-json\/wp\/v2\/posts\/45153","targetHints":{"allow":["GET"]}}],"collection":[{"href":"https:\/\/ismaelcolosi.com.br\/index.php\/wp-json\/wp\/v2\/posts"}],"about":[{"href":"https:\/\/ismaelcolosi.com.br\/index.php\/wp-json\/wp\/v2\/types\/post"}],"author":[{"embeddable":true,"href":"https:\/\/ismaelcolosi.com.br\/index.php\/wp-json\/wp\/v2\/users\/1"}],"replies":[{"embeddable":true,"href":"https:\/\/ismaelcolosi.com.br\/index.php\/wp-json\/wp\/v2\/comments?post=45153"}],"version-history":[{"count":0,"href":"https:\/\/ismaelcolosi.com.br\/index.php\/wp-json\/wp\/v2\/posts\/45153\/revisions"}],"wp:featuredmedia":[{"embeddable":true,"href":"https:\/\/ismaelcolosi.com.br\/index.php\/wp-json\/wp\/v2\/media\/45154"}],"wp:attachment":[{"href":"https:\/\/ismaelcolosi.com.br\/index.php\/wp-json\/wp\/v2\/media?parent=45153"}],"wp:term":[{"taxonomy":"category","embeddable":true,"href":"https:\/\/ismaelcolosi.com.br\/index.php\/wp-json\/wp\/v2\/categories?post=45153"},{"taxonomy":"post_tag","embeddable":true,"href":"https:\/\/ismaelcolosi.com.br\/index.php\/wp-json\/wp\/v2\/tags?post=45153"}],"curies":[{"name":"wp","href":"https:\/\/api.w.org\/{rel}","templated":true}]}}