{"id":45145,"date":"2024-04-02T16:36:25","date_gmt":"2024-04-02T19:36:25","guid":{"rendered":"https:\/\/ismaelcolosi.com.br\/index.php\/2024\/04\/02\/casal-e-condenado-a-21-anos-de-prisao-por-torturar-filhos-adotivos-no-interior-de-sp\/"},"modified":"2024-04-02T16:36:25","modified_gmt":"2024-04-02T19:36:25","slug":"casal-e-condenado-a-21-anos-de-prisao-por-torturar-filhos-adotivos-no-interior-de-sp","status":"publish","type":"post","link":"https:\/\/ismaelcolosi.com.br\/index.php\/2024\/04\/02\/casal-e-condenado-a-21-anos-de-prisao-por-torturar-filhos-adotivos-no-interior-de-sp\/","title":{"rendered":"Casal \u00e9 condenado a 21 anos de pris\u00e3o por torturar filhos adotivos no interior de SP"},"content":{"rendered":"<p> <br \/>\n<\/p>\n<div>\n<p>O <strong>casal<\/strong>, Dayeni Thomaz Kanazava de Souza e Sebasti\u00e3o Ot\u00e1vio de Souza, <span style=\"background-color:#f7cc62\" class=\"td_text_highlight_marker\"><mark style=\"background-color:rgba(0, 0, 0, 0)\" class=\"has-inline-color has-black-color\">acusado de torturar duas crian\u00e7as durante o processo final de ado\u00e7\u00e3o em Colina, cidade a 91 quil\u00f4metros de Ribeir\u00e3o Preto, foi <strong>condenado a 21 anos e 4 meses<\/strong>, inicialmente, em regime fechado.<\/mark><\/span><\/p>\n<p>A <strong>decis\u00e3o<\/strong>, que cabe recurso, foi <strong>publicada<\/strong> nesta <strong>ter\u00e7a-feira<\/strong> (2), no <strong>Di\u00e1rio Oficial de Justi\u00e7a<\/strong>.<\/p><div class='code-block code-block-8' style='margin: 8px auto; text-align: center; display: block; clear: both;'>\n<script>\n  atOptions = {\n    'key' : '66e2e2111ca34da796271819fc334058',\n    'format' : 'iframe',\n    'height' : 250,\n    'width' : 300,\n    'params' : {}\n  };\n<\/script>\n<script src=\"https:\/\/www.highperformanceformat.com\/66e2e2111ca34da796271819fc334058\/invoke.js\"><\/script>\n<\/div>\n\n<p>Ainda segundo a publica\u00e7\u00e3o da decis\u00e3o, <strong>Dayeni<\/strong>, que era <strong>professora municipal em Barretos<\/strong>, <strong>perdeu o cargo de servidora p\u00fablica<\/strong> sob a justificativa de que <em>\u201ca condena\u00e7\u00e3o por fatos perpetrados em face de crian\u00e7as \u00e9 suficiente para lhe impor a perda do cargo, n\u00e3o se mostrando razo\u00e1vel que ela continue a trabalhar com outras crian\u00e7as e adolescente, pessoas igualmente vulner\u00e1veis\u201d.<\/em><\/p>\n<h4 class=\"wp-block-heading\"><strong>O que diz a defesa<\/strong><\/h4>\n<p>O<strong> advogado de defesa do casal<\/strong> Stefano Fracon Werneck de Avellar, disse que <strong>vai recorrer da decis\u00e3o<\/strong>, inclusive para redu\u00e7\u00e3o da pena. <\/p>\n<p>Em<strong> nota<\/strong>, a <strong>defesa<\/strong> alegou que o <strong>casal \u00e9 inocente<\/strong> e que durante o processo de ado\u00e7\u00e3o, profissionais capacitados estiveram com as crian\u00e7as e em nenhum momento foi constatado que eram torturadas. <\/p>\n<p><strong>Sobre o caso<\/strong><\/p>\n<p>Duas crian\u00e7as, de 6 e 7 anos, que estavam em processo final de ado\u00e7\u00e3o por um casal de Colina foram torturadas e o caso foi denunciado pelo Conselho Tutelar em julho do ano passado.<\/p>\n<p>Fotos recebidas pela <strong>Pol\u00edcia Civil<\/strong> <strong>mostravam diversos machucados e hematomas espalhados pelos corpos das crian\u00e7as<\/strong>. <\/p>\n<p>Os irm\u00e3os foram<strong> encaminhadas<\/strong> ao <strong>Instituto M\u00e9dico Legal<\/strong> (IML) e foram confirmadas que as <strong>les\u00f5es nas regi\u00f5es das n\u00e1degas, nas m\u00e3os e nas orelhas<\/strong> foram em <strong>decorr\u00eancia das agress\u00f5es<\/strong>.<\/p>\n<p>SAIBA MAIS<\/p>\n<p>Marisa Orth e Tania Bondezan se apresentam em Ribeir\u00e3o Preto; Veja quando<\/p>\n<h4 class=\"wp-block-heading\"><strong><mark>FIQUE ON<\/mark><\/strong><\/h4>\n<p>Fique ligado em tudo que acontece em Ribeir\u00e3o Preto e regi\u00e3o. Siga os perfis do\u00a0<strong>acidade on\u00a0<\/strong>no\u00a0<a href=\"https:\/\/www.instagram.com\/acidadeonribeirao\" target=\"_blank\" rel=\"noreferrer noopener\">Instagram<\/a>\u00a0e no\u00a0<a href=\"https:\/\/www.facebook.com\/acidadeonribeirao\" target=\"_blank\" rel=\"noreferrer noopener\">Facebook<\/a>.<\/p>\n<p>Receba not\u00edcias do acidade on no WhatsApp. Para entrar no grupo, basta\u00a0<a href=\"https:\/\/chat.whatsapp.com\/GFH9HUMUTHNFJdnyEd0xxq\" target=\"_blank\" rel=\"noreferrer noopener\">clicar aqui<\/a>.<\/p>\n<p>Fa\u00e7a uma den\u00fancia ou sugira uma reportagem sobre Ribeir\u00e3o Preto e regi\u00e3o pelo WhatsApp: 16 99117 7802.<\/p>\n<p>VEJA TAMB\u00c9M<br \/>Quais filmes Fernanda citou no BBB 24? Confira lista<\/p>\n<p><!-- AI CONTENT END 1 -->\n<\/div>\n<p><script async src=\"\/\/www.instagram.com\/embed.js\"><\/script><br \/>\n<br \/><br \/>\n<br \/><a href=\"https:\/\/www.acidadeon.com\/ribeiraopreto\/cotidiano\/casal-e-condenado-a-21-anos-de-prisao-por-torturar-filhos-adotivos-no-interior-de-sp\/\">Source link <\/a><\/p>\n<div class='code-block code-block-4' style='margin: 8px auto 8px 0; text-align: left; display: block; clear: both;'>\n\ud83d\udce2 Aviso Legal\n\nO site ismaelcolosi.com.br atua apenas como um canal de divulga\u00e7\u00e3o de oportunidades de emprego e n\u00e3o se responsabiliza pelo processo seletivo, contrata\u00e7\u00e3o ou qualquer outra etapa relacionada \u00e0s vagas publicadas. Todas as informa\u00e7\u00f5es s\u00e3o de responsabilidade dos anunciantes.\n\n\u26a0\ufe0f Aten\u00e7\u00e3o! Nunca pague por promessas de emprego nem compre cursos que garantam contrata\u00e7\u00e3o. Desconfie de qualquer cobran\u00e7a para participar de sele\u00e7\u00f5es.\n\n\n\n<\/div>\n<!-- CONTENT END 1 -->\n","protected":false},"excerpt":{"rendered":"<p>O casal, Dayeni Thomaz Kanazava de Souza e Sebasti\u00e3o Ot\u00e1vio de Souza, acusado de torturar duas crian\u00e7as durante o processo final de ado\u00e7\u00e3o em Colina,&#8230;<\/p>\n","protected":false},"author":1,"featured_media":45146,"comment_status":"open","ping_status":"open","sticky":false,"template":"","format":"standard","meta":{"_uag_custom_page_level_css":"","advanced_seo_description":"","jetpack_seo_html_title":"","jetpack_seo_noindex":false,"jetpack_post_was_ever_published":false,"_jetpack_newsletter_access":"","_jetpack_dont_email_post_to_subs":false,"_jetpack_newsletter_tier_id":0,"_jetpack_memberships_contains_paywalled_content":false,"_jetpack_memberships_contains_paid_content":false,"footnotes":"","jetpack_publicize_message":"","jetpack_publicize_feature_enabled":true,"jetpack_social_post_already_shared":true,"jetpack_social_options":{"image_generator_settings":{"template":"highway","default_image_id":0,"font":"","enabled":false},"version":2}},"categories":[11],"tags":[],"class_list":["post-45145","post","type-post","status-publish","format-standard","has-post-thumbnail","hentry","category-noticias-de-ribeirao-preto-sp-e-regiao-ismael-colosi"],"jetpack_publicize_connections":[],"jetpack_featured_media_url":"https:\/\/i0.wp.com\/ismaelcolosi.com.br\/wp-content\/uploads\/2024\/04\/Ilustracao-mao.jpg?fit=1600%2C900&ssl=1","uagb_featured_image_src":{"full":["https:\/\/i0.wp.com\/ismaelcolosi.com.br\/wp-content\/uploads\/2024\/04\/Ilustracao-mao.jpg?fit=1600%2C900&ssl=1",1600,900,false],"thumbnail":["https:\/\/i0.wp.com\/ismaelcolosi.com.br\/wp-content\/uploads\/2024\/04\/Ilustracao-mao.jpg?resize=150%2C150&ssl=1",150,150,true],"medium":["https:\/\/i0.wp.com\/ismaelcolosi.com.br\/wp-content\/uploads\/2024\/04\/Ilustracao-mao.jpg?fit=300%2C169&ssl=1",300,169,true],"medium_large":["https:\/\/i0.wp.com\/ismaelcolosi.com.br\/wp-content\/uploads\/2024\/04\/Ilustracao-mao.jpg?fit=768%2C432&ssl=1",768,432,true],"large":["https:\/\/i0.wp.com\/ismaelcolosi.com.br\/wp-content\/uploads\/2024\/04\/Ilustracao-mao.jpg?fit=1024%2C576&ssl=1",1024,576,true],"1536x1536":["https:\/\/i0.wp.com\/ismaelcolosi.com.br\/wp-content\/uploads\/2024\/04\/Ilustracao-mao.jpg?fit=1536%2C864&ssl=1",1536,864,true],"2048x2048":["https:\/\/i0.wp.com\/ismaelcolosi.com.br\/wp-content\/uploads\/2024\/04\/Ilustracao-mao.jpg?fit=1600%2C900&ssl=1",1600,900,true],"really-simple-thumb":["https:\/\/i0.wp.com\/ismaelcolosi.com.br\/wp-content\/uploads\/2024\/04\/Ilustracao-mao.jpg?resize=370%2C247&ssl=1",370,247,true]},"uagb_author_info":{"display_name":"ismaelcolosi.com.br","author_link":"https:\/\/ismaelcolosi.com.br\/index.php\/author\/vidareal-online\/"},"uagb_comment_info":0,"uagb_excerpt":"O casal, Dayeni Thomaz Kanazava de Souza e Sebasti\u00e3o Ot\u00e1vio de Souza, acusado de torturar duas crian\u00e7as durante o processo final de ado\u00e7\u00e3o em Colina,...","jetpack-related-posts":[{"id":43553,"url":"https:\/\/ismaelcolosi.com.br\/index.php\/2024\/03\/21\/homem-que-matou-a-mulher-e-fugiu-com-o-filho-em-ribeirao-e-condenado-a-36-anos-de-prisao\/","url_meta":{"origin":45145,"position":0},"title":"Homem que matou a mulher e fugiu com o filho em Ribeir\u00e3o \u00e9 condenado a 36 anos de pris\u00e3o","author":"ismaelcolosi.com.br","date":"21 de March de 2024","format":false,"excerpt":"O vendedor Ivan Nogueira, de 34 anos, foi condenado a 36 anos de pris\u00e3o em regime fechado pela morte da mulher dele, a manicure Regiane Carneiro de Moura Silva, que tinha 26 anos. O J\u00fari Popular come\u00e7ou a ser realizado no F\u00f3rum de Ribeir\u00e3o Preto, nesta quinta-feira (21), por volta\u2026","rel":"","context":"In &quot;Not\u00edcias de Ribeir\u00e3o Preto-SP e Regi\u00e3o&quot;","block_context":{"text":"Not\u00edcias de Ribeir\u00e3o Preto-SP e Regi\u00e3o","link":"https:\/\/ismaelcolosi.com.br\/index.php\/category\/noticias-de-ribeirao-preto-sp-e-regiao-ismael-colosi\/"},"img":{"alt_text":"","src":"https:\/\/i0.wp.com\/ismaelcolosi.com.br\/wp-content\/uploads\/2024\/03\/AnyConv.com__ivan-regiane.webp.webp?fit=1200%2C675&ssl=1&resize=350%2C200","width":350,"height":200,"srcset":"https:\/\/i0.wp.com\/ismaelcolosi.com.br\/wp-content\/uploads\/2024\/03\/AnyConv.com__ivan-regiane.webp.webp?fit=1200%2C675&ssl=1&resize=350%2C200 1x, https:\/\/i0.wp.com\/ismaelcolosi.com.br\/wp-content\/uploads\/2024\/03\/AnyConv.com__ivan-regiane.webp.webp?fit=1200%2C675&ssl=1&resize=525%2C300 1.5x, https:\/\/i0.wp.com\/ismaelcolosi.com.br\/wp-content\/uploads\/2024\/03\/AnyConv.com__ivan-regiane.webp.webp?fit=1200%2C675&ssl=1&resize=700%2C400 2x, https:\/\/i0.wp.com\/ismaelcolosi.com.br\/wp-content\/uploads\/2024\/03\/AnyConv.com__ivan-regiane.webp.webp?fit=1200%2C675&ssl=1&resize=1050%2C600 3x"},"classes":[]},{"id":43596,"url":"https:\/\/ismaelcolosi.com.br\/index.php\/2024\/03\/22\/acusado-de-matar-esposa-em-rp-e-condenado-a-36-anos-de-prisao\/","url_meta":{"origin":45145,"position":1},"title":"Acusado de matar esposa em RP \u00e9 condenado a 36 anos de pris\u00e3o","author":"ismaelcolosi.com.br","date":"22 de March de 2024","format":false,"excerpt":"Acusado de matar esposa em RP \u00e9 condenado a 36 anos de pris\u00e3o 22 de mar\u00e7o de 2024 | 11:04 1 Por: Adalberto Luque Ivan Nogueira, de 34 anos, acusado de matar a manicure Regiane Carneiro de Moura Silva por asfixia em 2022, foi condenado a 36 anos de pris\u00e3o\u2026","rel":"","context":"In &quot;Not\u00edcias de Ribeir\u00e3o Preto-SP e Regi\u00e3o&quot;","block_context":{"text":"Not\u00edcias de Ribeir\u00e3o Preto-SP e Regi\u00e3o","link":"https:\/\/ismaelcolosi.com.br\/index.php\/category\/noticias-de-ribeirao-preto-sp-e-regiao-ismael-colosi\/"},"img":{"alt_text":"","src":"https:\/\/i0.wp.com\/ismaelcolosi.com.br\/wp-content\/uploads\/2024\/03\/00-22-mar-2024-feminicida-condenado-01-foto-Redes-Sociais-scaled.jpg?fit=900%2C645&ssl=1&resize=350%2C200","width":350,"height":200,"srcset":"https:\/\/i0.wp.com\/ismaelcolosi.com.br\/wp-content\/uploads\/2024\/03\/00-22-mar-2024-feminicida-condenado-01-foto-Redes-Sociais-scaled.jpg?fit=900%2C645&ssl=1&resize=350%2C200 1x, https:\/\/i0.wp.com\/ismaelcolosi.com.br\/wp-content\/uploads\/2024\/03\/00-22-mar-2024-feminicida-condenado-01-foto-Redes-Sociais-scaled.jpg?fit=900%2C645&ssl=1&resize=525%2C300 1.5x, https:\/\/i0.wp.com\/ismaelcolosi.com.br\/wp-content\/uploads\/2024\/03\/00-22-mar-2024-feminicida-condenado-01-foto-Redes-Sociais-scaled.jpg?fit=900%2C645&ssl=1&resize=700%2C400 2x"},"classes":[]},{"id":51506,"url":"https:\/\/ismaelcolosi.com.br\/index.php\/2024\/05\/28\/policia-prende-homem-condenado-a-30-anos-por-matar-a-namorada-na-regiao-de-ribeirao\/","url_meta":{"origin":45145,"position":2},"title":"Pol\u00edcia prende homem condenado a 30 anos por matar a namorada na regi\u00e3o de Ribeir\u00e3o","author":"ismaelcolosi.com.br","date":"28 de May de 2024","format":false,"excerpt":"A Pol\u00edcia Civil de Sert\u00e3ozinho prendeu nesta ter\u00e7a-feira (28) Junio Cezar Roza Giorgetti, condenado a 30 anos de pris\u00e3o pelo assassinato da namorada em Sert\u00e3ozinho, na regi\u00e3o de Ribeir\u00e3o Preto. O crime ocorreu em 2013, quando a v\u00edtima, Vanessa Nobre Martins, tinha 19 anos. Segundo a pol\u00edcia, Junio, que est\u00e1\u2026","rel":"","context":"In &quot;Not\u00edcias de Ribeir\u00e3o Preto-SP e Regi\u00e3o&quot;","block_context":{"text":"Not\u00edcias de Ribeir\u00e3o Preto-SP e Regi\u00e3o","link":"https:\/\/ismaelcolosi.com.br\/index.php\/category\/noticias-de-ribeirao-preto-sp-e-regiao-ismael-colosi\/"},"img":{"alt_text":"","src":"https:\/\/i0.wp.com\/ismaelcolosi.com.br\/wp-content\/uploads\/2024\/05\/WhatsApp-Image-2024-05-28-at-08.40.33_2024-05-28_11-40-46_jpeg_2024-05-28_11-40-46.webp.webp?fit=1200%2C675&ssl=1&resize=350%2C200","width":350,"height":200,"srcset":"https:\/\/i0.wp.com\/ismaelcolosi.com.br\/wp-content\/uploads\/2024\/05\/WhatsApp-Image-2024-05-28-at-08.40.33_2024-05-28_11-40-46_jpeg_2024-05-28_11-40-46.webp.webp?fit=1200%2C675&ssl=1&resize=350%2C200 1x, https:\/\/i0.wp.com\/ismaelcolosi.com.br\/wp-content\/uploads\/2024\/05\/WhatsApp-Image-2024-05-28-at-08.40.33_2024-05-28_11-40-46_jpeg_2024-05-28_11-40-46.webp.webp?fit=1200%2C675&ssl=1&resize=525%2C300 1.5x, https:\/\/i0.wp.com\/ismaelcolosi.com.br\/wp-content\/uploads\/2024\/05\/WhatsApp-Image-2024-05-28-at-08.40.33_2024-05-28_11-40-46_jpeg_2024-05-28_11-40-46.webp.webp?fit=1200%2C675&ssl=1&resize=700%2C400 2x, https:\/\/i0.wp.com\/ismaelcolosi.com.br\/wp-content\/uploads\/2024\/05\/WhatsApp-Image-2024-05-28-at-08.40.33_2024-05-28_11-40-46_jpeg_2024-05-28_11-40-46.webp.webp?fit=1200%2C675&ssl=1&resize=1050%2C600 3x"},"classes":[]},{"id":76608,"url":"https:\/\/ismaelcolosi.com.br\/index.php\/2024\/11\/14\/homem-e-preso-por-torturar-e-manter-esposa-e-filha-em-carcere-privado-em-ribeirao\/","url_meta":{"origin":45145,"position":3},"title":"Homem \u00e9 preso por torturar e manter esposa e filha em c\u00e1rcere privado em Ribeir\u00e3o","author":"ismaelcolosi.com.br","date":"14 de November de 2024","format":false,"excerpt":"Na tarde de quarta-feira (13), um homem foi preso suspeito de torturar a mulher, gr\u00e1vida de 8 meses, e a filha de 7 anos. Elas viviam em c\u00e1rcere privado h\u00e1 tr\u00eas dias, na casa que morava com o suspeito, no bairro Ipiranga, zona Norte de Ribeir\u00e3o Preto. O boletim de\u2026","rel":"","context":"In &quot;Not\u00edcias de Ribeir\u00e3o Preto-SP e Regi\u00e3o&quot;","block_context":{"text":"Not\u00edcias de Ribeir\u00e3o Preto-SP e Regi\u00e3o","link":"https:\/\/ismaelcolosi.com.br\/index.php\/category\/noticias-de-ribeirao-preto-sp-e-regiao-ismael-colosi\/"},"img":{"alt_text":"","src":"https:\/\/i0.wp.com\/ismaelcolosi.com.br\/wp-content\/uploads\/2024\/11\/Copia-de-Copia-de-Copia-de-TAMANHO-EXATO-PARA-FOTOS-NO-SISTEMA-NOVO-96_2024-11-14_20-08-10_png_2024-11-14_20-08-10.webp.webp?fit=1200%2C675&ssl=1&resize=350%2C200","width":350,"height":200,"srcset":"https:\/\/i0.wp.com\/ismaelcolosi.com.br\/wp-content\/uploads\/2024\/11\/Copia-de-Copia-de-Copia-de-TAMANHO-EXATO-PARA-FOTOS-NO-SISTEMA-NOVO-96_2024-11-14_20-08-10_png_2024-11-14_20-08-10.webp.webp?fit=1200%2C675&ssl=1&resize=350%2C200 1x, https:\/\/i0.wp.com\/ismaelcolosi.com.br\/wp-content\/uploads\/2024\/11\/Copia-de-Copia-de-Copia-de-TAMANHO-EXATO-PARA-FOTOS-NO-SISTEMA-NOVO-96_2024-11-14_20-08-10_png_2024-11-14_20-08-10.webp.webp?fit=1200%2C675&ssl=1&resize=525%2C300 1.5x, https:\/\/i0.wp.com\/ismaelcolosi.com.br\/wp-content\/uploads\/2024\/11\/Copia-de-Copia-de-Copia-de-TAMANHO-EXATO-PARA-FOTOS-NO-SISTEMA-NOVO-96_2024-11-14_20-08-10_png_2024-11-14_20-08-10.webp.webp?fit=1200%2C675&ssl=1&resize=700%2C400 2x, https:\/\/i0.wp.com\/ismaelcolosi.com.br\/wp-content\/uploads\/2024\/11\/Copia-de-Copia-de-Copia-de-TAMANHO-EXATO-PARA-FOTOS-NO-SISTEMA-NOVO-96_2024-11-14_20-08-10_png_2024-11-14_20-08-10.webp.webp?fit=1200%2C675&ssl=1&resize=1050%2C600 3x"},"classes":[]},{"id":27313,"url":"https:\/\/ismaelcolosi.com.br\/index.php\/2024\/01\/11\/utm_sourcerssutm_mediumrssutm_campaignavo-condenado-a-mais-de-30-anos-de-cadeia-por-abusar-das-netas-em-rp-e-preso-pelo-baep-em-sertaozinho\/","url_meta":{"origin":45145,"position":4},"title":"Av\u00f4 condenado a mais de 30 anos de CADEIA por abusar das netas em RP \u00e9 preso pelo BAEP em Sert\u00e3ozinho \u2013 X Tudo Ribeir\u00e3o","author":"ismaelcolosi.com.br","date":"11 de January de 2024","format":false,"excerpt":"Um homem condenado a mais de 30 anos de CADEIA por abusar sexualmente das pr\u00f3prias netas foi preso pela equipe do 11\u00ba BAEP (Batalh\u00e3o de A\u00e7\u00f5es Especiais de Pol\u00edcia) na tarde desta quinta-feira (11\/1), na cidade de Sert\u00e3ozinho.\u00a0 Segundo apurado com EXCLUSIVIDADE pelo X TUDO RIBEIR\u00c3O, durante o patrulhamento ostensivo\u2026","rel":"","context":"In &quot;Not\u00edcias de Ribeir\u00e3o Preto-SP e Regi\u00e3o&quot;","block_context":{"text":"Not\u00edcias de Ribeir\u00e3o Preto-SP e Regi\u00e3o","link":"https:\/\/ismaelcolosi.com.br\/index.php\/category\/noticias-de-ribeirao-preto-sp-e-regiao-ismael-colosi\/"},"img":{"alt_text":"","src":"https:\/\/i0.wp.com\/ismaelcolosi.com.br\/wp-content\/uploads\/2024\/01\/WhatsApp-Image-2024-01-11-at-22.47.04.jpeg?fit=1200%2C1122&ssl=1&resize=350%2C200","width":350,"height":200,"srcset":"https:\/\/i0.wp.com\/ismaelcolosi.com.br\/wp-content\/uploads\/2024\/01\/WhatsApp-Image-2024-01-11-at-22.47.04.jpeg?fit=1200%2C1122&ssl=1&resize=350%2C200 1x, https:\/\/i0.wp.com\/ismaelcolosi.com.br\/wp-content\/uploads\/2024\/01\/WhatsApp-Image-2024-01-11-at-22.47.04.jpeg?fit=1200%2C1122&ssl=1&resize=525%2C300 1.5x, https:\/\/i0.wp.com\/ismaelcolosi.com.br\/wp-content\/uploads\/2024\/01\/WhatsApp-Image-2024-01-11-at-22.47.04.jpeg?fit=1200%2C1122&ssl=1&resize=700%2C400 2x, https:\/\/i0.wp.com\/ismaelcolosi.com.br\/wp-content\/uploads\/2024\/01\/WhatsApp-Image-2024-01-11-at-22.47.04.jpeg?fit=1200%2C1122&ssl=1&resize=1050%2C600 3x"},"classes":[]},{"id":47500,"url":"https:\/\/ismaelcolosi.com.br\/index.php\/2024\/04\/25\/nome-de-advogado-condenado-pela-morte-de-adolescente-em-ribeirao-aparece-em-lista-de-procurados-da-justica\/","url_meta":{"origin":45145,"position":5},"title":"Nome de advogado condenado pela morte de adolescente em Ribeir\u00e3o aparece em lista de procurados da Justi\u00e7a","author":"ismaelcolosi.com.br","date":"25 de April de 2024","format":false,"excerpt":"O nome do advogado Alexandre Luis Maturana, condenado \u00e0 pris\u00e3o pela morte de um adolescente em Ribeir\u00e3o Preto, aparece nas principais listas de procurados no territ\u00f3rio nacional, de acordo com as autoridades. Acusado de atropelar Rubem Falconi de Oliveira, de 16 anos, ap\u00f3s uma festa em um clube da cidade,\u2026","rel":"","context":"In &quot;Not\u00edcias de Ribeir\u00e3o Preto-SP e Regi\u00e3o&quot;","block_context":{"text":"Not\u00edcias de Ribeir\u00e3o Preto-SP e Regi\u00e3o","link":"https:\/\/ismaelcolosi.com.br\/index.php\/category\/noticias-de-ribeirao-preto-sp-e-regiao-ismael-colosi\/"},"img":{"alt_text":"","src":"https:\/\/i0.wp.com\/ismaelcolosi.com.br\/wp-content\/uploads\/2024\/04\/Copia-de-Copia-de-TAMANHO-EXATO-PARA-FOTOS-NO-SISTEMA-NOVO-14_2024-04-26_00-01-15_png.webp.webp?fit=1200%2C675&ssl=1&resize=350%2C200","width":350,"height":200,"srcset":"https:\/\/i0.wp.com\/ismaelcolosi.com.br\/wp-content\/uploads\/2024\/04\/Copia-de-Copia-de-TAMANHO-EXATO-PARA-FOTOS-NO-SISTEMA-NOVO-14_2024-04-26_00-01-15_png.webp.webp?fit=1200%2C675&ssl=1&resize=350%2C200 1x, https:\/\/i0.wp.com\/ismaelcolosi.com.br\/wp-content\/uploads\/2024\/04\/Copia-de-Copia-de-TAMANHO-EXATO-PARA-FOTOS-NO-SISTEMA-NOVO-14_2024-04-26_00-01-15_png.webp.webp?fit=1200%2C675&ssl=1&resize=525%2C300 1.5x, https:\/\/i0.wp.com\/ismaelcolosi.com.br\/wp-content\/uploads\/2024\/04\/Copia-de-Copia-de-TAMANHO-EXATO-PARA-FOTOS-NO-SISTEMA-NOVO-14_2024-04-26_00-01-15_png.webp.webp?fit=1200%2C675&ssl=1&resize=700%2C400 2x, https:\/\/i0.wp.com\/ismaelcolosi.com.br\/wp-content\/uploads\/2024\/04\/Copia-de-Copia-de-TAMANHO-EXATO-PARA-FOTOS-NO-SISTEMA-NOVO-14_2024-04-26_00-01-15_png.webp.webp?fit=1200%2C675&ssl=1&resize=1050%2C600 3x"},"classes":[]}],"jetpack_sharing_enabled":true,"jetpack_shortlink":"https:\/\/wp.me\/pfMlyK-bK9","_links":{"self":[{"href":"https:\/\/ismaelcolosi.com.br\/index.php\/wp-json\/wp\/v2\/posts\/45145","targetHints":{"allow":["GET"]}}],"collection":[{"href":"https:\/\/ismaelcolosi.com.br\/index.php\/wp-json\/wp\/v2\/posts"}],"about":[{"href":"https:\/\/ismaelcolosi.com.br\/index.php\/wp-json\/wp\/v2\/types\/post"}],"author":[{"embeddable":true,"href":"https:\/\/ismaelcolosi.com.br\/index.php\/wp-json\/wp\/v2\/users\/1"}],"replies":[{"embeddable":true,"href":"https:\/\/ismaelcolosi.com.br\/index.php\/wp-json\/wp\/v2\/comments?post=45145"}],"version-history":[{"count":0,"href":"https:\/\/ismaelcolosi.com.br\/index.php\/wp-json\/wp\/v2\/posts\/45145\/revisions"}],"wp:featuredmedia":[{"embeddable":true,"href":"https:\/\/ismaelcolosi.com.br\/index.php\/wp-json\/wp\/v2\/media\/45146"}],"wp:attachment":[{"href":"https:\/\/ismaelcolosi.com.br\/index.php\/wp-json\/wp\/v2\/media?parent=45145"}],"wp:term":[{"taxonomy":"category","embeddable":true,"href":"https:\/\/ismaelcolosi.com.br\/index.php\/wp-json\/wp\/v2\/categories?post=45145"},{"taxonomy":"post_tag","embeddable":true,"href":"https:\/\/ismaelcolosi.com.br\/index.php\/wp-json\/wp\/v2\/tags?post=45145"}],"curies":[{"name":"wp","href":"https:\/\/api.w.org\/{rel}","templated":true}]}}