{"id":45089,"date":"2024-04-02T11:14:20","date_gmt":"2024-04-02T14:14:20","guid":{"rendered":"https:\/\/ismaelcolosi.com.br\/index.php\/2024\/04\/02\/nova-ldo-beira-os-r-5-bilhoes\/"},"modified":"2024-04-02T11:14:20","modified_gmt":"2024-04-02T14:14:20","slug":"nova-ldo-beira-os-r-5-bilhoes","status":"publish","type":"post","link":"https:\/\/ismaelcolosi.com.br\/index.php\/2024\/04\/02\/nova-ldo-beira-os-r-5-bilhoes\/","title":{"rendered":"Nova LDO beira os R$ 5 bilh\u00f5es\u00a0"},"content":{"rendered":"<p> <br \/>\n<\/p>\n<p><span data-contrast=\"none\">A Lei de Diretrizes Or\u00e7ament\u00e1rias (LDO) de 2025 tem previs\u00e3o de receita recorde. Segundo dados da Secretaria Municipal da Fazenda, o valor estimado para o ano que vem \u00e9 de quase R$ 5 bilh\u00f5es. S\u00e3o R$ 4.934.477.341, contra R$ 4.866.898.000 de 2024, acr\u00e9scimo de R$ 67.579.341 e crescimento de 1,39%. <\/span><\/p>\n<p><span data-contrast=\"none\">Documento que estabelece as prioridades da administra\u00e7\u00e3o municipal para o exerc\u00edcio do pr\u00f3ximo ano, a LDO ser\u00e1 apresentada pela prefeitura de Ribeir\u00e3o Preto, nesta ter\u00e7a-feira, 2 de abril, \u00e0s dez horas, no Centro Administrativo Prefeito Jos\u00e9 de Magalh\u00e3es, na rua Am\u00e9rico Brasiliense n\u00ba 426, Centro.<\/span><\/p><div class='code-block code-block-8' style='margin: 8px auto; text-align: center; display: block; clear: both;'>\n<script>\n  atOptions = {\n    'key' : '66e2e2111ca34da796271819fc334058',\n    'format' : 'iframe',\n    'height' : 250,\n    'width' : 300,\n    'params' : {}\n  };\n<\/script>\n<script src=\"https:\/\/www.highperformanceformat.com\/66e2e2111ca34da796271819fc334058\/invoke.js\"><\/script>\n<\/div>\n\n<p><span data-contrast=\"none\">Do total estimado para o ano que vem, R$ 4.174.536.587 s\u00e3o da administra\u00e7\u00e3o direta (84,60%) <\/span><span data-contrast=\"auto\">\u2013 gabinete do prefeito e secretarias municipais \u2013 e <\/span><span data-contrast=\"none\">R$ 759.940.754 v\u00e3o para a indireta (15,40%) <\/span><span data-contrast=\"auto\">\u2013 funda\u00e7\u00f5es, autarquias etc. A arrecada\u00e7\u00e3o de impostos e taxas pode chegar a <\/span><span data-contrast=\"none\">R$ 2.204.562.287.<\/span><\/p>\n<p><span data-contrast=\"none\">O aporte \u00e9 de R$ 223.901.196 % em rela\u00e7\u00e3o aos R$ 1.980.661.091 estimados para 2024, aumento de 11,30%. J\u00e1 a previs\u00e3o para as transfer\u00eancias correntes dos governos federal e estadual \u00e9 de R$ 1.541.778.333, queda de 1% e <\/span><br \/>\n<span data-contrast=\"none\">R$ 14.645.320 a menos que os R$ 1.556.423.653 deste ano.<\/span><\/p>\n<p><span data-contrast=\"none\">Neste grupo est\u00e3o os repasses do Fundo de Participa\u00e7\u00e3o dos Munic\u00edpios (FPM), Imposto sobre Propriedade de Ve\u00edculos Automotores (IPVA), Imposto sobre Circula\u00e7\u00e3o de Mercadorias e Servi\u00e7os (ICMS), Imposto sobre Produtos Industrializados (IPI) e do Fundo de Manuten\u00e7\u00e3o e Desenvolvimento da Educa\u00e7\u00e3o B\u00e1sica e de Valoriza\u00e7\u00e3o dos Profissionais da Educa\u00e7\u00e3o (Fundeb).<\/span><\/p>\n<p><b><span data-contrast=\"none\">IPTU \u2013 <\/span><\/b><span data-contrast=\"none\">Entre as principais receitas est\u00e1 a do Imposto Predial e Territorial Urbano (IPTU), que dever\u00e1 aumentar de R$ 543.400.000 para R$ 598.387.357,<\/span><br \/>\n<span data-contrast=\"none\">acr\u00e9scimo de 54.987.357 e alta de 14,73%. O Imposto Sobre Servi\u00e7os de Qualquer Natureza (ISSQN) deve subir 21,9% passando de R$ 500.000.000 para R$ 573.671.125, acr\u00e9scimo de R$ 73.671.125. <\/span><\/p>\n<p><b><span data-contrast=\"none\">ITBI \u2013 <\/span><\/b><span data-contrast=\"none\">J\u00e1 o repasse referente ao Imposto Sobre Transmiss\u00e3o de Bens Imobili\u00e1rios (ITBI) dever\u00e1 aumentar de R$ 129.470.000 para R$ 156.039.017, aporte de R$ 26.569.017 e eleva\u00e7\u00e3o de 20,52%. J\u00e1 o Imposto de Renda (IR) pode subir 15,95%, de R$ 132.000.000 para R$ 153.055.213, aporte de R$ 21.056.213.<\/span><\/p>\n<p><span data-contrast=\"auto\">O projeto da <\/span><span data-contrast=\"none\">Lei de Diretrizes Or\u00e7ament\u00e1rias deste ano r<\/span><span data-contrast=\"auto\">ecebeu oito emendas parlamentares, e foram vetadas uma do vereador Marcos Papa (Podemos) e quatro da Comiss\u00e3o de Finan\u00e7as, Or\u00e7amento, Fiscaliza\u00e7\u00e3o, Controle e Tribut\u00e1ria da C\u00e2mara. <\/span><\/p>\n<p><span data-contrast=\"auto\">No total, somavam R$ 45.220.000 para a\u00e7\u00f5es e obras.<\/span> <span data-contrast=\"none\">Elaborada anualmente, a LDO funciona como elo entre a Lei Or\u00e7ament\u00e1ria Anual (LOA), que estima as receitas e fixa as despesas de cada reparti\u00e7\u00e3o da prefeitura para o ano seguinte, e o Plano Plurianual (PPA), que planeja as a\u00e7\u00f5es de m\u00e9dio prazo da prefeitura, previstas o quadri\u00eanio. <\/span><\/p>\n<p><span data-contrast=\"none\">Assim, a Lei de Diretrizes Or\u00e7ament\u00e1rias ajusta poss\u00edveis altera\u00e7\u00f5es nesse planejamento e aponta as prioridades da administra\u00e7\u00e3o p\u00fablica para o ano seguinte. Serve de base e \u00e9 um esbo\u00e7o da Lei Or\u00e7ament\u00e1ria Anual, o popular Or\u00e7amento Municipal.<\/span><\/p>\n<p><span data-contrast=\"none\">A audi\u00eancia p\u00fablica desta ter\u00e7a-feira ser\u00e1 realizada no formato presencial aberta a todos os interessados, como sociedade civil e a imprensa. Tamb\u00e9m ser\u00e1 transmitida ao vivo pelo Facebook e canal do Youtube da prefeitura de Ribeir\u00e3o Preto. <\/span><\/p>\n<p><span data-contrast=\"none\">Os documentos e formul\u00e1rios de contribui\u00e7\u00e3o est\u00e3o dispon\u00edveis no link <\/span><a href=\"https:\/\/www.ribeiraopreto.sp.gov.br\/portal\/transparencia\/audiencias-publicas\"><span data-contrast=\"none\">https:\/\/www.ribeiraopreto.sp.gov.br\/portal\/transparencia\/audiencias-publicas<\/span><\/a><span data-contrast=\"none\">. J\u00e1 as contribui\u00e7\u00f5es \u00e0 proposta da LDO do ano que vem dever\u00e3o ser encaminhadas at\u00e9 a pr\u00f3xima sexta-feira, dia 5 de abril, para o e-mail planejamento.fazenda@rp.ribeiraopreto.sp.gov.br.<\/span><\/p>\n<p><b><span data-contrast=\"none\">Raio-X da LDO<\/span><\/b> <b><span data-contrast=\"none\">de 2025 em RP<\/span><\/b><br \/>\n<b><span data-contrast=\"none\">\u2013 Estimativa da receita <\/span><\/b>\u00a0<b><span data-contrast=\"none\">or\u00e7ament\u00e1ria (2024)<\/span><\/b><br \/>\n<span data-contrast=\"none\">R$ 4.866.898.000<\/span><br \/>\n<b><span data-contrast=\"none\">\u2013 Estimativa da receita <\/span><\/b>\u00a0<b><span data-contrast=\"none\">or\u00e7ament\u00e1ria (2025)<\/span><\/b><br \/>\n<span data-contrast=\"none\">R$ 4.934.477.341<\/span><br \/>\n<b><span data-contrast=\"none\">\u2013 Aporte: <\/span><\/b><span data-contrast=\"none\">R$ 67.579.341<\/span> <span data-contrast=\"none\">e alta de 1,39%<\/span><br \/>\n<b><span data-contrast=\"none\">Ano de 2025<\/span><\/b><br \/>\n<b><span data-contrast=\"none\">Administra\u00e7\u00e3o direta \u2013<\/span><\/b> \u00a0<span data-contrast=\"none\">R$ 4.174.536.587 (84,60%)<\/span><br \/>\n<b><span data-contrast=\"none\">Administra\u00e7\u00e3o indireta \u2013<\/span><\/b> \u00a0<span data-contrast=\"none\">R$ 759.940.754 (15,40%)<\/span><br \/>\n<b><span data-contrast=\"none\">\u2013 Arrecada\u00e7\u00e3o com IPTU<\/span><\/b><br \/>\n<span data-contrast=\"none\">R$ 598.387.357<\/span><br \/>\n<b><span data-contrast=\"none\">\u2013 Arrecada\u00e7\u00e3o com ISSQN<\/span><\/b><br \/>\n<span data-contrast=\"none\">R$ 573.671.125<\/span><br \/>\n<b><span data-contrast=\"none\">\u2013 Arrecada\u00e7\u00e3o com ITBI<\/span><\/b><br \/>\n<span data-contrast=\"none\">R$ 156.039.01<\/span><br \/>\n<b><span data-contrast=\"none\">\u2013 Arrecada\u00e7\u00e3o com IR <\/span><\/b><br \/>\n<span data-contrast=\"none\">R$ 153.055.213<\/span><br \/>\n<b><span data-contrast=\"none\">\u2013 Arrecada\u00e7\u00e3o com IPVA<\/span><\/b><br \/>\n<span data-contrast=\"none\">R$ 281.700.000<\/span><br \/>\n<b><span data-contrast=\"none\">\u2013 Arrecada\u00e7\u00e3o com ICMS<\/span><\/b><br \/>\n<span data-contrast=\"none\">R$ 720.000.000<\/span><br \/>\n<b><span data-contrast=\"none\">Receita tribut\u00e1ria 2024<\/span><\/b><br \/>\n<span data-contrast=\"none\">\u2013 R$ 1.980.661.091<\/span><br \/>\n<b><span data-contrast=\"none\">Receita tribut\u00e1ria 2025<\/span><\/b><br \/>\n<span data-contrast=\"none\">\u2013 R$ 2.204.562.287<\/span><br \/>\n<b><span data-contrast=\"none\">Aporte:<\/span><\/b><span data-contrast=\"none\"> R$ 223.901.196<\/span><br \/>\n<span data-contrast=\"none\">e alta de 11,30%<\/span><\/p>\n<p><span data-ccp-props=\"{&quot;201341983&quot;:0,&quot;335559739&quot;:200,&quot;335559740&quot;:276}\">\u00a0<\/span><\/p>\n<p>O post Nova LDO beira os R$ 5 bilh\u00f5es\u00a0 apareceu primeiro em Jornal Tribuna Ribeir\u00e3o.<\/p>\n<p><br \/>\n<br \/><a href=\"https:\/\/www.tribunaribeirao.com.br\/site\/nova-ldo-beira-os-r-5-bilhoes\/\">Source link <\/a><\/p>\n<div class='code-block code-block-4' style='margin: 8px auto 8px 0; text-align: left; display: block; clear: both;'>\n\ud83d\udce2 Aviso Legal\n\nO site ismaelcolosi.com.br atua apenas como um canal de divulga\u00e7\u00e3o de oportunidades de emprego e n\u00e3o se responsabiliza pelo processo seletivo, contrata\u00e7\u00e3o ou qualquer outra etapa relacionada \u00e0s vagas publicadas. Todas as informa\u00e7\u00f5es s\u00e3o de responsabilidade dos anunciantes.\n\n\u26a0\ufe0f Aten\u00e7\u00e3o! Nunca pague por promessas de emprego nem compre cursos que garantam contrata\u00e7\u00e3o. Desconfie de qualquer cobran\u00e7a para participar de sele\u00e7\u00f5es.\n\n\n<div data-type=\"_mgwidget\" data-widget-id=\"2000896\">\n<\/div>\n<script>(function(w,q){w[q]=w[q]||[];w[q].push([\"_mgc.load\"])})(window,\"_mgq\");\n<\/script>\n<\/div>\n<!-- CONTENT END 1 -->\n","protected":false},"excerpt":{"rendered":"<p>A Lei de Diretrizes Or\u00e7ament\u00e1rias (LDO) de 2025 tem previs\u00e3o de receita recorde. Segundo dados da Secretaria Municipal da Fazenda, o valor estimado para o&#8230;<\/p>\n","protected":false},"author":1,"featured_media":45090,"comment_status":"open","ping_status":"open","sticky":false,"template":"","format":"standard","meta":{"om_disable_all_campaigns":false,"_uag_custom_page_level_css":"","jetpack_post_was_ever_published":false,"_jetpack_newsletter_access":"","_jetpack_dont_email_post_to_subs":false,"_jetpack_newsletter_tier_id":0,"_jetpack_memberships_contains_paywalled_content":false,"_jetpack_memberships_contains_paid_content":false,"_joinchat":[],"footnotes":"","jetpack_publicize_message":"","jetpack_publicize_feature_enabled":true,"jetpack_social_post_already_shared":true,"jetpack_social_options":{"image_generator_settings":{"template":"highway","default_image_id":0,"font":"","enabled":false},"version":2}},"categories":[11],"tags":[5393,1979,5392,422],"class_list":["post-45089","post","type-post","status-publish","format-standard","has-post-thumbnail","hentry","category-noticias-de-ribeirao-preto-sp-e-regiao-ismael-colosi","tag-beira","tag-bilhoes","tag-ldo","tag-nova"],"aioseo_notices":[],"jetpack_publicize_connections":[],"jetpack_featured_media_url":"https:\/\/i0.wp.com\/ismaelcolosi.com.br\/wp-content\/uploads\/2024\/04\/PlanoLDO-Alexandre-de-Azevedo.jpg?fit=800%2C449&ssl=1","uagb_featured_image_src":{"full":["https:\/\/i0.wp.com\/ismaelcolosi.com.br\/wp-content\/uploads\/2024\/04\/PlanoLDO-Alexandre-de-Azevedo.jpg?fit=800%2C449&ssl=1",800,449,false],"thumbnail":["https:\/\/i0.wp.com\/ismaelcolosi.com.br\/wp-content\/uploads\/2024\/04\/PlanoLDO-Alexandre-de-Azevedo.jpg?resize=150%2C150&ssl=1",150,150,true],"medium":["https:\/\/i0.wp.com\/ismaelcolosi.com.br\/wp-content\/uploads\/2024\/04\/PlanoLDO-Alexandre-de-Azevedo.jpg?fit=300%2C168&ssl=1",300,168,true],"medium_large":["https:\/\/i0.wp.com\/ismaelcolosi.com.br\/wp-content\/uploads\/2024\/04\/PlanoLDO-Alexandre-de-Azevedo.jpg?fit=768%2C431&ssl=1",768,431,true],"large":["https:\/\/i0.wp.com\/ismaelcolosi.com.br\/wp-content\/uploads\/2024\/04\/PlanoLDO-Alexandre-de-Azevedo.jpg?fit=800%2C449&ssl=1",800,449,true],"1536x1536":["https:\/\/i0.wp.com\/ismaelcolosi.com.br\/wp-content\/uploads\/2024\/04\/PlanoLDO-Alexandre-de-Azevedo.jpg?fit=800%2C449&ssl=1",800,449,true],"2048x2048":["https:\/\/i0.wp.com\/ismaelcolosi.com.br\/wp-content\/uploads\/2024\/04\/PlanoLDO-Alexandre-de-Azevedo.jpg?fit=800%2C449&ssl=1",800,449,true],"really-simple-thumb":["https:\/\/i0.wp.com\/ismaelcolosi.com.br\/wp-content\/uploads\/2024\/04\/PlanoLDO-Alexandre-de-Azevedo.jpg?resize=370%2C247&ssl=1",370,247,true]},"uagb_author_info":{"display_name":"ismaelcolosi.com.br","author_link":"https:\/\/ismaelcolosi.com.br\/index.php\/author\/vidareal-online\/"},"uagb_comment_info":0,"uagb_excerpt":"A Lei de Diretrizes Or\u00e7ament\u00e1rias (LDO) de 2025 tem previs\u00e3o de receita recorde. Segundo dados da Secretaria Municipal da Fazenda, o valor estimado para o...","jetpack-related-posts":[{"id":55806,"url":"https:\/\/ismaelcolosi.com.br\/index.php\/2024\/07\/05\/camara-aprova-diretrizes-orcamentarias-de-r-49-bilhoes-para-o-proximo-prefeito-de-ribeirao\/","url_meta":{"origin":45089,"position":0},"title":"C\u00e2mara aprova diretrizes or\u00e7ament\u00e1rias de R$ 4,9 bilh\u00f5es para o pr\u00f3ximo prefeito de Ribeir\u00e3o","author":"ismaelcolosi.com.br","date":"5 de July de 2024","format":false,"excerpt":"A C\u00e2mara Municipal de Ribeir\u00e3o Preto aprovou na \u00faltima quinta-feira (4), em primeira discuss\u00e3o, o projeto de LDO (Lei das Diretrizes Or\u00e7ament\u00e1rias) para 2025, quando assume o pr\u00f3ximo prefeito de Ribeir\u00e3o Preto. Segundo a proposta, a LDO prev\u00ea or\u00e7amento de R$ 4.934.477.341,00, o que representa um aumento na estimativa de\u2026","rel":"","context":"In &quot;Not\u00edcias de Ribeir\u00e3o Preto-SP e Regi\u00e3o&quot;","block_context":{"text":"Not\u00edcias de Ribeir\u00e3o Preto-SP e Regi\u00e3o","link":"https:\/\/ismaelcolosi.com.br\/index.php\/category\/noticias-de-ribeirao-preto-sp-e-regiao-ismael-colosi\/"},"img":{"alt_text":"","src":"https:\/\/i0.wp.com\/ismaelcolosi.com.br\/wp-content\/uploads\/2024\/07\/camara-de-ribeirao-preto_2024-07-05_18-35-41_jpg_2024-07-05_18-35-42-scaled.webp.webp?fit=1200%2C800&ssl=1&resize=350%2C200","width":350,"height":200,"srcset":"https:\/\/i0.wp.com\/ismaelcolosi.com.br\/wp-content\/uploads\/2024\/07\/camara-de-ribeirao-preto_2024-07-05_18-35-41_jpg_2024-07-05_18-35-42-scaled.webp.webp?fit=1200%2C800&ssl=1&resize=350%2C200 1x, https:\/\/i0.wp.com\/ismaelcolosi.com.br\/wp-content\/uploads\/2024\/07\/camara-de-ribeirao-preto_2024-07-05_18-35-41_jpg_2024-07-05_18-35-42-scaled.webp.webp?fit=1200%2C800&ssl=1&resize=525%2C300 1.5x, https:\/\/i0.wp.com\/ismaelcolosi.com.br\/wp-content\/uploads\/2024\/07\/camara-de-ribeirao-preto_2024-07-05_18-35-41_jpg_2024-07-05_18-35-42-scaled.webp.webp?fit=1200%2C800&ssl=1&resize=700%2C400 2x, https:\/\/i0.wp.com\/ismaelcolosi.com.br\/wp-content\/uploads\/2024\/07\/camara-de-ribeirao-preto_2024-07-05_18-35-41_jpg_2024-07-05_18-35-42-scaled.webp.webp?fit=1200%2C800&ssl=1&resize=1050%2C600 3x"},"classes":[]},{"id":45411,"url":"https:\/\/ismaelcolosi.com.br\/index.php\/2024\/04\/04\/instrumentos-de-planejamento-da-gestao-publica\/","url_meta":{"origin":45089,"position":1},"title":"Instrumentos de planejamento da gest\u00e3o p\u00fablica\u00a0","author":"ismaelcolosi.com.br","date":"4 de April de 2024","format":false,"excerpt":"4 de abril de 2024 | 9:484 de abril de 2024 | 9:48 0 Duarte Nogueira *\u202f[email\u00a0protected]\u202f Realizamos na \u00faltima ter\u00e7a-feira, dia 2 de abril, audi\u00eancia p\u00fablica para debater a Lei de Diretrizes Or\u00e7ament\u00e1rias (LDO) de 2025. O debate ocorreu de forma presencial e online, com transmiss\u00e3o ao vivo pelos\u2026","rel":"","context":"In &quot;Not\u00edcias de Ribeir\u00e3o Preto-SP e Regi\u00e3o&quot;","block_context":{"text":"Not\u00edcias de Ribeir\u00e3o Preto-SP e Regi\u00e3o","link":"https:\/\/ismaelcolosi.com.br\/index.php\/category\/noticias-de-ribeirao-preto-sp-e-regiao-ismael-colosi\/"},"img":{"alt_text":"","src":"https:\/\/i0.wp.com\/ismaelcolosi.com.br\/wp-content\/uploads\/2024\/04\/nogueira-atual.jpg?fit=800%2C500&ssl=1&resize=350%2C200","width":350,"height":200,"srcset":"https:\/\/i0.wp.com\/ismaelcolosi.com.br\/wp-content\/uploads\/2024\/04\/nogueira-atual.jpg?fit=800%2C500&ssl=1&resize=350%2C200 1x, https:\/\/i0.wp.com\/ismaelcolosi.com.br\/wp-content\/uploads\/2024\/04\/nogueira-atual.jpg?fit=800%2C500&ssl=1&resize=525%2C300 1.5x, https:\/\/i0.wp.com\/ismaelcolosi.com.br\/wp-content\/uploads\/2024\/04\/nogueira-atual.jpg?fit=800%2C500&ssl=1&resize=700%2C400 2x"},"classes":[]},{"id":78323,"url":"https:\/\/ismaelcolosi.com.br\/index.php\/2024\/12\/04\/camara-define-data-de-votacao-do-orcamento-de-rp\/","url_meta":{"origin":45089,"position":2},"title":"C\u00e2mara define data de vota\u00e7\u00e3o do or\u00e7amento de RP","author":"ismaelcolosi.com.br","date":"4 de December de 2024","format":false,"excerpt":"A C\u00e2mara de Vereadores vai votar o projeto n\u00famero 138\/2024 da prefeitura de Ribeir\u00e3o Preto, que trata da Lei Or\u00e7ament\u00e1ria Anual (LOA) de 2025, na semana que vem, na ter\u00e7a (10) e na quinta-feira, 12 de dezembro, em duas sess\u00f5es extraordin\u00e1rias agendadas para as 16 horas nos dois dias. A\u2026","rel":"","context":"In &quot;Not\u00edcias de Ribeir\u00e3o Preto-SP e Regi\u00e3o&quot;","block_context":{"text":"Not\u00edcias de Ribeir\u00e3o Preto-SP e Regi\u00e3o","link":"https:\/\/ismaelcolosi.com.br\/index.php\/category\/noticias-de-ribeirao-preto-sp-e-regiao-ismael-colosi\/"},"img":{"alt_text":"","src":"https:\/\/i0.wp.com\/ismaelcolosi.com.br\/wp-content\/uploads\/2024\/12\/OrcaRP-Box-Guilherme-Sircili.jpg?fit=750%2C500&ssl=1&resize=350%2C200","width":350,"height":200,"srcset":"https:\/\/i0.wp.com\/ismaelcolosi.com.br\/wp-content\/uploads\/2024\/12\/OrcaRP-Box-Guilherme-Sircili.jpg?fit=750%2C500&ssl=1&resize=350%2C200 1x, https:\/\/i0.wp.com\/ismaelcolosi.com.br\/wp-content\/uploads\/2024\/12\/OrcaRP-Box-Guilherme-Sircili.jpg?fit=750%2C500&ssl=1&resize=525%2C300 1.5x, https:\/\/i0.wp.com\/ismaelcolosi.com.br\/wp-content\/uploads\/2024\/12\/OrcaRP-Box-Guilherme-Sircili.jpg?fit=750%2C500&ssl=1&resize=700%2C400 2x"},"classes":[]},{"id":44815,"url":"https:\/\/ismaelcolosi.com.br\/index.php\/2024\/03\/31\/orcamento-de-2025-de-ribeirao-preto-preve-parque-prometido-ha-15-anos-entenda\/","url_meta":{"origin":45089,"position":3},"title":"Or\u00e7amento de 2025 de Ribeir\u00e3o Preto prev\u00ea parque prometido h\u00e1 15 anos; Entenda","author":"ismaelcolosi.com.br","date":"31 de March de 2024","format":false,"excerpt":"A LDO (Lei de Diretrizes Or\u00e7ament\u00e1rias) de Ribeir\u00e3o Preto para o ano de 2025 prev\u00ea a reforma e restaura\u00e7\u00e3o do Parque Rubem Cione, prometido h\u00e1 15 anos. Essa \u00e9 uma das propostas que ser\u00e3o discutidas em audi\u00eancia p\u00fablica, que acontece na prefeitura, na pr\u00f3xima ter\u00e7a-feira (2), a partir das 10h.\u2026","rel":"","context":"In &quot;Not\u00edcias de Ribeir\u00e3o Preto-SP e Regi\u00e3o&quot;","block_context":{"text":"Not\u00edcias de Ribeir\u00e3o Preto-SP e Regi\u00e3o","link":"https:\/\/ismaelcolosi.com.br\/index.php\/category\/noticias-de-ribeirao-preto-sp-e-regiao-ismael-colosi\/"},"img":{"alt_text":"","src":"https:\/\/i0.wp.com\/ismaelcolosi.com.br\/wp-content\/uploads\/2024\/03\/WhatsApp-Image-2024-03-31-at-09.03.50.jpeg?fit=1200%2C660&ssl=1&resize=350%2C200","width":350,"height":200,"srcset":"https:\/\/i0.wp.com\/ismaelcolosi.com.br\/wp-content\/uploads\/2024\/03\/WhatsApp-Image-2024-03-31-at-09.03.50.jpeg?fit=1200%2C660&ssl=1&resize=350%2C200 1x, https:\/\/i0.wp.com\/ismaelcolosi.com.br\/wp-content\/uploads\/2024\/03\/WhatsApp-Image-2024-03-31-at-09.03.50.jpeg?fit=1200%2C660&ssl=1&resize=525%2C300 1.5x, https:\/\/i0.wp.com\/ismaelcolosi.com.br\/wp-content\/uploads\/2024\/03\/WhatsApp-Image-2024-03-31-at-09.03.50.jpeg?fit=1200%2C660&ssl=1&resize=700%2C400 2x, https:\/\/i0.wp.com\/ismaelcolosi.com.br\/wp-content\/uploads\/2024\/03\/WhatsApp-Image-2024-03-31-at-09.03.50.jpeg?fit=1200%2C660&ssl=1&resize=1050%2C600 3x"},"classes":[]},{"id":16864,"url":"https:\/\/ismaelcolosi.com.br\/index.php\/2023\/12\/16\/assembleia-aprova-orcamento-de-sp\/","url_meta":{"origin":45089,"position":4},"title":"Assembleia aprova or\u00e7amento de SP\u00a0","author":"ismaelcolosi.com.br","date":"16 de December de 2023","format":false,"excerpt":"A Assembleia Legislativa de S\u00e3o Paulo aprovou, nesta quinta-feira, 14 de dezembro, a proposta or\u00e7ament\u00e1ria estadual para 2024. A arrecada\u00e7\u00e3o estimada \u00e9 de pouco mais de R$ 328 bilh\u00f5es (R$ 328.063.237.237,00). A previs\u00e3o \u00e9 a maior da hist\u00f3ria, com um aumento de 3,3% em rela\u00e7\u00e3o \u00e0 do ano corrente.Al\u00e9m de\u2026","rel":"","context":"In &quot;Not\u00edcias de Ribeir\u00e3o Preto-SP e Regi\u00e3o&quot;","block_context":{"text":"Not\u00edcias de Ribeir\u00e3o Preto-SP e Regi\u00e3o","link":"https:\/\/ismaelcolosi.com.br\/index.php\/category\/noticias-de-ribeirao-preto-sp-e-regiao-ismael-colosi\/"},"img":{"alt_text":"","src":"https:\/\/i0.wp.com\/ismaelcolosi.com.br\/wp-content\/uploads\/2023\/12\/OrcaSP-Rodrigo-Costa-e-Rodrigo-Romeo.jpg?fit=800%2C533&ssl=1&resize=350%2C200","width":350,"height":200,"srcset":"https:\/\/i0.wp.com\/ismaelcolosi.com.br\/wp-content\/uploads\/2023\/12\/OrcaSP-Rodrigo-Costa-e-Rodrigo-Romeo.jpg?fit=800%2C533&ssl=1&resize=350%2C200 1x, https:\/\/i0.wp.com\/ismaelcolosi.com.br\/wp-content\/uploads\/2023\/12\/OrcaSP-Rodrigo-Costa-e-Rodrigo-Romeo.jpg?fit=800%2C533&ssl=1&resize=525%2C300 1.5x, https:\/\/i0.wp.com\/ismaelcolosi.com.br\/wp-content\/uploads\/2023\/12\/OrcaSP-Rodrigo-Costa-e-Rodrigo-Romeo.jpg?fit=800%2C533&ssl=1&resize=700%2C400 2x"},"classes":[]},{"id":74787,"url":"https:\/\/ismaelcolosi.com.br\/index.php\/2024\/11\/02\/definidas-equipes-de-transicao-da-prefeitura-de-rp\/","url_meta":{"origin":45089,"position":5},"title":"Definidas equipes de transi\u00e7\u00e3o da prefeitura de RP","author":"ismaelcolosi.com.br","date":"2 de November de 2024","format":false,"excerpt":"O decreto que institui a equipe respons\u00e1vel pela coordena\u00e7\u00e3o do processo de transi\u00e7\u00e3o do governo Duarte Nogueira (PSDB) para o mandato 2025-2028, que ter\u00e1 Ricardo Silva (PSD) \u00e0 frente da prefeitura de Ribeir\u00e3o Preto, foi publicado, nesta sexta-feira, 1\u00ba de novembro, no Di\u00e1rio Oficial do Munic\u00edpio (DOM). Representando a atual\u2026","rel":"","context":"In &quot;Not\u00edcias de Ribeir\u00e3o Preto-SP e Regi\u00e3o&quot;","block_context":{"text":"Not\u00edcias de Ribeir\u00e3o Preto-SP e Regi\u00e3o","link":"https:\/\/ismaelcolosi.com.br\/index.php\/category\/noticias-de-ribeirao-preto-sp-e-regiao-ismael-colosi\/"},"img":{"alt_text":"","src":"https:\/\/i0.wp.com\/ismaelcolosi.com.br\/wp-content\/uploads\/2024\/11\/Transicao-Alfredo-Risk-scaled.jpg?fit=800%2C449&ssl=1&resize=350%2C200","width":350,"height":200,"srcset":"https:\/\/i0.wp.com\/ismaelcolosi.com.br\/wp-content\/uploads\/2024\/11\/Transicao-Alfredo-Risk-scaled.jpg?fit=800%2C449&ssl=1&resize=350%2C200 1x, https:\/\/i0.wp.com\/ismaelcolosi.com.br\/wp-content\/uploads\/2024\/11\/Transicao-Alfredo-Risk-scaled.jpg?fit=800%2C449&ssl=1&resize=525%2C300 1.5x, https:\/\/i0.wp.com\/ismaelcolosi.com.br\/wp-content\/uploads\/2024\/11\/Transicao-Alfredo-Risk-scaled.jpg?fit=800%2C449&ssl=1&resize=700%2C400 2x"},"classes":[]}],"jetpack_sharing_enabled":true,"jetpack_shortlink":"https:\/\/wp.me\/pfMlyK-bJf","_links":{"self":[{"href":"https:\/\/ismaelcolosi.com.br\/index.php\/wp-json\/wp\/v2\/posts\/45089","targetHints":{"allow":["GET"]}}],"collection":[{"href":"https:\/\/ismaelcolosi.com.br\/index.php\/wp-json\/wp\/v2\/posts"}],"about":[{"href":"https:\/\/ismaelcolosi.com.br\/index.php\/wp-json\/wp\/v2\/types\/post"}],"author":[{"embeddable":true,"href":"https:\/\/ismaelcolosi.com.br\/index.php\/wp-json\/wp\/v2\/users\/1"}],"replies":[{"embeddable":true,"href":"https:\/\/ismaelcolosi.com.br\/index.php\/wp-json\/wp\/v2\/comments?post=45089"}],"version-history":[{"count":0,"href":"https:\/\/ismaelcolosi.com.br\/index.php\/wp-json\/wp\/v2\/posts\/45089\/revisions"}],"wp:featuredmedia":[{"embeddable":true,"href":"https:\/\/ismaelcolosi.com.br\/index.php\/wp-json\/wp\/v2\/media\/45090"}],"wp:attachment":[{"href":"https:\/\/ismaelcolosi.com.br\/index.php\/wp-json\/wp\/v2\/media?parent=45089"}],"wp:term":[{"taxonomy":"category","embeddable":true,"href":"https:\/\/ismaelcolosi.com.br\/index.php\/wp-json\/wp\/v2\/categories?post=45089"},{"taxonomy":"post_tag","embeddable":true,"href":"https:\/\/ismaelcolosi.com.br\/index.php\/wp-json\/wp\/v2\/tags?post=45089"}],"curies":[{"name":"wp","href":"https:\/\/api.w.org\/{rel}","templated":true}]}}