{"id":45048,"date":"2024-04-01T23:18:53","date_gmt":"2024-04-02T02:18:53","guid":{"rendered":"https:\/\/ismaelcolosi.com.br\/index.php\/2024\/04\/01\/bita-e-a-imaginacao-que-sumiu-espetaculo-teatral-aproxima-as-criancas-do-fenomeno-que-e-sucesso-nas-redes\/"},"modified":"2024-04-01T23:18:53","modified_gmt":"2024-04-02T02:18:53","slug":"bita-e-a-imaginacao-que-sumiu-espetaculo-teatral-aproxima-as-criancas-do-fenomeno-que-e-sucesso-nas-redes","status":"publish","type":"post","link":"https:\/\/ismaelcolosi.com.br\/index.php\/2024\/04\/01\/bita-e-a-imaginacao-que-sumiu-espetaculo-teatral-aproxima-as-criancas-do-fenomeno-que-e-sucesso-nas-redes\/","title":{"rendered":"&#8220;BITA E A IMAGINA\u00c7\u00c3O QUE SUMIU&#8221; \u2013 Espet\u00e1culo teatral aproxima as crian\u00e7as do fen\u00f4meno que \u00e9 sucesso nas redes"},"content":{"rendered":"<p> <br \/>\n<\/p>\n<div>\n<p data-sider-select-id=\"700e3b4a-5f66-4622-87e2-b878c1be628a\">Um dos maiores canais do YouTube voltados para crian\u00e7as no Brasil, com mais de 14 bilh\u00f5es de visualiza\u00e7\u00f5es, o Mundo Bita retoma a montagem teatral do musical \u201cBita e a Imagina\u00e7\u00e3o que Sumiu\u201d. Lan\u00e7ado em 2017, a pe\u00e7a volta em cartaz com elenco original e turn\u00ea por todo o pa\u00eds. \u201c\u00c9 uma experi\u00eancia enriquecedora usar m\u00faltiplas formas art\u00edsticas, como teatro de bonecos, atores e audiovisual em um mesmo espet\u00e1culo, interagindo, ao vivo, com o nosso p\u00fablico\u201d, diz o pernambucano Jo\u00e3o Henrique, um dos s\u00f3cios da anima\u00e7\u00e3o e autor da adapta\u00e7\u00e3o musical teatral dirigida por Alessandra Colasanti.<\/p>\n<p>A montagem se apropria da t\u00e9cnica transm\u00eddia e da linguagem multiplataforma, al\u00e9m de apresentar uma dramaturgia constru\u00edda exclusivamente para o teatro, com 10 m\u00fasicas autorais, divertidas e educativas, que j\u00e1 fazem sucesso na internet. O musical conta a aventura de Bita e seus amigos Lila, Dan e Tito. Na Gal\u00e1xia da Alegria, entre o Planeta M\u00fasica e o Planeta Circo, est\u00e1 o maravilhoso Mundo Bita. L\u00e1, moram o Bita e os Plots, pequenos seres verdes alien\u00edgenas. Nesse lugar tudo \u00e9 movido a um combust\u00edvel especial: imagina\u00e7\u00e3o. Um dia os Plots percebem a inesperada falta deste ingrediente no reservat\u00f3rio do planeta. Cabe ao protagonista viajar para a Terra com seus amigos na tentativa de solucionar a quest\u00e3o.<\/p>\n<p>O Mundo Bita ganhou vida em 2011 nos est\u00fadios da Mr.Plot, produtora de conte\u00fado fundada no Recife (PE) por Chaps (cantor e criador do personagem) e seus s\u00f3cios Jo\u00e3o Henrique Souza, Enio Porto e Felipe Almeida, todos pais. \u201cBita surgiu, na verdade, para ilustrar o quarto da minha primeira filha, em 2011. De l\u00e1 pra c\u00e1, ele ganhou vida e hoje \u00e9 parte do dia a dia de v\u00e1rias fam\u00edlias\u201d, comenta Chaps, que \u00e9 tamb\u00e9m autor das can\u00e7\u00f5es que ilustram os v\u00eddeos do Youtube e do espet\u00e1culo.<\/p>\n<p><strong>Bita e a Imagina\u00e7\u00e3o que Sumiu<\/strong>\u00a0\u00e9 fruto de uma parceria entre a empresa criadora dos personagens, Mr.Plot, e a G\u00e1vea Filmes, produtora de cinema e teatro. \u201cConheci os personagens em 2017, quando idealizamos a montagem que j\u00e1 percorreu teatros no Rio, SP, BH , Curitiba, Vit\u00f3ria, Bras\u00edlia, Salvador, Recife e Fortaleza. Agora retornamos ao RJ para uma temporada na Cidade das Artes\u201d, diz Bianca de Felippes, que produz o espet\u00e1culo em parceria com Gabriel Bortolini.<\/p>\n<p>Em onze anos, os mais de 100 clipes autorais lan\u00e7ados ultrapassam 14 bilh\u00f5es de visualiza\u00e7\u00f5es no Youtube, o \u00e1lbum \u201cBita e a Natureza\u201d foi indicado ao 19\u00ba Grammy Latino de Melhor \u00c1lbum Infantil e coleciona diversas premia\u00e7\u00f5es, como discos de platina duplo e discos de ouro. As produ\u00e7\u00f5es dos conte\u00fados autorais abordam, com leveza, cor e muita m\u00fasica, tem\u00e1ticas atuais e assuntos que contribuem para a forma\u00e7\u00e3o saud\u00e1vel e solid\u00e1ria das crian\u00e7as. Entre as situa\u00e7\u00f5es vivenciadas pelas personagens est\u00e3o trabalho em equipe, brincadeiras imaginativas, atitudes de perseveran\u00e7a e ado\u00e7\u00e3o de estrat\u00e9gias apropriadas \u00e0 faixa et\u00e1ria para superar obst\u00e1culos.<\/p>\n<p><strong>BITA E A IMAGINA\u00c7\u00c3O QUE SUMIU<\/strong><\/p>\n<p><strong>Cidade das Artes \u2013 Grande Sala<\/strong><\/p>\n<p>Av. das Am\u00e9ricas, 5300 \u2013 Barra da Tijuca \/ RJ<\/p>\n<p><strong>Na bilheteria do teatro ou pelo link:<\/strong><\/p>\n<p><a href=\"https:\/\/s2403.imxsnd24.com\/link.php?code=bDpodHRwcyUzQSUyRiUyRmJpbGV0by5zeW1wbGEuY29tLmJyJTJGZXZlbnQlMkY5MTgyNyUyRmQlMkYyNDQzOTY6MzAwMDY5OTc1OTpmYWJpb0Bwb3BpdG8uY29tLmJyOjEyYjYwNjo3NA==\" target=\"_blank\" rel=\"noopener noreferrer\">Link<\/a><\/p>\n<p><strong>06 a 28 de abril<\/strong><\/p>\n<p>S\u00e1bados e Domingos \u00e0s 15h.<\/p>\n<p>Ingressos:<\/p>\n<p><strong>Plateia \u2013 R\uff04 80 inteira | R\uff04 40 meia-entrada<\/strong><\/p>\n<p><strong>Frisa Lateral \u2013 R\uff04 60 inteira | R\uff04 30 meia-entrada<\/strong><\/p>\n<p><strong>Camarote \u2013 R\uff04 40 inteira | R\uff04 20 meia-entrada<\/strong><\/p>\n<p>Crian\u00e7as de colo at\u00e9 2 anos incompletes, n\u00e3o pagam<\/p>\n<p>Dura\u00e7\u00e3o: 60 minutos<\/p>\n<p>Recomenda\u00e7\u00e3o: Livre<\/p>\n<p>G\u00eanero: musical infantil<\/p>\n<p>\u00a0<\/p>\n<p><strong>Ficha T\u00e9cnica:<\/strong><\/p>\n<p>Texto:\u00a0<strong>Jo\u00e3o Henrique Souza<\/strong><\/p>\n<p>M\u00fasicas:\u00a0<strong>Chaps Melo<\/strong><\/p>\n<p>Dire\u00e7\u00e3o Art\u00edstica:\u00a0<strong>Alessandra Colasanti<\/strong><\/p>\n<p>Elenco<strong>: Adam Lee, Barbara Ferr, Ivan Mendes, Jo\u00e3o Manoel, Larissa Fernandes e Rodrigo Drade<\/strong><\/p>\n<p>Dire\u00e7\u00e3o de Arte:\u00a0<strong>Clivia Cohen<\/strong><\/p>\n<p>Dire\u00e7\u00e3o Vocal:\u00a0<strong>Pedro Lima<\/strong><\/p>\n<p>Dire\u00e7\u00e3o de Movimento:\u00a0<strong>Renato Linhares<\/strong><\/p>\n<p>Ilumina\u00e7\u00e3o:\u00a0<strong>Felicio Mafra<\/strong><\/p>\n<p>Assistente de Dire\u00e7\u00e3o:\u00a0<strong>Lorena Morais<\/strong><\/p>\n<p>Figurinista Assistente:\u00a0<strong>Clara Cohen<\/strong><\/p>\n<p>Perucas e Fantoches:\u00a0<strong>Jos\u00e9 Cohen<\/strong><\/p>\n<p>Cenot\u00e9cnico e Pintor de arte:\u00a0<strong>Massimo Esposito<\/strong><\/p>\n<p>Assistente de cenot\u00e9cnico:\u00a0<strong>William Marcello<\/strong><\/p>\n<p>Aderecistas:\u00a0<strong>Daniely Stenzel, Marcia Marques e Tassia Marques<\/strong><\/p>\n<p>Contramestre\/Costureiros:\u00a0<strong>Lucila Belcic, Paulo Barbosa, Selma Mantovani<\/strong><\/p>\n<p>T\u00e9cnico de Som:\u00a0<strong>Enrico Baraldi<\/strong><\/p>\n<p>Sonoplastia:\u00a0<strong>Roberto Silva<\/strong><\/p>\n<p>Opera\u00e7\u00e3o de v\u00eddeo:\u00a0<strong>Clayton Ramos<\/strong><\/p>\n<p>Dire\u00e7\u00e3o de Cena:\u00a0<strong>Lucia Martinusso<\/strong><\/p>\n<p>Fotos<strong>: Elisa Mendes<\/strong><\/p>\n<p>Programa\u00e7\u00e3o Visual:\u00a0<strong>Leonardo Gomez<\/strong><\/p>\n<p>Coordena\u00e7\u00e3o Redes Sociais:\u00a0<strong>Luiz Schiavinato Valente e Wynne Mello<\/strong><\/p>\n<p>Assistente de Produ\u00e7\u00e3o:<strong>\u00a0Gabriela Newlands<\/strong><\/p>\n<p>Assessoria Jur\u00eddica:\u00a0<strong>Roberto Silva<\/strong><\/p>\n<p>Produ\u00e7\u00e3o:\u00a0<strong>G\u00e1vea Filmes<\/strong><\/p>\n<p>Coprodu\u00e7\u00e3o:\u00a0<strong>Reprodutora<\/strong><\/p>\n<p>Produtores Associados:\u00a0<strong>Bianca De Felippes e Gabriel Bortolini<\/strong><\/p>\n<p>Licenciante:\u00a0<strong>Mr. Plot l<\/strong><\/p>\n<div class=\"popito_fn_votewrap\">\n<h3 class=\"vote_title\">Como voc\u00ea vota? <\/h3>\n<div class=\"popito_fn_votes \" data-id=\"1778\">\n<p>0 People voted this article. 0 Upvotes &#8211; 0 Downvotes.<\/p>\n<\/div>\n<\/div>\n<\/div>\n<p><br \/>\n<br \/><a href=\"https:\/\/popito.com.br\/bita-e-a-imaginacao-que-sumiu-espetaculo-teatral-aproxima-as-criancas-do-fenomeno-que-e-sucesso-nas-redes\/\">Source link <\/a><\/p>\n<div class='code-block code-block-4' style='margin: 8px auto 8px 0; text-align: left; display: block; clear: both;'>\n\ud83d\udce2 Aviso Legal\n\nO site ismaelcolosi.com.br atua apenas como um canal de divulga\u00e7\u00e3o de oportunidades de emprego e n\u00e3o se responsabiliza pelo processo seletivo, contrata\u00e7\u00e3o ou qualquer outra etapa relacionada \u00e0s vagas publicadas. Todas as informa\u00e7\u00f5es s\u00e3o de responsabilidade dos anunciantes.\n\n\u26a0\ufe0f Aten\u00e7\u00e3o! Nunca pague por promessas de emprego nem compre cursos que garantam contrata\u00e7\u00e3o. Desconfie de qualquer cobran\u00e7a para participar de sele\u00e7\u00f5es.\n\n\n\n<\/div>\n<!-- CONTENT END 1 -->\n","protected":false},"excerpt":{"rendered":"<p>Um dos maiores canais do YouTube voltados para crian\u00e7as no Brasil, com mais de 14 bilh\u00f5es de visualiza\u00e7\u00f5es, o Mundo Bita retoma a montagem teatral&#8230;<\/p>\n","protected":false},"author":1,"featured_media":45049,"comment_status":"open","ping_status":"open","sticky":false,"template":"","format":"standard","meta":{"_uag_custom_page_level_css":"","advanced_seo_description":"","jetpack_seo_html_title":"","jetpack_seo_noindex":false,"jetpack_post_was_ever_published":false,"_jetpack_newsletter_access":"","_jetpack_dont_email_post_to_subs":false,"_jetpack_newsletter_tier_id":0,"_jetpack_memberships_contains_paywalled_content":false,"_jetpack_memberships_contains_paid_content":false,"footnotes":"","jetpack_publicize_message":"","jetpack_publicize_feature_enabled":true,"jetpack_social_post_already_shared":true,"jetpack_social_options":{"image_generator_settings":{"template":"highway","default_image_id":0,"font":"","enabled":false},"version":2}},"categories":[11],"tags":[2789,5382,1175,2021,221,5383,104,4614,818,5384,5385],"class_list":["post-45048","post","type-post","status-publish","format-standard","has-post-thumbnail","hentry","category-noticias-de-ribeirao-preto-sp-e-regiao-ismael-colosi","tag-aproxima","tag-bita","tag-criancas","tag-espetaculo","tag-fenomeno","tag-imaginacao","tag-nas","tag-redes","tag-sucesso","tag-sumiu","tag-teatral"],"jetpack_publicize_connections":[],"jetpack_featured_media_url":"https:\/\/i0.wp.com\/ismaelcolosi.com.br\/wp-content\/uploads\/2024\/04\/bita.png?fit=1235%2C643&ssl=1","uagb_featured_image_src":{"full":["https:\/\/i0.wp.com\/ismaelcolosi.com.br\/wp-content\/uploads\/2024\/04\/bita.png?fit=1235%2C643&ssl=1",1235,643,false],"thumbnail":["https:\/\/i0.wp.com\/ismaelcolosi.com.br\/wp-content\/uploads\/2024\/04\/bita.png?resize=150%2C150&ssl=1",150,150,true],"medium":["https:\/\/i0.wp.com\/ismaelcolosi.com.br\/wp-content\/uploads\/2024\/04\/bita.png?fit=300%2C156&ssl=1",300,156,true],"medium_large":["https:\/\/i0.wp.com\/ismaelcolosi.com.br\/wp-content\/uploads\/2024\/04\/bita.png?fit=768%2C400&ssl=1",768,400,true],"large":["https:\/\/i0.wp.com\/ismaelcolosi.com.br\/wp-content\/uploads\/2024\/04\/bita.png?fit=1024%2C533&ssl=1",1024,533,true],"1536x1536":["https:\/\/i0.wp.com\/ismaelcolosi.com.br\/wp-content\/uploads\/2024\/04\/bita.png?fit=1235%2C643&ssl=1",1235,643,true],"2048x2048":["https:\/\/i0.wp.com\/ismaelcolosi.com.br\/wp-content\/uploads\/2024\/04\/bita.png?fit=1235%2C643&ssl=1",1235,643,true],"really-simple-thumb":["https:\/\/i0.wp.com\/ismaelcolosi.com.br\/wp-content\/uploads\/2024\/04\/bita.png?resize=370%2C247&ssl=1",370,247,true]},"uagb_author_info":{"display_name":"ismaelcolosi.com.br","author_link":"https:\/\/ismaelcolosi.com.br\/index.php\/author\/vidareal-online\/"},"uagb_comment_info":0,"uagb_excerpt":"Um dos maiores canais do YouTube voltados para crian\u00e7as no Brasil, com mais de 14 bilh\u00f5es de visualiza\u00e7\u00f5es, o Mundo Bita retoma a montagem teatral...","jetpack-related-posts":[{"id":61109,"url":"https:\/\/ismaelcolosi.com.br\/index.php\/2024\/08\/20\/veja-10-atividades-culturais-em-ribeirao-preto-para-curtir-com-as-criancas-na-reta-final-de-agosto\/","url_meta":{"origin":45048,"position":0},"title":"Veja 10 atividades culturais em Ribeir\u00e3o Preto para curtir com as crian\u00e7as na reta final de agosto","author":"ismaelcolosi.com.br","date":"20 de August de 2024","format":false,"excerpt":"Mesmo na reta final de agosto, Ribeir\u00e3o Preto segue com atividades culturais para aproveitar com a crian\u00e7ada. A programa\u00e7\u00e3o conta com atividades gratuitas e pagas, entre apresenta\u00e7\u00f5es de musicais, pe\u00e7as de teatros, espet\u00e1culo com bonecos e mais. Mundo Bita, Peter Pan e Chap\u00e9uzinho Vermelho marcam presen\u00e7a ainda este m\u00eas na\u2026","rel":"","context":"In &quot;Not\u00edcias de Ribeir\u00e3o Preto-SP e Regi\u00e3o&quot;","block_context":{"text":"Not\u00edcias de Ribeir\u00e3o Preto-SP e Regi\u00e3o","link":"https:\/\/ismaelcolosi.com.br\/index.php\/category\/noticias-de-ribeirao-preto-sp-e-regiao-ismael-colosi\/"},"img":{"alt_text":"","src":"https:\/\/i0.wp.com\/ismaelcolosi.com.br\/wp-content\/uploads\/2024\/08\/Copia-de-Copia-de-Copia-de-TAMANHO-EXATO-PARA-FOTOS-NO-SISTEMA-NOVO-11_2024-08-20_13-11-01_jpg_2024-08-20_13-11-01.webp.webp?fit=1200%2C675&ssl=1&resize=350%2C200","width":350,"height":200,"srcset":"https:\/\/i0.wp.com\/ismaelcolosi.com.br\/wp-content\/uploads\/2024\/08\/Copia-de-Copia-de-Copia-de-TAMANHO-EXATO-PARA-FOTOS-NO-SISTEMA-NOVO-11_2024-08-20_13-11-01_jpg_2024-08-20_13-11-01.webp.webp?fit=1200%2C675&ssl=1&resize=350%2C200 1x, https:\/\/i0.wp.com\/ismaelcolosi.com.br\/wp-content\/uploads\/2024\/08\/Copia-de-Copia-de-Copia-de-TAMANHO-EXATO-PARA-FOTOS-NO-SISTEMA-NOVO-11_2024-08-20_13-11-01_jpg_2024-08-20_13-11-01.webp.webp?fit=1200%2C675&ssl=1&resize=525%2C300 1.5x, https:\/\/i0.wp.com\/ismaelcolosi.com.br\/wp-content\/uploads\/2024\/08\/Copia-de-Copia-de-Copia-de-TAMANHO-EXATO-PARA-FOTOS-NO-SISTEMA-NOVO-11_2024-08-20_13-11-01_jpg_2024-08-20_13-11-01.webp.webp?fit=1200%2C675&ssl=1&resize=700%2C400 2x, https:\/\/i0.wp.com\/ismaelcolosi.com.br\/wp-content\/uploads\/2024\/08\/Copia-de-Copia-de-Copia-de-TAMANHO-EXATO-PARA-FOTOS-NO-SISTEMA-NOVO-11_2024-08-20_13-11-01_jpg_2024-08-20_13-11-01.webp.webp?fit=1200%2C675&ssl=1&resize=1050%2C600 3x"},"classes":[]},{"id":74106,"url":"https:\/\/ismaelcolosi.com.br\/index.php\/2024\/10\/29\/cia-teatral-boccaccione-e-teatro-de-riscos-estreiam-espetaculo-eletrika-do-bairro\/","url_meta":{"origin":45048,"position":1},"title":"Cia Teatral Boccaccione e Teatro de Riscos estreiam espet\u00e1culo &#8220;El\u00e9trika do Bairro&#8221;","author":"ismaelcolosi.com.br","date":"29 de October de 2024","format":false,"excerpt":"28 de outubro de 202428 de outubro de 202467 Compartilhar0 Sob a dire\u00e7\u00e3o de Paula Klein e Carlos Canhameiro, e com dire\u00e7\u00e3o musical do Maestro S\u00e9rgio de Oliveira, o espet\u00e1culo adulto promete envolver o p\u00fablico no drama da personagem El\u00e9trika ao revisitar a dita mitologia cl\u00e1ssica, trazendo ao p\u00fablico uma\u2026","rel":"","context":"In &quot;Not\u00edcias de Ribeir\u00e3o Preto-SP e Regi\u00e3o&quot;","block_context":{"text":"Not\u00edcias de Ribeir\u00e3o Preto-SP e Regi\u00e3o","link":"https:\/\/ismaelcolosi.com.br\/index.php\/category\/noticias-de-ribeirao-preto-sp-e-regiao-ismael-colosi\/"},"img":{"alt_text":"","src":"https:\/\/i0.wp.com\/ismaelcolosi.com.br\/wp-content\/uploads\/2024\/10\/Foto-divulgacao-espetaculo-Eletrika-do-Bairro-1-scaled.jpg?fit=667%2C500&ssl=1&resize=350%2C200","width":350,"height":200,"srcset":"https:\/\/i0.wp.com\/ismaelcolosi.com.br\/wp-content\/uploads\/2024\/10\/Foto-divulgacao-espetaculo-Eletrika-do-Bairro-1-scaled.jpg?fit=667%2C500&ssl=1&resize=350%2C200 1x, https:\/\/i0.wp.com\/ismaelcolosi.com.br\/wp-content\/uploads\/2024\/10\/Foto-divulgacao-espetaculo-Eletrika-do-Bairro-1-scaled.jpg?fit=667%2C500&ssl=1&resize=525%2C300 1.5x"},"classes":[]},{"id":46052,"url":"https:\/\/ismaelcolosi.com.br\/index.php\/2024\/04\/09\/peca-teatral-de-perto-ninguem-e-normal-chega-a-ribeirao-preto-entrada-e-de-graca\/","url_meta":{"origin":45048,"position":2},"title":"Pe\u00e7a teatral \u2018De Perto Ningu\u00e9m \u00e9 Normal\u2019 chega a Ribeir\u00e3o Preto; Entrada \u00e9 de gra\u00e7a","author":"ismaelcolosi.com.br","date":"9 de April de 2024","format":false,"excerpt":"A pe\u00e7a teatral \u201cDe Perto Ningu\u00e9m \u00e9 Normal\u201d chega a Ribeir\u00e3o Preto nesta sexta-feira (12), com mais cinco datas confirmadas para as apresenta\u00e7\u00f5es do espet\u00e1culo (veja abaixo). A com\u00e9dia acontece no teatro do Sesi. Mesmo com entrada de gra\u00e7a, a retirada dos ingressos devem ser pelo site do Sesi \/\u2026","rel":"","context":"In &quot;Not\u00edcias de Ribeir\u00e3o Preto-SP e Regi\u00e3o&quot;","block_context":{"text":"Not\u00edcias de Ribeir\u00e3o Preto-SP e Regi\u00e3o","link":"https:\/\/ismaelcolosi.com.br\/index.php\/category\/noticias-de-ribeirao-preto-sp-e-regiao-ismael-colosi\/"},"img":{"alt_text":"","src":"https:\/\/i0.wp.com\/ismaelcolosi.com.br\/wp-content\/uploads\/2024\/04\/Copia-de-Copia-de-TAMANHO-EXATO-PARA-FOTOS-NO-SISTEMA-NOVO-8-1.jpg?fit=1200%2C675&ssl=1&resize=350%2C200","width":350,"height":200,"srcset":"https:\/\/i0.wp.com\/ismaelcolosi.com.br\/wp-content\/uploads\/2024\/04\/Copia-de-Copia-de-TAMANHO-EXATO-PARA-FOTOS-NO-SISTEMA-NOVO-8-1.jpg?fit=1200%2C675&ssl=1&resize=350%2C200 1x, https:\/\/i0.wp.com\/ismaelcolosi.com.br\/wp-content\/uploads\/2024\/04\/Copia-de-Copia-de-TAMANHO-EXATO-PARA-FOTOS-NO-SISTEMA-NOVO-8-1.jpg?fit=1200%2C675&ssl=1&resize=525%2C300 1.5x, https:\/\/i0.wp.com\/ismaelcolosi.com.br\/wp-content\/uploads\/2024\/04\/Copia-de-Copia-de-TAMANHO-EXATO-PARA-FOTOS-NO-SISTEMA-NOVO-8-1.jpg?fit=1200%2C675&ssl=1&resize=700%2C400 2x, https:\/\/i0.wp.com\/ismaelcolosi.com.br\/wp-content\/uploads\/2024\/04\/Copia-de-Copia-de-TAMANHO-EXATO-PARA-FOTOS-NO-SISTEMA-NOVO-8-1.jpg?fit=1200%2C675&ssl=1&resize=1050%2C600 3x"},"classes":[]},{"id":79462,"url":"https:\/\/ismaelcolosi.com.br\/index.php\/2024\/12\/16\/personagens-de-jorge-amado-ganham-vida-em-peca-teatral-da-fundacao-casa-de-jorge-amado\/","url_meta":{"origin":45048,"position":3},"title":"Personagens de Jorge Amado ganham vida em pe\u00e7a teatral da Funda\u00e7\u00e3o Casa de Jorge Amado","author":"ismaelcolosi.com.br","date":"16 de December de 2024","format":false,"excerpt":"A Funda\u00e7\u00e3o Casa de Jorge Amado, em Salvador (BA), apresentou neste final de semana um espet\u00e1culo que traz \u00e0 vida os personagens mais marcantes do autor. A pe\u00e7a, intitulada Jorge Amado em Cena, \u00e9 uma homenagem \u00e0 obra do escritor, autor de cl\u00e1ssicos como Gabriela, Cravo e Canela e Dona\u2026","rel":"","context":"In &quot;Not\u00edcias de Ribeir\u00e3o Preto-SP e Regi\u00e3o&quot;","block_context":{"text":"Not\u00edcias de Ribeir\u00e3o Preto-SP e Regi\u00e3o","link":"https:\/\/ismaelcolosi.com.br\/index.php\/category\/noticias-de-ribeirao-preto-sp-e-regiao-ismael-colosi\/"},"img":{"alt_text":"","src":"https:\/\/i0.wp.com\/ismaelcolosi.com.br\/wp-content\/uploads\/2024\/12\/fundacao_jorge_amado_1.webp.webp?fit=1170%2C700&ssl=1&resize=350%2C200","width":350,"height":200,"srcset":"https:\/\/i0.wp.com\/ismaelcolosi.com.br\/wp-content\/uploads\/2024\/12\/fundacao_jorge_amado_1.webp.webp?fit=1170%2C700&ssl=1&resize=350%2C200 1x, https:\/\/i0.wp.com\/ismaelcolosi.com.br\/wp-content\/uploads\/2024\/12\/fundacao_jorge_amado_1.webp.webp?fit=1170%2C700&ssl=1&resize=525%2C300 1.5x, https:\/\/i0.wp.com\/ismaelcolosi.com.br\/wp-content\/uploads\/2024\/12\/fundacao_jorge_amado_1.webp.webp?fit=1170%2C700&ssl=1&resize=700%2C400 2x, https:\/\/i0.wp.com\/ismaelcolosi.com.br\/wp-content\/uploads\/2024\/12\/fundacao_jorge_amado_1.webp.webp?fit=1170%2C700&ssl=1&resize=1050%2C600 3x"},"classes":[]},{"id":75154,"url":"https:\/\/ismaelcolosi.com.br\/index.php\/2024\/11\/04\/uma-decada-de-4-amigos-no-teatro-pedro-ii\/","url_meta":{"origin":45048,"position":4},"title":"Uma d\u00e9cada de \u20184 amigos\u2019\u00a0no Teatro Pedro II","author":"ismaelcolosi.com.br","date":"4 de November de 2024","format":false,"excerpt":"Voc\u00ea j\u00e1 imaginou como seria a possibilidade de unir trabalho, viagens pelo mundo e ainda fazer sucesso ao lado dos seus melhores amigos? Dihh Lopes, Thiago Ventura, Afonso Padilha e M\u00e1rcio Donato, conhecidos como os \u201c4 Amigos\u201d, vivem este sonho, n\u00e3o apenas compartilhando uma amizade s\u00f3lida, mas tamb\u00e9m a paix\u00e3o\u2026","rel":"","context":"In &quot;Not\u00edcias de Ribeir\u00e3o Preto-SP e Regi\u00e3o&quot;","block_context":{"text":"Not\u00edcias de Ribeir\u00e3o Preto-SP e Regi\u00e3o","link":"https:\/\/ismaelcolosi.com.br\/index.php\/category\/noticias-de-ribeirao-preto-sp-e-regiao-ismael-colosi\/"},"img":{"alt_text":"","src":"https:\/\/i0.wp.com\/ismaelcolosi.com.br\/wp-content\/uploads\/2024\/11\/Amigos04-Ami-Divulgacao-1-scaled.jpg?fit=749%2C500&ssl=1&resize=350%2C200","width":350,"height":200,"srcset":"https:\/\/i0.wp.com\/ismaelcolosi.com.br\/wp-content\/uploads\/2024\/11\/Amigos04-Ami-Divulgacao-1-scaled.jpg?fit=749%2C500&ssl=1&resize=350%2C200 1x, https:\/\/i0.wp.com\/ismaelcolosi.com.br\/wp-content\/uploads\/2024\/11\/Amigos04-Ami-Divulgacao-1-scaled.jpg?fit=749%2C500&ssl=1&resize=525%2C300 1.5x, https:\/\/i0.wp.com\/ismaelcolosi.com.br\/wp-content\/uploads\/2024\/11\/Amigos04-Ami-Divulgacao-1-scaled.jpg?fit=749%2C500&ssl=1&resize=700%2C400 2x"},"classes":[]},{"id":56115,"url":"https:\/\/ismaelcolosi.com.br\/index.php\/2024\/07\/09\/peca-teatral-que-trata-sobre-o-alzheimer-chega-a-ribeirao-preto-com-entrada-gratuita\/","url_meta":{"origin":45048,"position":5},"title":"Pe\u00e7a teatral que trata sobre o Alzheimer chega a Ribeir\u00e3o Preto com entrada gratuita","author":"ismaelcolosi.com.br","date":"9 de July de 2024","format":false,"excerpt":"A pe\u00e7a teatral \u201cVoz de V\u00f3\u201d que trata sobre a doen\u00e7a de Alzheimer chega a Ribeir\u00e3o Preto nesta quinta-feira (11) e segue at\u00e9 o dia 21 de julho, no teatro do Sesi. A entrada \u00e9 gratuita, mas \u00e9 necess\u00e1rio a reserva dos ingressos pelo site do Sesi\/Meu Sesi (clique aqui).\u2026","rel":"","context":"In &quot;Not\u00edcias de Ribeir\u00e3o Preto-SP e Regi\u00e3o&quot;","block_context":{"text":"Not\u00edcias de Ribeir\u00e3o Preto-SP e Regi\u00e3o","link":"https:\/\/ismaelcolosi.com.br\/index.php\/category\/noticias-de-ribeirao-preto-sp-e-regiao-ismael-colosi\/"},"img":{"alt_text":"","src":"https:\/\/i0.wp.com\/ismaelcolosi.com.br\/wp-content\/uploads\/2024\/07\/Copia-de-Copia-de-TAMANHO-EXATO-PARA-FOTOS-NO-SISTEMA-NOVO-5_2024-07-09_15-43-51_jpg_2024-07-09_15-43-51.webp.webp?fit=1200%2C675&ssl=1&resize=350%2C200","width":350,"height":200,"srcset":"https:\/\/i0.wp.com\/ismaelcolosi.com.br\/wp-content\/uploads\/2024\/07\/Copia-de-Copia-de-TAMANHO-EXATO-PARA-FOTOS-NO-SISTEMA-NOVO-5_2024-07-09_15-43-51_jpg_2024-07-09_15-43-51.webp.webp?fit=1200%2C675&ssl=1&resize=350%2C200 1x, https:\/\/i0.wp.com\/ismaelcolosi.com.br\/wp-content\/uploads\/2024\/07\/Copia-de-Copia-de-TAMANHO-EXATO-PARA-FOTOS-NO-SISTEMA-NOVO-5_2024-07-09_15-43-51_jpg_2024-07-09_15-43-51.webp.webp?fit=1200%2C675&ssl=1&resize=525%2C300 1.5x, https:\/\/i0.wp.com\/ismaelcolosi.com.br\/wp-content\/uploads\/2024\/07\/Copia-de-Copia-de-TAMANHO-EXATO-PARA-FOTOS-NO-SISTEMA-NOVO-5_2024-07-09_15-43-51_jpg_2024-07-09_15-43-51.webp.webp?fit=1200%2C675&ssl=1&resize=700%2C400 2x, https:\/\/i0.wp.com\/ismaelcolosi.com.br\/wp-content\/uploads\/2024\/07\/Copia-de-Copia-de-TAMANHO-EXATO-PARA-FOTOS-NO-SISTEMA-NOVO-5_2024-07-09_15-43-51_jpg_2024-07-09_15-43-51.webp.webp?fit=1200%2C675&ssl=1&resize=1050%2C600 3x"},"classes":[]}],"jetpack_sharing_enabled":true,"jetpack_shortlink":"https:\/\/wp.me\/pfMlyK-bIA","_links":{"self":[{"href":"https:\/\/ismaelcolosi.com.br\/index.php\/wp-json\/wp\/v2\/posts\/45048","targetHints":{"allow":["GET"]}}],"collection":[{"href":"https:\/\/ismaelcolosi.com.br\/index.php\/wp-json\/wp\/v2\/posts"}],"about":[{"href":"https:\/\/ismaelcolosi.com.br\/index.php\/wp-json\/wp\/v2\/types\/post"}],"author":[{"embeddable":true,"href":"https:\/\/ismaelcolosi.com.br\/index.php\/wp-json\/wp\/v2\/users\/1"}],"replies":[{"embeddable":true,"href":"https:\/\/ismaelcolosi.com.br\/index.php\/wp-json\/wp\/v2\/comments?post=45048"}],"version-history":[{"count":0,"href":"https:\/\/ismaelcolosi.com.br\/index.php\/wp-json\/wp\/v2\/posts\/45048\/revisions"}],"wp:featuredmedia":[{"embeddable":true,"href":"https:\/\/ismaelcolosi.com.br\/index.php\/wp-json\/wp\/v2\/media\/45049"}],"wp:attachment":[{"href":"https:\/\/ismaelcolosi.com.br\/index.php\/wp-json\/wp\/v2\/media?parent=45048"}],"wp:term":[{"taxonomy":"category","embeddable":true,"href":"https:\/\/ismaelcolosi.com.br\/index.php\/wp-json\/wp\/v2\/categories?post=45048"},{"taxonomy":"post_tag","embeddable":true,"href":"https:\/\/ismaelcolosi.com.br\/index.php\/wp-json\/wp\/v2\/tags?post=45048"}],"curies":[{"name":"wp","href":"https:\/\/api.w.org\/{rel}","templated":true}]}}