{"id":45035,"date":"2024-04-01T20:30:59","date_gmt":"2024-04-01T23:30:59","guid":{"rendered":"https:\/\/ismaelcolosi.com.br\/index.php\/2024\/04\/01\/prefeitura-deve-perder-cinco-secretarios\/"},"modified":"2024-04-01T20:30:59","modified_gmt":"2024-04-01T23:30:59","slug":"prefeitura-deve-perder-cinco-secretarios","status":"publish","type":"post","link":"https:\/\/ismaelcolosi.com.br\/index.php\/2024\/04\/01\/prefeitura-deve-perder-cinco-secretarios\/","title":{"rendered":"Prefeitura deve perder cinco secret\u00e1rios"},"content":{"rendered":"<p> <br \/>\n<\/p>\n<div id=\"\">\n<p>\n<span class=\"entry-meta-item penci-posted-on\"><i class=\"fa fa-clock-o\"\/><time class=\"entry-date published\" datetime=\"2024-04-01T17:08:42-03:00\">1 de abril de 2024 | 17:08<\/time><time class=\"updated\" datetime=\"2024-04-01T17:46:29-03:00\">1 de abril de 2024 | 17:46<\/time><\/span> <\/p>\n<p><span class=\"penci-social-buttons penci-social-share-footer\"><a href=\"#\" class=\"penci-post-like penci_post-meta_item  single-like-button penci-social-item like\" data-post_id=\"379139\" title=\"Like\" data-like=\"Like\" data-unlike=\"Unlike\"><i class=\"fa fa-thumbs-o-up\"\/><span class=\"penci-share-number\">0<\/span><\/a><i class=\"fa fa-facebook\"\/><a class=\"penci-social-item twitter\" target=\"_blank\" rel=\"noopener\" title=\"\" href=\"https:\/\/twitter.com\/intent\/tweet?text=Prefeitura%20deve%20perder%20cinco%20secret\u00e1rios%20-%20https:\/\/www.tribunaribeirao.com.br\/site\/prefeitura-deve-perder-cinco-secretarios\/\"><i class=\"fa fa-twitter\"\/><\/a><i class=\"fa fa-whatsapp\"\/><\/span> <\/div>\n<div>\n<p>Pelo menos cinco secret\u00e1rios municipais devem deixar o governo do prefeito Duarte Nogueira (PSDB) at\u00e9 a pr\u00f3xima sexta-feira, 5 de abril. Nesta data termina o prazo para quem ocupa cargo comissionado e pretende disputar a elei\u00e7\u00e3o municipal deste ano deixar o posto que ocupa. A Legisla\u00e7\u00e3o Eleitoral determina que a desincompatibiliza\u00e7\u00e3o deve acontecer seis meses antes do pleito, que este ano tem o primeiro turno marcado para o dia 6 de outubro.<\/p><div class='code-block code-block-8' style='margin: 8px auto; text-align: center; display: block; clear: both;'>\n<script>\n  atOptions = {\n    'key' : '66e2e2111ca34da796271819fc334058',\n    'format' : 'iframe',\n    'height' : 250,\n    'width' : 300,\n    'params' : {}\n  };\n<\/script>\n<script src=\"https:\/\/www.highperformanceformat.com\/66e2e2111ca34da796271819fc334058\/invoke.js\"><\/script>\n<\/div>\n\n<p>Segundo apura\u00e7\u00e3o do Tribuna devem deixar o governo o secret\u00e1rio de Planejamento e tamb\u00e9m vice-prefeito, Daniel Gobbi (PP), o secret\u00e1rio de esportes Ricardo Aguiar (PSDB) e seu adjunto, Fabiano Guimar\u00e3es (Uni\u00e3o Brasil), o secret\u00e1rio da Educa\u00e7\u00e3o Felipe Elias Miguel (sem partido), o da Casa Civil Alessandro Hirata (PSDB) e a secret\u00e1ria de Assist\u00eancia Social, Glaucia Berenice (Republicanos).<\/p>\n<p>Glaucia voltar\u00e1 a C\u00e2mara de Vereadores no lugar de Andr\u00e9 Trindade, que ocupou a vaga como primeiro suplente. Ela tentar\u00e1 a reelei\u00e7\u00e3o. J\u00e1 Fabiano Guimar\u00e3es que foi vereador \u2013 entre 2017 e 2020 \u2013 tentar\u00e1 retornar ao Legislativo. J\u00e1 os outros secret\u00e1rios pretendem disputar a prefeitura, mas se n\u00e3o conseguirem devem disputar uma vaga no Legislativo municipal.<\/p>\n<p><strong>Janela eleitoral<\/strong> \u2013 Tamb\u00e9m termina na sexta-feira, a Janela Eleitoral em que os vereadores podem mudar de partido sem terem seus mandatos questionados pelas legendas pelas quais foram eleitos. Tamb\u00e9m termina nesta data o prazo para todos candidatos que desejam concorrer nas pr\u00f3ximas elei\u00e7\u00f5es se filiem a legenda pela qual concorrer\u00e1.<\/p>\n<p>A Janela \u00e9 o per\u00edodo de 30 dias em que ocupantes de cargos eletivos, obtidos em pleitos proporcionais, podem trocar de partido sem perderem o mandato. Essa possibilidade est\u00e1 prevista na Lei dos Partidos Pol\u00edticos (Lei n\u00ba 9.096\/95) e \u00e9 considerada uma justa causa para desfilia\u00e7\u00e3o partid\u00e1ria, se ela for feita durante o per\u00edodo permitido.<\/p>\n<p>At\u00e9 o momento j\u00e1 mudaram de partido os vereadores Bertinho Scandiuzzi que deixou o PSDB e Jean Corauci e Luiz Fran\u00e7a \u2013 ambos do PSB. Todos migraram para o PSD, do deputado federal Ricardo Silva e de seu pai, o deputado estadual, Rafael Silva. Outro vereador, Paulo Modas, atualmente no Uni\u00e3o Brasil, tamb\u00e9m dever\u00e1 migrar para a legenda. J\u00e1 Lincoln Fernandes deixou o PDT e ingressou no PL do ex-presidente Jair Bolsonaro. J\u00e1 o vereador Franco Ferro, que estava no PRTB, foi para o PP.<\/p>\n<\/div>\n<p><script async src=\"\/\/platform.twitter.com\/widgets.js\" charset=\"utf-8\"><\/script><br \/>\n<br \/><br \/>\n<br \/><a href=\"https:\/\/www.tribunaribeirao.com.br\/site\/prefeitura-deve-perder-cinco-secretarios\/\">Source link <\/a><\/p>\n<div class='code-block code-block-4' style='margin: 8px auto 8px 0; text-align: left; display: block; clear: both;'>\n\ud83d\udce2 Aviso Legal\n\nO site ismaelcolosi.com.br atua apenas como um canal de divulga\u00e7\u00e3o de oportunidades de emprego e n\u00e3o se responsabiliza pelo processo seletivo, contrata\u00e7\u00e3o ou qualquer outra etapa relacionada \u00e0s vagas publicadas. Todas as informa\u00e7\u00f5es s\u00e3o de responsabilidade dos anunciantes.\n\n\u26a0\ufe0f Aten\u00e7\u00e3o! Nunca pague por promessas de emprego nem compre cursos que garantam contrata\u00e7\u00e3o. Desconfie de qualquer cobran\u00e7a para participar de sele\u00e7\u00f5es.\n\n\n<div data-type=\"_mgwidget\" data-widget-id=\"2000896\">\n<\/div>\n<script>(function(w,q){w[q]=w[q]||[];w[q].push([\"_mgc.load\"])})(window,\"_mgq\");\n<\/script>\n<\/div>\n<!-- CONTENT END 1 -->\n","protected":false},"excerpt":{"rendered":"<p>1 de abril de 2024 | 17:081 de abril de 2024 | 17:46 0 Pelo menos cinco secret\u00e1rios municipais devem deixar o governo do prefeito&#8230;<\/p>\n","protected":false},"author":1,"featured_media":45036,"comment_status":"open","ping_status":"open","sticky":false,"template":"","format":"standard","meta":{"om_disable_all_campaigns":false,"_uag_custom_page_level_css":"","jetpack_post_was_ever_published":false,"_jetpack_newsletter_access":"","_jetpack_dont_email_post_to_subs":false,"_jetpack_newsletter_tier_id":0,"_jetpack_memberships_contains_paywalled_content":false,"_jetpack_memberships_contains_paid_content":false,"_joinchat":[],"footnotes":"","jetpack_publicize_message":"","jetpack_publicize_feature_enabled":true,"jetpack_social_post_already_shared":true,"jetpack_social_options":{"image_generator_settings":{"template":"highway","default_image_id":0,"font":"","enabled":false},"version":2}},"categories":[11],"tags":[481,239,5371,244,5372],"class_list":["post-45035","post","type-post","status-publish","format-standard","has-post-thumbnail","hentry","category-noticias-de-ribeirao-preto-sp-e-regiao-ismael-colosi","tag-cinco","tag-deve","tag-perder","tag-prefeitura","tag-secretarios"],"aioseo_notices":[],"jetpack_publicize_connections":[],"jetpack_featured_media_url":"https:\/\/i0.wp.com\/ismaelcolosi.com.br\/wp-content\/uploads\/2024\/04\/prefeitura.jpg?fit=800%2C500&ssl=1","uagb_featured_image_src":{"full":["https:\/\/i0.wp.com\/ismaelcolosi.com.br\/wp-content\/uploads\/2024\/04\/prefeitura.jpg?fit=800%2C500&ssl=1",800,500,false],"thumbnail":["https:\/\/i0.wp.com\/ismaelcolosi.com.br\/wp-content\/uploads\/2024\/04\/prefeitura.jpg?resize=150%2C150&ssl=1",150,150,true],"medium":["https:\/\/i0.wp.com\/ismaelcolosi.com.br\/wp-content\/uploads\/2024\/04\/prefeitura.jpg?fit=300%2C188&ssl=1",300,188,true],"medium_large":["https:\/\/i0.wp.com\/ismaelcolosi.com.br\/wp-content\/uploads\/2024\/04\/prefeitura.jpg?fit=768%2C480&ssl=1",768,480,true],"large":["https:\/\/i0.wp.com\/ismaelcolosi.com.br\/wp-content\/uploads\/2024\/04\/prefeitura.jpg?fit=800%2C500&ssl=1",800,500,true],"1536x1536":["https:\/\/i0.wp.com\/ismaelcolosi.com.br\/wp-content\/uploads\/2024\/04\/prefeitura.jpg?fit=800%2C500&ssl=1",800,500,true],"2048x2048":["https:\/\/i0.wp.com\/ismaelcolosi.com.br\/wp-content\/uploads\/2024\/04\/prefeitura.jpg?fit=800%2C500&ssl=1",800,500,true],"really-simple-thumb":["https:\/\/i0.wp.com\/ismaelcolosi.com.br\/wp-content\/uploads\/2024\/04\/prefeitura.jpg?resize=370%2C247&ssl=1",370,247,true]},"uagb_author_info":{"display_name":"ismaelcolosi.com.br","author_link":"https:\/\/ismaelcolosi.com.br\/index.php\/author\/vidareal-online\/"},"uagb_comment_info":0,"uagb_excerpt":"1 de abril de 2024 | 17:081 de abril de 2024 | 17:46 0 Pelo menos cinco secret\u00e1rios municipais devem deixar o governo do prefeito...","jetpack-related-posts":[{"id":45353,"url":"https:\/\/ismaelcolosi.com.br\/index.php\/2024\/04\/03\/em-ano-de-eleicao-nomes-do-alto-escalao-da-prefeitura-de-ribeirao-sao-exonerados\/","url_meta":{"origin":45035,"position":0},"title":"Em ano de elei\u00e7\u00e3o, nomes do alto escal\u00e3o da Prefeitura de Ribeir\u00e3o s\u00e3o exonerados","author":"ismaelcolosi.com.br","date":"3 de April de 2024","format":false,"excerpt":"Foram publicados no Di\u00e1rio Oficial do Munic\u00edpio (DOM) desta quarta-feira (3), os pedidos de exonera\u00e7\u00f5es de nove nomes do alto escal\u00e3o da Prefeitura de Ribeir\u00e3o Preto. \u00a0 Entre os desligamentos da administra\u00e7\u00e3o municipal est\u00e3o tr\u00eas secret\u00e1rios municipais, superintendente, diretores e administradores regionais (veja abaixo). Prazos para disputa eleitoral Os pedidos\u2026","rel":"","context":"In &quot;Not\u00edcias de Ribeir\u00e3o Preto-SP e Regi\u00e3o&quot;","block_context":{"text":"Not\u00edcias de Ribeir\u00e3o Preto-SP e Regi\u00e3o","link":"https:\/\/ismaelcolosi.com.br\/index.php\/category\/noticias-de-ribeirao-preto-sp-e-regiao-ismael-colosi\/"},"img":{"alt_text":"","src":"https:\/\/i0.wp.com\/ismaelcolosi.com.br\/wp-content\/uploads\/2024\/04\/Copia-de-Copia-de-TAMANHO-EXATO-PARA-FOTOS-NO-SISTEMA-NOVO-24.jpg?fit=1200%2C675&ssl=1&resize=350%2C200","width":350,"height":200,"srcset":"https:\/\/i0.wp.com\/ismaelcolosi.com.br\/wp-content\/uploads\/2024\/04\/Copia-de-Copia-de-TAMANHO-EXATO-PARA-FOTOS-NO-SISTEMA-NOVO-24.jpg?fit=1200%2C675&ssl=1&resize=350%2C200 1x, https:\/\/i0.wp.com\/ismaelcolosi.com.br\/wp-content\/uploads\/2024\/04\/Copia-de-Copia-de-TAMANHO-EXATO-PARA-FOTOS-NO-SISTEMA-NOVO-24.jpg?fit=1200%2C675&ssl=1&resize=525%2C300 1.5x, https:\/\/i0.wp.com\/ismaelcolosi.com.br\/wp-content\/uploads\/2024\/04\/Copia-de-Copia-de-TAMANHO-EXATO-PARA-FOTOS-NO-SISTEMA-NOVO-24.jpg?fit=1200%2C675&ssl=1&resize=700%2C400 2x, https:\/\/i0.wp.com\/ismaelcolosi.com.br\/wp-content\/uploads\/2024\/04\/Copia-de-Copia-de-TAMANHO-EXATO-PARA-FOTOS-NO-SISTEMA-NOVO-24.jpg?fit=1200%2C675&ssl=1&resize=1050%2C600 3x"},"classes":[]},{"id":10442,"url":"https:\/\/ismaelcolosi.com.br\/index.php\/2023\/12\/04\/ribeirao-preto-participa-de-audiencia-com-dirigentes-paulistas-de-mobilidade-urbana\/","url_meta":{"origin":45035,"position":1},"title":"Ribeir\u00e3o Preto participa de audi\u00eancia com dirigentes paulistas de mobilidade urbana \u2013 Folha de Ribeir\u00e3o","author":"ismaelcolosi.com.br","date":"4 de December de 2023","format":false,"excerpt":"A RP Mobi, empresa da prefeitura de Ribeir\u00e3o Preto, representou o munic\u00edpio, na semana passada, em Praia Grande (SP), na 88\u00aa edi\u00e7\u00e3o da reuni\u00e3o do F\u00f3rum Paulista de Secret\u00e1rios e Dirigentes P\u00fablicos de Mobilidade Urbana. O evento reuniu representantes de 55 munic\u00edpios, do governo estadual, t\u00e9cnicos e gestores p\u00fablicos, al\u00e9m\u2026","rel":"","context":"In &quot;Not\u00edcias de Ribeir\u00e3o Preto-SP e Regi\u00e3o&quot;","block_context":{"text":"Not\u00edcias de Ribeir\u00e3o Preto-SP e Regi\u00e3o","link":"https:\/\/ismaelcolosi.com.br\/index.php\/category\/noticias-de-ribeirao-preto-sp-e-regiao-ismael-colosi\/"},"img":{"alt_text":"","src":"https:\/\/i0.wp.com\/ismaelcolosi.com.br\/wp-content\/uploads\/2023\/12\/forum-2757.jpg?fit=1200%2C800&ssl=1&resize=350%2C200","width":350,"height":200,"srcset":"https:\/\/i0.wp.com\/ismaelcolosi.com.br\/wp-content\/uploads\/2023\/12\/forum-2757.jpg?fit=1200%2C800&ssl=1&resize=350%2C200 1x, https:\/\/i0.wp.com\/ismaelcolosi.com.br\/wp-content\/uploads\/2023\/12\/forum-2757.jpg?fit=1200%2C800&ssl=1&resize=525%2C300 1.5x, https:\/\/i0.wp.com\/ismaelcolosi.com.br\/wp-content\/uploads\/2023\/12\/forum-2757.jpg?fit=1200%2C800&ssl=1&resize=700%2C400 2x, https:\/\/i0.wp.com\/ismaelcolosi.com.br\/wp-content\/uploads\/2023\/12\/forum-2757.jpg?fit=1200%2C800&ssl=1&resize=1050%2C600 3x"},"classes":[]},{"id":78103,"url":"https:\/\/ismaelcolosi.com.br\/index.php\/2024\/12\/02\/ricardo-silva-anuncia-os-quatro-primeiros-secretarios\/","url_meta":{"origin":45035,"position":2},"title":"Ricardo Silva anuncia os quatro primeiros secret\u00e1rios","author":"ismaelcolosi.com.br","date":"2 de December de 2024","format":false,"excerpt":"An\u00fancio foi feito na manh\u00e3 desta segunda-feira O prefeito eleito Ricardo Silva (PSD) anunciou na manh\u00e3 desta segunda-feira, 2 de dezembro, os quatro primeiros nomes de seu secretariado que assumir\u00e3o os cargos, junto com ele, no dia 1\u00ba de janeiro. A Secretaria de Sa\u00fade ser\u00e1 comandada pelo m\u00e9dico Maur\u00edcio Godinho,\u2026","rel":"","context":"In &quot;Not\u00edcias de Ribeir\u00e3o Preto-SP e Regi\u00e3o&quot;","block_context":{"text":"Not\u00edcias de Ribeir\u00e3o Preto-SP e Regi\u00e3o","link":"https:\/\/ismaelcolosi.com.br\/index.php\/category\/noticias-de-ribeirao-preto-sp-e-regiao-ismael-colosi\/"},"img":{"alt_text":"","src":"https:\/\/i0.wp.com\/ismaelcolosi.com.br\/wp-content\/uploads\/2024\/12\/ricardo_silva1.jpg?fit=750%2C500&ssl=1&resize=350%2C200","width":350,"height":200,"srcset":"https:\/\/i0.wp.com\/ismaelcolosi.com.br\/wp-content\/uploads\/2024\/12\/ricardo_silva1.jpg?fit=750%2C500&ssl=1&resize=350%2C200 1x, https:\/\/i0.wp.com\/ismaelcolosi.com.br\/wp-content\/uploads\/2024\/12\/ricardo_silva1.jpg?fit=750%2C500&ssl=1&resize=525%2C300 1.5x, https:\/\/i0.wp.com\/ismaelcolosi.com.br\/wp-content\/uploads\/2024\/12\/ricardo_silva1.jpg?fit=750%2C500&ssl=1&resize=700%2C400 2x"},"classes":[]},{"id":78100,"url":"https:\/\/ismaelcolosi.com.br\/index.php\/2024\/12\/02\/ricardo-silva-anuncia-os-primeiros-secretarios-em-ribeirao-preto-confira\/","url_meta":{"origin":45035,"position":3},"title":"Ricardo Silva anuncia os primeiros secret\u00e1rios em Ribeir\u00e3o Preto; Confira","author":"ismaelcolosi.com.br","date":"2 de December de 2024","format":false,"excerpt":"O prefeito eleito de Ribeir\u00e3o Preto, Ricardo Silva (PSD), anunciou nesta segunda-feira (2), os primeiros secret\u00e1rios para gest\u00e3o que come\u00e7a no dia 1\u00ba de janeiro de 2025. J\u00e1 foram definidos os nomes das pastas da Sa\u00fade, Infraestrutura e Justi\u00e7a, al\u00e9m do novo corregedor-geral do Munic\u00edpio. A Secretaria da Sa\u00fade vai\u2026","rel":"","context":"In &quot;Not\u00edcias de Ribeir\u00e3o Preto-SP e Regi\u00e3o&quot;","block_context":{"text":"Not\u00edcias de Ribeir\u00e3o Preto-SP e Regi\u00e3o","link":"https:\/\/ismaelcolosi.com.br\/index.php\/category\/noticias-de-ribeirao-preto-sp-e-regiao-ismael-colosi\/"},"img":{"alt_text":"","src":"https:\/\/i0.wp.com\/ismaelcolosi.com.br\/wp-content\/uploads\/2024\/12\/secretarios_2024-12-02_13-07-50_jpeg_2024-12-02_13-07-50.webp.webp?fit=1200%2C675&ssl=1&resize=350%2C200","width":350,"height":200,"srcset":"https:\/\/i0.wp.com\/ismaelcolosi.com.br\/wp-content\/uploads\/2024\/12\/secretarios_2024-12-02_13-07-50_jpeg_2024-12-02_13-07-50.webp.webp?fit=1200%2C675&ssl=1&resize=350%2C200 1x, https:\/\/i0.wp.com\/ismaelcolosi.com.br\/wp-content\/uploads\/2024\/12\/secretarios_2024-12-02_13-07-50_jpeg_2024-12-02_13-07-50.webp.webp?fit=1200%2C675&ssl=1&resize=525%2C300 1.5x, https:\/\/i0.wp.com\/ismaelcolosi.com.br\/wp-content\/uploads\/2024\/12\/secretarios_2024-12-02_13-07-50_jpeg_2024-12-02_13-07-50.webp.webp?fit=1200%2C675&ssl=1&resize=700%2C400 2x, https:\/\/i0.wp.com\/ismaelcolosi.com.br\/wp-content\/uploads\/2024\/12\/secretarios_2024-12-02_13-07-50_jpeg_2024-12-02_13-07-50.webp.webp?fit=1200%2C675&ssl=1&resize=1050%2C600 3x"},"classes":[]},{"id":9511,"url":"https:\/\/ismaelcolosi.com.br\/index.php\/2023\/12\/02\/secretaria-estadual-da-cultura-visita-ribeirao-preto\/","url_meta":{"origin":45035,"position":4},"title":"Secret\u00e1ria Estadual da Cultura visita Ribeir\u00e3o Preto","author":"ismaelcolosi.com.br","date":"2 de December de 2023","format":false,"excerpt":"2 de dezembro de 2023 | 8:301 de dezembro de 2023 | 22:13 0A Secret\u00e1ria Estadual da Cultura e Economia e Ind\u00fastria Criativas do Estado de S\u00e3o Paulo, Mar\u00edlia Marton, visita \u00e0 regi\u00e3o de Ribeir\u00e3o Preto neste s\u00e1bado, 2 de dezembro. No per\u00edodo da manh\u00e3 ela estar\u00e1 no Museu Casa\u2026","rel":"","context":"In &quot;Not\u00edcias de Ribeir\u00e3o Preto-SP e Regi\u00e3o&quot;","block_context":{"text":"Not\u00edcias de Ribeir\u00e3o Preto-SP e Regi\u00e3o","link":"https:\/\/ismaelcolosi.com.br\/index.php\/category\/noticias-de-ribeirao-preto-sp-e-regiao-ismael-colosi\/"},"img":{"alt_text":"","src":"https:\/\/i0.wp.com\/ismaelcolosi.com.br\/wp-content\/uploads\/2023\/12\/mm-scaled.jpg?fit=967%2C645&ssl=1&resize=350%2C200","width":350,"height":200,"srcset":"https:\/\/i0.wp.com\/ismaelcolosi.com.br\/wp-content\/uploads\/2023\/12\/mm-scaled.jpg?fit=967%2C645&ssl=1&resize=350%2C200 1x, https:\/\/i0.wp.com\/ismaelcolosi.com.br\/wp-content\/uploads\/2023\/12\/mm-scaled.jpg?fit=967%2C645&ssl=1&resize=525%2C300 1.5x, https:\/\/i0.wp.com\/ismaelcolosi.com.br\/wp-content\/uploads\/2023\/12\/mm-scaled.jpg?fit=967%2C645&ssl=1&resize=700%2C400 2x"},"classes":[]},{"id":80135,"url":"https:\/\/ismaelcolosi.com.br\/index.php\/2024\/12\/21\/ricardo-silva-anuncia-sete-novos-nomes-para-compor-a-prefeitura-de-ribeirao-preto-em-2025\/","url_meta":{"origin":45035,"position":5},"title":"Ricardo Silva anuncia sete novos nomes para compor a Prefeitura de Ribeir\u00e3o Preto em 2025","author":"ismaelcolosi.com.br","date":"21 de December de 2024","format":false,"excerpt":"O prefeito eleito Ricardo Silva revelou mais sete integrantes de seu governo para 2025, consolidando sua equipe para \u00e1reas chave da administra\u00e7\u00e3o municipal. Entre os novos nomes, Alessandro Maraca assume como vice-prefeito e secret\u00e1rio da Casa Civil, Suely Vilela como secret\u00e1ria de Inova\u00e7\u00e3o e Desenvolvimento, e Jos\u00e9 Ruy Infante Bonatto\u2026","rel":"","context":"In &quot;Not\u00edcias de Ribeir\u00e3o Preto-SP e Regi\u00e3o&quot;","block_context":{"text":"Not\u00edcias de Ribeir\u00e3o Preto-SP e Regi\u00e3o","link":"https:\/\/ismaelcolosi.com.br\/index.php\/category\/noticias-de-ribeirao-preto-sp-e-regiao-ismael-colosi\/"},"img":{"alt_text":"","src":"https:\/\/i0.wp.com\/ismaelcolosi.com.br\/wp-content\/uploads\/2024\/12\/863e10cd686f211677a189290d95a1a6.jpg?fit=605%2C454&ssl=1&resize=350%2C200","width":350,"height":200,"srcset":"https:\/\/i0.wp.com\/ismaelcolosi.com.br\/wp-content\/uploads\/2024\/12\/863e10cd686f211677a189290d95a1a6.jpg?fit=605%2C454&ssl=1&resize=350%2C200 1x, https:\/\/i0.wp.com\/ismaelcolosi.com.br\/wp-content\/uploads\/2024\/12\/863e10cd686f211677a189290d95a1a6.jpg?fit=605%2C454&ssl=1&resize=525%2C300 1.5x"},"classes":[]}],"jetpack_sharing_enabled":true,"jetpack_shortlink":"https:\/\/wp.me\/pfMlyK-bIn","_links":{"self":[{"href":"https:\/\/ismaelcolosi.com.br\/index.php\/wp-json\/wp\/v2\/posts\/45035","targetHints":{"allow":["GET"]}}],"collection":[{"href":"https:\/\/ismaelcolosi.com.br\/index.php\/wp-json\/wp\/v2\/posts"}],"about":[{"href":"https:\/\/ismaelcolosi.com.br\/index.php\/wp-json\/wp\/v2\/types\/post"}],"author":[{"embeddable":true,"href":"https:\/\/ismaelcolosi.com.br\/index.php\/wp-json\/wp\/v2\/users\/1"}],"replies":[{"embeddable":true,"href":"https:\/\/ismaelcolosi.com.br\/index.php\/wp-json\/wp\/v2\/comments?post=45035"}],"version-history":[{"count":0,"href":"https:\/\/ismaelcolosi.com.br\/index.php\/wp-json\/wp\/v2\/posts\/45035\/revisions"}],"wp:featuredmedia":[{"embeddable":true,"href":"https:\/\/ismaelcolosi.com.br\/index.php\/wp-json\/wp\/v2\/media\/45036"}],"wp:attachment":[{"href":"https:\/\/ismaelcolosi.com.br\/index.php\/wp-json\/wp\/v2\/media?parent=45035"}],"wp:term":[{"taxonomy":"category","embeddable":true,"href":"https:\/\/ismaelcolosi.com.br\/index.php\/wp-json\/wp\/v2\/categories?post=45035"},{"taxonomy":"post_tag","embeddable":true,"href":"https:\/\/ismaelcolosi.com.br\/index.php\/wp-json\/wp\/v2\/tags?post=45035"}],"curies":[{"name":"wp","href":"https:\/\/api.w.org\/{rel}","templated":true}]}}