{"id":45029,"date":"2024-04-01T20:10:06","date_gmt":"2024-04-01T23:10:06","guid":{"rendered":"https:\/\/ismaelcolosi.com.br\/index.php\/2024\/04\/01\/humorista-tiago-santineli-se-apresenta-em-ribeirao-preto\/"},"modified":"2024-04-01T20:10:06","modified_gmt":"2024-04-01T23:10:06","slug":"humorista-tiago-santineli-se-apresenta-em-ribeirao-preto","status":"publish","type":"post","link":"https:\/\/ismaelcolosi.com.br\/index.php\/2024\/04\/01\/humorista-tiago-santineli-se-apresenta-em-ribeirao-preto\/","title":{"rendered":"Humorista Tiago Santineli se apresenta em Ribeir\u00e3o Preto"},"content":{"rendered":"<p> <br \/>\n<\/p>\n<div data-td-block-uid=\"tdi_101\">\n<div class=\"tdb-block-inner td-fix-index\">\n<p>O humorista <strong>Tiago Santineli<\/strong> traz para <strong>Ribeir\u00e3o Preto<\/strong> seu show \u201c<strong>O Pai da Mentira<\/strong> <strong>2.0<\/strong>\u201d. A apresenta\u00e7\u00e3o acontece no <strong>Theatro Pedro II<\/strong>, no dia <strong>27 de abril<\/strong>, \u00e0s<strong> 20h<\/strong>. Os<strong> ingressos<\/strong> custam a partir de <strong>R$ 30<\/strong>.<\/p>\n<p><strong>Tiago Santineli<\/strong> vem se destacando nas redes sociais com v\u00eddeos sem filtro. Atualmente, ele acumula milh\u00f5es de seguidores nas m\u00eddias, e agora, sai em turn\u00ea pelo pa\u00eds com seu <em>stand-up<\/em>, \u201c<strong>Pai da Mentira 2.0<\/strong>\u201d.<\/p><div class='code-block code-block-8' style='margin: 8px auto; text-align: center; display: block; clear: both;'>\n<script>\n  atOptions = {\n    'key' : '66e2e2111ca34da796271819fc334058',\n    'format' : 'iframe',\n    'height' : 250,\n    'width' : 300,\n    'params' : {}\n  };\n<\/script>\n<script src=\"https:\/\/www.highperformanceformat.com\/66e2e2111ca34da796271819fc334058\/invoke.js\"><\/script>\n<\/div>\n\n<h4 class=\"wp-block-heading\"><strong>Ingressos<\/strong><\/h4>\n<p>Os <strong>ingressos<\/strong> podem ser adquiridos online (<a href=\"https:\/\/bilheto.com.br\/comprar\/2204\/tiago-santineli-%EF%BF%BD-o-pai-da-mentira-2-0\" target=\"_blank\" rel=\"noreferrer noopener\">clique aqui<\/a>) e na e na\u00a0<strong>bilheteria<\/strong>\u00a0do teatro \u2013\u00a0<a href=\"https:\/\/www.theatropedro2.com.br\/noticia.php?id=8&amp;bilheteria\" target=\"_blank\" rel=\"noreferrer noopener\">confira o hor\u00e1rio de funcionamento.\u00a0<\/a>\u00a0<\/p>\n<p>Veja os pre\u00e7os:<\/p>\n<ul>\n<li>Plateia A \u2013 R$ 60 (meia) R$ 120 (inteira)<\/li>\n<li>Plateia B \u2013 R$ 50 (meia) R$ 100 (inteira)<\/li>\n<li>Frisa \u2013 R$ 50 (meia) R$ 100 (inteira)<\/li>\n<li>Balc\u00e3o Nobre \u2013 R$ 40 (meia) R$ 80 (inteira)<\/li>\n<li>Balc\u00e3o Simples \u2013 R$ 30 (meia) R$ 60 (inteira)<\/li>\n<\/ul>\n<p>\u00c9 recomendado chegar<strong>\u00a030 minutos<\/strong>\u00a0antes do inicio do espet\u00e1culo. A entrada ap\u00f3s o inicio do show n\u00e3o \u00e9 permitida.<\/p>\n<p>O show tem classifica\u00e7\u00e3o indicativa de 14 anos. O Theatro Pedro II fica localizado na rua \u00c1lvares Cabral, 370, no Centro. <\/p>\n<h4 class=\"wp-block-heading\"><strong>SERVI\u00c7O <\/strong><\/h4>\n<p><em>Tiago Santineli em Ribeir\u00e3o Preto<\/em><\/p>\n<p><strong>Quando:<\/strong>\u00a027 de abril (s\u00e1bado)<br \/><strong>Onde:<\/strong>\u00a0Theatro Pedro II<br \/><strong>Endere\u00e7o:<\/strong>\u00a0Rua \u00c1lvares Cabral, 370 \u2013 Centro<br \/><strong>Hor\u00e1rio:<\/strong>\u00a020h<br \/><strong>Ingressos:<\/strong>\u00a0Podem ser adquiridos na bilheteria do teatro ou on-line (<a href=\"https:\/\/bilheto.com.br\/comprar\/2204\/tiago-santineli-%EF%BF%BD-o-pai-da-mentira-2-0\" target=\"_blank\" rel=\"noreferrer noopener\">clique aqui<\/a>)<\/p>\n<p>SAIBA MAIS<br \/>EPTV lan\u00e7a concurso musical e pr\u00eamio ser\u00e1 participa\u00e7\u00e3o no Jo\u00e3o Rock; Saiba mais<\/p>\n<h4 class=\"wp-block-heading\"><strong>FIQUE ON<\/strong><\/h4>\n<p>Fique ligado em tudo que acontece em Ribeir\u00e3o Preto e regi\u00e3o. Siga os perfis do <strong>acidade on <\/strong>no <a href=\"https:\/\/www.instagram.com\/acidadeonribeirao\" target=\"_blank\" rel=\"noreferrer noopener\">Instagram<\/a> e no <a href=\"https:\/\/www.facebook.com\/acidadeonribeirao\" target=\"_blank\" rel=\"noreferrer noopener\">Facebook<\/a>.<\/p>\n<p>Receba not\u00edcias do acidade on no WhatsApp. Para entrar no grupo, basta <a href=\"https:\/\/chat.whatsapp.com\/GFH9HUMUTHNFJdnyEd0xxq\" target=\"_blank\" rel=\"noreferrer noopener\">clicar aqui<\/a>.<\/p>\n<p>Fa\u00e7a uma den\u00fancia ou sugira uma reportagem sobre Ribeir\u00e3o Preto e regi\u00e3o pelo WhatsApp: 16 99117 7802.<\/p>\n<p>VEJA TAMB\u00c9M<br \/>O que \u00e9 Merc\u00fario retr\u00f3grado?<\/p>\n<p><!-- AI CONTENT END 1 -->\n<\/div>\n<\/div>\n<p><script async src=\"\/\/www.instagram.com\/embed.js\"><\/script><br \/>\n<br \/><br \/>\n<br \/><a href=\"https:\/\/www.acidadeon.com\/ribeiraopreto\/lazer-e-cultura\/humorista-tiago-santineli-se-apresenta-em-ribeirao-preto\/\">Source link <\/a><\/p>\n<div class='code-block code-block-4' style='margin: 8px auto 8px 0; text-align: left; display: block; clear: both;'>\n\ud83d\udce2 Aviso Legal\n\nO site ismaelcolosi.com.br atua apenas como um canal de divulga\u00e7\u00e3o de oportunidades de emprego e n\u00e3o se responsabiliza pelo processo seletivo, contrata\u00e7\u00e3o ou qualquer outra etapa relacionada \u00e0s vagas publicadas. Todas as informa\u00e7\u00f5es s\u00e3o de responsabilidade dos anunciantes.\n\n\u26a0\ufe0f Aten\u00e7\u00e3o! Nunca pague por promessas de emprego nem compre cursos que garantam contrata\u00e7\u00e3o. Desconfie de qualquer cobran\u00e7a para participar de sele\u00e7\u00f5es.\n\n\n\n<\/div>\n<!-- CONTENT END 1 -->\n","protected":false},"excerpt":{"rendered":"<p>O humorista Tiago Santineli traz para Ribeir\u00e3o Preto seu show \u201cO Pai da Mentira 2.0\u201d. A apresenta\u00e7\u00e3o acontece no Theatro Pedro II, no dia 27&#8230;<\/p>\n","protected":false},"author":1,"featured_media":45030,"comment_status":"open","ping_status":"open","sticky":false,"template":"","format":"standard","meta":{"_uag_custom_page_level_css":"","advanced_seo_description":"","jetpack_seo_html_title":"","jetpack_seo_noindex":false,"jetpack_post_was_ever_published":false,"_jetpack_newsletter_access":"","_jetpack_dont_email_post_to_subs":false,"_jetpack_newsletter_tier_id":0,"_jetpack_memberships_contains_paywalled_content":false,"_jetpack_memberships_contains_paid_content":false,"footnotes":"","jetpack_publicize_message":"","jetpack_publicize_feature_enabled":true,"jetpack_social_post_already_shared":true,"jetpack_social_options":{"image_generator_settings":{"template":"highway","default_image_id":0,"font":"","enabled":false},"version":2}},"categories":[11],"tags":[],"class_list":["post-45029","post","type-post","status-publish","format-standard","has-post-thumbnail","hentry","category-noticias-de-ribeirao-preto-sp-e-regiao-ismael-colosi"],"jetpack_publicize_connections":[],"jetpack_featured_media_url":"https:\/\/i0.wp.com\/ismaelcolosi.com.br\/wp-content\/uploads\/2024\/04\/Capturar.jpg?fit=722%2C626&ssl=1","uagb_featured_image_src":{"full":["https:\/\/i0.wp.com\/ismaelcolosi.com.br\/wp-content\/uploads\/2024\/04\/Capturar.jpg?fit=722%2C626&ssl=1",722,626,false],"thumbnail":["https:\/\/i0.wp.com\/ismaelcolosi.com.br\/wp-content\/uploads\/2024\/04\/Capturar.jpg?resize=150%2C150&ssl=1",150,150,true],"medium":["https:\/\/i0.wp.com\/ismaelcolosi.com.br\/wp-content\/uploads\/2024\/04\/Capturar.jpg?fit=300%2C260&ssl=1",300,260,true],"medium_large":["https:\/\/i0.wp.com\/ismaelcolosi.com.br\/wp-content\/uploads\/2024\/04\/Capturar.jpg?fit=722%2C626&ssl=1",722,626,true],"large":["https:\/\/i0.wp.com\/ismaelcolosi.com.br\/wp-content\/uploads\/2024\/04\/Capturar.jpg?fit=722%2C626&ssl=1",722,626,true],"1536x1536":["https:\/\/i0.wp.com\/ismaelcolosi.com.br\/wp-content\/uploads\/2024\/04\/Capturar.jpg?fit=722%2C626&ssl=1",722,626,true],"2048x2048":["https:\/\/i0.wp.com\/ismaelcolosi.com.br\/wp-content\/uploads\/2024\/04\/Capturar.jpg?fit=722%2C626&ssl=1",722,626,true],"really-simple-thumb":["https:\/\/i0.wp.com\/ismaelcolosi.com.br\/wp-content\/uploads\/2024\/04\/Capturar.jpg?resize=370%2C247&ssl=1",370,247,true]},"uagb_author_info":{"display_name":"ismaelcolosi.com.br","author_link":"https:\/\/ismaelcolosi.com.br\/index.php\/author\/vidareal-online\/"},"uagb_comment_info":0,"uagb_excerpt":"O humorista Tiago Santineli traz para Ribeir\u00e3o Preto seu show \u201cO Pai da Mentira 2.0\u201d. A apresenta\u00e7\u00e3o acontece no Theatro Pedro II, no dia 27...","jetpack-related-posts":[{"id":46042,"url":"https:\/\/ismaelcolosi.com.br\/index.php\/2024\/04\/09\/veja-12-shows-de-comedia-confirmados-no-theatro-pedro-ii-em-ribeirao-preto\/","url_meta":{"origin":45029,"position":0},"title":"Veja 12 shows de com\u00e9dia confirmados no Theatro Pedro II em Ribeir\u00e3o Preto","author":"ismaelcolosi.com.br","date":"9 de April de 2024","format":false,"excerpt":"O Theatro Pedro II, em Ribeir\u00e3o Preto, conta com 12 shows de com\u00e9dia confirmados at\u00e9 o m\u00eas de setembro. Entre os nomes que v\u00e3o passar pelo palco, est\u00e3o Afonso Padilha, Thiago Ventura, Bruna Louise, Os Melhores do Mundo e Os Barbixas de Humor. Confira as atra\u00e7\u00f5es: Abril \u00a0 Tiago Santineli\u2026","rel":"","context":"In &quot;Not\u00edcias de Ribeir\u00e3o Preto-SP e Regi\u00e3o&quot;","block_context":{"text":"Not\u00edcias de Ribeir\u00e3o Preto-SP e Regi\u00e3o","link":"https:\/\/ismaelcolosi.com.br\/index.php\/category\/noticias-de-ribeirao-preto-sp-e-regiao-ismael-colosi\/"},"img":{"alt_text":"","src":"https:\/\/i0.wp.com\/ismaelcolosi.com.br\/wp-content\/uploads\/2024\/04\/26862-banner-uhuu-thiago-ventura.png?fit=1180%2C420&ssl=1&resize=350%2C200","width":350,"height":200,"srcset":"https:\/\/i0.wp.com\/ismaelcolosi.com.br\/wp-content\/uploads\/2024\/04\/26862-banner-uhuu-thiago-ventura.png?fit=1180%2C420&ssl=1&resize=350%2C200 1x, https:\/\/i0.wp.com\/ismaelcolosi.com.br\/wp-content\/uploads\/2024\/04\/26862-banner-uhuu-thiago-ventura.png?fit=1180%2C420&ssl=1&resize=525%2C300 1.5x, https:\/\/i0.wp.com\/ismaelcolosi.com.br\/wp-content\/uploads\/2024\/04\/26862-banner-uhuu-thiago-ventura.png?fit=1180%2C420&ssl=1&resize=700%2C400 2x, https:\/\/i0.wp.com\/ismaelcolosi.com.br\/wp-content\/uploads\/2024\/04\/26862-banner-uhuu-thiago-ventura.png?fit=1180%2C420&ssl=1&resize=1050%2C600 3x"},"classes":[]},{"id":58835,"url":"https:\/\/ismaelcolosi.com.br\/index.php\/2024\/08\/02\/tiago-iorc-faz-show-gratuito-em-ribeirao-preto\/","url_meta":{"origin":45029,"position":1},"title":"Tiago Iorc faz show gratuito em Ribeir\u00e3o Preto","author":"ismaelcolosi.com.br","date":"2 de August de 2024","format":false,"excerpt":"O cantor Tiago Iorc se apresenta no dia 11 de agosto, \u00e0s 18, no teatro do Sesi de Ribeir\u00e3o Preto. O espet\u00e1culo \u00e9 gratuito, mas \u00e9 necess\u00e1rio retirar os ingressos com anteced\u00eancia \u2013 veja abaixo. Com 16 anos de carreira, o artista possui oito \u00e1lbuns musicais, sete indica\u00e7\u00f5es ao Grammy\u2026","rel":"","context":"In &quot;Not\u00edcias de Ribeir\u00e3o Preto-SP e Regi\u00e3o&quot;","block_context":{"text":"Not\u00edcias de Ribeir\u00e3o Preto-SP e Regi\u00e3o","link":"https:\/\/ismaelcolosi.com.br\/index.php\/category\/noticias-de-ribeirao-preto-sp-e-regiao-ismael-colosi\/"},"img":{"alt_text":"","src":"https:\/\/i0.wp.com\/ismaelcolosi.com.br\/wp-content\/uploads\/2024\/08\/tiago_iorc.jpg?fit=1200%2C800&ssl=1&resize=350%2C200","width":350,"height":200,"srcset":"https:\/\/i0.wp.com\/ismaelcolosi.com.br\/wp-content\/uploads\/2024\/08\/tiago_iorc.jpg?fit=1200%2C800&ssl=1&resize=350%2C200 1x, https:\/\/i0.wp.com\/ismaelcolosi.com.br\/wp-content\/uploads\/2024\/08\/tiago_iorc.jpg?fit=1200%2C800&ssl=1&resize=525%2C300 1.5x, https:\/\/i0.wp.com\/ismaelcolosi.com.br\/wp-content\/uploads\/2024\/08\/tiago_iorc.jpg?fit=1200%2C800&ssl=1&resize=700%2C400 2x, https:\/\/i0.wp.com\/ismaelcolosi.com.br\/wp-content\/uploads\/2024\/08\/tiago_iorc.jpg?fit=1200%2C800&ssl=1&resize=1050%2C600 3x"},"classes":[]},{"id":47600,"url":"https:\/\/ismaelcolosi.com.br\/index.php\/2024\/04\/26\/rodeio-baile-e-pink-floyd-veja-os-eventos-do-ultimo-final-de-semana-de-abril-em-ribeirao\/","url_meta":{"origin":45029,"position":2},"title":"Rodeio, baile e Pink Floyd: Veja os eventos do \u00faltimo final de semana de abril em Ribeir\u00e3o","author":"ismaelcolosi.com.br","date":"26 de April de 2024","format":false,"excerpt":"O \u00faltimo final de semana de abril em Ribeir\u00e3o Preto tem programa\u00e7\u00e3o cultural para diversos gostos, idades e estilos. Tem baile, Ribeir\u00e3o Rodeo Music\u00a0e Pink Floyd In Concert. Confira: Armaz\u00e9m Baixada Neste s\u00e1bado (27), o Armaz\u00e9m Baixada, em parceria com o projeto Shake Franca, realiza o \u201cBaile da Shake\u201d. O\u2026","rel":"","context":"In &quot;Not\u00edcias de Ribeir\u00e3o Preto-SP e Regi\u00e3o&quot;","block_context":{"text":"Not\u00edcias de Ribeir\u00e3o Preto-SP e Regi\u00e3o","link":"https:\/\/ismaelcolosi.com.br\/index.php\/category\/noticias-de-ribeirao-preto-sp-e-regiao-ismael-colosi\/"},"img":{"alt_text":"","src":"https:\/\/i0.wp.com\/ismaelcolosi.com.br\/wp-content\/uploads\/2024\/04\/gusttavolima_2024-04-26_12-10-52_jpg.webp.webp?fit=1200%2C675&ssl=1&resize=350%2C200","width":350,"height":200,"srcset":"https:\/\/i0.wp.com\/ismaelcolosi.com.br\/wp-content\/uploads\/2024\/04\/gusttavolima_2024-04-26_12-10-52_jpg.webp.webp?fit=1200%2C675&ssl=1&resize=350%2C200 1x, https:\/\/i0.wp.com\/ismaelcolosi.com.br\/wp-content\/uploads\/2024\/04\/gusttavolima_2024-04-26_12-10-52_jpg.webp.webp?fit=1200%2C675&ssl=1&resize=525%2C300 1.5x, https:\/\/i0.wp.com\/ismaelcolosi.com.br\/wp-content\/uploads\/2024\/04\/gusttavolima_2024-04-26_12-10-52_jpg.webp.webp?fit=1200%2C675&ssl=1&resize=700%2C400 2x, https:\/\/i0.wp.com\/ismaelcolosi.com.br\/wp-content\/uploads\/2024\/04\/gusttavolima_2024-04-26_12-10-52_jpg.webp.webp?fit=1200%2C675&ssl=1&resize=1050%2C600 3x"},"classes":[]},{"id":65604,"url":"https:\/\/ismaelcolosi.com.br\/index.php\/2024\/09\/12\/humorista-diogo-portugal-se-apresenta-esse-fim-de-semana-em-ribeirao-preto\/","url_meta":{"origin":45029,"position":3},"title":"Humorista Diogo Portugal se apresenta esse fim de semana em Ribeir\u00e3o Preto","author":"ismaelcolosi.com.br","date":"12 de September de 2024","format":false,"excerpt":"O humorista Diogo Portugal traz para o palco do Teatro Santarosa, em Ribeir\u00e3o Preto, seu novo stand-up \u201cBurrice Artificial\u201d. A apresenta\u00e7\u00e3o acontece nesta sexta-feira (13), a partir das 20h. O show convida o p\u00fablico a refletir sobre a depend\u00eancia da tecnologia. Durante a apresenta\u00e7\u00e3o, o humorista transita nas mudan\u00e7as e\u2026","rel":"","context":"In &quot;Not\u00edcias de Ribeir\u00e3o Preto-SP e Regi\u00e3o&quot;","block_context":{"text":"Not\u00edcias de Ribeir\u00e3o Preto-SP e Regi\u00e3o","link":"https:\/\/ismaelcolosi.com.br\/index.php\/category\/noticias-de-ribeirao-preto-sp-e-regiao-ismael-colosi\/"},"img":{"alt_text":"","src":"https:\/\/i0.wp.com\/ismaelcolosi.com.br\/wp-content\/uploads\/2024\/09\/diogo_portugal_2024-09-12_14-13-53.webp.webp?fit=984%2C656&ssl=1&resize=350%2C200","width":350,"height":200,"srcset":"https:\/\/i0.wp.com\/ismaelcolosi.com.br\/wp-content\/uploads\/2024\/09\/diogo_portugal_2024-09-12_14-13-53.webp.webp?fit=984%2C656&ssl=1&resize=350%2C200 1x, https:\/\/i0.wp.com\/ismaelcolosi.com.br\/wp-content\/uploads\/2024\/09\/diogo_portugal_2024-09-12_14-13-53.webp.webp?fit=984%2C656&ssl=1&resize=525%2C300 1.5x, https:\/\/i0.wp.com\/ismaelcolosi.com.br\/wp-content\/uploads\/2024\/09\/diogo_portugal_2024-09-12_14-13-53.webp.webp?fit=984%2C656&ssl=1&resize=700%2C400 2x"},"classes":[]},{"id":49787,"url":"https:\/\/ismaelcolosi.com.br\/index.php\/2024\/05\/13\/humorista-matheus-ceara-se-apresenta-em-ribeirao-preto-ainda-ha-ingressos\/","url_meta":{"origin":45029,"position":4},"title":"Humorista Matheus Cear\u00e1 se apresenta em Ribeir\u00e3o Preto; Ainda h\u00e1 ingressos","author":"ismaelcolosi.com.br","date":"13 de May de 2024","format":false,"excerpt":"No domingo (19), \u00e0s 19h, a Sala Principal do Theatro Pedro II, em Ribeir\u00e3o Preto recebe o humorista Matheus Cear\u00e1 com seu stand-up \u201cNome Sujo na Pra\u00e7a\u201c. Os ingressos ainda podem ser adquiridos online ou na bilheteria. O show traz o humorista como contador de piadas desbocado. Sem as amarras\u2026","rel":"","context":"In &quot;Not\u00edcias de Ribeir\u00e3o Preto-SP e Regi\u00e3o&quot;","block_context":{"text":"Not\u00edcias de Ribeir\u00e3o Preto-SP e Regi\u00e3o","link":"https:\/\/ismaelcolosi.com.br\/index.php\/category\/noticias-de-ribeirao-preto-sp-e-regiao-ismael-colosi\/"},"img":{"alt_text":"","src":"https:\/\/i0.wp.com\/ismaelcolosi.com.br\/wp-content\/uploads\/2024\/05\/matheus-ceara_2024-05-13_11-40-13_jpg_2024-05-13_11-40-13.webp.webp?fit=1200%2C675&ssl=1&resize=350%2C200","width":350,"height":200,"srcset":"https:\/\/i0.wp.com\/ismaelcolosi.com.br\/wp-content\/uploads\/2024\/05\/matheus-ceara_2024-05-13_11-40-13_jpg_2024-05-13_11-40-13.webp.webp?fit=1200%2C675&ssl=1&resize=350%2C200 1x, https:\/\/i0.wp.com\/ismaelcolosi.com.br\/wp-content\/uploads\/2024\/05\/matheus-ceara_2024-05-13_11-40-13_jpg_2024-05-13_11-40-13.webp.webp?fit=1200%2C675&ssl=1&resize=525%2C300 1.5x, https:\/\/i0.wp.com\/ismaelcolosi.com.br\/wp-content\/uploads\/2024\/05\/matheus-ceara_2024-05-13_11-40-13_jpg_2024-05-13_11-40-13.webp.webp?fit=1200%2C675&ssl=1&resize=700%2C400 2x, https:\/\/i0.wp.com\/ismaelcolosi.com.br\/wp-content\/uploads\/2024\/05\/matheus-ceara_2024-05-13_11-40-13_jpg_2024-05-13_11-40-13.webp.webp?fit=1200%2C675&ssl=1&resize=1050%2C600 3x"},"classes":[]},{"id":45177,"url":"https:\/\/ismaelcolosi.com.br\/index.php\/2024\/04\/02\/humorista-frances-paul-cabannes-se-apresenta-em-ribeirao-preto-confira\/","url_meta":{"origin":45029,"position":5},"title":"Humorista franc\u00eas Paul Cabannes se apresenta em Ribeir\u00e3o Preto; Confira","author":"ismaelcolosi.com.br","date":"2 de April de 2024","format":false,"excerpt":"O humorista franc\u00eas Paul Cabannes apresenta o stand-up \u201cAlma de Brasileiro\u201d em Ribeir\u00e3o Preto na pr\u00f3xima sexta-feira (5). A apresenta\u00e7\u00e3o marcada para \u00e0s 20h, ser\u00e1 no Theatro Pedro II. Paul ficou conhecido ap\u00f3s a turn\u00ea pelo Brasil com o nome \u201cParisileiro\u201d, que atraiu milhares de pessoas \u00e0s apresenta\u00e7\u00f5es em diversos\u2026","rel":"","context":"In &quot;Not\u00edcias de Ribeir\u00e3o Preto-SP e Regi\u00e3o&quot;","block_context":{"text":"Not\u00edcias de Ribeir\u00e3o Preto-SP e Regi\u00e3o","link":"https:\/\/ismaelcolosi.com.br\/index.php\/category\/noticias-de-ribeirao-preto-sp-e-regiao-ismael-colosi\/"},"img":{"alt_text":"","src":"https:\/\/i0.wp.com\/ismaelcolosi.com.br\/wp-content\/uploads\/2024\/04\/Horiz-Paul-Cabannes-credJoaoMamede-3-scaled.jpg?fit=1200%2C787&ssl=1&resize=350%2C200","width":350,"height":200,"srcset":"https:\/\/i0.wp.com\/ismaelcolosi.com.br\/wp-content\/uploads\/2024\/04\/Horiz-Paul-Cabannes-credJoaoMamede-3-scaled.jpg?fit=1200%2C787&ssl=1&resize=350%2C200 1x, https:\/\/i0.wp.com\/ismaelcolosi.com.br\/wp-content\/uploads\/2024\/04\/Horiz-Paul-Cabannes-credJoaoMamede-3-scaled.jpg?fit=1200%2C787&ssl=1&resize=525%2C300 1.5x, https:\/\/i0.wp.com\/ismaelcolosi.com.br\/wp-content\/uploads\/2024\/04\/Horiz-Paul-Cabannes-credJoaoMamede-3-scaled.jpg?fit=1200%2C787&ssl=1&resize=700%2C400 2x, https:\/\/i0.wp.com\/ismaelcolosi.com.br\/wp-content\/uploads\/2024\/04\/Horiz-Paul-Cabannes-credJoaoMamede-3-scaled.jpg?fit=1200%2C787&ssl=1&resize=1050%2C600 3x"},"classes":[]}],"jetpack_sharing_enabled":true,"jetpack_shortlink":"https:\/\/wp.me\/pfMlyK-bIh","_links":{"self":[{"href":"https:\/\/ismaelcolosi.com.br\/index.php\/wp-json\/wp\/v2\/posts\/45029","targetHints":{"allow":["GET"]}}],"collection":[{"href":"https:\/\/ismaelcolosi.com.br\/index.php\/wp-json\/wp\/v2\/posts"}],"about":[{"href":"https:\/\/ismaelcolosi.com.br\/index.php\/wp-json\/wp\/v2\/types\/post"}],"author":[{"embeddable":true,"href":"https:\/\/ismaelcolosi.com.br\/index.php\/wp-json\/wp\/v2\/users\/1"}],"replies":[{"embeddable":true,"href":"https:\/\/ismaelcolosi.com.br\/index.php\/wp-json\/wp\/v2\/comments?post=45029"}],"version-history":[{"count":0,"href":"https:\/\/ismaelcolosi.com.br\/index.php\/wp-json\/wp\/v2\/posts\/45029\/revisions"}],"wp:featuredmedia":[{"embeddable":true,"href":"https:\/\/ismaelcolosi.com.br\/index.php\/wp-json\/wp\/v2\/media\/45030"}],"wp:attachment":[{"href":"https:\/\/ismaelcolosi.com.br\/index.php\/wp-json\/wp\/v2\/media?parent=45029"}],"wp:term":[{"taxonomy":"category","embeddable":true,"href":"https:\/\/ismaelcolosi.com.br\/index.php\/wp-json\/wp\/v2\/categories?post=45029"},{"taxonomy":"post_tag","embeddable":true,"href":"https:\/\/ismaelcolosi.com.br\/index.php\/wp-json\/wp\/v2\/tags?post=45029"}],"curies":[{"name":"wp","href":"https:\/\/api.w.org\/{rel}","templated":true}]}}