{"id":45023,"date":"2024-04-01T19:52:46","date_gmt":"2024-04-01T22:52:46","guid":{"rendered":"https:\/\/ismaelcolosi.com.br\/index.php\/2024\/04\/01\/video-mostra-jovem-antes-de-se-afogar-e-desaparecer-no-rio-pardo-em-ribeirao-preto\/"},"modified":"2024-04-01T19:52:46","modified_gmt":"2024-04-01T22:52:46","slug":"video-mostra-jovem-antes-de-se-afogar-e-desaparecer-no-rio-pardo-em-ribeirao-preto","status":"publish","type":"post","link":"https:\/\/ismaelcolosi.com.br\/index.php\/2024\/04\/01\/video-mostra-jovem-antes-de-se-afogar-e-desaparecer-no-rio-pardo-em-ribeirao-preto\/","title":{"rendered":"V\u00eddeo mostra jovem antes de se afogar e desaparecer no rio Pardo em Ribeir\u00e3o Preto"},"content":{"rendered":"<p> <br \/>\n<\/p>\n<div>\n<p>Um<strong> v\u00eddeo<\/strong> que circula pelas redes sociais mostra os <span style=\"background-color:#f7cc62\" class=\"td_text_highlight_marker\"><mark style=\"background-color:rgba(0, 0, 0, 0)\" class=\"has-inline-color has-black-color\">dois jovens que se afogaram e um <strong>deles, que est\u00e1 desaparecido,<\/strong> em cima de uma jangada (prancha flutuante) na tarde de domingo, no rio Pardo em Ribeir\u00e3o Preto (<strong>veja abaixo<\/strong>).<\/mark><\/span><\/p>\n<p>As<strong> imagens <\/strong>mostram os dois dentro do rio <strong>remando<\/strong> com <strong>peda\u00e7os de madeira<\/strong> e <strong>pessoas que estavam filmando comentando que nenhum sabia nadar. Inclusive \u00e9 poss\u00edvel ouvir um trecho que diz <span style=\"background-color:#f7cc62\" class=\"td_text_highlight_marker\"><mark style=\"background-color:rgba(0, 0, 0, 0)\" class=\"has-inline-color has-black-color\">\u201crapaz, n\u00e3o sabe nadar, esses cara s\u00e3o doidos\u201d.<\/mark><\/span><\/strong><\/p><div class='code-block code-block-8' style='margin: 8px auto; text-align: center; display: block; clear: both;'>\n<script>\n  atOptions = {\n    'key' : '66e2e2111ca34da796271819fc334058',\n    'format' : 'iframe',\n    'height' : 250,\n    'width' : 300,\n    'params' : {}\n  };\n<\/script>\n<script src=\"https:\/\/www.highperformanceformat.com\/66e2e2111ca34da796271819fc334058\/invoke.js\"><\/script>\n<\/div>\n\n<h4 class=\"wp-block-heading\"><strong>Segundo dia de buscas<\/strong><\/h4>\n<p>O <strong>Corpo de Bombeiros<\/strong> encerrou no fim da tarde desta <strong>segunda-feira <\/strong>(1\u00ba), o <strong>segundo dia<\/strong> de <strong>buscas <\/strong>pelo <strong>jovem desaparecido<\/strong>.<\/p>\n<p>Segundo a <strong>corpora\u00e7\u00e3o<\/strong>, a procura foi <strong>sem \u00eaxito<\/strong> e os <strong>trabalhos<\/strong> dos bombeiros <strong>continuam nesta ter\u00e7a-feira <\/strong>(2).<\/p>\n<h4 class=\"wp-block-heading\"><strong>O caso<\/strong><\/h4>\n<p>O\u00a0Corpo de Bombeiros\u00a0realizou, no domingo (31), buscas por um jovem que desapareceu no\u00a0rio Pardo, pr\u00f3ximo ao bairro Ribeir\u00e3o Verde, em<strong>\u00a0Ribeir\u00e3o Preto<\/strong>.<\/p>\n<p>Uma equipe dos bombeiros foi acionada para atender uma ocorr\u00eancia de afogamento com informa\u00e7\u00f5es de que a v\u00edtima seria uma crian\u00e7a, entretanto, o \u00f3rg\u00e3o informou a\u00a0<em>EPTV\u00a0<\/em>que chegando ao local,\u00a0<strong>foi constatado que se tratava de um jovem de aproximadamente 20 anos.<\/strong><\/p>\n<p><strong>As causas do afogamento ainda dever\u00e3o ser apuradas.<\/strong>\u00a0Equipes realizaram buscas pelo local durante toda \u00e0 tarde, e um\u00a0<strong>helic\u00f3ptero \u00e1guia<\/strong>\u00a0foi acionado para auxiliar.<\/p>\n<p><iframe loading=\"lazy\" allowfullscreen=\"yes\" frameborder=\"0\" scrolling=\"yes\" src=\"https:\/\/embed-videos.netshow.me\/s\/WCoB6zLVQp4\/player?v=true\" width=\"1080\" height=\"608\"><\/iframe><\/p>\n<p>SAIBA MAIS <\/p>\n<p>Depois da Sexta-feira Santa, quais ser\u00e3o os pr\u00f3ximos feriados? Veja calend\u00e1rio de Ribeir\u00e3o Preto<\/p>\n<h4 class=\"wp-block-heading\"><strong><mark>FIQUE ON<\/mark><\/strong><\/h4>\n<p>Fique ligado em tudo que acontece em Ribeir\u00e3o Preto e regi\u00e3o. Siga os perfis do\u00a0<strong>acidade on\u00a0<\/strong>no<a href=\"https:\/\/www.instagram.com\/acidadeonribeirao\" target=\"_blank\" rel=\"noreferrer noopener\">\u00a0Instagram\u00a0<\/a>e no\u00a0<a href=\"https:\/\/www.facebook.com\/acidadeonribeirao\" target=\"_blank\" rel=\"noreferrer noopener\">Facebook<\/a>.<\/p>\n<p>Receba not\u00edcias do\u00a0<strong>acidade on\u00a0<\/strong>no WhatsApp.\u00a0<a href=\"https:\/\/chat.whatsapp.com\/GFH9HUMUTHNFJdnyEd0xxq\" target=\"_blank\" rel=\"noreferrer noopener\">Para entrar no grupo, basta clicar aqui.<\/a><\/p>\n<p>Fa\u00e7a uma den\u00fancia ou sugira uma reportagem sobre Ribeir\u00e3o Preto e regi\u00e3o pelo WhatsApp: 16 99117 7802.<\/p>\n<p>VEJA TAMB\u00c9M<\/p>\n<p>V\u00eddeo Show vai voltar?<\/p>\n<p><!-- AI CONTENT END 1 -->\n<\/div>\n<p><script async src=\"\/\/www.instagram.com\/embed.js\"><\/script><br \/>\n<br \/><br \/>\n<br \/><a href=\"https:\/\/www.acidadeon.com\/ribeiraopreto\/cotidiano\/video-mostra-jovem-antes-de-se-afogar-e-desaparecer-no-rio-pardo-em-ribeirao-preto1\/\">Source link <\/a><\/p>\n<div class='code-block code-block-4' style='margin: 8px auto 8px 0; text-align: left; display: block; clear: both;'>\n\ud83d\udce2 Aviso Legal\n\nO site ismaelcolosi.com.br atua apenas como um canal de divulga\u00e7\u00e3o de oportunidades de emprego e n\u00e3o se responsabiliza pelo processo seletivo, contrata\u00e7\u00e3o ou qualquer outra etapa relacionada \u00e0s vagas publicadas. Todas as informa\u00e7\u00f5es s\u00e3o de responsabilidade dos anunciantes.\n\n\u26a0\ufe0f Aten\u00e7\u00e3o! Nunca pague por promessas de emprego nem compre cursos que garantam contrata\u00e7\u00e3o. Desconfie de qualquer cobran\u00e7a para participar de sele\u00e7\u00f5es.\n\n\n\n<\/div>\n<!-- CONTENT END 1 -->\n","protected":false},"excerpt":{"rendered":"<p>Um v\u00eddeo que circula pelas redes sociais mostra os dois jovens que se afogaram e um deles, que est\u00e1 desaparecido, em cima de uma jangada&#8230;<\/p>\n","protected":false},"author":1,"featured_media":45024,"comment_status":"open","ping_status":"open","sticky":false,"template":"","format":"standard","meta":{"_uag_custom_page_level_css":"","advanced_seo_description":"","jetpack_seo_html_title":"","jetpack_seo_noindex":false,"jetpack_post_was_ever_published":false,"_jetpack_newsletter_access":"","_jetpack_dont_email_post_to_subs":false,"_jetpack_newsletter_tier_id":0,"_jetpack_memberships_contains_paywalled_content":false,"_jetpack_memberships_contains_paid_content":false,"footnotes":"","jetpack_publicize_message":"","jetpack_publicize_feature_enabled":true,"jetpack_social_post_already_shared":true,"jetpack_social_options":{"image_generator_settings":{"template":"highway","default_image_id":0,"font":"","enabled":false},"version":2}},"categories":[11],"tags":[],"class_list":["post-45023","post","type-post","status-publish","format-standard","has-post-thumbnail","hentry","category-noticias-de-ribeirao-preto-sp-e-regiao-ismael-colosi"],"jetpack_publicize_connections":[],"jetpack_featured_media_url":"https:\/\/i0.wp.com\/ismaelcolosi.com.br\/wp-content\/uploads\/2024\/04\/Copia-de-Copia-de-TAMANHO-EXATO-PARA-FOTOS-NO-SISTEMA-NOVO-18.jpg?fit=1200%2C675&ssl=1","uagb_featured_image_src":{"full":["https:\/\/i0.wp.com\/ismaelcolosi.com.br\/wp-content\/uploads\/2024\/04\/Copia-de-Copia-de-TAMANHO-EXATO-PARA-FOTOS-NO-SISTEMA-NOVO-18.jpg?fit=1200%2C675&ssl=1",1200,675,false],"thumbnail":["https:\/\/i0.wp.com\/ismaelcolosi.com.br\/wp-content\/uploads\/2024\/04\/Copia-de-Copia-de-TAMANHO-EXATO-PARA-FOTOS-NO-SISTEMA-NOVO-18.jpg?resize=150%2C150&ssl=1",150,150,true],"medium":["https:\/\/i0.wp.com\/ismaelcolosi.com.br\/wp-content\/uploads\/2024\/04\/Copia-de-Copia-de-TAMANHO-EXATO-PARA-FOTOS-NO-SISTEMA-NOVO-18.jpg?fit=300%2C169&ssl=1",300,169,true],"medium_large":["https:\/\/i0.wp.com\/ismaelcolosi.com.br\/wp-content\/uploads\/2024\/04\/Copia-de-Copia-de-TAMANHO-EXATO-PARA-FOTOS-NO-SISTEMA-NOVO-18.jpg?fit=768%2C432&ssl=1",768,432,true],"large":["https:\/\/i0.wp.com\/ismaelcolosi.com.br\/wp-content\/uploads\/2024\/04\/Copia-de-Copia-de-TAMANHO-EXATO-PARA-FOTOS-NO-SISTEMA-NOVO-18.jpg?fit=1024%2C576&ssl=1",1024,576,true],"1536x1536":["https:\/\/i0.wp.com\/ismaelcolosi.com.br\/wp-content\/uploads\/2024\/04\/Copia-de-Copia-de-TAMANHO-EXATO-PARA-FOTOS-NO-SISTEMA-NOVO-18.jpg?fit=1200%2C675&ssl=1",1200,675,true],"2048x2048":["https:\/\/i0.wp.com\/ismaelcolosi.com.br\/wp-content\/uploads\/2024\/04\/Copia-de-Copia-de-TAMANHO-EXATO-PARA-FOTOS-NO-SISTEMA-NOVO-18.jpg?fit=1200%2C675&ssl=1",1200,675,true],"really-simple-thumb":["https:\/\/i0.wp.com\/ismaelcolosi.com.br\/wp-content\/uploads\/2024\/04\/Copia-de-Copia-de-TAMANHO-EXATO-PARA-FOTOS-NO-SISTEMA-NOVO-18.jpg?resize=370%2C247&ssl=1",370,247,true]},"uagb_author_info":{"display_name":"ismaelcolosi.com.br","author_link":"https:\/\/ismaelcolosi.com.br\/index.php\/author\/vidareal-online\/"},"uagb_comment_info":0,"uagb_excerpt":"Um v\u00eddeo que circula pelas redes sociais mostra os dois jovens que se afogaram e um deles, que est\u00e1 desaparecido, em cima de uma jangada...","jetpack-related-posts":[{"id":45117,"url":"https:\/\/ismaelcolosi.com.br\/index.php\/2024\/04\/02\/identificado-corpo-de-jovem-encontrado-no-rio-pardo-em-ribeirao-preto\/","url_meta":{"origin":45023,"position":0},"title":"Identificado corpo de jovem encontrado no rio Pardo em Ribeir\u00e3o Preto","author":"ismaelcolosi.com.br","date":"2 de April de 2024","format":false,"excerpt":"O corpo do jovem que se afogou e morreu no rio Pardo foi identificado como Marcelo Faustino dos Santos, de 22 anos. Marcelo foi encontrado na manh\u00e3 desta ter\u00e7a-feira (2), pr\u00f3ximo ao clube de Regatas, na rodovia C\u00e2ndido Portinari \u2013 dois quil\u00f4metros de dist\u00e2ncia de onde desapareceu no bairro Ribeir\u00e3o\u2026","rel":"","context":"In &quot;Not\u00edcias de Ribeir\u00e3o Preto-SP e Regi\u00e3o&quot;","block_context":{"text":"Not\u00edcias de Ribeir\u00e3o Preto-SP e Regi\u00e3o","link":"https:\/\/ismaelcolosi.com.br\/index.php\/category\/noticias-de-ribeirao-preto-sp-e-regiao-ismael-colosi\/"},"img":{"alt_text":"","src":"https:\/\/i0.wp.com\/ismaelcolosi.com.br\/wp-content\/uploads\/2024\/04\/WhatsApp-Image-2024-04-02-at-13.12.02.jpeg?fit=1200%2C674&ssl=1&resize=350%2C200","width":350,"height":200,"srcset":"https:\/\/i0.wp.com\/ismaelcolosi.com.br\/wp-content\/uploads\/2024\/04\/WhatsApp-Image-2024-04-02-at-13.12.02.jpeg?fit=1200%2C674&ssl=1&resize=350%2C200 1x, https:\/\/i0.wp.com\/ismaelcolosi.com.br\/wp-content\/uploads\/2024\/04\/WhatsApp-Image-2024-04-02-at-13.12.02.jpeg?fit=1200%2C674&ssl=1&resize=525%2C300 1.5x, https:\/\/i0.wp.com\/ismaelcolosi.com.br\/wp-content\/uploads\/2024\/04\/WhatsApp-Image-2024-04-02-at-13.12.02.jpeg?fit=1200%2C674&ssl=1&resize=700%2C400 2x, https:\/\/i0.wp.com\/ismaelcolosi.com.br\/wp-content\/uploads\/2024\/04\/WhatsApp-Image-2024-04-02-at-13.12.02.jpeg?fit=1200%2C674&ssl=1&resize=1050%2C600 3x"},"classes":[]},{"id":43131,"url":"https:\/\/ismaelcolosi.com.br\/index.php\/2024\/03\/19\/identificado-motorista-que-caiu-no-rio-pardo-na-regiao-de-ribeirao-preto\/","url_meta":{"origin":45023,"position":1},"title":"Identificado motorista que caiu no rio Pardo na regi\u00e3o de Ribeir\u00e3o Preto","author":"ismaelcolosi.com.br","date":"19 de March de 2024","format":false,"excerpt":"O motorista que caiu no rio Pardo pr\u00f3ximo ao distrito de Cruz das Posses foi identificado como Felipe RodriguesArmondes, de 30 anos. A confirma\u00e7\u00e3o da identidade da v\u00edtima foi feita por um funcion\u00e1rio da usina onde Felipe trabalhava na cidade de Bambu\u00ed (MG), que acompanhava as buscas pelo corpo, retirado\u2026","rel":"","context":"In &quot;Not\u00edcias de Ribeir\u00e3o Preto-SP e Regi\u00e3o&quot;","block_context":{"text":"Not\u00edcias de Ribeir\u00e3o Preto-SP e Regi\u00e3o","link":"https:\/\/ismaelcolosi.com.br\/index.php\/category\/noticias-de-ribeirao-preto-sp-e-regiao-ismael-colosi\/"},"img":{"alt_text":"","src":"https:\/\/i0.wp.com\/ismaelcolosi.com.br\/wp-content\/uploads\/2024\/03\/Copia-de-Copia-de-TAMANHO-EXATO-PARA-FOTOS-NO-SISTEMA-NOVO-66.jpg?fit=1200%2C675&ssl=1&resize=350%2C200","width":350,"height":200,"srcset":"https:\/\/i0.wp.com\/ismaelcolosi.com.br\/wp-content\/uploads\/2024\/03\/Copia-de-Copia-de-TAMANHO-EXATO-PARA-FOTOS-NO-SISTEMA-NOVO-66.jpg?fit=1200%2C675&ssl=1&resize=350%2C200 1x, https:\/\/i0.wp.com\/ismaelcolosi.com.br\/wp-content\/uploads\/2024\/03\/Copia-de-Copia-de-TAMANHO-EXATO-PARA-FOTOS-NO-SISTEMA-NOVO-66.jpg?fit=1200%2C675&ssl=1&resize=525%2C300 1.5x, https:\/\/i0.wp.com\/ismaelcolosi.com.br\/wp-content\/uploads\/2024\/03\/Copia-de-Copia-de-TAMANHO-EXATO-PARA-FOTOS-NO-SISTEMA-NOVO-66.jpg?fit=1200%2C675&ssl=1&resize=700%2C400 2x, https:\/\/i0.wp.com\/ismaelcolosi.com.br\/wp-content\/uploads\/2024\/03\/Copia-de-Copia-de-TAMANHO-EXATO-PARA-FOTOS-NO-SISTEMA-NOVO-66.jpg?fit=1200%2C675&ssl=1&resize=1050%2C600 3x"},"classes":[]},{"id":43018,"url":"https:\/\/ismaelcolosi.com.br\/index.php\/2024\/03\/18\/caminhao-cai-da-ponte-e-fica-submerso-no-rio-pardo-na-regiao-de-ribeirao-preto\/","url_meta":{"origin":45023,"position":2},"title":"Caminh\u00e3o cai da ponte e fica submerso no rio Pardo na regi\u00e3o de Ribeir\u00e3o Preto","author":"ismaelcolosi.com.br","date":"18 de March de 2024","format":false,"excerpt":"Um caminh\u00e3o que trafegava pela vicinal Argeo Marchi\u00f3, pr\u00f3ximo ao distrito de Cruz das Posses, na regi\u00e3o de Ribeir\u00e3o Preto, caiu no rio Pardo, na tarde desta segunda-feira (18). De acordo com as primeiras informa\u00e7\u00f5es da Guarda Civil Metropolitana (GCM) de Sert\u00e3ozinho, o motorista teria perdido o controle do ve\u00edculo,\u2026","rel":"","context":"In &quot;Not\u00edcias de Ribeir\u00e3o Preto-SP e Regi\u00e3o&quot;","block_context":{"text":"Not\u00edcias de Ribeir\u00e3o Preto-SP e Regi\u00e3o","link":"https:\/\/ismaelcolosi.com.br\/index.php\/category\/noticias-de-ribeirao-preto-sp-e-regiao-ismael-colosi\/"},"img":{"alt_text":"","src":"https:\/\/i0.wp.com\/ismaelcolosi.com.br\/wp-content\/uploads\/2024\/03\/Copia-de-Copia-de-TAMANHO-EXATO-PARA-FOTOS-NO-SISTEMA-NOVO-80.png?fit=1200%2C675&ssl=1&resize=350%2C200","width":350,"height":200,"srcset":"https:\/\/i0.wp.com\/ismaelcolosi.com.br\/wp-content\/uploads\/2024\/03\/Copia-de-Copia-de-TAMANHO-EXATO-PARA-FOTOS-NO-SISTEMA-NOVO-80.png?fit=1200%2C675&ssl=1&resize=350%2C200 1x, https:\/\/i0.wp.com\/ismaelcolosi.com.br\/wp-content\/uploads\/2024\/03\/Copia-de-Copia-de-TAMANHO-EXATO-PARA-FOTOS-NO-SISTEMA-NOVO-80.png?fit=1200%2C675&ssl=1&resize=525%2C300 1.5x, https:\/\/i0.wp.com\/ismaelcolosi.com.br\/wp-content\/uploads\/2024\/03\/Copia-de-Copia-de-TAMANHO-EXATO-PARA-FOTOS-NO-SISTEMA-NOVO-80.png?fit=1200%2C675&ssl=1&resize=700%2C400 2x, https:\/\/i0.wp.com\/ismaelcolosi.com.br\/wp-content\/uploads\/2024\/03\/Copia-de-Copia-de-TAMANHO-EXATO-PARA-FOTOS-NO-SISTEMA-NOVO-80.png?fit=1200%2C675&ssl=1&resize=1050%2C600 3x"},"classes":[]},{"id":31331,"url":"https:\/\/ismaelcolosi.com.br\/index.php\/2024\/01\/21\/corpo-de-homem-amarrado-e-encontrado-por-pescadores-no-rio-pardo\/","url_meta":{"origin":45023,"position":3},"title":"Corpo de homem amarrado \u00e9 encontrado por pescadores no rio Pardo","author":"ismaelcolosi.com.br","date":"21 de January de 2024","format":false,"excerpt":"O corpo de um homem foi encontrado amarrado por pescadores no rio Pardo, pr\u00f3ximo a Col\u00f4mbia, na regi\u00e3o de Ribeir\u00e3o Preto. A v\u00edtima, que estava com ferimentos na cabe\u00e7a, foi encontrada no \u00faltimo s\u00e1bado (20). De acordo com apura\u00e7\u00e3o da EPTV, os pescadores estavam em um rancho quando avistaram o\u2026","rel":"","context":"In &quot;Not\u00edcias de Ribeir\u00e3o Preto-SP e Regi\u00e3o&quot;","block_context":{"text":"Not\u00edcias de Ribeir\u00e3o Preto-SP e Regi\u00e3o","link":"https:\/\/ismaelcolosi.com.br\/index.php\/category\/noticias-de-ribeirao-preto-sp-e-regiao-ismael-colosi\/"},"img":{"alt_text":"","src":"https:\/\/i0.wp.com\/ismaelcolosi.com.br\/wp-content\/uploads\/2024\/01\/1705888420_WhatsApp-Image-2023-12-09-at-13.55.44.jpeg?fit=1024%2C576&ssl=1&resize=350%2C200","width":350,"height":200,"srcset":"https:\/\/i0.wp.com\/ismaelcolosi.com.br\/wp-content\/uploads\/2024\/01\/1705888420_WhatsApp-Image-2023-12-09-at-13.55.44.jpeg?fit=1024%2C576&ssl=1&resize=350%2C200 1x, https:\/\/i0.wp.com\/ismaelcolosi.com.br\/wp-content\/uploads\/2024\/01\/1705888420_WhatsApp-Image-2023-12-09-at-13.55.44.jpeg?fit=1024%2C576&ssl=1&resize=525%2C300 1.5x, https:\/\/i0.wp.com\/ismaelcolosi.com.br\/wp-content\/uploads\/2024\/01\/1705888420_WhatsApp-Image-2023-12-09-at-13.55.44.jpeg?fit=1024%2C576&ssl=1&resize=700%2C400 2x"},"classes":[]},{"id":44870,"url":"https:\/\/ismaelcolosi.com.br\/index.php\/2024\/03\/31\/jovem-desaparece-no-rio-pardo-em-ribeirao-preto-buscam-serao-retomadas-nesta-segunda-feira\/","url_meta":{"origin":45023,"position":4},"title":"Jovem desaparece no rio Pardo em Ribeir\u00e3o Preto; Buscam ser\u00e3o retomadas nesta segunda-feira","author":"ismaelcolosi.com.br","date":"31 de March de 2024","format":false,"excerpt":"O Corpo de Bombeiros realizou, neste domingo (31), buscas por um jovem que desapareceu no rio Pardo, pr\u00f3ximo ao bairro Ribeir\u00e3o Verde, em Ribeir\u00e3o Preto. Uma equipe do CB foi acionada para atender uma ocorr\u00eancia de afogamento com informa\u00e7\u00f5es de que a v\u00edtima seria uma crian\u00e7a, entretanto, o \u00f3rg\u00e3o informou\u2026","rel":"","context":"In &quot;Not\u00edcias de Ribeir\u00e3o Preto-SP e Regi\u00e3o&quot;","block_context":{"text":"Not\u00edcias de Ribeir\u00e3o Preto-SP e Regi\u00e3o","link":"https:\/\/ismaelcolosi.com.br\/index.php\/category\/noticias-de-ribeirao-preto-sp-e-regiao-ismael-colosi\/"},"img":{"alt_text":"","src":"https:\/\/i0.wp.com\/ismaelcolosi.com.br\/wp-content\/uploads\/2024\/03\/BOMBEIROS.jpg?fit=1200%2C674&ssl=1&resize=350%2C200","width":350,"height":200,"srcset":"https:\/\/i0.wp.com\/ismaelcolosi.com.br\/wp-content\/uploads\/2024\/03\/BOMBEIROS.jpg?fit=1200%2C674&ssl=1&resize=350%2C200 1x, https:\/\/i0.wp.com\/ismaelcolosi.com.br\/wp-content\/uploads\/2024\/03\/BOMBEIROS.jpg?fit=1200%2C674&ssl=1&resize=525%2C300 1.5x, https:\/\/i0.wp.com\/ismaelcolosi.com.br\/wp-content\/uploads\/2024\/03\/BOMBEIROS.jpg?fit=1200%2C674&ssl=1&resize=700%2C400 2x, https:\/\/i0.wp.com\/ismaelcolosi.com.br\/wp-content\/uploads\/2024\/03\/BOMBEIROS.jpg?fit=1200%2C674&ssl=1&resize=1050%2C600 3x"},"classes":[]},{"id":2334,"url":"https:\/\/ismaelcolosi.com.br\/index.php\/2023\/11\/15\/pescadores-denunciam-a-morte-de-peixes-no-rio-pardo-na-regiao-de-ribeirao-preto\/","url_meta":{"origin":45023,"position":5},"title":"Pescadores denunciam a morte de peixes no rio Pardo na regi\u00e3o de Ribeir\u00e3o Preto","author":"ismaelcolosi.com.br","date":"15 de November de 2023","format":false,"excerpt":"V\u00e1rios peixes morreram no rio Pardo, na regi\u00e3o de Ribeir\u00e3o Preto. Pescadores fizeram v\u00e1rias imagens, na tarde da ter\u00e7a-feira (14), denunciando a situa\u00e7\u00e3o. Nos v\u00eddeos (assista logo abaixo), \u00e9 poss\u00edvel ver milhares de peixes na superf\u00edcie e tamb\u00e9m mortos na margem do rio Pardo. Alguns pescadores relataram um odor forte\u2026","rel":"","context":"In &quot;Not\u00edcias de Ribeir\u00e3o Preto-SP e Regi\u00e3o&quot;","block_context":{"text":"Not\u00edcias de Ribeir\u00e3o Preto-SP e Regi\u00e3o","link":"https:\/\/ismaelcolosi.com.br\/index.php\/category\/noticias-de-ribeirao-preto-sp-e-regiao-ismael-colosi\/"},"img":{"alt_text":"","src":"https:\/\/i0.wp.com\/ismaelcolosi.com.br\/wp-content\/uploads\/2023\/11\/WhatsApp-Image-2023-11-15-at-10.20.40-scaled.jpeg?fit=1200%2C697&ssl=1&resize=350%2C200","width":350,"height":200,"srcset":"https:\/\/i0.wp.com\/ismaelcolosi.com.br\/wp-content\/uploads\/2023\/11\/WhatsApp-Image-2023-11-15-at-10.20.40-scaled.jpeg?fit=1200%2C697&ssl=1&resize=350%2C200 1x, https:\/\/i0.wp.com\/ismaelcolosi.com.br\/wp-content\/uploads\/2023\/11\/WhatsApp-Image-2023-11-15-at-10.20.40-scaled.jpeg?fit=1200%2C697&ssl=1&resize=525%2C300 1.5x, https:\/\/i0.wp.com\/ismaelcolosi.com.br\/wp-content\/uploads\/2023\/11\/WhatsApp-Image-2023-11-15-at-10.20.40-scaled.jpeg?fit=1200%2C697&ssl=1&resize=700%2C400 2x, https:\/\/i0.wp.com\/ismaelcolosi.com.br\/wp-content\/uploads\/2023\/11\/WhatsApp-Image-2023-11-15-at-10.20.40-scaled.jpeg?fit=1200%2C697&ssl=1&resize=1050%2C600 3x"},"classes":[]}],"jetpack_sharing_enabled":true,"jetpack_shortlink":"https:\/\/wp.me\/pfMlyK-bIb","_links":{"self":[{"href":"https:\/\/ismaelcolosi.com.br\/index.php\/wp-json\/wp\/v2\/posts\/45023","targetHints":{"allow":["GET"]}}],"collection":[{"href":"https:\/\/ismaelcolosi.com.br\/index.php\/wp-json\/wp\/v2\/posts"}],"about":[{"href":"https:\/\/ismaelcolosi.com.br\/index.php\/wp-json\/wp\/v2\/types\/post"}],"author":[{"embeddable":true,"href":"https:\/\/ismaelcolosi.com.br\/index.php\/wp-json\/wp\/v2\/users\/1"}],"replies":[{"embeddable":true,"href":"https:\/\/ismaelcolosi.com.br\/index.php\/wp-json\/wp\/v2\/comments?post=45023"}],"version-history":[{"count":0,"href":"https:\/\/ismaelcolosi.com.br\/index.php\/wp-json\/wp\/v2\/posts\/45023\/revisions"}],"wp:featuredmedia":[{"embeddable":true,"href":"https:\/\/ismaelcolosi.com.br\/index.php\/wp-json\/wp\/v2\/media\/45024"}],"wp:attachment":[{"href":"https:\/\/ismaelcolosi.com.br\/index.php\/wp-json\/wp\/v2\/media?parent=45023"}],"wp:term":[{"taxonomy":"category","embeddable":true,"href":"https:\/\/ismaelcolosi.com.br\/index.php\/wp-json\/wp\/v2\/categories?post=45023"},{"taxonomy":"post_tag","embeddable":true,"href":"https:\/\/ismaelcolosi.com.br\/index.php\/wp-json\/wp\/v2\/tags?post=45023"}],"curies":[{"name":"wp","href":"https:\/\/api.w.org\/{rel}","templated":true}]}}