{"id":45021,"date":"2024-04-01T19:42:45","date_gmt":"2024-04-01T22:42:45","guid":{"rendered":"https:\/\/ismaelcolosi.com.br\/index.php\/2024\/04\/01\/canada-esta-buscando-brasileiros-para-estudar-ou-trabalhar\/"},"modified":"2024-04-01T19:42:45","modified_gmt":"2024-04-01T22:42:45","slug":"canada-esta-buscando-brasileiros-para-estudar-ou-trabalhar","status":"publish","type":"post","link":"https:\/\/ismaelcolosi.com.br\/index.php\/2024\/04\/01\/canada-esta-buscando-brasileiros-para-estudar-ou-trabalhar\/","title":{"rendered":"Canad\u00e1 est\u00e1 buscando brasileiros para estudar ou trabalhar"},"content":{"rendered":"<p> <br \/>\n<\/p>\n<div>\n<p>O Canad\u00e1 \u00e9 um pa\u00eds conhecido por sua diversidade, qualidade de vida e oportunidades de estudo e trabalho. Recentemente, o governo canadense anunciou que est\u00e1 em busca de brasileiros interessados em estudar ou trabalhar no pa\u00eds. Essa \u00e9 uma oportunidade imperd\u00edvel para aqueles que buscam novos desafios e experi\u00eancias internacionais. Descubra como aproveitar essa chance \u00fanica de morar no Canad\u00e1.<\/p>\n<h2>Oportunidade imperd\u00edvel: Canad\u00e1 busca brasileiros para estudar ou trabalhar<\/h2>\n<p>O Canad\u00e1 \u00e9 conhecido por sua pol\u00edtica de imigra\u00e7\u00e3o aberta e acolhedora, que visa atrair talentos de diversas partes do mundo. Neste contexto, o governo canadense est\u00e1 buscando brasileiros interessados em estudar em <strong>cursos<\/strong> ou trabalhar no pa\u00eds. Essa \u00e9 uma oportunidade \u00fanica para aqueles que desejam expandir seus horizontes e explorar novas possibilidades em um ambiente multicultural e inovador.<\/p><div class='code-block code-block-8' style='margin: 8px auto; text-align: center; display: block; clear: both;'>\n<script>\n  atOptions = {\n    'key' : '66e2e2111ca34da796271819fc334058',\n    'format' : 'iframe',\n    'height' : 250,\n    'width' : 300,\n    'params' : {}\n  };\n<\/script>\n<script src=\"https:\/\/www.highperformanceformat.com\/66e2e2111ca34da796271819fc334058\/invoke.js\"><\/script>\n<\/div>\n\n<h3>Sobre o programa Journ\u00e9es Qu\u00e9bec BR\u00c9SIL<\/h3>\n<p>O programa Journ\u00e9es Qu\u00e9bec BR\u00c9SIL, promovido pelo governo de Qu\u00e9bec, Canad\u00e1, est\u00e1 convocando brasileiros interessados em oportunidades de trabalho e estudo na regi\u00e3o. As <strong><a href=\"https:\/\/www.quebecentete.com\/pt\/iniciativa-de-recrutamento\/trabalhar-no-quebec-journees-quebec-bresil-2024?utm_source=rp&amp;utm_campaign=jqbresil2024\" target=\"_blank\" rel=\"noopener\">inscri\u00e7\u00f5es est\u00e3o abertas<\/a><\/strong> at\u00e9 o dia 8 de abril, visando preencher vagas em diversos setores como alimenta\u00e7\u00e3o, engenharia, ind\u00fastria, manufatura, sa\u00fade, servi\u00e7os sociais e tecnologia da informa\u00e7\u00e3o.<\/p>\n<p>Para estudantes, o programa oferece vagas em cursos t\u00e9cnicos e universit\u00e1rios, abrindo portas para uma forma\u00e7\u00e3o internacional no Canad\u00e1.<\/p>\n<h3>Como se candidatar ao Journ\u00e9es Qu\u00e9bec BR\u00c9SIL<\/h3>\n<p>Para participar, \u00e9 necess\u00e1rio acessar o portal <strong><a href=\"https:\/\/www.quebecentete.com\/pt\/iniciativa-de-recrutamento\/trabalhar-no-quebec-journees-quebec-bresil-2024?utm_source=rp&amp;utm_campaign=jqbresil2024\" target=\"_blank\" rel=\"noopener\">Qu\u00e9bec na cabe\u00e7a<\/a><\/strong>, criar um perfil e se candidatar \u00e0s vagas de emprego ou aos programas educacionais desejados. Todo o processo de candidatura deve ser feito em franc\u00eas, idioma oficial de Qu\u00e9bec.<\/p>\n<p>Candidatos qualificados, com diplomas e experi\u00eancia profissional adequados, al\u00e9m de profici\u00eancia em franc\u00eas, ter\u00e3o a chance de ser selecionados para integrar a comunidade quebequense.<\/p>\n<p>Os selecionados para o programa ser\u00e3o contatados via e-mail para etapas seguintes, como entrevistas presenciais no Brasil, organizadas pelos recrutadores de Qu\u00e9bec.<\/p>\n<h3>Cronograma do programa Journ\u00e9es Qu\u00e9bec BR\u00c9SIL<\/h3>\n<p>As inscri\u00e7\u00f5es v\u00e3o de 5 de mar\u00e7o a 8 de abril, com notifica\u00e7\u00f5es por e-mail programadas para a semana de 16 de abril. As entrevistas presenciais acontecer\u00e3o nos dias 4 e 5 de maio. Esta \u00e9 uma chance \u00fanica para brasileiros que buscam novas oportunidades em Qu\u00e9bec, Canad\u00e1.\u201d<\/p>\n<h2>Veduca &#8211; Cursos online gratuitos de professores USP e outras institui\u00e7\u00f5es renomadas\u00a0<\/h2>\n<p>O Veduca \u00e9 um site que j\u00e1 ultrapassou mais de 4 milh\u00f5es de alunos e oferece cursos online gratuitos com professores da USP e profissionais de mercado. S\u00e3o cursos que far\u00e3o a diferen\u00e7a na sua carreira, pois combinam conceitos fundamentais dos mais diferentes assuntos com exemplos pr\u00e1ticos e depoimentos.<\/p>\n<ol>&#13;<\/p>\n<li><strong>Ingl\u00eas: <\/strong>compreende os conceitos essenciais do ingl\u00eas, voc\u00ea ir\u00e1 aprender sobre o verbo to be, dias da semana, n\u00fameros, continentes, pa\u00edses, nacionalidades, vocabul\u00e1rio, frases, adjetivos, sentimentos, imperativo e at\u00e9 sobre empregos.<\/li>\n<p>&#13;<\/p>\n<li><strong>Fundamentos da Administra\u00e7\u00e3o:<\/strong>\u00a0voc\u00ea ir\u00e1 aprender conceitos e metodologias para colocar na pr\u00e1tica o melhor da fun\u00e7\u00e3o administrativa, planejamento, organiza\u00e7\u00e3o, dire\u00e7\u00e3o e controle, casos de sucesso no Brasil, no mundo e muito mais.<\/li>\n<p>&#13;<\/p>\n<li><strong>Gest\u00e3o de Projetos:<\/strong>\u00a0nesse curso, voc\u00ea aprender\u00e1 gest\u00e3o de stakeholders. Como administrar o escopo de um projeto. M\u00e9todos de an\u00e1lise de um projeto. Como fazer um planejamento excelente.<\/li>\n<p>&#13;<\/p>\n<li><strong>Engenharia Econ\u00f4mica:<\/strong>\u00a0voc\u00ea ir\u00e1 aprender sobre juros.Taxa de mercado. Dinheiro no tempo. Sistema de amortiza\u00e7\u00e3o de financiamento. Payback e VPL. Taxa interna de retorno.Op\u00e7\u00f5es e fechamento. Estimativa do custo de capital. Modelando um projeto de gera\u00e7\u00e3o de energia e\u00f3lica.<\/li>\n<p>&#13;<\/p>\n<li><strong>Gest\u00e3o da Inova\u00e7\u00e3o:<\/strong>\u00a0voc\u00ea aprender\u00e1 sobre o\u00a0que \u00e9 inova\u00e7\u00e3o, princ\u00edpios da criatividade, financiamento de ideias, lean startup, gerenciamento de incertezas.<\/li>\n<p>&#13;<\/p>\n<li><strong>Desenvolvimento de Produtos e Servi\u00e7os:\u00a0<\/strong>A cria\u00e7\u00e3o de um novo produto ou servi\u00e7o requer estrat\u00e9gia, organiza\u00e7\u00e3o e planejamento. Saiba neste curso quais as etapas, atividades e m\u00e9todos para desenvolver novos produtos e servi\u00e7os desde a sua concep\u00e7\u00e3o at\u00e9 o primeiro contato com o cliente.<\/li>\n<p>&#13;<\/p>\n<li><strong>Eletromagnetismo:<\/strong>\u00a0O curso online gratuito compreende os conceitos b\u00e1sicos de eletromagnetismo, o conceito de cargas e de como elas interagem entre si, o movimento de carga denominado corrente el\u00e9trica, as leis b\u00e1sicas da corrente el\u00e9trica, o circuito onde elas percorrem e o conceito de magnetismo. O objetivo do curso \u00e9 mostrar a conex\u00e3o entre a eletricidade e o magnetismo em uma unifica\u00e7\u00e3o atrav\u00e9s das equa\u00e7\u00f5es de Maxwell.<\/li>\n<p>&#13;<\/p>\n<li><strong>F\u00edsica B\u00e1sica:<\/strong>\u00a0O curso online de F\u00edsica B\u00e1sica, ministrado pelo professor doutor Vanderlei Salvador Bagnato, traz um estudo te\u00f3rico e pr\u00e1tico sobre o movimento, as leis de Newton, energia, a evolu\u00e7\u00e3o no tempo e seus deslocamentos sob a a\u00e7\u00e3o de for\u00e7as e seus efeitos subsequentes sobre seu ambiente. O curso traz uma vis\u00e3o aprofundada e precisa, com descri\u00e7\u00e3o das fun\u00e7\u00f5es matem\u00e1ticas da f\u00edsica, seu prop\u00f3sito e aplica\u00e7\u00e3o, com exemplos trazidos do mundo real.<\/li>\n<p>&#13;<\/p>\n<li><strong>Gest\u00e3o Ambiental:<\/strong>\u00a0Conhec\u0327a os fundamentos que orientam a implementac\u0327a\u0303o de poli\u0301ticas de meio ambiente e sistemas de gesta\u0303o ambiental no contexto da gesta\u0303o da sustentabilidade empresarial. Entenda como acontecem as relac\u0327o\u0303es entre as esferas pu\u0301blica e privada da gesta\u0303o ambiental no Brasil.<\/li>\n<p>&#13;<\/p>\n<li><strong>Medicina do Sono:<\/strong>\u00a0O curso online gratuito trata de diversos aspectos relacionado ao sono. Com uma vis\u00e3o cient\u00edfica e psicol\u00f3gica, o curso aborda os principais transtornos do sono, com enfoque pr\u00e1tico para os interessados na \u00e1rea da medicina do sono. O curso \u00e9 voltado para estudantes de medicina, fisioterapia, enfermagem e toda \u00e1rea de ci\u00eancias biol\u00f3gicas, al\u00e9m das pessoas que se interessam em entender os transtornos do sono, fen\u00f4meno que afeta mais de 33% da popula\u00e7\u00e3o.<\/li>\n<p>&#13;<\/p>\n<li><strong>Ecoinova\u00e7\u00e3o:<\/strong>\u00a0Neste curso voc\u00ea ver\u00e1 conte\u00fados relacionados a sustentabilidade e gest\u00e3o ambiental, ser\u00e1 abordado alguns conceitos e aplica\u00e7\u00f5es para a \u00e1rea de engenharia e inova\u00e7\u00e3o. Entre os assuntos discutidos est\u00e3o as \u201cpegadas ecol\u00f3gicas\u201d, gest\u00e3o e avalia\u00e7\u00e3o do ciclo de vida e novas tecnologias em energia.<\/li>\n<p>&#13;<\/p>\n<li><strong>Coronav\u00edrus:<\/strong>\u00a0Este curso, produzido pela Faculdade de Medicina de Ribeir\u00e3o Preto USP e disponibilizado gratuitamente pelo Veduca, tem como objetivo informar toda a SOCIEDADE sobre a pandemia do coronav\u00edrus (SARS-CoV-2). O Brasil est\u00e1 reduzindo suas atividades e todos devemos saber o PORQU\u00ca que essas medidas s\u00e3o necess\u00e1rias e COMO podemos contribuir para minimizar a dissemina\u00e7\u00e3o da doen\u00e7a no pa\u00eds. S\u00e3o quatro m\u00f3dulos curtos e bem simples. Esperamos que este curso ajude voc\u00ea a entender melhor o que est\u00e1 acontecendo, sendo uma fonte segura e confi\u00e1vel de informa\u00e7\u00e3o sobre o coronav\u00edrus para seus amigos, familiares e contatos.<\/li>\n<p>&#13;<\/p>\n<li><strong>Ecologia Industrial:<\/strong>\u00a0Neste curso apresentamos a defini\u00e7\u00e3o do conceito de P+L (Produ\u00e7\u00e3o Mais Limpa) e o roteiro para a sua aplica\u00e7\u00e3o e seus indicadores de desempenho numa empresa. Ao final do curso voc\u00ea ter\u00e1 uma vis\u00e3o n\u00e3o apenas da Ecologia Industrial, mas de alternativas para desenvolver processos produtivos mais limpos.<\/li>\n<p>&#13;<\/p>\n<li><strong>Metodologia Cient\u00edfica:<\/strong>\u00a0Metodologia cient\u00edfica \u00e9 um conjunto de t\u00e9cnicas e processos empregados para a pesquisa e a formula\u00e7\u00e3o de uma produ\u00e7\u00e3o cient\u00edfica. Aprenda a elaborar um trabalho de conclus\u00e3o de curso (TCC), e saiba como selecionar um tema, definir objetivos, identificar e descrever um problema, fundamentar sua argumenta\u00e7\u00e3o com base em trabalhos de outros autores, coletar e analisar dados e como apresentar resultados e conclus\u00f5es de forma concisa e clara.<\/li>\n<p>&#13;<\/p>\n<li><strong>Probabilidade e Estat\u00edstica:<\/strong>\u00a0Neste curso online gratuito voc\u00ea ver\u00e1 como o c\u00e1lculo de probabilidade \u00e9 uma importante ferramenta estat\u00edstica e como trata de situa\u00e7\u00f5es que n\u00e3o s\u00e3o totalmente previs\u00edveis. Esse conhecimento \u00e9 fundamental para interpretar resultados obtidos pelos m\u00e9todos estat\u00edsticos e pode ser aplicado de diversas formas no dia a dia.<\/li>\n<p>&#13;<\/p>\n<li><strong>Planejamento Estrat\u00e9gico:<\/strong>\u00a0voc\u00ea ir\u00e1 aprender conceitos e ferramentas da estrat\u00e9gia empresarial para utiliz\u00e1-los em suas organiza\u00e7\u00f5es, construindo um planejamento estrat\u00e9gico de neg\u00f3cio adequado a din\u00e2mica do mercado em que se encontram e um acompanhamento alinhado com as ferramentas de gest\u00e3o mais utilizadas.<\/li>\n<p>&#13;<\/p>\n<li><strong>LGBTQIA+ Conceitos e Hist\u00f3rias:<\/strong>\u00a0O curso oferece uma vis\u00e3o geral sobre quest\u00f5es que envolvem a sexualidade humana e a identidade de g\u00eanero. S\u00e3o apresentados conceitos e informa\u00e7\u00f5es sobre quatro caracter\u00edsticas \u2013 Sexo Biol\u00f3gico, Identidade de G\u00eanero, Express\u00e3o de G\u00eanero e Orienta\u00e7\u00e3o Afetivo-sexual \u2013 e tamb\u00e9m sobre o significado da sigla LGBT+. As hist\u00f3rias de vida s\u00e3o um convite para que voc\u00ea amplie seu olhar de mundo. Esses v\u00eddeos contam com a participa\u00e7\u00e3o de colaboradores do Veduca, da Serasa e tamb\u00e9m de convidados e convidadas que compartilham suas experi\u00eancias e vis\u00f5es.<\/li>\n<p>&#13;\n<\/ol>\n<h2>Inscri\u00e7\u00e3o Cursos Online Gratuitos Veduca<\/h2>\n<p>Para se inscrever nos cursos da Veduca:\u00a0<span style=\"color: #008080;\"><strong>[Acesse aqui]<\/strong><\/span><\/p>\n<p>\u00a0<\/p>\n<p><!-- AI CONTENT END 2 --><\/p>\n<p><!-- #comments --><\/p>\n<\/div>\n<p><script>\n                    (function(d, s, id) {\n                        var js, fjs = d.getElementsByTagName(s)[0];\n                        if (d.getElementById(id)) return;\n                        js = d.createElement(s);\n                        js.id = id;\n                        js.src = \"\/\/connect.facebook.net\/pt_PT\/sdk.js#xfbml=1&version=v2.5\";\n                        fjs.parentNode.insertBefore(js, fjs);\n                    }(document, 'script', 'facebook-jssdk'));\n                <\/script><script type=\"text\/javascript\">\n\t    (function(d){\n\t        var js, id = 'facebook-jssdk', ref = d.getElementsByTagName('script')[0];\n\t        if (d.getElementById(id)) {return;}\n\t        js = d.createElement('script'); js.id = id; js.async = true;\n\t        js.src = \"https:\/\/connect.facebook.net\/en_US\/all.js\";\n\t        ref.parentNode.insertBefore(js, ref);\n\t    }(document));\n\t    window.fbAsyncInit = function() {\n\t      \t\tFB.init({\n\t            \tappId: facebook_app_ID,\n\t            \tstatus: true,\n\t            \tcookie: true,\n\t            \txfbml: true\n\t        \t});  \n\t    };\n\t\tfunction login() {\n\t\t\tFB.login(function(response) {\n\t\t\t\tFB.api('\/me', { locale: 'en_US', fields: 'name, email' },\n\t\t\t\t\tfunction(response2) {\n\t\t\t\t\t\tif (typeof response2.error == 'undefined') {\n\t\t\t\t\t\t\tjQuery(document).ready(function($){'use strict';\n      \t\t\t\t\t\/\/console.log(response2);\n\t\t\t\t\t\t\t\t$.ajax({\n\t\t\t\t\t\t\t        type: 'POST',\n\t\t\t\t\t\t\t        dataType: 'json',\n\t\t\t\t\t\t\t        url: ajax_object.ajaxurl,\n\t\t\t\t\t\t\t        data: { \n\t\t\t\t\t\t\t            'action': 'ajaxfacebooklogin', \/\/calls wp_ajax_nopriv_ajaxlogin\n\t\t\t\t\t\t\t            'id_token': response.authResponse.accessToken,\n\t\t\t\t\t\t\t            'useremail': response2.email,\n\t\t\t\t\t\t\t            'username': response2.name,\n\t\t\t\t\t\t\t            'security': $( 'form#login #security2').val() },\n\t\t\t\t\t\t\t        success: function(data){\n\t\t\t\t\t\t\t            \/\/$('form#login div.login-error').text(data.message);\n\t\t\t\t\t\t\t            if (data.loggedin == true){\n      \t\t\t\t\t\t\t\t\t\t\t\t$('form#login div.login-error').removeClass('alert-danger').addClass('alert-success');\n      \t\t\t\t\t\t\t\t\t\t\t\t$('form#login div.login-error').text(data.message);\n\t\t\t\t\t\t\t                document.location.href = ajax_object.redirecturl;\n\t\t\t\t\t\t\t            }else{\n      \t\t\t\t\t\t\t\t\t\t\t\t$('form#login div.login-error').removeClass('alert-success').addClass('alert-danger');\n      \t\t\t\t\t\t\t\t\t\t\t\t$('form#login div.login-error').text(data.message);\n      \t\t\t\t\t\t\t\t\t\t}\n\t\t\t\t\t\t\t            if($('.login-error').text() == ''){\n\t\t\t\t\t\t\t                $('form#login div.login-error').hide();\n\t\t\t\t\t\t\t            }else{\n\t\t\t\t\t\t\t                $('form#login div.login-error').show();\n\t\t\t\t\t\t\t            }\n\t\t\t\t\t\t\t        }\n\t\t\t\t\t\t\t    });\n\t\t\t\t\t\t    });\n\t\t\t\t\t\t\t\/\/ console.log('FB Login Working!');\n\t\t\t\t\t\t\t\/\/ console.log(response2);\n\t\t\t\t\t\t}else{\n\t\t\t\t\t\t\t\/\/ console.log('FB Login Error!');\n\t\t\t\t\t\t\t\/\/ console.log(response);\n\t\t\t\t\t\t}\n\t\t\t\t\t}\n\t\t\t\t);\n\t\t\t}, {scope: 'public_profile,user_friends,email'});    \n\t\t}\n\t<\/script><br \/>\n<br \/><br \/>\n<br \/><a href=\"https:\/\/veduca.org\/canada-esta-buscando-brasileiros-para-estudar-ou-trabalhar\/\">Source link <\/a><\/p>\n<div class='code-block code-block-4' style='margin: 8px auto 8px 0; text-align: left; display: block; clear: both;'>\n\ud83d\udce2 Aviso Legal\n\nO site ismaelcolosi.com.br atua apenas como um canal de divulga\u00e7\u00e3o de oportunidades de emprego e n\u00e3o se responsabiliza pelo processo seletivo, contrata\u00e7\u00e3o ou qualquer outra etapa relacionada \u00e0s vagas publicadas. Todas as informa\u00e7\u00f5es s\u00e3o de responsabilidade dos anunciantes.\n\n\u26a0\ufe0f Aten\u00e7\u00e3o! Nunca pague por promessas de emprego nem compre cursos que garantam contrata\u00e7\u00e3o. Desconfie de qualquer cobran\u00e7a para participar de sele\u00e7\u00f5es.\n\n\n\n<\/div>\n<!-- CONTENT END 1 -->\n","protected":false},"excerpt":{"rendered":"<p>O Canad\u00e1 \u00e9 um pa\u00eds conhecido por sua diversidade, qualidade de vida e oportunidades de estudo e trabalho. Recentemente, o governo canadense anunciou que est\u00e1&#8230;<\/p>\n","protected":false},"author":1,"featured_media":0,"comment_status":"open","ping_status":"open","sticky":false,"template":"","format":"standard","meta":{"_uag_custom_page_level_css":"","advanced_seo_description":"","jetpack_seo_html_title":"","jetpack_seo_noindex":false,"jetpack_post_was_ever_published":false,"_jetpack_newsletter_access":"","_jetpack_dont_email_post_to_subs":false,"_jetpack_newsletter_tier_id":0,"_jetpack_memberships_contains_paywalled_content":false,"_jetpack_memberships_contains_paid_content":false,"footnotes":"","jetpack_publicize_message":"","jetpack_publicize_feature_enabled":true,"jetpack_social_post_already_shared":true,"jetpack_social_options":{"image_generator_settings":{"template":"highway","default_image_id":0,"font":"","enabled":false},"version":2}},"categories":[4947],"tags":[],"class_list":["post-45021","post","type-post","status-publish","format-standard","hentry","category-cursos-gratuitos-e-bolsas-de-estudos-ribeirao-preto"],"jetpack_publicize_connections":[],"jetpack_featured_media_url":"","uagb_featured_image_src":{"full":false,"thumbnail":false,"medium":false,"medium_large":false,"large":false,"1536x1536":false,"2048x2048":false,"really-simple-thumb":false},"uagb_author_info":{"display_name":"ismaelcolosi.com.br","author_link":"https:\/\/ismaelcolosi.com.br\/index.php\/author\/vidareal-online\/"},"uagb_comment_info":0,"uagb_excerpt":"O Canad\u00e1 \u00e9 um pa\u00eds conhecido por sua diversidade, qualidade de vida e oportunidades de estudo e trabalho. Recentemente, o governo canadense anunciou que est\u00e1...","jetpack-related-posts":[{"id":43629,"url":"https:\/\/ismaelcolosi.com.br\/index.php\/2024\/03\/22\/mec-lancou-cursos-gratuitos-de-idiomas-com-certificado\/","url_meta":{"origin":45021,"position":0},"title":"MEC lan\u00e7ou cursos gratuitos de idiomas com certificado","author":"ismaelcolosi.com.br","date":"22 de March de 2024","format":false,"excerpt":"MEC \u2013 Minist\u00e9rio da Educa\u00e7\u00e3o oferece cursos gratuitos de idiomas, como ingl\u00eas, espanhol e franc\u00eas, e o melhor: conta com certificado, confira Em um esfor\u00e7o para promover a educa\u00e7\u00e3o e o desenvolvimento lingu\u00edstico no pa\u00eds, o Minist\u00e9rio da Educa\u00e7\u00e3o (MEC) lan\u00e7ou uma iniciativa inovadora que certamente ir\u00e1 beneficiar milhares de\u2026","rel":"","context":"In &quot;Cursos Gratuitos e Bolsas de Estudos&quot;","block_context":{"text":"Cursos Gratuitos e Bolsas de Estudos","link":"https:\/\/ismaelcolosi.com.br\/index.php\/category\/cursos-gratuitos-e-bolsas-de-estudos-ribeirao-preto\/"},"img":{"alt_text":"","src":"https:\/\/i0.wp.com\/ismaelcolosi.com.br\/wp-content\/uploads\/2024\/03\/MEC-lanca-cursos-de-idiomas-gratuitos.png?fit=1200%2C627&ssl=1&resize=350%2C200","width":350,"height":200,"srcset":"https:\/\/i0.wp.com\/ismaelcolosi.com.br\/wp-content\/uploads\/2024\/03\/MEC-lanca-cursos-de-idiomas-gratuitos.png?fit=1200%2C627&ssl=1&resize=350%2C200 1x, https:\/\/i0.wp.com\/ismaelcolosi.com.br\/wp-content\/uploads\/2024\/03\/MEC-lanca-cursos-de-idiomas-gratuitos.png?fit=1200%2C627&ssl=1&resize=525%2C300 1.5x, https:\/\/i0.wp.com\/ismaelcolosi.com.br\/wp-content\/uploads\/2024\/03\/MEC-lanca-cursos-de-idiomas-gratuitos.png?fit=1200%2C627&ssl=1&resize=700%2C400 2x, https:\/\/i0.wp.com\/ismaelcolosi.com.br\/wp-content\/uploads\/2024\/03\/MEC-lanca-cursos-de-idiomas-gratuitos.png?fit=1200%2C627&ssl=1&resize=1050%2C600 3x"},"classes":[]},{"id":31167,"url":"https:\/\/ismaelcolosi.com.br\/index.php\/2024\/01\/21\/top-10-destinos-internacionais-mais-visitados-pelos-brasileiros\/","url_meta":{"origin":45021,"position":1},"title":"Top 10 destinos internacionais mais visitados pelos brasileiros","author":"ismaelcolosi.com.br","date":"21 de January de 2024","format":false,"excerpt":"Nos \u00faltimos anos, os brasileiros t\u00eam expandido cada vez mais seus horizontes ao decidir para onde ir\u00e3o em suas f\u00e9rias. O gosto pela aventura, a busca por novas culturas e experi\u00eancias, a melhoria do poder de compra, a facilidade de acesso a informa\u00e7\u00f5es e a crescente conectividade a\u00e9rea contribu\u00edram para\u2026","rel":"","context":"In &quot;Blog&quot;","block_context":{"text":"Blog","link":"https:\/\/ismaelcolosi.com.br\/index.php\/category\/blog\/"},"img":{"alt_text":"","src":"https:\/\/i0.wp.com\/ismaelcolosi.com.br\/wp-content\/uploads\/2024\/01\/viagens-internacionais.png?fit=600%2C384&ssl=1&resize=350%2C200","width":350,"height":200,"srcset":"https:\/\/i0.wp.com\/ismaelcolosi.com.br\/wp-content\/uploads\/2024\/01\/viagens-internacionais.png?fit=600%2C384&ssl=1&resize=350%2C200 1x, https:\/\/i0.wp.com\/ismaelcolosi.com.br\/wp-content\/uploads\/2024\/01\/viagens-internacionais.png?fit=600%2C384&ssl=1&resize=525%2C300 1.5x"},"classes":[]},{"id":43424,"url":"https:\/\/ismaelcolosi.com.br\/index.php\/2024\/03\/21\/guia-para-uma-carreira-internacional\/","url_meta":{"origin":45021,"position":2},"title":"guia para uma carreira internacional","author":"ismaelcolosi.com.br","date":"21 de March de 2024","format":false,"excerpt":"Trabalhar no exterior \u00e9 uma experi\u00eancia que pode transformar tanto a vida profissional quanto pessoal de uma pessoa.\u00a0 Abrir-se para oportunidades al\u00e9m das fronteiras do seu pa\u00eds de origem n\u00e3o expande apenas horizontes profissionais, mas tamb\u00e9m oferece uma riqueza de experi\u00eancias culturais e pessoais . Ent\u00e3o, se voc\u00ea tamb\u00e9m tem\u2026","rel":"","context":"In &quot;Carreira e Sucesso&quot;","block_context":{"text":"Carreira e Sucesso","link":"https:\/\/ismaelcolosi.com.br\/index.php\/category\/carreira-e-sucesso-dicas-para-carreira\/"},"img":{"alt_text":"","src":"https:\/\/i0.wp.com\/ismaelcolosi.com.br\/wp-content\/uploads\/2024\/03\/trabalhar-no-exterior.jpg?fit=1200%2C675&ssl=1&resize=350%2C200","width":350,"height":200,"srcset":"https:\/\/i0.wp.com\/ismaelcolosi.com.br\/wp-content\/uploads\/2024\/03\/trabalhar-no-exterior.jpg?fit=1200%2C675&ssl=1&resize=350%2C200 1x, https:\/\/i0.wp.com\/ismaelcolosi.com.br\/wp-content\/uploads\/2024\/03\/trabalhar-no-exterior.jpg?fit=1200%2C675&ssl=1&resize=525%2C300 1.5x, https:\/\/i0.wp.com\/ismaelcolosi.com.br\/wp-content\/uploads\/2024\/03\/trabalhar-no-exterior.jpg?fit=1200%2C675&ssl=1&resize=700%2C400 2x, https:\/\/i0.wp.com\/ismaelcolosi.com.br\/wp-content\/uploads\/2024\/03\/trabalhar-no-exterior.jpg?fit=1200%2C675&ssl=1&resize=1050%2C600 3x"},"classes":[]},{"id":31778,"url":"https:\/\/ismaelcolosi.com.br\/index.php\/2024\/01\/23\/fundacao-abre-inscricoes-para-programa-de-bolsas-para-levar-brasileiros-a-harvard\/","url_meta":{"origin":45021,"position":3},"title":"Funda\u00e7\u00e3o abre inscri\u00e7\u00f5es para programa de bolsas para levar brasileiros a Harvard","author":"ismaelcolosi.com.br","date":"23 de January de 2024","format":false,"excerpt":"Da reda\u00e7\u00e3oi Da reda\u00e7\u00e3o 23\/01\/2024 - 9:19 A Funda\u00e7\u00e3o Estudar est\u00e1 com inscri\u00e7\u00f5es abertas para a 33\u00aa edi\u00e7\u00e3o do seu programa L\u00edderes Estudar, que j\u00e1 levou 94 alunos brasileiros para a Universidade Harvard, 60 para a Universidade de Stanford e 34 para o Instituto de Tecnologia de Massachusetts (MIT). O\u2026","rel":"","context":"In &quot;Vagas de Emprego em Ribeir\u00e3o Preto-SP&quot;","block_context":{"text":"Vagas de Emprego em Ribeir\u00e3o Preto-SP","link":"https:\/\/ismaelcolosi.com.br\/index.php\/category\/empregos-classificados-vagas-trabalho\/vagas-de-empregos-em-ribeirao-preto-regiao-brasil\/"},"img":{"alt_text":"","src":"https:\/\/i0.wp.com\/ismaelcolosi.com.br\/wp-content\/uploads\/2024\/01\/unnamed-4.jpg?fit=800%2C535&ssl=1&resize=350%2C200","width":350,"height":200,"srcset":"https:\/\/i0.wp.com\/ismaelcolosi.com.br\/wp-content\/uploads\/2024\/01\/unnamed-4.jpg?fit=800%2C535&ssl=1&resize=350%2C200 1x, https:\/\/i0.wp.com\/ismaelcolosi.com.br\/wp-content\/uploads\/2024\/01\/unnamed-4.jpg?fit=800%2C535&ssl=1&resize=525%2C300 1.5x, https:\/\/i0.wp.com\/ismaelcolosi.com.br\/wp-content\/uploads\/2024\/01\/unnamed-4.jpg?fit=800%2C535&ssl=1&resize=700%2C400 2x"},"classes":[]},{"id":41264,"url":"https:\/\/ismaelcolosi.com.br\/index.php\/2024\/03\/07\/quer-trabalhar-no-canada-empresas-do-quebec-oferecem-mais-de-200-vagas-a-brasileiros\/","url_meta":{"origin":45021,"position":4},"title":"Quer trabalhar no Canad\u00e1? Empresas do Quebec oferecem mais de 200 vagas a brasileiros","author":"ismaelcolosi.com.br","date":"7 de March de 2024","format":false,"excerpt":"Da reda\u00e7\u00e3oi Da reda\u00e7\u00e3o 07\/03\/2024 - 11:11 O governo de Quebec, Canad\u00e1, abriu 200 vagas para diversas \u00e1reas destinadas a brasileiros.Neste ano, 18 empresas quebequenses oferecer\u00e3o empregos para os seguintes setores: aliment\u00edcio, engenharia, industrial, manufatura, sa\u00fade, servi\u00e7os sociais e tecnologia da informa\u00e7\u00e3o.Outro detalhe \u00e9 que para 2024 ser\u00e1 poss\u00edvel tamb\u00e9m\u2026","rel":"","context":"In &quot;Empregos - Classificados&quot;","block_context":{"text":"Empregos - Classificados","link":"https:\/\/ismaelcolosi.com.br\/index.php\/category\/empregos-classificados-vagas-trabalho\/"},"img":{"alt_text":"","src":"https:\/\/i0.wp.com\/ismaelcolosi.com.br\/wp-content\/uploads\/2024\/03\/pexels-photo-6655448.jpeg?fit=1200%2C675&ssl=1&resize=350%2C200","width":350,"height":200,"srcset":"https:\/\/i0.wp.com\/ismaelcolosi.com.br\/wp-content\/uploads\/2024\/03\/pexels-photo-6655448.jpeg?fit=1200%2C675&ssl=1&resize=350%2C200 1x, https:\/\/i0.wp.com\/ismaelcolosi.com.br\/wp-content\/uploads\/2024\/03\/pexels-photo-6655448.jpeg?fit=1200%2C675&ssl=1&resize=525%2C300 1.5x, https:\/\/i0.wp.com\/ismaelcolosi.com.br\/wp-content\/uploads\/2024\/03\/pexels-photo-6655448.jpeg?fit=1200%2C675&ssl=1&resize=700%2C400 2x, https:\/\/i0.wp.com\/ismaelcolosi.com.br\/wp-content\/uploads\/2024\/03\/pexels-photo-6655448.jpeg?fit=1200%2C675&ssl=1&resize=1050%2C600 3x"},"classes":[]},{"id":53187,"url":"https:\/\/ismaelcolosi.com.br\/index.php\/2024\/06\/14\/sem-experiencia-unimed-abriu-vaga-home-office-com-salario-de-r-2-30406-e-alimentacao-de-r-80000-para-sales-development\/","url_meta":{"origin":45021,"position":5},"title":"Sem experi\u00eancia! Unimed abriu vaga HOME OFFICE com sal\u00e1rio de R$\u00a02.304,06 e Alimenta\u00e7\u00e3o de R$ 800,00 para Sales Development","author":"ismaelcolosi.com.br","date":"14 de June de 2024","format":false,"excerpt":"Home Office Sem experi\u00eancia! GRAN Cursos abre vagas HOME OFFICE para Assistente de Coordena\u00e7\u00e3o Pedag\u00f3gica (Tempor\u00e1rio) Home Office SENAI anuncia vaga HOME OFFICE com sal\u00e1rio de R$ 8.128,55 com inscri\u00e7\u00f5es at\u00e9 dia (17) Home Office Contabilizei abriu vagas PARA TRABALHAR DE CASA com sal\u00e1rio de at\u00e9 3 MIL para Assistente\u2026","rel":"","context":"In &quot;Vagas de Emprego Remoto - Home Office&quot;","block_context":{"text":"Vagas de Emprego Remoto - Home Office","link":"https:\/\/ismaelcolosi.com.br\/index.php\/category\/empregos-classificados-vagas-trabalho\/vagas-de-empregos-em-ribeirao-preto-regiao-brasil\/vagas-de-emprego-para-trabalhar-de-casa-home-office-remoto\/"},"img":{"alt_text":"Sem experi\u00eancia! GRAN Cursos abre vagas HOME OFFICE para Assistente de Coordena\u00e7\u00e3o Pedag\u00f3gica (Tempor\u00e1rio)","src":"https:\/\/i0.wp.com\/www.capitalvagas.com.br\/wp-content\/uploads\/2024\/02\/gran-761x492.webp?resize=350%2C200&ssl=1","width":350,"height":200,"srcset":"https:\/\/i0.wp.com\/www.capitalvagas.com.br\/wp-content\/uploads\/2024\/02\/gran-761x492.webp?resize=350%2C200&ssl=1 1x, https:\/\/i0.wp.com\/www.capitalvagas.com.br\/wp-content\/uploads\/2024\/02\/gran-761x492.webp?resize=525%2C300&ssl=1 1.5x, https:\/\/i0.wp.com\/www.capitalvagas.com.br\/wp-content\/uploads\/2024\/02\/gran-761x492.webp?resize=700%2C400&ssl=1 2x"},"classes":[]}],"jetpack_sharing_enabled":true,"jetpack_shortlink":"https:\/\/wp.me\/pfMlyK-bI9","_links":{"self":[{"href":"https:\/\/ismaelcolosi.com.br\/index.php\/wp-json\/wp\/v2\/posts\/45021","targetHints":{"allow":["GET"]}}],"collection":[{"href":"https:\/\/ismaelcolosi.com.br\/index.php\/wp-json\/wp\/v2\/posts"}],"about":[{"href":"https:\/\/ismaelcolosi.com.br\/index.php\/wp-json\/wp\/v2\/types\/post"}],"author":[{"embeddable":true,"href":"https:\/\/ismaelcolosi.com.br\/index.php\/wp-json\/wp\/v2\/users\/1"}],"replies":[{"embeddable":true,"href":"https:\/\/ismaelcolosi.com.br\/index.php\/wp-json\/wp\/v2\/comments?post=45021"}],"version-history":[{"count":0,"href":"https:\/\/ismaelcolosi.com.br\/index.php\/wp-json\/wp\/v2\/posts\/45021\/revisions"}],"wp:attachment":[{"href":"https:\/\/ismaelcolosi.com.br\/index.php\/wp-json\/wp\/v2\/media?parent=45021"}],"wp:term":[{"taxonomy":"category","embeddable":true,"href":"https:\/\/ismaelcolosi.com.br\/index.php\/wp-json\/wp\/v2\/categories?post=45021"},{"taxonomy":"post_tag","embeddable":true,"href":"https:\/\/ismaelcolosi.com.br\/index.php\/wp-json\/wp\/v2\/tags?post=45021"}],"curies":[{"name":"wp","href":"https:\/\/api.w.org\/{rel}","templated":true}]}}