{"id":45009,"date":"2024-04-01T18:50:31","date_gmt":"2024-04-01T21:50:31","guid":{"rendered":"https:\/\/ismaelcolosi.com.br\/index.php\/2024\/04\/01\/warner-bros-reune-fas-do-monsterverse-em-pre-estreia-de-godzilla-e-kong-o-novo-imperio\/"},"modified":"2024-04-01T18:50:31","modified_gmt":"2024-04-01T21:50:31","slug":"warner-bros-reune-fas-do-monsterverse-em-pre-estreia-de-godzilla-e-kong-o-novo-imperio","status":"publish","type":"post","link":"https:\/\/ismaelcolosi.com.br\/index.php\/2024\/04\/01\/warner-bros-reune-fas-do-monsterverse-em-pre-estreia-de-godzilla-e-kong-o-novo-imperio\/","title":{"rendered":"Warner Bros. re\u00fane f\u00e3s do monsterverse em pr\u00e9-estreia de Godzilla e Kong: O Novo Imp\u00e9rio"},"content":{"rendered":"<p> <br \/>\n<\/p>\n<div>\n<h3 class=\"fn__maintitle\"><span>Warner Bros. re\u00fane f\u00e3s do monsterverse em pr\u00e9-estreia de Godzilla e Kong: O Novo Imp\u00e9rio<\/span><\/h3>\n<\/div>\n<div>\n<p>A Warner Bros. Pictures agitou S\u00e3o Paulo nesta quarta-feira (27) com a pr\u00e9-estreia de Godzilla e Kong: O Novo Imp\u00e9rio, nova produ\u00e7\u00e3o do Monsterverse da franquia cinematogr\u00e1fica da Legendary Pictures. Com f\u00e3s e admiradores da saga, a sess\u00e3o, que contou com recursos de acessibilidade, reuniu tamb\u00e9m associa\u00e7\u00f5es que atuam com pessoas com defici\u00eancia auditiva, fazendo link com a personagem Jia, interpretada por Kaylee Hottle no longa.<\/p>\n<p>Sequ\u00eancia do sucesso de 2021, o longa acompanha a jornada de Kong para encontrar sua fam\u00edlia por meio de uma regi\u00e3o desconhecida da Terra Oca \u2013 e o que ele acaba descobrindo sem querer \u00e9 a amea\u00e7a mais perigosa para a humanidade at\u00e9 agora e que s\u00f3 pode ser enfrentada (e possivelmente derrotada) pela soma das for\u00e7as de Kong e Godzilla, agora mais potentes do que nunca.<\/p>\n<p>\u201cDepois da batalha sensacional entre Godzilla e Kong em \u2018Godzilla vs. Kong\u2019, qual o pr\u00f3ximo passo? A resposta \u00f3bvia \u00e9: somar for\u00e7as. Lembro-me de que, j\u00e1 no final da produ\u00e7\u00e3o do \u00faltimo filme, era nisso que eu pensava. Mas a ideia de Godzilla e Kong se unirem n\u00e3o \u00e9 de f\u00e1cil execu\u00e7\u00e3o. Eles s\u00e3o dois monstros muito territoriais, ent\u00e3o me inspirei no meu cineasta favorito, John Carpenter, e seu filme \u2018Eles Vivem\u2019, no qual dois dos protagonistas brigam para colocar um \u00f3culos escuro, um grande momento da trama. Gosto da ideia de duas pessoas da mesma equipe brigarem por um mal-entendido\u201d, revela o diretor Adam Wingard sobre a idealiza\u00e7\u00e3o do novo filme.<\/p>\n<p>Godzilla e Kong: O Novo Imp\u00e9rio j\u00e1 encontra em cartaz com vers\u00f5es acess\u00edveis. Mais informa\u00e7\u00f5es podem ser obtidas diretamente nos cinemas de cada cidade.<\/p>\n<div class=\"popito_fn_votewrap\">\n<h3 class=\"vote_title\">Como voc\u00ea vota? <\/h3>\n<div class=\"popito_fn_votes \" data-id=\"1799\">\n<p>0 People voted this article. 0 Upvotes &#8211; 0 Downvotes.<\/p>\n<\/div>\n<\/div>\n<\/div>\n<p><br \/>\n<br \/><a href=\"https:\/\/popito.com.br\/warner-bros-reune-fas-do-monsterverse-em-pre-estreia-de-godzilla-e-kong-o-novo-imperio\/\">Source link <\/a><\/p>\n<div class='code-block code-block-4' style='margin: 8px auto 8px 0; text-align: left; display: block; clear: both;'>\n\ud83d\udce2 Aviso Legal\n\nO site ismaelcolosi.com.br atua apenas como um canal de divulga\u00e7\u00e3o de oportunidades de emprego e n\u00e3o se responsabiliza pelo processo seletivo, contrata\u00e7\u00e3o ou qualquer outra etapa relacionada \u00e0s vagas publicadas. Todas as informa\u00e7\u00f5es s\u00e3o de responsabilidade dos anunciantes.\n\n\u26a0\ufe0f Aten\u00e7\u00e3o! Nunca pague por promessas de emprego nem compre cursos que garantam contrata\u00e7\u00e3o. Desconfie de qualquer cobran\u00e7a para participar de sele\u00e7\u00f5es.\n\n\n\n<\/div>\n<!-- CONTENT END 1 -->\n","protected":false},"excerpt":{"rendered":"<p>Warner Bros. re\u00fane f\u00e3s do monsterverse em pr\u00e9-estreia de Godzilla e Kong: O Novo Imp\u00e9rio A Warner Bros. Pictures agitou S\u00e3o Paulo nesta quarta-feira (27)&#8230;<\/p>\n","protected":false},"author":1,"featured_media":45010,"comment_status":"open","ping_status":"open","sticky":false,"template":"","format":"standard","meta":{"_uag_custom_page_level_css":"","advanced_seo_description":"","jetpack_seo_html_title":"","jetpack_seo_noindex":false,"jetpack_post_was_ever_published":false,"_jetpack_newsletter_access":"","_jetpack_dont_email_post_to_subs":false,"_jetpack_newsletter_tier_id":0,"_jetpack_memberships_contains_paywalled_content":false,"_jetpack_memberships_contains_paid_content":false,"footnotes":"","jetpack_publicize_message":"","jetpack_publicize_feature_enabled":true,"jetpack_social_post_already_shared":true,"jetpack_social_options":{"image_generator_settings":{"template":"highway","default_image_id":0,"font":"","enabled":false},"version":2}},"categories":[11],"tags":[5359,614,5362,5364,5363,5360,381,5361,1709,5358],"class_list":["post-45009","post","type-post","status-publish","format-standard","has-post-thumbnail","hentry","category-noticias-de-ribeirao-preto-sp-e-regiao-ismael-colosi","tag-bros","tag-fas","tag-godzilla","tag-imperio","tag-kong","tag-monsterverse","tag-novo","tag-preestreia","tag-reune","tag-warner"],"jetpack_publicize_connections":[],"jetpack_featured_media_url":"https:\/\/i0.wp.com\/ismaelcolosi.com.br\/wp-content\/uploads\/2024\/04\/1712008231_maxresdefault.jpg?fit=1280%2C720&ssl=1","uagb_featured_image_src":{"full":["https:\/\/i0.wp.com\/ismaelcolosi.com.br\/wp-content\/uploads\/2024\/04\/1712008231_maxresdefault.jpg?fit=1280%2C720&ssl=1",1280,720,false],"thumbnail":["https:\/\/i0.wp.com\/ismaelcolosi.com.br\/wp-content\/uploads\/2024\/04\/1712008231_maxresdefault.jpg?resize=150%2C150&ssl=1",150,150,true],"medium":["https:\/\/i0.wp.com\/ismaelcolosi.com.br\/wp-content\/uploads\/2024\/04\/1712008231_maxresdefault.jpg?fit=300%2C169&ssl=1",300,169,true],"medium_large":["https:\/\/i0.wp.com\/ismaelcolosi.com.br\/wp-content\/uploads\/2024\/04\/1712008231_maxresdefault.jpg?fit=768%2C432&ssl=1",768,432,true],"large":["https:\/\/i0.wp.com\/ismaelcolosi.com.br\/wp-content\/uploads\/2024\/04\/1712008231_maxresdefault.jpg?fit=1024%2C576&ssl=1",1024,576,true],"1536x1536":["https:\/\/i0.wp.com\/ismaelcolosi.com.br\/wp-content\/uploads\/2024\/04\/1712008231_maxresdefault.jpg?fit=1280%2C720&ssl=1",1280,720,true],"2048x2048":["https:\/\/i0.wp.com\/ismaelcolosi.com.br\/wp-content\/uploads\/2024\/04\/1712008231_maxresdefault.jpg?fit=1280%2C720&ssl=1",1280,720,true],"really-simple-thumb":["https:\/\/i0.wp.com\/ismaelcolosi.com.br\/wp-content\/uploads\/2024\/04\/1712008231_maxresdefault.jpg?resize=370%2C247&ssl=1",370,247,true]},"uagb_author_info":{"display_name":"ismaelcolosi.com.br","author_link":"https:\/\/ismaelcolosi.com.br\/index.php\/author\/vidareal-online\/"},"uagb_comment_info":0,"uagb_excerpt":"Warner Bros. re\u00fane f\u00e3s do monsterverse em pr\u00e9-estreia de Godzilla e Kong: O Novo Imp\u00e9rio A Warner Bros. Pictures agitou S\u00e3o Paulo nesta quarta-feira (27)...","jetpack-related-posts":[{"id":45364,"url":"https:\/\/ismaelcolosi.com.br\/index.php\/2024\/04\/03\/warner-bros-reune-fas-famosos-e-elenco-de-evidencias-do-amor-em-pre-estreias\/","url_meta":{"origin":45009,"position":0},"title":"Warner Bros. re\u00fane f\u00e3s, famosos e elenco de Evid\u00eancias do Amor em pr\u00e9-estreias","author":"ismaelcolosi.com.br","date":"3 de April de 2024","format":false,"excerpt":"Warner Bros. re\u00fane f\u00e3s, famosos e elenco de Evid\u00eancias do Amor em pr\u00e9-estreiasEm contagem regressiva para a estreia de\u00a0Evid\u00eancias do Amor\u00a0no pr\u00f3ximo dia 11, a Warner Bros. Pictures reuniu o elenco, produ\u00e7\u00e3o, f\u00e3s e famosos em duas pr\u00e9-estreias do filme nesta semana, em S\u00e3o Paulo e Rio de Janeiro. Com\u2026","rel":"","context":"In &quot;Not\u00edcias de Ribeir\u00e3o Preto-SP e Regi\u00e3o&quot;","block_context":{"text":"Not\u00edcias de Ribeir\u00e3o Preto-SP e Regi\u00e3o","link":"https:\/\/ismaelcolosi.com.br\/index.php\/category\/noticias-de-ribeirao-preto-sp-e-regiao-ismael-colosi\/"},"img":{"alt_text":"","src":"https:\/\/i0.wp.com\/ismaelcolosi.com.br\/wp-content\/uploads\/2024\/04\/MHC03805.jpg?fit=1200%2C675&ssl=1&resize=350%2C200","width":350,"height":200,"srcset":"https:\/\/i0.wp.com\/ismaelcolosi.com.br\/wp-content\/uploads\/2024\/04\/MHC03805.jpg?fit=1200%2C675&ssl=1&resize=350%2C200 1x, https:\/\/i0.wp.com\/ismaelcolosi.com.br\/wp-content\/uploads\/2024\/04\/MHC03805.jpg?fit=1200%2C675&ssl=1&resize=525%2C300 1.5x, https:\/\/i0.wp.com\/ismaelcolosi.com.br\/wp-content\/uploads\/2024\/04\/MHC03805.jpg?fit=1200%2C675&ssl=1&resize=700%2C400 2x, https:\/\/i0.wp.com\/ismaelcolosi.com.br\/wp-content\/uploads\/2024\/04\/MHC03805.jpg?fit=1200%2C675&ssl=1&resize=1050%2C600 3x"},"classes":[]},{"id":48686,"url":"https:\/\/ismaelcolosi.com.br\/index.php\/2024\/05\/05\/harry-potter-e-o-prisioneiro-de-azkaban-retorna-as-telonas-com-exibicoes-exclusivas-no-dia-4-de-junho\/","url_meta":{"origin":45009,"position":1},"title":"Harry Potter e o Prisioneiro de Azkaban retorna \u00e0s telonas com exibi\u00e7\u00f5es exclusivas no dia 4 de junho","author":"ismaelcolosi.com.br","date":"5 de May de 2024","format":false,"excerpt":"Harry Potter e o Prisioneiro de Azkaban retorna \u00e0s telonas com exibi\u00e7\u00f5es exclusivas no dia 4 de junhoAl\u00e9m de assistir ao filme, que este ano completa 20 anos desde sua estreia nas telonas, os Potterheads poder\u00e3o conferir a nova exposi\u00e7\u00e3o tem\u00e1tica que celebra a saga e chega ao Brasil em\u2026","rel":"","context":"In &quot;Not\u00edcias de Ribeir\u00e3o Preto-SP e Regi\u00e3o&quot;","block_context":{"text":"Not\u00edcias de Ribeir\u00e3o Preto-SP e Regi\u00e3o","link":"https:\/\/ismaelcolosi.com.br\/index.php\/category\/noticias-de-ribeirao-preto-sp-e-regiao-ismael-colosi\/"},"img":{"alt_text":"","src":"https:\/\/i0.wp.com\/ismaelcolosi.com.br\/wp-content\/uploads\/2024\/05\/39388397_605.jpg?fit=1199%2C674&ssl=1&resize=350%2C200","width":350,"height":200,"srcset":"https:\/\/i0.wp.com\/ismaelcolosi.com.br\/wp-content\/uploads\/2024\/05\/39388397_605.jpg?fit=1199%2C674&ssl=1&resize=350%2C200 1x, https:\/\/i0.wp.com\/ismaelcolosi.com.br\/wp-content\/uploads\/2024\/05\/39388397_605.jpg?fit=1199%2C674&ssl=1&resize=525%2C300 1.5x, https:\/\/i0.wp.com\/ismaelcolosi.com.br\/wp-content\/uploads\/2024\/05\/39388397_605.jpg?fit=1199%2C674&ssl=1&resize=700%2C400 2x, https:\/\/i0.wp.com\/ismaelcolosi.com.br\/wp-content\/uploads\/2024\/05\/39388397_605.jpg?fit=1199%2C674&ssl=1&resize=1050%2C600 3x"},"classes":[]},{"id":51294,"url":"https:\/\/ismaelcolosi.com.br\/index.php\/2024\/05\/26\/diretor-de-furiosa-uma-saga-mad-max-george-miller-uma-extensao-dos-personagens\/","url_meta":{"origin":45009,"position":2},"title":"Diretor de Furiosa: Uma Saga Mad Max, George Miller, uma extens\u00e3o dos personagens","author":"ismaelcolosi.com.br","date":"26 de May de 2024","format":false,"excerpt":"Casa \/ Cinema \/ Diretor de Furiosa: Uma Saga Mad Max, George Miller, uma extens\u00e3o dos personagensDiretor de Furiosa: Uma Saga Mad Max, George Miller, uma extens\u00e3o dos personagensEstrelado por Anya Taylor-Joy e Chris Hemsworth, o novo longa da saga acaba de estrear nos cinemas de todo o pa\u00eds Furiosa:\u2026","rel":"","context":"In &quot;Not\u00edcias de Ribeir\u00e3o Preto-SP e Regi\u00e3o&quot;","block_context":{"text":"Not\u00edcias de Ribeir\u00e3o Preto-SP e Regi\u00e3o","link":"https:\/\/ismaelcolosi.com.br\/index.php\/category\/noticias-de-ribeirao-preto-sp-e-regiao-ismael-colosi\/"},"img":{"alt_text":"","src":"https:\/\/i0.wp.com\/ismaelcolosi.com.br\/wp-content\/uploads\/2024\/05\/Furiosa-Uma-Saga-Mad-Max.png?fit=1200%2C675&ssl=1&resize=350%2C200","width":350,"height":200,"srcset":"https:\/\/i0.wp.com\/ismaelcolosi.com.br\/wp-content\/uploads\/2024\/05\/Furiosa-Uma-Saga-Mad-Max.png?fit=1200%2C675&ssl=1&resize=350%2C200 1x, https:\/\/i0.wp.com\/ismaelcolosi.com.br\/wp-content\/uploads\/2024\/05\/Furiosa-Uma-Saga-Mad-Max.png?fit=1200%2C675&ssl=1&resize=525%2C300 1.5x, https:\/\/i0.wp.com\/ismaelcolosi.com.br\/wp-content\/uploads\/2024\/05\/Furiosa-Uma-Saga-Mad-Max.png?fit=1200%2C675&ssl=1&resize=700%2C400 2x, https:\/\/i0.wp.com\/ismaelcolosi.com.br\/wp-content\/uploads\/2024\/05\/Furiosa-Uma-Saga-Mad-Max.png?fit=1200%2C675&ssl=1&resize=1050%2C600 3x"},"classes":[]},{"id":4402,"url":"https:\/\/ismaelcolosi.com.br\/index.php\/2023\/11\/21\/sequencia-de-aquaman-ganha-novo-trailer-eletrizante-assista\/","url_meta":{"origin":45009,"position":3},"title":"Sequ\u00eancia de &#8216;Aquaman&#8217; ganha novo trailer eletrizante; assista","author":"ismaelcolosi.com.br","date":"21 de November de 2023","format":false,"excerpt":"Cr\u00e9ditos: Divulga\u00e7\u00e3o\/Warner BrosAssista ao novo trailer de \u201cAquaman 2\u201d Vem a\u00ed! Um m\u00eas antes do lan\u00e7amento, a Warner Bros. liberou um novo trailer do filme \u201cAquaman 2: O Reino Perdido\u201c. A sequ\u00eancia do longa de 2018 est\u00e1 marcada para estrear ainda neste ano nos cinemas brasileiros. Na pr\u00e9via, o Rei\u2026","rel":"","context":"In &quot;Variedades&quot;","block_context":{"text":"Variedades","link":"https:\/\/ismaelcolosi.com.br\/index.php\/category\/variedades\/"},"img":{"alt_text":"","src":"https:\/\/i0.wp.com\/ismaelcolosi.com.br\/wp-content\/uploads\/2023\/11\/fotos-catraca-2023-11-21t095229450.png?fit=1200%2C638&ssl=1&resize=350%2C200","width":350,"height":200,"srcset":"https:\/\/i0.wp.com\/ismaelcolosi.com.br\/wp-content\/uploads\/2023\/11\/fotos-catraca-2023-11-21t095229450.png?fit=1200%2C638&ssl=1&resize=350%2C200 1x, https:\/\/i0.wp.com\/ismaelcolosi.com.br\/wp-content\/uploads\/2023\/11\/fotos-catraca-2023-11-21t095229450.png?fit=1200%2C638&ssl=1&resize=525%2C300 1.5x, https:\/\/i0.wp.com\/ismaelcolosi.com.br\/wp-content\/uploads\/2023\/11\/fotos-catraca-2023-11-21t095229450.png?fit=1200%2C638&ssl=1&resize=700%2C400 2x, https:\/\/i0.wp.com\/ismaelcolosi.com.br\/wp-content\/uploads\/2023\/11\/fotos-catraca-2023-11-21t095229450.png?fit=1200%2C638&ssl=1&resize=1050%2C600 3x"},"classes":[]},{"id":52964,"url":"https:\/\/ismaelcolosi.com.br\/index.php\/2024\/06\/12\/harry-potter-e-o-prisioneiro-de-azkaban-tem-novas-sessoes-veja-como-comprar-ingressos\/","url_meta":{"origin":45009,"position":4},"title":"\u2018Harry Potter e o Prisioneiro de Azkaban\u2019 tem novas sess\u00f5es; Veja como comprar ingressos","author":"ismaelcolosi.com.br","date":"12 de June de 2024","format":false,"excerpt":"Terceiro filme da franquia, \u201cHarry Potter e o Prisioneiro de Azkaban\u201d t\u00eam novas sess\u00f5es nos cinemas brasileiros. A reexibi\u00e7\u00e3o do filme acontece no dia 29 de junho, \u00faltimo s\u00e1bado do m\u00eas, e a pr\u00e9-venda ser\u00e1 iniciada no pr\u00f3ximo dia 21 de junho. O anuncio das novas sess\u00f5es foi feito nesta\u2026","rel":"","context":"In &quot;Not\u00edcias de Ribeir\u00e3o Preto-SP e Regi\u00e3o&quot;","block_context":{"text":"Not\u00edcias de Ribeir\u00e3o Preto-SP e Regi\u00e3o","link":"https:\/\/ismaelcolosi.com.br\/index.php\/category\/noticias-de-ribeirao-preto-sp-e-regiao-ismael-colosi\/"},"img":{"alt_text":"","src":"https:\/\/i0.wp.com\/ismaelcolosi.com.br\/wp-content\/uploads\/2024\/06\/Copia-de-Copia-de-TAMANHO-EXATO-PARA-FOTOS-NO-SISTEMA-NOVO-10_2024-06-12_15-21-26_jpg_2024-06-12_15-21-26.webp.webp?fit=1200%2C675&ssl=1&resize=350%2C200","width":350,"height":200,"srcset":"https:\/\/i0.wp.com\/ismaelcolosi.com.br\/wp-content\/uploads\/2024\/06\/Copia-de-Copia-de-TAMANHO-EXATO-PARA-FOTOS-NO-SISTEMA-NOVO-10_2024-06-12_15-21-26_jpg_2024-06-12_15-21-26.webp.webp?fit=1200%2C675&ssl=1&resize=350%2C200 1x, https:\/\/i0.wp.com\/ismaelcolosi.com.br\/wp-content\/uploads\/2024\/06\/Copia-de-Copia-de-TAMANHO-EXATO-PARA-FOTOS-NO-SISTEMA-NOVO-10_2024-06-12_15-21-26_jpg_2024-06-12_15-21-26.webp.webp?fit=1200%2C675&ssl=1&resize=525%2C300 1.5x, https:\/\/i0.wp.com\/ismaelcolosi.com.br\/wp-content\/uploads\/2024\/06\/Copia-de-Copia-de-TAMANHO-EXATO-PARA-FOTOS-NO-SISTEMA-NOVO-10_2024-06-12_15-21-26_jpg_2024-06-12_15-21-26.webp.webp?fit=1200%2C675&ssl=1&resize=700%2C400 2x, https:\/\/i0.wp.com\/ismaelcolosi.com.br\/wp-content\/uploads\/2024\/06\/Copia-de-Copia-de-TAMANHO-EXATO-PARA-FOTOS-NO-SISTEMA-NOVO-10_2024-06-12_15-21-26_jpg_2024-06-12_15-21-26.webp.webp?fit=1200%2C675&ssl=1&resize=1050%2C600 3x"},"classes":[]},{"id":45960,"url":"https:\/\/ismaelcolosi.com.br\/index.php\/2024\/04\/08\/zendaya-e-uma-atriz-vibrante-afirma-luca-guadagnino-sobre-protagonismo-da-artista-em-rivais\/","url_meta":{"origin":45009,"position":5},"title":"&#8220;Zendaya \u00e9 uma atriz vibrante&#8221;, afirma Luca Guadagnino sobre protagonismo da artista em Rivais","author":"ismaelcolosi.com.br","date":"8 de April de 2024","format":false,"excerpt":"\u201cZendaya \u00e9 uma atriz vibrante\u201d, afirma Luca Guadagnino sobre protagonismo da artista em RivaisFilme que estreia em 25 de abril nos cinemas brasileiros marca o primeiro trabalho do diretor italiano com a vencedora do Emmy de Melhor Atriz Em reta final para a estreia de\u00a0Rivais, que chega aos cinemas no\u2026","rel":"","context":"In &quot;Not\u00edcias de Ribeir\u00e3o Preto-SP e Regi\u00e3o&quot;","block_context":{"text":"Not\u00edcias de Ribeir\u00e3o Preto-SP e Regi\u00e3o","link":"https:\/\/ismaelcolosi.com.br\/index.php\/category\/noticias-de-ribeirao-preto-sp-e-regiao-ismael-colosi\/"},"img":{"alt_text":"","src":"https:\/\/i0.wp.com\/ismaelcolosi.com.br\/wp-content\/uploads\/2024\/04\/Zendaya.webp.webp?fit=1200%2C676&ssl=1&resize=350%2C200","width":350,"height":200,"srcset":"https:\/\/i0.wp.com\/ismaelcolosi.com.br\/wp-content\/uploads\/2024\/04\/Zendaya.webp.webp?fit=1200%2C676&ssl=1&resize=350%2C200 1x, https:\/\/i0.wp.com\/ismaelcolosi.com.br\/wp-content\/uploads\/2024\/04\/Zendaya.webp.webp?fit=1200%2C676&ssl=1&resize=525%2C300 1.5x, https:\/\/i0.wp.com\/ismaelcolosi.com.br\/wp-content\/uploads\/2024\/04\/Zendaya.webp.webp?fit=1200%2C676&ssl=1&resize=700%2C400 2x, https:\/\/i0.wp.com\/ismaelcolosi.com.br\/wp-content\/uploads\/2024\/04\/Zendaya.webp.webp?fit=1200%2C676&ssl=1&resize=1050%2C600 3x"},"classes":[]}],"jetpack_sharing_enabled":true,"jetpack_shortlink":"https:\/\/wp.me\/pfMlyK-bHX","_links":{"self":[{"href":"https:\/\/ismaelcolosi.com.br\/index.php\/wp-json\/wp\/v2\/posts\/45009","targetHints":{"allow":["GET"]}}],"collection":[{"href":"https:\/\/ismaelcolosi.com.br\/index.php\/wp-json\/wp\/v2\/posts"}],"about":[{"href":"https:\/\/ismaelcolosi.com.br\/index.php\/wp-json\/wp\/v2\/types\/post"}],"author":[{"embeddable":true,"href":"https:\/\/ismaelcolosi.com.br\/index.php\/wp-json\/wp\/v2\/users\/1"}],"replies":[{"embeddable":true,"href":"https:\/\/ismaelcolosi.com.br\/index.php\/wp-json\/wp\/v2\/comments?post=45009"}],"version-history":[{"count":0,"href":"https:\/\/ismaelcolosi.com.br\/index.php\/wp-json\/wp\/v2\/posts\/45009\/revisions"}],"wp:featuredmedia":[{"embeddable":true,"href":"https:\/\/ismaelcolosi.com.br\/index.php\/wp-json\/wp\/v2\/media\/45010"}],"wp:attachment":[{"href":"https:\/\/ismaelcolosi.com.br\/index.php\/wp-json\/wp\/v2\/media?parent=45009"}],"wp:term":[{"taxonomy":"category","embeddable":true,"href":"https:\/\/ismaelcolosi.com.br\/index.php\/wp-json\/wp\/v2\/categories?post=45009"},{"taxonomy":"post_tag","embeddable":true,"href":"https:\/\/ismaelcolosi.com.br\/index.php\/wp-json\/wp\/v2\/tags?post=45009"}],"curies":[{"name":"wp","href":"https:\/\/api.w.org\/{rel}","templated":true}]}}