{"id":45007,"date":"2024-04-01T18:35:36","date_gmt":"2024-04-01T21:35:36","guid":{"rendered":"https:\/\/ismaelcolosi.com.br\/index.php\/2024\/04\/01\/eventos-em-abril-geram-10-mil-empregos-diretos-e-indiretos-em-ribeirao-preto\/"},"modified":"2024-04-01T18:35:36","modified_gmt":"2024-04-01T21:35:36","slug":"eventos-em-abril-geram-10-mil-empregos-diretos-e-indiretos-em-ribeirao-preto","status":"publish","type":"post","link":"https:\/\/ismaelcolosi.com.br\/index.php\/2024\/04\/01\/eventos-em-abril-geram-10-mil-empregos-diretos-e-indiretos-em-ribeirao-preto\/","title":{"rendered":"Eventos em abril geram 10 mil empregos diretos e indiretos em Ribeir\u00e3o Preto"},"content":{"rendered":"<p> <br \/>\n<\/p>\n<div>\n<p>O <strong>m\u00eas de abril<\/strong> em <strong>Ribeir\u00e3o Preto<\/strong> \u00e9 lembrado por realizar <strong>dois grandes eventos<\/strong> na cidade: a<strong> Agrishow<\/strong> e o <strong>Ribeir\u00e3o Rodeo Music<\/strong>. <strong>Ambos geram em torno de 10 mil vagas de empregos diretos e indiretos na cidade<\/strong>, o que consequentemente, <strong>aquece<\/strong> a <strong>economia local <\/strong>durante as datas (<strong>veja abaixo<\/strong>).<\/p>\n<p>Al\u00e9m da maior <strong>feira agropecu\u00e1ria<\/strong> e do <strong>evento com grandes atra\u00e7\u00f5es da m\u00fasica sertaneja<\/strong>, outro evento que j\u00e1 <strong>faz parte do calend\u00e1rio<\/strong> do m\u00eas e movimenta a cidade \u00e9 o <strong>concurso \u201cComida di Buteco\u201d<\/strong>.<\/p>\n<p>Segundo a <strong>Agrishow<\/strong>, <strong>cerca de 7 mil pessoas se cadastraram para trabalhar na feira<\/strong>, que acontece de 29 de abril a 3 de maio. Os <strong>postos de trabalho<\/strong> come\u00e7aram a ser ofertados antes da feira, principalmente, por expositores e prestadores de servi\u00e7os.<\/p>\n<p>J\u00e1 o<strong> Ribeir\u00e3o Rodeo Music<\/strong>, que ser\u00e1 de 20 a 30 de abril, a <strong>estimativa <\/strong>\u00e9 de que sejam <strong>gerados aproximadamente 2,4 mil empregos diretos e indiretos<\/strong>.<\/p>\n<p>Apesar de n\u00e3o haver contrata\u00e7\u00f5es para o setor, o <strong>concurso \u201cComida di Buteco\u201d<\/strong>, que tem a primeira etapa de 5 a 28 de abril, tamb\u00e9m <strong>movimenta a economia local<\/strong> com o <strong>aumento de clientes<\/strong> nos bares participantes.<\/p>\n<h4 class=\"wp-block-heading\"><strong>Saiba mais sobre os eventos:<\/strong><\/h4>\n<p><strong>Agrishow<\/strong> \u2013 A <strong>29\u00aa edi\u00e7\u00e3o da Agrishow<\/strong> \u2013 Feira Internacional de Tecnologia Agr\u00edcola em A\u00e7\u00e3o acontece de 29 de abril a 3 de maio, na rodovia Ant\u00f4nio Duarte Nogueira, km 321.<\/p>\n<p>A expectativa \u00e9 de mais de <strong>195 mil pessoas visitem o local<\/strong>, entre pequenos, m\u00e9dios e grandes produtores rurais, al\u00e9m de profissionais e t\u00e9cnicos do agroneg\u00f3cio de todo Brasil e do mundo.\u00a0<\/p>\n<p>S\u00e3o mais de 800 marcas expositoras nacionais e internacionais.<\/p>\n<p>Em <strong>2023<\/strong>, a feira movimentou <strong>R$ 13,290 bilh\u00f5es<\/strong> em neg\u00f3cios gerados. Na economia local, a<strong> expectativa<\/strong> \u00e9 incentivar a movimenta\u00e7\u00e3o de <strong>cerca de R$ 500 milh\u00f5es<\/strong>.<\/p>\n<figure class=\"wp-block-image size-large is-resized\"><img data-recalc-dims=\"1\" loading=\"lazy\" decoding=\"async\" src=\"https:\/\/i0.wp.com\/www.acidadeon.com\/ribeiraopreto\/wp-content\/uploads\/sites\/3\/2024\/01\/agrishow-1024x576.jpeg?resize=840%2C472&#038;ssl=1\" alt=\"agrishow acontece entre abril e maio\" class=\"wp-image-66178\" width=\"840\" height=\"472\" srcset=\"https:\/\/www.acidadeon.com\/ribeiraopreto\/wp-content\/uploads\/sites\/3\/2024\/01\/agrishow-1024x576.jpeg 1024w, https:\/\/www.acidadeon.com\/ribeiraopreto\/wp-content\/uploads\/sites\/3\/2024\/01\/agrishow-300x169.jpeg 300w, https:\/\/www.acidadeon.com\/ribeiraopreto\/wp-content\/uploads\/sites\/3\/2024\/01\/agrishow-768x432.jpeg 768w, https:\/\/www.acidadeon.com\/ribeiraopreto\/wp-content\/uploads\/sites\/3\/2024\/01\/agrishow-1536x864.jpeg 1536w, https:\/\/www.acidadeon.com\/ribeiraopreto\/wp-content\/uploads\/sites\/3\/2024\/01\/agrishow-696x392.jpeg 696w, https:\/\/www.acidadeon.com\/ribeiraopreto\/wp-content\/uploads\/sites\/3\/2024\/01\/agrishow-1068x601.jpeg 1068w, https:\/\/www.acidadeon.com\/ribeiraopreto\/wp-content\/uploads\/sites\/3\/2024\/01\/agrishow.jpeg 1600w\" sizes=\"auto, (max-width: 840px) 100vw, 840px\"\/><figcaption class=\"wp-element-caption\">Foto: ALBU\/Divulga\u00e7\u00e3o Agrishow<\/figcaption><\/figure>\n<p><strong>Ribeir\u00e3o Rodeo Music<\/strong> \u2013 A <strong>18\u00aa edi\u00e7\u00e3o<\/strong> do RRM ser\u00e1 de 20 a 30 de abril, no Parque Permanente de Exposi\u00e7\u00f5es.<\/p>\n<p>Grandes <strong>nomes da m\u00fasica sertaneja<\/strong> como Ana Castela,\u00a0Z\u00e9 Neto &amp; Cristiano,\u00a0C\u00e9sar Menotti &amp; Fabiano,\u00a0Lauana Prado, Gusttavo Lima,\u00a0Matheus &amp; Kauan, Jorge &amp; Mateus,\u00a0Zez\u00e9 di Camargo &amp; Luciano, entre outros participam do evento que recebe tamb\u00e9m visitantes de todo o interior de S\u00e3o Paulo.<\/p>\n<figure class=\"wp-block-image size-large\"><img data-recalc-dims=\"1\" decoding=\"async\" loading=\"lazy\" width=\"1024\" height=\"576\" src=\"https:\/\/i0.wp.com\/www.acidadeon.com\/ribeiraopreto\/wp-content\/uploads\/sites\/3\/2024\/02\/3-10-1024x576.jpg?resize=1024%2C576&#038;ssl=1\" alt=\"\" class=\"wp-image-70917\" srcset=\"https:\/\/www.acidadeon.com\/ribeiraopreto\/wp-content\/uploads\/sites\/3\/2024\/02\/3-10-1024x576.jpg 1024w, https:\/\/www.acidadeon.com\/ribeiraopreto\/wp-content\/uploads\/sites\/3\/2024\/02\/3-10-300x169.jpg 300w, https:\/\/www.acidadeon.com\/ribeiraopreto\/wp-content\/uploads\/sites\/3\/2024\/02\/3-10-768x432.jpg 768w, https:\/\/www.acidadeon.com\/ribeiraopreto\/wp-content\/uploads\/sites\/3\/2024\/02\/3-10-696x392.jpg 696w, https:\/\/www.acidadeon.com\/ribeiraopreto\/wp-content\/uploads\/sites\/3\/2024\/02\/3-10-1068x601.jpg 1068w, https:\/\/www.acidadeon.com\/ribeiraopreto\/wp-content\/uploads\/sites\/3\/2024\/02\/3-10.jpg 1200w\" sizes=\"auto, (max-width: 1024px) 100vw, 1024px\"\/><figcaption class=\"wp-element-caption\">Foto: Divulga\u00e7\u00e3o <\/figcaption><\/figure>\n<p><strong>Comida di Buteco<\/strong> \u2013 A <strong>24\u00aa edi\u00e7\u00e3o do Comida di Buteco<\/strong>\u00a0em\u00a0<strong>Ribeir\u00e3o Preto<\/strong>\u00a0acontece de\u00a0<strong>5 a 28 de abril<\/strong>. Ao todo, 28 estabelecimentos participam do concurso que elege o melhor bar da cidade.<\/p>\n<p>Os\u00a0participantes criaram\u00a0<strong>receitas autorais<\/strong>, que ter\u00e3o\u00a0<strong>pre\u00e7o fixo de R$ 35<\/strong>.<\/p>\n<figure class=\"wp-block-image size-large\"><img data-recalc-dims=\"1\" decoding=\"async\" loading=\"lazy\" width=\"1024\" height=\"576\" src=\"https:\/\/i0.wp.com\/www.acidadeon.com\/ribeiraopreto\/wp-content\/uploads\/sites\/3\/2024\/03\/Copia-de-Copia-de-TAMANHO-EXATO-PARA-FOTOS-NO-SISTEMA-NOVO-6-2-1024x576.jpg?resize=1024%2C576&#038;ssl=1\" alt=\"comida di buteco 2024 pratos\" class=\"wp-image-75284\" srcset=\"https:\/\/www.acidadeon.com\/ribeiraopreto\/wp-content\/uploads\/sites\/3\/2024\/03\/Copia-de-Copia-de-TAMANHO-EXATO-PARA-FOTOS-NO-SISTEMA-NOVO-6-2-1024x576.jpg 1024w, https:\/\/www.acidadeon.com\/ribeiraopreto\/wp-content\/uploads\/sites\/3\/2024\/03\/Copia-de-Copia-de-TAMANHO-EXATO-PARA-FOTOS-NO-SISTEMA-NOVO-6-2-300x169.jpg 300w, https:\/\/www.acidadeon.com\/ribeiraopreto\/wp-content\/uploads\/sites\/3\/2024\/03\/Copia-de-Copia-de-TAMANHO-EXATO-PARA-FOTOS-NO-SISTEMA-NOVO-6-2-768x432.jpg 768w, https:\/\/www.acidadeon.com\/ribeiraopreto\/wp-content\/uploads\/sites\/3\/2024\/03\/Copia-de-Copia-de-TAMANHO-EXATO-PARA-FOTOS-NO-SISTEMA-NOVO-6-2-696x392.jpg 696w, https:\/\/www.acidadeon.com\/ribeiraopreto\/wp-content\/uploads\/sites\/3\/2024\/03\/Copia-de-Copia-de-TAMANHO-EXATO-PARA-FOTOS-NO-SISTEMA-NOVO-6-2-1068x601.jpg 1068w, https:\/\/www.acidadeon.com\/ribeiraopreto\/wp-content\/uploads\/sites\/3\/2024\/03\/Copia-de-Copia-de-TAMANHO-EXATO-PARA-FOTOS-NO-SISTEMA-NOVO-6-2.jpg 1200w\" sizes=\"auto, (max-width: 1024px) 100vw, 1024px\"\/><figcaption class=\"wp-element-caption\">Foto: Sabryna Murali<\/figcaption><\/figure>\n<p>SAIBA MAIS <\/p>\n<p>Ribeir\u00e3o Preto tem 47 vagas de emprego dispon\u00edveis no in\u00edcio de abril<\/p>\n<p>FIQUE ON<\/p>\n<p>Fique ligado em tudo que acontece em Ribeir\u00e3o Preto e regi\u00e3o. Siga os perfis do\u00a0<strong>acidade on\u00a0<\/strong>no<a href=\"https:\/\/www.instagram.com\/acidadeonribeirao\" target=\"_blank\" rel=\"noreferrer noopener\">\u00a0Instagram\u00a0<\/a>e no\u00a0<a href=\"https:\/\/www.facebook.com\/acidadeonribeirao\" target=\"_blank\" rel=\"noreferrer noopener\">Facebook<\/a>.<\/p>\n<p>Receba not\u00edcias do\u00a0<strong>acidade on\u00a0<\/strong>no WhatsApp.\u00a0<a href=\"https:\/\/chat.whatsapp.com\/GFH9HUMUTHNFJdnyEd0xxq\" target=\"_blank\" rel=\"noreferrer noopener\">Para entrar no grupo, basta clicar aqui.<\/a><\/p>\n<p>Fa\u00e7a uma den\u00fancia ou sugira uma reportagem sobre Ribeir\u00e3o Preto e regi\u00e3o pelo WhatsApp: 16 99117 7802.<\/p>\n<p>VEJA TAMB\u00c9M<\/p>\n<p>V\u00eddeo Show vai voltar?<\/p>\n<p><!-- AI CONTENT END 1 -->\n<\/div>\n<p><script async src=\"\/\/www.instagram.com\/embed.js\"><\/script><br \/>\n<br \/><br \/>\n<br \/><a href=\"https:\/\/www.acidadeon.com\/ribeiraopreto\/economia\/eventos-em-abril-geram-10-mil-empregos-diretos-e-indiretos-em-ribeirao-preto\/\">Source link <\/a><\/p>\n<div class='code-block code-block-4' style='margin: 8px auto 8px 0; text-align: left; display: block; clear: both;'>\n\ud83d\udce2 Aviso Legal\n\nO site ismaelcolosi.com.br atua apenas como um canal de divulga\u00e7\u00e3o de oportunidades de emprego e n\u00e3o se responsabiliza pelo processo seletivo, contrata\u00e7\u00e3o ou qualquer outra etapa relacionada \u00e0s vagas publicadas. Todas as informa\u00e7\u00f5es s\u00e3o de responsabilidade dos anunciantes.\n\n\u26a0\ufe0f Aten\u00e7\u00e3o! Nunca pague por promessas de emprego nem compre cursos que garantam contrata\u00e7\u00e3o. Desconfie de qualquer cobran\u00e7a para participar de sele\u00e7\u00f5es.\n\n\n\n<\/div>\n<!-- CONTENT END 1 -->\n","protected":false},"excerpt":{"rendered":"<p>O m\u00eas de abril em Ribeir\u00e3o Preto \u00e9 lembrado por realizar dois grandes eventos na cidade: a Agrishow e o Ribeir\u00e3o Rodeo Music. Ambos geram&#8230;<\/p>\n","protected":false},"author":1,"featured_media":45008,"comment_status":"open","ping_status":"open","sticky":false,"template":"","format":"standard","meta":{"_uag_custom_page_level_css":"","advanced_seo_description":"","jetpack_seo_html_title":"","jetpack_seo_noindex":false,"jetpack_post_was_ever_published":false,"_jetpack_newsletter_access":"","_jetpack_dont_email_post_to_subs":false,"_jetpack_newsletter_tier_id":0,"_jetpack_memberships_contains_paywalled_content":false,"_jetpack_memberships_contains_paid_content":false,"footnotes":"","jetpack_publicize_message":"","jetpack_publicize_feature_enabled":true,"jetpack_social_post_already_shared":true,"jetpack_social_options":{"image_generator_settings":{"template":"highway","default_image_id":0,"font":"","enabled":false},"version":2}},"categories":[11],"tags":[],"class_list":["post-45007","post","type-post","status-publish","format-standard","has-post-thumbnail","hentry","category-noticias-de-ribeirao-preto-sp-e-regiao-ismael-colosi"],"jetpack_publicize_connections":[],"jetpack_featured_media_url":"https:\/\/i0.wp.com\/ismaelcolosi.com.br\/wp-content\/uploads\/2024\/04\/Copia-de-Copia-de-TAMANHO-EXATO-PARA-FOTOS-NO-SISTEMA-NOVO-13.jpg?fit=1200%2C675&ssl=1","uagb_featured_image_src":{"full":["https:\/\/i0.wp.com\/ismaelcolosi.com.br\/wp-content\/uploads\/2024\/04\/Copia-de-Copia-de-TAMANHO-EXATO-PARA-FOTOS-NO-SISTEMA-NOVO-13.jpg?fit=1200%2C675&ssl=1",1200,675,false],"thumbnail":["https:\/\/i0.wp.com\/ismaelcolosi.com.br\/wp-content\/uploads\/2024\/04\/Copia-de-Copia-de-TAMANHO-EXATO-PARA-FOTOS-NO-SISTEMA-NOVO-13.jpg?resize=150%2C150&ssl=1",150,150,true],"medium":["https:\/\/i0.wp.com\/ismaelcolosi.com.br\/wp-content\/uploads\/2024\/04\/Copia-de-Copia-de-TAMANHO-EXATO-PARA-FOTOS-NO-SISTEMA-NOVO-13.jpg?fit=300%2C169&ssl=1",300,169,true],"medium_large":["https:\/\/i0.wp.com\/ismaelcolosi.com.br\/wp-content\/uploads\/2024\/04\/Copia-de-Copia-de-TAMANHO-EXATO-PARA-FOTOS-NO-SISTEMA-NOVO-13.jpg?fit=768%2C432&ssl=1",768,432,true],"large":["https:\/\/i0.wp.com\/ismaelcolosi.com.br\/wp-content\/uploads\/2024\/04\/Copia-de-Copia-de-TAMANHO-EXATO-PARA-FOTOS-NO-SISTEMA-NOVO-13.jpg?fit=1024%2C576&ssl=1",1024,576,true],"1536x1536":["https:\/\/i0.wp.com\/ismaelcolosi.com.br\/wp-content\/uploads\/2024\/04\/Copia-de-Copia-de-TAMANHO-EXATO-PARA-FOTOS-NO-SISTEMA-NOVO-13.jpg?fit=1200%2C675&ssl=1",1200,675,true],"2048x2048":["https:\/\/i0.wp.com\/ismaelcolosi.com.br\/wp-content\/uploads\/2024\/04\/Copia-de-Copia-de-TAMANHO-EXATO-PARA-FOTOS-NO-SISTEMA-NOVO-13.jpg?fit=1200%2C675&ssl=1",1200,675,true],"really-simple-thumb":["https:\/\/i0.wp.com\/ismaelcolosi.com.br\/wp-content\/uploads\/2024\/04\/Copia-de-Copia-de-TAMANHO-EXATO-PARA-FOTOS-NO-SISTEMA-NOVO-13.jpg?resize=370%2C247&ssl=1",370,247,true]},"uagb_author_info":{"display_name":"ismaelcolosi.com.br","author_link":"https:\/\/ismaelcolosi.com.br\/index.php\/author\/vidareal-online\/"},"uagb_comment_info":0,"uagb_excerpt":"O m\u00eas de abril em Ribeir\u00e3o Preto \u00e9 lembrado por realizar dois grandes eventos na cidade: a Agrishow e o Ribeir\u00e3o Rodeo Music. Ambos geram...","jetpack-related-posts":[{"id":53719,"url":"https:\/\/ismaelcolosi.com.br\/index.php\/2024\/06\/19\/aniversario-de-ribeirao-preto-entenda-a-importancia-do-agronegocio-para-a-cidade\/","url_meta":{"origin":45007,"position":0},"title":"Anivers\u00e1rio de Ribeir\u00e3o Preto: Entenda a import\u00e2ncia do agroneg\u00f3cio para a cidade","author":"ismaelcolosi.com.br","date":"19 de June de 2024","format":false,"excerpt":"Reconhecida como a \u201cCapital Brasileira do Agroneg\u00f3cio\u201d h\u00e1 20 anos, Ribeir\u00e3o Preto tem papel fundamental para o setor no \u00e2mbito nacional, tornando-se um dos polos mais importantes de agroind\u00fastria do Pa\u00eds devido a produtividade e inova\u00e7\u00e3o. Com a popula\u00e7\u00e3o de 698.642 habitantes e uma \u00e1rea territorial de 650.916 km\u00b2, de\u2026","rel":"","context":"In &quot;Not\u00edcias de Ribeir\u00e3o Preto-SP e Regi\u00e3o&quot;","block_context":{"text":"Not\u00edcias de Ribeir\u00e3o Preto-SP e Regi\u00e3o","link":"https:\/\/ismaelcolosi.com.br\/index.php\/category\/noticias-de-ribeirao-preto-sp-e-regiao-ismael-colosi\/"},"img":{"alt_text":"","src":"https:\/\/i0.wp.com\/ismaelcolosi.com.br\/wp-content\/uploads\/2024\/06\/12_2024-06-14_19-51-16_jpg_2024-06-14_19-51-16.webp.webp?fit=1200%2C675&ssl=1&resize=350%2C200","width":350,"height":200,"srcset":"https:\/\/i0.wp.com\/ismaelcolosi.com.br\/wp-content\/uploads\/2024\/06\/12_2024-06-14_19-51-16_jpg_2024-06-14_19-51-16.webp.webp?fit=1200%2C675&ssl=1&resize=350%2C200 1x, https:\/\/i0.wp.com\/ismaelcolosi.com.br\/wp-content\/uploads\/2024\/06\/12_2024-06-14_19-51-16_jpg_2024-06-14_19-51-16.webp.webp?fit=1200%2C675&ssl=1&resize=525%2C300 1.5x, https:\/\/i0.wp.com\/ismaelcolosi.com.br\/wp-content\/uploads\/2024\/06\/12_2024-06-14_19-51-16_jpg_2024-06-14_19-51-16.webp.webp?fit=1200%2C675&ssl=1&resize=700%2C400 2x, https:\/\/i0.wp.com\/ismaelcolosi.com.br\/wp-content\/uploads\/2024\/06\/12_2024-06-14_19-51-16_jpg_2024-06-14_19-51-16.webp.webp?fit=1200%2C675&ssl=1&resize=1050%2C600 3x"},"classes":[]},{"id":48242,"url":"https:\/\/ismaelcolosi.com.br\/index.php\/2024\/05\/01\/queijo-mel-e-cachaca-produtos-artesanais-ganham-mais-espaco-na-agrishow\/","url_meta":{"origin":45007,"position":1},"title":"Queijo, mel e cacha\u00e7a: Produtos artesanais ganham mais espa\u00e7o na Agrishow","author":"ismaelcolosi.com.br","date":"1 de May de 2024","format":false,"excerpt":"O Pavilh\u00e3o de Produtos Artesanais da Agrishow, que acontece em Ribeir\u00e3o Preto at\u00e9 sexta-feira (3), foi ampliado para a edi\u00e7\u00e3o de 2024. O espa\u00e7o faz parte da feira h\u00e1 tr\u00eas anos e recebe expositores de alimentos e bebidas produzidos por pequenos agricultores de S\u00e3o Paulo. Localizado no complexo da Secretaria\u2026","rel":"","context":"In &quot;Not\u00edcias de Ribeir\u00e3o Preto-SP e Regi\u00e3o&quot;","block_context":{"text":"Not\u00edcias de Ribeir\u00e3o Preto-SP e Regi\u00e3o","link":"https:\/\/ismaelcolosi.com.br\/index.php\/category\/noticias-de-ribeirao-preto-sp-e-regiao-ismael-colosi\/"},"img":{"alt_text":"","src":"https:\/\/i0.wp.com\/ismaelcolosi.com.br\/wp-content\/uploads\/2024\/05\/agrishow_1200x675_26042022180633_2024-05-01_19-57-19_jpg.webp.webp?fit=1200%2C675&ssl=1&resize=350%2C200","width":350,"height":200,"srcset":"https:\/\/i0.wp.com\/ismaelcolosi.com.br\/wp-content\/uploads\/2024\/05\/agrishow_1200x675_26042022180633_2024-05-01_19-57-19_jpg.webp.webp?fit=1200%2C675&ssl=1&resize=350%2C200 1x, https:\/\/i0.wp.com\/ismaelcolosi.com.br\/wp-content\/uploads\/2024\/05\/agrishow_1200x675_26042022180633_2024-05-01_19-57-19_jpg.webp.webp?fit=1200%2C675&ssl=1&resize=525%2C300 1.5x, https:\/\/i0.wp.com\/ismaelcolosi.com.br\/wp-content\/uploads\/2024\/05\/agrishow_1200x675_26042022180633_2024-05-01_19-57-19_jpg.webp.webp?fit=1200%2C675&ssl=1&resize=700%2C400 2x, https:\/\/i0.wp.com\/ismaelcolosi.com.br\/wp-content\/uploads\/2024\/05\/agrishow_1200x675_26042022180633_2024-05-01_19-57-19_jpg.webp.webp?fit=1200%2C675&ssl=1&resize=1050%2C600 3x"},"classes":[]},{"id":47418,"url":"https:\/\/ismaelcolosi.com.br\/index.php\/2024\/04\/25\/veja-como-comprar-ingressos-para-agrishow\/","url_meta":{"origin":45007,"position":2},"title":"Veja como comprar ingressos para Agrishow","author":"ismaelcolosi.com.br","date":"25 de April de 2024","format":false,"excerpt":"A venda de ingressos para a Agrishow, que acontece de 29 de abril a 3 de maio, em Ribeir\u00e3o Preto est\u00e1 sendo realizada antecipadamente e, exclusivamente, pelo site do evento (clique aqui). Os valores dos ingressos adquiridos pelo site s\u00e3o R$ 70 (inteira) e R$ 35 (meia-entrada), com pagamento somente\u2026","rel":"","context":"In &quot;Not\u00edcias de Ribeir\u00e3o Preto-SP e Regi\u00e3o&quot;","block_context":{"text":"Not\u00edcias de Ribeir\u00e3o Preto-SP e Regi\u00e3o","link":"https:\/\/ismaelcolosi.com.br\/index.php\/category\/noticias-de-ribeirao-preto-sp-e-regiao-ismael-colosi\/"},"img":{"alt_text":"","src":"https:\/\/i0.wp.com\/ismaelcolosi.com.br\/wp-content\/uploads\/2024\/04\/Copia-de-Copia-de-TAMANHO-EXATO-PARA-FOTOS-NO-SISTEMA-NOVO-4-2_2024-04-25_16-40-06_jpg.webp.webp?fit=1200%2C675&ssl=1&resize=350%2C200","width":350,"height":200,"srcset":"https:\/\/i0.wp.com\/ismaelcolosi.com.br\/wp-content\/uploads\/2024\/04\/Copia-de-Copia-de-TAMANHO-EXATO-PARA-FOTOS-NO-SISTEMA-NOVO-4-2_2024-04-25_16-40-06_jpg.webp.webp?fit=1200%2C675&ssl=1&resize=350%2C200 1x, https:\/\/i0.wp.com\/ismaelcolosi.com.br\/wp-content\/uploads\/2024\/04\/Copia-de-Copia-de-TAMANHO-EXATO-PARA-FOTOS-NO-SISTEMA-NOVO-4-2_2024-04-25_16-40-06_jpg.webp.webp?fit=1200%2C675&ssl=1&resize=525%2C300 1.5x, https:\/\/i0.wp.com\/ismaelcolosi.com.br\/wp-content\/uploads\/2024\/04\/Copia-de-Copia-de-TAMANHO-EXATO-PARA-FOTOS-NO-SISTEMA-NOVO-4-2_2024-04-25_16-40-06_jpg.webp.webp?fit=1200%2C675&ssl=1&resize=700%2C400 2x, https:\/\/i0.wp.com\/ismaelcolosi.com.br\/wp-content\/uploads\/2024\/04\/Copia-de-Copia-de-TAMANHO-EXATO-PARA-FOTOS-NO-SISTEMA-NOVO-4-2_2024-04-25_16-40-06_jpg.webp.webp?fit=1200%2C675&ssl=1&resize=1050%2C600 3x"},"classes":[]},{"id":3173,"url":"https:\/\/ismaelcolosi.com.br\/index.php\/2022\/04\/25\/agrishow-maior-feira-do-agronegocio-da-america-latina-comeca-nesta-segunda-feira-25\/","url_meta":{"origin":45007,"position":3},"title":"Agrishow, maior feira do agroneg\u00f3cio da Am\u00e9rica Latina, come\u00e7a nesta segunda-feira (25)","author":"ismaelcolosi.com.br","date":"25 de April de 2022","format":false,"excerpt":"Come\u00e7ou nesta segunda-feira (25) a Agrishow, maior feira do agroneg\u00f3cio da Am\u00e9rica Latina. Ao todo, ser\u00e3o cinco dias de exposi\u00e7\u00f5es na cidade de Ribeir\u00e3o Preto, no interior de S\u00e3o Paulo).H\u00e1 grande expectativa para a realiza\u00e7\u00e3o do evento, que teve suas edi\u00e7\u00f5es de 2020 e 2021 suspensas por conta da pandemia\u2026","rel":"","context":"In &quot;Not\u00edcias de Ribeir\u00e3o Preto-SP e Regi\u00e3o&quot;","block_context":{"text":"Not\u00edcias de Ribeir\u00e3o Preto-SP e Regi\u00e3o","link":"https:\/\/ismaelcolosi.com.br\/index.php\/category\/noticias-de-ribeirao-preto-sp-e-regiao-ismael-colosi\/"},"img":{"alt_text":"","src":"https:\/\/i0.wp.com\/ismaelcolosi.com.br\/wp-content\/uploads\/2023\/11\/ED_360_240422_IL_AGRISHOW_frame_496.jpeg?fit=1200%2C675&ssl=1&resize=350%2C200","width":350,"height":200,"srcset":"https:\/\/i0.wp.com\/ismaelcolosi.com.br\/wp-content\/uploads\/2023\/11\/ED_360_240422_IL_AGRISHOW_frame_496.jpeg?fit=1200%2C675&ssl=1&resize=350%2C200 1x, https:\/\/i0.wp.com\/ismaelcolosi.com.br\/wp-content\/uploads\/2023\/11\/ED_360_240422_IL_AGRISHOW_frame_496.jpeg?fit=1200%2C675&ssl=1&resize=525%2C300 1.5x, https:\/\/i0.wp.com\/ismaelcolosi.com.br\/wp-content\/uploads\/2023\/11\/ED_360_240422_IL_AGRISHOW_frame_496.jpeg?fit=1200%2C675&ssl=1&resize=700%2C400 2x, https:\/\/i0.wp.com\/ismaelcolosi.com.br\/wp-content\/uploads\/2023\/11\/ED_360_240422_IL_AGRISHOW_frame_496.jpeg?fit=1200%2C675&ssl=1&resize=1050%2C600 3x"},"classes":[]},{"id":48127,"url":"https:\/\/ismaelcolosi.com.br\/index.php\/2024\/04\/30\/saiba-como-comprar-ingressos-para-a-agrishow-neste-feriado-de-1o-de-maio\/","url_meta":{"origin":45007,"position":4},"title":"Saiba como comprar ingressos para a Agrishow neste feriado de 1\u00ba de maio","author":"ismaelcolosi.com.br","date":"30 de April de 2024","format":false,"excerpt":"No terceiro dia da Agrishow e tamb\u00e9m data em que \u00e9 comemorado o Dia do Trabalho, os visitantes que quiserem participar da evento nesta quarta-feira (1\u00ba) ter\u00e3o acesso \u00e0 entrada somente com a compra de ingressos na bilheteria. Segundo a organiza\u00e7\u00e3o, os ingressos on-line, vendidos exclusivamente pelo site do evento,\u2026","rel":"","context":"In &quot;Not\u00edcias de Ribeir\u00e3o Preto-SP e Regi\u00e3o&quot;","block_context":{"text":"Not\u00edcias de Ribeir\u00e3o Preto-SP e Regi\u00e3o","link":"https:\/\/ismaelcolosi.com.br\/index.php\/category\/noticias-de-ribeirao-preto-sp-e-regiao-ismael-colosi\/"},"img":{"alt_text":"","src":"https:\/\/i0.wp.com\/ismaelcolosi.com.br\/wp-content\/uploads\/2024\/04\/1714517380_Copia-de-Copia-de-TAMANHO-EXATO-PARA-FOTOS-NO-SISTEMA-NOVO-13.jpg?fit=1200%2C675&ssl=1&resize=350%2C200","width":350,"height":200,"srcset":"https:\/\/i0.wp.com\/ismaelcolosi.com.br\/wp-content\/uploads\/2024\/04\/1714517380_Copia-de-Copia-de-TAMANHO-EXATO-PARA-FOTOS-NO-SISTEMA-NOVO-13.jpg?fit=1200%2C675&ssl=1&resize=350%2C200 1x, https:\/\/i0.wp.com\/ismaelcolosi.com.br\/wp-content\/uploads\/2024\/04\/1714517380_Copia-de-Copia-de-TAMANHO-EXATO-PARA-FOTOS-NO-SISTEMA-NOVO-13.jpg?fit=1200%2C675&ssl=1&resize=525%2C300 1.5x, https:\/\/i0.wp.com\/ismaelcolosi.com.br\/wp-content\/uploads\/2024\/04\/1714517380_Copia-de-Copia-de-TAMANHO-EXATO-PARA-FOTOS-NO-SISTEMA-NOVO-13.jpg?fit=1200%2C675&ssl=1&resize=700%2C400 2x, https:\/\/i0.wp.com\/ismaelcolosi.com.br\/wp-content\/uploads\/2024\/04\/1714517380_Copia-de-Copia-de-TAMANHO-EXATO-PARA-FOTOS-NO-SISTEMA-NOVO-13.jpg?fit=1200%2C675&ssl=1&resize=1050%2C600 3x"},"classes":[]},{"id":36389,"url":"https:\/\/ismaelcolosi.com.br\/index.php\/2024\/02\/09\/empresa-aerea-amplia-voos-para-ribeirao-preto-na-agrishow\/","url_meta":{"origin":45007,"position":5},"title":"Empresa a\u00e9rea amplia voos para Ribeir\u00e3o Preto na Agrishow","author":"ismaelcolosi.com.br","date":"9 de February de 2024","format":false,"excerpt":"A Azul informou que vai ampliar o n\u00famero de voos extras para Ribeir\u00e3o Preto durante a Agrishow, que acontece entre os dias 29 de abril e 3 de maio. S\u00e3o 66 voos extras para rotas partindo de Bras\u00edlia, Cuiab\u00e1, Campo Grande, Goi\u00e2nia e Porto Alegre. Al\u00e9m disso, ser\u00e1 ampliada a\u2026","rel":"","context":"In &quot;Not\u00edcias de Ribeir\u00e3o Preto-SP e Regi\u00e3o&quot;","block_context":{"text":"Not\u00edcias de Ribeir\u00e3o Preto-SP e Regi\u00e3o","link":"https:\/\/ismaelcolosi.com.br\/index.php\/category\/noticias-de-ribeirao-preto-sp-e-regiao-ismael-colosi\/"},"img":{"alt_text":"","src":"https:\/\/i0.wp.com\/ismaelcolosi.com.br\/wp-content\/uploads\/2024\/02\/WhatsApp-Image-2023-12-19-at-08.41.32.jpeg?fit=1200%2C675&ssl=1&resize=350%2C200","width":350,"height":200,"srcset":"https:\/\/i0.wp.com\/ismaelcolosi.com.br\/wp-content\/uploads\/2024\/02\/WhatsApp-Image-2023-12-19-at-08.41.32.jpeg?fit=1200%2C675&ssl=1&resize=350%2C200 1x, https:\/\/i0.wp.com\/ismaelcolosi.com.br\/wp-content\/uploads\/2024\/02\/WhatsApp-Image-2023-12-19-at-08.41.32.jpeg?fit=1200%2C675&ssl=1&resize=525%2C300 1.5x, https:\/\/i0.wp.com\/ismaelcolosi.com.br\/wp-content\/uploads\/2024\/02\/WhatsApp-Image-2023-12-19-at-08.41.32.jpeg?fit=1200%2C675&ssl=1&resize=700%2C400 2x, https:\/\/i0.wp.com\/ismaelcolosi.com.br\/wp-content\/uploads\/2024\/02\/WhatsApp-Image-2023-12-19-at-08.41.32.jpeg?fit=1200%2C675&ssl=1&resize=1050%2C600 3x"},"classes":[]}],"jetpack_sharing_enabled":true,"jetpack_shortlink":"https:\/\/wp.me\/pfMlyK-bHV","_links":{"self":[{"href":"https:\/\/ismaelcolosi.com.br\/index.php\/wp-json\/wp\/v2\/posts\/45007","targetHints":{"allow":["GET"]}}],"collection":[{"href":"https:\/\/ismaelcolosi.com.br\/index.php\/wp-json\/wp\/v2\/posts"}],"about":[{"href":"https:\/\/ismaelcolosi.com.br\/index.php\/wp-json\/wp\/v2\/types\/post"}],"author":[{"embeddable":true,"href":"https:\/\/ismaelcolosi.com.br\/index.php\/wp-json\/wp\/v2\/users\/1"}],"replies":[{"embeddable":true,"href":"https:\/\/ismaelcolosi.com.br\/index.php\/wp-json\/wp\/v2\/comments?post=45007"}],"version-history":[{"count":0,"href":"https:\/\/ismaelcolosi.com.br\/index.php\/wp-json\/wp\/v2\/posts\/45007\/revisions"}],"wp:featuredmedia":[{"embeddable":true,"href":"https:\/\/ismaelcolosi.com.br\/index.php\/wp-json\/wp\/v2\/media\/45008"}],"wp:attachment":[{"href":"https:\/\/ismaelcolosi.com.br\/index.php\/wp-json\/wp\/v2\/media?parent=45007"}],"wp:term":[{"taxonomy":"category","embeddable":true,"href":"https:\/\/ismaelcolosi.com.br\/index.php\/wp-json\/wp\/v2\/categories?post=45007"},{"taxonomy":"post_tag","embeddable":true,"href":"https:\/\/ismaelcolosi.com.br\/index.php\/wp-json\/wp\/v2\/tags?post=45007"}],"curies":[{"name":"wp","href":"https:\/\/api.w.org\/{rel}","templated":true}]}}