{"id":44997,"date":"2024-04-01T17:37:37","date_gmt":"2024-04-01T20:37:37","guid":{"rendered":"https:\/\/ismaelcolosi.com.br\/index.php\/2024\/04\/01\/pabllo-vittar-revela-data-de-lancamento-do-batidao-tropical-vol-2-com-acao-na-praia-de-iracema-em-fortaleza\/"},"modified":"2024-04-01T17:37:37","modified_gmt":"2024-04-01T20:37:37","slug":"pabllo-vittar-revela-data-de-lancamento-do-batidao-tropical-vol-2-com-acao-na-praia-de-iracema-em-fortaleza","status":"publish","type":"post","link":"https:\/\/ismaelcolosi.com.br\/index.php\/2024\/04\/01\/pabllo-vittar-revela-data-de-lancamento-do-batidao-tropical-vol-2-com-acao-na-praia-de-iracema-em-fortaleza\/","title":{"rendered":"Pabllo Vittar revela data de lan\u00e7amento do Batid\u00e3o Tropical Vol. 2 com a\u00e7\u00e3o na Praia de Iracema, em Fortaleza"},"content":{"rendered":"<p> <br \/>\n<\/p>\n<div>\n<h3 class=\"fn__maintitle\"><span>Pabllo Vittar revela data de lan\u00e7amento do Batid\u00e3o Tropical Vol. 2 com a\u00e7\u00e3o na Praia de Iracema, em Fortaleza<\/span><\/h3>\n<\/div>\n<div>\n<p><span data-sider-select-id=\"0bfb02e1-744b-4896-895b-80fce4b25fd4\">A t\u00e3o aguardada data foi revelada: \u201c<strong>Batid\u00e3o Tropical Vol. 2<\/strong>\u201d chega \u00e0s plataformas digitais \u00e0s 21h do dia 09 de abril! A novidade foi revelada em mais uma a\u00e7\u00e3o de Pabllo Vittar, que estendeu uma canga de 10\u00d714 metros na Praia de Iracema, em Fortaleza \u2013 Cear\u00e1, trazendo detalhes sobre o novo projeto.<\/span><br \/>Batid\u00e3o Tropical \u00e9 um reencontro de Pabllo com suas origens e ritmos do Norte e Nordeste do Brasil que ela escutava durante a inf\u00e2ncia e a moldaram como artista. O volume 2 do projeto \u00e9 um dos \u00e1lbuns mais esperados do ano!<\/p>\n<p><strong>Tracklist de \u201cBatid\u00e3o Tropical Vol. 2\u201d:<\/strong><br \/>1 \u2013 \u201cPra Te Esquecer\u201d<br \/>2 \u2013 \u201cIdiota\u201d<br \/>3 \u2013 \u201cPede Pra Eu Ficar\u201d<br \/>4 \u2013 \u201cRubi\u201d\u00a0<i>feat<\/i>\u00a0Will Love<br \/>5 \u2013 \u201cS\u00e3o Amores\u201d<br \/>6 \u2013 \u201cMe Usa\u201d<br \/>7 \u2013 \u201cN\u00e3o Vou Te Deixar\u201d\u00a0<i>feat<\/i>\u00a0Gaby Amarantos<br \/>8 \u2013 Faixa 8<br \/>9 \u2013 \u201cFalta Coragem\u201d\u00a0<i>feat<\/i>\u00a0Taty Girl<br \/>10 \u2013 Faixa 10<br \/>11 \u2013 \u201cNas Ondas Do R\u00e1dio\u201d<br \/>12 \u2013 \u201cAi Ai Ai Mega Pr\u00edncipe\u201d<br \/>13 \u2013 \u201cN\u00e3o Desligue O Telefone\u201d\u00a0<i>feat<\/i>\u00a0Maderito<br \/>14 \u2013 Faixa 14<\/p><div class='code-block code-block-8' style='margin: 8px auto; text-align: center; display: block; clear: both;'>\n<script>\n  atOptions = {\n    'key' : '66e2e2111ca34da796271819fc334058',\n    'format' : 'iframe',\n    'height' : 250,\n    'width' : 300,\n    'params' : {}\n  };\n<\/script>\n<script src=\"https:\/\/www.highperformanceformat.com\/66e2e2111ca34da796271819fc334058\/invoke.js\"><\/script>\n<\/div>\n\n<div class=\"popito_fn_votewrap\">\n<h3 class=\"vote_title\">Como voc\u00ea vota? <\/h3>\n<div class=\"popito_fn_votes \" data-id=\"1810\">\n<p>0 People voted this article. 0 Upvotes &#8211; 0 Downvotes.<\/p>\n<\/div>\n<\/div>\n<\/div>\n<p><br \/>\n<br \/><a href=\"https:\/\/popito.com.br\/pabllo-vittar-revela-data-de-lancamento-do-batidao-tropical-vol-2-com-acao-na-praia-de-iracema-em-fortaleza\/\">Source link <\/a><\/p>\n<div class='code-block code-block-4' style='margin: 8px auto 8px 0; text-align: left; display: block; clear: both;'>\n\ud83d\udce2 Aviso Legal\n\nO site ismaelcolosi.com.br atua apenas como um canal de divulga\u00e7\u00e3o de oportunidades de emprego e n\u00e3o se responsabiliza pelo processo seletivo, contrata\u00e7\u00e3o ou qualquer outra etapa relacionada \u00e0s vagas publicadas. Todas as informa\u00e7\u00f5es s\u00e3o de responsabilidade dos anunciantes.\n\n\u26a0\ufe0f Aten\u00e7\u00e3o! Nunca pague por promessas de emprego nem compre cursos que garantam contrata\u00e7\u00e3o. Desconfie de qualquer cobran\u00e7a para participar de sele\u00e7\u00f5es.\n\n\n\n<\/div>\n<!-- CONTENT END 1 -->\n","protected":false},"excerpt":{"rendered":"<p>Pabllo Vittar revela data de lan\u00e7amento do Batid\u00e3o Tropical Vol. 2 com a\u00e7\u00e3o na Praia de Iracema, em Fortaleza A t\u00e3o aguardada data foi revelada:&#8230;<\/p>\n","protected":false},"author":1,"featured_media":44998,"comment_status":"open","ping_status":"open","sticky":false,"template":"","format":"standard","meta":{"_uag_custom_page_level_css":"","advanced_seo_description":"","jetpack_seo_html_title":"","jetpack_seo_noindex":false,"jetpack_post_was_ever_published":false,"_jetpack_newsletter_access":"","_jetpack_dont_email_post_to_subs":false,"_jetpack_newsletter_tier_id":0,"_jetpack_memberships_contains_paywalled_content":false,"_jetpack_memberships_contains_paid_content":false,"footnotes":"","jetpack_publicize_message":"","jetpack_publicize_feature_enabled":true,"jetpack_social_post_already_shared":true,"jetpack_social_options":{"image_generator_settings":{"template":"highway","default_image_id":0,"font":"","enabled":false},"version":2}},"categories":[11],"tags":[5352,5349,293,5354,5353,1110,5347,2234,718,5350,5348,5351],"class_list":["post-44997","post","type-post","status-publish","format-standard","has-post-thumbnail","hentry","category-noticias-de-ribeirao-preto-sp-e-regiao-ismael-colosi","tag-acao","tag-batidao","tag-data","tag-fortaleza","tag-iracema","tag-lancamento","tag-pabllo","tag-praia","tag-revela","tag-tropical","tag-vittar","tag-vol"],"jetpack_publicize_connections":[],"jetpack_featured_media_url":"https:\/\/i0.wp.com\/ismaelcolosi.com.br\/wp-content\/uploads\/2024\/04\/Copia-de-Creditos-Foto-Gabriel-Renne-e-Design-Doug-Reder.jpeg?fit=1200%2C1200&ssl=1","uagb_featured_image_src":{"full":["https:\/\/i0.wp.com\/ismaelcolosi.com.br\/wp-content\/uploads\/2024\/04\/Copia-de-Creditos-Foto-Gabriel-Renne-e-Design-Doug-Reder.jpeg?fit=1200%2C1200&ssl=1",1200,1200,false],"thumbnail":["https:\/\/i0.wp.com\/ismaelcolosi.com.br\/wp-content\/uploads\/2024\/04\/Copia-de-Creditos-Foto-Gabriel-Renne-e-Design-Doug-Reder.jpeg?resize=150%2C150&ssl=1",150,150,true],"medium":["https:\/\/i0.wp.com\/ismaelcolosi.com.br\/wp-content\/uploads\/2024\/04\/Copia-de-Creditos-Foto-Gabriel-Renne-e-Design-Doug-Reder.jpeg?fit=300%2C300&ssl=1",300,300,true],"medium_large":["https:\/\/i0.wp.com\/ismaelcolosi.com.br\/wp-content\/uploads\/2024\/04\/Copia-de-Creditos-Foto-Gabriel-Renne-e-Design-Doug-Reder.jpeg?fit=768%2C768&ssl=1",768,768,true],"large":["https:\/\/i0.wp.com\/ismaelcolosi.com.br\/wp-content\/uploads\/2024\/04\/Copia-de-Creditos-Foto-Gabriel-Renne-e-Design-Doug-Reder.jpeg?fit=1024%2C1024&ssl=1",1024,1024,true],"1536x1536":["https:\/\/i0.wp.com\/ismaelcolosi.com.br\/wp-content\/uploads\/2024\/04\/Copia-de-Creditos-Foto-Gabriel-Renne-e-Design-Doug-Reder.jpeg?fit=1200%2C1200&ssl=1",1200,1200,true],"2048x2048":["https:\/\/i0.wp.com\/ismaelcolosi.com.br\/wp-content\/uploads\/2024\/04\/Copia-de-Creditos-Foto-Gabriel-Renne-e-Design-Doug-Reder.jpeg?fit=1200%2C1200&ssl=1",1200,1200,true],"really-simple-thumb":["https:\/\/i0.wp.com\/ismaelcolosi.com.br\/wp-content\/uploads\/2024\/04\/Copia-de-Creditos-Foto-Gabriel-Renne-e-Design-Doug-Reder.jpeg?resize=370%2C247&ssl=1",370,247,true]},"uagb_author_info":{"display_name":"ismaelcolosi.com.br","author_link":"https:\/\/ismaelcolosi.com.br\/index.php\/author\/vidareal-online\/"},"uagb_comment_info":0,"uagb_excerpt":"Pabllo Vittar revela data de lan\u00e7amento do Batid\u00e3o Tropical Vol. 2 com a\u00e7\u00e3o na Praia de Iracema, em Fortaleza A t\u00e3o aguardada data foi revelada:...","jetpack-related-posts":[{"id":47410,"url":"https:\/\/ismaelcolosi.com.br\/index.php\/2024\/04\/25\/pabllo-vittar-leva-publico-a-loucura-com-estreia-da-turne-de-batidao-tropical-vol-2\/","url_meta":{"origin":44997,"position":0},"title":"Pabllo Vittar leva p\u00fablico \u00e0 loucura com estreia da turn\u00ea de Batid\u00e3o Tropical Vol.2","author":"ismaelcolosi.com.br","date":"25 de April de 2024","format":false,"excerpt":"Pabllo Vittar leva p\u00fablico \u00e0 loucura com estreia da turn\u00ea de Batid\u00e3o Tropical Vol.2Show aconteceu em vinhedo, interior de S\u00e3o Paulo Pabllo Vittar estreou no s\u00e1bado (20) a turn\u00ea do seu 6\u00b0 \u00e1lbum de est\u00fadio, o \u2018Batid\u00e3o Tropical Vol.2\u2019, em show realizado no Hopi Pride, festival que celebra a diversidade\u2026","rel":"","context":"In &quot;Not\u00edcias de Ribeir\u00e3o Preto-SP e Regi\u00e3o&quot;","block_context":{"text":"Not\u00edcias de Ribeir\u00e3o Preto-SP e Regi\u00e3o","link":"https:\/\/ismaelcolosi.com.br\/index.php\/category\/noticias-de-ribeirao-preto-sp-e-regiao-ismael-colosi\/"},"img":{"alt_text":"","src":"https:\/\/i0.wp.com\/popito.com.br\/wp-content\/uploads\/2024\/04\/1J4A9166.jpeg?resize=350%2C200&ssl=1","width":350,"height":200,"srcset":"https:\/\/i0.wp.com\/popito.com.br\/wp-content\/uploads\/2024\/04\/1J4A9166.jpeg?resize=350%2C200&ssl=1 1x, https:\/\/i0.wp.com\/popito.com.br\/wp-content\/uploads\/2024\/04\/1J4A9166.jpeg?resize=525%2C300&ssl=1 1.5x, https:\/\/i0.wp.com\/popito.com.br\/wp-content\/uploads\/2024\/04\/1J4A9166.jpeg?resize=700%2C400&ssl=1 2x, https:\/\/i0.wp.com\/popito.com.br\/wp-content\/uploads\/2024\/04\/1J4A9166.jpeg?resize=1050%2C600&ssl=1 3x, https:\/\/i0.wp.com\/popito.com.br\/wp-content\/uploads\/2024\/04\/1J4A9166.jpeg?resize=1400%2C800&ssl=1 4x"},"classes":[]},{"id":46938,"url":"https:\/\/ismaelcolosi.com.br\/index.php\/2024\/04\/15\/pabllo-vittar-anuncia-as-primeiras-datas-da-turne-do-batidao-tropical-vol-2\/","url_meta":{"origin":44997,"position":1},"title":"Pabllo Vittar anuncia as primeiras datas da turn\u00ea do Batid\u00e3o Tropical Vol. 2","author":"ismaelcolosi.com.br","date":"15 de April de 2024","format":false,"excerpt":"Pabllo Vittar anuncia as primeiras datas da turn\u00ea do Batid\u00e3o Tropical Vol. 2Estreia acontece no dia 20 de abril no Hopi Pride Ap\u00f3s bater o seu recorde no Spotify com mais de 4,7 milh\u00f5es de streams em menos de 24 horas com o lan\u00e7amento de Batid\u00e3o Tropical Vol. 2,\u00a0Pabllo Vittar\u00a0anuncia\u2026","rel":"","context":"In &quot;Not\u00edcias de Ribeir\u00e3o Preto-SP e Regi\u00e3o&quot;","block_context":{"text":"Not\u00edcias de Ribeir\u00e3o Preto-SP e Regi\u00e3o","link":"https:\/\/ismaelcolosi.com.br\/index.php\/category\/noticias-de-ribeirao-preto-sp-e-regiao-ismael-colosi\/"},"img":{"alt_text":"","src":"https:\/\/i0.wp.com\/ismaelcolosi.com.br\/wp-content\/uploads\/2024\/04\/Copia-de-Copia-de-ME-USA-IMPRENSA-01.jpg?fit=1200%2C800&ssl=1&resize=350%2C200","width":350,"height":200,"srcset":"https:\/\/i0.wp.com\/ismaelcolosi.com.br\/wp-content\/uploads\/2024\/04\/Copia-de-Copia-de-ME-USA-IMPRENSA-01.jpg?fit=1200%2C800&ssl=1&resize=350%2C200 1x, https:\/\/i0.wp.com\/ismaelcolosi.com.br\/wp-content\/uploads\/2024\/04\/Copia-de-Copia-de-ME-USA-IMPRENSA-01.jpg?fit=1200%2C800&ssl=1&resize=525%2C300 1.5x, https:\/\/i0.wp.com\/ismaelcolosi.com.br\/wp-content\/uploads\/2024\/04\/Copia-de-Copia-de-ME-USA-IMPRENSA-01.jpg?fit=1200%2C800&ssl=1&resize=700%2C400 2x, https:\/\/i0.wp.com\/ismaelcolosi.com.br\/wp-content\/uploads\/2024\/04\/Copia-de-Copia-de-ME-USA-IMPRENSA-01.jpg?fit=1200%2C800&ssl=1&resize=1050%2C600 3x"},"classes":[]},{"id":45962,"url":"https:\/\/ismaelcolosi.com.br\/index.php\/2024\/04\/08\/lancamento-pabllo-vittar-09-04-e-o-fim-da-pirataria-no-tecnobrega\/","url_meta":{"origin":44997,"position":2},"title":"Lan\u00e7amento Pabllo Vittar (09\/04) e o fim da pirataria no tecnobrega","author":"ismaelcolosi.com.br","date":"8 de April de 2024","format":false,"excerpt":"Lan\u00e7amento Pabllo Vittar (09\/04) e o fim da pirataria no tecnobregaO tecnobrega no\u00a0mainstream: o fim da \u201cpirataria do bem\u201d na m\u00fasica popular? Uma das maiores representantes do tecnobrega \u2013 g\u00eanero paraense que mistura refer\u00eancias internacionais como m\u00fasica eletr\u00f4nica e pop \u2013, Gaby Amarantos come\u00e7ou a carreira dando voz a vers\u00f5es\u2026","rel":"","context":"In &quot;Not\u00edcias de Ribeir\u00e3o Preto-SP e Regi\u00e3o&quot;","block_context":{"text":"Not\u00edcias de Ribeir\u00e3o Preto-SP e Regi\u00e3o","link":"https:\/\/ismaelcolosi.com.br\/index.php\/category\/noticias-de-ribeirao-preto-sp-e-regiao-ismael-colosi\/"},"img":{"alt_text":"","src":"https:\/\/i0.wp.com\/ismaelcolosi.com.br\/wp-content\/uploads\/2024\/04\/pabllo-vittar-coletiva-foto.jpg?fit=1200%2C800&ssl=1&resize=350%2C200","width":350,"height":200,"srcset":"https:\/\/i0.wp.com\/ismaelcolosi.com.br\/wp-content\/uploads\/2024\/04\/pabllo-vittar-coletiva-foto.jpg?fit=1200%2C800&ssl=1&resize=350%2C200 1x, https:\/\/i0.wp.com\/ismaelcolosi.com.br\/wp-content\/uploads\/2024\/04\/pabllo-vittar-coletiva-foto.jpg?fit=1200%2C800&ssl=1&resize=525%2C300 1.5x, https:\/\/i0.wp.com\/ismaelcolosi.com.br\/wp-content\/uploads\/2024\/04\/pabllo-vittar-coletiva-foto.jpg?fit=1200%2C800&ssl=1&resize=700%2C400 2x, https:\/\/i0.wp.com\/ismaelcolosi.com.br\/wp-content\/uploads\/2024\/04\/pabllo-vittar-coletiva-foto.jpg?fit=1200%2C800&ssl=1&resize=1050%2C600 3x"},"classes":[]},{"id":31053,"url":"https:\/\/ismaelcolosi.com.br\/index.php\/2024\/01\/20\/top-10-musicas-pop-nacional-mais-tocadas-em-2024\/","url_meta":{"origin":44997,"position":3},"title":"Top 10 m\u00fasicas Pop Nacional mais tocadas em 2024","author":"ismaelcolosi.com.br","date":"20 de January de 2024","format":false,"excerpt":"Confira quais s\u00e3o as m\u00fasicas Pop Nacional mais tocadas do Brasil. Ou\u00e7a a playlist das melhores m\u00fasicas do pop nacional mais ouvidas no Youtube. S\u00e3o os maiores sucessos do pop brasileiro mais acessadas da internet e consequentemente que os ouvintes mais pedem para tocar nas r\u00e1dios. Portanto, aproveite para ouvir\u2026","rel":"","context":"In &quot;Blog&quot;","block_context":{"text":"Blog","link":"https:\/\/ismaelcolosi.com.br\/index.php\/category\/blog\/"},"img":{"alt_text":"","src":"https:\/\/i0.wp.com\/ismaelcolosi.com.br\/wp-content\/uploads\/2024\/01\/Musicas-Pop-Nacional-mais-tocadas.jpg?fit=1200%2C799&ssl=1&resize=350%2C200","width":350,"height":200,"srcset":"https:\/\/i0.wp.com\/ismaelcolosi.com.br\/wp-content\/uploads\/2024\/01\/Musicas-Pop-Nacional-mais-tocadas.jpg?fit=1200%2C799&ssl=1&resize=350%2C200 1x, https:\/\/i0.wp.com\/ismaelcolosi.com.br\/wp-content\/uploads\/2024\/01\/Musicas-Pop-Nacional-mais-tocadas.jpg?fit=1200%2C799&ssl=1&resize=525%2C300 1.5x, https:\/\/i0.wp.com\/ismaelcolosi.com.br\/wp-content\/uploads\/2024\/01\/Musicas-Pop-Nacional-mais-tocadas.jpg?fit=1200%2C799&ssl=1&resize=700%2C400 2x, https:\/\/i0.wp.com\/ismaelcolosi.com.br\/wp-content\/uploads\/2024\/01\/Musicas-Pop-Nacional-mais-tocadas.jpg?fit=1200%2C799&ssl=1&resize=1050%2C600 3x"},"classes":[]},{"id":51862,"url":"https:\/\/ismaelcolosi.com.br\/index.php\/2024\/05\/31\/prefeitura-no-interior-de-sp-tem-concurso-com-20-vagas-e-salarios-de-ate-r-10-mil\/","url_meta":{"origin":44997,"position":4},"title":"Prefeitura no interior de SP tem concurso com 20 vagas e sal\u00e1rios de at\u00e9 R$ 10 mil","author":"ismaelcolosi.com.br","date":"31 de May de 2024","format":false,"excerpt":"A Prefeitura de Catanduva, cidade no interior de S\u00e3o Paulo, publicou o edital de concurso p\u00fablico com 20 vagas. As vagas s\u00e3o de n\u00edvel m\u00e9dio e superior e os sal\u00e1rios que variam entre R$ 2,5 mil e R$ 10 mil. As inscri\u00e7\u00f5es devem ser realizadas no site da Funda\u00e7\u00e3o Vunesp\u2026","rel":"","context":"In &quot;Not\u00edcias de Ribeir\u00e3o Preto-SP e Regi\u00e3o&quot;","block_context":{"text":"Not\u00edcias de Ribeir\u00e3o Preto-SP e Regi\u00e3o","link":"https:\/\/ismaelcolosi.com.br\/index.php\/category\/noticias-de-ribeirao-preto-sp-e-regiao-ismael-colosi\/"},"img":{"alt_text":"","src":"https:\/\/i0.wp.com\/ismaelcolosi.com.br\/wp-content\/uploads\/2024\/04\/Copia-de-Copia-de-TAMANHO-EXATO-PARA-FOTOS-NO-SISTEMA-NOVO-17-2_2024-04-29_17-36-39_jpg.webp.webp?fit=1200%2C675&ssl=1&resize=350%2C200","width":350,"height":200,"srcset":"https:\/\/i0.wp.com\/ismaelcolosi.com.br\/wp-content\/uploads\/2024\/04\/Copia-de-Copia-de-TAMANHO-EXATO-PARA-FOTOS-NO-SISTEMA-NOVO-17-2_2024-04-29_17-36-39_jpg.webp.webp?fit=1200%2C675&ssl=1&resize=350%2C200 1x, https:\/\/i0.wp.com\/ismaelcolosi.com.br\/wp-content\/uploads\/2024\/04\/Copia-de-Copia-de-TAMANHO-EXATO-PARA-FOTOS-NO-SISTEMA-NOVO-17-2_2024-04-29_17-36-39_jpg.webp.webp?fit=1200%2C675&ssl=1&resize=525%2C300 1.5x, https:\/\/i0.wp.com\/ismaelcolosi.com.br\/wp-content\/uploads\/2024\/04\/Copia-de-Copia-de-TAMANHO-EXATO-PARA-FOTOS-NO-SISTEMA-NOVO-17-2_2024-04-29_17-36-39_jpg.webp.webp?fit=1200%2C675&ssl=1&resize=700%2C400 2x, https:\/\/i0.wp.com\/ismaelcolosi.com.br\/wp-content\/uploads\/2024\/04\/Copia-de-Copia-de-TAMANHO-EXATO-PARA-FOTOS-NO-SISTEMA-NOVO-17-2_2024-04-29_17-36-39_jpg.webp.webp?fit=1200%2C675&ssl=1&resize=1050%2C600 3x"},"classes":[]},{"id":51975,"url":"https:\/\/ismaelcolosi.com.br\/index.php\/2024\/06\/03\/ribeirao-preto-recebe-exposicao-nacional-de-orquideas-veja-quando-e-como-participar\/","url_meta":{"origin":44997,"position":5},"title":"Ribeir\u00e3o Preto recebe exposi\u00e7\u00e3o nacional de orqu\u00eddeas; Veja quando e como participar","author":"ismaelcolosi.com.br","date":"3 de June de 2024","format":false,"excerpt":"A 59\u00aa Exposi\u00e7\u00e3o Nacional de Orqu\u00eddeas acontece entre os dias 14 e 16 de junho, no Instituto Social de Desenvolvimento Caminho com Amor, no bairro Jos\u00e9 Sampaio, zona Norte de Ribeir\u00e3o Preto. A entrada no evento \u00e9 gratuita. O evento re\u00fane mais de 3 mil vasos para exposi\u00e7\u00e3o e 6\u2026","rel":"","context":"In &quot;Not\u00edcias de Ribeir\u00e3o Preto-SP e Regi\u00e3o&quot;","block_context":{"text":"Not\u00edcias de Ribeir\u00e3o Preto-SP e Regi\u00e3o","link":"https:\/\/ismaelcolosi.com.br\/index.php\/category\/noticias-de-ribeirao-preto-sp-e-regiao-ismael-colosi\/"},"img":{"alt_text":"","src":"https:\/\/i0.wp.com\/ismaelcolosi.com.br\/wp-content\/uploads\/2024\/06\/flores_2024-06-03_11-41-00_jpeg_2024-06-03_11-41-00.webp.webp?fit=1200%2C800&ssl=1&resize=350%2C200","width":350,"height":200,"srcset":"https:\/\/i0.wp.com\/ismaelcolosi.com.br\/wp-content\/uploads\/2024\/06\/flores_2024-06-03_11-41-00_jpeg_2024-06-03_11-41-00.webp.webp?fit=1200%2C800&ssl=1&resize=350%2C200 1x, https:\/\/i0.wp.com\/ismaelcolosi.com.br\/wp-content\/uploads\/2024\/06\/flores_2024-06-03_11-41-00_jpeg_2024-06-03_11-41-00.webp.webp?fit=1200%2C800&ssl=1&resize=525%2C300 1.5x, https:\/\/i0.wp.com\/ismaelcolosi.com.br\/wp-content\/uploads\/2024\/06\/flores_2024-06-03_11-41-00_jpeg_2024-06-03_11-41-00.webp.webp?fit=1200%2C800&ssl=1&resize=700%2C400 2x, https:\/\/i0.wp.com\/ismaelcolosi.com.br\/wp-content\/uploads\/2024\/06\/flores_2024-06-03_11-41-00_jpeg_2024-06-03_11-41-00.webp.webp?fit=1200%2C800&ssl=1&resize=1050%2C600 3x"},"classes":[]}],"jetpack_sharing_enabled":true,"jetpack_shortlink":"https:\/\/wp.me\/pfMlyK-bHL","_links":{"self":[{"href":"https:\/\/ismaelcolosi.com.br\/index.php\/wp-json\/wp\/v2\/posts\/44997","targetHints":{"allow":["GET"]}}],"collection":[{"href":"https:\/\/ismaelcolosi.com.br\/index.php\/wp-json\/wp\/v2\/posts"}],"about":[{"href":"https:\/\/ismaelcolosi.com.br\/index.php\/wp-json\/wp\/v2\/types\/post"}],"author":[{"embeddable":true,"href":"https:\/\/ismaelcolosi.com.br\/index.php\/wp-json\/wp\/v2\/users\/1"}],"replies":[{"embeddable":true,"href":"https:\/\/ismaelcolosi.com.br\/index.php\/wp-json\/wp\/v2\/comments?post=44997"}],"version-history":[{"count":0,"href":"https:\/\/ismaelcolosi.com.br\/index.php\/wp-json\/wp\/v2\/posts\/44997\/revisions"}],"wp:featuredmedia":[{"embeddable":true,"href":"https:\/\/ismaelcolosi.com.br\/index.php\/wp-json\/wp\/v2\/media\/44998"}],"wp:attachment":[{"href":"https:\/\/ismaelcolosi.com.br\/index.php\/wp-json\/wp\/v2\/media?parent=44997"}],"wp:term":[{"taxonomy":"category","embeddable":true,"href":"https:\/\/ismaelcolosi.com.br\/index.php\/wp-json\/wp\/v2\/categories?post=44997"},{"taxonomy":"post_tag","embeddable":true,"href":"https:\/\/ismaelcolosi.com.br\/index.php\/wp-json\/wp\/v2\/tags?post=44997"}],"curies":[{"name":"wp","href":"https:\/\/api.w.org\/{rel}","templated":true}]}}