{"id":44955,"date":"2024-04-01T14:22:23","date_gmt":"2024-04-01T17:22:23","guid":{"rendered":"https:\/\/ismaelcolosi.com.br\/index.php\/2024\/04\/01\/teatro-sesi-de-ribeirao-recebe-dubladora-de-frozen-no-espetaculo-um-seculo-de-jazz-e-blues\/"},"modified":"2024-04-01T14:22:23","modified_gmt":"2024-04-01T17:22:23","slug":"teatro-sesi-de-ribeirao-recebe-dubladora-de-frozen-no-espetaculo-um-seculo-de-jazz-e-blues","status":"publish","type":"post","link":"https:\/\/ismaelcolosi.com.br\/index.php\/2024\/04\/01\/teatro-sesi-de-ribeirao-recebe-dubladora-de-frozen-no-espetaculo-um-seculo-de-jazz-e-blues\/","title":{"rendered":"Teatro Sesi de Ribeir\u00e3o recebe dubladora de Frozen no espet\u00e1culo &#8216;Um S\u00e9culo de Jazz e Blues&#8217;"},"content":{"rendered":"<p> <br \/>\n<\/p>\n<div data-td-block-uid=\"tdi_101\">\n<div class=\"tdb-block-inner td-fix-index\">\n<p>O<strong> Teatro Sesi de Ribeir\u00e3o Preto<\/strong> recebe no pr\u00f3ximo <strong>s\u00e1bado (6)<\/strong>, \u00e0s <strong>20h<\/strong>, a cantora e atriz <strong>Taryn Szpilman<\/strong>, com um espet\u00e1culo com <strong>est\u00e9tica dos anos 40<\/strong>, o \u201c<strong>Um S\u00e9culo de Jazz e Blues<\/strong>\u201d. <\/p>\n<p><span style=\"background-color:#f7cc62\" class=\"td_text_highlight_marker\">O evento \u00e9 gratuito, por\u00e9m, os ingressos devem ser reservados por meio do site <a href=\"https:\/\/www.sesisp.org.br\/evento\/2e425591-5a04-40dc-a0ce-18fa264946a7\/taryn-szpilman-um-seculo-de-jazz-e-blues-dos-anos-1920-a-2020\" target=\"_blank\" rel=\"noreferrer noopener\">Meu Sesi<\/a>.<\/span><\/p><div class='code-block code-block-8' style='margin: 8px auto; text-align: center; display: block; clear: both;'>\n<script>\n  atOptions = {\n    'key' : '66e2e2111ca34da796271819fc334058',\n    'format' : 'iframe',\n    'height' : 250,\n    'width' : 300,\n    'params' : {}\n  };\n<\/script>\n<script src=\"https:\/\/www.highperformanceformat.com\/66e2e2111ca34da796271819fc334058\/invoke.js\"><\/script>\n<\/div>\n\n<p>\u00c9 recomendado que o p\u00fablico chegue pelo menos <strong>15 minutos<\/strong> <strong>antes <\/strong>do <strong>in\u00edcio <\/strong>do <strong>espet\u00e1culo<\/strong>.<\/p>\n<h4 class=\"wp-block-heading\"><strong>Frozen<\/strong><\/h4>\n<p><strong>Taryn Szpilman<\/strong> \u00e9 dubladora da princesa da <strong>Disney<\/strong> <strong>Elsa<\/strong>, do filme <strong>Frozen<\/strong>. <\/p>\n<p>Ela inicia seu repert\u00f3rio em <strong>1920 <\/strong>e vai at\u00e9 os dias atuais, percorrendo o rock cl\u00e1ssico, bossa nova e soul music.<\/p>\n<figure class=\"wp-block-embed is-type-video is-provider-youtube wp-block-embed-youtube wp-embed-aspect-16-9 wp-has-aspect-ratio\">\n<div class=\"wp-block-embed__wrapper\">\n<p><iframe loading=\"lazy\" title=\"I say a little prayer for you (clip) -  Taryn Szpilman\" width=\"500\" height=\"281\" src=\"https:\/\/www.youtube.com\/embed\/tZtLAaqDpLo?feature=oembed\" frameborder=\"0\" allow=\"accelerometer; autoplay; clipboard-write; encrypted-media; gyroscope; picture-in-picture; web-share\" referrerpolicy=\"strict-origin-when-cross-origin\" allowfullscreen><\/iframe><\/p>\n<\/div><figcaption class=\"wp-element-caption\">I say a little prayer for you \u2013 Taryn Szpilman<\/figcaption><\/figure>\n<h4 class=\"wp-block-heading\"><strong>SERVI\u00c7O<\/strong><\/h4>\n<p><em>Um S\u00e9culo de Jazz e Blues<\/em><\/p>\n<p><strong>Quando:<\/strong> 6 de abril, s\u00e1bado <br \/><strong>Onde:<\/strong> Teatro Sesi de Ribeir\u00e3o Preto <br \/><strong>Endere\u00e7o:<\/strong> Rua Jo\u00e3o Ignachiti, 20-364 \u2013 Jardim Castelo Branco <br \/><strong>Hor\u00e1rio:<\/strong> 20h <br \/><strong>Ingressos:<\/strong> Gratuito. Reservar ingressos atrav\u00e9s do site <a href=\"https:\/\/www.sesisp.org.br\/evento\/2e425591-5a04-40dc-a0ce-18fa264946a7\/taryn-szpilman-um-seculo-de-jazz-e-blues-dos-anos-1920-a-2020\" target=\"_blank\" rel=\"noreferrer noopener\">Meu Sesi<\/a><\/p>\n<p>SAIBA MAIS<\/p>\n<p>Entenda por que 1\u00ba de abril \u00e9 considerado o Dia da Mentira<\/p>\n<h4 class=\"wp-block-heading\"><strong>FIQUE ON<\/strong><\/h4>\n<p>Fique ligado em tudo que acontece em Ribeir\u00e3o Preto e regi\u00e3o. Siga os perfis do\u00a0<strong>acidade on\u00a0<\/strong>no\u00a0<a href=\"https:\/\/www.instagram.com\/acidadeonribeirao\" target=\"_blank\" rel=\"noreferrer noopener\">Instagram<\/a>\u00a0e no\u00a0<a href=\"https:\/\/www.facebook.com\/acidadeonribeirao\" target=\"_blank\" rel=\"noreferrer noopener\">Facebook<\/a>.<\/p>\n<p>Receba not\u00edcias do acidade on no WhatsApp. Para entrar no grupo, basta\u00a0<a href=\"https:\/\/chat.whatsapp.com\/GFH9HUMUTHNFJdnyEd0xxq\" target=\"_blank\" rel=\"noreferrer noopener\">clicar aqui<\/a>.<\/p>\n<p>Fa\u00e7a uma den\u00fancia ou sugira uma reportagem sobre Ribeir\u00e3o Preto e regi\u00e3o pelo WhatsApp: 16 99117 7802.<\/p>\n<p>VEJA TAMB\u00c9M<br \/>Quais filmes Fernanda citou no BBB 24? Confira lista<\/p>\n<p><!-- AI CONTENT END 1 -->\n<\/div>\n<\/div>\n<p><script async src=\"\/\/www.instagram.com\/embed.js\"><\/script><br \/>\n<br \/><br \/>\n<br \/><a href=\"https:\/\/www.acidadeon.com\/ribeiraopreto\/lazer-e-cultura\/teatro-sesi-de-ribeirao-recebe-dubladora-de-frozen-no-espetaculo-um-seculo-de-jazz-e-blues\/\">Source link <\/a><\/p>\n<div class='code-block code-block-4' style='margin: 8px auto 8px 0; text-align: left; display: block; clear: both;'>\n\ud83d\udce2 Aviso Legal\n\nO site ismaelcolosi.com.br atua apenas como um canal de divulga\u00e7\u00e3o de oportunidades de emprego e n\u00e3o se responsabiliza pelo processo seletivo, contrata\u00e7\u00e3o ou qualquer outra etapa relacionada \u00e0s vagas publicadas. Todas as informa\u00e7\u00f5es s\u00e3o de responsabilidade dos anunciantes.\n\n\u26a0\ufe0f Aten\u00e7\u00e3o! Nunca pague por promessas de emprego nem compre cursos que garantam contrata\u00e7\u00e3o. Desconfie de qualquer cobran\u00e7a para participar de sele\u00e7\u00f5es.\n\n\n\n<\/div>\n<!-- CONTENT END 1 -->\n","protected":false},"excerpt":{"rendered":"<p>O Teatro Sesi de Ribeir\u00e3o Preto recebe no pr\u00f3ximo s\u00e1bado (6), \u00e0s 20h, a cantora e atriz Taryn Szpilman, com um espet\u00e1culo com est\u00e9tica dos&#8230;<\/p>\n","protected":false},"author":1,"featured_media":44956,"comment_status":"open","ping_status":"open","sticky":false,"template":"","format":"standard","meta":{"_uag_custom_page_level_css":"","advanced_seo_description":"","jetpack_seo_html_title":"","jetpack_seo_noindex":false,"jetpack_post_was_ever_published":false,"_jetpack_newsletter_access":"","_jetpack_dont_email_post_to_subs":false,"_jetpack_newsletter_tier_id":0,"_jetpack_memberships_contains_paywalled_content":false,"_jetpack_memberships_contains_paid_content":false,"footnotes":"","jetpack_publicize_message":"","jetpack_publicize_feature_enabled":true,"jetpack_social_post_already_shared":true,"jetpack_social_options":{"image_generator_settings":{"template":"highway","default_image_id":0,"font":"","enabled":false},"version":2}},"categories":[11],"tags":[],"class_list":["post-44955","post","type-post","status-publish","format-standard","has-post-thumbnail","hentry","category-noticias-de-ribeirao-preto-sp-e-regiao-ismael-colosi"],"jetpack_publicize_connections":[],"jetpack_featured_media_url":"https:\/\/i0.wp.com\/ismaelcolosi.com.br\/wp-content\/uploads\/2024\/04\/Copia-de-Copia-de-TAMANHO-EXATO-PARA-FOTOS-NO-SISTEMA-NOVO-8.jpg?fit=1200%2C675&ssl=1","uagb_featured_image_src":{"full":["https:\/\/i0.wp.com\/ismaelcolosi.com.br\/wp-content\/uploads\/2024\/04\/Copia-de-Copia-de-TAMANHO-EXATO-PARA-FOTOS-NO-SISTEMA-NOVO-8.jpg?fit=1200%2C675&ssl=1",1200,675,false],"thumbnail":["https:\/\/i0.wp.com\/ismaelcolosi.com.br\/wp-content\/uploads\/2024\/04\/Copia-de-Copia-de-TAMANHO-EXATO-PARA-FOTOS-NO-SISTEMA-NOVO-8.jpg?resize=150%2C150&ssl=1",150,150,true],"medium":["https:\/\/i0.wp.com\/ismaelcolosi.com.br\/wp-content\/uploads\/2024\/04\/Copia-de-Copia-de-TAMANHO-EXATO-PARA-FOTOS-NO-SISTEMA-NOVO-8.jpg?fit=300%2C169&ssl=1",300,169,true],"medium_large":["https:\/\/i0.wp.com\/ismaelcolosi.com.br\/wp-content\/uploads\/2024\/04\/Copia-de-Copia-de-TAMANHO-EXATO-PARA-FOTOS-NO-SISTEMA-NOVO-8.jpg?fit=768%2C432&ssl=1",768,432,true],"large":["https:\/\/i0.wp.com\/ismaelcolosi.com.br\/wp-content\/uploads\/2024\/04\/Copia-de-Copia-de-TAMANHO-EXATO-PARA-FOTOS-NO-SISTEMA-NOVO-8.jpg?fit=1024%2C576&ssl=1",1024,576,true],"1536x1536":["https:\/\/i0.wp.com\/ismaelcolosi.com.br\/wp-content\/uploads\/2024\/04\/Copia-de-Copia-de-TAMANHO-EXATO-PARA-FOTOS-NO-SISTEMA-NOVO-8.jpg?fit=1200%2C675&ssl=1",1200,675,true],"2048x2048":["https:\/\/i0.wp.com\/ismaelcolosi.com.br\/wp-content\/uploads\/2024\/04\/Copia-de-Copia-de-TAMANHO-EXATO-PARA-FOTOS-NO-SISTEMA-NOVO-8.jpg?fit=1200%2C675&ssl=1",1200,675,true],"really-simple-thumb":["https:\/\/i0.wp.com\/ismaelcolosi.com.br\/wp-content\/uploads\/2024\/04\/Copia-de-Copia-de-TAMANHO-EXATO-PARA-FOTOS-NO-SISTEMA-NOVO-8.jpg?resize=370%2C247&ssl=1",370,247,true]},"uagb_author_info":{"display_name":"ismaelcolosi.com.br","author_link":"https:\/\/ismaelcolosi.com.br\/index.php\/author\/vidareal-online\/"},"uagb_comment_info":0,"uagb_excerpt":"O Teatro Sesi de Ribeir\u00e3o Preto recebe no pr\u00f3ximo s\u00e1bado (6), \u00e0s 20h, a cantora e atriz Taryn Szpilman, com um espet\u00e1culo com est\u00e9tica dos...","jetpack-related-posts":[{"id":5316,"url":"https:\/\/ismaelcolosi.com.br\/index.php\/2023\/11\/23\/dubladora-de-frozen-taryn-szpilman-faz-show-gratuito-em-ribeirao-preto\/","url_meta":{"origin":44955,"position":0},"title":"Dubladora de Frozen, Taryn Szpilman, faz show gratuito em Ribeir\u00e3o Preto\u00a0\u00a0","author":"ismaelcolosi.com.br","date":"23 de November de 2023","format":false,"excerpt":"O Teatro Sesi de Ribeir\u00e3o Preto, localizado no Jardim Castelo Branco, ir\u00e1 receber, neste s\u00e1bado (25), o espet\u00e1culo \u201cUm s\u00e9culo de Jazz e Blues\u201d, \u00e0s 20h, com a cantora Taryn Szpilman. A entrada \u00e9 gratuita, mas \u00e9 preciso reservar. A cantora \u00e9 conhecida por ser a dubladora de Elsa, do\u2026","rel":"","context":"In &quot;Not\u00edcias de Ribeir\u00e3o Preto-SP e Regi\u00e3o&quot;","block_context":{"text":"Not\u00edcias de Ribeir\u00e3o Preto-SP e Regi\u00e3o","link":"https:\/\/ismaelcolosi.com.br\/index.php\/category\/noticias-de-ribeirao-preto-sp-e-regiao-ismael-colosi\/"},"img":{"alt_text":"","src":"https:\/\/i0.wp.com\/ismaelcolosi.com.br\/wp-content\/uploads\/2023\/11\/Taryn-capa-cor-cred-Rodrigo-Castro-scaled.jpg?fit=1200%2C901&ssl=1&resize=350%2C200","width":350,"height":200,"srcset":"https:\/\/i0.wp.com\/ismaelcolosi.com.br\/wp-content\/uploads\/2023\/11\/Taryn-capa-cor-cred-Rodrigo-Castro-scaled.jpg?fit=1200%2C901&ssl=1&resize=350%2C200 1x, https:\/\/i0.wp.com\/ismaelcolosi.com.br\/wp-content\/uploads\/2023\/11\/Taryn-capa-cor-cred-Rodrigo-Castro-scaled.jpg?fit=1200%2C901&ssl=1&resize=525%2C300 1.5x, https:\/\/i0.wp.com\/ismaelcolosi.com.br\/wp-content\/uploads\/2023\/11\/Taryn-capa-cor-cred-Rodrigo-Castro-scaled.jpg?fit=1200%2C901&ssl=1&resize=700%2C400 2x, https:\/\/i0.wp.com\/ismaelcolosi.com.br\/wp-content\/uploads\/2023\/11\/Taryn-capa-cor-cred-Rodrigo-Castro-scaled.jpg?fit=1200%2C901&ssl=1&resize=1050%2C600 3x"},"classes":[]},{"id":5926,"url":"https:\/\/ismaelcolosi.com.br\/index.php\/2023\/11\/24\/daniel-sandy-e-amazing-tenors-veja-o-que-curtir-no-fim-de-semana-em-ribeirao\/","url_meta":{"origin":44955,"position":1},"title":"Daniel, Sandy e Amazing Tenors:\u00a0Veja o que curtir no fim de semana em Ribeir\u00e3o","author":"ismaelcolosi.com.br","date":"24 de November de 2023","format":false,"excerpt":"O fim de semana em Ribeir\u00e3o Preto est\u00e1 repleto de op\u00e7\u00f5es musicais para todos os gostos e todas as idades.\u00a0 Tem show sertanejo, espet\u00e1culo de Natal, festivais de m\u00fasica, orquestra em igreja, apresenta\u00e7\u00f5es em teatros e, al\u00e9m disso, feira gratuita com troca de livro. \u00a0 Confira a programa\u00e7\u00e3o FESTIVAL SUPERNOVA\u00a0\u2026","rel":"","context":"In &quot;Not\u00edcias de Ribeir\u00e3o Preto-SP e Regi\u00e3o&quot;","block_context":{"text":"Not\u00edcias de Ribeir\u00e3o Preto-SP e Regi\u00e3o","link":"https:\/\/ismaelcolosi.com.br\/index.php\/category\/noticias-de-ribeirao-preto-sp-e-regiao-ismael-colosi\/"},"img":{"alt_text":"","src":"https:\/\/i0.wp.com\/ismaelcolosi.com.br\/wp-content\/uploads\/2023\/11\/393998239_18392266828052536_6057001647339248478_n.jpg?fit=1080%2C722&ssl=1&resize=350%2C200","width":350,"height":200,"srcset":"https:\/\/i0.wp.com\/ismaelcolosi.com.br\/wp-content\/uploads\/2023\/11\/393998239_18392266828052536_6057001647339248478_n.jpg?fit=1080%2C722&ssl=1&resize=350%2C200 1x, https:\/\/i0.wp.com\/ismaelcolosi.com.br\/wp-content\/uploads\/2023\/11\/393998239_18392266828052536_6057001647339248478_n.jpg?fit=1080%2C722&ssl=1&resize=525%2C300 1.5x, https:\/\/i0.wp.com\/ismaelcolosi.com.br\/wp-content\/uploads\/2023\/11\/393998239_18392266828052536_6057001647339248478_n.jpg?fit=1080%2C722&ssl=1&resize=700%2C400 2x, https:\/\/i0.wp.com\/ismaelcolosi.com.br\/wp-content\/uploads\/2023\/11\/393998239_18392266828052536_6057001647339248478_n.jpg?fit=1080%2C722&ssl=1&resize=1050%2C600 3x"},"classes":[]},{"id":45139,"url":"https:\/\/ismaelcolosi.com.br\/index.php\/2024\/04\/02\/marisa-orth-e-tania-bondezan-se-apresentam-em-ribeirao-preto-veja-quando\/","url_meta":{"origin":44955,"position":2},"title":"Marisa Orth e Tania Bondezan se apresentam em Ribeir\u00e3o Preto; Veja quando","author":"ismaelcolosi.com.br","date":"2 de April de 2024","format":false,"excerpt":"As atrizes Marisa Orth e Tania Bondezan desembarcam no Theatro Pedro II, Ribeir\u00e3o Preto, nos dias 06 e 07 de julho, para apresentar a com\u00e9dia \u2018Radojka\u2019. Os ingressos j\u00e1 est\u00e3o dispon\u00edveis. Dirigido por Odilon Wagner, a pe\u00e7a foi escrito pelos uruguaios Fernando Schmidt e Christian Ibarzabal e encenada em 12\u2026","rel":"","context":"In &quot;Not\u00edcias de Ribeir\u00e3o Preto-SP e Regi\u00e3o&quot;","block_context":{"text":"Not\u00edcias de Ribeir\u00e3o Preto-SP e Regi\u00e3o","link":"https:\/\/ismaelcolosi.com.br\/index.php\/category\/noticias-de-ribeirao-preto-sp-e-regiao-ismael-colosi\/"},"img":{"alt_text":"","src":"https:\/\/i0.wp.com\/ismaelcolosi.com.br\/wp-content\/uploads\/2024\/04\/teatro_.png?fit=693%2C507&ssl=1&resize=350%2C200","width":350,"height":200,"srcset":"https:\/\/i0.wp.com\/ismaelcolosi.com.br\/wp-content\/uploads\/2024\/04\/teatro_.png?fit=693%2C507&ssl=1&resize=350%2C200 1x, https:\/\/i0.wp.com\/ismaelcolosi.com.br\/wp-content\/uploads\/2024\/04\/teatro_.png?fit=693%2C507&ssl=1&resize=525%2C300 1.5x"},"classes":[]},{"id":64464,"url":"https:\/\/ismaelcolosi.com.br\/index.php\/2024\/09\/07\/sesi-ribeirao-preto-recebe-show-que-mistura-jazz-e-rock-com-a-musica-popular\/","url_meta":{"origin":44955,"position":3},"title":"Sesi Ribeir\u00e3o Preto recebe show que mistura jazz e rock com a m\u00fasica popular","author":"ismaelcolosi.com.br","date":"7 de September de 2024","format":false,"excerpt":"A banda Cataia, que faz uma mistura de jazz e rock com a m\u00fasica popular, apresenta o \u201cProjeto Multicultural \u2013 Show Mesti\u00e7o\u201d neste domingo (8) no Sesi Ribeir\u00e3o Preto, a partir das 19h. A entrada \u00e9 gratuita, mas \u00e9 necess\u00e1rio reservar o ingresso pela internet (clique aqui). O projeto \u00e9\u2026","rel":"","context":"In &quot;Not\u00edcias de Ribeir\u00e3o Preto-SP e Regi\u00e3o&quot;","block_context":{"text":"Not\u00edcias de Ribeir\u00e3o Preto-SP e Regi\u00e3o","link":"https:\/\/ismaelcolosi.com.br\/index.php\/category\/noticias-de-ribeirao-preto-sp-e-regiao-ismael-colosi\/"},"img":{"alt_text":"","src":"https:\/\/i0.wp.com\/ismaelcolosi.com.br\/wp-content\/uploads\/2024\/09\/Banda-Cataia_2024-09-07_20-12-00_jpg_2024-09-07_20-12-00.webp.webp?fit=1200%2C800&ssl=1&resize=350%2C200","width":350,"height":200,"srcset":"https:\/\/i0.wp.com\/ismaelcolosi.com.br\/wp-content\/uploads\/2024\/09\/Banda-Cataia_2024-09-07_20-12-00_jpg_2024-09-07_20-12-00.webp.webp?fit=1200%2C800&ssl=1&resize=350%2C200 1x, https:\/\/i0.wp.com\/ismaelcolosi.com.br\/wp-content\/uploads\/2024\/09\/Banda-Cataia_2024-09-07_20-12-00_jpg_2024-09-07_20-12-00.webp.webp?fit=1200%2C800&ssl=1&resize=525%2C300 1.5x, https:\/\/i0.wp.com\/ismaelcolosi.com.br\/wp-content\/uploads\/2024\/09\/Banda-Cataia_2024-09-07_20-12-00_jpg_2024-09-07_20-12-00.webp.webp?fit=1200%2C800&ssl=1&resize=700%2C400 2x, https:\/\/i0.wp.com\/ismaelcolosi.com.br\/wp-content\/uploads\/2024\/09\/Banda-Cataia_2024-09-07_20-12-00_jpg_2024-09-07_20-12-00.webp.webp?fit=1200%2C800&ssl=1&resize=1050%2C600 3x"},"classes":[]},{"id":43267,"url":"https:\/\/ismaelcolosi.com.br\/index.php\/2024\/03\/20\/sesi-ribeirao-recebe-espetaculo-gratuito-inspirado-nas-festas-dos-anos-60\/","url_meta":{"origin":44955,"position":4},"title":"Sesi Ribeir\u00e3o recebe espet\u00e1culo gratuito inspirado nas festas dos anos 60","author":"ismaelcolosi.com.br","date":"20 de March de 2024","format":false,"excerpt":"No pr\u00f3ximo domingo (24), o Teatro Sesi de Ribeir\u00e3o Preto recebe o show gratuito \u201cMundo Negro\u201d, inspirado nos \u2018Bailes Black\u2019, festas do final da d\u00e9cada de 60. Os interessados podem reservar o ingresso pela internet (Clique aqui). A apresenta\u00e7\u00e3o conta com um repert\u00f3rio recheado de grandes nomes da m\u00fasica como:\u2026","rel":"","context":"In &quot;Not\u00edcias de Ribeir\u00e3o Preto-SP e Regi\u00e3o&quot;","block_context":{"text":"Not\u00edcias de Ribeir\u00e3o Preto-SP e Regi\u00e3o","link":"https:\/\/ismaelcolosi.com.br\/index.php\/category\/noticias-de-ribeirao-preto-sp-e-regiao-ismael-colosi\/"},"img":{"alt_text":"","src":"https:\/\/i0.wp.com\/ismaelcolosi.com.br\/wp-content\/uploads\/2024\/03\/52557169734_f918a908aa_o-scaled.jpg?fit=1200%2C800&ssl=1&resize=350%2C200","width":350,"height":200,"srcset":"https:\/\/i0.wp.com\/ismaelcolosi.com.br\/wp-content\/uploads\/2024\/03\/52557169734_f918a908aa_o-scaled.jpg?fit=1200%2C800&ssl=1&resize=350%2C200 1x, https:\/\/i0.wp.com\/ismaelcolosi.com.br\/wp-content\/uploads\/2024\/03\/52557169734_f918a908aa_o-scaled.jpg?fit=1200%2C800&ssl=1&resize=525%2C300 1.5x, https:\/\/i0.wp.com\/ismaelcolosi.com.br\/wp-content\/uploads\/2024\/03\/52557169734_f918a908aa_o-scaled.jpg?fit=1200%2C800&ssl=1&resize=700%2C400 2x, https:\/\/i0.wp.com\/ismaelcolosi.com.br\/wp-content\/uploads\/2024\/03\/52557169734_f918a908aa_o-scaled.jpg?fit=1200%2C800&ssl=1&resize=1050%2C600 3x"},"classes":[]},{"id":40716,"url":"https:\/\/ismaelcolosi.com.br\/index.php\/2024\/03\/05\/sesi-divulga-programacao-gratuita-de-teatro-em-ribeirao-preto-confira\/","url_meta":{"origin":44955,"position":5},"title":"Sesi divulga programa\u00e7\u00e3o gratuita de teatro em Ribeir\u00e3o Preto; Confira","author":"ismaelcolosi.com.br","date":"5 de March de 2024","format":false,"excerpt":"O Sesi anunciou a programa\u00e7\u00e3o gratuita de teatro para o pr\u00f3ximo final de semana, em Ribeir\u00e3o Preto. Conta\u00e7\u00e3o de hist\u00f3ria e musical infantil ser\u00e3o apresentados no Teatro Sesi. Confira: A partir de sexta-feira (8), o grupo Teatro D\u2019Aldeia apresenta a pe\u00e7a musical \u201cThe Bichos\u201d em dois finais de semana. Os\u2026","rel":"","context":"In &quot;Not\u00edcias de Ribeir\u00e3o Preto-SP e Regi\u00e3o&quot;","block_context":{"text":"Not\u00edcias de Ribeir\u00e3o Preto-SP e Regi\u00e3o","link":"https:\/\/ismaelcolosi.com.br\/index.php\/category\/noticias-de-ribeirao-preto-sp-e-regiao-ismael-colosi\/"},"img":{"alt_text":"","src":"https:\/\/i0.wp.com\/ismaelcolosi.com.br\/wp-content\/uploads\/2024\/03\/AnyConv.com__The-Bichos_Foto01-scaled.webp.webp?fit=1200%2C800&ssl=1&resize=350%2C200","width":350,"height":200,"srcset":"https:\/\/i0.wp.com\/ismaelcolosi.com.br\/wp-content\/uploads\/2024\/03\/AnyConv.com__The-Bichos_Foto01-scaled.webp.webp?fit=1200%2C800&ssl=1&resize=350%2C200 1x, https:\/\/i0.wp.com\/ismaelcolosi.com.br\/wp-content\/uploads\/2024\/03\/AnyConv.com__The-Bichos_Foto01-scaled.webp.webp?fit=1200%2C800&ssl=1&resize=525%2C300 1.5x, https:\/\/i0.wp.com\/ismaelcolosi.com.br\/wp-content\/uploads\/2024\/03\/AnyConv.com__The-Bichos_Foto01-scaled.webp.webp?fit=1200%2C800&ssl=1&resize=700%2C400 2x, https:\/\/i0.wp.com\/ismaelcolosi.com.br\/wp-content\/uploads\/2024\/03\/AnyConv.com__The-Bichos_Foto01-scaled.webp.webp?fit=1200%2C800&ssl=1&resize=1050%2C600 3x"},"classes":[]}],"jetpack_sharing_enabled":true,"jetpack_shortlink":"https:\/\/wp.me\/pfMlyK-bH5","_links":{"self":[{"href":"https:\/\/ismaelcolosi.com.br\/index.php\/wp-json\/wp\/v2\/posts\/44955","targetHints":{"allow":["GET"]}}],"collection":[{"href":"https:\/\/ismaelcolosi.com.br\/index.php\/wp-json\/wp\/v2\/posts"}],"about":[{"href":"https:\/\/ismaelcolosi.com.br\/index.php\/wp-json\/wp\/v2\/types\/post"}],"author":[{"embeddable":true,"href":"https:\/\/ismaelcolosi.com.br\/index.php\/wp-json\/wp\/v2\/users\/1"}],"replies":[{"embeddable":true,"href":"https:\/\/ismaelcolosi.com.br\/index.php\/wp-json\/wp\/v2\/comments?post=44955"}],"version-history":[{"count":0,"href":"https:\/\/ismaelcolosi.com.br\/index.php\/wp-json\/wp\/v2\/posts\/44955\/revisions"}],"wp:featuredmedia":[{"embeddable":true,"href":"https:\/\/ismaelcolosi.com.br\/index.php\/wp-json\/wp\/v2\/media\/44956"}],"wp:attachment":[{"href":"https:\/\/ismaelcolosi.com.br\/index.php\/wp-json\/wp\/v2\/media?parent=44955"}],"wp:term":[{"taxonomy":"category","embeddable":true,"href":"https:\/\/ismaelcolosi.com.br\/index.php\/wp-json\/wp\/v2\/categories?post=44955"},{"taxonomy":"post_tag","embeddable":true,"href":"https:\/\/ismaelcolosi.com.br\/index.php\/wp-json\/wp\/v2\/tags?post=44955"}],"curies":[{"name":"wp","href":"https:\/\/api.w.org\/{rel}","templated":true}]}}