{"id":44907,"date":"2024-04-01T10:18:27","date_gmt":"2024-04-01T13:18:27","guid":{"rendered":"https:\/\/ismaelcolosi.com.br\/index.php\/2024\/04\/01\/bombeiros-retomam-buscas-por-jovem-desaparecido-do-rio-pardo\/"},"modified":"2024-04-01T10:18:27","modified_gmt":"2024-04-01T13:18:27","slug":"bombeiros-retomam-buscas-por-jovem-desaparecido-do-rio-pardo","status":"publish","type":"post","link":"https:\/\/ismaelcolosi.com.br\/index.php\/2024\/04\/01\/bombeiros-retomam-buscas-por-jovem-desaparecido-do-rio-pardo\/","title":{"rendered":"Bombeiros retomam buscas por jovem desaparecido do Rio Pardo"},"content":{"rendered":"<p> <br \/>\n<\/p>\n<div id=\"post-379089\">\n<header class=\"entry-header penci-entry-header penci-title-center\">\n<p>\n<span class=\"entry-meta-item penci-posted-on\"><i class=\"fa fa-clock-o\"\/><time class=\"entry-date published updated\" datetime=\"2024-04-01T10:16:51-03:00\">1 de abril de 2024 | 10:16<\/time><\/span> <\/p>\n<p><span class=\"penci-social-buttons penci-social-share-footer\"><a href=\"#\" class=\"penci-post-like penci_post-meta_item  single-like-button penci-social-item like\" data-post_id=\"379089\" title=\"Like\" data-like=\"Like\" data-unlike=\"Unlike\"><i class=\"fa fa-thumbs-o-up\"\/><span class=\"penci-share-number\">0<\/span><\/a><i class=\"fa fa-facebook\"\/><a class=\"penci-social-item twitter\" target=\"_blank\" rel=\"noopener\" title=\"\" href=\"https:\/\/twitter.com\/intent\/tweet?text=Bombeiros%20retomam%20buscas%20por%20jovem%20desaparecido%20do%20Rio%20Pardo%20-%20https:\/\/www.tribunaribeirao.com.br\/site\/bombeiros-retomam-buscas-por-jovem-desaparecido-do-rio-pardo\/\"><i class=\"fa fa-twitter\"\/><\/a><i class=\"fa fa-whatsapp\"\/><\/span> <\/header>\n<div class=\"penci-entry-content entry-content\">\n<p>O Corpo de Bombeiros retomou nesta segunda-feira (1\u00ba) as buscas por um jovem que desapareceu no rio Pardo no domingo (31), perto do\u00a0bairro Ribeir\u00e3o Verde, em Ribeir\u00e3o Preto.<\/p>\n<p>O Corpo de Bombeiros tinham a informa\u00e7\u00e3o de que se tratava de afogamento de uma crian\u00e7a, mas depois constataram que seria de um jovem de cerca de 20 anos de idade.<\/p>\n<p>A corpora\u00e7\u00e3o atua com mergulhadores no local, pr\u00f3ximo ao Clube dos Feirantes de Ribeir\u00e3o. At\u00e9 o helic\u00f3ptero \u00c1guia chegou a ser utilizado nas buscas.<\/p>\n<\/div>\n<footer class=\"penci-entry-footer\">\n <\/footer>\n<\/div>\n<p><script async src=\"\/\/platform.twitter.com\/widgets.js\" charset=\"utf-8\"><\/script><br \/>\n<br \/><br \/>\n<br \/><a href=\"https:\/\/www.tribunaribeirao.com.br\/site\/bombeiros-retomam-buscas-por-jovem-desaparecido-do-rio-pardo\/\">Source link <\/a><\/p>\n<div class='code-block code-block-4' style='margin: 8px auto 8px 0; text-align: left; display: block; clear: both;'>\n\ud83d\udce2 Aviso Legal\n\nO site ismaelcolosi.com.br atua apenas como um canal de divulga\u00e7\u00e3o de oportunidades de emprego e n\u00e3o se responsabiliza pelo processo seletivo, contrata\u00e7\u00e3o ou qualquer outra etapa relacionada \u00e0s vagas publicadas. Todas as informa\u00e7\u00f5es s\u00e3o de responsabilidade dos anunciantes.\n\n\u26a0\ufe0f Aten\u00e7\u00e3o! Nunca pague por promessas de emprego nem compre cursos que garantam contrata\u00e7\u00e3o. Desconfie de qualquer cobran\u00e7a para participar de sele\u00e7\u00f5es.\n\n\n\n<\/div>\n<!-- CONTENT END 1 -->\n","protected":false},"excerpt":{"rendered":"<p>1 de abril de 2024 | 10:16 0 O Corpo de Bombeiros retomou nesta segunda-feira (1\u00ba) as buscas por um jovem que desapareceu no rio&#8230;<\/p>\n","protected":false},"author":1,"featured_media":44908,"comment_status":"open","ping_status":"open","sticky":false,"template":"","format":"standard","meta":{"_uag_custom_page_level_css":"","advanced_seo_description":"","jetpack_seo_html_title":"","jetpack_seo_noindex":false,"jetpack_post_was_ever_published":false,"_jetpack_newsletter_access":"","_jetpack_dont_email_post_to_subs":false,"_jetpack_newsletter_tier_id":0,"_jetpack_memberships_contains_paywalled_content":false,"_jetpack_memberships_contains_paid_content":false,"footnotes":"","jetpack_publicize_message":"","jetpack_publicize_feature_enabled":true,"jetpack_social_post_already_shared":true,"jetpack_social_options":{"image_generator_settings":{"template":"highway","default_image_id":0,"font":"","enabled":false},"version":2}},"categories":[11],"tags":[232,3441,1529,411,3774,134,5317,1181],"class_list":["post-44907","post","type-post","status-publish","format-standard","has-post-thumbnail","hentry","category-noticias-de-ribeirao-preto-sp-e-regiao-ismael-colosi","tag-bombeiros","tag-buscas","tag-desaparecido","tag-jovem","tag-pardo","tag-por","tag-retomam","tag-rio"],"jetpack_publicize_connections":[],"jetpack_featured_media_url":"https:\/\/i0.wp.com\/ismaelcolosi.com.br\/wp-content\/uploads\/2024\/04\/rio-pardo.jpg?fit=800%2C450&ssl=1","uagb_featured_image_src":{"full":["https:\/\/i0.wp.com\/ismaelcolosi.com.br\/wp-content\/uploads\/2024\/04\/rio-pardo.jpg?fit=800%2C450&ssl=1",800,450,false],"thumbnail":["https:\/\/i0.wp.com\/ismaelcolosi.com.br\/wp-content\/uploads\/2024\/04\/rio-pardo.jpg?resize=150%2C150&ssl=1",150,150,true],"medium":["https:\/\/i0.wp.com\/ismaelcolosi.com.br\/wp-content\/uploads\/2024\/04\/rio-pardo.jpg?fit=300%2C169&ssl=1",300,169,true],"medium_large":["https:\/\/i0.wp.com\/ismaelcolosi.com.br\/wp-content\/uploads\/2024\/04\/rio-pardo.jpg?fit=768%2C432&ssl=1",768,432,true],"large":["https:\/\/i0.wp.com\/ismaelcolosi.com.br\/wp-content\/uploads\/2024\/04\/rio-pardo.jpg?fit=800%2C450&ssl=1",800,450,true],"1536x1536":["https:\/\/i0.wp.com\/ismaelcolosi.com.br\/wp-content\/uploads\/2024\/04\/rio-pardo.jpg?fit=800%2C450&ssl=1",800,450,true],"2048x2048":["https:\/\/i0.wp.com\/ismaelcolosi.com.br\/wp-content\/uploads\/2024\/04\/rio-pardo.jpg?fit=800%2C450&ssl=1",800,450,true],"really-simple-thumb":["https:\/\/i0.wp.com\/ismaelcolosi.com.br\/wp-content\/uploads\/2024\/04\/rio-pardo.jpg?resize=370%2C247&ssl=1",370,247,true]},"uagb_author_info":{"display_name":"ismaelcolosi.com.br","author_link":"https:\/\/ismaelcolosi.com.br\/index.php\/author\/vidareal-online\/"},"uagb_comment_info":0,"uagb_excerpt":"1 de abril de 2024 | 10:16 0 O Corpo de Bombeiros retomou nesta segunda-feira (1\u00ba) as buscas por um jovem que desapareceu no rio...","jetpack-related-posts":[{"id":45105,"url":"https:\/\/ismaelcolosi.com.br\/index.php\/2024\/04\/02\/encontrado-corpo-de-jovem-que-se-afogou-e-estava-desaparecido-no-rio-pardo-em-ribeirao\/","url_meta":{"origin":44907,"position":0},"title":"Encontrado corpo de jovem que se afogou e estava desaparecido no rio Pardo em Ribeir\u00e3o","author":"ismaelcolosi.com.br","date":"2 de April de 2024","format":false,"excerpt":"O corpo do jovem que se afogou no rio Pardo e estava desaparecido foi encontrado pelos bombeiros, na manh\u00e3 desta ter\u00e7a-feira (2), pr\u00f3ximo ao clube de Regatas, na rodovia C\u00e2ndido Portinari, na zona Leste da cidade. O caso O\u00a0Corpo de Bombeiros\u00a0realizou, no domingo (31), buscas por um jovem que desapareceu\u2026","rel":"","context":"In &quot;Not\u00edcias de Ribeir\u00e3o Preto-SP e Regi\u00e3o&quot;","block_context":{"text":"Not\u00edcias de Ribeir\u00e3o Preto-SP e Regi\u00e3o","link":"https:\/\/ismaelcolosi.com.br\/index.php\/category\/noticias-de-ribeirao-preto-sp-e-regiao-ismael-colosi\/"},"img":{"alt_text":"","src":"https:\/\/i0.wp.com\/ismaelcolosi.com.br\/wp-content\/uploads\/2024\/04\/WhatsApp-Image-2024-04-02-at-11.33.55.jpeg?fit=1200%2C635&ssl=1&resize=350%2C200","width":350,"height":200,"srcset":"https:\/\/i0.wp.com\/ismaelcolosi.com.br\/wp-content\/uploads\/2024\/04\/WhatsApp-Image-2024-04-02-at-11.33.55.jpeg?fit=1200%2C635&ssl=1&resize=350%2C200 1x, https:\/\/i0.wp.com\/ismaelcolosi.com.br\/wp-content\/uploads\/2024\/04\/WhatsApp-Image-2024-04-02-at-11.33.55.jpeg?fit=1200%2C635&ssl=1&resize=525%2C300 1.5x, https:\/\/i0.wp.com\/ismaelcolosi.com.br\/wp-content\/uploads\/2024\/04\/WhatsApp-Image-2024-04-02-at-11.33.55.jpeg?fit=1200%2C635&ssl=1&resize=700%2C400 2x, https:\/\/i0.wp.com\/ismaelcolosi.com.br\/wp-content\/uploads\/2024\/04\/WhatsApp-Image-2024-04-02-at-11.33.55.jpeg?fit=1200%2C635&ssl=1&resize=1050%2C600 3x"},"classes":[]},{"id":45023,"url":"https:\/\/ismaelcolosi.com.br\/index.php\/2024\/04\/01\/video-mostra-jovem-antes-de-se-afogar-e-desaparecer-no-rio-pardo-em-ribeirao-preto\/","url_meta":{"origin":44907,"position":1},"title":"V\u00eddeo mostra jovem antes de se afogar e desaparecer no rio Pardo em Ribeir\u00e3o Preto","author":"ismaelcolosi.com.br","date":"1 de April de 2024","format":false,"excerpt":"Um v\u00eddeo que circula pelas redes sociais mostra os dois jovens que se afogaram e um deles, que est\u00e1 desaparecido, em cima de uma jangada (prancha flutuante) na tarde de domingo, no rio Pardo em Ribeir\u00e3o Preto (veja abaixo). As imagens mostram os dois dentro do rio remando com peda\u00e7os\u2026","rel":"","context":"In &quot;Not\u00edcias de Ribeir\u00e3o Preto-SP e Regi\u00e3o&quot;","block_context":{"text":"Not\u00edcias de Ribeir\u00e3o Preto-SP e Regi\u00e3o","link":"https:\/\/ismaelcolosi.com.br\/index.php\/category\/noticias-de-ribeirao-preto-sp-e-regiao-ismael-colosi\/"},"img":{"alt_text":"","src":"https:\/\/i0.wp.com\/ismaelcolosi.com.br\/wp-content\/uploads\/2024\/04\/Copia-de-Copia-de-TAMANHO-EXATO-PARA-FOTOS-NO-SISTEMA-NOVO-18.jpg?fit=1200%2C675&ssl=1&resize=350%2C200","width":350,"height":200,"srcset":"https:\/\/i0.wp.com\/ismaelcolosi.com.br\/wp-content\/uploads\/2024\/04\/Copia-de-Copia-de-TAMANHO-EXATO-PARA-FOTOS-NO-SISTEMA-NOVO-18.jpg?fit=1200%2C675&ssl=1&resize=350%2C200 1x, https:\/\/i0.wp.com\/ismaelcolosi.com.br\/wp-content\/uploads\/2024\/04\/Copia-de-Copia-de-TAMANHO-EXATO-PARA-FOTOS-NO-SISTEMA-NOVO-18.jpg?fit=1200%2C675&ssl=1&resize=525%2C300 1.5x, https:\/\/i0.wp.com\/ismaelcolosi.com.br\/wp-content\/uploads\/2024\/04\/Copia-de-Copia-de-TAMANHO-EXATO-PARA-FOTOS-NO-SISTEMA-NOVO-18.jpg?fit=1200%2C675&ssl=1&resize=700%2C400 2x, https:\/\/i0.wp.com\/ismaelcolosi.com.br\/wp-content\/uploads\/2024\/04\/Copia-de-Copia-de-TAMANHO-EXATO-PARA-FOTOS-NO-SISTEMA-NOVO-18.jpg?fit=1200%2C675&ssl=1&resize=1050%2C600 3x"},"classes":[]},{"id":66823,"url":"https:\/\/ismaelcolosi.com.br\/index.php\/2024\/09\/19\/bombeiros-retomam-buscas-por-turista-de-ribeirao-desaparecido-em-praia-de-sp\/","url_meta":{"origin":44907,"position":2},"title":"Bombeiros retomam buscas por turista de Ribeir\u00e3o desaparecido em praia de SP","author":"ismaelcolosi.com.br","date":"19 de September de 2024","format":false,"excerpt":"O Grupamento de Bombeiros Mar\u00edtimo (GBMar) retomou nesta quinta-feira (19) as buscas pelo morador de Ribeir\u00e3o Preto desaparecido desde domingo (15) na Praia do Mar Casado, localizada no bairro de Pernambuco, em Guaruj\u00e1 (SP). Assista ao v\u00eddeo abaixo. Segundo o GBMar, as opera\u00e7\u00f5es com objetivo de encontrar Alexssander Gregorio da\u2026","rel":"","context":"In &quot;Not\u00edcias de Ribeir\u00e3o Preto-SP e Regi\u00e3o&quot;","block_context":{"text":"Not\u00edcias de Ribeir\u00e3o Preto-SP e Regi\u00e3o","link":"https:\/\/ismaelcolosi.com.br\/index.php\/category\/noticias-de-ribeirao-preto-sp-e-regiao-ismael-colosi\/"},"img":{"alt_text":"","src":"https:\/\/i0.wp.com\/ismaelcolosi.com.br\/wp-content\/uploads\/2024\/09\/BUSCAS_2024-09-19_13-15-43_jpg_2024-09-19_13-15-43.webp.webp?fit=1200%2C861&ssl=1&resize=350%2C200","width":350,"height":200,"srcset":"https:\/\/i0.wp.com\/ismaelcolosi.com.br\/wp-content\/uploads\/2024\/09\/BUSCAS_2024-09-19_13-15-43_jpg_2024-09-19_13-15-43.webp.webp?fit=1200%2C861&ssl=1&resize=350%2C200 1x, https:\/\/i0.wp.com\/ismaelcolosi.com.br\/wp-content\/uploads\/2024\/09\/BUSCAS_2024-09-19_13-15-43_jpg_2024-09-19_13-15-43.webp.webp?fit=1200%2C861&ssl=1&resize=525%2C300 1.5x, https:\/\/i0.wp.com\/ismaelcolosi.com.br\/wp-content\/uploads\/2024\/09\/BUSCAS_2024-09-19_13-15-43_jpg_2024-09-19_13-15-43.webp.webp?fit=1200%2C861&ssl=1&resize=700%2C400 2x, https:\/\/i0.wp.com\/ismaelcolosi.com.br\/wp-content\/uploads\/2024\/09\/BUSCAS_2024-09-19_13-15-43_jpg_2024-09-19_13-15-43.webp.webp?fit=1200%2C861&ssl=1&resize=1050%2C600 3x"},"classes":[]},{"id":45121,"url":"https:\/\/ismaelcolosi.com.br\/index.php\/2024\/04\/02\/encontrado-corpo-de-jovem-que-estava-desaparecido-no-rio-pardo\/","url_meta":{"origin":44907,"position":3},"title":"Encontrado corpo de jovem que estava desaparecido no Rio Pardo","author":"ismaelcolosi.com.br","date":"2 de April de 2024","format":false,"excerpt":"2 de abril de 2024 | 11:56 0 Foi encontrado nesta ter\u00e7a-feira (2) o corpo\u00a0 do jovem que se afogou no rio Pardo. Ele estava desaparecido desde domingo e foi encontrado pelo Corpo de Bombeiros pr\u00f3ximo ao clube de Regatas, na rodovia C\u00e2ndido Portinari, na zona leste da cidade. As\u2026","rel":"","context":"In &quot;Not\u00edcias de Ribeir\u00e3o Preto-SP e Regi\u00e3o&quot;","block_context":{"text":"Not\u00edcias de Ribeir\u00e3o Preto-SP e Regi\u00e3o","link":"https:\/\/ismaelcolosi.com.br\/index.php\/category\/noticias-de-ribeirao-preto-sp-e-regiao-ismael-colosi\/"},"img":{"alt_text":"","src":"https:\/\/i0.wp.com\/ismaelcolosi.com.br\/wp-content\/uploads\/2024\/04\/ab704910-6891-41dd-bff5-4c98391f69f3.jpg?fit=800%2C450&ssl=1&resize=350%2C200","width":350,"height":200,"srcset":"https:\/\/i0.wp.com\/ismaelcolosi.com.br\/wp-content\/uploads\/2024\/04\/ab704910-6891-41dd-bff5-4c98391f69f3.jpg?fit=800%2C450&ssl=1&resize=350%2C200 1x, https:\/\/i0.wp.com\/ismaelcolosi.com.br\/wp-content\/uploads\/2024\/04\/ab704910-6891-41dd-bff5-4c98391f69f3.jpg?fit=800%2C450&ssl=1&resize=525%2C300 1.5x, https:\/\/i0.wp.com\/ismaelcolosi.com.br\/wp-content\/uploads\/2024\/04\/ab704910-6891-41dd-bff5-4c98391f69f3.jpg?fit=800%2C450&ssl=1&resize=700%2C400 2x"},"classes":[]},{"id":44902,"url":"https:\/\/ismaelcolosi.com.br\/index.php\/2024\/04\/01\/dilsinho-e-mumuzinho-se-apresentam-neste-final-de-semana-em-ribeirao-preto\/","url_meta":{"origin":44907,"position":4},"title":"Dilsinho e Mumuzinho se apresentam neste final de semana em Ribeir\u00e3o Preto","author":"ismaelcolosi.com.br","date":"1 de April de 2024","format":false,"excerpt":"O evento Mixturinha acontece neste s\u00e1bado (6), a partir das 16h em Ribeir\u00e3o Preto, no complexo esportivo e restaurante, Kauai Sports. Entre as atra\u00e7\u00f5es confirmadas, est\u00e3o Dilsinho, Mumuzinho e Jo\u00e3o Lucas e Matheus. O Kauai Sports contar\u00e1 com uma estrutura in\u00e9dita para o Mixturinha. O evento n\u00e3o \u00e9 open bar\u2026","rel":"","context":"In &quot;Not\u00edcias de Ribeir\u00e3o Preto-SP e Regi\u00e3o&quot;","block_context":{"text":"Not\u00edcias de Ribeir\u00e3o Preto-SP e Regi\u00e3o","link":"https:\/\/ismaelcolosi.com.br\/index.php\/category\/noticias-de-ribeirao-preto-sp-e-regiao-ismael-colosi\/"},"img":{"alt_text":"","src":"https:\/\/i0.wp.com\/ismaelcolosi.com.br\/wp-content\/uploads\/2024\/04\/Copia-de-Copia-de-TAMANHO-EXATO-PARA-FOTOS-NO-SISTEMA-NOVO-7.jpg?fit=1200%2C675&ssl=1&resize=350%2C200","width":350,"height":200,"srcset":"https:\/\/i0.wp.com\/ismaelcolosi.com.br\/wp-content\/uploads\/2024\/04\/Copia-de-Copia-de-TAMANHO-EXATO-PARA-FOTOS-NO-SISTEMA-NOVO-7.jpg?fit=1200%2C675&ssl=1&resize=350%2C200 1x, https:\/\/i0.wp.com\/ismaelcolosi.com.br\/wp-content\/uploads\/2024\/04\/Copia-de-Copia-de-TAMANHO-EXATO-PARA-FOTOS-NO-SISTEMA-NOVO-7.jpg?fit=1200%2C675&ssl=1&resize=525%2C300 1.5x, https:\/\/i0.wp.com\/ismaelcolosi.com.br\/wp-content\/uploads\/2024\/04\/Copia-de-Copia-de-TAMANHO-EXATO-PARA-FOTOS-NO-SISTEMA-NOVO-7.jpg?fit=1200%2C675&ssl=1&resize=700%2C400 2x, https:\/\/i0.wp.com\/ismaelcolosi.com.br\/wp-content\/uploads\/2024\/04\/Copia-de-Copia-de-TAMANHO-EXATO-PARA-FOTOS-NO-SISTEMA-NOVO-7.jpg?fit=1200%2C675&ssl=1&resize=1050%2C600 3x"},"classes":[]},{"id":44870,"url":"https:\/\/ismaelcolosi.com.br\/index.php\/2024\/03\/31\/jovem-desaparece-no-rio-pardo-em-ribeirao-preto-buscam-serao-retomadas-nesta-segunda-feira\/","url_meta":{"origin":44907,"position":5},"title":"Jovem desaparece no rio Pardo em Ribeir\u00e3o Preto; Buscam ser\u00e3o retomadas nesta segunda-feira","author":"ismaelcolosi.com.br","date":"31 de March de 2024","format":false,"excerpt":"O Corpo de Bombeiros realizou, neste domingo (31), buscas por um jovem que desapareceu no rio Pardo, pr\u00f3ximo ao bairro Ribeir\u00e3o Verde, em Ribeir\u00e3o Preto. Uma equipe do CB foi acionada para atender uma ocorr\u00eancia de afogamento com informa\u00e7\u00f5es de que a v\u00edtima seria uma crian\u00e7a, entretanto, o \u00f3rg\u00e3o informou\u2026","rel":"","context":"In &quot;Not\u00edcias de Ribeir\u00e3o Preto-SP e Regi\u00e3o&quot;","block_context":{"text":"Not\u00edcias de Ribeir\u00e3o Preto-SP e Regi\u00e3o","link":"https:\/\/ismaelcolosi.com.br\/index.php\/category\/noticias-de-ribeirao-preto-sp-e-regiao-ismael-colosi\/"},"img":{"alt_text":"","src":"https:\/\/i0.wp.com\/ismaelcolosi.com.br\/wp-content\/uploads\/2024\/03\/BOMBEIROS.jpg?fit=1200%2C674&ssl=1&resize=350%2C200","width":350,"height":200,"srcset":"https:\/\/i0.wp.com\/ismaelcolosi.com.br\/wp-content\/uploads\/2024\/03\/BOMBEIROS.jpg?fit=1200%2C674&ssl=1&resize=350%2C200 1x, https:\/\/i0.wp.com\/ismaelcolosi.com.br\/wp-content\/uploads\/2024\/03\/BOMBEIROS.jpg?fit=1200%2C674&ssl=1&resize=525%2C300 1.5x, https:\/\/i0.wp.com\/ismaelcolosi.com.br\/wp-content\/uploads\/2024\/03\/BOMBEIROS.jpg?fit=1200%2C674&ssl=1&resize=700%2C400 2x, https:\/\/i0.wp.com\/ismaelcolosi.com.br\/wp-content\/uploads\/2024\/03\/BOMBEIROS.jpg?fit=1200%2C674&ssl=1&resize=1050%2C600 3x"},"classes":[]}],"jetpack_sharing_enabled":true,"jetpack_shortlink":"https:\/\/wp.me\/pfMlyK-bGj","_links":{"self":[{"href":"https:\/\/ismaelcolosi.com.br\/index.php\/wp-json\/wp\/v2\/posts\/44907","targetHints":{"allow":["GET"]}}],"collection":[{"href":"https:\/\/ismaelcolosi.com.br\/index.php\/wp-json\/wp\/v2\/posts"}],"about":[{"href":"https:\/\/ismaelcolosi.com.br\/index.php\/wp-json\/wp\/v2\/types\/post"}],"author":[{"embeddable":true,"href":"https:\/\/ismaelcolosi.com.br\/index.php\/wp-json\/wp\/v2\/users\/1"}],"replies":[{"embeddable":true,"href":"https:\/\/ismaelcolosi.com.br\/index.php\/wp-json\/wp\/v2\/comments?post=44907"}],"version-history":[{"count":0,"href":"https:\/\/ismaelcolosi.com.br\/index.php\/wp-json\/wp\/v2\/posts\/44907\/revisions"}],"wp:featuredmedia":[{"embeddable":true,"href":"https:\/\/ismaelcolosi.com.br\/index.php\/wp-json\/wp\/v2\/media\/44908"}],"wp:attachment":[{"href":"https:\/\/ismaelcolosi.com.br\/index.php\/wp-json\/wp\/v2\/media?parent=44907"}],"wp:term":[{"taxonomy":"category","embeddable":true,"href":"https:\/\/ismaelcolosi.com.br\/index.php\/wp-json\/wp\/v2\/categories?post=44907"},{"taxonomy":"post_tag","embeddable":true,"href":"https:\/\/ismaelcolosi.com.br\/index.php\/wp-json\/wp\/v2\/tags?post=44907"}],"curies":[{"name":"wp","href":"https:\/\/api.w.org\/{rel}","templated":true}]}}