{"id":44888,"date":"2024-04-01T06:26:42","date_gmt":"2024-04-01T09:26:42","guid":{"rendered":"https:\/\/ismaelcolosi.com.br\/index.php\/2024\/04\/01\/70-dos-recrutadores-eliminam-candidatos-por-mentiras\/"},"modified":"2024-04-01T06:26:42","modified_gmt":"2024-04-01T09:26:42","slug":"70-dos-recrutadores-eliminam-candidatos-por-mentiras","status":"publish","type":"post","link":"https:\/\/ismaelcolosi.com.br\/index.php\/2024\/04\/01\/70-dos-recrutadores-eliminam-candidatos-por-mentiras\/","title":{"rendered":"70% dos recrutadores eliminam candidatos por mentiras"},"content":{"rendered":"<p> <br \/>\n<\/p>\n<div>\n<div id=\"attachment_602938\" class=\"wp-caption alignnone style=\" max-width:=\"\"><img data-recalc-dims=\"1\" fetchpriority=\"high\" decoding=\"async\" class=\"alignnone wp-image-602938 size-full\" src=\"https:\/\/i0.wp.com\/forbes.com.br\/wp-content\/uploads\/2024\/03\/carreira-mentira-curriculo-entrevista-768x512.jpg?resize=678%2C452&#038;ssl=1\" http:=\"\" alt=\"Getty Images\" width=\"678\" height=\"452\" data-lazy-src=\"https:\/\/forbes.com.br\/wp-content\/uploads\/2024\/03\/carreira-mentira-curriculo-entrevista-768x512.jpg\"\/><noscript><img data-recalc-dims=\"1\" fetchpriority=\"high\" decoding=\"async\" class=\"alignnone wp-image-602938 size-full\" src=\"https:\/\/i0.wp.com\/forbes.com.br\/wp-content\/uploads\/2024\/03\/carreira-mentira-curriculo-entrevista-768x512.jpg?resize=678%2C452&#038;ssl=1\" alt=\"Getty Images\" width=\"678\" height=\"452\"\/><\/noscript><\/p>\n<p>Getty Images<\/p>\n<p class=\"wp-caption-text\">Habilidades t\u00e9cnicas e experi\u00eancia profissional s\u00e3o as \u00e1reas com a maior quantidade de mentiras no curr\u00edculo<\/p>\n<\/div>\n<p><span style=\"font-weight: 400;\">Vale tudo para conseguir uma vaga de emprego? <strong>75% dos brasileiros mentem no curr\u00edculo<\/strong>, segundo uma pesquisa da consultoria de recoloca\u00e7\u00e3o profissional de executivos DNA Outplacement.\u00a0<\/span><\/p>\n<p><span style=\"font-weight: 400;\">Essa \u00e9 uma das falhas mais graves em processos seletivos e pode custar essa e outras oportunidades na carreira. <strong>Quase 70% dos recrutadores j\u00e1 eliminaram candidatos por mentiras no curr\u00edculo<\/strong>, mostra o mais recente \u00cdndice de Confian\u00e7a da Robert Half. \u201cEmbora possa parecer uma t\u00e1tica para obter destaque frente a outros profissionais, recorrer \u00e0 mentira no curr\u00edculo nunca \u00e9 uma escolha sensata\u201d, afirma Fernando Mantovani, diretor-geral da consultoria para a Am\u00e9rica do Sul.\u00a0<\/span><\/p>\n<ul>\n<li><b>Siga a<\/b><a href=\"https:\/\/whatsapp.com\/channel\/0029Va9gQKwBFLgM96cJnu0u\"> <b>Forbes<\/b><\/a><b> no WhatsApp e receba as principais not\u00edcias sobre neg\u00f3cios, carreira, tecnologia e estilo de vida<\/b><\/li>\n<\/ul>\n<p><span style=\"font-weight: 400;\">Por menores que sejam, as mentiras podem custar a credibilidade de um profissional, um dos maiores ativos para a sua carreira. \u201cA descoberta de uma mentira coloca em xeque todas as demais verdades contadas\u201d, afirma o executivo, o que pode acontecer em qualquer cargo e momento profissional.<\/span><\/p>\n<p><span style=\"font-weight: 400;\">Habilidades t\u00e9cnicas e experi\u00eancia profissional s\u00e3o as \u00e1reas com a maior quantidade de inconsist\u00eancias encontradas por recrutadores. \u201cA melhor abordagem \u00e9 investir na pr\u00f3pria capacita\u00e7\u00e3o e aprimoramento profissional para garantir as compet\u00eancias exigidas para as vagas desejadas\u201d, diz Mantovani, da Robert Half. Na falta de um ou outro requisito, ser honesto e demonstrar interesse e vontade de aprender s\u00e3o os melhores caminhos.<\/span><\/p>\n<p><strong>Leia tamb\u00e9m:<\/strong><\/p>\n<p><span style=\"font-weight: 400;\">Veja as mentiras mais comuns em curr\u00edculos \u2013 e fuja delas:<\/span><\/p>\n<ol>\n<li><b> Habilidades t\u00e9cnicas:<\/b><span style=\"font-weight: 400;\"> mais da metade dos recrutadores (50,89%) identificam candidatos que exageram ao descrever suas habilidades t\u00e9cnicas ou conhecimentos espec\u00edficos;<\/span><\/li>\n<li><b> Experi\u00eancia profissional: <\/b><span style=\"font-weight: 400;\">cerca de 50% dos profissionais de recrutamento e sele\u00e7\u00e3o encontram afirma\u00e7\u00f5es falsas relacionadas a cargos anteriores dos candidatos;<\/span><\/li>\n<li><b> Profici\u00eancia em idiomas<\/b><span style=\"font-weight: 400;\">: 32,68% dos recrutadores descobriram que os candidatos inflaram suas habilidades lingu\u00edsticas;<\/span><\/li>\n<li><b> Sa\u00eddas de empregos anteriores: <\/b><span style=\"font-weight: 400;\">ocultar ou distorcer informa\u00e7\u00f5es sobre experi\u00eancias passadas, principalmente sobre o motivo da sa\u00edda, j\u00e1 foi o motivo de elimina\u00e7\u00e3o, segundo 29,92% dos recrutadores;<\/span><\/li>\n<li><b> Hist\u00f3rico educacional: <\/b><span style=\"font-weight: 400;\">26,18% dos recrutadores j\u00e1 se depararam com candidatos que mentiram sobre sua forma\u00e7\u00e3o e hist\u00f3rico educacional.<\/span><\/li>\n<\/ol>\n<p><span style=\"font-weight: 400;\">Os recrutadores tamb\u00e9m percebem outras inconsist\u00eancias nos curr\u00edculos, como conquistas pessoais ou profissionais inventadas ou exageradas (21,30%), per\u00edodos de emprego omitidos ou relatados de forma equivocada (20,98%) e falsas alega\u00e7\u00f5es sobre participa\u00e7\u00e3o em projetos (18,86%).<\/span><\/p>\n<\/div>\n<p><script type=\"rocketlazyloadscript\">\n\t\t\t\t(function(d, s, id){\n\t\t\t\t\tvar js, fjs = d.getElementsByTagName(s)[0];\n\t\t\t\t\tif (d.getElementById(id)) return;\n\t\t\t\t\tjs = d.createElement(s); js.id = id;\n\t\t\t\t\tjs.src = \"\/\/connect.facebook.net\/pt_BR\/sdk.js#xfbml=1&version=v2.9\";\n\t\t\t\t\tfjs.parentNode.insertBefore(js, fjs);\n\t\t\t\t}(document, 'script', 'facebook-jssdk'));\n\t\t\t<\/script><br \/>\n<br \/><br \/>\n<br \/><a href=\"https:\/\/forbes.com.br\/carreira\/2024\/04\/dia-da-mentira-quase-70-dos-recrutadores-ja-eliminaram-candidatos-por-mentir-no-curriculo\/\">Source link <\/a><\/p>\n<div class='code-block code-block-4' style='margin: 8px auto 8px 0; text-align: left; display: block; clear: both;'>\n\ud83d\udce2 Aviso Legal\n\nO site ismaelcolosi.com.br atua apenas como um canal de divulga\u00e7\u00e3o de oportunidades de emprego e n\u00e3o se responsabiliza pelo processo seletivo, contrata\u00e7\u00e3o ou qualquer outra etapa relacionada \u00e0s vagas publicadas. Todas as informa\u00e7\u00f5es s\u00e3o de responsabilidade dos anunciantes.\n\n\u26a0\ufe0f Aten\u00e7\u00e3o! Nunca pague por promessas de emprego nem compre cursos que garantam contrata\u00e7\u00e3o. Desconfie de qualquer cobran\u00e7a para participar de sele\u00e7\u00f5es.\n\n\n\n<\/div>\n<!-- CONTENT END 1 -->\n","protected":false},"excerpt":{"rendered":"<p>Getty Images Habilidades t\u00e9cnicas e experi\u00eancia profissional s\u00e3o as \u00e1reas com a maior quantidade de mentiras no curr\u00edculo Vale tudo para conseguir uma vaga de&#8230;<\/p>\n","protected":false},"author":1,"featured_media":44889,"comment_status":"open","ping_status":"open","sticky":false,"template":"","format":"standard","meta":{"_uag_custom_page_level_css":"","advanced_seo_description":"","jetpack_seo_html_title":"","jetpack_seo_noindex":false,"jetpack_post_was_ever_published":false,"_jetpack_newsletter_access":"","_jetpack_dont_email_post_to_subs":false,"_jetpack_newsletter_tier_id":0,"_jetpack_memberships_contains_paywalled_content":false,"_jetpack_memberships_contains_paid_content":false,"footnotes":"","jetpack_publicize_message":"","jetpack_publicize_feature_enabled":true,"jetpack_social_post_already_shared":true,"jetpack_social_options":{"image_generator_settings":{"template":"highway","default_image_id":0,"font":"","enabled":false},"version":2}},"categories":[1964],"tags":[],"class_list":["post-44888","post","type-post","status-publish","format-standard","has-post-thumbnail","hentry","category-carreira-e-sucesso-dicas-para-carreira"],"jetpack_publicize_connections":[],"jetpack_featured_media_url":"https:\/\/i0.wp.com\/ismaelcolosi.com.br\/wp-content\/uploads\/2024\/04\/carreira-mentira-curriculo-entrevista-1024x683.jpg?fit=1024%2C683&ssl=1","uagb_featured_image_src":{"full":["https:\/\/i0.wp.com\/ismaelcolosi.com.br\/wp-content\/uploads\/2024\/04\/carreira-mentira-curriculo-entrevista-1024x683.jpg?fit=1024%2C683&ssl=1",1024,683,false],"thumbnail":["https:\/\/i0.wp.com\/ismaelcolosi.com.br\/wp-content\/uploads\/2024\/04\/carreira-mentira-curriculo-entrevista-1024x683.jpg?resize=150%2C150&ssl=1",150,150,true],"medium":["https:\/\/i0.wp.com\/ismaelcolosi.com.br\/wp-content\/uploads\/2024\/04\/carreira-mentira-curriculo-entrevista-1024x683.jpg?fit=300%2C200&ssl=1",300,200,true],"medium_large":["https:\/\/i0.wp.com\/ismaelcolosi.com.br\/wp-content\/uploads\/2024\/04\/carreira-mentira-curriculo-entrevista-1024x683.jpg?fit=768%2C512&ssl=1",768,512,true],"large":["https:\/\/i0.wp.com\/ismaelcolosi.com.br\/wp-content\/uploads\/2024\/04\/carreira-mentira-curriculo-entrevista-1024x683.jpg?fit=1024%2C683&ssl=1",1024,683,true],"1536x1536":["https:\/\/i0.wp.com\/ismaelcolosi.com.br\/wp-content\/uploads\/2024\/04\/carreira-mentira-curriculo-entrevista-1024x683.jpg?fit=1024%2C683&ssl=1",1024,683,true],"2048x2048":["https:\/\/i0.wp.com\/ismaelcolosi.com.br\/wp-content\/uploads\/2024\/04\/carreira-mentira-curriculo-entrevista-1024x683.jpg?fit=1024%2C683&ssl=1",1024,683,true],"really-simple-thumb":["https:\/\/i0.wp.com\/ismaelcolosi.com.br\/wp-content\/uploads\/2024\/04\/carreira-mentira-curriculo-entrevista-1024x683.jpg?resize=370%2C247&ssl=1",370,247,true]},"uagb_author_info":{"display_name":"ismaelcolosi.com.br","author_link":"https:\/\/ismaelcolosi.com.br\/index.php\/author\/vidareal-online\/"},"uagb_comment_info":0,"uagb_excerpt":"Getty Images Habilidades t\u00e9cnicas e experi\u00eancia profissional s\u00e3o as \u00e1reas com a maior quantidade de mentiras no curr\u00edculo Vale tudo para conseguir uma vaga de...","jetpack-related-posts":[{"id":44890,"url":"https:\/\/ismaelcolosi.com.br\/index.php\/2024\/04\/01\/as-mentiras-que-os-candidatos-colocam-no-curriculo-veja-as-5-mais-comuns\/","url_meta":{"origin":44888,"position":0},"title":"As mentiras que os candidatos colocam no curr\u00edculo. Veja as 5 mais comuns","author":"ismaelcolosi.com.br","date":"1 de April de 2024","format":false,"excerpt":"Da reda\u00e7\u00e3oi Da reda\u00e7\u00e3o 01\/04\/2024 - 7:00 O 1\u00ba de abril \u00e9 conhecido popularmente como o Dia da Mentira, uma data que \u00e9 sin\u00f4nimo de brincadeiras e pegadinhas. Embora seja uma celebra\u00e7\u00e3o inofensiva, no contexto corporativo \u00e9 fundamental deixar as \u201cmentirinhas\u201d de lado, especialmente durante um processo seletivo. Segundo a\u2026","rel":"","context":"In &quot;Empregos - Classificados&quot;","block_context":{"text":"Empregos - Classificados","link":"https:\/\/ismaelcolosi.com.br\/index.php\/category\/empregos-classificados-vagas-trabalho\/"},"img":{"alt_text":"","src":"https:\/\/i0.wp.com\/ismaelcolosi.com.br\/wp-content\/uploads\/2024\/04\/curriculofreepik.jpg?fit=900%2C600&ssl=1&resize=350%2C200","width":350,"height":200,"srcset":"https:\/\/i0.wp.com\/ismaelcolosi.com.br\/wp-content\/uploads\/2024\/04\/curriculofreepik.jpg?fit=900%2C600&ssl=1&resize=350%2C200 1x, https:\/\/i0.wp.com\/ismaelcolosi.com.br\/wp-content\/uploads\/2024\/04\/curriculofreepik.jpg?fit=900%2C600&ssl=1&resize=525%2C300 1.5x, https:\/\/i0.wp.com\/ismaelcolosi.com.br\/wp-content\/uploads\/2024\/04\/curriculofreepik.jpg?fit=900%2C600&ssl=1&resize=700%2C400 2x"},"classes":[]},{"id":84175,"url":"https:\/\/ismaelcolosi.com.br\/index.php\/2025\/04\/01\/as-5-principais-falsificacoes-no-curriculo\/","url_meta":{"origin":44888,"position":1},"title":"as 5 principais falsifica\u00e7\u00f5es no curr\u00edculo","author":"ismaelcolosi.com.br","date":"1 de April de 2025","format":false,"excerpt":"\r Getty Images\r No Dia da Mentira, saiba como falar sobre demiss\u00f5es e experi\u00eancias negativas sem inventar hist\u00f3rias\r Acessibilidade \r L\r L\r A-\r A+\r \r \u25d0\r \r \u00a0 Quem nunca inflou uma experi\u00eancia no curr\u00edculo, escondeu o real motivo de uma demiss\u00e3o ou fingiu flu\u00eancia em um idioma que mal\u2026","rel":"","context":"In &quot;Carreira e Sucesso&quot;","block_context":{"text":"Carreira e Sucesso","link":"https:\/\/ismaelcolosi.com.br\/index.php\/category\/carreira-e-sucesso-dicas-para-carreira\/"},"img":{"alt_text":"","src":"https:\/\/i0.wp.com\/ismaelcolosi.com.br\/wp-content\/uploads\/2025\/04\/carreira-mentira-trabalho-1200x675.jpg?fit=1200%2C675&ssl=1&resize=350%2C200","width":350,"height":200,"srcset":"https:\/\/i0.wp.com\/ismaelcolosi.com.br\/wp-content\/uploads\/2025\/04\/carreira-mentira-trabalho-1200x675.jpg?fit=1200%2C675&ssl=1&resize=350%2C200 1x, https:\/\/i0.wp.com\/ismaelcolosi.com.br\/wp-content\/uploads\/2025\/04\/carreira-mentira-trabalho-1200x675.jpg?fit=1200%2C675&ssl=1&resize=525%2C300 1.5x, https:\/\/i0.wp.com\/ismaelcolosi.com.br\/wp-content\/uploads\/2025\/04\/carreira-mentira-trabalho-1200x675.jpg?fit=1200%2C675&ssl=1&resize=700%2C400 2x, https:\/\/i0.wp.com\/ismaelcolosi.com.br\/wp-content\/uploads\/2025\/04\/carreira-mentira-trabalho-1200x675.jpg?fit=1200%2C675&ssl=1&resize=1050%2C600 3x"},"classes":[]},{"id":14209,"url":"https:\/\/ismaelcolosi.com.br\/index.php\/2023\/12\/11\/veja-sobre-o-que-as-pessoas-mentem-no-curriculo\/","url_meta":{"origin":44888,"position":2},"title":"Veja sobre o que as pessoas mentem no curr\u00edculo","author":"ismaelcolosi.com.br","date":"11 de December de 2023","format":false,"excerpt":"Getty ImagesGeorge Santos, ex-deputado nos EUA filho de brasileiros, mentiu sobre ter estudado na Universidade de Nova York e ter trabalhado no Goldman Sachs e Citigroup Na \u00faltima sexta-feira (1), a C\u00e2mara dos Estados Unidos cassou o mandato de George Santos, deputado republicano filho de brasileiros, por acusa\u00e7\u00f5es de corrup\u00e7\u00e3o\u2026","rel":"","context":"In &quot;Carreira e Sucesso&quot;","block_context":{"text":"Carreira e Sucesso","link":"https:\/\/ismaelcolosi.com.br\/index.php\/category\/carreira-e-sucesso-dicas-para-carreira\/"},"img":{"alt_text":"","src":"https:\/\/i0.wp.com\/ismaelcolosi.com.br\/wp-content\/uploads\/2023\/12\/carreira-george-santos-mentiras-1024x683.jpg?fit=1024%2C683&ssl=1&resize=350%2C200","width":350,"height":200,"srcset":"https:\/\/i0.wp.com\/ismaelcolosi.com.br\/wp-content\/uploads\/2023\/12\/carreira-george-santos-mentiras-1024x683.jpg?fit=1024%2C683&ssl=1&resize=350%2C200 1x, https:\/\/i0.wp.com\/ismaelcolosi.com.br\/wp-content\/uploads\/2023\/12\/carreira-george-santos-mentiras-1024x683.jpg?fit=1024%2C683&ssl=1&resize=525%2C300 1.5x, https:\/\/i0.wp.com\/ismaelcolosi.com.br\/wp-content\/uploads\/2023\/12\/carreira-george-santos-mentiras-1024x683.jpg?fit=1024%2C683&ssl=1&resize=700%2C400 2x"},"classes":[]},{"id":89716,"url":"https:\/\/ismaelcolosi.com.br\/index.php\/2026\/04\/01\/58-dos-recrutadores-ja-eliminaram-candidatos-por-distorcoes-no-curriculo\/","url_meta":{"origin":44888,"position":3},"title":"58% dos Recrutadores J\u00e1 Eliminaram Candidatos por Distor\u00e7\u00f5es no Curr\u00edculo","author":"ismaelcolosi.com.br","date":"1 de April de 2026","format":false,"excerpt":"Dar aquela \u201cvalorizada\u201d no curr\u00edculo pode at\u00e9 parecer inofensivo, mas na era dos documentos gerados por intelig\u00eancia artificial, os recrutadores est\u00e3o com os olhos cada vez mais treinados para identificar inconsist\u00eancias e padr\u00f5es artificiais. Uma pesquisa da consultoria global Robert Half aponta que 58% dos recrutadores no Brasil j\u00e1 desclassificaram\u2026","rel":"","context":"In &quot;Carreira e Sucesso&quot;","block_context":{"text":"Carreira e Sucesso","link":"https:\/\/ismaelcolosi.com.br\/index.php\/category\/carreira-e-sucesso-dicas-para-carreira\/"},"img":{"alt_text":"","src":"https:\/\/i0.wp.com\/ismaelcolosi.com.br\/wp-content\/uploads\/2026\/04\/carreira-entrevista-de-emprego-curriculo-1-1200x675.jpg?fit=1200%2C675&ssl=1&resize=350%2C200","width":350,"height":200,"srcset":"https:\/\/i0.wp.com\/ismaelcolosi.com.br\/wp-content\/uploads\/2026\/04\/carreira-entrevista-de-emprego-curriculo-1-1200x675.jpg?fit=1200%2C675&ssl=1&resize=350%2C200 1x, https:\/\/i0.wp.com\/ismaelcolosi.com.br\/wp-content\/uploads\/2026\/04\/carreira-entrevista-de-emprego-curriculo-1-1200x675.jpg?fit=1200%2C675&ssl=1&resize=525%2C300 1.5x, https:\/\/i0.wp.com\/ismaelcolosi.com.br\/wp-content\/uploads\/2026\/04\/carreira-entrevista-de-emprego-curriculo-1-1200x675.jpg?fit=1200%2C675&ssl=1&resize=700%2C400 2x, https:\/\/i0.wp.com\/ismaelcolosi.com.br\/wp-content\/uploads\/2026\/04\/carreira-entrevista-de-emprego-curriculo-1-1200x675.jpg?fit=1200%2C675&ssl=1&resize=1050%2C600 3x"},"classes":[]},{"id":43296,"url":"https:\/\/ismaelcolosi.com.br\/index.php\/2024\/03\/20\/objetivo-para-primeiro-emprego-confira-7-dicas-valiosas\/","url_meta":{"origin":44888,"position":4},"title":"Objetivo para primeiro emprego: confira 7 dicas valiosas!","author":"ismaelcolosi.com.br","date":"20 de March de 2024","format":false,"excerpt":"O seu curr\u00edculo pode ser o primeiro contato com a empresa que deseja trabalhar, por isso, \u00e9 importante que o objetivo seja claro e se destaque, principalmente se busca pelo primeiro emprego. Para te auxiliar, selecionamos sete dicas valiosas para escrever um objetivo profissional direto, personalizado e com as informa\u00e7\u00f5es\u2026","rel":"","context":"In &quot;Carreira e Sucesso&quot;","block_context":{"text":"Carreira e Sucesso","link":"https:\/\/ismaelcolosi.com.br\/index.php\/category\/carreira-e-sucesso-dicas-para-carreira\/"},"img":{"alt_text":"","src":"https:\/\/i0.wp.com\/ismaelcolosi.com.br\/wp-content\/uploads\/2024\/03\/objetivo-para-primeiro-emprego.jpg?fit=1200%2C675&ssl=1&resize=350%2C200","width":350,"height":200,"srcset":"https:\/\/i0.wp.com\/ismaelcolosi.com.br\/wp-content\/uploads\/2024\/03\/objetivo-para-primeiro-emprego.jpg?fit=1200%2C675&ssl=1&resize=350%2C200 1x, https:\/\/i0.wp.com\/ismaelcolosi.com.br\/wp-content\/uploads\/2024\/03\/objetivo-para-primeiro-emprego.jpg?fit=1200%2C675&ssl=1&resize=525%2C300 1.5x, https:\/\/i0.wp.com\/ismaelcolosi.com.br\/wp-content\/uploads\/2024\/03\/objetivo-para-primeiro-emprego.jpg?fit=1200%2C675&ssl=1&resize=700%2C400 2x, https:\/\/i0.wp.com\/ismaelcolosi.com.br\/wp-content\/uploads\/2024\/03\/objetivo-para-primeiro-emprego.jpg?fit=1200%2C675&ssl=1&resize=1050%2C600 3x"},"classes":[]},{"id":59201,"url":"https:\/\/ismaelcolosi.com.br\/index.php\/2024\/08\/06\/tse-lanca-canal-para-receber-denuncias-de-desinformacao-nas-eleicoes\/","url_meta":{"origin":44888,"position":5},"title":"TSE lan\u00e7a canal para receber den\u00fancias de desinforma\u00e7\u00e3o nas elei\u00e7\u00f5es","author":"ismaelcolosi.com.br","date":"6 de August de 2024","format":false,"excerpt":"A presidente do Tribunal Superior Eleitoral (TSE), ministra C\u00e1rmen L\u00facia, informou nesta ter\u00e7a-feira (6) que os eleitores poder\u00e3o denunciar casos de desinforma\u00e7\u00e3o durante a campanha eleitoral.\u00a0 A Justi\u00e7a Eleitoral vai disponibilizar o n\u00famero telef\u00f4nico 1491, pelo qual o cidad\u00e3o poder\u00e1 informar \u00e0 Justi\u00e7a Eleitoral qualquer tipo de desinforma\u00e7\u00e3o que tiver\u2026","rel":"","context":"In &quot;Not\u00edcias de Ribeir\u00e3o Preto-SP e Regi\u00e3o&quot;","block_context":{"text":"Not\u00edcias de Ribeir\u00e3o Preto-SP e Regi\u00e3o","link":"https:\/\/ismaelcolosi.com.br\/index.php\/category\/noticias-de-ribeirao-preto-sp-e-regiao-ismael-colosi\/"},"img":{"alt_text":"","src":"https:\/\/i0.wp.com\/ismaelcolosi.com.br\/wp-content\/uploads\/2024\/08\/08-10-2020_tse-3.jpg?fit=1170%2C700&ssl=1&resize=350%2C200","width":350,"height":200,"srcset":"https:\/\/i0.wp.com\/ismaelcolosi.com.br\/wp-content\/uploads\/2024\/08\/08-10-2020_tse-3.jpg?fit=1170%2C700&ssl=1&resize=350%2C200 1x, https:\/\/i0.wp.com\/ismaelcolosi.com.br\/wp-content\/uploads\/2024\/08\/08-10-2020_tse-3.jpg?fit=1170%2C700&ssl=1&resize=525%2C300 1.5x, https:\/\/i0.wp.com\/ismaelcolosi.com.br\/wp-content\/uploads\/2024\/08\/08-10-2020_tse-3.jpg?fit=1170%2C700&ssl=1&resize=700%2C400 2x, https:\/\/i0.wp.com\/ismaelcolosi.com.br\/wp-content\/uploads\/2024\/08\/08-10-2020_tse-3.jpg?fit=1170%2C700&ssl=1&resize=1050%2C600 3x"},"classes":[]}],"jetpack_sharing_enabled":true,"jetpack_shortlink":"https:\/\/wp.me\/pfMlyK-bG0","_links":{"self":[{"href":"https:\/\/ismaelcolosi.com.br\/index.php\/wp-json\/wp\/v2\/posts\/44888","targetHints":{"allow":["GET"]}}],"collection":[{"href":"https:\/\/ismaelcolosi.com.br\/index.php\/wp-json\/wp\/v2\/posts"}],"about":[{"href":"https:\/\/ismaelcolosi.com.br\/index.php\/wp-json\/wp\/v2\/types\/post"}],"author":[{"embeddable":true,"href":"https:\/\/ismaelcolosi.com.br\/index.php\/wp-json\/wp\/v2\/users\/1"}],"replies":[{"embeddable":true,"href":"https:\/\/ismaelcolosi.com.br\/index.php\/wp-json\/wp\/v2\/comments?post=44888"}],"version-history":[{"count":0,"href":"https:\/\/ismaelcolosi.com.br\/index.php\/wp-json\/wp\/v2\/posts\/44888\/revisions"}],"wp:featuredmedia":[{"embeddable":true,"href":"https:\/\/ismaelcolosi.com.br\/index.php\/wp-json\/wp\/v2\/media\/44889"}],"wp:attachment":[{"href":"https:\/\/ismaelcolosi.com.br\/index.php\/wp-json\/wp\/v2\/media?parent=44888"}],"wp:term":[{"taxonomy":"category","embeddable":true,"href":"https:\/\/ismaelcolosi.com.br\/index.php\/wp-json\/wp\/v2\/categories?post=44888"},{"taxonomy":"post_tag","embeddable":true,"href":"https:\/\/ismaelcolosi.com.br\/index.php\/wp-json\/wp\/v2\/tags?post=44888"}],"curies":[{"name":"wp","href":"https:\/\/api.w.org\/{rel}","templated":true}]}}