{"id":44827,"date":"2024-03-31T11:11:18","date_gmt":"2024-03-31T14:11:18","guid":{"rendered":"https:\/\/ismaelcolosi.com.br\/index.php\/2024\/03\/31\/acidente-entre-motos-deixa-duas-pessoas-em-estado-grave-na-zona-leste-de-ribeirao-preto\/"},"modified":"2024-03-31T11:11:18","modified_gmt":"2024-03-31T14:11:18","slug":"acidente-entre-motos-deixa-duas-pessoas-em-estado-grave-na-zona-leste-de-ribeirao-preto","status":"publish","type":"post","link":"https:\/\/ismaelcolosi.com.br\/index.php\/2024\/03\/31\/acidente-entre-motos-deixa-duas-pessoas-em-estado-grave-na-zona-leste-de-ribeirao-preto\/","title":{"rendered":"Acidente entre motos deixa duas pessoas em estado grave na zona Leste de Ribeir\u00e3o Preto"},"content":{"rendered":"<p> <br \/>\n<\/p>\n<div data-td-block-uid=\"tdi_101\">\n<div class=\"tdb-block-inner td-fix-index\">\n<p><strong>Duas pessoas ficaram em estado grave<\/strong> ap\u00f3s se envolverem em um<strong> acidente de tr\u00e2nsito<\/strong>, na noite desse s\u00e1bado (30), na avenida Presidente Castelo Branco, pr\u00f3ximo a sa\u00edda de um shopping da <strong>zona Leste de Ribeir\u00e3o Preto.<\/strong><\/p>\n<p>De acordo com o<strong> Corpo de Bombeiros (CB)<\/strong>, que foi acionado para atender a ocorr\u00eancia, <mark style=\"background-color:#fcb900\" class=\"has-inline-color\">o acidente <strong>envolveu duas motos<\/strong> e, al\u00e9m das v\u00edtimas em estado grave, <strong>outra pessoa tamb\u00e9m ficou ferida<\/strong>.<\/mark><\/p>\n<p>Ainda de acordo com o <strong>CB<\/strong>, uma das v\u00edtimas em estado grave foi <strong>socorrida <\/strong>para <strong>Santa Casa de Ribeir\u00e3o Preto <\/strong>e a outra foi para um <strong>hospital particular da zona Sul do munic\u00edpio<\/strong>.<\/p>\n<p><strong>O estado de sa\u00fade dos envolvidos ainda n\u00e3o foi divulgado.<\/strong><em> O portal acidade on acompanha o caso.<\/em><\/p>\n<hr class=\"wp-block-separator has-alpha-channel-opacity\"\/>\n<p>SAIBA MAIS<\/p>\n<p>Resgatada cadela que ficou por cerca de 20 dias em bueiro de Ribeir\u00e3o Preto<\/p>\n<h4 class=\"wp-block-heading\"><strong><mark style=\"background-color:#fcb900\" class=\"has-inline-color\">FIQUE ON<\/mark><\/strong><\/h4>\n<p>Fique ligado em tudo que acontece em Ribeir\u00e3o Preto e regi\u00e3o. Siga os perfis do\u00a0<strong>acidade on\u00a0<\/strong>no\u00a0<a href=\"https:\/\/www.instagram.com\/acidadeonribeirao\" target=\"_blank\" rel=\"noreferrer noopener\">Instagram<\/a>\u00a0e no\u00a0<a href=\"https:\/\/www.facebook.com\/acidadeonribeirao\" target=\"_blank\" rel=\"noreferrer noopener\">Facebook<\/a>.<\/p>\n<p>Receba not\u00edcias do acidade on no WhatsApp. Para entrar no grupo, basta\u00a0<a href=\"https:\/\/chat.whatsapp.com\/GFH9HUMUTHNFJdnyEd0xxq\" target=\"_blank\" rel=\"noreferrer noopener\">clicar aqui<\/a>.<\/p>\n<p>Fa\u00e7a uma den\u00fancia ou sugira uma reportagem sobre Ribeir\u00e3o Preto e regi\u00e3o pelo WhatsApp: 16 99117 7802.<\/p>\n<p>VEJA TAMB\u00c9M<\/p>\n<p>Vanessa Lopes volta \u00e0s redes sociais ap\u00f3s BBB 24<\/p>\n<p><!-- AI CONTENT END 1 -->\n<\/div>\n<\/div>\n<p><script async src=\"\/\/www.instagram.com\/embed.js\"><\/script><br \/>\n<br \/><br \/>\n<br \/><a href=\"https:\/\/www.acidadeon.com\/ribeiraopreto\/cotidiano\/acidente-entre-motos-deixa-duas-pessoas-em-estado-grave-na-zona-leste-de-ribeirao-preto\/\">Source link <\/a><\/p>\n<div class='code-block code-block-4' style='margin: 8px auto 8px 0; text-align: left; display: block; clear: both;'>\n\ud83d\udce2 Aviso Legal\n\nO site ismaelcolosi.com.br atua apenas como um canal de divulga\u00e7\u00e3o de oportunidades de emprego e n\u00e3o se responsabiliza pelo processo seletivo, contrata\u00e7\u00e3o ou qualquer outra etapa relacionada \u00e0s vagas publicadas. Todas as informa\u00e7\u00f5es s\u00e3o de responsabilidade dos anunciantes.\n\n\u26a0\ufe0f Aten\u00e7\u00e3o! Nunca pague por promessas de emprego nem compre cursos que garantam contrata\u00e7\u00e3o. Desconfie de qualquer cobran\u00e7a para participar de sele\u00e7\u00f5es.\n\n\n\n<\/div>\n<!-- CONTENT END 1 -->\n","protected":false},"excerpt":{"rendered":"<p>Duas pessoas ficaram em estado grave ap\u00f3s se envolverem em um acidente de tr\u00e2nsito, na noite desse s\u00e1bado (30), na avenida Presidente Castelo Branco, pr\u00f3ximo&#8230;<\/p>\n","protected":false},"author":1,"featured_media":44828,"comment_status":"open","ping_status":"open","sticky":false,"template":"","format":"standard","meta":{"_uag_custom_page_level_css":"","advanced_seo_description":"","jetpack_seo_html_title":"","jetpack_seo_noindex":false,"jetpack_post_was_ever_published":false,"_jetpack_newsletter_access":"","_jetpack_dont_email_post_to_subs":false,"_jetpack_newsletter_tier_id":0,"_jetpack_memberships_contains_paywalled_content":false,"_jetpack_memberships_contains_paid_content":false,"footnotes":"","jetpack_publicize_message":"","jetpack_publicize_feature_enabled":true,"jetpack_social_post_already_shared":true,"jetpack_social_options":{"image_generator_settings":{"template":"highway","default_image_id":0,"font":"","enabled":false},"version":2}},"categories":[11],"tags":[],"class_list":["post-44827","post","type-post","status-publish","format-standard","has-post-thumbnail","hentry","category-noticias-de-ribeirao-preto-sp-e-regiao-ismael-colosi"],"jetpack_publicize_connections":[],"jetpack_featured_media_url":"https:\/\/i0.wp.com\/ismaelcolosi.com.br\/wp-content\/uploads\/2024\/03\/sirene_giroflex_1024x576_11032021085239.jpg?fit=1024%2C576&ssl=1","uagb_featured_image_src":{"full":["https:\/\/i0.wp.com\/ismaelcolosi.com.br\/wp-content\/uploads\/2024\/03\/sirene_giroflex_1024x576_11032021085239.jpg?fit=1024%2C576&ssl=1",1024,576,false],"thumbnail":["https:\/\/i0.wp.com\/ismaelcolosi.com.br\/wp-content\/uploads\/2024\/03\/sirene_giroflex_1024x576_11032021085239.jpg?resize=150%2C150&ssl=1",150,150,true],"medium":["https:\/\/i0.wp.com\/ismaelcolosi.com.br\/wp-content\/uploads\/2024\/03\/sirene_giroflex_1024x576_11032021085239.jpg?fit=300%2C169&ssl=1",300,169,true],"medium_large":["https:\/\/i0.wp.com\/ismaelcolosi.com.br\/wp-content\/uploads\/2024\/03\/sirene_giroflex_1024x576_11032021085239.jpg?fit=768%2C432&ssl=1",768,432,true],"large":["https:\/\/i0.wp.com\/ismaelcolosi.com.br\/wp-content\/uploads\/2024\/03\/sirene_giroflex_1024x576_11032021085239.jpg?fit=1024%2C576&ssl=1",1024,576,true],"1536x1536":["https:\/\/i0.wp.com\/ismaelcolosi.com.br\/wp-content\/uploads\/2024\/03\/sirene_giroflex_1024x576_11032021085239.jpg?fit=1024%2C576&ssl=1",1024,576,true],"2048x2048":["https:\/\/i0.wp.com\/ismaelcolosi.com.br\/wp-content\/uploads\/2024\/03\/sirene_giroflex_1024x576_11032021085239.jpg?fit=1024%2C576&ssl=1",1024,576,true],"really-simple-thumb":["https:\/\/i0.wp.com\/ismaelcolosi.com.br\/wp-content\/uploads\/2024\/03\/sirene_giroflex_1024x576_11032021085239.jpg?resize=370%2C247&ssl=1",370,247,true]},"uagb_author_info":{"display_name":"ismaelcolosi.com.br","author_link":"https:\/\/ismaelcolosi.com.br\/index.php\/author\/vidareal-online\/"},"uagb_comment_info":0,"uagb_excerpt":"Duas pessoas ficaram em estado grave ap\u00f3s se envolverem em um acidente de tr\u00e2nsito, na noite desse s\u00e1bado (30), na avenida Presidente Castelo Branco, pr\u00f3ximo...","jetpack-related-posts":[{"id":75012,"url":"https:\/\/ismaelcolosi.com.br\/index.php\/2024\/11\/04\/acidente-deixa-feridos-graves-em-rodovia-da-regiao\/","url_meta":{"origin":44827,"position":0},"title":"Acidente deixa feridos graves em rodovia da regi\u00e3o","author":"ismaelcolosi.com.br","date":"4 de November de 2024","format":false,"excerpt":"Dois ve\u00edculos teriam colidido e uma das v\u00edtimas ficou presas \u00e0s ferragens, enquanto a outra foi projetada para fora do ve\u00edculo e estava inconsciente 4 de novembro de 20248 Compartilhar1 Por: Adalberto Luque Um grave acidente envolvendo dois ve\u00edculos ocorreu no final da tarde deste domingo (3). A batida foi\u2026","rel":"","context":"In &quot;Not\u00edcias de Ribeir\u00e3o Preto-SP e Regi\u00e3o&quot;","block_context":{"text":"Not\u00edcias de Ribeir\u00e3o Preto-SP e Regi\u00e3o","link":"https:\/\/ismaelcolosi.com.br\/index.php\/category\/noticias-de-ribeirao-preto-sp-e-regiao-ismael-colosi\/"},"img":{"alt_text":"","src":"https:\/\/i0.wp.com\/ismaelcolosi.com.br\/wp-content\/uploads\/2024\/11\/04nov2024acidentedumont2-scaled.jpg?fit=783%2C500&ssl=1&resize=350%2C200","width":350,"height":200,"srcset":"https:\/\/i0.wp.com\/ismaelcolosi.com.br\/wp-content\/uploads\/2024\/11\/04nov2024acidentedumont2-scaled.jpg?fit=783%2C500&ssl=1&resize=350%2C200 1x, https:\/\/i0.wp.com\/ismaelcolosi.com.br\/wp-content\/uploads\/2024\/11\/04nov2024acidentedumont2-scaled.jpg?fit=783%2C500&ssl=1&resize=525%2C300 1.5x, https:\/\/i0.wp.com\/ismaelcolosi.com.br\/wp-content\/uploads\/2024\/11\/04nov2024acidentedumont2-scaled.jpg?fit=783%2C500&ssl=1&resize=700%2C400 2x"},"classes":[]},{"id":48463,"url":"https:\/\/ismaelcolosi.com.br\/index.php\/2024\/05\/03\/duas-pessoas-seguem-internadas-apos-acidente-na-agrishow-em-ribeirao-preto\/","url_meta":{"origin":44827,"position":1},"title":"Duas pessoas seguem internadas ap\u00f3s acidente na Agrishow em Ribeir\u00e3o Preto","author":"ismaelcolosi.com.br","date":"3 de May de 2024","format":false,"excerpt":"As duas v\u00edtimas de um acidente que envolveu um helic\u00f3ptero e a queda da estrutura de uma tenda na Agrishow, em Ribeir\u00e3o Preto, seguem hospitalizadas. As v\u00edtimas, uma mulher de 25 anos e um homem, de 27 anos, estavam, na manh\u00e3 desta quinta-feira (2), em uma tenda de distribui\u00e7\u00e3o de\u2026","rel":"","context":"In &quot;Not\u00edcias de Ribeir\u00e3o Preto-SP e Regi\u00e3o&quot;","block_context":{"text":"Not\u00edcias de Ribeir\u00e3o Preto-SP e Regi\u00e3o","link":"https:\/\/ismaelcolosi.com.br\/index.php\/category\/noticias-de-ribeirao-preto-sp-e-regiao-ismael-colosi\/"},"img":{"alt_text":"","src":"https:\/\/i0.wp.com\/ismaelcolosi.com.br\/wp-content\/uploads\/2024\/05\/WhatsApp-Image-2024-05-02-at-10.12.11_2024-05-03_11-02-57_jpeg_2024-05-03_11-02-57.webp.webp?fit=1200%2C675&ssl=1&resize=350%2C200","width":350,"height":200,"srcset":"https:\/\/i0.wp.com\/ismaelcolosi.com.br\/wp-content\/uploads\/2024\/05\/WhatsApp-Image-2024-05-02-at-10.12.11_2024-05-03_11-02-57_jpeg_2024-05-03_11-02-57.webp.webp?fit=1200%2C675&ssl=1&resize=350%2C200 1x, https:\/\/i0.wp.com\/ismaelcolosi.com.br\/wp-content\/uploads\/2024\/05\/WhatsApp-Image-2024-05-02-at-10.12.11_2024-05-03_11-02-57_jpeg_2024-05-03_11-02-57.webp.webp?fit=1200%2C675&ssl=1&resize=525%2C300 1.5x, https:\/\/i0.wp.com\/ismaelcolosi.com.br\/wp-content\/uploads\/2024\/05\/WhatsApp-Image-2024-05-02-at-10.12.11_2024-05-03_11-02-57_jpeg_2024-05-03_11-02-57.webp.webp?fit=1200%2C675&ssl=1&resize=700%2C400 2x, https:\/\/i0.wp.com\/ismaelcolosi.com.br\/wp-content\/uploads\/2024\/05\/WhatsApp-Image-2024-05-02-at-10.12.11_2024-05-03_11-02-57_jpeg_2024-05-03_11-02-57.webp.webp?fit=1200%2C675&ssl=1&resize=1050%2C600 3x"},"classes":[]},{"id":57396,"url":"https:\/\/ismaelcolosi.com.br\/index.php\/2024\/07\/20\/suspeito-fica-em-estado-grave-apos-acidente-durante-perseguicao-em-ribeirao-preto\/","url_meta":{"origin":44827,"position":2},"title":"Suspeito fica em estado grave ap\u00f3s acidente durante persegui\u00e7\u00e3o em Ribeir\u00e3o Preto","author":"ismaelcolosi.com.br","date":"20 de July de 2024","format":false,"excerpt":"Um homem ficou ferido em estado grave durante uma persegui\u00e7\u00e3o policial em Ribeir\u00e3o Preto, na tarde deste s\u00e1bado (20). O suspeito seguia na contram\u00e3o, quando foi atingido por um carro na avenida Maestro Herv\u00e9 Cordovil, no Jardim Marincek, zona Norte. O suspeito era alvo de uma persegui\u00e7\u00e3o policial. Contudo, ainda\u2026","rel":"","context":"In &quot;Not\u00edcias de Ribeir\u00e3o Preto-SP e Regi\u00e3o&quot;","block_context":{"text":"Not\u00edcias de Ribeir\u00e3o Preto-SP e Regi\u00e3o","link":"https:\/\/ismaelcolosi.com.br\/index.php\/category\/noticias-de-ribeirao-preto-sp-e-regiao-ismael-colosi\/"},"img":{"alt_text":"","src":"https:\/\/i0.wp.com\/ismaelcolosi.com.br\/wp-content\/uploads\/2024\/07\/perseguicao-ribeirao-preto_2024-07-20_20-10-00_jpg_2024-07-20_20-10-00.webp.webp?fit=1066%2C780&ssl=1&resize=350%2C200","width":350,"height":200,"srcset":"https:\/\/i0.wp.com\/ismaelcolosi.com.br\/wp-content\/uploads\/2024\/07\/perseguicao-ribeirao-preto_2024-07-20_20-10-00_jpg_2024-07-20_20-10-00.webp.webp?fit=1066%2C780&ssl=1&resize=350%2C200 1x, https:\/\/i0.wp.com\/ismaelcolosi.com.br\/wp-content\/uploads\/2024\/07\/perseguicao-ribeirao-preto_2024-07-20_20-10-00_jpg_2024-07-20_20-10-00.webp.webp?fit=1066%2C780&ssl=1&resize=525%2C300 1.5x, https:\/\/i0.wp.com\/ismaelcolosi.com.br\/wp-content\/uploads\/2024\/07\/perseguicao-ribeirao-preto_2024-07-20_20-10-00_jpg_2024-07-20_20-10-00.webp.webp?fit=1066%2C780&ssl=1&resize=700%2C400 2x, https:\/\/i0.wp.com\/ismaelcolosi.com.br\/wp-content\/uploads\/2024\/07\/perseguicao-ribeirao-preto_2024-07-20_20-10-00_jpg_2024-07-20_20-10-00.webp.webp?fit=1066%2C780&ssl=1&resize=1050%2C600 3x"},"classes":[]},{"id":65875,"url":"https:\/\/ismaelcolosi.com.br\/index.php\/2024\/09\/14\/homem-morre-e-adolescente-fica-em-estado-grave-apos-acidente-em-ribeirao-preto\/","url_meta":{"origin":44827,"position":3},"title":"Homem morre e adolescente fica em estado grave ap\u00f3s acidente em Ribeir\u00e3o Preto","author":"ismaelcolosi.com.br","date":"14 de September de 2024","format":false,"excerpt":"Um homem de 23 anos morreu ap\u00f3s a moto que ele pilotava ter colidido contra um poste na avenida Eduardo Andrea Matarazzo, a Via Norte, em Ribeir\u00e3o Preto, na noite da \u00faltima sexta-feira (23). Uma adolescente de 16 anos que estava com a v\u00edtima foi socorrida em estado grave para\u2026","rel":"","context":"In &quot;Not\u00edcias de Ribeir\u00e3o Preto-SP e Regi\u00e3o&quot;","block_context":{"text":"Not\u00edcias de Ribeir\u00e3o Preto-SP e Regi\u00e3o","link":"https:\/\/ismaelcolosi.com.br\/index.php\/category\/noticias-de-ribeirao-preto-sp-e-regiao-ismael-colosi\/"},"img":{"alt_text":"","src":"https:\/\/i0.wp.com\/ismaelcolosi.com.br\/wp-content\/uploads\/2024\/09\/1726326403_cpj_1024x576_04082020121137.jpg?fit=1024%2C575&ssl=1&resize=350%2C200","width":350,"height":200,"srcset":"https:\/\/i0.wp.com\/ismaelcolosi.com.br\/wp-content\/uploads\/2024\/09\/1726326403_cpj_1024x576_04082020121137.jpg?fit=1024%2C575&ssl=1&resize=350%2C200 1x, https:\/\/i0.wp.com\/ismaelcolosi.com.br\/wp-content\/uploads\/2024\/09\/1726326403_cpj_1024x576_04082020121137.jpg?fit=1024%2C575&ssl=1&resize=525%2C300 1.5x, https:\/\/i0.wp.com\/ismaelcolosi.com.br\/wp-content\/uploads\/2024\/09\/1726326403_cpj_1024x576_04082020121137.jpg?fit=1024%2C575&ssl=1&resize=700%2C400 2x"},"classes":[]},{"id":77122,"url":"https:\/\/ismaelcolosi.com.br\/index.php\/2024\/11\/21\/dois-morrem-em-acidente-na-regiao\/","url_meta":{"origin":44827,"position":4},"title":"Dois morrem em acidente na regi\u00e3o","author":"ismaelcolosi.com.br","date":"21 de November de 2024","format":false,"excerpt":"Por: Adalberto Luque Um grave acidente deixou duas pessoas mortas e cinco feridas, nesta quarta-feira (20). A colis\u00e3o ocorreu na Rodovia Arlindo Vicentini (SPV-048), entre as cidades de Altin\u00f3polis e Serrana, ambas na regi\u00e3o metropolitana de Ribeir\u00e3o Preto. Segundo informa\u00e7\u00f5es, um Fiat Uno de uma empresa de Cabre\u00fava, cidade da\u2026","rel":"","context":"In &quot;Not\u00edcias de Ribeir\u00e3o Preto-SP e Regi\u00e3o&quot;","block_context":{"text":"Not\u00edcias de Ribeir\u00e3o Preto-SP e Regi\u00e3o","link":"https:\/\/ismaelcolosi.com.br\/index.php\/category\/noticias-de-ribeirao-preto-sp-e-regiao-ismael-colosi\/"},"img":{"alt_text":"","src":"https:\/\/i0.wp.com\/ismaelcolosi.com.br\/wp-content\/uploads\/2024\/11\/21nov2024-acidenteserrana1-scaled.jpg?fit=800%2C447&ssl=1&resize=350%2C200","width":350,"height":200,"srcset":"https:\/\/i0.wp.com\/ismaelcolosi.com.br\/wp-content\/uploads\/2024\/11\/21nov2024-acidenteserrana1-scaled.jpg?fit=800%2C447&ssl=1&resize=350%2C200 1x, https:\/\/i0.wp.com\/ismaelcolosi.com.br\/wp-content\/uploads\/2024\/11\/21nov2024-acidenteserrana1-scaled.jpg?fit=800%2C447&ssl=1&resize=525%2C300 1.5x, https:\/\/i0.wp.com\/ismaelcolosi.com.br\/wp-content\/uploads\/2024\/11\/21nov2024-acidenteserrana1-scaled.jpg?fit=800%2C447&ssl=1&resize=700%2C400 2x"},"classes":[]},{"id":40318,"url":"https:\/\/ismaelcolosi.com.br\/index.php\/2024\/03\/02\/identificado-jovem-que-morreu-em-acidente-na-regiao-de-ribeirao-preto\/","url_meta":{"origin":44827,"position":5},"title":"Identificado jovem que morreu em acidente na regi\u00e3o de Ribeir\u00e3o Preto","author":"ismaelcolosi.com.br","date":"2 de March de 2024","format":false,"excerpt":"O jovem de 18 anos que morreu em um acidente na rodovia C\u00e2ndido Portinari (SP-334), na madrugada deste s\u00e1bado (2), foi identificado como Gustavo Andrade Neix. O acidente aconteceu pr\u00f3ximo ao km 326, em Jardin\u00f3polis, cidade na regi\u00e3o de Ribeir\u00e3o Preto. A Pol\u00edcia Militar Rodovi\u00e1ria (PMR) informou que o carro\u2026","rel":"","context":"In &quot;Not\u00edcias de Ribeir\u00e3o Preto-SP e Regi\u00e3o&quot;","block_context":{"text":"Not\u00edcias de Ribeir\u00e3o Preto-SP e Regi\u00e3o","link":"https:\/\/ismaelcolosi.com.br\/index.php\/category\/noticias-de-ribeirao-preto-sp-e-regiao-ismael-colosi\/"},"img":{"alt_text":"","src":"https:\/\/i0.wp.com\/ismaelcolosi.com.br\/wp-content\/uploads\/2024\/03\/Copia-de-Copia-de-TAMANHO-EXATO-PARA-FOTOS-NO-SISTEMA-NOVO-59.png?fit=1200%2C675&ssl=1&resize=350%2C200","width":350,"height":200,"srcset":"https:\/\/i0.wp.com\/ismaelcolosi.com.br\/wp-content\/uploads\/2024\/03\/Copia-de-Copia-de-TAMANHO-EXATO-PARA-FOTOS-NO-SISTEMA-NOVO-59.png?fit=1200%2C675&ssl=1&resize=350%2C200 1x, https:\/\/i0.wp.com\/ismaelcolosi.com.br\/wp-content\/uploads\/2024\/03\/Copia-de-Copia-de-TAMANHO-EXATO-PARA-FOTOS-NO-SISTEMA-NOVO-59.png?fit=1200%2C675&ssl=1&resize=525%2C300 1.5x, https:\/\/i0.wp.com\/ismaelcolosi.com.br\/wp-content\/uploads\/2024\/03\/Copia-de-Copia-de-TAMANHO-EXATO-PARA-FOTOS-NO-SISTEMA-NOVO-59.png?fit=1200%2C675&ssl=1&resize=700%2C400 2x, https:\/\/i0.wp.com\/ismaelcolosi.com.br\/wp-content\/uploads\/2024\/03\/Copia-de-Copia-de-TAMANHO-EXATO-PARA-FOTOS-NO-SISTEMA-NOVO-59.png?fit=1200%2C675&ssl=1&resize=1050%2C600 3x"},"classes":[]}],"jetpack_sharing_enabled":true,"jetpack_shortlink":"https:\/\/wp.me\/pfMlyK-bF1","_links":{"self":[{"href":"https:\/\/ismaelcolosi.com.br\/index.php\/wp-json\/wp\/v2\/posts\/44827","targetHints":{"allow":["GET"]}}],"collection":[{"href":"https:\/\/ismaelcolosi.com.br\/index.php\/wp-json\/wp\/v2\/posts"}],"about":[{"href":"https:\/\/ismaelcolosi.com.br\/index.php\/wp-json\/wp\/v2\/types\/post"}],"author":[{"embeddable":true,"href":"https:\/\/ismaelcolosi.com.br\/index.php\/wp-json\/wp\/v2\/users\/1"}],"replies":[{"embeddable":true,"href":"https:\/\/ismaelcolosi.com.br\/index.php\/wp-json\/wp\/v2\/comments?post=44827"}],"version-history":[{"count":0,"href":"https:\/\/ismaelcolosi.com.br\/index.php\/wp-json\/wp\/v2\/posts\/44827\/revisions"}],"wp:featuredmedia":[{"embeddable":true,"href":"https:\/\/ismaelcolosi.com.br\/index.php\/wp-json\/wp\/v2\/media\/44828"}],"wp:attachment":[{"href":"https:\/\/ismaelcolosi.com.br\/index.php\/wp-json\/wp\/v2\/media?parent=44827"}],"wp:term":[{"taxonomy":"category","embeddable":true,"href":"https:\/\/ismaelcolosi.com.br\/index.php\/wp-json\/wp\/v2\/categories?post=44827"},{"taxonomy":"post_tag","embeddable":true,"href":"https:\/\/ismaelcolosi.com.br\/index.php\/wp-json\/wp\/v2\/tags?post=44827"}],"curies":[{"name":"wp","href":"https:\/\/api.w.org\/{rel}","templated":true}]}}