{"id":44819,"date":"2024-03-31T10:26:02","date_gmt":"2024-03-31T13:26:02","guid":{"rendered":"https:\/\/ismaelcolosi.com.br\/index.php\/2024\/03\/31\/domingo-de-pascoa-veja-a-previsao-do-tempo-para-ribeirao-preto\/"},"modified":"2024-03-31T10:26:02","modified_gmt":"2024-03-31T13:26:02","slug":"domingo-de-pascoa-veja-a-previsao-do-tempo-para-ribeirao-preto","status":"publish","type":"post","link":"https:\/\/ismaelcolosi.com.br\/index.php\/2024\/03\/31\/domingo-de-pascoa-veja-a-previsao-do-tempo-para-ribeirao-preto\/","title":{"rendered":"Domingo de P\u00e1scoa: Veja a previs\u00e3o do tempo para Ribeir\u00e3o Preto"},"content":{"rendered":"<p> <br \/>\n<\/p>\n<div data-td-block-uid=\"tdi_101\">\n<div class=\"tdb-block-inner td-fix-index\">\n<p>Ap\u00f3s uma semana de temperaturas mais amenas, o <strong>domingo (31) de P\u00e1scoa<\/strong> deve ser de <strong>sol <\/strong>em todo o <strong>Estado de S\u00e3o Paulo<\/strong>.<\/p>\n<p>De acordo com a plataforma <strong><a href=\"https:\/\/www.climatempo.com.br\/\" target=\"_blank\" rel=\"noreferrer noopener\">Climatempo<\/a><\/strong>, com essa maior <strong>incid\u00eancia solar<\/strong>, a expectativa \u00e9 de que as <strong>temperaturas voltem a subir<\/strong>.<\/p>\n<p>Em <strong>Ribeir\u00e3o Preto<\/strong>, por exemplo, <mark style=\"background-color:#fcb900\" class=\"has-inline-color\">o dia ser\u00e1 de sol, contudo, as <strong>nuvens aumentam durante \u00e0 tarde<\/strong>, mas <strong>n\u00e3o deve chover na cidade<\/strong>. Segundo a meteorologia, <strong>os term\u00f4metros devem atingir os 31\u00baC.<\/strong><\/mark><\/p>\n<h4 class=\"wp-block-heading\"><strong>Como fica o tempo na primeira semana de abril?<\/strong><\/h4>\n<p>N\u00e3o h\u00e1 previs\u00e3o de <strong>chuva <\/strong>nesta segunda-feira (1\u00ba), para <strong>Ribeir\u00e3o Preto<\/strong>. Contudo, <strong>a situa\u00e7\u00e3o deve mudar no dia seguinte.<\/strong><\/p>\n<p>A <strong>Climatempo <\/strong>indica que, a partir de <strong>ter\u00e7a-feira (2)<\/strong>, os dias sejam de sol com <strong>pancadas de chuva \u00e0 tarde e \u00e0 noite<\/strong>. Na sexta-feira (5), o dia ser\u00e1 de sol com algumas nuvens, mas n\u00e3o chove.<\/p>\n<h4 class=\"wp-block-heading\"><strong>Veja a previs\u00e3o do tempo para 5 dias em Ribeir\u00e3o Preto<\/strong><\/h4>\n<ul>\n<li><strong>Segunda-feira (1\u00ba):<\/strong> Sol com algumas nuvens. N\u00e3o chove. M\u00ednima de 19\u00baC e m\u00e1xima de 32\u00baC;<\/li>\n<\/ul>\n<ul>\n<li><strong>Ter\u00e7a-feira (2):<\/strong> Sol e aumento de nuvens. Pancadas de chuva \u00e0 tarde e \u00e0 noite. M\u00ednima de 20\u00baC e m\u00e1xima \u2013 de 32\u00baC;<\/li>\n<\/ul>\n<ul>\n<li><strong>Quarta-feira (3):<\/strong> Sol e aumento de nuvens. Pancadas de chuva \u00e0 tarde e \u00e0 noite. M\u00ednima de 19\u00baC e m\u00e1xima de 32\u00baC;<\/li>\n<\/ul>\n<ul>\n<li><strong>Quinta-feira (4):<\/strong> Sol e aumento de nuvens. Pancadas de chuva \u00e0 tarde e \u00e0 noite. M\u00ednima de 20\u00baC e m\u00e1xima de 31\u00baC;<\/li>\n<\/ul>\n<ul>\n<li><strong>Sexta-feira (5):<\/strong> Sol com algumas nuvens. N\u00e3o chove. M\u00ednima de 20\u00baC e m\u00e1xima de 30\u00baC;<\/li>\n<\/ul>\n<hr class=\"wp-block-separator has-alpha-channel-opacity\"\/>\n<p>SAIBA MAIS<\/p>\n<p>Or\u00e7amento de 2025 de Ribeir\u00e3o Preto prev\u00ea parque prometido h\u00e1 15 anos; Entenda<\/p>\n<h4 class=\"wp-block-heading\"><strong><mark style=\"background-color:#fcb900\" class=\"has-inline-color\">FIQUE ON<\/mark><\/strong><\/h4>\n<p>Fique ligado em tudo que acontece em Ribeir\u00e3o Preto e regi\u00e3o. Siga os perfis do<strong>\u00a0acidade on<\/strong>\u00a0no<a href=\"https:\/\/www.instagram.com\/acidadeonribeirao\" target=\"_blank\" rel=\"noreferrer noopener\">\u00a0Instagram<\/a>\u00a0e no\u00a0<a href=\"https:\/\/www.facebook.com\/acidadeonribeirao\" target=\"_blank\" rel=\"noreferrer noopener\">Facebook<\/a>.<\/p>\n<p>Receba not\u00edcias do<strong>\u00a0acidade on\u00a0<\/strong>no WhatsApp.\u00a0<a href=\"https:\/\/chat.whatsapp.com\/GFH9HUMUTHNFJdnyEd0xxq\" target=\"_blank\" rel=\"noreferrer noopener\">Para entrar no grupo, basta clicar aqui.<\/a><\/p>\n<p>Fa\u00e7a uma den\u00fancia ou sugira uma reportagem sobre Ribeir\u00e3o Preto e regi\u00e3o pelo WhatsApp: 16 99117 7802.<\/p>\n<p>VEJA TAMB\u00c9M<\/p>\n<p>Flerte e medo do Pared\u00e3o: veja como foi a madrugada no BBB 24<\/p>\n<p><!-- AI CONTENT END 1 -->\n<\/div>\n<\/div>\n<p><script async src=\"\/\/www.instagram.com\/embed.js\"><\/script><br \/>\n<br \/><br \/>\n<br \/><a href=\"https:\/\/www.acidadeon.com\/ribeiraopreto\/cotidiano\/domingo-de-pascoa-veja-a-previsao-do-tempo-para-ribeirao-preto\/\">Source link <\/a><\/p>\n<div class='code-block code-block-4' style='margin: 8px auto 8px 0; text-align: left; display: block; clear: both;'>\n\ud83d\udce2 Aviso Legal\n\nO site ismaelcolosi.com.br atua apenas como um canal de divulga\u00e7\u00e3o de oportunidades de emprego e n\u00e3o se responsabiliza pelo processo seletivo, contrata\u00e7\u00e3o ou qualquer outra etapa relacionada \u00e0s vagas publicadas. Todas as informa\u00e7\u00f5es s\u00e3o de responsabilidade dos anunciantes.\n\n\u26a0\ufe0f Aten\u00e7\u00e3o! Nunca pague por promessas de emprego nem compre cursos que garantam contrata\u00e7\u00e3o. Desconfie de qualquer cobran\u00e7a para participar de sele\u00e7\u00f5es.\n\n\n\n<\/div>\n<!-- CONTENT END 1 -->\n","protected":false},"excerpt":{"rendered":"<p>Ap\u00f3s uma semana de temperaturas mais amenas, o domingo (31) de P\u00e1scoa deve ser de sol em todo o Estado de S\u00e3o Paulo. De acordo&#8230;<\/p>\n","protected":false},"author":1,"featured_media":44820,"comment_status":"open","ping_status":"open","sticky":false,"template":"","format":"standard","meta":{"_uag_custom_page_level_css":"","advanced_seo_description":"","jetpack_seo_html_title":"","jetpack_seo_noindex":false,"jetpack_post_was_ever_published":false,"_jetpack_newsletter_access":"","_jetpack_dont_email_post_to_subs":false,"_jetpack_newsletter_tier_id":0,"_jetpack_memberships_contains_paywalled_content":false,"_jetpack_memberships_contains_paid_content":false,"footnotes":"","jetpack_publicize_message":"","jetpack_publicize_feature_enabled":true,"jetpack_social_post_already_shared":true,"jetpack_social_options":{"image_generator_settings":{"template":"highway","default_image_id":0,"font":"","enabled":false},"version":2}},"categories":[11],"tags":[],"class_list":["post-44819","post","type-post","status-publish","format-standard","has-post-thumbnail","hentry","category-noticias-de-ribeirao-preto-sp-e-regiao-ismael-colosi"],"jetpack_publicize_connections":[],"jetpack_featured_media_url":"https:\/\/i0.wp.com\/ismaelcolosi.com.br\/wp-content\/uploads\/2024\/03\/1711891562_3-2.jpg?fit=1200%2C675&ssl=1","uagb_featured_image_src":{"full":["https:\/\/i0.wp.com\/ismaelcolosi.com.br\/wp-content\/uploads\/2024\/03\/1711891562_3-2.jpg?fit=1200%2C675&ssl=1",1200,675,false],"thumbnail":["https:\/\/i0.wp.com\/ismaelcolosi.com.br\/wp-content\/uploads\/2024\/03\/1711891562_3-2.jpg?resize=150%2C150&ssl=1",150,150,true],"medium":["https:\/\/i0.wp.com\/ismaelcolosi.com.br\/wp-content\/uploads\/2024\/03\/1711891562_3-2.jpg?fit=300%2C169&ssl=1",300,169,true],"medium_large":["https:\/\/i0.wp.com\/ismaelcolosi.com.br\/wp-content\/uploads\/2024\/03\/1711891562_3-2.jpg?fit=768%2C432&ssl=1",768,432,true],"large":["https:\/\/i0.wp.com\/ismaelcolosi.com.br\/wp-content\/uploads\/2024\/03\/1711891562_3-2.jpg?fit=1024%2C576&ssl=1",1024,576,true],"1536x1536":["https:\/\/i0.wp.com\/ismaelcolosi.com.br\/wp-content\/uploads\/2024\/03\/1711891562_3-2.jpg?fit=1200%2C675&ssl=1",1200,675,true],"2048x2048":["https:\/\/i0.wp.com\/ismaelcolosi.com.br\/wp-content\/uploads\/2024\/03\/1711891562_3-2.jpg?fit=1200%2C675&ssl=1",1200,675,true],"really-simple-thumb":["https:\/\/i0.wp.com\/ismaelcolosi.com.br\/wp-content\/uploads\/2024\/03\/1711891562_3-2.jpg?resize=370%2C247&ssl=1",370,247,true]},"uagb_author_info":{"display_name":"ismaelcolosi.com.br","author_link":"https:\/\/ismaelcolosi.com.br\/index.php\/author\/vidareal-online\/"},"uagb_comment_info":0,"uagb_excerpt":"Ap\u00f3s uma semana de temperaturas mais amenas, o domingo (31) de P\u00e1scoa deve ser de sol em todo o Estado de S\u00e3o Paulo. De acordo...","jetpack-related-posts":[{"id":44738,"url":"https:\/\/ismaelcolosi.com.br\/index.php\/2024\/03\/30\/veja-como-fica-o-tempo-neste-sabado-e-no-domingo-de-pascoa-em-ribeirao-preto\/","url_meta":{"origin":44819,"position":0},"title":"Veja como fica o tempo neste s\u00e1bado e no domingo de P\u00e1scoa em Ribeir\u00e3o Preto","author":"ismaelcolosi.com.br","date":"30 de March de 2024","format":false,"excerpt":"O s\u00e1bado (30) amanheceu com o c\u00e9u coberto por nuvens e algumas delas carregadas. A previs\u00e3o \u00e9 de sol com muitas nuvens e tem previs\u00e3o de pancadas de chuva \u00e0 tarde e \u00e0 noite. A temperatura fica entre 22\u00b0C a m\u00ednima e 29\u00b0C a m\u00e1xima. Domingo de P\u00e1scoa J\u00e1 para\u2026","rel":"","context":"In &quot;Not\u00edcias de Ribeir\u00e3o Preto-SP e Regi\u00e3o&quot;","block_context":{"text":"Not\u00edcias de Ribeir\u00e3o Preto-SP e Regi\u00e3o","link":"https:\/\/ismaelcolosi.com.br\/index.php\/category\/noticias-de-ribeirao-preto-sp-e-regiao-ismael-colosi\/"},"img":{"alt_text":"","src":"https:\/\/i0.wp.com\/ismaelcolosi.com.br\/wp-content\/uploads\/2024\/03\/WhatsApp-Image-2024-03-30-at-09.05.26.jpeg?fit=1200%2C900&ssl=1&resize=350%2C200","width":350,"height":200,"srcset":"https:\/\/i0.wp.com\/ismaelcolosi.com.br\/wp-content\/uploads\/2024\/03\/WhatsApp-Image-2024-03-30-at-09.05.26.jpeg?fit=1200%2C900&ssl=1&resize=350%2C200 1x, https:\/\/i0.wp.com\/ismaelcolosi.com.br\/wp-content\/uploads\/2024\/03\/WhatsApp-Image-2024-03-30-at-09.05.26.jpeg?fit=1200%2C900&ssl=1&resize=525%2C300 1.5x, https:\/\/i0.wp.com\/ismaelcolosi.com.br\/wp-content\/uploads\/2024\/03\/WhatsApp-Image-2024-03-30-at-09.05.26.jpeg?fit=1200%2C900&ssl=1&resize=700%2C400 2x, https:\/\/i0.wp.com\/ismaelcolosi.com.br\/wp-content\/uploads\/2024\/03\/WhatsApp-Image-2024-03-30-at-09.05.26.jpeg?fit=1200%2C900&ssl=1&resize=1050%2C600 3x"},"classes":[]},{"id":59499,"url":"https:\/\/ismaelcolosi.com.br\/index.php\/2024\/08\/09\/vai-esfriar-confira-a-previsao-do-tempo-para-ribeirao-preto-no-fim-de-semana\/","url_meta":{"origin":44819,"position":1},"title":"Vai esfriar? Confira a previs\u00e3o do tempo para Ribeir\u00e3o Preto no fim de semana","author":"ismaelcolosi.com.br","date":"9 de August de 2024","format":false,"excerpt":"A chegada de uma frente fria promete derrubar as temperaturas em Ribeir\u00e3o Preto neste fim de semana. De acordo com a Climatempo, os term\u00f4metros n\u00e3o devem passar dos 27\u00b0C em Ribeir\u00e3o Preto nesta sexta-feira (9). Os meteorologistas ainda informam que h\u00e1 possibilidade de chuva, com acumulado previsto de at\u00e9 5\u2026","rel":"","context":"In &quot;Not\u00edcias de Ribeir\u00e3o Preto-SP e Regi\u00e3o&quot;","block_context":{"text":"Not\u00edcias de Ribeir\u00e3o Preto-SP e Regi\u00e3o","link":"https:\/\/ismaelcolosi.com.br\/index.php\/category\/noticias-de-ribeirao-preto-sp-e-regiao-ismael-colosi\/"},"img":{"alt_text":"","src":"https:\/\/i0.wp.com\/ismaelcolosi.com.br\/wp-content\/uploads\/2024\/06\/frio-2_2024-06-26_20-08-46_jpg_2024-06-26_20-08-47.webp.webp?fit=1200%2C800&ssl=1&resize=350%2C200","width":350,"height":200,"srcset":"https:\/\/i0.wp.com\/ismaelcolosi.com.br\/wp-content\/uploads\/2024\/06\/frio-2_2024-06-26_20-08-46_jpg_2024-06-26_20-08-47.webp.webp?fit=1200%2C800&ssl=1&resize=350%2C200 1x, https:\/\/i0.wp.com\/ismaelcolosi.com.br\/wp-content\/uploads\/2024\/06\/frio-2_2024-06-26_20-08-46_jpg_2024-06-26_20-08-47.webp.webp?fit=1200%2C800&ssl=1&resize=525%2C300 1.5x, https:\/\/i0.wp.com\/ismaelcolosi.com.br\/wp-content\/uploads\/2024\/06\/frio-2_2024-06-26_20-08-46_jpg_2024-06-26_20-08-47.webp.webp?fit=1200%2C800&ssl=1&resize=700%2C400 2x, https:\/\/i0.wp.com\/ismaelcolosi.com.br\/wp-content\/uploads\/2024\/06\/frio-2_2024-06-26_20-08-46_jpg_2024-06-26_20-08-47.webp.webp?fit=1200%2C800&ssl=1&resize=1050%2C600 3x"},"classes":[]},{"id":47696,"url":"https:\/\/ismaelcolosi.com.br\/index.php\/2024\/04\/27\/veja-como-fica-o-tempo-em-ribeirao-preto-neste-fim-de-semana\/","url_meta":{"origin":44819,"position":2},"title":"Veja como fica o tempo em Ribeir\u00e3o Preto neste fim de semana","author":"ismaelcolosi.com.br","date":"27 de April de 2024","format":false,"excerpt":"O \u00faltimo fim de semana de abril em Ribeir\u00e3o Preto ser\u00e1 de muito calor, de acordo com os meteorologistas. Segundo a previs\u00e3o da Climatempo, as temperaturas podem chegar aos 34\u00baC neste s\u00e1bado (27) e no domingo (28). Os dois dias ser\u00e3o marcados pelo sol, com aumento de nuvens a partir\u2026","rel":"","context":"In &quot;Not\u00edcias de Ribeir\u00e3o Preto-SP e Regi\u00e3o&quot;","block_context":{"text":"Not\u00edcias de Ribeir\u00e3o Preto-SP e Regi\u00e3o","link":"https:\/\/ismaelcolosi.com.br\/index.php\/category\/noticias-de-ribeirao-preto-sp-e-regiao-ismael-colosi\/"},"img":{"alt_text":"","src":"https:\/\/i0.wp.com\/ismaelcolosi.com.br\/wp-content\/uploads\/2024\/04\/1714233376_WhatsApp-Image-2024-02-28-at-08.48.57.jpeg?fit=1200%2C900&ssl=1&resize=350%2C200","width":350,"height":200,"srcset":"https:\/\/i0.wp.com\/ismaelcolosi.com.br\/wp-content\/uploads\/2024\/04\/1714233376_WhatsApp-Image-2024-02-28-at-08.48.57.jpeg?fit=1200%2C900&ssl=1&resize=350%2C200 1x, https:\/\/i0.wp.com\/ismaelcolosi.com.br\/wp-content\/uploads\/2024\/04\/1714233376_WhatsApp-Image-2024-02-28-at-08.48.57.jpeg?fit=1200%2C900&ssl=1&resize=525%2C300 1.5x, https:\/\/i0.wp.com\/ismaelcolosi.com.br\/wp-content\/uploads\/2024\/04\/1714233376_WhatsApp-Image-2024-02-28-at-08.48.57.jpeg?fit=1200%2C900&ssl=1&resize=700%2C400 2x, https:\/\/i0.wp.com\/ismaelcolosi.com.br\/wp-content\/uploads\/2024\/04\/1714233376_WhatsApp-Image-2024-02-28-at-08.48.57.jpeg?fit=1200%2C900&ssl=1&resize=1050%2C600 3x"},"classes":[]},{"id":51356,"url":"https:\/\/ismaelcolosi.com.br\/index.php\/2024\/05\/27\/nova-frente-fria-se-forma-nesta-semana-veja-previsao-e-as-temperaturas-no-interior-de-sp\/","url_meta":{"origin":44819,"position":3},"title":"Nova frente fria se forma nesta semana; Veja previs\u00e3o e as temperaturas no interior de SP","author":"ismaelcolosi.com.br","date":"27 de May de 2024","format":false,"excerpt":"Uma frente fria mudou o tempo no fim de semana, com a chegada da chuva e queda da temperatura no estado de S\u00e3o Paulo. Segundo a Climatempo, a semana deve come\u00e7ar com mais umidade e risco de chuva forte no Oeste, Centro-Leste e Sul do estado paulista. As temperaturas continuam\u2026","rel":"","context":"In &quot;Not\u00edcias de Ribeir\u00e3o Preto-SP e Regi\u00e3o&quot;","block_context":{"text":"Not\u00edcias de Ribeir\u00e3o Preto-SP e Regi\u00e3o","link":"https:\/\/ismaelcolosi.com.br\/index.php\/category\/noticias-de-ribeirao-preto-sp-e-regiao-ismael-colosi\/"},"img":{"alt_text":"","src":"https:\/\/i0.wp.com\/ismaelcolosi.com.br\/wp-content\/uploads\/2024\/05\/WhatsApp-Image-2023-12-23-at-18.39.14.jpeg?fit=1200%2C844&ssl=1&resize=350%2C200","width":350,"height":200,"srcset":"https:\/\/i0.wp.com\/ismaelcolosi.com.br\/wp-content\/uploads\/2024\/05\/WhatsApp-Image-2023-12-23-at-18.39.14.jpeg?fit=1200%2C844&ssl=1&resize=350%2C200 1x, https:\/\/i0.wp.com\/ismaelcolosi.com.br\/wp-content\/uploads\/2024\/05\/WhatsApp-Image-2023-12-23-at-18.39.14.jpeg?fit=1200%2C844&ssl=1&resize=525%2C300 1.5x, https:\/\/i0.wp.com\/ismaelcolosi.com.br\/wp-content\/uploads\/2024\/05\/WhatsApp-Image-2023-12-23-at-18.39.14.jpeg?fit=1200%2C844&ssl=1&resize=700%2C400 2x, https:\/\/i0.wp.com\/ismaelcolosi.com.br\/wp-content\/uploads\/2024\/05\/WhatsApp-Image-2023-12-23-at-18.39.14.jpeg?fit=1200%2C844&ssl=1&resize=1050%2C600 3x"},"classes":[]},{"id":33020,"url":"https:\/\/ismaelcolosi.com.br\/index.php\/2024\/01\/27\/interior-de-sp-deve-ter-final-de-semana-com-sol-e-pancadas-de-chuva-veja-a-previsao\/","url_meta":{"origin":44819,"position":4},"title":"Interior de SP deve ter final de semana com sol e pancadas de chuva; Veja a previs\u00e3o","author":"ismaelcolosi.com.br","date":"27 de January de 2024","format":false,"excerpt":"A Zona de Converg\u00eancia do Atl\u00e2ntico Sul (ZCAS) ainda est\u00e1 ativa sobre o Brasil e espalha nuvens carregadas sobre algumas regi\u00f5es do pa\u00eds. De acordo com a Climatempo, o interior do estado de S\u00e3o Paulo deve ter um final de semana de sol o dia todo, acompanhado de nuvens e\u2026","rel":"","context":"In &quot;Not\u00edcias de Ribeir\u00e3o Preto-SP e Regi\u00e3o&quot;","block_context":{"text":"Not\u00edcias de Ribeir\u00e3o Preto-SP e Regi\u00e3o","link":"https:\/\/ismaelcolosi.com.br\/index.php\/category\/noticias-de-ribeirao-preto-sp-e-regiao-ismael-colosi\/"},"img":{"alt_text":"","src":"https:\/\/i0.wp.com\/ismaelcolosi.com.br\/wp-content\/uploads\/2024\/01\/1706363396_RIBEIRAO-PRETO.jpg?fit=1200%2C739&ssl=1&resize=350%2C200","width":350,"height":200,"srcset":"https:\/\/i0.wp.com\/ismaelcolosi.com.br\/wp-content\/uploads\/2024\/01\/1706363396_RIBEIRAO-PRETO.jpg?fit=1200%2C739&ssl=1&resize=350%2C200 1x, https:\/\/i0.wp.com\/ismaelcolosi.com.br\/wp-content\/uploads\/2024\/01\/1706363396_RIBEIRAO-PRETO.jpg?fit=1200%2C739&ssl=1&resize=525%2C300 1.5x, https:\/\/i0.wp.com\/ismaelcolosi.com.br\/wp-content\/uploads\/2024\/01\/1706363396_RIBEIRAO-PRETO.jpg?fit=1200%2C739&ssl=1&resize=700%2C400 2x, https:\/\/i0.wp.com\/ismaelcolosi.com.br\/wp-content\/uploads\/2024\/01\/1706363396_RIBEIRAO-PRETO.jpg?fit=1200%2C739&ssl=1&resize=1050%2C600 3x"},"classes":[]},{"id":59682,"url":"https:\/\/ismaelcolosi.com.br\/index.php\/2024\/08\/11\/ribeirao-preto-registra-5oc-neste-domingo-veja-previsao-para-os-proximos-dias\/","url_meta":{"origin":44819,"position":5},"title":"Ribeir\u00e3o Preto registra 5\u00baC neste domingo; Veja previs\u00e3o para os pr\u00f3ximos dias","author":"ismaelcolosi.com.br","date":"11 de August de 2024","format":false,"excerpt":"Uma forte fria atingiu o interior paulista nos \u00faltimos dias e provocou uma mudan\u00e7a no tempo em diversas regi\u00f5es do estado, inclusive em Ribeir\u00e3o Preto. De acordo com o monitoramento do Centro Integrado de Informa\u00e7\u00f5es Agrometeorol\u00f3gicas (Ciiagro), os term\u00f4metros do munic\u00edpio registraram 5,9\u00baC durante a madrugada deste domingo (11). No\u2026","rel":"","context":"In &quot;Not\u00edcias de Ribeir\u00e3o Preto-SP e Regi\u00e3o&quot;","block_context":{"text":"Not\u00edcias de Ribeir\u00e3o Preto-SP e Regi\u00e3o","link":"https:\/\/ismaelcolosi.com.br\/index.php\/category\/noticias-de-ribeirao-preto-sp-e-regiao-ismael-colosi\/"},"img":{"alt_text":"","src":"https:\/\/i0.wp.com\/ismaelcolosi.com.br\/wp-content\/uploads\/2024\/08\/frio_luva_1200x675_16042022092951.jpg?fit=1200%2C675&ssl=1&resize=350%2C200","width":350,"height":200,"srcset":"https:\/\/i0.wp.com\/ismaelcolosi.com.br\/wp-content\/uploads\/2024\/08\/frio_luva_1200x675_16042022092951.jpg?fit=1200%2C675&ssl=1&resize=350%2C200 1x, https:\/\/i0.wp.com\/ismaelcolosi.com.br\/wp-content\/uploads\/2024\/08\/frio_luva_1200x675_16042022092951.jpg?fit=1200%2C675&ssl=1&resize=525%2C300 1.5x, https:\/\/i0.wp.com\/ismaelcolosi.com.br\/wp-content\/uploads\/2024\/08\/frio_luva_1200x675_16042022092951.jpg?fit=1200%2C675&ssl=1&resize=700%2C400 2x, https:\/\/i0.wp.com\/ismaelcolosi.com.br\/wp-content\/uploads\/2024\/08\/frio_luva_1200x675_16042022092951.jpg?fit=1200%2C675&ssl=1&resize=1050%2C600 3x"},"classes":[]}],"jetpack_sharing_enabled":true,"jetpack_shortlink":"https:\/\/wp.me\/pfMlyK-bET","_links":{"self":[{"href":"https:\/\/ismaelcolosi.com.br\/index.php\/wp-json\/wp\/v2\/posts\/44819","targetHints":{"allow":["GET"]}}],"collection":[{"href":"https:\/\/ismaelcolosi.com.br\/index.php\/wp-json\/wp\/v2\/posts"}],"about":[{"href":"https:\/\/ismaelcolosi.com.br\/index.php\/wp-json\/wp\/v2\/types\/post"}],"author":[{"embeddable":true,"href":"https:\/\/ismaelcolosi.com.br\/index.php\/wp-json\/wp\/v2\/users\/1"}],"replies":[{"embeddable":true,"href":"https:\/\/ismaelcolosi.com.br\/index.php\/wp-json\/wp\/v2\/comments?post=44819"}],"version-history":[{"count":0,"href":"https:\/\/ismaelcolosi.com.br\/index.php\/wp-json\/wp\/v2\/posts\/44819\/revisions"}],"wp:featuredmedia":[{"embeddable":true,"href":"https:\/\/ismaelcolosi.com.br\/index.php\/wp-json\/wp\/v2\/media\/44820"}],"wp:attachment":[{"href":"https:\/\/ismaelcolosi.com.br\/index.php\/wp-json\/wp\/v2\/media?parent=44819"}],"wp:term":[{"taxonomy":"category","embeddable":true,"href":"https:\/\/ismaelcolosi.com.br\/index.php\/wp-json\/wp\/v2\/categories?post=44819"},{"taxonomy":"post_tag","embeddable":true,"href":"https:\/\/ismaelcolosi.com.br\/index.php\/wp-json\/wp\/v2\/tags?post=44819"}],"curies":[{"name":"wp","href":"https:\/\/api.w.org\/{rel}","templated":true}]}}