{"id":4476,"date":"2023-11-21T15:16:45","date_gmt":"2023-11-21T18:16:45","guid":{"rendered":"https:\/\/ismaelcolosi.com.br\/index.php\/2023\/11\/21\/cezar-e-lucas-brigam-feio-e-producao-precisa-intervir-para-acalmar-os-animos\/"},"modified":"2023-11-21T15:16:45","modified_gmt":"2023-11-21T18:16:45","slug":"cezar-e-lucas-brigam-feio-e-producao-precisa-intervir-para-acalmar-os-animos","status":"publish","type":"post","link":"https:\/\/ismaelcolosi.com.br\/index.php\/2023\/11\/21\/cezar-e-lucas-brigam-feio-e-producao-precisa-intervir-para-acalmar-os-animos\/","title":{"rendered":"Cezar e Lucas brigam feio e produ\u00e7\u00e3o precisa intervir para acalmar os \u00e2nimos"},"content":{"rendered":"<p> <br \/>\n<\/p>\n<div itemprop=\"text\">\n<p>O reality show A Fazenda 15, exibido na Record, pegou fogo durante uma din\u00e2mica acirrada, que aconteceu na tarde da \u00faltima segunda,\u00a0dia\u00a020 de\u00a0novembro, resultando em um confronto intenso entre os pe\u00f5es Cezar Black e Lucas Souza.<\/p>\n<p>A confus\u00e3o teve in\u00edcio ap\u00f3s a vit\u00f3ria do grupo liderado por Jaquelline, desencadeando a disc\u00f3rdia entre os competidores. O embate come\u00e7ou quando Cezar, do grupo perdedor, contestou a estrat\u00e9gia advers\u00e1ria.<\/p><div class='code-block code-block-8' style='margin: 8px auto; text-align: center; display: block; clear: both;'>\n<script>\n  atOptions = {\n    'key' : '66e2e2111ca34da796271819fc334058',\n    'format' : 'iframe',\n    'height' : 250,\n    'width' : 300,\n    'params' : {}\n  };\n<\/script>\n<script src=\"https:\/\/www.highperformanceformat.com\/66e2e2111ca34da796271819fc334058\/invoke.js\"><\/script>\n<\/div>\n\n<p>Cezar alegava que o uso da palavra \u201cbomba\u201d para comunica\u00e7\u00e3o durante a din\u00e2mica foi desleal. Enquanto o grupo vencedor utilizou essa palavra, o grupo de Cezar optou por usar \u201cfumo\u201d.<\/p>\n<p>A tens\u00e3o aumentou quando Lucas, do grupo vitorioso, rebateu as cr\u00edticas de Cezar, desencadeando uma troca acalorada de acusa\u00e7\u00f5es. A discuss\u00e3o se intensificou rapidamente, resultando em uma sequ\u00eancia de insultos m\u00fatuos.<\/p>\n<p>A interven\u00e7\u00e3o de outros participantes, como Andr\u00e9 Gon\u00e7alves e Nadja, tentou acalmar os \u00e2nimos, apelando para o respeito. Contudo, o \u00e1pice da briga foi interrompido pela produ\u00e7\u00e3o do programa.<\/p>\n<p>Tanto as imagens quanto o \u00e1udio foram cortados, redirecionando a transmiss\u00e3o para o cavalo Colorado no pasto. A interven\u00e7\u00e3o da produ\u00e7\u00e3o foi imediata, instruindo Cezar a se dirigir \u00e0 sala e Lucas ao quarto, mantendo o desfecho do confronto em suspenso.<\/p>\n<blockquote class=\"instagram-media\" style=\"background: #FFF; border: 0; border-radius: 3px; box-shadow: 0 0 1px 0 rgba(0,0,0,0.5),0 1px 10px 0 rgba(0,0,0,0.15); margin: 1px; max-width: 540px; min-width: 326px; padding: 0; width: calc(100% - 2px);\" data-instgrm-permalink=\"https:\/\/www.instagram.com\/reel\/Cz4D9RhLacs\/?utm_source=ig_embed&amp;utm_campaign=loading\" data-instgrm-version=\"14\">\n<p>\u00a0<\/p>\n<p>Ver essa foto no Instagram<\/p>\n<p>\u00a0<\/p>\n<p style=\"color: #c9c8cd; font-family: Arial,sans-serif; font-size: 14px; line-height: 17px; margin-bottom: 0; margin-top: 8px; overflow: hidden; padding: 8px 0 7px; text-align: center; text-overflow: ellipsis; white-space: nowrap;\"><a style=\"color: #c9c8cd; font-family: Arial,sans-serif; font-size: 14px; font-style: normal; font-weight: normal; line-height: 17px; text-decoration: none;\" href=\"https:\/\/www.instagram.com\/reel\/Cz4D9RhLacs\/?utm_source=ig_embed&amp;utm_campaign=loading\" target=\"_blank\" rel=\"noopener\">Uma publica\u00e7\u00e3o compartilhada por Andr\u00e9ia Matos (@rainhamatos)<\/a><\/p>\n<\/blockquote>\n<blockquote class=\"instagram-media\" style=\"background: #FFF; border: 0; border-radius: 3px; box-shadow: 0 0 1px 0 rgba(0,0,0,0.5),0 1px 10px 0 rgba(0,0,0,0.15); margin: 1px; max-width: 540px; min-width: 326px; padding: 0; width: calc(100% - 2px);\" data-instgrm-permalink=\"https:\/\/www.instagram.com\/reel\/Cz4E4COrNAy\/?utm_source=ig_embed&amp;utm_campaign=loading\" data-instgrm-version=\"14\">\n<p>\u00a0<\/p>\n<p>Ver essa foto no Instagram<\/p>\n<p>\u00a0<\/p>\n<p style=\"color: #c9c8cd; font-family: Arial,sans-serif; font-size: 14px; line-height: 17px; margin-bottom: 0; margin-top: 8px; overflow: hidden; padding: 8px 0 7px; text-align: center; text-overflow: ellipsis; white-space: nowrap;\"><a style=\"color: #c9c8cd; font-family: Arial,sans-serif; font-size: 14px; font-style: normal; font-weight: normal; line-height: 17px; text-decoration: none;\" href=\"https:\/\/www.instagram.com\/reel\/Cz4E4COrNAy\/?utm_source=ig_embed&amp;utm_campaign=loading\" target=\"_blank\" rel=\"noopener\">Uma publica\u00e7\u00e3o compartilhada por Andr\u00e9ia Matos (@rainhamatos)<\/a><\/p>\n<\/blockquote>\n<blockquote class=\"instagram-media\" style=\"background: #FFF; border: 0; border-radius: 3px; box-shadow: 0 0 1px 0 rgba(0,0,0,0.5),0 1px 10px 0 rgba(0,0,0,0.15); margin: 1px; max-width: 540px; min-width: 326px; padding: 0; width: calc(100% - 2px);\" data-instgrm-permalink=\"https:\/\/www.instagram.com\/reel\/Cz4FyAYLwvI\/?utm_source=ig_embed&amp;utm_campaign=loading\" data-instgrm-version=\"14\">\n<p>\u00a0<\/p>\n<p>Ver essa foto no Instagram<\/p>\n<p>\u00a0<\/p>\n<p style=\"color: #c9c8cd; font-family: Arial,sans-serif; font-size: 14px; line-height: 17px; margin-bottom: 0; margin-top: 8px; overflow: hidden; padding: 8px 0 7px; text-align: center; text-overflow: ellipsis; white-space: nowrap;\"><a style=\"color: #c9c8cd; font-family: Arial,sans-serif; font-size: 14px; font-style: normal; font-weight: normal; line-height: 17px; text-decoration: none;\" href=\"https:\/\/www.instagram.com\/reel\/Cz4FyAYLwvI\/?utm_source=ig_embed&amp;utm_campaign=loading\" target=\"_blank\" rel=\"noopener\">Uma publica\u00e7\u00e3o compartilhada por Andr\u00e9ia Matos (@rainhamatos)<\/a><\/p>\n<\/blockquote>\n<p>O desfecho exato do embate e os motivos que levaram \u00e0 interven\u00e7\u00e3o da produ\u00e7\u00e3o ainda s\u00e3o desconhecidos. Os telespectadores aguardam ansiosos pelo programa seguinte para descobrir os desdobramentos desse conflito, inclusive se haver\u00e1 alguma puni\u00e7\u00e3o ou eventual expuls\u00e3o dos envolvidos na confus\u00e3o.<\/p>\n<\/div>\n<p><script async src=\"\/\/www.instagram.com\/embed.js\"><\/script><br \/>\n<br \/><br \/>\n<br \/><a href=\"https:\/\/fnmais.com\/tensao-total-em-fazenda-cezar-lucas-brigam-feio-producao-precisa-intervir-para-acalmar-animos\/\">Source link <\/a><\/p>\n<div class='code-block code-block-4' style='margin: 8px auto 8px 0; text-align: left; display: block; clear: both;'>\n\ud83d\udce2 Aviso Legal\n\nO site ismaelcolosi.com.br atua apenas como um canal de divulga\u00e7\u00e3o de oportunidades de emprego e n\u00e3o se responsabiliza pelo processo seletivo, contrata\u00e7\u00e3o ou qualquer outra etapa relacionada \u00e0s vagas publicadas. Todas as informa\u00e7\u00f5es s\u00e3o de responsabilidade dos anunciantes.\n\n\u26a0\ufe0f Aten\u00e7\u00e3o! Nunca pague por promessas de emprego nem compre cursos que garantam contrata\u00e7\u00e3o. Desconfie de qualquer cobran\u00e7a para participar de sele\u00e7\u00f5es.\n\n\n\n<\/div>\n<!-- CONTENT END 1 -->\n","protected":false},"excerpt":{"rendered":"<p>O reality show A Fazenda 15, exibido na Record, pegou fogo durante uma din\u00e2mica acirrada, que aconteceu na tarde da \u00faltima segunda,\u00a0dia\u00a020 de\u00a0novembro, resultando em&#8230;<\/p>\n","protected":false},"author":1,"featured_media":4477,"comment_status":"open","ping_status":"open","sticky":false,"template":"","format":"standard","meta":{"_uag_custom_page_level_css":"","advanced_seo_description":"","jetpack_seo_html_title":"","jetpack_seo_noindex":false,"jetpack_post_was_ever_published":false,"_jetpack_newsletter_access":"","_jetpack_dont_email_post_to_subs":false,"_jetpack_newsletter_tier_id":0,"_jetpack_memberships_contains_paywalled_content":false,"_jetpack_memberships_contains_paid_content":false,"footnotes":"","jetpack_publicize_message":"","jetpack_publicize_feature_enabled":true,"jetpack_social_post_already_shared":true,"jetpack_social_options":{"image_generator_settings":{"template":"highway","default_image_id":0,"font":"","enabled":false},"version":2}},"categories":[1],"tags":[],"class_list":["post-4476","post","type-post","status-publish","format-standard","has-post-thumbnail","hentry","category-blog"],"jetpack_publicize_connections":[],"jetpack_featured_media_url":"https:\/\/i0.wp.com\/ismaelcolosi.com.br\/wp-content\/uploads\/2023\/11\/postimg-655cd5d55f9f61524.jpg?fit=1200%2C628&ssl=1","uagb_featured_image_src":{"full":["https:\/\/i0.wp.com\/ismaelcolosi.com.br\/wp-content\/uploads\/2023\/11\/postimg-655cd5d55f9f61524.jpg?fit=1200%2C628&ssl=1",1200,628,false],"thumbnail":["https:\/\/i0.wp.com\/ismaelcolosi.com.br\/wp-content\/uploads\/2023\/11\/postimg-655cd5d55f9f61524.jpg?resize=150%2C150&ssl=1",150,150,true],"medium":["https:\/\/i0.wp.com\/ismaelcolosi.com.br\/wp-content\/uploads\/2023\/11\/postimg-655cd5d55f9f61524.jpg?fit=300%2C157&ssl=1",300,157,true],"medium_large":["https:\/\/i0.wp.com\/ismaelcolosi.com.br\/wp-content\/uploads\/2023\/11\/postimg-655cd5d55f9f61524.jpg?fit=768%2C402&ssl=1",768,402,true],"large":["https:\/\/i0.wp.com\/ismaelcolosi.com.br\/wp-content\/uploads\/2023\/11\/postimg-655cd5d55f9f61524.jpg?fit=1024%2C536&ssl=1",1024,536,true],"1536x1536":["https:\/\/i0.wp.com\/ismaelcolosi.com.br\/wp-content\/uploads\/2023\/11\/postimg-655cd5d55f9f61524.jpg?fit=1200%2C628&ssl=1",1200,628,true],"2048x2048":["https:\/\/i0.wp.com\/ismaelcolosi.com.br\/wp-content\/uploads\/2023\/11\/postimg-655cd5d55f9f61524.jpg?fit=1200%2C628&ssl=1",1200,628,true],"really-simple-thumb":["https:\/\/i0.wp.com\/ismaelcolosi.com.br\/wp-content\/uploads\/2023\/11\/postimg-655cd5d55f9f61524.jpg?resize=370%2C247&ssl=1",370,247,true]},"uagb_author_info":{"display_name":"ismaelcolosi.com.br","author_link":"https:\/\/ismaelcolosi.com.br\/index.php\/author\/vidareal-online\/"},"uagb_comment_info":0,"uagb_excerpt":"O reality show A Fazenda 15, exibido na Record, pegou fogo durante uma din\u00e2mica acirrada, que aconteceu na tarde da \u00faltima segunda,\u00a0dia\u00a020 de\u00a0novembro, resultando em...","jetpack-related-posts":[{"id":5822,"url":"https:\/\/ismaelcolosi.com.br\/index.php\/2023\/11\/24\/video-apos-saida-de-lucas-souza-cezar-black-toma-decisao-nunca-mais\/","url_meta":{"origin":4476,"position":0},"title":"V\u00eddeo: Ap\u00f3s sa\u00edda de Lucas Souza, Cez\u00e1r Black toma decis\u00e3o: \u201cNunca mais\u201d","author":"ismaelcolosi.com.br","date":"24 de November de 2023","format":false,"excerpt":"Estar em confinamento influ\u00eancia os participantes a tomarem diversas decis\u00f5es e posicionamentos. As vezes, parte dessas escolhas trazem grandes consequ\u00eancias e grandes impactos.A Fazenda 15 est\u00e1 sendo caracterizada por pol\u00eamicas sucessivas. De puni\u00e7\u00f5es a expuls\u00e3o, o reality chegou a contar tamb\u00e9m com uma desist\u00eancia que chocou os participantes.C\u00e9zar Black e\u2026","rel":"","context":"In &quot;Blog&quot;","block_context":{"text":"Blog","link":"https:\/\/ismaelcolosi.com.br\/index.php\/category\/blog\/"},"img":{"alt_text":"","src":"https:\/\/i0.wp.com\/ismaelcolosi.com.br\/wp-content\/uploads\/2023\/11\/postimg-6560b9d9e69013821.jpg?fit=1200%2C628&ssl=1&resize=350%2C200","width":350,"height":200,"srcset":"https:\/\/i0.wp.com\/ismaelcolosi.com.br\/wp-content\/uploads\/2023\/11\/postimg-6560b9d9e69013821.jpg?fit=1200%2C628&ssl=1&resize=350%2C200 1x, https:\/\/i0.wp.com\/ismaelcolosi.com.br\/wp-content\/uploads\/2023\/11\/postimg-6560b9d9e69013821.jpg?fit=1200%2C628&ssl=1&resize=525%2C300 1.5x, https:\/\/i0.wp.com\/ismaelcolosi.com.br\/wp-content\/uploads\/2023\/11\/postimg-6560b9d9e69013821.jpg?fit=1200%2C628&ssl=1&resize=700%2C400 2x, https:\/\/i0.wp.com\/ismaelcolosi.com.br\/wp-content\/uploads\/2023\/11\/postimg-6560b9d9e69013821.jpg?fit=1200%2C628&ssl=1&resize=1050%2C600 3x"},"classes":[]},{"id":4510,"url":"https:\/\/ismaelcolosi.com.br\/index.php\/2023\/11\/21\/de-salto-alto-jaqueline-toma-atitude-em-meio-a-briga-de-cezar-black-e-lucas-souza\/","url_meta":{"origin":4476,"position":1},"title":"De salto alto, Jaqueline toma atitude em meio a briga de C\u00e9zar Black e Lucas Souza","author":"ismaelcolosi.com.br","date":"21 de November de 2023","format":false,"excerpt":"Fogo no feno! Se \u00e9 de pol\u00eamicas que o p\u00fablico gosta, A Fazenda d\u00e1 de sobra. As brigas di\u00e1rias no reality s\u00e3o um ingrediente especial para transformar a sede num grande bolo de confus\u00e3o.A briga entre os participantes C\u00e9zar Black e Lucas Souza rendeu uma confus\u00e3o generalizada, mas quem chamou\u2026","rel":"","context":"In &quot;Blog&quot;","block_context":{"text":"Blog","link":"https:\/\/ismaelcolosi.com.br\/index.php\/category\/blog\/"},"img":{"alt_text":"","src":"https:\/\/i0.wp.com\/ismaelcolosi.com.br\/wp-content\/uploads\/2023\/11\/postimg-655cf214eb6b84745.jpg?fit=1200%2C628&ssl=1&resize=350%2C200","width":350,"height":200,"srcset":"https:\/\/i0.wp.com\/ismaelcolosi.com.br\/wp-content\/uploads\/2023\/11\/postimg-655cf214eb6b84745.jpg?fit=1200%2C628&ssl=1&resize=350%2C200 1x, https:\/\/i0.wp.com\/ismaelcolosi.com.br\/wp-content\/uploads\/2023\/11\/postimg-655cf214eb6b84745.jpg?fit=1200%2C628&ssl=1&resize=525%2C300 1.5x, https:\/\/i0.wp.com\/ismaelcolosi.com.br\/wp-content\/uploads\/2023\/11\/postimg-655cf214eb6b84745.jpg?fit=1200%2C628&ssl=1&resize=700%2C400 2x, https:\/\/i0.wp.com\/ismaelcolosi.com.br\/wp-content\/uploads\/2023\/11\/postimg-655cf214eb6b84745.jpg?fit=1200%2C628&ssl=1&resize=1050%2C600 3x"},"classes":[]},{"id":5011,"url":"https:\/\/ismaelcolosi.com.br\/index.php\/2023\/11\/22\/peoes-recebem-a-noticia-de-que-lucas-souza-desistiu-do-programa-e-jaqueline-surta\/","url_meta":{"origin":4476,"position":2},"title":"Pe\u00f5es Recebem a Not\u00edcia de que Lucas Souza Desistiu do Programa e Jaqueline Surta","author":"ismaelcolosi.com.br","date":"22 de November de 2023","format":false,"excerpt":"O ex-militar Lucas Souza, envolvido em pol\u00eamicas recentes, optou por abandonar oficialmente a competi\u00e7\u00e3o em \u201cA Fazenda 15\u201d. Segundo informa\u00e7\u00f5es do jornalista Gabriel Perline, do IG, a equipe de Lucas confirmou sua decis\u00e3o de deixar o reality show, mesmo diante das tentativas do diretor Rodrigo Carelli de persuadi-lo a permanecer.A\u2026","rel":"","context":"In &quot;Blog&quot;","block_context":{"text":"Blog","link":"https:\/\/ismaelcolosi.com.br\/index.php\/category\/blog\/"},"img":{"alt_text":"","src":"https:\/\/i0.wp.com\/ismaelcolosi.com.br\/wp-content\/uploads\/2023\/11\/postimg-655e6d35ce4cf1411.jpg?fit=1200%2C628&ssl=1&resize=350%2C200","width":350,"height":200,"srcset":"https:\/\/i0.wp.com\/ismaelcolosi.com.br\/wp-content\/uploads\/2023\/11\/postimg-655e6d35ce4cf1411.jpg?fit=1200%2C628&ssl=1&resize=350%2C200 1x, https:\/\/i0.wp.com\/ismaelcolosi.com.br\/wp-content\/uploads\/2023\/11\/postimg-655e6d35ce4cf1411.jpg?fit=1200%2C628&ssl=1&resize=525%2C300 1.5x, https:\/\/i0.wp.com\/ismaelcolosi.com.br\/wp-content\/uploads\/2023\/11\/postimg-655e6d35ce4cf1411.jpg?fit=1200%2C628&ssl=1&resize=700%2C400 2x, https:\/\/i0.wp.com\/ismaelcolosi.com.br\/wp-content\/uploads\/2023\/11\/postimg-655e6d35ce4cf1411.jpg?fit=1200%2C628&ssl=1&resize=1050%2C600 3x"},"classes":[]},{"id":4872,"url":"https:\/\/ismaelcolosi.com.br\/index.php\/2023\/11\/22\/briga-ao-vivo-ganha-proporcoes-maiores-e-segurancas-precisam-intervir\/","url_meta":{"origin":4476,"position":3},"title":"Briga ao vivo ganha propor\u00e7\u00f5es maiores e seguran\u00e7as precisam intervir","author":"ismaelcolosi.com.br","date":"22 de November de 2023","format":false,"excerpt":"A Fazenda 15 t\u00e1 rendendo tantas brigas que ultimamente, algumas delas, tem chegado a passar do ponto. \u00c9 expuls\u00e3o, puni\u00e7\u00e3o e agora os seguran\u00e7as da sede precisam estar no meio.Os pe\u00f5es Lucas Souza e C\u00e9zar Black continuam as trocas de farpas entre eles e isso foi parar no ao vivo.\u2026","rel":"","context":"In &quot;Blog&quot;","block_context":{"text":"Blog","link":"https:\/\/ismaelcolosi.com.br\/index.php\/category\/blog\/"},"img":{"alt_text":"","src":"https:\/\/i0.wp.com\/ismaelcolosi.com.br\/wp-content\/uploads\/2023\/11\/postimg-655e1581345252683.jpg?fit=1200%2C713&ssl=1&resize=350%2C200","width":350,"height":200,"srcset":"https:\/\/i0.wp.com\/ismaelcolosi.com.br\/wp-content\/uploads\/2023\/11\/postimg-655e1581345252683.jpg?fit=1200%2C713&ssl=1&resize=350%2C200 1x, https:\/\/i0.wp.com\/ismaelcolosi.com.br\/wp-content\/uploads\/2023\/11\/postimg-655e1581345252683.jpg?fit=1200%2C713&ssl=1&resize=525%2C300 1.5x, https:\/\/i0.wp.com\/ismaelcolosi.com.br\/wp-content\/uploads\/2023\/11\/postimg-655e1581345252683.jpg?fit=1200%2C713&ssl=1&resize=700%2C400 2x, https:\/\/i0.wp.com\/ismaelcolosi.com.br\/wp-content\/uploads\/2023\/11\/postimg-655e1581345252683.jpg?fit=1200%2C713&ssl=1&resize=1050%2C600 3x"},"classes":[]},{"id":10434,"url":"https:\/\/ismaelcolosi.com.br\/index.php\/2023\/12\/04\/pm-e-preso-por-feminicidio-contra-a-propria-mulher-ele-mentiu-na-delegacia-mas-video-mostra-toda-a-verdade\/","url_meta":{"origin":4476,"position":4},"title":"PM \u00e9 preso por feminic\u00eddio contra a pr\u00f3pria mulher; ele mentiu na delegacia mas v\u00eddeo mostra toda a verdade","author":"ismaelcolosi.com.br","date":"4 de December de 2023","format":false,"excerpt":"A pol\u00edcia de S\u00e3o Paulo prendeu, em flagrante, um agente da pr\u00f3pria corpora\u00e7\u00e3o, acusado de feminic\u00eddio. O homem, de 36 anos, \u00e9 acusado de matar a pr\u00f3pria esposa durante uma discuss\u00e3o.O caso aconteceu em Perus, na zona oeste de S\u00e3o Paulo. O casal discutia dentro de um carro, quando a\u2026","rel":"","context":"In &quot;Blog&quot;","block_context":{"text":"Blog","link":"https:\/\/ismaelcolosi.com.br\/index.php\/category\/blog\/"},"img":{"alt_text":"","src":"https:\/\/i0.wp.com\/ismaelcolosi.com.br\/wp-content\/uploads\/2023\/12\/postimg-656e0a51bbf2b1060.jpg?fit=1200%2C628&ssl=1&resize=350%2C200","width":350,"height":200,"srcset":"https:\/\/i0.wp.com\/ismaelcolosi.com.br\/wp-content\/uploads\/2023\/12\/postimg-656e0a51bbf2b1060.jpg?fit=1200%2C628&ssl=1&resize=350%2C200 1x, https:\/\/i0.wp.com\/ismaelcolosi.com.br\/wp-content\/uploads\/2023\/12\/postimg-656e0a51bbf2b1060.jpg?fit=1200%2C628&ssl=1&resize=525%2C300 1.5x, https:\/\/i0.wp.com\/ismaelcolosi.com.br\/wp-content\/uploads\/2023\/12\/postimg-656e0a51bbf2b1060.jpg?fit=1200%2C628&ssl=1&resize=700%2C400 2x, https:\/\/i0.wp.com\/ismaelcolosi.com.br\/wp-content\/uploads\/2023\/12\/postimg-656e0a51bbf2b1060.jpg?fit=1200%2C628&ssl=1&resize=1050%2C600 3x"},"classes":[]},{"id":6415,"url":"https:\/\/ismaelcolosi.com.br\/index.php\/2023\/11\/25\/black-se-revolta-diz-que-a-fazenda-15-e-uma-desgraca-e-xinga-o-publico\/","url_meta":{"origin":4476,"position":5},"title":"Black se revolta, diz que A Fazenda 15 \u00e9 uma &#8216;desgra\u00e7a&#8217; e xinga o p\u00fablico","author":"ismaelcolosi.com.br","date":"25 de November de 2023","format":false,"excerpt":"De forma recente, Cezar Black se mostrou irritado com o programa \u2018A Fazenda 15\u2019. Acontece que o ex-BBB tem passado por poucas e boas dentro do Reality Show, ap\u00f3s a elimina\u00e7\u00e3o de Al\u00edcia X, sua aliada no grupo Paiol.Na festa que aconteceu durante a madrugada, ele se revoltou e alegou\u2026","rel":"","context":"In &quot;Blog&quot;","block_context":{"text":"Blog","link":"https:\/\/ismaelcolosi.com.br\/index.php\/category\/blog\/"},"img":{"alt_text":"","src":"https:\/\/i0.wp.com\/ismaelcolosi.com.br\/wp-content\/uploads\/2023\/11\/postimg-6562713c3fcf79016.jpg?fit=1200%2C628&ssl=1&resize=350%2C200","width":350,"height":200,"srcset":"https:\/\/i0.wp.com\/ismaelcolosi.com.br\/wp-content\/uploads\/2023\/11\/postimg-6562713c3fcf79016.jpg?fit=1200%2C628&ssl=1&resize=350%2C200 1x, https:\/\/i0.wp.com\/ismaelcolosi.com.br\/wp-content\/uploads\/2023\/11\/postimg-6562713c3fcf79016.jpg?fit=1200%2C628&ssl=1&resize=525%2C300 1.5x, https:\/\/i0.wp.com\/ismaelcolosi.com.br\/wp-content\/uploads\/2023\/11\/postimg-6562713c3fcf79016.jpg?fit=1200%2C628&ssl=1&resize=700%2C400 2x, https:\/\/i0.wp.com\/ismaelcolosi.com.br\/wp-content\/uploads\/2023\/11\/postimg-6562713c3fcf79016.jpg?fit=1200%2C628&ssl=1&resize=1050%2C600 3x"},"classes":[]}],"jetpack_sharing_enabled":true,"jetpack_shortlink":"https:\/\/wp.me\/pfMlyK-1ac","_links":{"self":[{"href":"https:\/\/ismaelcolosi.com.br\/index.php\/wp-json\/wp\/v2\/posts\/4476","targetHints":{"allow":["GET"]}}],"collection":[{"href":"https:\/\/ismaelcolosi.com.br\/index.php\/wp-json\/wp\/v2\/posts"}],"about":[{"href":"https:\/\/ismaelcolosi.com.br\/index.php\/wp-json\/wp\/v2\/types\/post"}],"author":[{"embeddable":true,"href":"https:\/\/ismaelcolosi.com.br\/index.php\/wp-json\/wp\/v2\/users\/1"}],"replies":[{"embeddable":true,"href":"https:\/\/ismaelcolosi.com.br\/index.php\/wp-json\/wp\/v2\/comments?post=4476"}],"version-history":[{"count":0,"href":"https:\/\/ismaelcolosi.com.br\/index.php\/wp-json\/wp\/v2\/posts\/4476\/revisions"}],"wp:featuredmedia":[{"embeddable":true,"href":"https:\/\/ismaelcolosi.com.br\/index.php\/wp-json\/wp\/v2\/media\/4477"}],"wp:attachment":[{"href":"https:\/\/ismaelcolosi.com.br\/index.php\/wp-json\/wp\/v2\/media?parent=4476"}],"wp:term":[{"taxonomy":"category","embeddable":true,"href":"https:\/\/ismaelcolosi.com.br\/index.php\/wp-json\/wp\/v2\/categories?post=4476"},{"taxonomy":"post_tag","embeddable":true,"href":"https:\/\/ismaelcolosi.com.br\/index.php\/wp-json\/wp\/v2\/tags?post=4476"}],"curies":[{"name":"wp","href":"https:\/\/api.w.org\/{rel}","templated":true}]}}