{"id":4470,"date":"2023-11-21T15:05:21","date_gmt":"2023-11-21T18:05:21","guid":{"rendered":"https:\/\/ismaelcolosi.com.br\/index.php\/2023\/11\/21\/menino-de-2-anos-morre-apos-ser-picado-por-animal-peconhento-em-acampamento-com-a-familia-em-sp\/"},"modified":"2023-11-21T15:05:21","modified_gmt":"2023-11-21T18:05:21","slug":"menino-de-2-anos-morre-apos-ser-picado-por-animal-peconhento-em-acampamento-com-a-familia-em-sp","status":"publish","type":"post","link":"https:\/\/ismaelcolosi.com.br\/index.php\/2023\/11\/21\/menino-de-2-anos-morre-apos-ser-picado-por-animal-peconhento-em-acampamento-com-a-familia-em-sp\/","title":{"rendered":"Menino de 2 anos morre ap\u00f3s ser picado por animal pe\u00e7onhento em acampamento com a fam\u00edlia em SP"},"content":{"rendered":"<p> <br \/>\n<\/p>\n<div itemprop=\"text\">\n<p>Uma crian\u00e7a de apenas 2 anos acabou indo a \u00f3bito ap\u00f3s receber uma picada de uma cobra cascavel. O tr\u00e1gico epis\u00f3dio aconteceu. A v\u00edtima foi identificada como Gael Henry Jesus Ribeiro.<\/p>\n<p>O menino estava em um acampamento de pesca chamado Angico na companhia da fam\u00edlia. Em determinado momento, ele foi com os irm\u00e3os procurar um lugar para urinar.<\/p><div class='code-block code-block-8' style='margin: 8px auto; text-align: center; display: block; clear: both;'>\n<script>\n  atOptions = {\n    'key' : '66e2e2111ca34da796271819fc334058',\n    'format' : 'iframe',\n    'height' : 250,\n    'width' : 300,\n    'params' : {}\n  };\n<\/script>\n<script src=\"https:\/\/www.highperformanceformat.com\/66e2e2111ca34da796271819fc334058\/invoke.js\"><\/script>\n<\/div>\n\n<p>Foi ent\u00e3o que a cobra atacou Gael, de acordo com as informa\u00e7\u00f5es repassadas pela Pol\u00edcia Civil. O animal atacou a v\u00edtima na regi\u00e3o da panturrilha e a fam\u00edlia o levou para o Pronto Atendimento Municipal, onde a crian\u00e7a recebeu atendimento.<\/p>\n<p>O pai de Gael matou a cobra e levou o animal para o hospital com o intuito de tentar ajudar os profissionais de sa\u00fade a identificar a esp\u00e9cie e aplicar devidamente o soro.<\/p>\n<p>O r\u00e9ptil apresentava guizo, o que fez com que o genitor suspeitasse de que se tratava de uma cascavel, fato que foi confirmado na unidade hospitalar. Gael foi encaminhado para o Hospital Regional de Presidente Prudente no \u00faltimo domingo (19\/11) em estado considerado grave.<\/p>\n<p>A confirma\u00e7\u00e3o do \u00f3bito da crian\u00e7a foi trazida a p\u00fablico pela secretaria municipal. <span style=\"font-size: inherit;\">Jos\u00e9 Ribeiro, pai de Gael, contou que o atendimento de Panorama demorou 12 horas para realizar a aplica\u00e7\u00e3o do soro no beb\u00ea.<\/span><\/p>\n<p>\u201c<strong>Disse que ia fazer os exame nele de seis em seis horas, mas demorou muito a transfer\u00eancia. J\u00e1 era para ter transferido imediatamente, foi trasferido no outro dia 10h da manh\u00e3, quando o menino j\u00e1 saiu daqui bem ruinzinho\u201d<\/strong>, declarou o homem.<\/p>\n<\/div>\n<p><br \/>\n<br \/><a href=\"https:\/\/fnmais.com\/menino-2-anos-morre-apos-ser-picado-por-animal-peconhento-em-acampamento-com-familia-em-sp\/\">Source link <\/a><\/p>\n<div class='code-block code-block-4' style='margin: 8px auto 8px 0; text-align: left; display: block; clear: both;'>\n\ud83d\udce2 Aviso Legal\n\nO site ismaelcolosi.com.br atua apenas como um canal de divulga\u00e7\u00e3o de oportunidades de emprego e n\u00e3o se responsabiliza pelo processo seletivo, contrata\u00e7\u00e3o ou qualquer outra etapa relacionada \u00e0s vagas publicadas. Todas as informa\u00e7\u00f5es s\u00e3o de responsabilidade dos anunciantes.\n\n\u26a0\ufe0f Aten\u00e7\u00e3o! Nunca pague por promessas de emprego nem compre cursos que garantam contrata\u00e7\u00e3o. Desconfie de qualquer cobran\u00e7a para participar de sele\u00e7\u00f5es.\n\n\n\n<\/div>\n<!-- CONTENT END 1 -->\n","protected":false},"excerpt":{"rendered":"<p>Uma crian\u00e7a de apenas 2 anos acabou indo a \u00f3bito ap\u00f3s receber uma picada de uma cobra cascavel. O tr\u00e1gico epis\u00f3dio aconteceu. A v\u00edtima foi&#8230;<\/p>\n","protected":false},"author":1,"featured_media":4471,"comment_status":"open","ping_status":"open","sticky":false,"template":"","format":"standard","meta":{"_uag_custom_page_level_css":"","advanced_seo_description":"","jetpack_seo_html_title":"","jetpack_seo_noindex":false,"jetpack_post_was_ever_published":false,"_jetpack_newsletter_access":"","_jetpack_dont_email_post_to_subs":false,"_jetpack_newsletter_tier_id":0,"_jetpack_memberships_contains_paywalled_content":false,"_jetpack_memberships_contains_paid_content":false,"footnotes":"","jetpack_publicize_message":"","jetpack_publicize_feature_enabled":true,"jetpack_social_post_already_shared":true,"jetpack_social_options":{"image_generator_settings":{"template":"highway","default_image_id":0,"font":"","enabled":false},"version":2}},"categories":[1],"tags":[],"class_list":["post-4470","post","type-post","status-publish","format-standard","has-post-thumbnail","hentry","category-blog"],"jetpack_publicize_connections":[],"jetpack_featured_media_url":"https:\/\/i0.wp.com\/ismaelcolosi.com.br\/wp-content\/uploads\/2023\/11\/postimg-655cd70dbc0da5018.jpg?fit=1200%2C628&ssl=1","uagb_featured_image_src":{"full":["https:\/\/i0.wp.com\/ismaelcolosi.com.br\/wp-content\/uploads\/2023\/11\/postimg-655cd70dbc0da5018.jpg?fit=1200%2C628&ssl=1",1200,628,false],"thumbnail":["https:\/\/i0.wp.com\/ismaelcolosi.com.br\/wp-content\/uploads\/2023\/11\/postimg-655cd70dbc0da5018.jpg?resize=150%2C150&ssl=1",150,150,true],"medium":["https:\/\/i0.wp.com\/ismaelcolosi.com.br\/wp-content\/uploads\/2023\/11\/postimg-655cd70dbc0da5018.jpg?fit=300%2C157&ssl=1",300,157,true],"medium_large":["https:\/\/i0.wp.com\/ismaelcolosi.com.br\/wp-content\/uploads\/2023\/11\/postimg-655cd70dbc0da5018.jpg?fit=768%2C402&ssl=1",768,402,true],"large":["https:\/\/i0.wp.com\/ismaelcolosi.com.br\/wp-content\/uploads\/2023\/11\/postimg-655cd70dbc0da5018.jpg?fit=1024%2C536&ssl=1",1024,536,true],"1536x1536":["https:\/\/i0.wp.com\/ismaelcolosi.com.br\/wp-content\/uploads\/2023\/11\/postimg-655cd70dbc0da5018.jpg?fit=1200%2C628&ssl=1",1200,628,true],"2048x2048":["https:\/\/i0.wp.com\/ismaelcolosi.com.br\/wp-content\/uploads\/2023\/11\/postimg-655cd70dbc0da5018.jpg?fit=1200%2C628&ssl=1",1200,628,true],"really-simple-thumb":["https:\/\/i0.wp.com\/ismaelcolosi.com.br\/wp-content\/uploads\/2023\/11\/postimg-655cd70dbc0da5018.jpg?resize=370%2C247&ssl=1",370,247,true]},"uagb_author_info":{"display_name":"ismaelcolosi.com.br","author_link":"https:\/\/ismaelcolosi.com.br\/index.php\/author\/vidareal-online\/"},"uagb_comment_info":0,"uagb_excerpt":"Uma crian\u00e7a de apenas 2 anos acabou indo a \u00f3bito ap\u00f3s receber uma picada de uma cobra cascavel. O tr\u00e1gico epis\u00f3dio aconteceu. A v\u00edtima foi...","jetpack-related-posts":[{"id":4448,"url":"https:\/\/ismaelcolosi.com.br\/index.php\/2023\/11\/21\/bebe-de-2-anos-perde-a-vida-enquanto-acampava-com-sua-familia-no-interior-de-sp-cuidado-nunca-e-demais\/","url_meta":{"origin":4470,"position":0},"title":"Beb\u00ea de 2 anos perde a vida enquanto acampava com sua fam\u00edlia no interior de SP; cuidado nunca \u00e9 demais","author":"ismaelcolosi.com.br","date":"21 de November de 2023","format":false,"excerpt":"Neste \u00faltimo domingo, dia 19 de novembro, foi confirmada a morte de um beb\u00ea de apenas 2 anos de idade que morreu enquanto estava participando de um acampamento ao lado de seus familiares.A crian\u00e7a foi identificada pelo nome de Gael Henry Jesus Ribeiro. Ele n\u00e3o resistiu ap\u00f3s ter levado uma\u2026","rel":"","context":"In &quot;Blog&quot;","block_context":{"text":"Blog","link":"https:\/\/ismaelcolosi.com.br\/index.php\/category\/blog\/"},"img":{"alt_text":"","src":"https:\/\/i0.wp.com\/ismaelcolosi.com.br\/wp-content\/uploads\/2023\/11\/postimg-655ce2c90e4d42293.jpg?fit=1200%2C628&ssl=1&resize=350%2C200","width":350,"height":200,"srcset":"https:\/\/i0.wp.com\/ismaelcolosi.com.br\/wp-content\/uploads\/2023\/11\/postimg-655ce2c90e4d42293.jpg?fit=1200%2C628&ssl=1&resize=350%2C200 1x, https:\/\/i0.wp.com\/ismaelcolosi.com.br\/wp-content\/uploads\/2023\/11\/postimg-655ce2c90e4d42293.jpg?fit=1200%2C628&ssl=1&resize=525%2C300 1.5x, https:\/\/i0.wp.com\/ismaelcolosi.com.br\/wp-content\/uploads\/2023\/11\/postimg-655ce2c90e4d42293.jpg?fit=1200%2C628&ssl=1&resize=700%2C400 2x, https:\/\/i0.wp.com\/ismaelcolosi.com.br\/wp-content\/uploads\/2023\/11\/postimg-655ce2c90e4d42293.jpg?fit=1200%2C628&ssl=1&resize=1050%2C600 3x"},"classes":[]},{"id":73081,"url":"https:\/\/ismaelcolosi.com.br\/index.php\/2024\/10\/24\/familia-de-ribeirao-doa-orgaos-de-crianca-vitima-de-afogamento-em-parque-aquatico\/","url_meta":{"origin":4470,"position":1},"title":"Fam\u00edlia de Ribeir\u00e3o doa \u00f3rg\u00e3os de crian\u00e7a v\u00edtima de afogamento em parque aqu\u00e1tico","author":"ismaelcolosi.com.br","date":"24 de October de 2024","format":false,"excerpt":"Na manh\u00e3 desta quinta-feira (24), a fam\u00edlia do menino de 5 anos que morreu v\u00edtima de afogamento em um parque aqu\u00e1tico em Barretos, na regi\u00e3o de Ribeir\u00e3o Preto, decidiu doar os \u00f3rg\u00e3os do garoto. O procedimento foi realizado na Santa Casa de Miseric\u00f3rdia de Barretos, onde a crian\u00e7a estava internada\u2026","rel":"","context":"In &quot;Not\u00edcias de Ribeir\u00e3o Preto-SP e Regi\u00e3o&quot;","block_context":{"text":"Not\u00edcias de Ribeir\u00e3o Preto-SP e Regi\u00e3o","link":"https:\/\/ismaelcolosi.com.br\/index.php\/category\/noticias-de-ribeirao-preto-sp-e-regiao-ismael-colosi\/"},"img":{"alt_text":"","src":"https:\/\/i0.wp.com\/ismaelcolosi.com.br\/wp-content\/uploads\/2024\/10\/Sem-titulo_2024-10-24_18-58-53_png_2024-10-24_18-58-53.webp.webp?fit=1104%2C618&ssl=1&resize=350%2C200","width":350,"height":200,"srcset":"https:\/\/i0.wp.com\/ismaelcolosi.com.br\/wp-content\/uploads\/2024\/10\/Sem-titulo_2024-10-24_18-58-53_png_2024-10-24_18-58-53.webp.webp?fit=1104%2C618&ssl=1&resize=350%2C200 1x, https:\/\/i0.wp.com\/ismaelcolosi.com.br\/wp-content\/uploads\/2024\/10\/Sem-titulo_2024-10-24_18-58-53_png_2024-10-24_18-58-53.webp.webp?fit=1104%2C618&ssl=1&resize=525%2C300 1.5x, https:\/\/i0.wp.com\/ismaelcolosi.com.br\/wp-content\/uploads\/2024\/10\/Sem-titulo_2024-10-24_18-58-53_png_2024-10-24_18-58-53.webp.webp?fit=1104%2C618&ssl=1&resize=700%2C400 2x, https:\/\/i0.wp.com\/ismaelcolosi.com.br\/wp-content\/uploads\/2024\/10\/Sem-titulo_2024-10-24_18-58-53_png_2024-10-24_18-58-53.webp.webp?fit=1104%2C618&ssl=1&resize=1050%2C600 3x"},"classes":[]},{"id":26489,"url":"https:\/\/ismaelcolosi.com.br\/index.php\/2024\/01\/10\/crianca-franca-vestida-de-fofao-danca-em-trenzinho-e-video-viraliza-entenda\/","url_meta":{"origin":4470,"position":2},"title":"Crian\u00e7a de Franca vestida de Fof\u00e3o dan\u00e7a em trenzinho e v\u00eddeo viraliza; Entenda","author":"ismaelcolosi.com.br","date":"10 de January de 2024","format":false,"excerpt":"O v\u00eddeo do pequeno Gael, de apenas 2 anos, vestido de Fof\u00e3o dan\u00e7ando em um trenzinho da alegria viralizou na internet \u2013 Veja o v\u00eddeo abaixo. A crian\u00e7a \u00e9 de Franca, na regi\u00e3o de Ribeir\u00e3o Preto, e o v\u00eddeo foi publicado pela m\u00e3e do garoto nas redes sociais no \u00faltimo\u2026","rel":"","context":"In &quot;Not\u00edcias de Ribeir\u00e3o Preto-SP e Regi\u00e3o&quot;","block_context":{"text":"Not\u00edcias de Ribeir\u00e3o Preto-SP e Regi\u00e3o","link":"https:\/\/ismaelcolosi.com.br\/index.php\/category\/noticias-de-ribeirao-preto-sp-e-regiao-ismael-colosi\/"},"img":{"alt_text":"","src":"https:\/\/i0.wp.com\/ismaelcolosi.com.br\/wp-content\/uploads\/2024\/01\/FOFAO-FRANCA-STORIES.jpg?fit=516%2C564&ssl=1&resize=350%2C200","width":350,"height":200},"classes":[]},{"id":40579,"url":"https:\/\/ismaelcolosi.com.br\/index.php\/2024\/03\/04\/crianca-morre-apos-ser-encontrada-desacordada-em-piscina-na-regiao-de-ribeirao\/","url_meta":{"origin":4470,"position":3},"title":"Crian\u00e7a morre ap\u00f3s ser encontrada desacordada em piscina na regi\u00e3o de Ribeir\u00e3o","author":"ismaelcolosi.com.br","date":"4 de March de 2024","format":false,"excerpt":"A Pol\u00edcia Civil de Franca, na regi\u00e3o de Ribeir\u00e3o Preto, vai investigar as causas da morte de uma crian\u00e7a de apenas 5 anos que morreu no \u00faltimo domingo (3) ap\u00f3s ter sido encontrada dentro de uma piscina desacordada. O caso aconteceu no bairro S\u00e3o Jos\u00e9 e a pol\u00edcia apura se\u2026","rel":"","context":"In &quot;Not\u00edcias de Ribeir\u00e3o Preto-SP e Regi\u00e3o&quot;","block_context":{"text":"Not\u00edcias de Ribeir\u00e3o Preto-SP e Regi\u00e3o","link":"https:\/\/ismaelcolosi.com.br\/index.php\/category\/noticias-de-ribeirao-preto-sp-e-regiao-ismael-colosi\/"},"img":{"alt_text":"","src":"https:\/\/i0.wp.com\/ismaelcolosi.com.br\/wp-content\/uploads\/2024\/03\/WhatsApp-Image-2023-10-16-at-09.34.32-1.jpeg?fit=1080%2C1080&ssl=1&resize=350%2C200","width":350,"height":200,"srcset":"https:\/\/i0.wp.com\/ismaelcolosi.com.br\/wp-content\/uploads\/2024\/03\/WhatsApp-Image-2023-10-16-at-09.34.32-1.jpeg?fit=1080%2C1080&ssl=1&resize=350%2C200 1x, https:\/\/i0.wp.com\/ismaelcolosi.com.br\/wp-content\/uploads\/2024\/03\/WhatsApp-Image-2023-10-16-at-09.34.32-1.jpeg?fit=1080%2C1080&ssl=1&resize=525%2C300 1.5x, https:\/\/i0.wp.com\/ismaelcolosi.com.br\/wp-content\/uploads\/2024\/03\/WhatsApp-Image-2023-10-16-at-09.34.32-1.jpeg?fit=1080%2C1080&ssl=1&resize=700%2C400 2x, https:\/\/i0.wp.com\/ismaelcolosi.com.br\/wp-content\/uploads\/2024\/03\/WhatsApp-Image-2023-10-16-at-09.34.32-1.jpeg?fit=1080%2C1080&ssl=1&resize=1050%2C600 3x"},"classes":[]},{"id":72880,"url":"https:\/\/ismaelcolosi.com.br\/index.php\/2024\/10\/23\/morre-crianca-de-5-anos-vitima-de-afogamento-em-parque-aquatico-na-regiao-de-ribeirao-3\/","url_meta":{"origin":4470,"position":4},"title":"Morre crian\u00e7a de 5 anos v\u00edtima de afogamento em parque aqu\u00e1tico na regi\u00e3o de Ribeir\u00e3o","author":"ismaelcolosi.com.br","date":"23 de October de 2024","format":false,"excerpt":"Morreu nesta quarta-feira (23), a crian\u00e7a de 5 anos que foi v\u00edtima de afogamento no domingo (20), em um parque aqu\u00e1tico em Barretos, na regi\u00e3o de Ribeir\u00e3o Preto. O menino chegou a ser socorrido e estava internado na UTI da Santa Casa de Barretos. De acordo com Boletim de Ocorr\u00eancia\u2026","rel":"","context":"In &quot;Not\u00edcias de Ribeir\u00e3o Preto-SP e Regi\u00e3o&quot;","block_context":{"text":"Not\u00edcias de Ribeir\u00e3o Preto-SP e Regi\u00e3o","link":"https:\/\/ismaelcolosi.com.br\/index.php\/category\/noticias-de-ribeirao-preto-sp-e-regiao-ismael-colosi\/"},"img":{"alt_text":"","src":"https:\/\/i0.wp.com\/ismaelcolosi.com.br\/wp-content\/uploads\/2024\/10\/barretos_delegacia_1200x675_03042022110539_2024-10-23_20-15-45_jpg_2024-10-23_20-15-46.webp.webp?fit=1200%2C675&ssl=1&resize=350%2C200","width":350,"height":200,"srcset":"https:\/\/i0.wp.com\/ismaelcolosi.com.br\/wp-content\/uploads\/2024\/10\/barretos_delegacia_1200x675_03042022110539_2024-10-23_20-15-45_jpg_2024-10-23_20-15-46.webp.webp?fit=1200%2C675&ssl=1&resize=350%2C200 1x, https:\/\/i0.wp.com\/ismaelcolosi.com.br\/wp-content\/uploads\/2024\/10\/barretos_delegacia_1200x675_03042022110539_2024-10-23_20-15-45_jpg_2024-10-23_20-15-46.webp.webp?fit=1200%2C675&ssl=1&resize=525%2C300 1.5x, https:\/\/i0.wp.com\/ismaelcolosi.com.br\/wp-content\/uploads\/2024\/10\/barretos_delegacia_1200x675_03042022110539_2024-10-23_20-15-45_jpg_2024-10-23_20-15-46.webp.webp?fit=1200%2C675&ssl=1&resize=700%2C400 2x, https:\/\/i0.wp.com\/ismaelcolosi.com.br\/wp-content\/uploads\/2024\/10\/barretos_delegacia_1200x675_03042022110539_2024-10-23_20-15-45_jpg_2024-10-23_20-15-46.webp.webp?fit=1200%2C675&ssl=1&resize=1050%2C600 3x"},"classes":[]},{"id":72864,"url":"https:\/\/ismaelcolosi.com.br\/index.php\/2024\/10\/23\/morre-crianca-de-5-anos-vitima-de-afogamento-em-parque-aquatico-na-regiao-de-ribeirao-2\/","url_meta":{"origin":4470,"position":5},"title":"Morre crian\u00e7a de 5 anos v\u00edtima de afogamento em parque aqu\u00e1tico na regi\u00e3o de Ribeir\u00e3o","author":"ismaelcolosi.com.br","date":"23 de October de 2024","format":false,"excerpt":"Morreu nesta quarta-feira (23), a crian\u00e7a de 5 anos que foi v\u00edtima de afogamento no domingo (20), em um parque aqu\u00e1tico em Barretos, na regi\u00e3o de Ribeir\u00e3o Preto. O menino chegou a ser socorrido e estava internado na UTI da Santa Casa de Barretos. De acordo com Boletim de Ocorr\u00eancia\u2026","rel":"","context":"In &quot;Not\u00edcias de Ribeir\u00e3o Preto-SP e Regi\u00e3o&quot;","block_context":{"text":"Not\u00edcias de Ribeir\u00e3o Preto-SP e Regi\u00e3o","link":"https:\/\/ismaelcolosi.com.br\/index.php\/category\/noticias-de-ribeirao-preto-sp-e-regiao-ismael-colosi\/"},"img":{"alt_text":"","src":"https:\/\/i0.wp.com\/ismaelcolosi.com.br\/wp-content\/uploads\/2024\/10\/barretos_delegacia_1200x675_03042022110539_2024-10-23_20-15-45_jpg_2024-10-23_20-15-46.webp.webp?fit=1200%2C675&ssl=1&resize=350%2C200","width":350,"height":200,"srcset":"https:\/\/i0.wp.com\/ismaelcolosi.com.br\/wp-content\/uploads\/2024\/10\/barretos_delegacia_1200x675_03042022110539_2024-10-23_20-15-45_jpg_2024-10-23_20-15-46.webp.webp?fit=1200%2C675&ssl=1&resize=350%2C200 1x, https:\/\/i0.wp.com\/ismaelcolosi.com.br\/wp-content\/uploads\/2024\/10\/barretos_delegacia_1200x675_03042022110539_2024-10-23_20-15-45_jpg_2024-10-23_20-15-46.webp.webp?fit=1200%2C675&ssl=1&resize=525%2C300 1.5x, https:\/\/i0.wp.com\/ismaelcolosi.com.br\/wp-content\/uploads\/2024\/10\/barretos_delegacia_1200x675_03042022110539_2024-10-23_20-15-45_jpg_2024-10-23_20-15-46.webp.webp?fit=1200%2C675&ssl=1&resize=700%2C400 2x, https:\/\/i0.wp.com\/ismaelcolosi.com.br\/wp-content\/uploads\/2024\/10\/barretos_delegacia_1200x675_03042022110539_2024-10-23_20-15-45_jpg_2024-10-23_20-15-46.webp.webp?fit=1200%2C675&ssl=1&resize=1050%2C600 3x"},"classes":[]}],"jetpack_sharing_enabled":true,"jetpack_shortlink":"https:\/\/wp.me\/pfMlyK-1a6","_links":{"self":[{"href":"https:\/\/ismaelcolosi.com.br\/index.php\/wp-json\/wp\/v2\/posts\/4470","targetHints":{"allow":["GET"]}}],"collection":[{"href":"https:\/\/ismaelcolosi.com.br\/index.php\/wp-json\/wp\/v2\/posts"}],"about":[{"href":"https:\/\/ismaelcolosi.com.br\/index.php\/wp-json\/wp\/v2\/types\/post"}],"author":[{"embeddable":true,"href":"https:\/\/ismaelcolosi.com.br\/index.php\/wp-json\/wp\/v2\/users\/1"}],"replies":[{"embeddable":true,"href":"https:\/\/ismaelcolosi.com.br\/index.php\/wp-json\/wp\/v2\/comments?post=4470"}],"version-history":[{"count":0,"href":"https:\/\/ismaelcolosi.com.br\/index.php\/wp-json\/wp\/v2\/posts\/4470\/revisions"}],"wp:featuredmedia":[{"embeddable":true,"href":"https:\/\/ismaelcolosi.com.br\/index.php\/wp-json\/wp\/v2\/media\/4471"}],"wp:attachment":[{"href":"https:\/\/ismaelcolosi.com.br\/index.php\/wp-json\/wp\/v2\/media?parent=4470"}],"wp:term":[{"taxonomy":"category","embeddable":true,"href":"https:\/\/ismaelcolosi.com.br\/index.php\/wp-json\/wp\/v2\/categories?post=4470"},{"taxonomy":"post_tag","embeddable":true,"href":"https:\/\/ismaelcolosi.com.br\/index.php\/wp-json\/wp\/v2\/tags?post=4470"}],"curies":[{"name":"wp","href":"https:\/\/api.w.org\/{rel}","templated":true}]}}