{"id":44699,"date":"2024-03-29T17:34:37","date_gmt":"2024-03-29T20:34:37","guid":{"rendered":"https:\/\/ismaelcolosi.com.br\/index.php\/2024\/03\/29\/produtores-de-16-estados-poderao-renegociar-dividas-do-credito-rural\/"},"modified":"2024-03-29T17:34:37","modified_gmt":"2024-03-29T20:34:37","slug":"produtores-de-16-estados-poderao-renegociar-dividas-do-credito-rural","status":"publish","type":"post","link":"https:\/\/ismaelcolosi.com.br\/index.php\/2024\/03\/29\/produtores-de-16-estados-poderao-renegociar-dividas-do-credito-rural\/","title":{"rendered":"Produtores de 16 estados poder\u00e3o renegociar d\u00edvidas do cr\u00e9dito rural"},"content":{"rendered":"<p> <br \/>\n<\/p>\n<div>\n<p>Produtores de 16 estados afetados por eventos clim\u00e1ticos ou pela queda de pre\u00e7os agr\u00edcolas poder\u00e3o renegociar d\u00edvidas do cr\u00e9dito rural para investimentos, autorizou nesta quinta-feira (28) o Conselho Monet\u00e1rio Nacional (CMN). Os pedidos precisam ser feitos at\u00e9 31 de maio.<img data-recalc-dims=\"1\" decoding=\"async\" src=\"https:\/\/i0.wp.com\/agenciabrasil.ebc.com.br\/ebc.gif?ssl=1\"\/><\/p>\n<p>Em nota, o Minist\u00e9rio da Fazenda informou que a medida foi necess\u00e1ria porque, na safra 2023\/2024, o comportamento clim\u00e1tico nas principais regi\u00f5es produtoras afetou negativamente algumas lavouras, principalmente de soja e milho, reduzindo a produtividade em localidades espec\u00edficas das regi\u00f5es Sul, Centro-Oeste e do estado de S\u00e3o Paulo.<\/p><div class='code-block code-block-8' style='margin: 8px auto; text-align: center; display: block; clear: both;'>\n<script>\n  atOptions = {\n    'key' : '66e2e2111ca34da796271819fc334058',\n    'format' : 'iframe',\n    'height' : 250,\n    'width' : 300,\n    'params' : {}\n  };\n<\/script>\n<script src=\"https:\/\/www.highperformanceformat.com\/66e2e2111ca34da796271819fc334058\/invoke.js\"><\/script>\n<\/div>\n\n<p>Al\u00e9m disso, o Minist\u00e9rio da Agricultura informou que os produtores rurais t\u00eam enfrentado dificuldades com a queda no pre\u00e7o da soja, do milho, da carne e do leite em algumas regi\u00f5es e com insumos caros.<\/p>\n<p>As institui\u00e7\u00f5es financeiras poder\u00e3o renegociar, a seu crit\u00e9rio, at\u00e9 100% do valor principal das parcelas com vencimento entre 2 de janeiro e 30 de dezembro deste ano. As linhas de cr\u00e9dito precisam ter sido contratadas at\u00e9 30 de dezembro do ano passado, e o tomador tem que precisa estar em dia com as parcelas at\u00e9 esta data.<\/p>\n<h2>Enquadramento<\/h2>\n<p>A renegocia\u00e7\u00e3o abrange parcelas de linhas de cr\u00e9dito rural de investimento contratadas com recursos controlados (recursos equalizados, recursos obrigat\u00f3rios e recursos dos Fundos Constitucionais do Nordeste, do Norte e do Centro-Oeste). Os financiamentos dever\u00e3o ter amparo do Programa Nacional de Fortalecimento da Agricultura Familiar (Pronaf), Programa Nacional de Apoio ao M\u00e9dio Produtor Rural (Pronamp) e dos demais programas de investimento rural do Banco Nacional de Desenvolvimento Econ\u00f4mico e Social (BNDES), bem como das linhas de investimento rural dos fundos constitucionais.<\/p>\n<p><strong>As atividades produtivas e os estados beneficiados s\u00e3o os seguintes:<\/strong><\/p>\n<p>\u2022 \u00a0 \u00a0soja, milho e bovinocultura de carne: Goi\u00e1s e Mato Grosso;<\/p>\n<p>\u2022 \u00a0 \u00a0bovinocultura de carne e leite: Minas Gerais;<\/p>\n<p>\u2022 \u00a0 \u00a0soja, milho e bovinocultura de leite: S\u00e3o Paulo, Paran\u00e1, Rio Grande do Sul e Santa Catarina;<\/p>\n<p>\u2022 \u00a0 \u00a0bovinocultura de carne: Rond\u00f4nia, Roraima, Par\u00e1, Acre, Amap\u00e1, Amazonas e Tocantins;<\/p>\n<p>\u2022 \u00a0 \u00a0soja, milho e bovinocultura de leite e de carne: Mato Grosso do Sul;<\/p>\n<p>\u2022 \u00a0 \u00a0bovinocultura de leite: Esp\u00edrito Santo e Rio de Janeiro.<\/p>\n<p>As parcelas renegociadas devem ser corrigidas pelos encargos financeiros contratuais, inclusive para situa\u00e7\u00e3o de inadimpl\u00eancia quando for o caso. No entanto, as parcelas com vencimento entre 28 de mar\u00e7o e 15 de abril de 2024 podem ser corrigidas pelos encargos contratuais para a situa\u00e7\u00e3o de normalidade, dispensando os encargos extras por causa de inadimpl\u00eancia. O mutu\u00e1rio deve pagar pelo menos os encargos financeiros previstos para este ano, nas respectivas datas de vencimento das parcelas.<\/p>\n<p>Nas linhas de cr\u00e9dito com a \u00faltima parcela prevista para vencimento em 2024, 2025 ou 2026, at\u00e9 100% do valor principal das parcelas de 2024 podem ser reprogramados para reembolso em at\u00e9 um ano ap\u00f3s o vencimento da \u00faltima parcela prevista no cronograma de reembolso vigente.<\/p>\n<p>Nas opera\u00e7\u00f5es com a \u00faltima parcela prevista ap\u00f3s 2026, at\u00e9 100% do principal das parcelas de 2024 devem ser somados ao saldo devedor e redistribu\u00eddos nas parcelas a vencerem a partir de 2025.<\/p>\n<h2>Estimativas<\/h2>\n<p>A renegocia\u00e7\u00e3o abrange opera\u00e7\u00f5es de investimento cujas parcelas com vencimento em 2024 podem alcan\u00e7ar R$ 20,8 bilh\u00f5es em recursos equalizados, R$ 6,3 bilh\u00f5es em recursos dos fundos constitucionais e R$ 1,1 bilh\u00e3o em recursos obrigat\u00f3rios.<\/p>\n<p>Caso todas as parcelas das opera\u00e7\u00f5es aptas \u00e0 renegocia\u00e7\u00e3o sejam prorrogadas, o custo ser\u00e1 R$ 3,2 bilh\u00f5es, distribu\u00eddos entre 2024 e 2030, sendo metade para a agricultura familiar e metade para a agricultura empresarial. O custo efetivo ser\u00e1 descontado dos valores a serem destinados para equaliza\u00e7\u00e3o de taxas dos Planos Safra 2024\/2025.<\/p>\n<h2>Pronaf<\/h2>\n<p>Quanto \u00e0s d\u00edvidas de opera\u00e7\u00f5es de cr\u00e9dito do Pronaf com recursos dos fundos constitucionais, o CMN autorizou os mutu\u00e1rios afetados por mudan\u00e7as clim\u00e1ticas a pedir a renegocia\u00e7\u00e3o at\u00e9 120 dias ap\u00f3s o vencimento da presta\u00e7\u00e3o. At\u00e9 agora, n\u00e3o havia norma sobre as condi\u00e7\u00f5es de renegocia\u00e7\u00e3o ap\u00f3s esse prazo.<\/p>\n<p>Para as parcelas vencidas h\u00e1 mais de 120 dias, o CMN definiu que devem ser aplicados os encargos para a situa\u00e7\u00e3o de inadimpl\u00eancia. No entanto, esses encargos ser\u00e3o atrelados aos fundos constitucionais, que cobram juros menores que as demais linhas de cr\u00e9dito rural.<\/p>\n<\/div>\n<p><br \/>\n<br \/><a href=\"https:\/\/www.tribunaribeirao.com.br\/site\/produtores-de-16-estados-poderao-renegociar-dividas-do-credito-rural\/\">Source link <\/a><\/p>\n<div class='code-block code-block-4' style='margin: 8px auto 8px 0; text-align: left; display: block; clear: both;'>\n\ud83d\udce2 Aviso Legal\n\nO site ismaelcolosi.com.br atua apenas como um canal de divulga\u00e7\u00e3o de oportunidades de emprego e n\u00e3o se responsabiliza pelo processo seletivo, contrata\u00e7\u00e3o ou qualquer outra etapa relacionada \u00e0s vagas publicadas. Todas as informa\u00e7\u00f5es s\u00e3o de responsabilidade dos anunciantes.\n\n\u26a0\ufe0f Aten\u00e7\u00e3o! Nunca pague por promessas de emprego nem compre cursos que garantam contrata\u00e7\u00e3o. Desconfie de qualquer cobran\u00e7a para participar de sele\u00e7\u00f5es.\n\n\n\n<\/div>\n<!-- CONTENT END 1 -->\n","protected":false},"excerpt":{"rendered":"<p>Produtores de 16 estados afetados por eventos clim\u00e1ticos ou pela queda de pre\u00e7os agr\u00edcolas poder\u00e3o renegociar d\u00edvidas do cr\u00e9dito rural para investimentos, autorizou nesta quinta-feira&#8230;<\/p>\n","protected":false},"author":1,"featured_media":44700,"comment_status":"open","ping_status":"open","sticky":false,"template":"","format":"standard","meta":{"_uag_custom_page_level_css":"","advanced_seo_description":"","jetpack_seo_html_title":"","jetpack_seo_noindex":false,"jetpack_post_was_ever_published":false,"_jetpack_newsletter_access":"","_jetpack_dont_email_post_to_subs":false,"_jetpack_newsletter_tier_id":0,"_jetpack_memberships_contains_paywalled_content":false,"_jetpack_memberships_contains_paid_content":false,"footnotes":"","jetpack_publicize_message":"","jetpack_publicize_feature_enabled":true,"jetpack_social_post_already_shared":true,"jetpack_social_options":{"image_generator_settings":{"template":"highway","default_image_id":0,"font":"","enabled":false},"version":2}},"categories":[11],"tags":[3650,2899,2974,757,195,5296,556],"class_list":["post-44699","post","type-post","status-publish","format-standard","has-post-thumbnail","hentry","category-noticias-de-ribeirao-preto-sp-e-regiao-ismael-colosi","tag-credito","tag-dividas","tag-estados","tag-poderao","tag-produtores","tag-renegociar","tag-rural"],"jetpack_publicize_connections":[],"jetpack_featured_media_url":"https:\/\/i0.wp.com\/ismaelcolosi.com.br\/wp-content\/uploads\/2024\/03\/imagem-9.jpg?fit=1170%2C700&ssl=1","uagb_featured_image_src":{"full":["https:\/\/i0.wp.com\/ismaelcolosi.com.br\/wp-content\/uploads\/2024\/03\/imagem-9.jpg?fit=1170%2C700&ssl=1",1170,700,false],"thumbnail":["https:\/\/i0.wp.com\/ismaelcolosi.com.br\/wp-content\/uploads\/2024\/03\/imagem-9.jpg?resize=150%2C150&ssl=1",150,150,true],"medium":["https:\/\/i0.wp.com\/ismaelcolosi.com.br\/wp-content\/uploads\/2024\/03\/imagem-9.jpg?fit=300%2C179&ssl=1",300,179,true],"medium_large":["https:\/\/i0.wp.com\/ismaelcolosi.com.br\/wp-content\/uploads\/2024\/03\/imagem-9.jpg?fit=768%2C459&ssl=1",768,459,true],"large":["https:\/\/i0.wp.com\/ismaelcolosi.com.br\/wp-content\/uploads\/2024\/03\/imagem-9.jpg?fit=1024%2C613&ssl=1",1024,613,true],"1536x1536":["https:\/\/i0.wp.com\/ismaelcolosi.com.br\/wp-content\/uploads\/2024\/03\/imagem-9.jpg?fit=1170%2C700&ssl=1",1170,700,true],"2048x2048":["https:\/\/i0.wp.com\/ismaelcolosi.com.br\/wp-content\/uploads\/2024\/03\/imagem-9.jpg?fit=1170%2C700&ssl=1",1170,700,true],"really-simple-thumb":["https:\/\/i0.wp.com\/ismaelcolosi.com.br\/wp-content\/uploads\/2024\/03\/imagem-9.jpg?resize=370%2C247&ssl=1",370,247,true]},"uagb_author_info":{"display_name":"ismaelcolosi.com.br","author_link":"https:\/\/ismaelcolosi.com.br\/index.php\/author\/vidareal-online\/"},"uagb_comment_info":0,"uagb_excerpt":"Produtores de 16 estados afetados por eventos clim\u00e1ticos ou pela queda de pre\u00e7os agr\u00edcolas poder\u00e3o renegociar d\u00edvidas do cr\u00e9dito rural para investimentos, autorizou nesta quinta-feira...","jetpack-related-posts":[{"id":7465,"url":"https:\/\/ismaelcolosi.com.br\/index.php\/2023\/11\/28\/estrategias-para-renegociar-suas-dividas-e-evitar-a-inadimplencia\/","url_meta":{"origin":44699,"position":0},"title":"Estrat\u00e9gias para renegociar suas d\u00edvidas e evitar a inadimpl\u00eancia","author":"ismaelcolosi.com.br","date":"28 de November de 2023","format":false,"excerpt":"A inadimpl\u00eancia \u00e9 a situa\u00e7\u00e3o em que o devedor n\u00e3o cumpre com suas obriga\u00e7\u00f5es de pagamento, seja por falta de recursos, por esquecimento ou por m\u00e1-f\u00e9. A inadimpl\u00eancia pode trazer s\u00e9rias consequ\u00eancias para o devedor, como juros, multas, restri\u00e7\u00f5es no cr\u00e9dito, protestos e cobran\u00e7as judiciais. Cr\u00e9ditos: iSTockEstrat\u00e9gias para renegociar suas\u2026","rel":"","context":"In &quot;Variedades&quot;","block_context":{"text":"Variedades","link":"https:\/\/ismaelcolosi.com.br\/index.php\/category\/variedades\/"},"img":{"alt_text":"","src":"https:\/\/i0.wp.com\/ismaelcolosi.com.br\/wp-content\/uploads\/2023\/11\/dividas-2.jpg?fit=1200%2C638&ssl=1&resize=350%2C200","width":350,"height":200,"srcset":"https:\/\/i0.wp.com\/ismaelcolosi.com.br\/wp-content\/uploads\/2023\/11\/dividas-2.jpg?fit=1200%2C638&ssl=1&resize=350%2C200 1x, https:\/\/i0.wp.com\/ismaelcolosi.com.br\/wp-content\/uploads\/2023\/11\/dividas-2.jpg?fit=1200%2C638&ssl=1&resize=525%2C300 1.5x, https:\/\/i0.wp.com\/ismaelcolosi.com.br\/wp-content\/uploads\/2023\/11\/dividas-2.jpg?fit=1200%2C638&ssl=1&resize=700%2C400 2x, https:\/\/i0.wp.com\/ismaelcolosi.com.br\/wp-content\/uploads\/2023\/11\/dividas-2.jpg?fit=1200%2C638&ssl=1&resize=1050%2C600 3x"},"classes":[]},{"id":42572,"url":"https:\/\/ismaelcolosi.com.br\/index.php\/2024\/03\/15\/bancos-fazem-mutirao-de-negociacao-de-dividas-a-partir-desta-sexta\/","url_meta":{"origin":44699,"position":1},"title":"Bancos fazem mutir\u00e3o de negocia\u00e7\u00e3o de d\u00edvidas a partir desta sexta","author":"ismaelcolosi.com.br","date":"15 de March de 2024","format":false,"excerpt":"15 de mar\u00e7o de 2024 | 12:0015 de mar\u00e7o de 2024 | 11:57 0A Federa\u00e7\u00e3o Brasileira de Bancos (Febraban) iniciou, nesta sexta-feira (15), um mutir\u00e3o de negocia\u00e7\u00e3o de d\u00edvidas. A campanha nacional segue at\u00e9 15 de abril e \u00e9 realizada em parceria com o Banco Central, a Secretaria Nacional do\u2026","rel":"","context":"In &quot;Not\u00edcias de Ribeir\u00e3o Preto-SP e Regi\u00e3o&quot;","block_context":{"text":"Not\u00edcias de Ribeir\u00e3o Preto-SP e Regi\u00e3o","link":"https:\/\/ismaelcolosi.com.br\/index.php\/category\/noticias-de-ribeirao-preto-sp-e-regiao-ismael-colosi\/"},"img":{"alt_text":"","src":"https:\/\/i0.wp.com\/ismaelcolosi.com.br\/wp-content\/uploads\/2024\/03\/d3eaf9e9-d231-4bac-a114-8467109bd8ff.jpg?fit=750%2C375&ssl=1&resize=350%2C200","width":350,"height":200,"srcset":"https:\/\/i0.wp.com\/ismaelcolosi.com.br\/wp-content\/uploads\/2024\/03\/d3eaf9e9-d231-4bac-a114-8467109bd8ff.jpg?fit=750%2C375&ssl=1&resize=350%2C200 1x, https:\/\/i0.wp.com\/ismaelcolosi.com.br\/wp-content\/uploads\/2024\/03\/d3eaf9e9-d231-4bac-a114-8467109bd8ff.jpg?fit=750%2C375&ssl=1&resize=525%2C300 1.5x, https:\/\/i0.wp.com\/ismaelcolosi.com.br\/wp-content\/uploads\/2024\/03\/d3eaf9e9-d231-4bac-a114-8467109bd8ff.jpg?fit=750%2C375&ssl=1&resize=700%2C400 2x"},"classes":[]},{"id":4549,"url":"https:\/\/ismaelcolosi.com.br\/index.php\/2023\/11\/21\/lula-faz-apelo-a-endividados-e-toma-medida-extraordinaria\/","url_meta":{"origin":44699,"position":2},"title":"Lula faz apelo a endividados e toma medida EXTRAORDIN\u00c1RIA","author":"ismaelcolosi.com.br","date":"21 de November de 2023","format":false,"excerpt":"O presidente Luiz In\u00e1cio Lula da Silva pediu, nesta ter\u00e7a-feira, 21, em Bras\u00edlia, que as pessoas endividadas procurem os bancos para renegociar os seus d\u00e9bitos no \u00e2mbito do Programa Desenrola Brasil. Cr\u00e9ditos: Canal GovDesenrola: Lula faz apelo a endividados e toma medida EXTRAORDIN\u00c1RIA Amanh\u00e3, 22, o governo federal promove o\u2026","rel":"","context":"In &quot;Variedades&quot;","block_context":{"text":"Variedades","link":"https:\/\/ismaelcolosi.com.br\/index.php\/category\/variedades\/"},"img":{"alt_text":"","src":"https:\/\/i0.wp.com\/ismaelcolosi.com.br\/wp-content\/uploads\/2023\/11\/lula-faz-apelo-a-endividados-e-toma-medida-extraordinaria.png?fit=1200%2C638&ssl=1&resize=350%2C200","width":350,"height":200,"srcset":"https:\/\/i0.wp.com\/ismaelcolosi.com.br\/wp-content\/uploads\/2023\/11\/lula-faz-apelo-a-endividados-e-toma-medida-extraordinaria.png?fit=1200%2C638&ssl=1&resize=350%2C200 1x, https:\/\/i0.wp.com\/ismaelcolosi.com.br\/wp-content\/uploads\/2023\/11\/lula-faz-apelo-a-endividados-e-toma-medida-extraordinaria.png?fit=1200%2C638&ssl=1&resize=525%2C300 1.5x, https:\/\/i0.wp.com\/ismaelcolosi.com.br\/wp-content\/uploads\/2023\/11\/lula-faz-apelo-a-endividados-e-toma-medida-extraordinaria.png?fit=1200%2C638&ssl=1&resize=700%2C400 2x, https:\/\/i0.wp.com\/ismaelcolosi.com.br\/wp-content\/uploads\/2023\/11\/lula-faz-apelo-a-endividados-e-toma-medida-extraordinaria.png?fit=1200%2C638&ssl=1&resize=1050%2C600 3x"},"classes":[]},{"id":4713,"url":"https:\/\/ismaelcolosi.com.br\/index.php\/2023\/11\/22\/apelo-de-lula-para-brasileiros-endividados-vai-te-surpreender\/","url_meta":{"origin":44699,"position":3},"title":"Apelo de Lula para brasileiros endividados vai te SURPREENDER","author":"ismaelcolosi.com.br","date":"22 de November de 2023","format":false,"excerpt":"O presidente Luiz In\u00e1cio Lula da Silva pediu, nesta ter\u00e7a-feira, 21, em Bras\u00edlia, que as pessoas endividadas procurem os bancos para renegociar os seus d\u00e9bitos no \u00e2mbito do Programa Desenrola Brasil. Cr\u00e9ditos: Ag\u00eancia Brasil\/Jos\u00e9 CruzApelo de Lula para brasileiros endividados vai te SURPREENDER Amanh\u00e3, 22, o governo federal promove o\u2026","rel":"","context":"In &quot;Variedades&quot;","block_context":{"text":"Variedades","link":"https:\/\/ismaelcolosi.com.br\/index.php\/category\/variedades\/"},"img":{"alt_text":"","src":"https:\/\/i0.wp.com\/ismaelcolosi.com.br\/wp-content\/uploads\/2023\/11\/lula-da-dica-de-educacao-financeira-para-brasileiros.jpg?fit=1200%2C638&ssl=1&resize=350%2C200","width":350,"height":200,"srcset":"https:\/\/i0.wp.com\/ismaelcolosi.com.br\/wp-content\/uploads\/2023\/11\/lula-da-dica-de-educacao-financeira-para-brasileiros.jpg?fit=1200%2C638&ssl=1&resize=350%2C200 1x, https:\/\/i0.wp.com\/ismaelcolosi.com.br\/wp-content\/uploads\/2023\/11\/lula-da-dica-de-educacao-financeira-para-brasileiros.jpg?fit=1200%2C638&ssl=1&resize=525%2C300 1.5x, https:\/\/i0.wp.com\/ismaelcolosi.com.br\/wp-content\/uploads\/2023\/11\/lula-da-dica-de-educacao-financeira-para-brasileiros.jpg?fit=1200%2C638&ssl=1&resize=700%2C400 2x, https:\/\/i0.wp.com\/ismaelcolosi.com.br\/wp-content\/uploads\/2023\/11\/lula-da-dica-de-educacao-financeira-para-brasileiros.jpg?fit=1200%2C638&ssl=1&resize=1050%2C600 3x"},"classes":[]},{"id":6187,"url":"https:\/\/ismaelcolosi.com.br\/index.php\/2023\/11\/25\/desenrola-renegociou-r-433-mi-no-dia-d\/","url_meta":{"origin":44699,"position":4},"title":"Desenrola renegociou R$ 433 mi no \u2018Dia D\u2019\u00a0","author":"ismaelcolosi.com.br","date":"25 de November de 2023","format":false,"excerpt":"25 de novembro de 2023 | 8:3024 de novembro de 2023 | 20:17 0O Minist\u00e9rio da Fazenda informa que o governo contabilizou R$ 433 milh\u00f5es renegociados pelo Desenrola Brasil na quarta-feira, 22 de novembro, quando foi organizado o chamado \u201cDia D \u2013 Mutir\u00e3o Desenrola\u201d para acelerar e ampliar a cobertura\u2026","rel":"","context":"In &quot;Not\u00edcias de Ribeir\u00e3o Preto-SP e Regi\u00e3o&quot;","block_context":{"text":"Not\u00edcias de Ribeir\u00e3o Preto-SP e Regi\u00e3o","link":"https:\/\/ismaelcolosi.com.br\/index.php\/category\/noticias-de-ribeirao-preto-sp-e-regiao-ismael-colosi\/"},"img":{"alt_text":"","src":"https:\/\/i0.wp.com\/ismaelcolosi.com.br\/wp-content\/uploads\/2023\/11\/Desenrola-2.jpg?fit=1170%2C700&ssl=1&resize=350%2C200","width":350,"height":200,"srcset":"https:\/\/i0.wp.com\/ismaelcolosi.com.br\/wp-content\/uploads\/2023\/11\/Desenrola-2.jpg?fit=1170%2C700&ssl=1&resize=350%2C200 1x, https:\/\/i0.wp.com\/ismaelcolosi.com.br\/wp-content\/uploads\/2023\/11\/Desenrola-2.jpg?fit=1170%2C700&ssl=1&resize=525%2C300 1.5x, https:\/\/i0.wp.com\/ismaelcolosi.com.br\/wp-content\/uploads\/2023\/11\/Desenrola-2.jpg?fit=1170%2C700&ssl=1&resize=700%2C400 2x, https:\/\/i0.wp.com\/ismaelcolosi.com.br\/wp-content\/uploads\/2023\/11\/Desenrola-2.jpg?fit=1170%2C700&ssl=1&resize=1050%2C600 3x"},"classes":[]},{"id":45368,"url":"https:\/\/ismaelcolosi.com.br\/index.php\/2024\/04\/03\/juro-do-rotativo-recua-a-4125\/","url_meta":{"origin":44699,"position":5},"title":"Juro do rotativo recua a 412,5%\u00a0","author":"ismaelcolosi.com.br","date":"3 de April de 2024","format":false,"excerpt":"O juro m\u00e9dio total cobrado pelos bancos no rotativo do cart\u00e3o de cr\u00e9dito caiu 6,8 pontos percentuais (p.p.) de janeiro para fevereiro, informou nesta ter\u00e7a-feira, 2 de abril o Banco Central (BC). A taxa caiu de 419,3% para 412,5% ao ano. No caso do parcelado, passou de 187,8% para 184,5%\u2026","rel":"","context":"In &quot;Not\u00edcias de Ribeir\u00e3o Preto-SP e Regi\u00e3o&quot;","block_context":{"text":"Not\u00edcias de Ribeir\u00e3o Preto-SP e Regi\u00e3o","link":"https:\/\/ismaelcolosi.com.br\/index.php\/category\/noticias-de-ribeirao-preto-sp-e-regiao-ismael-colosi\/"},"img":{"alt_text":"","src":"https:\/\/i0.wp.com\/ismaelcolosi.com.br\/wp-content\/uploads\/2024\/04\/Juros-Marcello-Casal-Jr.-Ag.Br_.jpg?fit=800%2C479&ssl=1&resize=350%2C200","width":350,"height":200,"srcset":"https:\/\/i0.wp.com\/ismaelcolosi.com.br\/wp-content\/uploads\/2024\/04\/Juros-Marcello-Casal-Jr.-Ag.Br_.jpg?fit=800%2C479&ssl=1&resize=350%2C200 1x, https:\/\/i0.wp.com\/ismaelcolosi.com.br\/wp-content\/uploads\/2024\/04\/Juros-Marcello-Casal-Jr.-Ag.Br_.jpg?fit=800%2C479&ssl=1&resize=525%2C300 1.5x, https:\/\/i0.wp.com\/ismaelcolosi.com.br\/wp-content\/uploads\/2024\/04\/Juros-Marcello-Casal-Jr.-Ag.Br_.jpg?fit=800%2C479&ssl=1&resize=700%2C400 2x"},"classes":[]}],"jetpack_sharing_enabled":true,"jetpack_shortlink":"https:\/\/wp.me\/pfMlyK-bCX","_links":{"self":[{"href":"https:\/\/ismaelcolosi.com.br\/index.php\/wp-json\/wp\/v2\/posts\/44699","targetHints":{"allow":["GET"]}}],"collection":[{"href":"https:\/\/ismaelcolosi.com.br\/index.php\/wp-json\/wp\/v2\/posts"}],"about":[{"href":"https:\/\/ismaelcolosi.com.br\/index.php\/wp-json\/wp\/v2\/types\/post"}],"author":[{"embeddable":true,"href":"https:\/\/ismaelcolosi.com.br\/index.php\/wp-json\/wp\/v2\/users\/1"}],"replies":[{"embeddable":true,"href":"https:\/\/ismaelcolosi.com.br\/index.php\/wp-json\/wp\/v2\/comments?post=44699"}],"version-history":[{"count":0,"href":"https:\/\/ismaelcolosi.com.br\/index.php\/wp-json\/wp\/v2\/posts\/44699\/revisions"}],"wp:featuredmedia":[{"embeddable":true,"href":"https:\/\/ismaelcolosi.com.br\/index.php\/wp-json\/wp\/v2\/media\/44700"}],"wp:attachment":[{"href":"https:\/\/ismaelcolosi.com.br\/index.php\/wp-json\/wp\/v2\/media?parent=44699"}],"wp:term":[{"taxonomy":"category","embeddable":true,"href":"https:\/\/ismaelcolosi.com.br\/index.php\/wp-json\/wp\/v2\/categories?post=44699"},{"taxonomy":"post_tag","embeddable":true,"href":"https:\/\/ismaelcolosi.com.br\/index.php\/wp-json\/wp\/v2\/tags?post=44699"}],"curies":[{"name":"wp","href":"https:\/\/api.w.org\/{rel}","templated":true}]}}