{"id":44689,"date":"2024-03-29T16:16:41","date_gmt":"2024-03-29T19:16:41","guid":{"rendered":"https:\/\/ismaelcolosi.com.br\/index.php\/2024\/03\/29\/pascoa-em-casa-8-filmes-para-assistir-com-toda-a-familia-no-streaming\/"},"modified":"2024-03-29T16:16:41","modified_gmt":"2024-03-29T19:16:41","slug":"pascoa-em-casa-8-filmes-para-assistir-com-toda-a-familia-no-streaming","status":"publish","type":"post","link":"https:\/\/ismaelcolosi.com.br\/index.php\/2024\/03\/29\/pascoa-em-casa-8-filmes-para-assistir-com-toda-a-familia-no-streaming\/","title":{"rendered":"P\u00e1scoa em casa: 8 filmes para assistir com toda a fam\u00edlia no streaming"},"content":{"rendered":"<p> <br \/>\n<\/p>\n<div>\n<h6 class=\"Assina\">Por Gabriela Caputo<\/h6>\n<p>Para quem n\u00e3o vai viajar no feriado de P\u00e1scoa, as op\u00e7\u00f5es de divertimento ainda s\u00e3o muitas: em S\u00e3o Paulo, h\u00e1 op\u00e7\u00f5es de programas culturais gratuitos pela cidade. Nos cinemas, o lan\u00e7amento\u00a0<i>Dois \u00e9 Demais em Orlando<\/i>, filme gravado no parque da Universal, promete aquecer os cora\u00e7\u00f5es; enquanto\u00a0<i>Godzilla e Kong: O Novo Imp\u00e9rio<\/i>\u00a0convida os f\u00e3s dos monstros gigantes em uma aventura eletrizante.<\/p>\n<p>Mas, quem n\u00e3o quer sair de casa tamb\u00e9m tem \u00f3timas possibilidades de entretenimento diretamente do sof\u00e1 da sala. De cl\u00e1ssicos de\u00a0<i>Sess\u00e3o da Tarde<\/i>\u00a0a produ\u00e7\u00f5es mais recentes, confira filmes dispon\u00edveis nas plataformas streaming para assistir com toda a fam\u00edlia:<\/p>\n<p><b>Os Fantasmas Se Divertem (1988)<\/b><\/p>\n<p>Uma escolha nost\u00e1lgica para quem foi jovem no final dos anos 1980, e uma descoberta especial para as novas gera\u00e7\u00f5es. O filme de Tim Burton acompanha o casal de fantasmas B\u00e1rbara (Geena Davis) e Adam Maitland (Alec Baldwin) que tentam assombrar os novos moradores de sua antiga casa, contratando os servi\u00e7os de um Beetlejuice (Michael Keaton), mas acabam causando boas trapalhadas. O longa ganha uma sequ\u00eancia no segundo semestre deste ano, com Winona Ryder reprisando o papel de Lydia e novas adi\u00e7\u00f5es ao elenco, como Jenna Ortega, a querida Wandinha, e Willem Dafoe..<\/p>\n<p><b>Onde assistir:<\/b>\u00a0Max<\/p>\n<p><b>Querida, Encolhi as Crian\u00e7as (1989)<\/b><\/p>\n<p>Um cientista acaba acidentalmente encolhendo seus dois filhos adolescente e dois vizinhos, reduzindo-os ao tamanho de um inseto. A casa antes t\u00e3o familiar vira uma grande arena cheia de perigos e desafios para o grupo, enquanto o pai faz de tudo para reverter o experimento e lidar com a esposa enfurecida. Um cl\u00e1ssico atemporal.<\/p>\n<p><b>Onde assistir:<\/b>\u00a0Disney+<\/p>\n<p><b>De repente uma fam\u00edlia (2018)<\/b><\/p>\n<p>Pete (Mark Wahlberg) e Ellie (Rose Byrne) est\u00e3o em busca de uma crian\u00e7a para adotar e acabam se conectando com a jovem Lizzie (Isabela Moner). Por\u00e9m, h\u00e1 uma condi\u00e7\u00e3o: a garota tem dois irm\u00e3os pequenos, que devem ir junto. De uma hora para outra, o casal se v\u00ea com tr\u00eas crian\u00e7as bagunceiras para criar, incluindo uma adolescente rebelde. A vida deles vira de cabe\u00e7a para baixo enquanto tentam fazer a nova fam\u00edlia funcionar. Sens\u00edvel e hil\u00e1rio.<\/p>\n<p><b>Onde assistir:<\/b>\u00a0Netflix<\/p>\n<p><b>No Ritmo do Cora\u00e7\u00e3o (2021)<\/b><\/p>\n<p>Azar\u00e3o do Oscar 2022,\u00a0<i>No Ritmo do Cora\u00e7\u00e3o<\/i>\u00a0superou grandes produ\u00e7\u00f5es e levou o maior pr\u00eamio da noite em sua edi\u00e7\u00e3o. O longa acompanha uma fam\u00edlia de surdos que enfrenta dificuldades em seu neg\u00f3cio de pesca. A jovem Ruby \u00e9 a \u00fanica entre eles que pode ouvir, por isso tem papel importante nas transa\u00e7\u00f5es econ\u00f4micas. Dona de uma bela voz, ela passa a investir em seu talento musical e da\u00ed nasce o sonho de se profissionalizar na \u00e1rea \u2013 mas Ruby fica dividida entre ficar em casa e manter suas obriga\u00e7\u00f5es com a fam\u00edlia, ou se mudar para longe e seguir sua paix\u00e3o.<\/p>\n<p><b>Onde ver:<\/b>\u00a0Prime V\u00eddeo<\/p>\n<p><b>Doze \u00e9 Demais (2022)<\/b><\/p>\n<p>A com\u00e9dia hom\u00f4nima protagonizada por Steve Martin nos anos 2000 ganhou um remake que vale a pena conferir. Na nova vers\u00e3o, dois pais solos se casam, juntando dez filhos embaixo de um mesmo teto e desafios financeiros a serem resolvidos. O remake se atualiza em rela\u00e7\u00e3o ao filme original, ao abra\u00e7ar pautas sociais importantes e destacar a diversidade: os Bakers s\u00e3o uma fam\u00edlia interracial, e, al\u00e9m disso, h\u00e1 um filho adotado e um personagem com defici\u00eancia.<\/p>\n<p><b>Onde ver:<\/b>\u00a0Disney+<\/p>\n<p><b>Nosso Amigo Extraordin\u00e1rio (2023)<\/b><\/p>\n<p>Milton (Ben Kingsley) \u00e9 um senhor que leva seus dias pacatos e solit\u00e1rios com certa melancolia, at\u00e9 que um \u00f3vni cai em seu quintal, esmagando suas flores e revelando um ser extraterrestre Assustado, mas curioso, ele acaba acolhendo o alien\u00edgena, apelidado de Jules, e ganha um companheiro. Na tentativa de manter o visitante em segredo e descobrir como envi\u00e1-lo de volta a seu lar, Milton acaba se aproximando de duas outras idosas da vizinhan\u00e7a. Uma trama encantadora sobre o envelhecimento e o poder das amizades.<\/p>\n<p><b>Onde ver:<\/b>\u00a0Netflix<\/p>\n<p><b>Nimona (2023)<\/b><\/p>\n<p>Concorrente ao Oscar de melhor anima\u00e7\u00e3o neste ano,\u00a0<i>Nimona<\/i>\u00a0acompanha as perip\u00e9cias de uma adolescente metamorfa que se torna aliada de Ballister Blackheart, um cavaleiro acusado de um crime que n\u00e3o cometeu. Com um estilo de anima\u00e7\u00e3o singular (e bel\u00edssimo), o longa aborda temas como identidade e preconceito, e tem representatividade LGBT+.<\/p>\n<p><b>Onde ver:<\/b>\u00a0Netflix<\/p>\n<p><b>Wonka (2023)<\/b><\/p>\n<p>Em clima de P\u00e1scoa, Wonka mostra o astro Timoth\u00e9e Chalamet no papel mais carism\u00e1tico de sua carreira. Conhecemos o passado do jovem Willy Wonka, que batalhou com autoridades e corruptos antes de se tornar dono do imp\u00e9rio do chocolate bem conhecido no cinema. Inventivo e sempre otimista, Willy faz amizades preciosas em sua jornada truculenta, com destaque para a jovem \u00f3rf\u00e3 Noodle (Calah Lane) e um Oompa Loompa mal-humorado (Hugh Grant). Repleto de m\u00fasica e magia, o filme \u00e9 t\u00e3o doce quanto um peda\u00e7o de chocolate.<\/p>\n<p><b>Onde ver:<\/b>\u00a0Max<\/p>\n<\/div>\n<p><br \/>\n<br \/><a href=\"https:\/\/www.tribunaribeirao.com.br\/site\/pascoa-em-casa-8-filmes-para-assistir-com-toda-a-familia-no-streaming\/\">Source link <\/a><\/p>\n<div class='code-block code-block-4' style='margin: 8px auto 8px 0; text-align: left; display: block; clear: both;'>\n\ud83d\udce2 Aviso Legal\n\nO site ismaelcolosi.com.br atua apenas como um canal de divulga\u00e7\u00e3o de oportunidades de emprego e n\u00e3o se responsabiliza pelo processo seletivo, contrata\u00e7\u00e3o ou qualquer outra etapa relacionada \u00e0s vagas publicadas. Todas as informa\u00e7\u00f5es s\u00e3o de responsabilidade dos anunciantes.\n\n\u26a0\ufe0f Aten\u00e7\u00e3o! Nunca pague por promessas de emprego nem compre cursos que garantam contrata\u00e7\u00e3o. Desconfie de qualquer cobran\u00e7a para participar de sele\u00e7\u00f5es.\n\n\n\n<\/div>\n<!-- CONTENT END 1 -->\n","protected":false},"excerpt":{"rendered":"<p>Por Gabriela Caputo Para quem n\u00e3o vai viajar no feriado de P\u00e1scoa, as op\u00e7\u00f5es de divertimento ainda s\u00e3o muitas: em S\u00e3o Paulo, h\u00e1 op\u00e7\u00f5es de&#8230;<\/p>\n","protected":false},"author":1,"featured_media":44690,"comment_status":"open","ping_status":"open","sticky":false,"template":"","format":"standard","meta":{"_uag_custom_page_level_css":"","advanced_seo_description":"","jetpack_seo_html_title":"","jetpack_seo_noindex":false,"jetpack_post_was_ever_published":false,"_jetpack_newsletter_access":"","_jetpack_dont_email_post_to_subs":false,"_jetpack_newsletter_tier_id":0,"_jetpack_memberships_contains_paywalled_content":false,"_jetpack_memberships_contains_paid_content":false,"footnotes":"","jetpack_publicize_message":"","jetpack_publicize_feature_enabled":true,"jetpack_social_post_already_shared":true,"jetpack_social_options":{"image_generator_settings":{"template":"highway","default_image_id":0,"font":"","enabled":false},"version":2}},"categories":[11],"tags":[5294,289,73,2533,71,4643,3525,72],"class_list":["post-44689","post","type-post","status-publish","format-standard","has-post-thumbnail","hentry","category-noticias-de-ribeirao-preto-sp-e-regiao-ismael-colosi","tag-assistir","tag-casa","tag-familia","tag-filmes","tag-para","tag-pascoa","tag-streaming","tag-toda"],"jetpack_publicize_connections":[],"jetpack_featured_media_url":"https:\/\/i0.wp.com\/ismaelcolosi.com.br\/wp-content\/uploads\/2024\/03\/assistir-streaming-netflix-amazon-prime-video-hbo.png?fit=1200%2C675&ssl=1","uagb_featured_image_src":{"full":["https:\/\/i0.wp.com\/ismaelcolosi.com.br\/wp-content\/uploads\/2024\/03\/assistir-streaming-netflix-amazon-prime-video-hbo.png?fit=1200%2C675&ssl=1",1200,675,false],"thumbnail":["https:\/\/i0.wp.com\/ismaelcolosi.com.br\/wp-content\/uploads\/2024\/03\/assistir-streaming-netflix-amazon-prime-video-hbo.png?resize=150%2C150&ssl=1",150,150,true],"medium":["https:\/\/i0.wp.com\/ismaelcolosi.com.br\/wp-content\/uploads\/2024\/03\/assistir-streaming-netflix-amazon-prime-video-hbo.png?fit=300%2C169&ssl=1",300,169,true],"medium_large":["https:\/\/i0.wp.com\/ismaelcolosi.com.br\/wp-content\/uploads\/2024\/03\/assistir-streaming-netflix-amazon-prime-video-hbo.png?fit=768%2C432&ssl=1",768,432,true],"large":["https:\/\/i0.wp.com\/ismaelcolosi.com.br\/wp-content\/uploads\/2024\/03\/assistir-streaming-netflix-amazon-prime-video-hbo.png?fit=1024%2C576&ssl=1",1024,576,true],"1536x1536":["https:\/\/i0.wp.com\/ismaelcolosi.com.br\/wp-content\/uploads\/2024\/03\/assistir-streaming-netflix-amazon-prime-video-hbo.png?fit=1200%2C675&ssl=1",1200,675,true],"2048x2048":["https:\/\/i0.wp.com\/ismaelcolosi.com.br\/wp-content\/uploads\/2024\/03\/assistir-streaming-netflix-amazon-prime-video-hbo.png?fit=1200%2C675&ssl=1",1200,675,true],"really-simple-thumb":["https:\/\/i0.wp.com\/ismaelcolosi.com.br\/wp-content\/uploads\/2024\/03\/assistir-streaming-netflix-amazon-prime-video-hbo.png?resize=370%2C247&ssl=1",370,247,true]},"uagb_author_info":{"display_name":"ismaelcolosi.com.br","author_link":"https:\/\/ismaelcolosi.com.br\/index.php\/author\/vidareal-online\/"},"uagb_comment_info":0,"uagb_excerpt":"Por Gabriela Caputo Para quem n\u00e3o vai viajar no feriado de P\u00e1scoa, as op\u00e7\u00f5es de divertimento ainda s\u00e3o muitas: em S\u00e3o Paulo, h\u00e1 op\u00e7\u00f5es de...","jetpack-related-posts":[{"id":18682,"url":"https:\/\/ismaelcolosi.com.br\/index.php\/2023\/12\/20\/10-filmes-para-ver-em-familia-no-dia-da-ceia-de-natal\/","url_meta":{"origin":44689,"position":0},"title":"10 filmes para ver em fam\u00edlia no dia da ceia de Natal","author":"ismaelcolosi.com.br","date":"20 de December de 2023","format":false,"excerpt":"Cr\u00e9ditos: reprodu\u00e7\u00e3o\/NetflixFilmes de Natal para ver com a fam\u00edlia reunida O Natal est\u00e1 cada vez mais pr\u00f3ximo, e com ele a temporada de filmes natalinos que o p\u00fablico ama.\u00a0 As produ\u00e7\u00f5es natalinas s\u00e3o muito famosas e o padr\u00e3o dos filmes s\u00e3o bem semelhantes, ent\u00e3o por que s\u00e3o t\u00e3o assistidos? Com\u2026","rel":"","context":"In &quot;Variedades&quot;","block_context":{"text":"Variedades","link":"https:\/\/ismaelcolosi.com.br\/index.php\/category\/variedades\/"},"img":{"alt_text":"","src":"https:\/\/i0.wp.com\/ismaelcolosi.com.br\/wp-content\/uploads\/2023\/12\/screenshot-2023-12-20-003510-e1703043396297.png?fit=1200%2C638&ssl=1&resize=350%2C200","width":350,"height":200,"srcset":"https:\/\/i0.wp.com\/ismaelcolosi.com.br\/wp-content\/uploads\/2023\/12\/screenshot-2023-12-20-003510-e1703043396297.png?fit=1200%2C638&ssl=1&resize=350%2C200 1x, https:\/\/i0.wp.com\/ismaelcolosi.com.br\/wp-content\/uploads\/2023\/12\/screenshot-2023-12-20-003510-e1703043396297.png?fit=1200%2C638&ssl=1&resize=525%2C300 1.5x, https:\/\/i0.wp.com\/ismaelcolosi.com.br\/wp-content\/uploads\/2023\/12\/screenshot-2023-12-20-003510-e1703043396297.png?fit=1200%2C638&ssl=1&resize=700%2C400 2x, https:\/\/i0.wp.com\/ismaelcolosi.com.br\/wp-content\/uploads\/2023\/12\/screenshot-2023-12-20-003510-e1703043396297.png?fit=1200%2C638&ssl=1&resize=1050%2C600 3x"},"classes":[]},{"id":5115,"url":"https:\/\/ismaelcolosi.com.br\/index.php\/2023\/11\/22\/5-filmes-para-assistir-hoje-na-netflix-e-entrar-no-clima-natalino\/","url_meta":{"origin":44689,"position":1},"title":"5 filmes para assistir hoje na Netflix e entrar no clima natalino","author":"ismaelcolosi.com.br","date":"22 de November de 2023","format":false,"excerpt":"Cr\u00e9ditos: Divulga\u00e7\u00e3o\/Netflix Filmes de Natal para ver na Netflix Pois \u00e9\u2026 Falta pouco mais de um m\u00eas para o Natal e chegou a hora de entrar no clima. Todos os anos, a Netflix lan\u00e7a diversos filmes e s\u00e9ries com a tem\u00e1tica natalina e em 2023 n\u00e3o ser\u00e1 diferente. Os filmes\u2026","rel":"","context":"In &quot;Variedades&quot;","block_context":{"text":"Variedades","link":"https:\/\/ismaelcolosi.com.br\/index.php\/category\/variedades\/"},"img":{"alt_text":"","src":"https:\/\/i0.wp.com\/ismaelcolosi.com.br\/wp-content\/uploads\/2023\/11\/filme-natal.jpg?fit=1200%2C638&ssl=1&resize=350%2C200","width":350,"height":200,"srcset":"https:\/\/i0.wp.com\/ismaelcolosi.com.br\/wp-content\/uploads\/2023\/11\/filme-natal.jpg?fit=1200%2C638&ssl=1&resize=350%2C200 1x, https:\/\/i0.wp.com\/ismaelcolosi.com.br\/wp-content\/uploads\/2023\/11\/filme-natal.jpg?fit=1200%2C638&ssl=1&resize=525%2C300 1.5x, https:\/\/i0.wp.com\/ismaelcolosi.com.br\/wp-content\/uploads\/2023\/11\/filme-natal.jpg?fit=1200%2C638&ssl=1&resize=700%2C400 2x, https:\/\/i0.wp.com\/ismaelcolosi.com.br\/wp-content\/uploads\/2023\/11\/filme-natal.jpg?fit=1200%2C638&ssl=1&resize=1050%2C600 3x"},"classes":[]},{"id":18627,"url":"https:\/\/ismaelcolosi.com.br\/index.php\/2023\/12\/20\/acompanhe-a-lista-dos-melhores-filmes-de-natal-para-assistir-ainda-no-finalzinho-de-2023\/","url_meta":{"origin":44689,"position":2},"title":"Acompanhe a lista dos melhores filmes de Natal para assistir ainda no finalzinho de 2023","author":"ismaelcolosi.com.br","date":"20 de December de 2023","format":false,"excerpt":"Crian\u00e7ada de f\u00e9rias, casa cheia e n\u00e3o sabe o que assistir? Acompanhe a lista de filmes de natal que encanta a todas as idades. Prepara a pipoca, re\u00fana todo mundo e se acomode no sof\u00e1. \u00c9 hora de ver filme.A primeira dica fica com o cl\u00e1ssico O Grinch, (Jim Carrey)\u2026","rel":"","context":"In &quot;Blog&quot;","block_context":{"text":"Blog","link":"https:\/\/ismaelcolosi.com.br\/index.php\/category\/blog\/"},"img":{"alt_text":"","src":"https:\/\/i0.wp.com\/ismaelcolosi.com.br\/wp-content\/uploads\/2023\/12\/postimg-658359b8eb91e8713.jpg?fit=1200%2C628&ssl=1&resize=350%2C200","width":350,"height":200,"srcset":"https:\/\/i0.wp.com\/ismaelcolosi.com.br\/wp-content\/uploads\/2023\/12\/postimg-658359b8eb91e8713.jpg?fit=1200%2C628&ssl=1&resize=350%2C200 1x, https:\/\/i0.wp.com\/ismaelcolosi.com.br\/wp-content\/uploads\/2023\/12\/postimg-658359b8eb91e8713.jpg?fit=1200%2C628&ssl=1&resize=525%2C300 1.5x, https:\/\/i0.wp.com\/ismaelcolosi.com.br\/wp-content\/uploads\/2023\/12\/postimg-658359b8eb91e8713.jpg?fit=1200%2C628&ssl=1&resize=700%2C400 2x, https:\/\/i0.wp.com\/ismaelcolosi.com.br\/wp-content\/uploads\/2023\/12\/postimg-658359b8eb91e8713.jpg?fit=1200%2C628&ssl=1&resize=1050%2C600 3x"},"classes":[]},{"id":20238,"url":"https:\/\/ismaelcolosi.com.br\/index.php\/2023\/12\/24\/7-filmes-com-a-tematica-de-ano-novo-para-ver-nos-streamings\/","url_meta":{"origin":44689,"position":3},"title":"7 filmes com a tem\u00e1tica de Ano Novo para ver nos streamings","author":"ismaelcolosi.com.br","date":"24 de December de 2023","format":false,"excerpt":"Cr\u00e9ditos: divulga\u00e7\u00e3oFilmes com a tem\u00e1tica de Ano Novo para ver nos streamings \u00c9 hora de se despedir de 2023\u2026 E nada melhor do que aproveitar com a fam\u00edlia alguns filmes na tem\u00e1tica de r\u00e9veillon, entrando no clima de despedida.\u00a0 As produ\u00e7\u00f5es de Ano Novo, obviamente, n\u00e3o s\u00e3o t\u00e3o famosas como\u2026","rel":"","context":"In &quot;Variedades&quot;","block_context":{"text":"Variedades","link":"https:\/\/ismaelcolosi.com.br\/index.php\/category\/variedades\/"},"img":{"alt_text":"","src":"https:\/\/i0.wp.com\/ismaelcolosi.com.br\/wp-content\/uploads\/2023\/12\/anoitedavirada-filme.jpg?fit=1200%2C638&ssl=1&resize=350%2C200","width":350,"height":200,"srcset":"https:\/\/i0.wp.com\/ismaelcolosi.com.br\/wp-content\/uploads\/2023\/12\/anoitedavirada-filme.jpg?fit=1200%2C638&ssl=1&resize=350%2C200 1x, https:\/\/i0.wp.com\/ismaelcolosi.com.br\/wp-content\/uploads\/2023\/12\/anoitedavirada-filme.jpg?fit=1200%2C638&ssl=1&resize=525%2C300 1.5x, https:\/\/i0.wp.com\/ismaelcolosi.com.br\/wp-content\/uploads\/2023\/12\/anoitedavirada-filme.jpg?fit=1200%2C638&ssl=1&resize=700%2C400 2x, https:\/\/i0.wp.com\/ismaelcolosi.com.br\/wp-content\/uploads\/2023\/12\/anoitedavirada-filme.jpg?fit=1200%2C638&ssl=1&resize=1050%2C600 3x"},"classes":[]},{"id":8501,"url":"https:\/\/ismaelcolosi.com.br\/index.php\/2023\/11\/30\/9-filmes-recem-lancados-nos-cinemas-que-ja-estao-nos-streamings-veja-a-lista\/","url_meta":{"origin":44689,"position":4},"title":"9 filmes rec\u00e9m-lan\u00e7ados nos cinemas que j\u00e1 est\u00e3o nos streamings; veja a lista","author":"ismaelcolosi.com.br","date":"30 de November de 2023","format":false,"excerpt":"Cr\u00e9ditos: Depositphotos\/namakFilmes que mal sa\u00edram dos cinemas e j\u00e1 chegaram aos streamings N\u00e3o deu para ir ao cinema nos \u00faltimos meses e voc\u00ea acabou perdendo as estreias? Ent\u00e3o voc\u00ea vai amar saber que alguns dos maiores sucessos lan\u00e7ados em 2023 j\u00e1 chegaram aos streamings. Vale destacar que cada longa fica\u2026","rel":"","context":"In &quot;Variedades&quot;","block_context":{"text":"Variedades","link":"https:\/\/ismaelcolosi.com.br\/index.php\/category\/variedades\/"},"img":{"alt_text":"","src":"https:\/\/i0.wp.com\/ismaelcolosi.com.br\/wp-content\/uploads\/2023\/11\/depositphotos-644576188-xl-scaled.jpg?fit=1200%2C638&ssl=1&resize=350%2C200","width":350,"height":200,"srcset":"https:\/\/i0.wp.com\/ismaelcolosi.com.br\/wp-content\/uploads\/2023\/11\/depositphotos-644576188-xl-scaled.jpg?fit=1200%2C638&ssl=1&resize=350%2C200 1x, https:\/\/i0.wp.com\/ismaelcolosi.com.br\/wp-content\/uploads\/2023\/11\/depositphotos-644576188-xl-scaled.jpg?fit=1200%2C638&ssl=1&resize=525%2C300 1.5x, https:\/\/i0.wp.com\/ismaelcolosi.com.br\/wp-content\/uploads\/2023\/11\/depositphotos-644576188-xl-scaled.jpg?fit=1200%2C638&ssl=1&resize=700%2C400 2x, https:\/\/i0.wp.com\/ismaelcolosi.com.br\/wp-content\/uploads\/2023\/11\/depositphotos-644576188-xl-scaled.jpg?fit=1200%2C638&ssl=1&resize=1050%2C600 3x"},"classes":[]},{"id":17040,"url":"https:\/\/ismaelcolosi.com.br\/index.php\/2023\/12\/17\/catraca-livre-indica-5-bons-motivos-para-visitar-a-ilha-de-pascoa-em-2024\/","url_meta":{"origin":44689,"position":5},"title":"Catraca Livre indica 5 bons motivos para visitar a Ilha de P\u00e1scoa em 2024","author":"ismaelcolosi.com.br","date":"17 de December de 2023","format":false,"excerpt":"Localizada a 3.700 km da costa oeste do Chile, em pleno Oceano Pac\u00edfico, a Ilha de P\u00e1scoa \u00e9 daqueles destinos que merecem estar na \u201cwish list\u201d (lista de desejos) de todo bom viajante. Povoada pelos rapa nui, civiliza\u00e7\u00e3o de origem polin\u00e9sia por volta do ano 1.200, este para\u00edso isolado tem\u2026","rel":"","context":"In &quot;Variedades&quot;","block_context":{"text":"Variedades","link":"https:\/\/ismaelcolosi.com.br\/index.php\/category\/variedades\/"},"img":{"alt_text":"","src":"https:\/\/i0.wp.com\/ismaelcolosi.com.br\/wp-content\/uploads\/2023\/12\/nh-anakena-beach-1-scaled.jpg?fit=1200%2C638&ssl=1&resize=350%2C200","width":350,"height":200,"srcset":"https:\/\/i0.wp.com\/ismaelcolosi.com.br\/wp-content\/uploads\/2023\/12\/nh-anakena-beach-1-scaled.jpg?fit=1200%2C638&ssl=1&resize=350%2C200 1x, https:\/\/i0.wp.com\/ismaelcolosi.com.br\/wp-content\/uploads\/2023\/12\/nh-anakena-beach-1-scaled.jpg?fit=1200%2C638&ssl=1&resize=525%2C300 1.5x, https:\/\/i0.wp.com\/ismaelcolosi.com.br\/wp-content\/uploads\/2023\/12\/nh-anakena-beach-1-scaled.jpg?fit=1200%2C638&ssl=1&resize=700%2C400 2x, https:\/\/i0.wp.com\/ismaelcolosi.com.br\/wp-content\/uploads\/2023\/12\/nh-anakena-beach-1-scaled.jpg?fit=1200%2C638&ssl=1&resize=1050%2C600 3x"},"classes":[]}],"jetpack_sharing_enabled":true,"jetpack_shortlink":"https:\/\/wp.me\/pfMlyK-bCN","_links":{"self":[{"href":"https:\/\/ismaelcolosi.com.br\/index.php\/wp-json\/wp\/v2\/posts\/44689","targetHints":{"allow":["GET"]}}],"collection":[{"href":"https:\/\/ismaelcolosi.com.br\/index.php\/wp-json\/wp\/v2\/posts"}],"about":[{"href":"https:\/\/ismaelcolosi.com.br\/index.php\/wp-json\/wp\/v2\/types\/post"}],"author":[{"embeddable":true,"href":"https:\/\/ismaelcolosi.com.br\/index.php\/wp-json\/wp\/v2\/users\/1"}],"replies":[{"embeddable":true,"href":"https:\/\/ismaelcolosi.com.br\/index.php\/wp-json\/wp\/v2\/comments?post=44689"}],"version-history":[{"count":0,"href":"https:\/\/ismaelcolosi.com.br\/index.php\/wp-json\/wp\/v2\/posts\/44689\/revisions"}],"wp:featuredmedia":[{"embeddable":true,"href":"https:\/\/ismaelcolosi.com.br\/index.php\/wp-json\/wp\/v2\/media\/44690"}],"wp:attachment":[{"href":"https:\/\/ismaelcolosi.com.br\/index.php\/wp-json\/wp\/v2\/media?parent=44689"}],"wp:term":[{"taxonomy":"category","embeddable":true,"href":"https:\/\/ismaelcolosi.com.br\/index.php\/wp-json\/wp\/v2\/categories?post=44689"},{"taxonomy":"post_tag","embeddable":true,"href":"https:\/\/ismaelcolosi.com.br\/index.php\/wp-json\/wp\/v2\/tags?post=44689"}],"curies":[{"name":"wp","href":"https:\/\/api.w.org\/{rel}","templated":true}]}}