{"id":4464,"date":"2023-11-21T14:30:00","date_gmt":"2023-11-21T17:30:00","guid":{"rendered":"https:\/\/ismaelcolosi.com.br\/index.php\/2023\/11\/21\/natal-tudo-sobre-o-coral-dos-meninos-cantores-em-ribeirao-preto\/"},"modified":"2023-11-21T14:30:00","modified_gmt":"2023-11-21T17:30:00","slug":"natal-tudo-sobre-o-coral-dos-meninos-cantores-em-ribeirao-preto","status":"publish","type":"post","link":"https:\/\/ismaelcolosi.com.br\/index.php\/2023\/11\/21\/natal-tudo-sobre-o-coral-dos-meninos-cantores-em-ribeirao-preto\/","title":{"rendered":"Natal: Tudo sobre o Coral dos Meninos Cantores em Ribeir\u00e3o Preto"},"content":{"rendered":"<p> <br \/>\n<\/p>\n<div>\n<p><strong>A 26\u00b0 edi\u00e7\u00e3o do Coral dos Meninos Cantores da Cia Minaz, uma das apresenta\u00e7\u00f5es natalinas mais tradicionais de Ribeir\u00e3o Preto, acontece no dia 17 de dezembro, \u00e0s 20h.<\/strong><\/p>\n<p>As meninas e meninos cantores ficam <strong>nas janelas do Edif\u00edcio Meira Junior, na choperia Pinguim, no Centro, entoando cl\u00e1ssicos do Natal<\/strong>.<\/p>\n<p>Na apresenta\u00e7\u00e3o, ser\u00e3o executadas can\u00e7\u00f5es natalinas como \u2018Noite Feliz\u2019, \u2018Boas Festas\u2019, \u2018Jingle Bell Rock\u2019, entre outras. <span style=\"background-color:#f7cc62\" class=\"td_text_highlight_marker\">O espet\u00e1culo ter\u00e1 a presen\u00e7a do Papai Noel descendo pelas janelas<\/span>.\u00a0<\/p>\n<p>\u201cVai ter Papai Noel descendo das janelas, muita m\u00fasica de Natal com um repert\u00f3rio muito bonito e v\u00e1rios instrumentistas tocando l\u00e1 dentro. A gente faz ao vivo com o pessoal cantando\u201d, diz Gisele Ganade, diretora da Cia Minaz e regente dos corais.<\/p>\n<figure class=\"wp-block-image size-large\"><figcaption class=\"wp-element-caption\">P\u00fablico costuma lotar o Cal\u00e7ad\u00e3o para assistir a apresenta\u00e7\u00e3o (Imagem: arquivo acidade on)<\/figcaption><\/figure>\n<h4 class=\"wp-block-heading\"><strong>26 anos<\/strong><\/h4>\n<p>A 26\u00b0 edi\u00e7\u00e3o traz, pela <strong>primeira vez<\/strong>, a <strong>transmiss\u00e3o <\/strong>da apresenta\u00e7\u00e3o na internet, pelo YouTube da companhia (<a href=\"https:\/\/www.youtube.com\/@ciaminaz\" target=\"_blank\" rel=\"noreferrer noopener\">clique aqui<\/a>). \u00a0<\/p>\n<p>\u201cA gente vai ter uma novidade esse ano. Vamos transmitir pelo nosso canal do YouTube e quem est\u00e1 l\u00e1 embaixo vai poder se ver tamb\u00e9m por que vamos filmar a plateia e o pessoal dentro do sal\u00e3o, tudo acontecendo ao mesmo tempo\u201d, explica Ganade.<\/p>\n<p>O concerto \u00e9 realizado desde 1997, em parceria que rendeu a grava\u00e7\u00e3o de um CD com pe\u00e7as sacras e natalinas em 2003. Todos os anos, o Cal\u00e7ad\u00e3o fica lotado para a apresenta\u00e7\u00e3o.\u00a0<\/p>\n<p><strong>SERVI\u00c7O\u00a0<br \/>26\u00b0 Coral dos Meninos Cantores\u00a0<\/strong><br \/>Data: 17\/12 \u2013 domingo\u00a0<br \/>Hor\u00e1rio: 20h\u00a0<br \/>Entrada: gratuita\u00a0<br \/>Local: Janelas do Edif\u00edcio Meira Junior<\/p>\n<p>VEJA TAMB\u00c9M<br \/>Concerto de Natal da Casa da Mem\u00f3ria Italiana de Ribeir\u00e3o j\u00e1 tem data; Confira<\/p>\n<h4 class=\"wp-block-heading\"><strong><span style=\"background-color:#f7cc62\" class=\"td_text_highlight_marker\">FIQUE ON <\/span><\/strong><\/h4>\n<p>Fique ligado em tudo que acontece em Ribeir\u00e3o Preto e regi\u00e3o. Siga os perfis do\u00a0<strong>acidade on<\/strong>\u00a0no\u00a0<a href=\"https:\/\/www.instagram.com\/acidadeonribeirao\" target=\"_blank\" rel=\"noreferrer noopener\">Instagram\u00a0<\/a>e no<a href=\"https:\/\/www.facebook.com\/acidadeonribeirao\" target=\"_blank\" rel=\"noreferrer noopener\">\u00a0Facebook.<\/a><\/p>\n<p>Receba not\u00edcias do\u00a0<strong>acidade on\u00a0<\/strong>no WhatsApp.\u00a0<a href=\"https:\/\/chat.whatsapp.com\/Bnv2w66ZT4VDyZW3oiZ69n\" target=\"_blank\" rel=\"noreferrer noopener\">Para entrar no grupo, basta clicar aqui.<\/a><\/p>\n<p>Fa\u00e7a uma den\u00fancia ou sugira uma reportagem sobre Ribeir\u00e3o Preto e regi\u00e3o pelo WhatsApp:\u00a0<strong>(16) 99117 7802.<\/strong><\/p>\n<p><a href=\"https:\/\/www.tudoep.com\/tudo-receitas\/NOT,0,0,1868050,chantilly-com-dois-ingredientes-ana-maria-ensina-receita-no-mais-voce.aspx\" target=\"_blank\" rel=\"noreferrer noopener\">LEIA MAIS<br \/>Chantilly com dois ingredientes: Ana Maria faz receita no Mais Voc\u00ea<\/a><\/p>\n<p><!-- AI CONTENT END 1 -->\n<\/div>\n<p><script async src=\"\/\/www.instagram.com\/embed.js\"><\/script><br \/>\n<br \/><br \/>\n<br \/><a href=\"https:\/\/www.acidadeon.com\/ribeiraopreto\/lazer-e-cultura\/natal-tudo-sobre-o-coral-dos-meninos-cantores-em-ribeirao-preto\/\">Source link <\/a><\/p>\n<div class='code-block code-block-4' style='margin: 8px auto 8px 0; text-align: left; display: block; clear: both;'>\n\ud83d\udce2 Aviso Legal\n\nO site ismaelcolosi.com.br atua apenas como um canal de divulga\u00e7\u00e3o de oportunidades de emprego e n\u00e3o se responsabiliza pelo processo seletivo, contrata\u00e7\u00e3o ou qualquer outra etapa relacionada \u00e0s vagas publicadas. Todas as informa\u00e7\u00f5es s\u00e3o de responsabilidade dos anunciantes.\n\n\u26a0\ufe0f Aten\u00e7\u00e3o! Nunca pague por promessas de emprego nem compre cursos que garantam contrata\u00e7\u00e3o. Desconfie de qualquer cobran\u00e7a para participar de sele\u00e7\u00f5es.\n\n\n\n<\/div>\n<!-- CONTENT END 1 -->\n","protected":false},"excerpt":{"rendered":"<p>A 26\u00b0 edi\u00e7\u00e3o do Coral dos Meninos Cantores da Cia Minaz, uma das apresenta\u00e7\u00f5es natalinas mais tradicionais de Ribeir\u00e3o Preto, acontece no dia 17 de&#8230;<\/p>\n","protected":false},"author":1,"featured_media":4465,"comment_status":"open","ping_status":"open","sticky":false,"template":"","format":"standard","meta":{"_uag_custom_page_level_css":"","advanced_seo_description":"","jetpack_seo_html_title":"","jetpack_seo_noindex":false,"jetpack_post_was_ever_published":false,"_jetpack_newsletter_access":"","_jetpack_dont_email_post_to_subs":false,"_jetpack_newsletter_tier_id":0,"_jetpack_memberships_contains_paywalled_content":false,"_jetpack_memberships_contains_paid_content":false,"footnotes":"","jetpack_publicize_message":"","jetpack_publicize_feature_enabled":true,"jetpack_social_post_already_shared":true,"jetpack_social_options":{"image_generator_settings":{"template":"highway","default_image_id":0,"font":"","enabled":false},"version":2}},"categories":[11],"tags":[472,469,470,471,288,27,26,468,43],"class_list":["post-4464","post","type-post","status-publish","format-standard","has-post-thumbnail","hentry","category-noticias-de-ribeirao-preto-sp-e-regiao-ismael-colosi","tag-cantores","tag-coral","tag-dos","tag-meninos","tag-natal","tag-preto","tag-ribeirao","tag-sobre","tag-tudo"],"jetpack_publicize_connections":[],"jetpack_featured_media_url":"https:\/\/i0.wp.com\/ismaelcolosi.com.br\/wp-content\/uploads\/2023\/11\/coral_natal.jpg?fit=1200%2C675&ssl=1","uagb_featured_image_src":{"full":["https:\/\/i0.wp.com\/ismaelcolosi.com.br\/wp-content\/uploads\/2023\/11\/coral_natal.jpg?fit=1200%2C675&ssl=1",1200,675,false],"thumbnail":["https:\/\/i0.wp.com\/ismaelcolosi.com.br\/wp-content\/uploads\/2023\/11\/coral_natal.jpg?resize=150%2C150&ssl=1",150,150,true],"medium":["https:\/\/i0.wp.com\/ismaelcolosi.com.br\/wp-content\/uploads\/2023\/11\/coral_natal.jpg?fit=300%2C169&ssl=1",300,169,true],"medium_large":["https:\/\/i0.wp.com\/ismaelcolosi.com.br\/wp-content\/uploads\/2023\/11\/coral_natal.jpg?fit=768%2C432&ssl=1",768,432,true],"large":["https:\/\/i0.wp.com\/ismaelcolosi.com.br\/wp-content\/uploads\/2023\/11\/coral_natal.jpg?fit=1024%2C576&ssl=1",1024,576,true],"1536x1536":["https:\/\/i0.wp.com\/ismaelcolosi.com.br\/wp-content\/uploads\/2023\/11\/coral_natal.jpg?fit=1200%2C675&ssl=1",1200,675,true],"2048x2048":["https:\/\/i0.wp.com\/ismaelcolosi.com.br\/wp-content\/uploads\/2023\/11\/coral_natal.jpg?fit=1200%2C675&ssl=1",1200,675,true],"really-simple-thumb":["https:\/\/i0.wp.com\/ismaelcolosi.com.br\/wp-content\/uploads\/2023\/11\/coral_natal.jpg?resize=370%2C247&ssl=1",370,247,true]},"uagb_author_info":{"display_name":"ismaelcolosi.com.br","author_link":"https:\/\/ismaelcolosi.com.br\/index.php\/author\/vidareal-online\/"},"uagb_comment_info":0,"uagb_excerpt":"A 26\u00b0 edi\u00e7\u00e3o do Coral dos Meninos Cantores da Cia Minaz, uma das apresenta\u00e7\u00f5es natalinas mais tradicionais de Ribeir\u00e3o Preto, acontece no dia 17 de...","jetpack-related-posts":[{"id":16304,"url":"https:\/\/ismaelcolosi.com.br\/index.php\/2023\/12\/15\/apresentacao-do-coral-dos-meninos-cantores-e-neste-domingo-em-ribeirao\/","url_meta":{"origin":4464,"position":0},"title":"Apresenta\u00e7\u00e3o do Coral dos Meninos Cantores \u00e9 neste domingo em Ribeir\u00e3o","author":"ismaelcolosi.com.br","date":"15 de December de 2023","format":false,"excerpt":"A tradicional apresenta\u00e7\u00e3o do Coral dos Meninos Cantores, da Cia. Minaz, acontece neste domingo (17), em Ribeir\u00e3o Preto. O evento \u00e9 gratuito e o concerto acontece a partir das 20h, nas janelas da Choperia Pinguim, no Centro. Essa \u00e9 a 26\u00aa edi\u00e7\u00e3o da apresenta\u00e7\u00e3o do coral, que \u00e9 dirigido pela\u2026","rel":"","context":"In &quot;Not\u00edcias de Ribeir\u00e3o Preto-SP e Regi\u00e3o&quot;","block_context":{"text":"Not\u00edcias de Ribeir\u00e3o Preto-SP e Regi\u00e3o","link":"https:\/\/ismaelcolosi.com.br\/index.php\/category\/noticias-de-ribeirao-preto-sp-e-regiao-ismael-colosi\/"},"img":{"alt_text":"","src":"https:\/\/i0.wp.com\/ismaelcolosi.com.br\/wp-content\/uploads\/2023\/12\/coral-de-natal.jpg?fit=1068%2C601&ssl=1&resize=350%2C200","width":350,"height":200,"srcset":"https:\/\/i0.wp.com\/ismaelcolosi.com.br\/wp-content\/uploads\/2023\/12\/coral-de-natal.jpg?fit=1068%2C601&ssl=1&resize=350%2C200 1x, https:\/\/i0.wp.com\/ismaelcolosi.com.br\/wp-content\/uploads\/2023\/12\/coral-de-natal.jpg?fit=1068%2C601&ssl=1&resize=525%2C300 1.5x, https:\/\/i0.wp.com\/ismaelcolosi.com.br\/wp-content\/uploads\/2023\/12\/coral-de-natal.jpg?fit=1068%2C601&ssl=1&resize=700%2C400 2x, https:\/\/i0.wp.com\/ismaelcolosi.com.br\/wp-content\/uploads\/2023\/12\/coral-de-natal.jpg?fit=1068%2C601&ssl=1&resize=1050%2C600 3x"},"classes":[]},{"id":8235,"url":"https:\/\/ismaelcolosi.com.br\/index.php\/2023\/11\/29\/tudo-o-que-voce-precisa-saber-sobre-o-natal-no-centro-de-ribeirao-preto\/","url_meta":{"origin":4464,"position":1},"title":"Tudo o que voc\u00ea precisa saber sobre o Natal no Centro de Ribeir\u00e3o Preto\u00a0","author":"ismaelcolosi.com.br","date":"29 de November de 2023","format":false,"excerpt":"O primeiro final de semana do m\u00eas de dezembro marca o in\u00edcio das celebra\u00e7\u00f5es natalinas realizadas no Centro de Ribeir\u00e3o Preto. \u00a0 O acidadeon preparou uma programa\u00e7\u00e3o do que voc\u00ea precisa saber para aproveitar o Natal e os eventos comemorativos no Cal\u00e7ad\u00e3o e regi\u00e3o.\u00a0 HOR\u00c1RIO DE FUNCIONAMENTO\u00a0 A Acirp (Associa\u00e7\u00e3o\u2026","rel":"","context":"In &quot;Not\u00edcias de Ribeir\u00e3o Preto-SP e Regi\u00e3o&quot;","block_context":{"text":"Not\u00edcias de Ribeir\u00e3o Preto-SP e Regi\u00e3o","link":"https:\/\/ismaelcolosi.com.br\/index.php\/category\/noticias-de-ribeirao-preto-sp-e-regiao-ismael-colosi\/"},"img":{"alt_text":"","src":"https:\/\/ismaelcolosi.com.br\/wp-content\/uploads\/2023\/11\/whatsapp_image_2022-12-06_at_09_32_39.jpe","width":350,"height":200,"srcset":"https:\/\/ismaelcolosi.com.br\/wp-content\/uploads\/2023\/11\/whatsapp_image_2022-12-06_at_09_32_39.jpe 1x, https:\/\/ismaelcolosi.com.br\/wp-content\/uploads\/2023\/11\/whatsapp_image_2022-12-06_at_09_32_39.jpe 1.5x, https:\/\/ismaelcolosi.com.br\/wp-content\/uploads\/2023\/11\/whatsapp_image_2022-12-06_at_09_32_39.jpe 2x, https:\/\/ismaelcolosi.com.br\/wp-content\/uploads\/2023\/11\/whatsapp_image_2022-12-06_at_09_32_39.jpe 3x"},"classes":[]},{"id":9386,"url":"https:\/\/ismaelcolosi.com.br\/index.php\/2023\/12\/01\/coral-apresenta-classicos-de-natal-na-catedral-de-ribeirao-preto-veja-quando\/","url_meta":{"origin":4464,"position":2},"title":"Coral apresenta cl\u00e1ssicos de Natal na Catedral de Ribeir\u00e3o Preto; Veja quando","author":"ismaelcolosi.com.br","date":"1 de December de 2023","format":false,"excerpt":"A Catedral Metropolitana de Ribeir\u00e3o Preto recebe, neste s\u00e1bado (2), a abertura dos Concertos de Natal da Cia. Minaz. O evento \u00e9 a partir das 19h30 e tem entrada gratuita. Durante a temporada de concertos, os corais realizam diversas apresenta\u00e7\u00f5es por Ribeir\u00e3o Preto e nas cidades da regi\u00e3o. Uma das\u2026","rel":"","context":"In &quot;Not\u00edcias de Ribeir\u00e3o Preto-SP e Regi\u00e3o&quot;","block_context":{"text":"Not\u00edcias de Ribeir\u00e3o Preto-SP e Regi\u00e3o","link":"https:\/\/ismaelcolosi.com.br\/index.php\/category\/noticias-de-ribeirao-preto-sp-e-regiao-ismael-colosi\/"},"img":{"alt_text":"","src":"https:\/\/i0.wp.com\/ismaelcolosi.com.br\/wp-content\/uploads\/2023\/12\/Natal.png?fit=995%2C653&ssl=1&resize=350%2C200","width":350,"height":200,"srcset":"https:\/\/i0.wp.com\/ismaelcolosi.com.br\/wp-content\/uploads\/2023\/12\/Natal.png?fit=995%2C653&ssl=1&resize=350%2C200 1x, https:\/\/i0.wp.com\/ismaelcolosi.com.br\/wp-content\/uploads\/2023\/12\/Natal.png?fit=995%2C653&ssl=1&resize=525%2C300 1.5x, https:\/\/i0.wp.com\/ismaelcolosi.com.br\/wp-content\/uploads\/2023\/12\/Natal.png?fit=995%2C653&ssl=1&resize=700%2C400 2x"},"classes":[]},{"id":17257,"url":"https:\/\/ismaelcolosi.com.br\/index.php\/2023\/12\/17\/meninos-cantores-voltam-ao-pinguim-3\/","url_meta":{"origin":4464,"position":3},"title":"Meninos Cantores voltam ao Pinguim\u00a0\u00a0","author":"ismaelcolosi.com.br","date":"17 de December de 2023","format":false,"excerpt":"Sob a reg\u00eancia da maestrina Gisele Ganade e dos maestros Marcos Pinafo e Pedro Coelho, acompanhados por quarteto de cordas, pianistas, percussionistas, diversos instrumentistas e locutores convidados, os cantores dos corais infantil, pr\u00e9-juvenil e juvenil da Cia. Minaz se juntam para apresentar o t\u00e3o aguardado \u201cConcerto dos Meninos Cantores nas\u2026","rel":"","context":"In &quot;Not\u00edcias de Ribeir\u00e3o Preto-SP e Regi\u00e3o&quot;","block_context":{"text":"Not\u00edcias de Ribeir\u00e3o Preto-SP e Regi\u00e3o","link":"https:\/\/ismaelcolosi.com.br\/index.php\/category\/noticias-de-ribeirao-preto-sp-e-regiao-ismael-colosi\/"},"img":{"alt_text":"","src":"https:\/\/i0.wp.com\/ismaelcolosi.com.br\/wp-content\/uploads\/2023\/12\/Foto-concerto-%E2%80%93-Claudio-Frateschi-2-scaled.jpeg?fit=968%2C645&ssl=1&resize=350%2C200","width":350,"height":200,"srcset":"https:\/\/i0.wp.com\/ismaelcolosi.com.br\/wp-content\/uploads\/2023\/12\/Foto-concerto-%E2%80%93-Claudio-Frateschi-2-scaled.jpeg?fit=968%2C645&ssl=1&resize=350%2C200 1x, https:\/\/i0.wp.com\/ismaelcolosi.com.br\/wp-content\/uploads\/2023\/12\/Foto-concerto-%E2%80%93-Claudio-Frateschi-2-scaled.jpeg?fit=968%2C645&ssl=1&resize=525%2C300 1.5x, https:\/\/i0.wp.com\/ismaelcolosi.com.br\/wp-content\/uploads\/2023\/12\/Foto-concerto-%E2%80%93-Claudio-Frateschi-2-scaled.jpeg?fit=968%2C645&ssl=1&resize=700%2C400 2x"},"classes":[]},{"id":12038,"url":"https:\/\/ismaelcolosi.com.br\/index.php\/2023\/12\/07\/confira-fotos-do-coral-de-natal-no-centro-de-ribeirao-veja-outras-apresentacoes\/","url_meta":{"origin":4464,"position":4},"title":"Confira fotos do coral de Natal no Centro de Ribeir\u00e3o; Veja outras apresenta\u00e7\u00f5es","author":"ismaelcolosi.com.br","date":"7 de December de 2023","format":false,"excerpt":"O museu Casa da Mem\u00f3ria Italiana, no Centro de Ribeir\u00e3o Preto, realizou, na noite desta quarta-feira (6), a 8\u00aa edi\u00e7\u00e3o do Concerto di Natale. A apresenta\u00e7\u00e3o contou com a presen\u00e7a de centenas de pessoas. Por cerca de uma hora, o p\u00fablico cantou v\u00e1rios cl\u00e1ssicos natalinos em italiano. O museu preserva\u2026","rel":"","context":"In &quot;Not\u00edcias de Ribeir\u00e3o Preto-SP e Regi\u00e3o&quot;","block_context":{"text":"Not\u00edcias de Ribeir\u00e3o Preto-SP e Regi\u00e3o","link":"https:\/\/ismaelcolosi.com.br\/index.php\/category\/noticias-de-ribeirao-preto-sp-e-regiao-ismael-colosi\/"},"img":{"alt_text":"","src":"https:\/\/i0.wp.com\/ismaelcolosi.com.br\/wp-content\/uploads\/2023\/12\/WhatsApp-Image-2023-12-07-at-09.25.57-1.jpeg?fit=1200%2C675&ssl=1&resize=350%2C200","width":350,"height":200,"srcset":"https:\/\/i0.wp.com\/ismaelcolosi.com.br\/wp-content\/uploads\/2023\/12\/WhatsApp-Image-2023-12-07-at-09.25.57-1.jpeg?fit=1200%2C675&ssl=1&resize=350%2C200 1x, https:\/\/i0.wp.com\/ismaelcolosi.com.br\/wp-content\/uploads\/2023\/12\/WhatsApp-Image-2023-12-07-at-09.25.57-1.jpeg?fit=1200%2C675&ssl=1&resize=525%2C300 1.5x, https:\/\/i0.wp.com\/ismaelcolosi.com.br\/wp-content\/uploads\/2023\/12\/WhatsApp-Image-2023-12-07-at-09.25.57-1.jpeg?fit=1200%2C675&ssl=1&resize=700%2C400 2x, https:\/\/i0.wp.com\/ismaelcolosi.com.br\/wp-content\/uploads\/2023\/12\/WhatsApp-Image-2023-12-07-at-09.25.57-1.jpeg?fit=1200%2C675&ssl=1&resize=1050%2C600 3x"},"classes":[]},{"id":16463,"url":"https:\/\/ismaelcolosi.com.br\/index.php\/2023\/12\/15\/em-clima-de-natal-ribeirao-preto-tem-atracoes-para-todos-os-gostos-neste-final-de-semana-confira\/","url_meta":{"origin":4464,"position":5},"title":"Em clima de Natal, Ribeir\u00e3o Preto tem atra\u00e7\u00f5es para todos os gostos neste final de semana; Confira","author":"ismaelcolosi.com.br","date":"15 de December de 2023","format":false,"excerpt":"O fim de semana chegou e Ribeir\u00e3o Preto conta com diversas atra\u00e7\u00f5es para voc\u00ea aproveitar, a partir desta sexta-feira (15). A programa\u00e7\u00e3o de Natal toma conta da cidade, com apresenta\u00e7\u00e3o do Coral dos Meninos Cantores da Cia Minaz e visita do Papai Noel aos bairros. Contudo, op\u00e7\u00f5es como teatro, feira\u2026","rel":"","context":"In &quot;Not\u00edcias de Ribeir\u00e3o Preto-SP e Regi\u00e3o&quot;","block_context":{"text":"Not\u00edcias de Ribeir\u00e3o Preto-SP e Regi\u00e3o","link":"https:\/\/ismaelcolosi.com.br\/index.php\/category\/noticias-de-ribeirao-preto-sp-e-regiao-ismael-colosi\/"},"img":{"alt_text":"","src":"https:\/\/i0.wp.com\/ismaelcolosi.com.br\/wp-content\/uploads\/2023\/12\/Copia-de-Copia-de-TAMANHO-EXATO-PARA-FOTOS-NO-SISTEMA-NOVO-25.png?fit=1200%2C675&ssl=1&resize=350%2C200","width":350,"height":200,"srcset":"https:\/\/i0.wp.com\/ismaelcolosi.com.br\/wp-content\/uploads\/2023\/12\/Copia-de-Copia-de-TAMANHO-EXATO-PARA-FOTOS-NO-SISTEMA-NOVO-25.png?fit=1200%2C675&ssl=1&resize=350%2C200 1x, https:\/\/i0.wp.com\/ismaelcolosi.com.br\/wp-content\/uploads\/2023\/12\/Copia-de-Copia-de-TAMANHO-EXATO-PARA-FOTOS-NO-SISTEMA-NOVO-25.png?fit=1200%2C675&ssl=1&resize=525%2C300 1.5x, https:\/\/i0.wp.com\/ismaelcolosi.com.br\/wp-content\/uploads\/2023\/12\/Copia-de-Copia-de-TAMANHO-EXATO-PARA-FOTOS-NO-SISTEMA-NOVO-25.png?fit=1200%2C675&ssl=1&resize=700%2C400 2x, https:\/\/i0.wp.com\/ismaelcolosi.com.br\/wp-content\/uploads\/2023\/12\/Copia-de-Copia-de-TAMANHO-EXATO-PARA-FOTOS-NO-SISTEMA-NOVO-25.png?fit=1200%2C675&ssl=1&resize=1050%2C600 3x"},"classes":[]}],"jetpack_sharing_enabled":true,"jetpack_shortlink":"https:\/\/wp.me\/pfMlyK-1a0","_links":{"self":[{"href":"https:\/\/ismaelcolosi.com.br\/index.php\/wp-json\/wp\/v2\/posts\/4464","targetHints":{"allow":["GET"]}}],"collection":[{"href":"https:\/\/ismaelcolosi.com.br\/index.php\/wp-json\/wp\/v2\/posts"}],"about":[{"href":"https:\/\/ismaelcolosi.com.br\/index.php\/wp-json\/wp\/v2\/types\/post"}],"author":[{"embeddable":true,"href":"https:\/\/ismaelcolosi.com.br\/index.php\/wp-json\/wp\/v2\/users\/1"}],"replies":[{"embeddable":true,"href":"https:\/\/ismaelcolosi.com.br\/index.php\/wp-json\/wp\/v2\/comments?post=4464"}],"version-history":[{"count":0,"href":"https:\/\/ismaelcolosi.com.br\/index.php\/wp-json\/wp\/v2\/posts\/4464\/revisions"}],"wp:featuredmedia":[{"embeddable":true,"href":"https:\/\/ismaelcolosi.com.br\/index.php\/wp-json\/wp\/v2\/media\/4465"}],"wp:attachment":[{"href":"https:\/\/ismaelcolosi.com.br\/index.php\/wp-json\/wp\/v2\/media?parent=4464"}],"wp:term":[{"taxonomy":"category","embeddable":true,"href":"https:\/\/ismaelcolosi.com.br\/index.php\/wp-json\/wp\/v2\/categories?post=4464"},{"taxonomy":"post_tag","embeddable":true,"href":"https:\/\/ismaelcolosi.com.br\/index.php\/wp-json\/wp\/v2\/tags?post=4464"}],"curies":[{"name":"wp","href":"https:\/\/api.w.org\/{rel}","templated":true}]}}