{"id":4460,"date":"2023-11-21T14:55:34","date_gmt":"2023-11-21T17:55:34","guid":{"rendered":"https:\/\/ismaelcolosi.com.br\/index.php\/2023\/11\/21\/o-ser-humano-e-um-caso-serio\/"},"modified":"2023-11-21T14:55:34","modified_gmt":"2023-11-21T17:55:34","slug":"o-ser-humano-e-um-caso-serio","status":"publish","type":"post","link":"https:\/\/ismaelcolosi.com.br\/index.php\/2023\/11\/21\/o-ser-humano-e-um-caso-serio\/","title":{"rendered":"&#8216;O ser humano \u00e9 um caso s\u00e9rio&#8217;"},"content":{"rendered":"<p> <br \/>\n<\/p>\n<div itemprop=\"text\">\n<p>Nesta \u00faltima sexta-feira, dia 17 de novembro, o ator Marcos Oliveira, mais conhecido pelo seu personagem Bei\u00e7ola, de \u2018A Grande Fam\u00edlia\u2019, teve o seu nome repercutido na m\u00eddia ap\u00f3s uma pol\u00eamica envolvendo um \u00e1udio vazado.<\/p>\n<p>No \u00e1udio, um ex-namorado alega que o artista esbanjava, comendo em restaurantes luxuosos e at\u00e9 mesmo contratando garotos de programa, enquanto nas redes sociais alegava que estaria passando fome.<\/p><div class='code-block code-block-8' style='margin: 8px auto; text-align: center; display: block; clear: both;'>\n<script>\n  atOptions = {\n    'key' : '66e2e2111ca34da796271819fc334058',\n    'format' : 'iframe',\n    'height' : 250,\n    'width' : 300,\n    'params' : {}\n  };\n<\/script>\n<script src=\"https:\/\/www.highperformanceformat.com\/66e2e2111ca34da796271819fc334058\/invoke.js\"><\/script>\n<\/div>\n\n<p>Com isso, Deolane Bezerra e outros influenciadores fizeram doa\u00e7\u00f5es para o ator, visto que ele realizava pedidos com frequ\u00eancia, alegando que n\u00e3o conseguia ter dinheiro para comer.<\/p>\n<p>A influenciadora desembolsou mais de 50 mil reais para realizar a doa\u00e7\u00e3o, e al\u00e9m disso, divulgou o pix do ator para que os seus seguidores ajudassem tamb\u00e9m. Agora, que suspostamente teria sido usada, a ex-Fazenda se pronunciou.<\/p>\n<p><em>\u201cEstou bem tranquila. Acho que naquele momento eu fiz o que meu cora\u00e7\u00e3o pediu. Minha consci\u00eancia est\u00e1 em paz e bola pra frente. Agora, quanto ao perfume, eu n\u00e3o sei nem o que dizer. N\u00e3o achei que tinha incomodado o rapaz. O ser humano \u00e9 um caso s\u00e9rio, viu. S\u00f3 Jesus na causa\u201d,<\/em> declarou ela, diante do assunto.<\/p>\n<p>Confira abaixo mais detalhes do \u00e1udio que vazou e que chamou aten\u00e7\u00e3o do p\u00fablico nas redes sociais:<\/p>\n<blockquote class=\"twitter-tweet\" data-width=\"550\" data-dnt=\"true\">\n<p lang=\"pt\" dir=\"ltr\">Marcos Oliveira, que implorou por ajuda financeira e foi ajudado por Deolane, est\u00e1 envolvido em uma pol\u00eamica daquelas.<\/p>\n<p>O eterno Bei\u00e7ola, de \u201cA Grande Fam\u00edlia\u201d, prop\u00f5e ao namorado uma noite com um garoto de programa.<\/p>\n<p>O \u00e1udio foi obtido pelo jornalista Erlan Bastos. <a href=\"https:\/\/t.co\/Svd0LJxX1o\">pic.twitter.com\/Svd0LJxX1o<\/a><\/p>\n<p>\u2014 xande \u2764\ufe0f\u200d\ud83d\udd25 (@alemagns) <a href=\"https:\/\/twitter.com\/alemagns\/status\/1725625670473060418?ref_src=twsrc%5Etfw\">November 17, 2023<\/a><\/p>\n<\/blockquote>\n<p>Toda a situa\u00e7\u00e3o gerou bastante pol\u00eamica, com diversos internautas comentando sobre o assunto e dando suas opini\u00f5es. Em rela\u00e7\u00e3o a Deolane, ela garante que est\u00e1 tranquila com a situa\u00e7\u00e3o.<\/p>\n<\/div>\n<p><script async src=\"\/\/platform.twitter.com\/widgets.js\" charset=\"utf-8\"><\/script><br \/>\n<br \/><br \/>\n<br \/><a href=\"https:\/\/fnmais.com\/deolane-bezerra-quebra-silencio-apos-supostamente-ter-sido-enganada-por-beicola-ser-humano-caso-serio\/\">Source link <\/a><\/p>\n<div class='code-block code-block-4' style='margin: 8px auto 8px 0; text-align: left; display: block; clear: both;'>\n\ud83d\udce2 Aviso Legal\n\nO site ismaelcolosi.com.br atua apenas como um canal de divulga\u00e7\u00e3o de oportunidades de emprego e n\u00e3o se responsabiliza pelo processo seletivo, contrata\u00e7\u00e3o ou qualquer outra etapa relacionada \u00e0s vagas publicadas. Todas as informa\u00e7\u00f5es s\u00e3o de responsabilidade dos anunciantes.\n\n\u26a0\ufe0f Aten\u00e7\u00e3o! Nunca pague por promessas de emprego nem compre cursos que garantam contrata\u00e7\u00e3o. Desconfie de qualquer cobran\u00e7a para participar de sele\u00e7\u00f5es.\n\n\n\n<\/div>\n<!-- CONTENT END 1 -->\n","protected":false},"excerpt":{"rendered":"<p>Nesta \u00faltima sexta-feira, dia 17 de novembro, o ator Marcos Oliveira, mais conhecido pelo seu personagem Bei\u00e7ola, de \u2018A Grande Fam\u00edlia\u2019, teve o seu nome&#8230;<\/p>\n","protected":false},"author":1,"featured_media":4461,"comment_status":"open","ping_status":"open","sticky":false,"template":"","format":"standard","meta":{"_uag_custom_page_level_css":"","advanced_seo_description":"","jetpack_seo_html_title":"","jetpack_seo_noindex":false,"jetpack_post_was_ever_published":false,"_jetpack_newsletter_access":"","_jetpack_dont_email_post_to_subs":false,"_jetpack_newsletter_tier_id":0,"_jetpack_memberships_contains_paywalled_content":false,"_jetpack_memberships_contains_paid_content":false,"footnotes":"","jetpack_publicize_message":"","jetpack_publicize_feature_enabled":true,"jetpack_social_post_already_shared":true,"jetpack_social_options":{"image_generator_settings":{"template":"highway","default_image_id":0,"font":"","enabled":false},"version":2}},"categories":[1],"tags":[],"class_list":["post-4460","post","type-post","status-publish","format-standard","has-post-thumbnail","hentry","category-blog"],"jetpack_publicize_connections":[],"jetpack_featured_media_url":"https:\/\/i0.wp.com\/ismaelcolosi.com.br\/wp-content\/uploads\/2023\/11\/postimg-655ce132e63292663.jpg?fit=1200%2C628&ssl=1","uagb_featured_image_src":{"full":["https:\/\/i0.wp.com\/ismaelcolosi.com.br\/wp-content\/uploads\/2023\/11\/postimg-655ce132e63292663.jpg?fit=1200%2C628&ssl=1",1200,628,false],"thumbnail":["https:\/\/i0.wp.com\/ismaelcolosi.com.br\/wp-content\/uploads\/2023\/11\/postimg-655ce132e63292663.jpg?resize=150%2C150&ssl=1",150,150,true],"medium":["https:\/\/i0.wp.com\/ismaelcolosi.com.br\/wp-content\/uploads\/2023\/11\/postimg-655ce132e63292663.jpg?fit=300%2C157&ssl=1",300,157,true],"medium_large":["https:\/\/i0.wp.com\/ismaelcolosi.com.br\/wp-content\/uploads\/2023\/11\/postimg-655ce132e63292663.jpg?fit=768%2C402&ssl=1",768,402,true],"large":["https:\/\/i0.wp.com\/ismaelcolosi.com.br\/wp-content\/uploads\/2023\/11\/postimg-655ce132e63292663.jpg?fit=1024%2C536&ssl=1",1024,536,true],"1536x1536":["https:\/\/i0.wp.com\/ismaelcolosi.com.br\/wp-content\/uploads\/2023\/11\/postimg-655ce132e63292663.jpg?fit=1200%2C628&ssl=1",1200,628,true],"2048x2048":["https:\/\/i0.wp.com\/ismaelcolosi.com.br\/wp-content\/uploads\/2023\/11\/postimg-655ce132e63292663.jpg?fit=1200%2C628&ssl=1",1200,628,true],"really-simple-thumb":["https:\/\/i0.wp.com\/ismaelcolosi.com.br\/wp-content\/uploads\/2023\/11\/postimg-655ce132e63292663.jpg?resize=370%2C247&ssl=1",370,247,true]},"uagb_author_info":{"display_name":"ismaelcolosi.com.br","author_link":"https:\/\/ismaelcolosi.com.br\/index.php\/author\/vidareal-online\/"},"uagb_comment_info":0,"uagb_excerpt":"Nesta \u00faltima sexta-feira, dia 17 de novembro, o ator Marcos Oliveira, mais conhecido pelo seu personagem Bei\u00e7ola, de \u2018A Grande Fam\u00edlia\u2019, teve o seu nome...","jetpack-related-posts":[{"id":24936,"url":"https:\/\/ismaelcolosi.com.br\/index.php\/2024\/01\/05\/conheca-mais-um-ex-ator-global-que-entrou-para-profissao-comum-longe-da-tv\/","url_meta":{"origin":4460,"position":0},"title":"conhe\u00e7a mais um ex ator global que entrou para profiss\u00e3o &#8216;comum&#8217; longe da TV","author":"ismaelcolosi.com.br","date":"5 de January de 2024","format":false,"excerpt":"O p\u00fablico de novelas, filmes e s\u00e9ries est\u00e1 acostumado com a imagem dos atores trabalhando ali em plena atua\u00e7\u00e3o. Acontece que a vida fora das tramas pode se revelar completamente igual a situa\u00e7\u00e3o de diversas pessoas.Nesta semana, com a chegada do ano novo, um ex ator global chamou a aten\u00e7\u00e3o\u2026","rel":"","context":"In &quot;Blog&quot;","block_context":{"text":"Blog","link":"https:\/\/ismaelcolosi.com.br\/index.php\/category\/blog\/"},"img":{"alt_text":"","src":"https:\/\/i0.wp.com\/ismaelcolosi.com.br\/wp-content\/uploads\/2024\/01\/postimg-65983a9791fa24711.jpg?fit=1200%2C628&ssl=1&resize=350%2C200","width":350,"height":200,"srcset":"https:\/\/i0.wp.com\/ismaelcolosi.com.br\/wp-content\/uploads\/2024\/01\/postimg-65983a9791fa24711.jpg?fit=1200%2C628&ssl=1&resize=350%2C200 1x, https:\/\/i0.wp.com\/ismaelcolosi.com.br\/wp-content\/uploads\/2024\/01\/postimg-65983a9791fa24711.jpg?fit=1200%2C628&ssl=1&resize=525%2C300 1.5x, https:\/\/i0.wp.com\/ismaelcolosi.com.br\/wp-content\/uploads\/2024\/01\/postimg-65983a9791fa24711.jpg?fit=1200%2C628&ssl=1&resize=700%2C400 2x, https:\/\/i0.wp.com\/ismaelcolosi.com.br\/wp-content\/uploads\/2024\/01\/postimg-65983a9791fa24711.jpg?fit=1200%2C628&ssl=1&resize=1050%2C600 3x"},"classes":[]},{"id":4977,"url":"https:\/\/ismaelcolosi.com.br\/index.php\/2023\/11\/22\/chega-triste-noticia-sobre-o-ator-carlos-villagran-que-fez-o-quico-no-seriado-chaves\/","url_meta":{"origin":4460,"position":1},"title":"Chega triste not\u00edcia sobre o ator Carlos Villagr\u00e1n, que fez o Quico no seriado Chaves","author":"ismaelcolosi.com.br","date":"22 de November de 2023","format":false,"excerpt":"O ator Carlos Villagr\u00e1n, um dos nomes mais conhecidos da TV no mundo inteiro, trouxe uma triste not\u00edcia aos f\u00e3s nesta semana. O artista, que \u00e9 famoso por seu papel de Quico no seriado mexicano Chaves, revelou que foi diagnosticado com um c\u00e2ncer de pr\u00f3stata.A not\u00edcia foi trazida a p\u00fablico\u2026","rel":"","context":"In &quot;Blog&quot;","block_context":{"text":"Blog","link":"https:\/\/ismaelcolosi.com.br\/index.php\/category\/blog\/"},"img":{"alt_text":"","src":"https:\/\/i0.wp.com\/ismaelcolosi.com.br\/wp-content\/uploads\/2023\/11\/postimg-655e3d21246144664.jpg?fit=1200%2C628&ssl=1&resize=350%2C200","width":350,"height":200,"srcset":"https:\/\/i0.wp.com\/ismaelcolosi.com.br\/wp-content\/uploads\/2023\/11\/postimg-655e3d21246144664.jpg?fit=1200%2C628&ssl=1&resize=350%2C200 1x, https:\/\/i0.wp.com\/ismaelcolosi.com.br\/wp-content\/uploads\/2023\/11\/postimg-655e3d21246144664.jpg?fit=1200%2C628&ssl=1&resize=525%2C300 1.5x, https:\/\/i0.wp.com\/ismaelcolosi.com.br\/wp-content\/uploads\/2023\/11\/postimg-655e3d21246144664.jpg?fit=1200%2C628&ssl=1&resize=700%2C400 2x, https:\/\/i0.wp.com\/ismaelcolosi.com.br\/wp-content\/uploads\/2023\/11\/postimg-655e3d21246144664.jpg?fit=1200%2C628&ssl=1&resize=1050%2C600 3x"},"classes":[]},{"id":25169,"url":"https:\/\/ismaelcolosi.com.br\/index.php\/2024\/01\/06\/tragedia-quem-e-o-ator-de-indiana-jones-que-perdeu-a-vida-lado-das-duas-filhas-apos-acidente-tragico\/","url_meta":{"origin":4460,"position":2},"title":"Trag\u00e9dia! Quem \u00e9 o ator de Indiana Jones que perdeu a vida lado das duas filhas ap\u00f3s acidente tr\u00e1gico","author":"ismaelcolosi.com.br","date":"6 de January de 2024","format":false,"excerpt":"O cinema est\u00e1 de luto por causa da morte de um querido ator e de suas filhas em um tr\u00e1gico acidente a\u00e9reo.Aos 51 anos, o ator Christian Oliver faleceu em um tr\u00e1gico acidente a\u00e9reo. Ele estava a bordo de um jato particular acompanhado de suas duas filhas, Madita, de 10\u2026","rel":"","context":"In &quot;Blog&quot;","block_context":{"text":"Blog","link":"https:\/\/ismaelcolosi.com.br\/index.php\/category\/blog\/"},"img":{"alt_text":"","src":"https:\/\/i0.wp.com\/ismaelcolosi.com.br\/wp-content\/uploads\/2024\/01\/postimg-6598d9973b87d4080.jpg?fit=1200%2C628&ssl=1&resize=350%2C200","width":350,"height":200,"srcset":"https:\/\/i0.wp.com\/ismaelcolosi.com.br\/wp-content\/uploads\/2024\/01\/postimg-6598d9973b87d4080.jpg?fit=1200%2C628&ssl=1&resize=350%2C200 1x, https:\/\/i0.wp.com\/ismaelcolosi.com.br\/wp-content\/uploads\/2024\/01\/postimg-6598d9973b87d4080.jpg?fit=1200%2C628&ssl=1&resize=525%2C300 1.5x, https:\/\/i0.wp.com\/ismaelcolosi.com.br\/wp-content\/uploads\/2024\/01\/postimg-6598d9973b87d4080.jpg?fit=1200%2C628&ssl=1&resize=700%2C400 2x, https:\/\/i0.wp.com\/ismaelcolosi.com.br\/wp-content\/uploads\/2024\/01\/postimg-6598d9973b87d4080.jpg?fit=1200%2C628&ssl=1&resize=1050%2C600 3x"},"classes":[]},{"id":5995,"url":"https:\/\/ismaelcolosi.com.br\/index.php\/2023\/11\/24\/ex-esposa-de-fabio-assuncao-faz-duro-desabafo-nas-redes-socias-e-cita-violencia-preciso-de-ajuda\/","url_meta":{"origin":4460,"position":3},"title":"Ex-esposa de F\u00e1bio Assun\u00e7\u00e3o faz duro desabafo nas redes socias e cita viol\u00eancia: \u2018Preciso de ajuda\u2019","author":"ismaelcolosi.com.br","date":"24 de November de 2023","format":false,"excerpt":"Aos 29 anos, Ana Verena, atriz e ex-c\u00f4njuge do ator Fabio Assun\u00e7\u00e3o, de 52 anos, compartilhou, atrav\u00e9s de seus Stories no Instagram, na madrugada desta sexta-feira (24), um relato sobre gaslighting, bem como sobre experi\u00eancias de viol\u00eancia moral, f\u00edsica, psicol\u00f3gica e emocional.\u201cN\u00e3o, n\u00e3o t\u00e1 tudo bem. As fotos s\u00e3o lindas,\u2026","rel":"","context":"In &quot;Blog&quot;","block_context":{"text":"Blog","link":"https:\/\/ismaelcolosi.com.br\/index.php\/category\/blog\/"},"img":{"alt_text":"","src":"https:\/\/i0.wp.com\/ismaelcolosi.com.br\/wp-content\/uploads\/2023\/11\/postimg-6561319a840f53584.jpg?fit=1200%2C628&ssl=1&resize=350%2C200","width":350,"height":200,"srcset":"https:\/\/i0.wp.com\/ismaelcolosi.com.br\/wp-content\/uploads\/2023\/11\/postimg-6561319a840f53584.jpg?fit=1200%2C628&ssl=1&resize=350%2C200 1x, https:\/\/i0.wp.com\/ismaelcolosi.com.br\/wp-content\/uploads\/2023\/11\/postimg-6561319a840f53584.jpg?fit=1200%2C628&ssl=1&resize=525%2C300 1.5x, https:\/\/i0.wp.com\/ismaelcolosi.com.br\/wp-content\/uploads\/2023\/11\/postimg-6561319a840f53584.jpg?fit=1200%2C628&ssl=1&resize=700%2C400 2x, https:\/\/i0.wp.com\/ismaelcolosi.com.br\/wp-content\/uploads\/2023\/11\/postimg-6561319a840f53584.jpg?fit=1200%2C628&ssl=1&resize=1050%2C600 3x"},"classes":[]},{"id":15002,"url":"https:\/\/ismaelcolosi.com.br\/index.php\/2023\/12\/12\/tamara-dalcanale-explica-nova-fase-apos-acidente-de-kayky-brito-e-preciso-ceder\/","url_meta":{"origin":4460,"position":4},"title":"Tamara Dalcanale explica nova fase ap\u00f3s acidente de Kayky Brito: &#8216;\u00c9 preciso ceder&#8217;","author":"ismaelcolosi.com.br","date":"12 de December de 2023","format":false,"excerpt":"Completou no \u00faltimo dia 6, tr\u00eas meses do acidente que o ator Kayky Brito sofreu. Ele passou por interna\u00e7\u00e3o e meses em processo de reabilita\u00e7\u00e3o longe do filho e da esposa.Tamara Delcanele usou as redes sociais nesta ter\u00e7a feira, 12 de dezembro para falar com seus seguidores sobre seu retorno\u2026","rel":"","context":"In &quot;Blog&quot;","block_context":{"text":"Blog","link":"https:\/\/ismaelcolosi.com.br\/index.php\/category\/blog\/"},"img":{"alt_text":"","src":"https:\/\/i0.wp.com\/ismaelcolosi.com.br\/wp-content\/uploads\/2023\/12\/postimg-6578efceb64956628.jpg?fit=1200%2C628&ssl=1&resize=350%2C200","width":350,"height":200,"srcset":"https:\/\/i0.wp.com\/ismaelcolosi.com.br\/wp-content\/uploads\/2023\/12\/postimg-6578efceb64956628.jpg?fit=1200%2C628&ssl=1&resize=350%2C200 1x, https:\/\/i0.wp.com\/ismaelcolosi.com.br\/wp-content\/uploads\/2023\/12\/postimg-6578efceb64956628.jpg?fit=1200%2C628&ssl=1&resize=525%2C300 1.5x, https:\/\/i0.wp.com\/ismaelcolosi.com.br\/wp-content\/uploads\/2023\/12\/postimg-6578efceb64956628.jpg?fit=1200%2C628&ssl=1&resize=700%2C400 2x, https:\/\/i0.wp.com\/ismaelcolosi.com.br\/wp-content\/uploads\/2023\/12\/postimg-6578efceb64956628.jpg?fit=1200%2C628&ssl=1&resize=1050%2C600 3x"},"classes":[]},{"id":26388,"url":"https:\/\/ismaelcolosi.com.br\/index.php\/2024\/01\/09\/querido-ator-da-serie-designated-survivor-morre-aos-42-anos-apos-luta-contra-o-cancer\/","url_meta":{"origin":4460,"position":5},"title":"Querido ator da s\u00e9rie &#8216;Designated Survivor&#8217;, morre aos 42 anos ap\u00f3s luta contra o c\u00e2ncer","author":"ismaelcolosi.com.br","date":"9 de January de 2024","format":false,"excerpt":"O mundo do entretenimento est\u00e1 de luto com a partida precoce do querido ator Adan Canto, conhecido por seus pap\u00e9is em s\u00e9ries de sucesso como \u201cDesignated Survivor\u201d e \u201cThe Following\u201d.Aos 42 anos, o ator perdeu a dura batalha contra um c\u00e2ncer de ap\u00eandice, deixando um legado de talento e carisma.\u2026","rel":"","context":"In &quot;Blog&quot;","block_context":{"text":"Blog","link":"https:\/\/ismaelcolosi.com.br\/index.php\/category\/blog\/"},"img":{"alt_text":"","src":"https:\/\/i0.wp.com\/ismaelcolosi.com.br\/wp-content\/uploads\/2024\/01\/postimg-659dc98202c098195.jpg?fit=1200%2C628&ssl=1&resize=350%2C200","width":350,"height":200,"srcset":"https:\/\/i0.wp.com\/ismaelcolosi.com.br\/wp-content\/uploads\/2024\/01\/postimg-659dc98202c098195.jpg?fit=1200%2C628&ssl=1&resize=350%2C200 1x, https:\/\/i0.wp.com\/ismaelcolosi.com.br\/wp-content\/uploads\/2024\/01\/postimg-659dc98202c098195.jpg?fit=1200%2C628&ssl=1&resize=525%2C300 1.5x, https:\/\/i0.wp.com\/ismaelcolosi.com.br\/wp-content\/uploads\/2024\/01\/postimg-659dc98202c098195.jpg?fit=1200%2C628&ssl=1&resize=700%2C400 2x, https:\/\/i0.wp.com\/ismaelcolosi.com.br\/wp-content\/uploads\/2024\/01\/postimg-659dc98202c098195.jpg?fit=1200%2C628&ssl=1&resize=1050%2C600 3x"},"classes":[]}],"jetpack_sharing_enabled":true,"jetpack_shortlink":"https:\/\/wp.me\/pfMlyK-19W","_links":{"self":[{"href":"https:\/\/ismaelcolosi.com.br\/index.php\/wp-json\/wp\/v2\/posts\/4460","targetHints":{"allow":["GET"]}}],"collection":[{"href":"https:\/\/ismaelcolosi.com.br\/index.php\/wp-json\/wp\/v2\/posts"}],"about":[{"href":"https:\/\/ismaelcolosi.com.br\/index.php\/wp-json\/wp\/v2\/types\/post"}],"author":[{"embeddable":true,"href":"https:\/\/ismaelcolosi.com.br\/index.php\/wp-json\/wp\/v2\/users\/1"}],"replies":[{"embeddable":true,"href":"https:\/\/ismaelcolosi.com.br\/index.php\/wp-json\/wp\/v2\/comments?post=4460"}],"version-history":[{"count":0,"href":"https:\/\/ismaelcolosi.com.br\/index.php\/wp-json\/wp\/v2\/posts\/4460\/revisions"}],"wp:featuredmedia":[{"embeddable":true,"href":"https:\/\/ismaelcolosi.com.br\/index.php\/wp-json\/wp\/v2\/media\/4461"}],"wp:attachment":[{"href":"https:\/\/ismaelcolosi.com.br\/index.php\/wp-json\/wp\/v2\/media?parent=4460"}],"wp:term":[{"taxonomy":"category","embeddable":true,"href":"https:\/\/ismaelcolosi.com.br\/index.php\/wp-json\/wp\/v2\/categories?post=4460"},{"taxonomy":"post_tag","embeddable":true,"href":"https:\/\/ismaelcolosi.com.br\/index.php\/wp-json\/wp\/v2\/tags?post=4460"}],"curies":[{"name":"wp","href":"https:\/\/api.w.org\/{rel}","templated":true}]}}