{"id":44553,"date":"2024-03-28T13:22:19","date_gmt":"2024-03-28T16:22:19","guid":{"rendered":"https:\/\/ismaelcolosi.com.br\/index.php\/2024\/03\/28\/apos-disputa-na-justica-ribeirao-contrata-consorcio-para-coleta-de-lixo-por-r-79-milhoes\/"},"modified":"2024-03-28T13:22:19","modified_gmt":"2024-03-28T16:22:19","slug":"apos-disputa-na-justica-ribeirao-contrata-consorcio-para-coleta-de-lixo-por-r-79-milhoes","status":"publish","type":"post","link":"https:\/\/ismaelcolosi.com.br\/index.php\/2024\/03\/28\/apos-disputa-na-justica-ribeirao-contrata-consorcio-para-coleta-de-lixo-por-r-79-milhoes\/","title":{"rendered":"Ap\u00f3s disputa na Justi\u00e7a, Ribeir\u00e3o contrata cons\u00f3rcio para coleta de lixo por R$ 79 milh\u00f5es"},"content":{"rendered":"<p> <br \/>\n<\/p>\n<div>\n<p>Ap\u00f3s disputa na Justi\u00e7a,<strong> Ribeir\u00e3o Preto<\/strong> concluiu licita\u00e7\u00e3o para contrata\u00e7\u00e3o do cons\u00f3rcio que ser\u00e1 respons\u00e1vel pela <strong>coleta do lixo em Ribeir\u00e3o Preto<\/strong>. <mark style=\"background-color:#fcb900\" class=\"has-inline-color has-black-color\">O valor pago pelo munic\u00edpio para presta\u00e7\u00e3o do servi\u00e7o ser\u00e1 de R$ 79.998.863,04.<\/mark><\/p>\n<p>O cons\u00f3rcio vencedor \u00e9 formado pelas empresas <strong>SA Gest\u00e3o de Servi\u00e7os Especializados LTDA<\/strong>, de Aracruz-ES,<strong> Fortnort Desenvolvimento Ambiental e Urbano LTDA<\/strong>, de Santos, e <strong>Urban Servi\u00e7os e Transportes<\/strong>, de Charqueadas-RS.<\/p><div class='code-block code-block-8' style='margin: 8px auto; text-align: center; display: block; clear: both;'>\n<script>\n  atOptions = {\n    'key' : '66e2e2111ca34da796271819fc334058',\n    'format' : 'iframe',\n    'height' : 250,\n    'width' : 300,\n    'params' : {}\n  };\n<\/script>\n<script src=\"https:\/\/www.highperformanceformat.com\/66e2e2111ca34da796271819fc334058\/invoke.js\"><\/script>\n<\/div>\n\n<h3 class=\"wp-block-heading\"><strong>Sem prazo<\/strong><\/h3>\n<p>Os editais de adjudica\u00e7\u00e3o (quando o Poder P\u00fablico transfere o objeto da licita\u00e7\u00e3o para o vencedor) e de homologa\u00e7\u00e3o foram publicados na \u00faltima ter\u00e7a-feira (26). E ainda, \u00e9 necess\u00e1ria a assinatura do contrato.<\/p>\n<p>Em nota, a prefeitura informou que ap\u00f3s a homologa\u00e7\u00e3o, o processo licitat\u00f3rio passa por outras etapas. Por esse motivo, ainda n\u00e3o existe previs\u00e3o de in\u00edcio dos servi\u00e7os pelo cons\u00f3rcio vencedor.<\/p>\n<h4 class=\"wp-block-heading\"><strong>Anula\u00e7\u00e3o<\/strong><\/h4>\n<p>Em outubro do ano passado a licita\u00e7\u00e3o milion\u00e1ria para coleta do lixo de Ribeir\u00e3o Preto foi parcialmente anulada pela Justi\u00e7a, ap\u00f3s a vit\u00f3ria da empresa Liberty Constru\u00e7\u00f5es e Servi\u00e7os Ltda, de Fortaleza-CE, pelo valor de R$ 79.899.773,04.<\/p>\n<p>Contudo, a licita\u00e7\u00e3o para realiza\u00e7\u00e3o da varri\u00e7\u00e3o p\u00fablica, vencida pela empresa <strong>Suma Brasil \u2013 Servi\u00e7os Urbanos e Meio Ambiente S.A.<\/strong>, de Belo Horizonte-MG, pelo valor de R$ 20.484.540,36, foi mantida.<\/p>\n<p>SAIBA MAIS<br \/>SP abre concurso p\u00fablico para Pol\u00edcia Militar com 2,7 mil vagas<\/p>\n<h4 class=\"wp-block-heading\"><strong>FIQUE ON<\/strong><\/h4>\n<p>Fique ligado em tudo que acontece em Ribeir\u00e3o Preto e regi\u00e3o. Siga os perfis do<strong> acidade on<\/strong> no<a href=\"https:\/\/www.instagram.com\/acidadeonribeirao\" target=\"_blank\" rel=\"noreferrer noopener nofollow\"> Instagram<\/a> e no <a href=\"https:\/\/www.facebook.com\/acidadeonribeirao\" target=\"_blank\" rel=\"noreferrer noopener nofollow\">Facebook<\/a>.<\/p>\n<p>Receba not\u00edcias do<strong> acidade on <\/strong>no WhatsApp. <a href=\"https:\/\/chat.whatsapp.com\/GFH9HUMUTHNFJdnyEd0xxq\" target=\"_blank\" rel=\"noreferrer noopener nofollow\">Para entrar no grupo, basta clicar aqui.<\/a><\/p>\n<p>Fa\u00e7a uma den\u00fancia ou sugira uma reportagem sobre Ribeir\u00e3o Preto e regi\u00e3o pelo WhatsApp: 16 99117 7802.<\/p>\n<p>VEJA TAMB\u00c9M<br \/>Como vai ser a din\u00e2mica da semana no BBB 24?<\/p>\n<p><!-- AI CONTENT END 1 -->\n<\/div>\n<p><script async src=\"\/\/www.instagram.com\/embed.js\"><\/script><br \/>\n<br \/><br \/>\n<br \/><a href=\"https:\/\/www.acidadeon.com\/ribeiraopreto\/politica\/apos-disputa-na-justica-ribeirao-contrata-consorcio-para-coleta-de-lixo-por-r-79-milhoes\/\">Source link <\/a><\/p>\n<div class='code-block code-block-4' style='margin: 8px auto 8px 0; text-align: left; display: block; clear: both;'>\n\ud83d\udce2 Aviso Legal\n\nO site ismaelcolosi.com.br atua apenas como um canal de divulga\u00e7\u00e3o de oportunidades de emprego e n\u00e3o se responsabiliza pelo processo seletivo, contrata\u00e7\u00e3o ou qualquer outra etapa relacionada \u00e0s vagas publicadas. Todas as informa\u00e7\u00f5es s\u00e3o de responsabilidade dos anunciantes.\n\n\u26a0\ufe0f Aten\u00e7\u00e3o! Nunca pague por promessas de emprego nem compre cursos que garantam contrata\u00e7\u00e3o. Desconfie de qualquer cobran\u00e7a para participar de sele\u00e7\u00f5es.\n\n\n\n<\/div>\n<!-- CONTENT END 1 -->\n","protected":false},"excerpt":{"rendered":"<p>Ap\u00f3s disputa na Justi\u00e7a, Ribeir\u00e3o Preto concluiu licita\u00e7\u00e3o para contrata\u00e7\u00e3o do cons\u00f3rcio que ser\u00e1 respons\u00e1vel pela coleta do lixo em Ribeir\u00e3o Preto. O valor pago&#8230;<\/p>\n","protected":false},"author":1,"featured_media":44554,"comment_status":"open","ping_status":"open","sticky":false,"template":"","format":"standard","meta":{"_uag_custom_page_level_css":"","advanced_seo_description":"","jetpack_seo_html_title":"","jetpack_seo_noindex":false,"jetpack_post_was_ever_published":false,"_jetpack_newsletter_access":"","_jetpack_dont_email_post_to_subs":false,"_jetpack_newsletter_tier_id":0,"_jetpack_memberships_contains_paywalled_content":false,"_jetpack_memberships_contains_paid_content":false,"footnotes":"","jetpack_publicize_message":"","jetpack_publicize_feature_enabled":true,"jetpack_social_post_already_shared":true,"jetpack_social_options":{"image_generator_settings":{"template":"highway","default_image_id":0,"font":"","enabled":false},"version":2}},"categories":[11],"tags":[],"class_list":["post-44553","post","type-post","status-publish","format-standard","has-post-thumbnail","hentry","category-noticias-de-ribeirao-preto-sp-e-regiao-ismael-colosi"],"jetpack_publicize_connections":[],"jetpack_featured_media_url":"https:\/\/i0.wp.com\/ismaelcolosi.com.br\/wp-content\/uploads\/2024\/03\/AnyConv.com__coleta-lixo.webp.webp?fit=1500%2C1001&ssl=1","uagb_featured_image_src":{"full":["https:\/\/i0.wp.com\/ismaelcolosi.com.br\/wp-content\/uploads\/2024\/03\/AnyConv.com__coleta-lixo.webp.webp?fit=1500%2C1001&ssl=1",1500,1001,false],"thumbnail":["https:\/\/i0.wp.com\/ismaelcolosi.com.br\/wp-content\/uploads\/2024\/03\/AnyConv.com__coleta-lixo.webp.webp?resize=150%2C150&ssl=1",150,150,true],"medium":["https:\/\/i0.wp.com\/ismaelcolosi.com.br\/wp-content\/uploads\/2024\/03\/AnyConv.com__coleta-lixo.webp.webp?fit=300%2C200&ssl=1",300,200,true],"medium_large":["https:\/\/i0.wp.com\/ismaelcolosi.com.br\/wp-content\/uploads\/2024\/03\/AnyConv.com__coleta-lixo.webp.webp?fit=768%2C513&ssl=1",768,513,true],"large":["https:\/\/i0.wp.com\/ismaelcolosi.com.br\/wp-content\/uploads\/2024\/03\/AnyConv.com__coleta-lixo.webp.webp?fit=1024%2C683&ssl=1",1024,683,true],"1536x1536":["https:\/\/i0.wp.com\/ismaelcolosi.com.br\/wp-content\/uploads\/2024\/03\/AnyConv.com__coleta-lixo.webp.webp?fit=1500%2C1001&ssl=1",1500,1001,true],"2048x2048":["https:\/\/i0.wp.com\/ismaelcolosi.com.br\/wp-content\/uploads\/2024\/03\/AnyConv.com__coleta-lixo.webp.webp?fit=1500%2C1001&ssl=1",1500,1001,true],"really-simple-thumb":["https:\/\/i0.wp.com\/ismaelcolosi.com.br\/wp-content\/uploads\/2024\/03\/AnyConv.com__coleta-lixo.webp.webp?resize=370%2C247&ssl=1",370,247,true]},"uagb_author_info":{"display_name":"ismaelcolosi.com.br","author_link":"https:\/\/ismaelcolosi.com.br\/index.php\/author\/vidareal-online\/"},"uagb_comment_info":0,"uagb_excerpt":"Ap\u00f3s disputa na Justi\u00e7a, Ribeir\u00e3o Preto concluiu licita\u00e7\u00e3o para contrata\u00e7\u00e3o do cons\u00f3rcio que ser\u00e1 respons\u00e1vel pela coleta do lixo em Ribeir\u00e3o Preto. O valor pago...","jetpack-related-posts":[{"id":44628,"url":"https:\/\/ismaelcolosi.com.br\/index.php\/2024\/03\/28\/definida-empresa-da-coleta-de-lixo-em-rp\/","url_meta":{"origin":44553,"position":0},"title":"Definida empresa da coleta de lixo em RP","author":"ismaelcolosi.com.br","date":"28 de March de 2024","format":false,"excerpt":"A prefeitura de Ribeir\u00e3o Preto conseguiu derrubar a liminar concedida a Ecco Liberty Solu\u00e7\u00f5es Ambientais Ltda. pelo juiz Gustavo M\u00fcller Lorenzato, da 1\u00aa Vara da Fazenda P\u00fablica, e concluiu o preg\u00e3o eletr\u00f4nico para contrata\u00e7\u00e3o de empresa respons\u00e1vel pela coleta, gerenciamento e destina\u00e7\u00e3o de res\u00edduos s\u00f3lidos na cidade. A Ecco Liberty\u2026","rel":"","context":"In &quot;Not\u00edcias de Ribeir\u00e3o Preto-SP e Regi\u00e3o&quot;","block_context":{"text":"Not\u00edcias de Ribeir\u00e3o Preto-SP e Regi\u00e3o","link":"https:\/\/ismaelcolosi.com.br\/index.php\/category\/noticias-de-ribeirao-preto-sp-e-regiao-ismael-colosi\/"},"img":{"alt_text":"","src":"https:\/\/i0.wp.com\/ismaelcolosi.com.br\/wp-content\/uploads\/2024\/03\/coleta-de-lixo-Rodrigo-Nagafuti-2.jpg?fit=750%2C500&ssl=1&resize=350%2C200","width":350,"height":200,"srcset":"https:\/\/i0.wp.com\/ismaelcolosi.com.br\/wp-content\/uploads\/2024\/03\/coleta-de-lixo-Rodrigo-Nagafuti-2.jpg?fit=750%2C500&ssl=1&resize=350%2C200 1x, https:\/\/i0.wp.com\/ismaelcolosi.com.br\/wp-content\/uploads\/2024\/03\/coleta-de-lixo-Rodrigo-Nagafuti-2.jpg?fit=750%2C500&ssl=1&resize=525%2C300 1.5x, https:\/\/i0.wp.com\/ismaelcolosi.com.br\/wp-content\/uploads\/2024\/03\/coleta-de-lixo-Rodrigo-Nagafuti-2.jpg?fit=750%2C500&ssl=1&resize=700%2C400 2x"},"classes":[]},{"id":33016,"url":"https:\/\/ismaelcolosi.com.br\/index.php\/2024\/01\/27\/liminar-suspende-julgamento-de-licitacao-para-coleta-de-lixo-em-rp\/","url_meta":{"origin":44553,"position":1},"title":"Liminar suspende julgamento de licita\u00e7\u00e3o para coleta de lixo em RP","author":"ismaelcolosi.com.br","date":"27 de January de 2024","format":false,"excerpt":"Liminar concedida a Ecco Liberty Solu\u00e7\u00f5es Ambientais Ltda. pelo juiz Gustavo M\u00fcller Lorenzato, da 1\u00aa Vara da Fazenda P\u00fablica, suspendeu o preg\u00e3o eletr\u00f4nico lan\u00e7ado pela prefeitura de Ribeir\u00e3o Preto para contrata\u00e7\u00e3o de empresa respons\u00e1vel pela coleta, gerenciamento e destina\u00e7\u00e3o de res\u00edduos s\u00f3lidos na cidade.A Ecco Liberty entrou com mandado de\u2026","rel":"","context":"In &quot;Not\u00edcias de Ribeir\u00e3o Preto-SP e Regi\u00e3o&quot;","block_context":{"text":"Not\u00edcias de Ribeir\u00e3o Preto-SP e Regi\u00e3o","link":"https:\/\/ismaelcolosi.com.br\/index.php\/category\/noticias-de-ribeirao-preto-sp-e-regiao-ismael-colosi\/"},"img":{"alt_text":"","src":"https:\/\/i0.wp.com\/ismaelcolosi.com.br\/wp-content\/uploads\/2024\/01\/LixoRP-Max-Gallao-Mesquita-scaled.jpg?fit=1000%2C517&ssl=1&resize=350%2C200","width":350,"height":200,"srcset":"https:\/\/i0.wp.com\/ismaelcolosi.com.br\/wp-content\/uploads\/2024\/01\/LixoRP-Max-Gallao-Mesquita-scaled.jpg?fit=1000%2C517&ssl=1&resize=350%2C200 1x, https:\/\/i0.wp.com\/ismaelcolosi.com.br\/wp-content\/uploads\/2024\/01\/LixoRP-Max-Gallao-Mesquita-scaled.jpg?fit=1000%2C517&ssl=1&resize=525%2C300 1.5x, https:\/\/i0.wp.com\/ismaelcolosi.com.br\/wp-content\/uploads\/2024\/01\/LixoRP-Max-Gallao-Mesquita-scaled.jpg?fit=1000%2C517&ssl=1&resize=700%2C400 2x"},"classes":[]},{"id":66803,"url":"https:\/\/ismaelcolosi.com.br\/index.php\/2024\/09\/19\/projeto-sobre-a-utilizacao-da-agua-do-rio-pardo-em-ribeirao-preto-custara-r-25-milhoes\/","url_meta":{"origin":44553,"position":2},"title":"Projeto sobre a utiliza\u00e7\u00e3o da \u00e1gua do rio Pardo em Ribeir\u00e3o Preto custar\u00e1 R$ 2,5 milh\u00f5es","author":"ismaelcolosi.com.br","date":"19 de September de 2024","format":false,"excerpt":"A Prefeitura de Ribeir\u00e3o Preto homologou o cons\u00f3rcio vencedor da licita\u00e7\u00e3o para realiza\u00e7\u00e3o do projeto b\u00e1sico e dos estudos preliminares, econ\u00f4mico\/financeiro e ambientais para utiliza\u00e7\u00e3o da \u00e1gua do rio Pardo pela Saerp (Secretaria de \u00c1gua e Esgoto de Ribeir\u00e3o Preto). A homologa\u00e7\u00e3o da licita\u00e7\u00e3o foi publicada no Di\u00e1rio Oficial do\u2026","rel":"","context":"In &quot;Not\u00edcias de Ribeir\u00e3o Preto-SP e Regi\u00e3o&quot;","block_context":{"text":"Not\u00edcias de Ribeir\u00e3o Preto-SP e Regi\u00e3o","link":"https:\/\/ismaelcolosi.com.br\/index.php\/category\/noticias-de-ribeirao-preto-sp-e-regiao-ismael-colosi\/"},"img":{"alt_text":"","src":"https:\/\/i0.wp.com\/ismaelcolosi.com.br\/wp-content\/uploads\/2024\/09\/RIO-PARDO.jpg?fit=1200%2C685&ssl=1&resize=350%2C200","width":350,"height":200,"srcset":"https:\/\/i0.wp.com\/ismaelcolosi.com.br\/wp-content\/uploads\/2024\/09\/RIO-PARDO.jpg?fit=1200%2C685&ssl=1&resize=350%2C200 1x, https:\/\/i0.wp.com\/ismaelcolosi.com.br\/wp-content\/uploads\/2024\/09\/RIO-PARDO.jpg?fit=1200%2C685&ssl=1&resize=525%2C300 1.5x, https:\/\/i0.wp.com\/ismaelcolosi.com.br\/wp-content\/uploads\/2024\/09\/RIO-PARDO.jpg?fit=1200%2C685&ssl=1&resize=700%2C400 2x, https:\/\/i0.wp.com\/ismaelcolosi.com.br\/wp-content\/uploads\/2024\/09\/RIO-PARDO.jpg?fit=1200%2C685&ssl=1&resize=1050%2C600 3x"},"classes":[]},{"id":62702,"url":"https:\/\/ismaelcolosi.com.br\/index.php\/2024\/08\/28\/o-que-se-sabe-sobre-uso-da-agua-do-rio-pardo-para-abastecimento-de-ribeirao\/","url_meta":{"origin":44553,"position":3},"title":"O que se sabe sobre uso da \u00e1gua do rio Pardo para abastecimento de Ribeir\u00e3o","author":"ismaelcolosi.com.br","date":"28 de August de 2024","format":false,"excerpt":"A Prefeitura de Ribeir\u00e3o Preto publicou no Di\u00e1rio Oficial do Munic\u00edpio desta quarta-feira (28), a licita\u00e7\u00e3o que aponta o cons\u00f3rcio vencedor do estudo para utiliza\u00e7\u00e3o das \u00e1guas do rio Pardo no abastecimento do munic\u00edpio. A Administra\u00e7\u00e3o Municipal assinou com a Caixa Econ\u00f4mica Federal um contrato de financiamento de R$ 3\u2026","rel":"","context":"In &quot;Not\u00edcias de Ribeir\u00e3o Preto-SP e Regi\u00e3o&quot;","block_context":{"text":"Not\u00edcias de Ribeir\u00e3o Preto-SP e Regi\u00e3o","link":"https:\/\/ismaelcolosi.com.br\/index.php\/category\/noticias-de-ribeirao-preto-sp-e-regiao-ismael-colosi\/"},"img":{"alt_text":"","src":"https:\/\/i0.wp.com\/ismaelcolosi.com.br\/wp-content\/uploads\/2024\/08\/RIO-PARDO.jpg?fit=1200%2C685&ssl=1&resize=350%2C200","width":350,"height":200,"srcset":"https:\/\/i0.wp.com\/ismaelcolosi.com.br\/wp-content\/uploads\/2024\/08\/RIO-PARDO.jpg?fit=1200%2C685&ssl=1&resize=350%2C200 1x, https:\/\/i0.wp.com\/ismaelcolosi.com.br\/wp-content\/uploads\/2024\/08\/RIO-PARDO.jpg?fit=1200%2C685&ssl=1&resize=525%2C300 1.5x, https:\/\/i0.wp.com\/ismaelcolosi.com.br\/wp-content\/uploads\/2024\/08\/RIO-PARDO.jpg?fit=1200%2C685&ssl=1&resize=700%2C400 2x, https:\/\/i0.wp.com\/ismaelcolosi.com.br\/wp-content\/uploads\/2024\/08\/RIO-PARDO.jpg?fit=1200%2C685&ssl=1&resize=1050%2C600 3x"},"classes":[]},{"id":62707,"url":"https:\/\/ismaelcolosi.com.br\/index.php\/2024\/08\/28\/o-que-se-sabe-sobre-uso-da-agua-do-rio-pardo-para-abastecimento-de-ribeirao-2\/","url_meta":{"origin":44553,"position":4},"title":"O que se sabe sobre uso da \u00e1gua do rio Pardo para abastecimento de Ribeir\u00e3o","author":"ismaelcolosi.com.br","date":"28 de August de 2024","format":false,"excerpt":"A Prefeitura de Ribeir\u00e3o Preto publicou no Di\u00e1rio Oficial do Munic\u00edpio desta quarta-feira (28), a licita\u00e7\u00e3o que aponta o cons\u00f3rcio vencedor do estudo para utiliza\u00e7\u00e3o das \u00e1guas do rio Pardo no abastecimento do munic\u00edpio. A Administra\u00e7\u00e3o Municipal assinou com a Caixa Econ\u00f4mica Federal um contrato de financiamento de R$ 3\u2026","rel":"","context":"In &quot;Not\u00edcias de Ribeir\u00e3o Preto-SP e Regi\u00e3o&quot;","block_context":{"text":"Not\u00edcias de Ribeir\u00e3o Preto-SP e Regi\u00e3o","link":"https:\/\/ismaelcolosi.com.br\/index.php\/category\/noticias-de-ribeirao-preto-sp-e-regiao-ismael-colosi\/"},"img":{"alt_text":"","src":"https:\/\/i0.wp.com\/ismaelcolosi.com.br\/wp-content\/uploads\/2024\/08\/1724886932_RIO-PARDO.jpg?fit=1200%2C685&ssl=1&resize=350%2C200","width":350,"height":200,"srcset":"https:\/\/i0.wp.com\/ismaelcolosi.com.br\/wp-content\/uploads\/2024\/08\/1724886932_RIO-PARDO.jpg?fit=1200%2C685&ssl=1&resize=350%2C200 1x, https:\/\/i0.wp.com\/ismaelcolosi.com.br\/wp-content\/uploads\/2024\/08\/1724886932_RIO-PARDO.jpg?fit=1200%2C685&ssl=1&resize=525%2C300 1.5x, https:\/\/i0.wp.com\/ismaelcolosi.com.br\/wp-content\/uploads\/2024\/08\/1724886932_RIO-PARDO.jpg?fit=1200%2C685&ssl=1&resize=700%2C400 2x, https:\/\/i0.wp.com\/ismaelcolosi.com.br\/wp-content\/uploads\/2024\/08\/1724886932_RIO-PARDO.jpg?fit=1200%2C685&ssl=1&resize=1050%2C600 3x"},"classes":[]},{"id":44559,"url":"https:\/\/ismaelcolosi.com.br\/index.php\/2024\/03\/28\/entenda-o-buzinaco-em-avenidas-de-ribeirao-preto\/","url_meta":{"origin":44553,"position":5},"title":"Entenda o &#8216;buzina\u00e7o&#8217; em avenidas de Ribeir\u00e3o Preto","author":"ismaelcolosi.com.br","date":"28 de March de 2024","format":false,"excerpt":"A manh\u00e3 desta quinta-feira (29) foi diferente para quem estava trabalhando ou no tr\u00e2nsito das avenidas Francisco Junqueira e Maur\u00edlio Biagi, sentido Anel Vi\u00e1rio Sul em Ribeir\u00e3o Preto. O buzina\u00e7o e todo esquema montado por agentes de tr\u00e2nsito foi por conta da chegada das 800 toneladas de equipamentos da estrutura\u2026","rel":"","context":"In &quot;Not\u00edcias de Ribeir\u00e3o Preto-SP e Regi\u00e3o&quot;","block_context":{"text":"Not\u00edcias de Ribeir\u00e3o Preto-SP e Regi\u00e3o","link":"https:\/\/ismaelcolosi.com.br\/index.php\/category\/noticias-de-ribeirao-preto-sp-e-regiao-ismael-colosi\/"},"img":{"alt_text":"","src":"https:\/\/i0.wp.com\/ismaelcolosi.com.br\/wp-content\/uploads\/2024\/03\/1711644567_Copia-de-Copia-de-TAMANHO-EXATO-PARA-FOTOS-NO-SISTEMA-NOVO-86.jpg?fit=1200%2C675&ssl=1&resize=350%2C200","width":350,"height":200,"srcset":"https:\/\/i0.wp.com\/ismaelcolosi.com.br\/wp-content\/uploads\/2024\/03\/1711644567_Copia-de-Copia-de-TAMANHO-EXATO-PARA-FOTOS-NO-SISTEMA-NOVO-86.jpg?fit=1200%2C675&ssl=1&resize=350%2C200 1x, https:\/\/i0.wp.com\/ismaelcolosi.com.br\/wp-content\/uploads\/2024\/03\/1711644567_Copia-de-Copia-de-TAMANHO-EXATO-PARA-FOTOS-NO-SISTEMA-NOVO-86.jpg?fit=1200%2C675&ssl=1&resize=525%2C300 1.5x, https:\/\/i0.wp.com\/ismaelcolosi.com.br\/wp-content\/uploads\/2024\/03\/1711644567_Copia-de-Copia-de-TAMANHO-EXATO-PARA-FOTOS-NO-SISTEMA-NOVO-86.jpg?fit=1200%2C675&ssl=1&resize=700%2C400 2x, https:\/\/i0.wp.com\/ismaelcolosi.com.br\/wp-content\/uploads\/2024\/03\/1711644567_Copia-de-Copia-de-TAMANHO-EXATO-PARA-FOTOS-NO-SISTEMA-NOVO-86.jpg?fit=1200%2C675&ssl=1&resize=1050%2C600 3x"},"classes":[]}],"jetpack_sharing_enabled":true,"jetpack_shortlink":"https:\/\/wp.me\/pfMlyK-bAB","_links":{"self":[{"href":"https:\/\/ismaelcolosi.com.br\/index.php\/wp-json\/wp\/v2\/posts\/44553","targetHints":{"allow":["GET"]}}],"collection":[{"href":"https:\/\/ismaelcolosi.com.br\/index.php\/wp-json\/wp\/v2\/posts"}],"about":[{"href":"https:\/\/ismaelcolosi.com.br\/index.php\/wp-json\/wp\/v2\/types\/post"}],"author":[{"embeddable":true,"href":"https:\/\/ismaelcolosi.com.br\/index.php\/wp-json\/wp\/v2\/users\/1"}],"replies":[{"embeddable":true,"href":"https:\/\/ismaelcolosi.com.br\/index.php\/wp-json\/wp\/v2\/comments?post=44553"}],"version-history":[{"count":0,"href":"https:\/\/ismaelcolosi.com.br\/index.php\/wp-json\/wp\/v2\/posts\/44553\/revisions"}],"wp:featuredmedia":[{"embeddable":true,"href":"https:\/\/ismaelcolosi.com.br\/index.php\/wp-json\/wp\/v2\/media\/44554"}],"wp:attachment":[{"href":"https:\/\/ismaelcolosi.com.br\/index.php\/wp-json\/wp\/v2\/media?parent=44553"}],"wp:term":[{"taxonomy":"category","embeddable":true,"href":"https:\/\/ismaelcolosi.com.br\/index.php\/wp-json\/wp\/v2\/categories?post=44553"},{"taxonomy":"post_tag","embeddable":true,"href":"https:\/\/ismaelcolosi.com.br\/index.php\/wp-json\/wp\/v2\/tags?post=44553"}],"curies":[{"name":"wp","href":"https:\/\/api.w.org\/{rel}","templated":true}]}}