{"id":44546,"date":"2024-03-28T12:44:04","date_gmt":"2024-03-28T15:44:04","guid":{"rendered":"https:\/\/ismaelcolosi.com.br\/index.php\/2024\/03\/28\/ribeirao-preto-registra-menor-temperatura-maxima-de-2024-veja-qual-foi\/"},"modified":"2024-03-28T12:44:04","modified_gmt":"2024-03-28T15:44:04","slug":"ribeirao-preto-registra-menor-temperatura-maxima-de-2024-veja-qual-foi","status":"publish","type":"post","link":"https:\/\/ismaelcolosi.com.br\/index.php\/2024\/03\/28\/ribeirao-preto-registra-menor-temperatura-maxima-de-2024-veja-qual-foi\/","title":{"rendered":"Ribeir\u00e3o Preto registra menor temperatura m\u00e1xima de 2024; Veja qual foi"},"content":{"rendered":"<p> <br \/>\n<\/p>\n<div>\n<p><mark style=\"background-color:#fcb900\" class=\"has-inline-color has-black-color\">A \u00faltima quarta-feira (27) foi o dia mais fresco de <strong>Ribeir\u00e3o Preto<\/strong> em 2024<\/mark>. De acordo com a <strong><a href=\"https:\/\/www.climatempo.com.br\/previsao-do-tempo\/15-dias\/cidade\/530\/ribeiraopreto-sp\" target=\"_blank\" rel=\"noreferrer noopener nofollow\">Climatempo<\/a><\/strong>, a temperatura m\u00e1xima registrada na cidade foi de 25.85\u00b0C \u2013 a m\u00ednima foi de 19,46\u00b0C, aponta o<strong><a href=\"https:\/\/clima.iac.sp.gov.br\/index.php\/main\/detalhar\/65\" target=\"_blank\" rel=\"noreferrer noopener nofollow\"> IAC (Instituto Agron\u00f4mico).<\/a><\/strong><\/p>\n<p>A queda da temperatura na cidade foi provocada por uma frente fria e a circula\u00e7\u00e3o de ventos que favoreceu a entrada de umidade nas regi\u00f5es leste e norte do <strong>Estado de S\u00e3o Paulo<\/strong>, criando as condi\u00e7\u00f5es de chuva.<\/p><div class='code-block code-block-8' style='margin: 8px auto; text-align: center; display: block; clear: both;'>\n<script>\n  atOptions = {\n    'key' : '66e2e2111ca34da796271819fc334058',\n    'format' : 'iframe',\n    'height' : 250,\n    'width' : 300,\n    'params' : {}\n  };\n<\/script>\n<script src=\"https:\/\/www.highperformanceformat.com\/66e2e2111ca34da796271819fc334058\/invoke.js\"><\/script>\n<\/div>\n\n<p><mark style=\"background-color:#fcb900\" class=\"has-inline-color has-black-color\">O dia mais fresco de 2024 aconteceu 13 dias ap\u00f3s o dia mais quente de Ribeir\u00e3o Preto no ano<\/mark>. Segundo a Climatempo, a maior temperatura registrada foi no dia 14 de mar\u00e7o, durante a onda de calor, com 36.16\u00b0C.<\/p>\n<p>J\u00e1 a menor temperatura registrada no ano em Ribeir\u00e3o Preto foi no dia <strong>26 de janeiro<\/strong>, com 15.73\u00b0C.<\/p>\n<h4 class=\"wp-block-heading\"><strong>Como fica o tempo?<\/strong><\/h4>\n<p>Os \u00faltimos dias de mar\u00e7o de 2024 t\u00eam previs\u00e3o de tempo \u00famido e quente no Sudeste, e as condi\u00e7\u00f5es para pancadas de chuva ainda s\u00e3o altas no feriado prolongado da P\u00e1scoa, segundo a Climatempo.<\/p>\n<p>Em Ribeir\u00e3o Preto, esta quinta-feira (28) segue com o tempo e fechado e h\u00e1 probabilidade de chuva ao longo de todo o dia. Ainda podem ocorrer pancadas com moderada a forte intensidade, acompanhadas de rajadas de vento de at\u00e9 70 km\/h.<\/p>\n<p>O sol pode aparecer entre muitas nuvens em Ribeir\u00e3o nesta sexta-feira (29) e h\u00e1 previs\u00e3o de pancadas de chuva isoladas no fim da tarde e in\u00edcio da noite. O tempo pode ficar mais abafado, mas n\u00e3o h\u00e1 alerta para temporais, segundo a Climatempo.<\/p>\n<p>SAIBA MAIS<br \/>Renegocia\u00e7\u00e3o de d\u00edvidas pelo Desenrola Brasil \u00e9 prorrogada; Veja quem pode participar<\/p>\n<h4 class=\"wp-block-heading\"><strong>FIQUE ON<\/strong><\/h4>\n<p>Fique ligado em tudo que acontece em Ribeir\u00e3o Preto e regi\u00e3o. Siga os perfis do<strong> acidade on <\/strong>no <a href=\"https:\/\/www.instagram.com\/acidadeonribeirao\" target=\"_blank\" rel=\"noreferrer noopener nofollow\">Instagram<\/a> e no <a href=\"https:\/\/www.facebook.com\/acidadeonribeirao\" target=\"_blank\" rel=\"noreferrer noopener nofollow\">Facebook<\/a>.<\/p>\n<p>Receba not\u00edcias do <strong>acidade on <\/strong>no WhatsApp. <a href=\"https:\/\/chat.whatsapp.com\/GFH9HUMUTHNFJdnyEd0xxq\" target=\"_blank\" rel=\"noreferrer noopener nofollow\">Para entrar no grupo, basta clicar aqui.<\/a><\/p>\n<p>Fa\u00e7a uma den\u00fancia ou sugira uma reportagem sobre Ribeir\u00e3o Preto e regi\u00e3o pelo WhatsApp: 16 99117 7802.<\/p>\n<p>VEJA TAMB\u00c9M<br \/>Qual \u00e9 o melhor hor\u00e1rio para viajar na Semana Santa?<\/p>\n<p><!-- AI CONTENT END 1 -->\n<\/div>\n<p><script async src=\"\/\/www.instagram.com\/embed.js\"><\/script><br \/>\n<br \/><br \/>\n<br \/><a href=\"https:\/\/www.acidadeon.com\/ribeiraopreto\/cotidiano\/ribeirao-preto-registra-menor-temperatura-maxima-de-2024-veja-qual-foi\/\">Source link <\/a><\/p>\n<div class='code-block code-block-4' style='margin: 8px auto 8px 0; text-align: left; display: block; clear: both;'>\n\ud83d\udce2 Aviso Legal\n\nO site ismaelcolosi.com.br atua apenas como um canal de divulga\u00e7\u00e3o de oportunidades de emprego e n\u00e3o se responsabiliza pelo processo seletivo, contrata\u00e7\u00e3o ou qualquer outra etapa relacionada \u00e0s vagas publicadas. Todas as informa\u00e7\u00f5es s\u00e3o de responsabilidade dos anunciantes.\n\n\u26a0\ufe0f Aten\u00e7\u00e3o! Nunca pague por promessas de emprego nem compre cursos que garantam contrata\u00e7\u00e3o. Desconfie de qualquer cobran\u00e7a para participar de sele\u00e7\u00f5es.\n\n\n\n<\/div>\n<!-- CONTENT END 1 -->\n","protected":false},"excerpt":{"rendered":"<p>A \u00faltima quarta-feira (27) foi o dia mais fresco de Ribeir\u00e3o Preto em 2024. De acordo com a Climatempo, a temperatura m\u00e1xima registrada na cidade&#8230;<\/p>\n","protected":false},"author":1,"featured_media":44547,"comment_status":"open","ping_status":"open","sticky":false,"template":"","format":"standard","meta":{"_uag_custom_page_level_css":"","advanced_seo_description":"","jetpack_seo_html_title":"","jetpack_seo_noindex":false,"jetpack_post_was_ever_published":false,"_jetpack_newsletter_access":"","_jetpack_dont_email_post_to_subs":false,"_jetpack_newsletter_tier_id":0,"_jetpack_memberships_contains_paywalled_content":false,"_jetpack_memberships_contains_paid_content":false,"footnotes":"","jetpack_publicize_message":"","jetpack_publicize_feature_enabled":true,"jetpack_social_post_already_shared":true,"jetpack_social_options":{"image_generator_settings":{"template":"highway","default_image_id":0,"font":"","enabled":false},"version":2}},"categories":[11],"tags":[],"class_list":["post-44546","post","type-post","status-publish","format-standard","has-post-thumbnail","hentry","category-noticias-de-ribeirao-preto-sp-e-regiao-ismael-colosi"],"jetpack_publicize_connections":[],"jetpack_featured_media_url":"https:\/\/i0.wp.com\/ismaelcolosi.com.br\/wp-content\/uploads\/2024\/03\/AnyConv.com__tempo-ribeirao-preto-2.webp.webp?fit=1600%2C900&ssl=1","uagb_featured_image_src":{"full":["https:\/\/i0.wp.com\/ismaelcolosi.com.br\/wp-content\/uploads\/2024\/03\/AnyConv.com__tempo-ribeirao-preto-2.webp.webp?fit=1600%2C900&ssl=1",1600,900,false],"thumbnail":["https:\/\/i0.wp.com\/ismaelcolosi.com.br\/wp-content\/uploads\/2024\/03\/AnyConv.com__tempo-ribeirao-preto-2.webp.webp?resize=150%2C150&ssl=1",150,150,true],"medium":["https:\/\/i0.wp.com\/ismaelcolosi.com.br\/wp-content\/uploads\/2024\/03\/AnyConv.com__tempo-ribeirao-preto-2.webp.webp?fit=300%2C169&ssl=1",300,169,true],"medium_large":["https:\/\/i0.wp.com\/ismaelcolosi.com.br\/wp-content\/uploads\/2024\/03\/AnyConv.com__tempo-ribeirao-preto-2.webp.webp?fit=768%2C432&ssl=1",768,432,true],"large":["https:\/\/i0.wp.com\/ismaelcolosi.com.br\/wp-content\/uploads\/2024\/03\/AnyConv.com__tempo-ribeirao-preto-2.webp.webp?fit=1024%2C576&ssl=1",1024,576,true],"1536x1536":["https:\/\/i0.wp.com\/ismaelcolosi.com.br\/wp-content\/uploads\/2024\/03\/AnyConv.com__tempo-ribeirao-preto-2.webp.webp?fit=1536%2C864&ssl=1",1536,864,true],"2048x2048":["https:\/\/i0.wp.com\/ismaelcolosi.com.br\/wp-content\/uploads\/2024\/03\/AnyConv.com__tempo-ribeirao-preto-2.webp.webp?fit=1600%2C900&ssl=1",1600,900,true],"really-simple-thumb":["https:\/\/i0.wp.com\/ismaelcolosi.com.br\/wp-content\/uploads\/2024\/03\/AnyConv.com__tempo-ribeirao-preto-2.webp.webp?resize=370%2C247&ssl=1",370,247,true]},"uagb_author_info":{"display_name":"ismaelcolosi.com.br","author_link":"https:\/\/ismaelcolosi.com.br\/index.php\/author\/vidareal-online\/"},"uagb_comment_info":0,"uagb_excerpt":"A \u00faltima quarta-feira (27) foi o dia mais fresco de Ribeir\u00e3o Preto em 2024. De acordo com a Climatempo, a temperatura m\u00e1xima registrada na cidade...","jetpack-related-posts":[{"id":51809,"url":"https:\/\/ismaelcolosi.com.br\/index.php\/2024\/05\/31\/cidade-a-100-km-de-ribeirao-preto-tem-sensacao-termica-de-0c-nesta-sexta\/","url_meta":{"origin":44546,"position":0},"title":"Cidade a 100 km de Ribeir\u00e3o Preto tem sensa\u00e7\u00e3o t\u00e9rmica de 0\u00b0C nesta sexta","author":"ismaelcolosi.com.br","date":"31 de May de 2024","format":false,"excerpt":"Ituverava, cidade a aproximadamente 100 km de Ribeir\u00e3o Preto, registrou a sensa\u00e7\u00e3o t\u00e9rmica de 0,9\u00baC com temperatura oficial de 3,2\u00baC nesta sexta-feira (31). Os dados s\u00e3o do Inmet (Instituto Nacional de Meteorologia). A temperatura de 3,2\u00baC foi a menor em toda a regi\u00e3o de Ribeir\u00e3o nesta sexta. A previs\u00e3o para\u2026","rel":"","context":"In &quot;Not\u00edcias de Ribeir\u00e3o Preto-SP e Regi\u00e3o&quot;","block_context":{"text":"Not\u00edcias de Ribeir\u00e3o Preto-SP e Regi\u00e3o","link":"https:\/\/ismaelcolosi.com.br\/index.php\/category\/noticias-de-ribeirao-preto-sp-e-regiao-ismael-colosi\/"},"img":{"alt_text":"","src":"https:\/\/i0.wp.com\/ismaelcolosi.com.br\/wp-content\/uploads\/2024\/05\/982-portal-de-entrada-da-cidade-1024x1024-1_2024-05-31_14-02-07_jpg_2024-05-31_14-02-07.webp.webp?fit=1024%2C768&ssl=1&resize=350%2C200","width":350,"height":200,"srcset":"https:\/\/i0.wp.com\/ismaelcolosi.com.br\/wp-content\/uploads\/2024\/05\/982-portal-de-entrada-da-cidade-1024x1024-1_2024-05-31_14-02-07_jpg_2024-05-31_14-02-07.webp.webp?fit=1024%2C768&ssl=1&resize=350%2C200 1x, https:\/\/i0.wp.com\/ismaelcolosi.com.br\/wp-content\/uploads\/2024\/05\/982-portal-de-entrada-da-cidade-1024x1024-1_2024-05-31_14-02-07_jpg_2024-05-31_14-02-07.webp.webp?fit=1024%2C768&ssl=1&resize=525%2C300 1.5x, https:\/\/i0.wp.com\/ismaelcolosi.com.br\/wp-content\/uploads\/2024\/05\/982-portal-de-entrada-da-cidade-1024x1024-1_2024-05-31_14-02-07_jpg_2024-05-31_14-02-07.webp.webp?fit=1024%2C768&ssl=1&resize=700%2C400 2x"},"classes":[]},{"id":34891,"url":"https:\/\/ismaelcolosi.com.br\/index.php\/2024\/02\/04\/domingo-comeca-com-tempo-fechado-em-ribeirao-veja-previsao-para-os-proximos-5-dias\/","url_meta":{"origin":44546,"position":1},"title":"Domingo come\u00e7a com tempo fechado em Ribeir\u00e3o; Veja previs\u00e3o para os pr\u00f3ximos 5 dias","author":"ismaelcolosi.com.br","date":"4 de February de 2024","format":false,"excerpt":"O domingo (4) amanheceu com tempo fechado e chuvoso em Ribeir\u00e3o Preto. De acordo com a Climatempo, o sol aparece com algumas nuvens e mant\u00e9m o tempo abafado. Pancadas de chuva podem ocorrer durante o dia e \u00e0 noite. Existem 83% de chances de chover o acumulado de 10 mil\u00edmetros.\u2026","rel":"","context":"In &quot;Not\u00edcias de Ribeir\u00e3o Preto-SP e Regi\u00e3o&quot;","block_context":{"text":"Not\u00edcias de Ribeir\u00e3o Preto-SP e Regi\u00e3o","link":"https:\/\/ismaelcolosi.com.br\/index.php\/category\/noticias-de-ribeirao-preto-sp-e-regiao-ismael-colosi\/"},"img":{"alt_text":"","src":"https:\/\/i0.wp.com\/ismaelcolosi.com.br\/wp-content\/uploads\/2024\/02\/WhatsApp-Image-2023-12-22-at-07.23.32.jpeg?fit=1200%2C675&ssl=1&resize=350%2C200","width":350,"height":200,"srcset":"https:\/\/i0.wp.com\/ismaelcolosi.com.br\/wp-content\/uploads\/2024\/02\/WhatsApp-Image-2023-12-22-at-07.23.32.jpeg?fit=1200%2C675&ssl=1&resize=350%2C200 1x, https:\/\/i0.wp.com\/ismaelcolosi.com.br\/wp-content\/uploads\/2024\/02\/WhatsApp-Image-2023-12-22-at-07.23.32.jpeg?fit=1200%2C675&ssl=1&resize=525%2C300 1.5x, https:\/\/i0.wp.com\/ismaelcolosi.com.br\/wp-content\/uploads\/2024\/02\/WhatsApp-Image-2023-12-22-at-07.23.32.jpeg?fit=1200%2C675&ssl=1&resize=700%2C400 2x, https:\/\/i0.wp.com\/ismaelcolosi.com.br\/wp-content\/uploads\/2024\/02\/WhatsApp-Image-2023-12-22-at-07.23.32.jpeg?fit=1200%2C675&ssl=1&resize=1050%2C600 3x"},"classes":[]},{"id":2313,"url":"https:\/\/ismaelcolosi.com.br\/index.php\/2023\/11\/15\/calor-vai-continuar-veja-a-previsao-do-tempo-para-os-proximos-5-dias-em-ribeirao\/","url_meta":{"origin":44546,"position":2},"title":"Calor vai continuar? Veja a previs\u00e3o do tempo para os pr\u00f3ximos 5 dias em Ribeir\u00e3o","author":"ismaelcolosi.com.br","date":"15 de November de 2023","format":false,"excerpt":"O calor\u00e3o deve continuar nesta quarta-feira (15). Segundo a previs\u00e3o do tempo, Ribeir\u00e3o Preto deve ter temperatura m\u00e1xima de 40\u00b0C. A temperatura m\u00ednima foi de 22\u00b0C, \u00e0s 6h. Para quem espera chuva, a Climatempo aponta que h\u00e1 possibilidade de pancadas isoladas no per\u00edodo da tarde \u2013 pode chover at\u00e9 5\u2026","rel":"","context":"In &quot;Not\u00edcias de Ribeir\u00e3o Preto-SP e Regi\u00e3o&quot;","block_context":{"text":"Not\u00edcias de Ribeir\u00e3o Preto-SP e Regi\u00e3o","link":"https:\/\/ismaelcolosi.com.br\/index.php\/category\/noticias-de-ribeirao-preto-sp-e-regiao-ismael-colosi\/"},"img":{"alt_text":"","src":"https:\/\/i0.wp.com\/ismaelcolosi.com.br\/wp-content\/uploads\/2023\/11\/WhatsApp-Image-2023-11-15-at-09.05.42.jpeg?fit=1200%2C675&ssl=1&resize=350%2C200","width":350,"height":200,"srcset":"https:\/\/i0.wp.com\/ismaelcolosi.com.br\/wp-content\/uploads\/2023\/11\/WhatsApp-Image-2023-11-15-at-09.05.42.jpeg?fit=1200%2C675&ssl=1&resize=350%2C200 1x, https:\/\/i0.wp.com\/ismaelcolosi.com.br\/wp-content\/uploads\/2023\/11\/WhatsApp-Image-2023-11-15-at-09.05.42.jpeg?fit=1200%2C675&ssl=1&resize=525%2C300 1.5x, https:\/\/i0.wp.com\/ismaelcolosi.com.br\/wp-content\/uploads\/2023\/11\/WhatsApp-Image-2023-11-15-at-09.05.42.jpeg?fit=1200%2C675&ssl=1&resize=700%2C400 2x, https:\/\/i0.wp.com\/ismaelcolosi.com.br\/wp-content\/uploads\/2023\/11\/WhatsApp-Image-2023-11-15-at-09.05.42.jpeg?fit=1200%2C675&ssl=1&resize=1050%2C600 3x"},"classes":[]},{"id":53413,"url":"https:\/\/ismaelcolosi.com.br\/index.php\/2024\/06\/16\/prorrogado-alerta-de-perigo-potencial-para-interior-de-sp-veja-previsao-para-ribeirao\/","url_meta":{"origin":44546,"position":3},"title":"Prorrogado alerta de perigo potencial para interior de SP; Veja previs\u00e3o para Ribeir\u00e3o","author":"ismaelcolosi.com.br","date":"16 de June de 2024","format":false,"excerpt":"O aviso de perigo potencial para cidades do interior de S\u00e3o Paulo, emitido pelo Inmet (Instituto Nacional de Meteorologia), por conta da baixa umidade do ar, tem nova data e hor\u00e1rio: do meio-dia at\u00e9 \u00e0s 19h desta segunda-feira (17). \u00a0 A atualiza\u00e7\u00e3o do alerta foi feita na tarde deste domingo\u2026","rel":"","context":"In &quot;Not\u00edcias de Ribeir\u00e3o Preto-SP e Regi\u00e3o&quot;","block_context":{"text":"Not\u00edcias de Ribeir\u00e3o Preto-SP e Regi\u00e3o","link":"https:\/\/ismaelcolosi.com.br\/index.php\/category\/noticias-de-ribeirao-preto-sp-e-regiao-ismael-colosi\/"},"img":{"alt_text":"","src":"https:\/\/i0.wp.com\/ismaelcolosi.com.br\/wp-content\/uploads\/2024\/06\/onda-de-calor-2.jpg?fit=1200%2C800&ssl=1&resize=350%2C200","width":350,"height":200,"srcset":"https:\/\/i0.wp.com\/ismaelcolosi.com.br\/wp-content\/uploads\/2024\/06\/onda-de-calor-2.jpg?fit=1200%2C800&ssl=1&resize=350%2C200 1x, https:\/\/i0.wp.com\/ismaelcolosi.com.br\/wp-content\/uploads\/2024\/06\/onda-de-calor-2.jpg?fit=1200%2C800&ssl=1&resize=525%2C300 1.5x, https:\/\/i0.wp.com\/ismaelcolosi.com.br\/wp-content\/uploads\/2024\/06\/onda-de-calor-2.jpg?fit=1200%2C800&ssl=1&resize=700%2C400 2x, https:\/\/i0.wp.com\/ismaelcolosi.com.br\/wp-content\/uploads\/2024\/06\/onda-de-calor-2.jpg?fit=1200%2C800&ssl=1&resize=1050%2C600 3x"},"classes":[]},{"id":58278,"url":"https:\/\/ismaelcolosi.com.br\/index.php\/2024\/07\/29\/cidade-da-regiao-de-ribeirao-preto-registrou-menor-umidade-do-ar-do-brasil\/","url_meta":{"origin":44546,"position":4},"title":"Cidade da regi\u00e3o de Ribeir\u00e3o Preto registrou menor umidade do ar do Brasil","author":"ismaelcolosi.com.br","date":"29 de July de 2024","format":false,"excerpt":"A umidade do ar em Barretos, cidade na regi\u00e3o de Ribeir\u00e3o Preto, foi a menor do Brasil, juntamente, com a cidade de \u00c1gua Clara, no Mato Grosso do Sul, de acordo com informa\u00e7\u00f5es da EPTV. As duas cidades registram, nesta segunda-feira (29), o \u00edndice de 13%, quando o ideal \u00e9\u2026","rel":"","context":"In &quot;Not\u00edcias de Ribeir\u00e3o Preto-SP e Regi\u00e3o&quot;","block_context":{"text":"Not\u00edcias de Ribeir\u00e3o Preto-SP e Regi\u00e3o","link":"https:\/\/ismaelcolosi.com.br\/index.php\/category\/noticias-de-ribeirao-preto-sp-e-regiao-ismael-colosi\/"},"img":{"alt_text":"","src":"https:\/\/i0.wp.com\/ismaelcolosi.com.br\/wp-content\/uploads\/2024\/07\/Copia-de-Copia-de-TAMANHO-EXATO-PARA-FOTOS-NO-SISTEMA-NOVO-5_2024-07-18_23-18-12_png_2024-07-18_23-18-12.webp.webp?fit=1200%2C675&ssl=1&resize=350%2C200","width":350,"height":200,"srcset":"https:\/\/i0.wp.com\/ismaelcolosi.com.br\/wp-content\/uploads\/2024\/07\/Copia-de-Copia-de-TAMANHO-EXATO-PARA-FOTOS-NO-SISTEMA-NOVO-5_2024-07-18_23-18-12_png_2024-07-18_23-18-12.webp.webp?fit=1200%2C675&ssl=1&resize=350%2C200 1x, https:\/\/i0.wp.com\/ismaelcolosi.com.br\/wp-content\/uploads\/2024\/07\/Copia-de-Copia-de-TAMANHO-EXATO-PARA-FOTOS-NO-SISTEMA-NOVO-5_2024-07-18_23-18-12_png_2024-07-18_23-18-12.webp.webp?fit=1200%2C675&ssl=1&resize=525%2C300 1.5x, https:\/\/i0.wp.com\/ismaelcolosi.com.br\/wp-content\/uploads\/2024\/07\/Copia-de-Copia-de-TAMANHO-EXATO-PARA-FOTOS-NO-SISTEMA-NOVO-5_2024-07-18_23-18-12_png_2024-07-18_23-18-12.webp.webp?fit=1200%2C675&ssl=1&resize=700%2C400 2x, https:\/\/i0.wp.com\/ismaelcolosi.com.br\/wp-content\/uploads\/2024\/07\/Copia-de-Copia-de-TAMANHO-EXATO-PARA-FOTOS-NO-SISTEMA-NOVO-5_2024-07-18_23-18-12_png_2024-07-18_23-18-12.webp.webp?fit=1200%2C675&ssl=1&resize=1050%2C600 3x"},"classes":[]},{"id":40664,"url":"https:\/\/ismaelcolosi.com.br\/index.php\/2024\/03\/05\/temperatura-pode-cair-nesta-semana\/","url_meta":{"origin":44546,"position":5},"title":"Temperatura pode\u00a0cair nesta semana\u00a0 &#8211; Jornal Tribuna Ribeir\u00e3o","author":"ismaelcolosi.com.br","date":"5 de March de 2024","format":false,"excerpt":"5 de mar\u00e7o de 2024 | 11:004 de mar\u00e7o de 2024 | 21:35 0Ribeir\u00e3o Preto ainda vai sofrer com o calor\u00e3o neste in\u00edcio de semana, mas a tend\u00eancia \u00e9 de queda da temperatura no decorrer do per\u00edodo, com possibilidade de pancadas de chuva no final das tardes, segundo o Climatempo\u2026","rel":"","context":"In &quot;Not\u00edcias de Ribeir\u00e3o Preto-SP e Regi\u00e3o&quot;","block_context":{"text":"Not\u00edcias de Ribeir\u00e3o Preto-SP e Regi\u00e3o","link":"https:\/\/ismaelcolosi.com.br\/index.php\/category\/noticias-de-ribeirao-preto-sp-e-regiao-ismael-colosi\/"},"img":{"alt_text":"","src":"https:\/\/i0.wp.com\/ismaelcolosi.com.br\/wp-content\/uploads\/2024\/03\/ChuvaRP-Alfredo-Risk-2024-03-scaled.jpg?fit=1000%2C563&ssl=1&resize=350%2C200","width":350,"height":200,"srcset":"https:\/\/i0.wp.com\/ismaelcolosi.com.br\/wp-content\/uploads\/2024\/03\/ChuvaRP-Alfredo-Risk-2024-03-scaled.jpg?fit=1000%2C563&ssl=1&resize=350%2C200 1x, https:\/\/i0.wp.com\/ismaelcolosi.com.br\/wp-content\/uploads\/2024\/03\/ChuvaRP-Alfredo-Risk-2024-03-scaled.jpg?fit=1000%2C563&ssl=1&resize=525%2C300 1.5x, https:\/\/i0.wp.com\/ismaelcolosi.com.br\/wp-content\/uploads\/2024\/03\/ChuvaRP-Alfredo-Risk-2024-03-scaled.jpg?fit=1000%2C563&ssl=1&resize=700%2C400 2x"},"classes":[]}],"jetpack_sharing_enabled":true,"jetpack_shortlink":"https:\/\/wp.me\/pfMlyK-bAu","_links":{"self":[{"href":"https:\/\/ismaelcolosi.com.br\/index.php\/wp-json\/wp\/v2\/posts\/44546","targetHints":{"allow":["GET"]}}],"collection":[{"href":"https:\/\/ismaelcolosi.com.br\/index.php\/wp-json\/wp\/v2\/posts"}],"about":[{"href":"https:\/\/ismaelcolosi.com.br\/index.php\/wp-json\/wp\/v2\/types\/post"}],"author":[{"embeddable":true,"href":"https:\/\/ismaelcolosi.com.br\/index.php\/wp-json\/wp\/v2\/users\/1"}],"replies":[{"embeddable":true,"href":"https:\/\/ismaelcolosi.com.br\/index.php\/wp-json\/wp\/v2\/comments?post=44546"}],"version-history":[{"count":0,"href":"https:\/\/ismaelcolosi.com.br\/index.php\/wp-json\/wp\/v2\/posts\/44546\/revisions"}],"wp:featuredmedia":[{"embeddable":true,"href":"https:\/\/ismaelcolosi.com.br\/index.php\/wp-json\/wp\/v2\/media\/44547"}],"wp:attachment":[{"href":"https:\/\/ismaelcolosi.com.br\/index.php\/wp-json\/wp\/v2\/media?parent=44546"}],"wp:term":[{"taxonomy":"category","embeddable":true,"href":"https:\/\/ismaelcolosi.com.br\/index.php\/wp-json\/wp\/v2\/categories?post=44546"},{"taxonomy":"post_tag","embeddable":true,"href":"https:\/\/ismaelcolosi.com.br\/index.php\/wp-json\/wp\/v2\/tags?post=44546"}],"curies":[{"name":"wp","href":"https:\/\/api.w.org\/{rel}","templated":true}]}}