{"id":4448,"date":"2023-11-21T14:31:22","date_gmt":"2023-11-21T17:31:22","guid":{"rendered":"https:\/\/ismaelcolosi.com.br\/index.php\/2023\/11\/21\/bebe-de-2-anos-perde-a-vida-enquanto-acampava-com-sua-familia-no-interior-de-sp-cuidado-nunca-e-demais\/"},"modified":"2023-11-21T14:31:22","modified_gmt":"2023-11-21T17:31:22","slug":"bebe-de-2-anos-perde-a-vida-enquanto-acampava-com-sua-familia-no-interior-de-sp-cuidado-nunca-e-demais","status":"publish","type":"post","link":"https:\/\/ismaelcolosi.com.br\/index.php\/2023\/11\/21\/bebe-de-2-anos-perde-a-vida-enquanto-acampava-com-sua-familia-no-interior-de-sp-cuidado-nunca-e-demais\/","title":{"rendered":"Beb\u00ea de 2 anos perde a vida enquanto acampava com sua fam\u00edlia no interior de SP; cuidado nunca \u00e9 demais"},"content":{"rendered":"<p> <br \/>\n<\/p>\n<div itemprop=\"text\">\n<p>Neste \u00faltimo domingo, dia 19 de novembro, foi confirmada a morte de um beb\u00ea de apenas 2 anos de idade que morreu enquanto estava participando de um acampamento ao lado de seus familiares.<\/p>\n<p>A crian\u00e7a foi identificada pelo nome de Gael Henry Jesus Ribeiro. Ele n\u00e3o resistiu ap\u00f3s ter levado uma picada de uma cobra cascavel. O caso aconteceu na regi\u00e3o de Presidente Prudente, no interior de S\u00e3o Paulo.<\/p>\n<p>De acordo com informa\u00e7\u00f5es de canais de comunica\u00e7\u00e3o, Gael teria sido atacado neste \u00faltimo s\u00e1bado, dia 18 de novembro, em um acampamento da regi\u00e3o do C\u00f3rrego dos Macacos. Ele estava com os pais e um de seus irm\u00e3os tinha ido at\u00e9 o local para pescar.<\/p>\n<p>Diante da situa\u00e7\u00e3o, o pai socorreu o menino e matou a serpente que o picou. A crian\u00e7a foi encaminhada para uma unidade de sa\u00fade, onde recebeu os devidos cuidados dos profissionais da sa\u00fade.<\/p>\n<p>Em seguida, ela foi transferida para o Hospital Regional, n\u00e3o resistindo e morrendo. <span style=\"font-size: inherit;\">Devido ao caso, a Secretaria de Sa\u00fade emitiu uma nota oficial e buscou explicar com mais detalhes quais s\u00e3o os procedimentos corretos:\u00a0<\/span><\/p>\n<p><strong>\u201cEm caso de acidente por animais pe\u00e7onhentos, a popula\u00e7\u00e3o deve procurar o servi\u00e7o de sa\u00fade mais pr\u00f3ximo para que possa receber o tratamento adequado o mais r\u00e1pido poss\u00edvel\u201d<\/strong>, diz o comunicado.<\/p>\n<p>A Secretaria de Sa\u00fade tamb\u00e9m recomendou que a unidade de sa\u00fade, em casos mais graves, realize o encaminhamento para hospitais com outros equipamentos.<\/p>\n<\/div>\n<p><br \/>\n<br \/><a href=\"https:\/\/fnmais.com\/bebe-2-anos-perde-vida-enquanto-acampava-com-sua-familia-no-interior-sp-cuidado-nunca-demais\/\">Source link <\/a><\/p>\n<div class='code-block code-block-4' style='margin: 8px auto 8px 0; text-align: left; display: block; clear: both;'>\n\ud83d\udce2 Aviso Legal\n\nO site ismaelcolosi.com.br atua apenas como um canal de divulga\u00e7\u00e3o de oportunidades de emprego e n\u00e3o se responsabiliza pelo processo seletivo, contrata\u00e7\u00e3o ou qualquer outra etapa relacionada \u00e0s vagas publicadas. Todas as informa\u00e7\u00f5es s\u00e3o de responsabilidade dos anunciantes.\n\n\u26a0\ufe0f Aten\u00e7\u00e3o! Nunca pague por promessas de emprego nem compre cursos que garantam contrata\u00e7\u00e3o. Desconfie de qualquer cobran\u00e7a para participar de sele\u00e7\u00f5es.\n\n\n\n<\/div>\n<!-- CONTENT END 1 -->\n","protected":false},"excerpt":{"rendered":"<p>Neste \u00faltimo domingo, dia 19 de novembro, foi confirmada a morte de um beb\u00ea de apenas 2 anos de idade que morreu enquanto estava participando&#8230;<\/p>\n","protected":false},"author":1,"featured_media":4449,"comment_status":"open","ping_status":"open","sticky":false,"template":"","format":"standard","meta":{"_uag_custom_page_level_css":"","advanced_seo_description":"","jetpack_seo_html_title":"","jetpack_seo_noindex":false,"jetpack_post_was_ever_published":false,"_jetpack_newsletter_access":"","_jetpack_dont_email_post_to_subs":false,"_jetpack_newsletter_tier_id":0,"_jetpack_memberships_contains_paywalled_content":false,"_jetpack_memberships_contains_paid_content":false,"footnotes":"","jetpack_publicize_message":"","jetpack_publicize_feature_enabled":true,"jetpack_social_post_already_shared":true,"jetpack_social_options":{"image_generator_settings":{"template":"highway","default_image_id":0,"font":"","enabled":false},"version":2}},"categories":[1],"tags":[],"class_list":["post-4448","post","type-post","status-publish","format-standard","has-post-thumbnail","hentry","category-blog"],"jetpack_publicize_connections":[],"jetpack_featured_media_url":"https:\/\/i0.wp.com\/ismaelcolosi.com.br\/wp-content\/uploads\/2023\/11\/postimg-655ce2c90e4d42293.jpg?fit=1200%2C628&ssl=1","uagb_featured_image_src":{"full":["https:\/\/i0.wp.com\/ismaelcolosi.com.br\/wp-content\/uploads\/2023\/11\/postimg-655ce2c90e4d42293.jpg?fit=1200%2C628&ssl=1",1200,628,false],"thumbnail":["https:\/\/i0.wp.com\/ismaelcolosi.com.br\/wp-content\/uploads\/2023\/11\/postimg-655ce2c90e4d42293.jpg?resize=150%2C150&ssl=1",150,150,true],"medium":["https:\/\/i0.wp.com\/ismaelcolosi.com.br\/wp-content\/uploads\/2023\/11\/postimg-655ce2c90e4d42293.jpg?fit=300%2C157&ssl=1",300,157,true],"medium_large":["https:\/\/i0.wp.com\/ismaelcolosi.com.br\/wp-content\/uploads\/2023\/11\/postimg-655ce2c90e4d42293.jpg?fit=768%2C402&ssl=1",768,402,true],"large":["https:\/\/i0.wp.com\/ismaelcolosi.com.br\/wp-content\/uploads\/2023\/11\/postimg-655ce2c90e4d42293.jpg?fit=1024%2C536&ssl=1",1024,536,true],"1536x1536":["https:\/\/i0.wp.com\/ismaelcolosi.com.br\/wp-content\/uploads\/2023\/11\/postimg-655ce2c90e4d42293.jpg?fit=1200%2C628&ssl=1",1200,628,true],"2048x2048":["https:\/\/i0.wp.com\/ismaelcolosi.com.br\/wp-content\/uploads\/2023\/11\/postimg-655ce2c90e4d42293.jpg?fit=1200%2C628&ssl=1",1200,628,true],"really-simple-thumb":["https:\/\/i0.wp.com\/ismaelcolosi.com.br\/wp-content\/uploads\/2023\/11\/postimg-655ce2c90e4d42293.jpg?resize=370%2C247&ssl=1",370,247,true]},"uagb_author_info":{"display_name":"ismaelcolosi.com.br","author_link":"https:\/\/ismaelcolosi.com.br\/index.php\/author\/vidareal-online\/"},"uagb_comment_info":0,"uagb_excerpt":"Neste \u00faltimo domingo, dia 19 de novembro, foi confirmada a morte de um beb\u00ea de apenas 2 anos de idade que morreu enquanto estava participando...","jetpack-related-posts":[{"id":4470,"url":"https:\/\/ismaelcolosi.com.br\/index.php\/2023\/11\/21\/menino-de-2-anos-morre-apos-ser-picado-por-animal-peconhento-em-acampamento-com-a-familia-em-sp\/","url_meta":{"origin":4448,"position":0},"title":"Menino de 2 anos morre ap\u00f3s ser picado por animal pe\u00e7onhento em acampamento com a fam\u00edlia em SP","author":"ismaelcolosi.com.br","date":"21 de November de 2023","format":false,"excerpt":"Uma crian\u00e7a de apenas 2 anos acabou indo a \u00f3bito ap\u00f3s receber uma picada de uma cobra cascavel. O tr\u00e1gico epis\u00f3dio aconteceu. A v\u00edtima foi identificada como Gael Henry Jesus Ribeiro.O menino estava em um acampamento de pesca chamado Angico na companhia da fam\u00edlia. Em determinado momento, ele foi com\u2026","rel":"","context":"In &quot;Blog&quot;","block_context":{"text":"Blog","link":"https:\/\/ismaelcolosi.com.br\/index.php\/category\/blog\/"},"img":{"alt_text":"","src":"https:\/\/i0.wp.com\/ismaelcolosi.com.br\/wp-content\/uploads\/2023\/11\/postimg-655cd70dbc0da5018.jpg?fit=1200%2C628&ssl=1&resize=350%2C200","width":350,"height":200,"srcset":"https:\/\/i0.wp.com\/ismaelcolosi.com.br\/wp-content\/uploads\/2023\/11\/postimg-655cd70dbc0da5018.jpg?fit=1200%2C628&ssl=1&resize=350%2C200 1x, https:\/\/i0.wp.com\/ismaelcolosi.com.br\/wp-content\/uploads\/2023\/11\/postimg-655cd70dbc0da5018.jpg?fit=1200%2C628&ssl=1&resize=525%2C300 1.5x, https:\/\/i0.wp.com\/ismaelcolosi.com.br\/wp-content\/uploads\/2023\/11\/postimg-655cd70dbc0da5018.jpg?fit=1200%2C628&ssl=1&resize=700%2C400 2x, https:\/\/i0.wp.com\/ismaelcolosi.com.br\/wp-content\/uploads\/2023\/11\/postimg-655cd70dbc0da5018.jpg?fit=1200%2C628&ssl=1&resize=1050%2C600 3x"},"classes":[]},{"id":55904,"url":"https:\/\/ismaelcolosi.com.br\/index.php\/2024\/07\/07\/saiba-quem-e-o-montanhista-brasileiro-desaparecido-em-vulcao-no-peru\/","url_meta":{"origin":4448,"position":1},"title":"Saiba quem \u00e9 o montanhista brasileiro desaparecido em vulc\u00e3o no Peru","author":"ismaelcolosi.com.br","date":"7 de July de 2024","format":false,"excerpt":"Uma equipe de montanhistas encontrou neste s\u00e1bado (6) ind\u00edcios de que o montanhista brasileiro Marcelo Delvaux, de 55 anos, desaparecido desde 30 de junho em um dos cumes do vulc\u00e3o nevado Coropuna, o quarto mais alto do Peru, teria ca\u00eddo em uma fenda no gelo e, muito provavelmente, est\u00e1 morto.\u2026","rel":"","context":"In &quot;Not\u00edcias de Ribeir\u00e3o Preto-SP e Regi\u00e3o&quot;","block_context":{"text":"Not\u00edcias de Ribeir\u00e3o Preto-SP e Regi\u00e3o","link":"https:\/\/ismaelcolosi.com.br\/index.php\/category\/noticias-de-ribeirao-preto-sp-e-regiao-ismael-colosi\/"},"img":{"alt_text":"","src":"https:\/\/i0.wp.com\/ismaelcolosi.com.br\/wp-content\/uploads\/2024\/07\/marcelo-Delvaux_2024-07-07_19-31-53_jpg_2024-07-07_19-31-53.webp.webp?fit=922%2C691&ssl=1&resize=350%2C200","width":350,"height":200,"srcset":"https:\/\/i0.wp.com\/ismaelcolosi.com.br\/wp-content\/uploads\/2024\/07\/marcelo-Delvaux_2024-07-07_19-31-53_jpg_2024-07-07_19-31-53.webp.webp?fit=922%2C691&ssl=1&resize=350%2C200 1x, https:\/\/i0.wp.com\/ismaelcolosi.com.br\/wp-content\/uploads\/2024\/07\/marcelo-Delvaux_2024-07-07_19-31-53_jpg_2024-07-07_19-31-53.webp.webp?fit=922%2C691&ssl=1&resize=525%2C300 1.5x, https:\/\/i0.wp.com\/ismaelcolosi.com.br\/wp-content\/uploads\/2024\/07\/marcelo-Delvaux_2024-07-07_19-31-53_jpg_2024-07-07_19-31-53.webp.webp?fit=922%2C691&ssl=1&resize=700%2C400 2x"},"classes":[]},{"id":13895,"url":"https:\/\/ismaelcolosi.com.br\/index.php\/2023\/12\/11\/bebe-nao-resiste-apos-ser-ejetado-de-veiculo-na-br-369-mae-esta-em-estado-grave\/","url_meta":{"origin":4448,"position":2},"title":"Beb\u00ea n\u00e3o resiste ap\u00f3s ser ejetado de ve\u00edculo na BR-369; m\u00e3e est\u00e1 em estado grave","author":"ismaelcolosi.com.br","date":"11 de December de 2023","format":false,"excerpt":"Neste \u00faltimo domingo, dia 10 de dezembro, um beb\u00ea morreu ap\u00f3s ter sido ejetado de um ve\u00edculo na BR-369, entre as regi\u00f5es de Londrina e Ibipor\u00e3, no norte do Paran\u00e1. O caso aconteceu durante o per\u00edodo noturno e est\u00e1 sendo bastante lamentado.De acordo com informa\u00e7\u00f5es fornecidas pela PRF (Pol\u00edcia Rodovi\u00e1ria\u2026","rel":"","context":"In &quot;Blog&quot;","block_context":{"text":"Blog","link":"https:\/\/ismaelcolosi.com.br\/index.php\/category\/blog\/"},"img":{"alt_text":"","src":"https:\/\/i0.wp.com\/ismaelcolosi.com.br\/wp-content\/uploads\/2023\/12\/postimg-65772acf01e4e8965.jpg?fit=1200%2C628&ssl=1&resize=350%2C200","width":350,"height":200,"srcset":"https:\/\/i0.wp.com\/ismaelcolosi.com.br\/wp-content\/uploads\/2023\/12\/postimg-65772acf01e4e8965.jpg?fit=1200%2C628&ssl=1&resize=350%2C200 1x, https:\/\/i0.wp.com\/ismaelcolosi.com.br\/wp-content\/uploads\/2023\/12\/postimg-65772acf01e4e8965.jpg?fit=1200%2C628&ssl=1&resize=525%2C300 1.5x, https:\/\/i0.wp.com\/ismaelcolosi.com.br\/wp-content\/uploads\/2023\/12\/postimg-65772acf01e4e8965.jpg?fit=1200%2C628&ssl=1&resize=700%2C400 2x, https:\/\/i0.wp.com\/ismaelcolosi.com.br\/wp-content\/uploads\/2023\/12\/postimg-65772acf01e4e8965.jpg?fit=1200%2C628&ssl=1&resize=1050%2C600 3x"},"classes":[]},{"id":16740,"url":"https:\/\/ismaelcolosi.com.br\/index.php\/2023\/12\/16\/bebe-fica-ferido-apos-sofrer-ataque-de-pitbull-na-regiao-de-ribeirao-preto\/","url_meta":{"origin":4448,"position":3},"title":"Beb\u00ea fica ferido ap\u00f3s sofrer ataque de pitbull na regi\u00e3o de Ribeir\u00e3o Preto","author":"ismaelcolosi.com.br","date":"16 de December de 2023","format":false,"excerpt":"Um beb\u00ea, de apenas 1 ano e meio, ficou ferido ap\u00f3s ser atacado por um cachorro da ra\u00e7a pitbull em Jaboticabal, na regi\u00e3o de Ribeir\u00e3o Preto. O ataque aconteceu no in\u00edcio da noite da \u00faltima sexta-feira (15), no bairro Vale do Sol. De acordo com o B.O. (boletim de ocorr\u00eancia),\u2026","rel":"","context":"In &quot;Not\u00edcias de Ribeir\u00e3o Preto-SP e Regi\u00e3o&quot;","block_context":{"text":"Not\u00edcias de Ribeir\u00e3o Preto-SP e Regi\u00e3o","link":"https:\/\/ismaelcolosi.com.br\/index.php\/category\/noticias-de-ribeirao-preto-sp-e-regiao-ismael-colosi\/"},"img":{"alt_text":"","src":"https:\/\/i0.wp.com\/ismaelcolosi.com.br\/wp-content\/uploads\/2023\/12\/1702734968_WhatsApp-Image-2023-12-09-at-13.55.44.jpeg?fit=1024%2C576&ssl=1&resize=350%2C200","width":350,"height":200,"srcset":"https:\/\/i0.wp.com\/ismaelcolosi.com.br\/wp-content\/uploads\/2023\/12\/1702734968_WhatsApp-Image-2023-12-09-at-13.55.44.jpeg?fit=1024%2C576&ssl=1&resize=350%2C200 1x, https:\/\/i0.wp.com\/ismaelcolosi.com.br\/wp-content\/uploads\/2023\/12\/1702734968_WhatsApp-Image-2023-12-09-at-13.55.44.jpeg?fit=1024%2C576&ssl=1&resize=525%2C300 1.5x, https:\/\/i0.wp.com\/ismaelcolosi.com.br\/wp-content\/uploads\/2023\/12\/1702734968_WhatsApp-Image-2023-12-09-at-13.55.44.jpeg?fit=1024%2C576&ssl=1&resize=700%2C400 2x"},"classes":[]},{"id":31550,"url":"https:\/\/ismaelcolosi.com.br\/index.php\/2024\/01\/22\/carro-bate-em-carreta-destroi-familia-pai-mae-e-bebe-perderam-a-vida-crianca-foi-ejetada-do-carro\/","url_meta":{"origin":4448,"position":4},"title":"Carro bate em carreta, destr\u00f3i fam\u00edlia, pai, m\u00e3e e beb\u00ea perderam a vida, crian\u00e7a foi ejetada do carro","author":"ismaelcolosi.com.br","date":"22 de January de 2024","format":false,"excerpt":"Uma colis\u00e3o frontal entre um carro e uma carreta destruiu uma fam\u00edlia, o acidente teve como cen\u00e1rio a rodovia BR-25 e aconteceu na tarde deste domingo (21). No final da tarde deste \u00faltimo domingo, um tr\u00e1gico acidente na BR-251, pr\u00f3ximo a localidade de Curral de Dentro, que fica no interior\u2026","rel":"","context":"In &quot;Blog&quot;","block_context":{"text":"Blog","link":"https:\/\/ismaelcolosi.com.br\/index.php\/category\/blog\/"},"img":{"alt_text":"","src":"https:\/\/i0.wp.com\/ismaelcolosi.com.br\/wp-content\/uploads\/2024\/01\/postimg-65aeb8e91dccd9738.jpg?fit=1200%2C628&ssl=1&resize=350%2C200","width":350,"height":200,"srcset":"https:\/\/i0.wp.com\/ismaelcolosi.com.br\/wp-content\/uploads\/2024\/01\/postimg-65aeb8e91dccd9738.jpg?fit=1200%2C628&ssl=1&resize=350%2C200 1x, https:\/\/i0.wp.com\/ismaelcolosi.com.br\/wp-content\/uploads\/2024\/01\/postimg-65aeb8e91dccd9738.jpg?fit=1200%2C628&ssl=1&resize=525%2C300 1.5x, https:\/\/i0.wp.com\/ismaelcolosi.com.br\/wp-content\/uploads\/2024\/01\/postimg-65aeb8e91dccd9738.jpg?fit=1200%2C628&ssl=1&resize=700%2C400 2x, https:\/\/i0.wp.com\/ismaelcolosi.com.br\/wp-content\/uploads\/2024\/01\/postimg-65aeb8e91dccd9738.jpg?fit=1200%2C628&ssl=1&resize=1050%2C600 3x"},"classes":[]},{"id":7043,"url":"https:\/\/ismaelcolosi.com.br\/index.php\/2023\/11\/27\/jovem-de-19-anos-perde-a-vida-tragicamente-apos-saida-com-amigos-quadriciclo-caiu-em-cima-dele\/","url_meta":{"origin":4448,"position":5},"title":"Jovem de 19 anos perde a vida tragicamente ap\u00f3s sa\u00edda com amigos; quadriciclo caiu em cima dele","author":"ismaelcolosi.com.br","date":"27 de November de 2023","format":false,"excerpt":"Um jovem de 19 anos perdeu sua vida ap\u00f3s ter sa\u00eddo com um grupo de amigos. O caso aconteceu na regi\u00e3o de Avar\u00e9, no interior de S\u00e3o Paulo, \u00e0s margens de uma represa, neste \u00faltimo domingo, dia 26 de novembro.De acordo com informa\u00e7\u00f5es fornecidas pela Pol\u00edcia Civil, a v\u00edtima, Bryan\u2026","rel":"","context":"In &quot;Blog&quot;","block_context":{"text":"Blog","link":"https:\/\/ismaelcolosi.com.br\/index.php\/category\/blog\/"},"img":{"alt_text":"","src":"https:\/\/i0.wp.com\/ismaelcolosi.com.br\/wp-content\/uploads\/2023\/11\/postimg-6564ad53771c78700.jpg?fit=1200%2C628&ssl=1&resize=350%2C200","width":350,"height":200,"srcset":"https:\/\/i0.wp.com\/ismaelcolosi.com.br\/wp-content\/uploads\/2023\/11\/postimg-6564ad53771c78700.jpg?fit=1200%2C628&ssl=1&resize=350%2C200 1x, https:\/\/i0.wp.com\/ismaelcolosi.com.br\/wp-content\/uploads\/2023\/11\/postimg-6564ad53771c78700.jpg?fit=1200%2C628&ssl=1&resize=525%2C300 1.5x, https:\/\/i0.wp.com\/ismaelcolosi.com.br\/wp-content\/uploads\/2023\/11\/postimg-6564ad53771c78700.jpg?fit=1200%2C628&ssl=1&resize=700%2C400 2x, https:\/\/i0.wp.com\/ismaelcolosi.com.br\/wp-content\/uploads\/2023\/11\/postimg-6564ad53771c78700.jpg?fit=1200%2C628&ssl=1&resize=1050%2C600 3x"},"classes":[]}],"jetpack_sharing_enabled":true,"jetpack_shortlink":"https:\/\/wp.me\/pfMlyK-19K","_links":{"self":[{"href":"https:\/\/ismaelcolosi.com.br\/index.php\/wp-json\/wp\/v2\/posts\/4448","targetHints":{"allow":["GET"]}}],"collection":[{"href":"https:\/\/ismaelcolosi.com.br\/index.php\/wp-json\/wp\/v2\/posts"}],"about":[{"href":"https:\/\/ismaelcolosi.com.br\/index.php\/wp-json\/wp\/v2\/types\/post"}],"author":[{"embeddable":true,"href":"https:\/\/ismaelcolosi.com.br\/index.php\/wp-json\/wp\/v2\/users\/1"}],"replies":[{"embeddable":true,"href":"https:\/\/ismaelcolosi.com.br\/index.php\/wp-json\/wp\/v2\/comments?post=4448"}],"version-history":[{"count":0,"href":"https:\/\/ismaelcolosi.com.br\/index.php\/wp-json\/wp\/v2\/posts\/4448\/revisions"}],"wp:featuredmedia":[{"embeddable":true,"href":"https:\/\/ismaelcolosi.com.br\/index.php\/wp-json\/wp\/v2\/media\/4449"}],"wp:attachment":[{"href":"https:\/\/ismaelcolosi.com.br\/index.php\/wp-json\/wp\/v2\/media?parent=4448"}],"wp:term":[{"taxonomy":"category","embeddable":true,"href":"https:\/\/ismaelcolosi.com.br\/index.php\/wp-json\/wp\/v2\/categories?post=4448"},{"taxonomy":"post_tag","embeddable":true,"href":"https:\/\/ismaelcolosi.com.br\/index.php\/wp-json\/wp\/v2\/tags?post=4448"}],"curies":[{"name":"wp","href":"https:\/\/api.w.org\/{rel}","templated":true}]}}