{"id":44100,"date":"2024-03-25T19:29:41","date_gmt":"2024-03-25T22:29:41","guid":{"rendered":"https:\/\/ismaelcolosi.com.br\/index.php\/2024\/03\/25\/shows-de-manobras-radicais-e-musicais-agitam-o-barretos-motorcycles-confira\/"},"modified":"2024-03-25T19:29:41","modified_gmt":"2024-03-25T22:29:41","slug":"shows-de-manobras-radicais-e-musicais-agitam-o-barretos-motorcycles-confira","status":"publish","type":"post","link":"https:\/\/ismaelcolosi.com.br\/index.php\/2024\/03\/25\/shows-de-manobras-radicais-e-musicais-agitam-o-barretos-motorcycles-confira\/","title":{"rendered":"Shows de manobras radicais e musicais agitam o Barretos Motorcycles; Confira"},"content":{"rendered":"<p> <br \/>\n<\/p>\n<div>\n<p>Em <strong>comemora\u00e7\u00e3o<\/strong> aos <strong><span style=\"background-color:#f7cc62\" class=\"td_text_highlight_marker\"><mark style=\"background-color:rgba(0, 0, 0, 0)\" class=\"has-inline-color has-black-color\">20 anos do Barretos Motorcycles<\/mark><\/span><\/strong>, que acontece e <strong>3 a 5 de maio<\/strong> no <strong>Parque do Pe\u00e3o de Barretos<\/strong>, cidade a 120 quil\u00f4metros de Ribeir\u00e3o Preto, o <strong>evento<\/strong><span style=\"background-color:#f7cc62\" class=\"td_text_highlight_marker\"><mark style=\"background-color:rgba(0, 0, 0, 0)\" class=\"has-inline-color has-black-color\"> reunir\u00e1 grandes nomes de profissionais especializados em manobras radicais e tamb\u00e9m da m\u00fasica nos estilos rock e pop<\/mark><\/span>.<\/p>\n<p>Os apaixonados pela <strong>adrenalina<\/strong> no segmento v\u00e3o acompanhar <strong>acrobacias com motos, bicicletas, carros e karts adaptados<\/strong> realizadas por equipes como a <strong>Xtreme Manobras Radicais, Luquinha Wheeling e Cachorr\u00e3o Moto Show.<\/strong><\/p><div class='code-block code-block-8' style='margin: 8px auto; text-align: center; display: block; clear: both;'>\n<script>\n  atOptions = {\n    'key' : '66e2e2111ca34da796271819fc334058',\n    'format' : 'iframe',\n    'height' : 250,\n    'width' : 300,\n    'params' : {}\n  };\n<\/script>\n<script src=\"https:\/\/www.highperformanceformat.com\/66e2e2111ca34da796271819fc334058\/invoke.js\"><\/script>\n<\/div>\n\n<p>Al\u00e9m de v\u00e1rias apresenta\u00e7\u00f5es musicais, entre elas, da banda <strong>Bar\u00e3o Vermelho<\/strong>, <strong>Paulo Miklos<\/strong>, <strong>Ventania<\/strong> e <strong>Last Lover<\/strong> <strong>(veja programa\u00e7\u00e3o abaixo)<\/strong>.<\/p>\n<h4 class=\"wp-block-heading\"><strong>Saiba mais sobre as equipes<\/strong><\/h4>\n<p>Com <strong>quatro pilotos <\/strong>qualificados, a equipe <strong>Xtreme Manobras Radicais<\/strong> se apresenta com uma <strong>Saveiro<\/strong>, um <strong>Fusca<\/strong>, um <strong>Gol<\/strong> e as <strong>motos <\/strong>Honda CB1000, Kawasaki 600 e Hornet 600, todos com adapta\u00e7\u00f5es para realizar o show.<\/p>\n<p>J\u00e1 <strong>Luquinha Wheeling<\/strong>, hexacampe\u00e3o brasileiro na modalidade, faz um show solo com <strong>quatro motos<\/strong>: CBR600RR, Kawasaki z800, KTM Duke 390 e a mini moto Pit Bike TR125f.<\/p>\n<p>Outra presen\u00e7a confirmada \u00e9 o <strong>Cachorr\u00e3o Moto Show<\/strong>, apresentado por Wesley Rodrigues. Com carreira s\u00f3lida de mais de 20 anos, ele faz <strong>manobras malucas<\/strong> com um <strong>kart<\/strong>, uma <strong>bicicleta<\/strong> S&amp;M Sabbath e cinco <strong>motos<\/strong>, s\u00e3o elas, RD 135cc, CBR600RR, SRAD GSX 750, Hornet 600 e TR 100.<\/p>\n<h4 class=\"wp-block-heading\"><strong>Confira a programa\u00e7\u00e3o musical<\/strong><\/h4>\n<p>A <strong>edi\u00e7\u00e3o comemorativa <\/strong>vai misturar<strong> rock<\/strong> e o <strong>pop<\/strong> nos<strong> tr\u00eas palcos<\/strong> espalhados pelo evento.<\/p>\n<p><strong>03\/05<\/strong> (sexta-feira)<\/p>\n<p>Palco Motorcycles \u2013 Renato Quase Russo e Banda Lemon<\/p>\n<p>Tenda Motor \u2013 Java\u2019s Rock e Rock Veras<\/p>\n<p>Motor Rock Bar \u2013 Mik\u00e9ias Ac\u00fastico<\/p>\n<p><strong>04\/05<\/strong> (s\u00e1bado)<\/p>\n<p>Palco Motorcycles \u2013 <strong>Motor Music Fest<\/strong>, uma maratona com grandes shows a partir das<strong> 18h<\/strong>, com<strong> Bar\u00e3o Vermelho, Paulo Miklos, Ventania e Last Lover<\/strong><\/p>\n<p>Tenda Motor \u2013 Trecho Urbano, Lady Bad Luck, Tia Zicca e Asquerosa<\/p>\n<p>Motor Rock Bar -Mik\u00e9ias Ac\u00fastico<\/p>\n<p><strong>05\/05<\/strong> (domingo) <\/p>\n<p>Tenda Motor \u2013 BPM, Banda Mila e Trecho Urbano<\/p>\n<p>Motor Rock Bar \u2013 Mik\u00e9ias Ac\u00fastico<\/p>\n<h4 class=\"wp-block-heading\"><strong>Ingressos est\u00e3o \u00e0 venda<\/strong><\/h4>\n<p>Os ingressos para o evento est\u00e3o \u00e0 venda pelo\u00a0<a href=\"https:\/\/s2403.publisher-releases.com\/link.php?code=bDpodHRwcyUzQSUyRiUyRmluZGVwZW5kZW50ZXMuY29tLmJyJTJGbW90b3JjeWNsZXM6MTg3OTgzNTc0MTp2aXRvcmlhQHBoaWRlaWFzLmNvbS5icjo0YzhkOGI6NzQ=\" target=\"_blank\" rel=\"noreferrer noopener\">site oficial do Barretos Motorcycles<\/a>.<\/p>\n<p>Est\u00e3o dispon\u00edveis pacotes para acesso de motociclistas (entrada com moto) e ingressos di\u00e1rios para pedestres (entrada sem moto).<\/p>\n<p>SAIBA MAIS <\/p>\n<p>Cachorro est\u00e1 preso h\u00e1 dez dias em bueiro de Ribeir\u00e3o Preto; Veja v\u00eddeo<\/p>\n<h4 class=\"wp-block-heading\"><strong><mark>FIQUE ON<\/mark><\/strong><\/h4>\n<p>Fique ligado em tudo que acontece em Ribeir\u00e3o Preto e regi\u00e3o. Siga os perfis do<strong>\u00a0acidade on\u00a0<\/strong>no\u00a0<a href=\"https:\/\/www.instagram.com\/acidadeonribeirao\" target=\"_blank\" rel=\"noreferrer noopener\">Instagram<\/a>\u00a0e no\u00a0<a href=\"https:\/\/www.facebook.com\/acidadeonribeirao\" target=\"_blank\" rel=\"noreferrer noopener\">Facebook<\/a>.<\/p>\n<p>Receba not\u00edcias do\u00a0<strong>acidade on<\/strong>\u00a0no WhatsApp.<a href=\"https:\/\/chat.whatsapp.com\/GFH9HUMUTHNFJdnyEd0xxq\" target=\"_blank\" rel=\"noreferrer noopener\">\u00a0Para entrar no grupo, basta clicar aqui.<\/a><\/p>\n<p>Fa\u00e7a uma den\u00fancia ou sugira uma reportagem sobre Ribeir\u00e3o Preto e regi\u00e3o pelo WhatsApp: 16 99117 7802.<\/p>\n<p>VEJA TAMB\u00c9M<\/p>\n<p>Camila Moura est\u00e1 namorando uma mulher?<\/p>\n<p><!-- AI CONTENT END 1 -->\n<\/div>\n<p><script async src=\"\/\/www.instagram.com\/embed.js\"><\/script><br \/>\n<br \/><br \/>\n<br \/><a href=\"https:\/\/www.acidadeon.com\/ribeiraopreto\/lazer-e-cultura\/shows-de-manobras-radicais-e-musicais-agitam-o-barretos-motorcycles-confira\/\">Source link <\/a><\/p>\n<div class='code-block code-block-4' style='margin: 8px auto 8px 0; text-align: left; display: block; clear: both;'>\n\ud83d\udce2 Aviso Legal\n\nO site ismaelcolosi.com.br atua apenas como um canal de divulga\u00e7\u00e3o de oportunidades de emprego e n\u00e3o se responsabiliza pelo processo seletivo, contrata\u00e7\u00e3o ou qualquer outra etapa relacionada \u00e0s vagas publicadas. Todas as informa\u00e7\u00f5es s\u00e3o de responsabilidade dos anunciantes.\n\n\u26a0\ufe0f Aten\u00e7\u00e3o! Nunca pague por promessas de emprego nem compre cursos que garantam contrata\u00e7\u00e3o. Desconfie de qualquer cobran\u00e7a para participar de sele\u00e7\u00f5es.\n\n\n\n<\/div>\n<!-- CONTENT END 1 -->\n","protected":false},"excerpt":{"rendered":"<p>Em comemora\u00e7\u00e3o aos 20 anos do Barretos Motorcycles, que acontece e 3 a 5 de maio no Parque do Pe\u00e3o de Barretos, cidade a 120&#8230;<\/p>\n","protected":false},"author":1,"featured_media":44101,"comment_status":"open","ping_status":"open","sticky":false,"template":"","format":"standard","meta":{"_uag_custom_page_level_css":"","advanced_seo_description":"","jetpack_seo_html_title":"","jetpack_seo_noindex":false,"jetpack_post_was_ever_published":false,"_jetpack_newsletter_access":"","_jetpack_dont_email_post_to_subs":false,"_jetpack_newsletter_tier_id":0,"_jetpack_memberships_contains_paywalled_content":false,"_jetpack_memberships_contains_paid_content":false,"footnotes":"","jetpack_publicize_message":"","jetpack_publicize_feature_enabled":true,"jetpack_social_post_already_shared":true,"jetpack_social_options":{"image_generator_settings":{"template":"highway","default_image_id":0,"font":"","enabled":false},"version":2}},"categories":[11],"tags":[],"class_list":["post-44100","post","type-post","status-publish","format-standard","has-post-thumbnail","hentry","category-noticias-de-ribeirao-preto-sp-e-regiao-ismael-colosi"],"jetpack_publicize_connections":[],"jetpack_featured_media_url":"https:\/\/i0.wp.com\/ismaelcolosi.com.br\/wp-content\/uploads\/2024\/03\/WhatsApp-Image-2024-03-25-at-17.22.18.jpeg?fit=1500%2C1000&ssl=1","uagb_featured_image_src":{"full":["https:\/\/i0.wp.com\/ismaelcolosi.com.br\/wp-content\/uploads\/2024\/03\/WhatsApp-Image-2024-03-25-at-17.22.18.jpeg?fit=1500%2C1000&ssl=1",1500,1000,false],"thumbnail":["https:\/\/i0.wp.com\/ismaelcolosi.com.br\/wp-content\/uploads\/2024\/03\/WhatsApp-Image-2024-03-25-at-17.22.18.jpeg?resize=150%2C150&ssl=1",150,150,true],"medium":["https:\/\/i0.wp.com\/ismaelcolosi.com.br\/wp-content\/uploads\/2024\/03\/WhatsApp-Image-2024-03-25-at-17.22.18.jpeg?fit=300%2C200&ssl=1",300,200,true],"medium_large":["https:\/\/i0.wp.com\/ismaelcolosi.com.br\/wp-content\/uploads\/2024\/03\/WhatsApp-Image-2024-03-25-at-17.22.18.jpeg?fit=768%2C512&ssl=1",768,512,true],"large":["https:\/\/i0.wp.com\/ismaelcolosi.com.br\/wp-content\/uploads\/2024\/03\/WhatsApp-Image-2024-03-25-at-17.22.18.jpeg?fit=1024%2C683&ssl=1",1024,683,true],"1536x1536":["https:\/\/i0.wp.com\/ismaelcolosi.com.br\/wp-content\/uploads\/2024\/03\/WhatsApp-Image-2024-03-25-at-17.22.18.jpeg?fit=1500%2C1000&ssl=1",1500,1000,true],"2048x2048":["https:\/\/i0.wp.com\/ismaelcolosi.com.br\/wp-content\/uploads\/2024\/03\/WhatsApp-Image-2024-03-25-at-17.22.18.jpeg?fit=1500%2C1000&ssl=1",1500,1000,true],"really-simple-thumb":["https:\/\/i0.wp.com\/ismaelcolosi.com.br\/wp-content\/uploads\/2024\/03\/WhatsApp-Image-2024-03-25-at-17.22.18.jpeg?resize=370%2C247&ssl=1",370,247,true]},"uagb_author_info":{"display_name":"ismaelcolosi.com.br","author_link":"https:\/\/ismaelcolosi.com.br\/index.php\/author\/vidareal-online\/"},"uagb_comment_info":0,"uagb_excerpt":"Em comemora\u00e7\u00e3o aos 20 anos do Barretos Motorcycles, que acontece e 3 a 5 de maio no Parque do Pe\u00e3o de Barretos, cidade a 120...","jetpack-related-posts":[{"id":48111,"url":"https:\/\/ismaelcolosi.com.br\/index.php\/2024\/04\/30\/veja-tudo-o-que-voce-precisa-saber-sobre-o-barretos-motorcycles\/","url_meta":{"origin":44100,"position":0},"title":"Veja tudo o que voc\u00ea precisa saber sobre o Barretos Motorcycles","author":"ismaelcolosi.com.br","date":"30 de April de 2024","format":false,"excerpt":"O Barretos Motorcycles, que re\u00fane shows de manobras radicais e musicais, come\u00e7a na sexta-feira (3) e segue at\u00e9 o domingo (5). O evento acontece no Parque do Pe\u00e3o de Barretos, a 120 quil\u00f4metros de Ribeir\u00e3o Preto. Durante os tr\u00eas dias, os apaixonados pela adrenalina poder\u00e3o ver grandes nomes de profissionais\u2026","rel":"","context":"In &quot;Not\u00edcias de Ribeir\u00e3o Preto-SP e Regi\u00e3o&quot;","block_context":{"text":"Not\u00edcias de Ribeir\u00e3o Preto-SP e Regi\u00e3o","link":"https:\/\/ismaelcolosi.com.br\/index.php\/category\/noticias-de-ribeirao-preto-sp-e-regiao-ismael-colosi\/"},"img":{"alt_text":"","src":"https:\/\/i0.wp.com\/ismaelcolosi.com.br\/wp-content\/uploads\/2024\/04\/Copia-de-Copia-de-TAMANHO-EXATO-PARA-FOTOS-NO-SISTEMA-NOVO-25-1_2024-04-30_21-00-41_jpg.webp.webp?fit=1200%2C675&ssl=1&resize=350%2C200","width":350,"height":200,"srcset":"https:\/\/i0.wp.com\/ismaelcolosi.com.br\/wp-content\/uploads\/2024\/04\/Copia-de-Copia-de-TAMANHO-EXATO-PARA-FOTOS-NO-SISTEMA-NOVO-25-1_2024-04-30_21-00-41_jpg.webp.webp?fit=1200%2C675&ssl=1&resize=350%2C200 1x, https:\/\/i0.wp.com\/ismaelcolosi.com.br\/wp-content\/uploads\/2024\/04\/Copia-de-Copia-de-TAMANHO-EXATO-PARA-FOTOS-NO-SISTEMA-NOVO-25-1_2024-04-30_21-00-41_jpg.webp.webp?fit=1200%2C675&ssl=1&resize=525%2C300 1.5x, https:\/\/i0.wp.com\/ismaelcolosi.com.br\/wp-content\/uploads\/2024\/04\/Copia-de-Copia-de-TAMANHO-EXATO-PARA-FOTOS-NO-SISTEMA-NOVO-25-1_2024-04-30_21-00-41_jpg.webp.webp?fit=1200%2C675&ssl=1&resize=700%2C400 2x, https:\/\/i0.wp.com\/ismaelcolosi.com.br\/wp-content\/uploads\/2024\/04\/Copia-de-Copia-de-TAMANHO-EXATO-PARA-FOTOS-NO-SISTEMA-NOVO-25-1_2024-04-30_21-00-41_jpg.webp.webp?fit=1200%2C675&ssl=1&resize=1050%2C600 3x"},"classes":[]},{"id":48510,"url":"https:\/\/ismaelcolosi.com.br\/index.php\/2024\/05\/03\/com-barao-vermelho-e-paulo-miklos-barretos-motorcycles-acontece-neste-final-de-semana\/","url_meta":{"origin":44100,"position":1},"title":"Com Bar\u00e3o Vermelho e Paulo Miklos, Barretos Motorcycles acontece neste final de semana","author":"ismaelcolosi.com.br","date":"3 de May de 2024","format":false,"excerpt":"O evento que re\u00fane os amantes de motos, o Barretos Motorclycles come\u00e7ou nesta sexta-feira (3), \u00e0s 10h, no Parque do Pe\u00e3o de Barretos, regi\u00e3o de Ribeir\u00e3o Preto, e segue at\u00e9 domingo (5). Esta edi\u00e7\u00e3o comemora os 20 anos do evento, que \u00e9 um dos principais encontros de motociclistas do Brasil.\u2026","rel":"","context":"In &quot;Not\u00edcias de Ribeir\u00e3o Preto-SP e Regi\u00e3o&quot;","block_context":{"text":"Not\u00edcias de Ribeir\u00e3o Preto-SP e Regi\u00e3o","link":"https:\/\/ismaelcolosi.com.br\/index.php\/category\/noticias-de-ribeirao-preto-sp-e-regiao-ismael-colosi\/"},"img":{"alt_text":"","src":"https:\/\/i0.wp.com\/ismaelcolosi.com.br\/wp-content\/uploads\/2024\/05\/Design-sem-nome-1.jpg?fit=960%2C693&ssl=1&resize=350%2C200","width":350,"height":200,"srcset":"https:\/\/i0.wp.com\/ismaelcolosi.com.br\/wp-content\/uploads\/2024\/05\/Design-sem-nome-1.jpg?fit=960%2C693&ssl=1&resize=350%2C200 1x, https:\/\/i0.wp.com\/ismaelcolosi.com.br\/wp-content\/uploads\/2024\/05\/Design-sem-nome-1.jpg?fit=960%2C693&ssl=1&resize=525%2C300 1.5x, https:\/\/i0.wp.com\/ismaelcolosi.com.br\/wp-content\/uploads\/2024\/05\/Design-sem-nome-1.jpg?fit=960%2C693&ssl=1&resize=700%2C400 2x"},"classes":[]},{"id":48520,"url":"https:\/\/ismaelcolosi.com.br\/index.php\/2024\/05\/03\/com-barao-vermelho-e-paulo-miklos-barretos-motorcycles-acontece-neste-final-de-semana-2\/","url_meta":{"origin":44100,"position":2},"title":"Com Bar\u00e3o Vermelho e Paulo Miklos, Barretos Motorcycles acontece neste final de semana","author":"ismaelcolosi.com.br","date":"3 de May de 2024","format":false,"excerpt":"O evento que re\u00fane os amantes de motos, o Barretos Motorclycles come\u00e7ou nesta sexta-feira (3), \u00e0s 10h, no Parque do Pe\u00e3o de Barretos, regi\u00e3o de Ribeir\u00e3o Preto, e segue at\u00e9 domingo (5). Esta edi\u00e7\u00e3o comemora os 20 anos do evento, que \u00e9 um dos principais encontros de motociclistas do Brasil.\u2026","rel":"","context":"In &quot;Not\u00edcias de Ribeir\u00e3o Preto-SP e Regi\u00e3o&quot;","block_context":{"text":"Not\u00edcias de Ribeir\u00e3o Preto-SP e Regi\u00e3o","link":"https:\/\/ismaelcolosi.com.br\/index.php\/category\/noticias-de-ribeirao-preto-sp-e-regiao-ismael-colosi\/"},"img":{"alt_text":"","src":"https:\/\/i0.wp.com\/ismaelcolosi.com.br\/wp-content\/uploads\/2024\/05\/1714754363_Design-sem-nome-1.jpg?fit=960%2C693&ssl=1&resize=350%2C200","width":350,"height":200,"srcset":"https:\/\/i0.wp.com\/ismaelcolosi.com.br\/wp-content\/uploads\/2024\/05\/1714754363_Design-sem-nome-1.jpg?fit=960%2C693&ssl=1&resize=350%2C200 1x, https:\/\/i0.wp.com\/ismaelcolosi.com.br\/wp-content\/uploads\/2024\/05\/1714754363_Design-sem-nome-1.jpg?fit=960%2C693&ssl=1&resize=525%2C300 1.5x, https:\/\/i0.wp.com\/ismaelcolosi.com.br\/wp-content\/uploads\/2024\/05\/1714754363_Design-sem-nome-1.jpg?fit=960%2C693&ssl=1&resize=700%2C400 2x"},"classes":[]},{"id":45159,"url":"https:\/\/ismaelcolosi.com.br\/index.php\/2024\/04\/02\/concurso-garota-motorcycles-abre-as-inscricoes-veja-como-participar\/","url_meta":{"origin":44100,"position":3},"title":"Concurso Garota Motorcycles abre as inscri\u00e7\u00f5es; Veja como participar","author":"ismaelcolosi.com.br","date":"2 de April de 2024","format":false,"excerpt":"Est\u00e3o abertas as\u00a0inscri\u00e7\u00f5es\u00a0para o Concurso Garota Motorcycles 2024, que acontece dia 4 de maio. O concurso faz parte da programa\u00e7\u00e3o do 20\u00ba Barretos Motorcycles, no Parque do Pe\u00e3o, em Barretos, na regi\u00e3o de Ribeir\u00e3o Preto. As inscri\u00e7\u00f5es podem ser realizadas at\u00e9 o dia 20 de abril e as candidatas devem\u2026","rel":"","context":"In &quot;Not\u00edcias de Ribeir\u00e3o Preto-SP e Regi\u00e3o&quot;","block_context":{"text":"Not\u00edcias de Ribeir\u00e3o Preto-SP e Regi\u00e3o","link":"https:\/\/ismaelcolosi.com.br\/index.php\/category\/noticias-de-ribeirao-preto-sp-e-regiao-ismael-colosi\/"},"img":{"alt_text":"","src":"https:\/\/i0.wp.com\/ismaelcolosi.com.br\/wp-content\/uploads\/2024\/04\/9f45ec0fca3f2337875298f5e5e9e2d5-scaled.jpeg?fit=1200%2C800&ssl=1&resize=350%2C200","width":350,"height":200,"srcset":"https:\/\/i0.wp.com\/ismaelcolosi.com.br\/wp-content\/uploads\/2024\/04\/9f45ec0fca3f2337875298f5e5e9e2d5-scaled.jpeg?fit=1200%2C800&ssl=1&resize=350%2C200 1x, https:\/\/i0.wp.com\/ismaelcolosi.com.br\/wp-content\/uploads\/2024\/04\/9f45ec0fca3f2337875298f5e5e9e2d5-scaled.jpeg?fit=1200%2C800&ssl=1&resize=525%2C300 1.5x, https:\/\/i0.wp.com\/ismaelcolosi.com.br\/wp-content\/uploads\/2024\/04\/9f45ec0fca3f2337875298f5e5e9e2d5-scaled.jpeg?fit=1200%2C800&ssl=1&resize=700%2C400 2x, https:\/\/i0.wp.com\/ismaelcolosi.com.br\/wp-content\/uploads\/2024\/04\/9f45ec0fca3f2337875298f5e5e9e2d5-scaled.jpeg?fit=1200%2C800&ssl=1&resize=1050%2C600 3x"},"classes":[]},{"id":72860,"url":"https:\/\/ismaelcolosi.com.br\/index.php\/2024\/10\/23\/morre-crianca-de-5-anos-vitima-de-afogamento-em-parque-aquatico-na-regiao-de-ribeirao\/","url_meta":{"origin":44100,"position":4},"title":"Morre crian\u00e7a de 5 anos v\u00edtima de afogamento em parque aqu\u00e1tico na regi\u00e3o de Ribeir\u00e3o","author":"ismaelcolosi.com.br","date":"23 de October de 2024","format":false,"excerpt":"Morreu nesta quarta-feira (23), a crian\u00e7a de 5 anos que foi v\u00edtima de afogamento no domingo (20), em um parque aqu\u00e1tico em Barretos, na regi\u00e3o de Ribeir\u00e3o Preto. O menino chegou a ser socorrido e estava internado na UTI da Santa Casa de Barretos. De acordo com Boletim de Ocorr\u00eancia\u2026","rel":"","context":"In &quot;Not\u00edcias de Ribeir\u00e3o Preto-SP e Regi\u00e3o&quot;","block_context":{"text":"Not\u00edcias de Ribeir\u00e3o Preto-SP e Regi\u00e3o","link":"https:\/\/ismaelcolosi.com.br\/index.php\/category\/noticias-de-ribeirao-preto-sp-e-regiao-ismael-colosi\/"},"img":{"alt_text":"","src":"https:\/\/i0.wp.com\/ismaelcolosi.com.br\/wp-content\/uploads\/2024\/10\/barretos_delegacia_1200x675_03042022110539_2024-10-23_20-15-45_jpg_2024-10-23_20-15-46.webp.webp?fit=1200%2C675&ssl=1&resize=350%2C200","width":350,"height":200,"srcset":"https:\/\/i0.wp.com\/ismaelcolosi.com.br\/wp-content\/uploads\/2024\/10\/barretos_delegacia_1200x675_03042022110539_2024-10-23_20-15-45_jpg_2024-10-23_20-15-46.webp.webp?fit=1200%2C675&ssl=1&resize=350%2C200 1x, https:\/\/i0.wp.com\/ismaelcolosi.com.br\/wp-content\/uploads\/2024\/10\/barretos_delegacia_1200x675_03042022110539_2024-10-23_20-15-45_jpg_2024-10-23_20-15-46.webp.webp?fit=1200%2C675&ssl=1&resize=525%2C300 1.5x, https:\/\/i0.wp.com\/ismaelcolosi.com.br\/wp-content\/uploads\/2024\/10\/barretos_delegacia_1200x675_03042022110539_2024-10-23_20-15-45_jpg_2024-10-23_20-15-46.webp.webp?fit=1200%2C675&ssl=1&resize=700%2C400 2x, https:\/\/i0.wp.com\/ismaelcolosi.com.br\/wp-content\/uploads\/2024\/10\/barretos_delegacia_1200x675_03042022110539_2024-10-23_20-15-45_jpg_2024-10-23_20-15-46.webp.webp?fit=1200%2C675&ssl=1&resize=1050%2C600 3x"},"classes":[]},{"id":72864,"url":"https:\/\/ismaelcolosi.com.br\/index.php\/2024\/10\/23\/morre-crianca-de-5-anos-vitima-de-afogamento-em-parque-aquatico-na-regiao-de-ribeirao-2\/","url_meta":{"origin":44100,"position":5},"title":"Morre crian\u00e7a de 5 anos v\u00edtima de afogamento em parque aqu\u00e1tico na regi\u00e3o de Ribeir\u00e3o","author":"ismaelcolosi.com.br","date":"23 de October de 2024","format":false,"excerpt":"Morreu nesta quarta-feira (23), a crian\u00e7a de 5 anos que foi v\u00edtima de afogamento no domingo (20), em um parque aqu\u00e1tico em Barretos, na regi\u00e3o de Ribeir\u00e3o Preto. O menino chegou a ser socorrido e estava internado na UTI da Santa Casa de Barretos. De acordo com Boletim de Ocorr\u00eancia\u2026","rel":"","context":"In &quot;Not\u00edcias de Ribeir\u00e3o Preto-SP e Regi\u00e3o&quot;","block_context":{"text":"Not\u00edcias de Ribeir\u00e3o Preto-SP e Regi\u00e3o","link":"https:\/\/ismaelcolosi.com.br\/index.php\/category\/noticias-de-ribeirao-preto-sp-e-regiao-ismael-colosi\/"},"img":{"alt_text":"","src":"https:\/\/i0.wp.com\/ismaelcolosi.com.br\/wp-content\/uploads\/2024\/10\/barretos_delegacia_1200x675_03042022110539_2024-10-23_20-15-45_jpg_2024-10-23_20-15-46.webp.webp?fit=1200%2C675&ssl=1&resize=350%2C200","width":350,"height":200,"srcset":"https:\/\/i0.wp.com\/ismaelcolosi.com.br\/wp-content\/uploads\/2024\/10\/barretos_delegacia_1200x675_03042022110539_2024-10-23_20-15-45_jpg_2024-10-23_20-15-46.webp.webp?fit=1200%2C675&ssl=1&resize=350%2C200 1x, https:\/\/i0.wp.com\/ismaelcolosi.com.br\/wp-content\/uploads\/2024\/10\/barretos_delegacia_1200x675_03042022110539_2024-10-23_20-15-45_jpg_2024-10-23_20-15-46.webp.webp?fit=1200%2C675&ssl=1&resize=525%2C300 1.5x, https:\/\/i0.wp.com\/ismaelcolosi.com.br\/wp-content\/uploads\/2024\/10\/barretos_delegacia_1200x675_03042022110539_2024-10-23_20-15-45_jpg_2024-10-23_20-15-46.webp.webp?fit=1200%2C675&ssl=1&resize=700%2C400 2x, https:\/\/i0.wp.com\/ismaelcolosi.com.br\/wp-content\/uploads\/2024\/10\/barretos_delegacia_1200x675_03042022110539_2024-10-23_20-15-45_jpg_2024-10-23_20-15-46.webp.webp?fit=1200%2C675&ssl=1&resize=1050%2C600 3x"},"classes":[]}],"jetpack_sharing_enabled":true,"jetpack_shortlink":"https:\/\/wp.me\/pfMlyK-bti","_links":{"self":[{"href":"https:\/\/ismaelcolosi.com.br\/index.php\/wp-json\/wp\/v2\/posts\/44100","targetHints":{"allow":["GET"]}}],"collection":[{"href":"https:\/\/ismaelcolosi.com.br\/index.php\/wp-json\/wp\/v2\/posts"}],"about":[{"href":"https:\/\/ismaelcolosi.com.br\/index.php\/wp-json\/wp\/v2\/types\/post"}],"author":[{"embeddable":true,"href":"https:\/\/ismaelcolosi.com.br\/index.php\/wp-json\/wp\/v2\/users\/1"}],"replies":[{"embeddable":true,"href":"https:\/\/ismaelcolosi.com.br\/index.php\/wp-json\/wp\/v2\/comments?post=44100"}],"version-history":[{"count":0,"href":"https:\/\/ismaelcolosi.com.br\/index.php\/wp-json\/wp\/v2\/posts\/44100\/revisions"}],"wp:featuredmedia":[{"embeddable":true,"href":"https:\/\/ismaelcolosi.com.br\/index.php\/wp-json\/wp\/v2\/media\/44101"}],"wp:attachment":[{"href":"https:\/\/ismaelcolosi.com.br\/index.php\/wp-json\/wp\/v2\/media?parent=44100"}],"wp:term":[{"taxonomy":"category","embeddable":true,"href":"https:\/\/ismaelcolosi.com.br\/index.php\/wp-json\/wp\/v2\/categories?post=44100"},{"taxonomy":"post_tag","embeddable":true,"href":"https:\/\/ismaelcolosi.com.br\/index.php\/wp-json\/wp\/v2\/tags?post=44100"}],"curies":[{"name":"wp","href":"https:\/\/api.w.org\/{rel}","templated":true}]}}