{"id":44007,"date":"2024-03-25T10:43:03","date_gmt":"2024-03-25T13:43:03","guid":{"rendered":"https:\/\/ismaelcolosi.com.br\/index.php\/2024\/03\/25\/cresol-renova-com-camila-morgado-e-lanca-nova-campanha-tudo-comeca-por-voce\/"},"modified":"2024-03-25T10:43:03","modified_gmt":"2024-03-25T13:43:03","slug":"cresol-renova-com-camila-morgado-e-lanca-nova-campanha-tudo-comeca-por-voce","status":"publish","type":"post","link":"https:\/\/ismaelcolosi.com.br\/index.php\/2024\/03\/25\/cresol-renova-com-camila-morgado-e-lanca-nova-campanha-tudo-comeca-por-voce\/","title":{"rendered":"Cresol renova com Camila Morgado e lan\u00e7a nova campanha: \u201cTudo come\u00e7a por voc\u00ea\u201d"},"content":{"rendered":"<p> <br \/>\n<\/p>\n<div>\n<p><span style=\"color: #000000\"><em>A atriz Camila Morgado estrela as divulga\u00e7\u00f5es que destacam o protagonismo dos cooperados nas decis\u00f5es da cooperativa<\/em><\/span><\/p>\n<p><span style=\"color: #000000\">A <strong>Cresol<\/strong> apresenta, a partir do m\u00eas de mar\u00e7o, o seu novo mote, que refor\u00e7a o posicionamento de ter o cooperado no centro das decis\u00f5es. O lema <strong>\u201cTudo come\u00e7a por voc\u00ea\u201d <\/strong>busca evidenciar o protagonismo do cooperado na hist\u00f3ria da cooperativa, participando ativamente, obtendo resultados e promovendo o crescimento m\u00fatuo. Para comunicar essa mensagem, estreia nesta semana a nova campanha nacional da Cresol com a embaixadora da marca, a atriz <strong>Camila Morgado<\/strong>.<\/span><\/p><div class='code-block code-block-8' style='margin: 8px auto; text-align: center; display: block; clear: both;'>\n<script>\n  atOptions = {\n    'key' : '66e2e2111ca34da796271819fc334058',\n    'format' : 'iframe',\n    'height' : 250,\n    'width' : 300,\n    'params' : {}\n  };\n<\/script>\n<script src=\"https:\/\/www.highperformanceformat.com\/66e2e2111ca34da796271819fc334058\/invoke.js\"><\/script>\n<\/div>\n\n<p><span style=\"color: #000000\">O filme de 30 segundos retrata momentos do cotidiano de Camila como cooperada da institui\u00e7\u00e3o, desde uma grava\u00e7\u00e3o de trabalho at\u00e9 um jantar com amigos, inserindo a Cresol de forma sutil em situa\u00e7\u00f5es de intera\u00e7\u00e3o entre pessoas. A proposta \u00e9 mostrar como as solu\u00e7\u00f5es financeiras da Cresol podem fazer parte da rotina das pessoas, criando uma parceria para todos os momentos. A campanha ser\u00e1 veiculada em pe\u00e7as publicit\u00e1rias em diferentes tipos de m\u00eddia.<\/span><\/p>\n<p><span style=\"color: #000000\"><strong>Adriano Michelon<\/strong>, vice-presidente da <strong>Cresol Confedera\u00e7\u00e3o<\/strong>, destaca a relev\u00e2ncia e a representatividade da nova campanha: \u201cEsta comunica\u00e7\u00e3o refor\u00e7a o compromisso da Cresol em colocar o cooperado no centro das decis\u00f5es. Queremos que cada um se sinta parte essencial da nossa hist\u00f3ria e reconhe\u00e7a o papel fundamental que desempenha no crescimento e desenvolvimento da cooperativa. Todos s\u00e3o protagonistas e o cooperativismo, em sua ess\u00eancia, precisa de cada um de n\u00f3s para acontecer\u201d.<\/span><\/p>\n<p><span style=\"color: #000000\">Assista ao v\u00eddeo <a style=\"color: #000000\" href=\"https:\/\/youtu.be\/vPY6ly50XLw\">AQUI<\/a><\/span><\/p>\n<p><span style=\"color: #000000\"><strong>Expans\u00e3o da marca e do neg\u00f3cio<\/strong><\/span><\/p>\n<p><span style=\"color: #000000\">A renova\u00e7\u00e3o da atriz Camila Morgado como embaixadora integra a estrat\u00e9gia de constru\u00e7\u00e3o e consolida\u00e7\u00e3o da marca da Cresol. Com um importante plano de expans\u00e3o do neg\u00f3cio, a campanha institucional da Cresol visa fortalecer a marca junto aos cooperados e n\u00e3o cooperados em todo o pa\u00eds. Hoje, a cooperativa de cr\u00e9dito tem 855 ag\u00eancias em 19 estados e atende mais de 900 mil cooperados.<\/span><\/p>\n<p><span style=\"color: #000000\">Durante quase um ano de campanha com a atriz, a Cresol conduziu pesquisas para avaliar a aceita\u00e7\u00e3o de Camila como embaixadora, com resultados extremamente positivos tanto entre os colaboradores quanto entre os associados.<\/span><\/p>\n<p><span style=\"color: #000000\">Os cooperados enalteceram que as experi\u00eancias vivenciadas nas ag\u00eancias da Cresol, como o atendimento, o acolhimento e o famoso cafezinho, est\u00e3o presentes na comunica\u00e7\u00e3o da campanha. As cores da Cresol e seus elementos evidenciam uma identidade visual consistente. Estes insights refor\u00e7aram a efic\u00e1cia da campanha e contribu\u00edram para a defini\u00e7\u00e3o dos pr\u00f3ximos passos da estrat\u00e9gia de marketing.<\/span><\/p>\n<p><span style=\"color: #000000\">\u201cA decis\u00e3o de renovar a participa\u00e7\u00e3o da Camila reflete a const\u00e2ncia e consist\u00eancia de nosso posicionamento de marca. Em um cen\u00e1rio saturado de informa\u00e7\u00f5es, esta constru\u00e7\u00e3o demanda uma abordagem de longo prazo, exigindo tempo e frequ\u00eancia para efetivamente se destacar no mercado. Ao trazer uma figura de destaque como Camila, refor\u00e7amos a solidez e a qualidade da nossa institui\u00e7\u00e3o financeira cooperativa. Essa abordagem pretende estabelecer uma conex\u00e3o s\u00f3lida e positiva, associando a notoriedade da embaixadora \u00e0 credibilidade da nossa institui\u00e7\u00e3o\u201d, explica Adriano Michelon.<\/span><\/p>\n<p><span style=\"color: #000000\"><strong>Estrutura robusta <\/strong><\/span><\/p>\n<p><span style=\"color: #000000\">Atualmente, mais de 120 profissionais est\u00e3o dedicados \u00e0 Comunica\u00e7\u00e3o e Marketing da Cresol em todo o pa\u00eds. Este n\u00famero, no entanto, tende a crescer acompanhando o forte ritmo de crescimento do sistema nos \u00faltimos anos.<\/span><\/p>\n<p><span style=\"color: #000000\">Para manter uma comunica\u00e7\u00e3o \u00fanica e coesa, estes profissionais realizam um trabalho constante entre as inst\u00e2ncias, visando tanto a presen\u00e7a nacional da marca, quanto a atua\u00e7\u00e3o local, adaptando e complementando a comunica\u00e7\u00e3o, sempre prezando pela ess\u00eancia da Cresol.<\/span><\/p>\n<p><span style=\"color: #000000\">O vice-presidente da Cresol Confedera\u00e7\u00e3o ressalta que um fator primordial para o sucesso deste trabalho \u00e9 o entendimento da cultura do cooperativismo e do que a Cresol se prop\u00f5e a fazer enquanto institui\u00e7\u00e3o financeira cooperativa, que \u00e9 gerar desenvolvimento dos cooperados, de seus empreendimentos e da comunidade.<\/span><\/p>\n<p><span style=\"color: #000000\">Com esse alinhamento, a mensagem da marca \u00e9 transmitida com o mesmo sentido, mas de formas adaptadas para diferentes canais e para a realidade local, n\u00e3o apenas com rela\u00e7\u00e3o ao posicionamento, mas tamb\u00e9m com as necessidades daquele munic\u00edpio ou regi\u00e3o onde a Cresol atua.\u00a0<\/span><\/p>\n<p><span style=\"color: #000000\">\u201cQuando se fala em proximidade, \u00e9 conhecer e entender o que o cooperado precisa estando dispon\u00edvel para ouvi-lo, por meio dos cerca de nove mil colaboradores, e traduzir na Comunica\u00e7\u00e3o o que vai gerar a identifica\u00e7\u00e3o dele com a Cresol. Atualmente, a principal fonte de capta\u00e7\u00e3o de cooperados \u00e9 a indica\u00e7\u00e3o, destacando a import\u00e2ncia do marketing boca a boca. Essa abordagem n\u00e3o s\u00f3 fortalece a presen\u00e7a da Cresol em novas localidades como refor\u00e7a a confian\u00e7a por meio de recomenda\u00e7\u00f5es diretas, contribuindo para o sucesso cont\u00ednuo da expans\u00e3o da cooperativa\u201d, enfatiza Michelon.<\/span><\/p>\n<p><span style=\"color: #000000\"><strong>Sobre a Cresol<\/strong><\/span><\/p>\n<p><span style=\"color: #000000\">Com 28 anos de hist\u00f3ria, mais de 900 mil cooperados e 855 ag\u00eancias de relacionamento em 19 Estados, a Cresol \u00e9 uma das principais institui\u00e7\u00f5es financeiras cooperativas do Pa\u00eds. Com foco no atendimento personalizado, a Cresol fornece solu\u00e7\u00f5es financeiras para pessoas f\u00edsicas, empresas e empreendimentos rurais.<\/span><\/p>\n<p><\/p>\n<\/div>\n<p><br \/>\n<br \/><a href=\"https:\/\/www.tribunaribeirao.com.br\/site\/cresol-renova-com-camila-morgado-e-lanca-nova-campanha-tudo-comeca-por-voce\/\">Source link <\/a><\/p>\n<div class='code-block code-block-4' style='margin: 8px auto 8px 0; text-align: left; display: block; clear: both;'>\n\ud83d\udce2 Aviso Legal\n\nO site ismaelcolosi.com.br atua apenas como um canal de divulga\u00e7\u00e3o de oportunidades de emprego e n\u00e3o se responsabiliza pelo processo seletivo, contrata\u00e7\u00e3o ou qualquer outra etapa relacionada \u00e0s vagas publicadas. Todas as informa\u00e7\u00f5es s\u00e3o de responsabilidade dos anunciantes.\n\n\u26a0\ufe0f Aten\u00e7\u00e3o! Nunca pague por promessas de emprego nem compre cursos que garantam contrata\u00e7\u00e3o. Desconfie de qualquer cobran\u00e7a para participar de sele\u00e7\u00f5es.\n\n\n\n<\/div>\n<!-- CONTENT END 1 -->\n","protected":false},"excerpt":{"rendered":"<p>A atriz Camila Morgado estrela as divulga\u00e7\u00f5es que destacam o protagonismo dos cooperados nas decis\u00f5es da cooperativa A Cresol apresenta, a partir do m\u00eas de&#8230;<\/p>\n","protected":false},"author":1,"featured_media":44008,"comment_status":"open","ping_status":"open","sticky":false,"template":"","format":"standard","meta":{"_uag_custom_page_level_css":"","advanced_seo_description":"","jetpack_seo_html_title":"","jetpack_seo_noindex":false,"jetpack_post_was_ever_published":false,"_jetpack_newsletter_access":"","_jetpack_dont_email_post_to_subs":false,"_jetpack_newsletter_tier_id":0,"_jetpack_memberships_contains_paywalled_content":false,"_jetpack_memberships_contains_paid_content":false,"footnotes":"","jetpack_publicize_message":"","jetpack_publicize_feature_enabled":true,"jetpack_social_post_already_shared":true,"jetpack_social_options":{"image_generator_settings":{"template":"highway","default_image_id":0,"font":"","enabled":false},"version":2}},"categories":[11],"tags":[2604,832,206,863,138,5215,422,134,5214,43,1068],"class_list":["post-44007","post","type-post","status-publish","format-standard","has-post-thumbnail","hentry","category-noticias-de-ribeirao-preto-sp-e-regiao-ismael-colosi","tag-camila","tag-campanha","tag-comeca","tag-cresol","tag-lanca","tag-morgado","tag-nova","tag-por","tag-renova","tag-tudo","tag-voce"],"jetpack_publicize_connections":[],"jetpack_featured_media_url":"https:\/\/i0.wp.com\/ismaelcolosi.com.br\/wp-content\/uploads\/2024\/03\/cresol_camila_2024_cap1_banner_dia-a-dia-arapongas-PR-1080x1080px.png?fit=1080%2C1080&ssl=1","uagb_featured_image_src":{"full":["https:\/\/i0.wp.com\/ismaelcolosi.com.br\/wp-content\/uploads\/2024\/03\/cresol_camila_2024_cap1_banner_dia-a-dia-arapongas-PR-1080x1080px.png?fit=1080%2C1080&ssl=1",1080,1080,false],"thumbnail":["https:\/\/i0.wp.com\/ismaelcolosi.com.br\/wp-content\/uploads\/2024\/03\/cresol_camila_2024_cap1_banner_dia-a-dia-arapongas-PR-1080x1080px.png?resize=150%2C150&ssl=1",150,150,true],"medium":["https:\/\/i0.wp.com\/ismaelcolosi.com.br\/wp-content\/uploads\/2024\/03\/cresol_camila_2024_cap1_banner_dia-a-dia-arapongas-PR-1080x1080px.png?fit=300%2C300&ssl=1",300,300,true],"medium_large":["https:\/\/i0.wp.com\/ismaelcolosi.com.br\/wp-content\/uploads\/2024\/03\/cresol_camila_2024_cap1_banner_dia-a-dia-arapongas-PR-1080x1080px.png?fit=768%2C768&ssl=1",768,768,true],"large":["https:\/\/i0.wp.com\/ismaelcolosi.com.br\/wp-content\/uploads\/2024\/03\/cresol_camila_2024_cap1_banner_dia-a-dia-arapongas-PR-1080x1080px.png?fit=1024%2C1024&ssl=1",1024,1024,true],"1536x1536":["https:\/\/i0.wp.com\/ismaelcolosi.com.br\/wp-content\/uploads\/2024\/03\/cresol_camila_2024_cap1_banner_dia-a-dia-arapongas-PR-1080x1080px.png?fit=1080%2C1080&ssl=1",1080,1080,true],"2048x2048":["https:\/\/i0.wp.com\/ismaelcolosi.com.br\/wp-content\/uploads\/2024\/03\/cresol_camila_2024_cap1_banner_dia-a-dia-arapongas-PR-1080x1080px.png?fit=1080%2C1080&ssl=1",1080,1080,true],"really-simple-thumb":["https:\/\/i0.wp.com\/ismaelcolosi.com.br\/wp-content\/uploads\/2024\/03\/cresol_camila_2024_cap1_banner_dia-a-dia-arapongas-PR-1080x1080px.png?resize=370%2C247&ssl=1",370,247,true]},"uagb_author_info":{"display_name":"ismaelcolosi.com.br","author_link":"https:\/\/ismaelcolosi.com.br\/index.php\/author\/vidareal-online\/"},"uagb_comment_info":0,"uagb_excerpt":"A atriz Camila Morgado estrela as divulga\u00e7\u00f5es que destacam o protagonismo dos cooperados nas decis\u00f5es da cooperativa A Cresol apresenta, a partir do m\u00eas de...","jetpack-related-posts":[{"id":18214,"url":"https:\/\/ismaelcolosi.com.br\/index.php\/2023\/12\/19\/cresol-paga-a-cooperados-mais-de-r-129-milhoes-em-juros-sobre-o-capital-social\/","url_meta":{"origin":44007,"position":0},"title":"Cresol paga a cooperados mais de R$ 129 milh\u00f5es em juros sobre o capital social","author":"ismaelcolosi.com.br","date":"19 de December de 2023","format":false,"excerpt":"19 de dezembro de 2023 | 14:35 0Os cooperados recebem, neste m\u00eas de dezembro, os rendimentos relacionados ao valor de suas cotas capitais mantidas na cooperativaA Cresol, uma das maiores institui\u00e7\u00f5es financeiras cooperativas do pa\u00eds, realiza neste m\u00eas de dezembro o pagamento de juros ao capital social 2023. Mais de\u2026","rel":"","context":"In &quot;Not\u00edcias de Ribeir\u00e3o Preto-SP e Regi\u00e3o&quot;","block_context":{"text":"Not\u00edcias de Ribeir\u00e3o Preto-SP e Regi\u00e3o","link":"https:\/\/ismaelcolosi.com.br\/index.php\/category\/noticias-de-ribeirao-preto-sp-e-regiao-ismael-colosi\/"},"img":{"alt_text":"","src":"https:\/\/i0.wp.com\/ismaelcolosi.com.br\/wp-content\/uploads\/2023\/12\/WhatsApp-Image-2023-12-19-at-09.21.57-scaled.jpeg?fit=963%2C645&ssl=1&resize=350%2C200","width":350,"height":200,"srcset":"https:\/\/i0.wp.com\/ismaelcolosi.com.br\/wp-content\/uploads\/2023\/12\/WhatsApp-Image-2023-12-19-at-09.21.57-scaled.jpeg?fit=963%2C645&ssl=1&resize=350%2C200 1x, https:\/\/i0.wp.com\/ismaelcolosi.com.br\/wp-content\/uploads\/2023\/12\/WhatsApp-Image-2023-12-19-at-09.21.57-scaled.jpeg?fit=963%2C645&ssl=1&resize=525%2C300 1.5x, https:\/\/i0.wp.com\/ismaelcolosi.com.br\/wp-content\/uploads\/2023\/12\/WhatsApp-Image-2023-12-19-at-09.21.57-scaled.jpeg?fit=963%2C645&ssl=1&resize=700%2C400 2x"},"classes":[]},{"id":1537,"url":"https:\/\/ismaelcolosi.com.br\/index.php\/2023\/11\/13\/evento-marca-25-anos-de-parceria-entre-cresol-e-brde\/","url_meta":{"origin":44007,"position":1},"title":"Evento marca 25 anos de parceria entre Cresol e BRDE","author":"ismaelcolosi.com.br","date":"13 de November de 2023","format":false,"excerpt":"Primeiros repasses de cr\u00e9dito rural foram realizados em 1998. Hoje, j\u00e1 s\u00e3o mais de 31 mil opera\u00e7\u00f5es, com valor que ultrapassa os R$ 2 bilh\u00f5esPara marcar os 25 anos de parceria com o Banco Regional de Desenvolvimento do Extremo Sul (BRDE), a Cresol promoveu, dia 9 de novembro, um evento\u2026","rel":"","context":"In &quot;Not\u00edcias de Ribeir\u00e3o Preto-SP e Regi\u00e3o&quot;","block_context":{"text":"Not\u00edcias de Ribeir\u00e3o Preto-SP e Regi\u00e3o","link":"https:\/\/ismaelcolosi.com.br\/index.php\/category\/noticias-de-ribeirao-preto-sp-e-regiao-ismael-colosi\/"},"img":{"alt_text":"","src":"https:\/\/i0.wp.com\/ismaelcolosi.com.br\/wp-content\/uploads\/2023\/11\/Cresol-e-BRDE-trofeu-scaled.jpg?fit=912%2C645&ssl=1&resize=350%2C200","width":350,"height":200,"srcset":"https:\/\/i0.wp.com\/ismaelcolosi.com.br\/wp-content\/uploads\/2023\/11\/Cresol-e-BRDE-trofeu-scaled.jpg?fit=912%2C645&ssl=1&resize=350%2C200 1x, https:\/\/i0.wp.com\/ismaelcolosi.com.br\/wp-content\/uploads\/2023\/11\/Cresol-e-BRDE-trofeu-scaled.jpg?fit=912%2C645&ssl=1&resize=525%2C300 1.5x, https:\/\/i0.wp.com\/ismaelcolosi.com.br\/wp-content\/uploads\/2023\/11\/Cresol-e-BRDE-trofeu-scaled.jpg?fit=912%2C645&ssl=1&resize=700%2C400 2x"},"classes":[]},{"id":6937,"url":"https:\/\/ismaelcolosi.com.br\/index.php\/2023\/11\/27\/cresol-inaugura-agencia-em-sertaozinho-sp\/","url_meta":{"origin":44007,"position":2},"title":"Cresol inaugura ag\u00eancia em Sert\u00e3ozinho (SP)","author":"ismaelcolosi.com.br","date":"27 de November de 2023","format":false,"excerpt":"27 de novembro de 2023 | 10:16 0Evento reuniu autoridades e lideran\u00e7as locais e representou mais um passo na expans\u00e3o da cooperativa no Estado de S\u00e3o PauloA Cresol, cooperativa de cr\u00e9dito comprometida com o desenvolvimento econ\u00f4mico e social das regi\u00f5es onde atua, est\u00e1 expandindo sua presen\u00e7a e chegando cada vez\u2026","rel":"","context":"In &quot;Not\u00edcias de Ribeir\u00e3o Preto-SP e Regi\u00e3o&quot;","block_context":{"text":"Not\u00edcias de Ribeir\u00e3o Preto-SP e Regi\u00e3o","link":"https:\/\/ismaelcolosi.com.br\/index.php\/category\/noticias-de-ribeirao-preto-sp-e-regiao-ismael-colosi\/"},"img":{"alt_text":"","src":"https:\/\/i0.wp.com\/ismaelcolosi.com.br\/wp-content\/uploads\/2023\/11\/CRESOL-SERTAOZINHO_inauguracao-7.jpg?fit=1200%2C800&ssl=1&resize=350%2C200","width":350,"height":200,"srcset":"https:\/\/i0.wp.com\/ismaelcolosi.com.br\/wp-content\/uploads\/2023\/11\/CRESOL-SERTAOZINHO_inauguracao-7.jpg?fit=1200%2C800&ssl=1&resize=350%2C200 1x, https:\/\/i0.wp.com\/ismaelcolosi.com.br\/wp-content\/uploads\/2023\/11\/CRESOL-SERTAOZINHO_inauguracao-7.jpg?fit=1200%2C800&ssl=1&resize=525%2C300 1.5x, https:\/\/i0.wp.com\/ismaelcolosi.com.br\/wp-content\/uploads\/2023\/11\/CRESOL-SERTAOZINHO_inauguracao-7.jpg?fit=1200%2C800&ssl=1&resize=700%2C400 2x, https:\/\/i0.wp.com\/ismaelcolosi.com.br\/wp-content\/uploads\/2023\/11\/CRESOL-SERTAOZINHO_inauguracao-7.jpg?fit=1200%2C800&ssl=1&resize=1050%2C600 3x"},"classes":[]},{"id":10450,"url":"https:\/\/ismaelcolosi.com.br\/index.php\/2023\/12\/04\/cresol-inaugura-agencia-em-sertaozinho-sp-2\/","url_meta":{"origin":44007,"position":3},"title":"Cresol inaugura ag\u00eancia em Sert\u00e3ozinho (SP)","author":"ismaelcolosi.com.br","date":"4 de December de 2023","format":false,"excerpt":"4 de dezembro de 2023 | 15:06 0Evento reuniu autoridades e lideran\u00e7as locais e representou mais um passo na expans\u00e3o da cooperativa no Estado de S\u00e3o PauloA Cresol, cooperativa de cr\u00e9dito comprometida com o desenvolvimento econ\u00f4mico e social das regi\u00f5es onde atua, est\u00e1 expandindo sua presen\u00e7a e chegando cada vez\u2026","rel":"","context":"In &quot;Not\u00edcias de Ribeir\u00e3o Preto-SP e Regi\u00e3o&quot;","block_context":{"text":"Not\u00edcias de Ribeir\u00e3o Preto-SP e Regi\u00e3o","link":"https:\/\/ismaelcolosi.com.br\/index.php\/category\/noticias-de-ribeirao-preto-sp-e-regiao-ismael-colosi\/"},"img":{"alt_text":"","src":"https:\/\/i0.wp.com\/ismaelcolosi.com.br\/wp-content\/uploads\/2023\/12\/CRESOL-SERTAOZINHO_inauguracao-7-1-scaled.jpg?fit=967%2C645&ssl=1&resize=350%2C200","width":350,"height":200,"srcset":"https:\/\/i0.wp.com\/ismaelcolosi.com.br\/wp-content\/uploads\/2023\/12\/CRESOL-SERTAOZINHO_inauguracao-7-1-scaled.jpg?fit=967%2C645&ssl=1&resize=350%2C200 1x, https:\/\/i0.wp.com\/ismaelcolosi.com.br\/wp-content\/uploads\/2023\/12\/CRESOL-SERTAOZINHO_inauguracao-7-1-scaled.jpg?fit=967%2C645&ssl=1&resize=525%2C300 1.5x, https:\/\/i0.wp.com\/ismaelcolosi.com.br\/wp-content\/uploads\/2023\/12\/CRESOL-SERTAOZINHO_inauguracao-7-1-scaled.jpg?fit=967%2C645&ssl=1&resize=700%2C400 2x"},"classes":[]},{"id":39073,"url":"https:\/\/ismaelcolosi.com.br\/index.php\/2024\/02\/23\/cresol-comemora-melhorias-anunciadas-pelo-bndes-e-ampliacao-do-procapcred-2\/","url_meta":{"origin":44007,"position":4},"title":"Cresol comemora melhorias anunciadas pelo BNDES e amplia\u00e7\u00e3o do Procapcred","author":"ismaelcolosi.com.br","date":"23 de February de 2024","format":false,"excerpt":"23 de fevereiro de 2024 | 8:49 0A institui\u00e7\u00e3o parceira apresentou medidas como aumento do or\u00e7amento e\u00a0 amplia\u00e7\u00e3o do acesso para PF no programa, entre outras novidadesDiretores da\u00a0Cresol\u00a0participaram na sexta-feira, 2, de evento promovido pelo\u00a0Banco Nacional de Desenvolvimento Econ\u00f4mico e Social (BNDES)\u00a0para apresentar melhorias no\u00a0Procapcred\u00a0e em condi\u00e7\u00f5es e alcance de\u2026","rel":"","context":"In &quot;Not\u00edcias de Ribeir\u00e3o Preto-SP e Regi\u00e3o&quot;","block_context":{"text":"Not\u00edcias de Ribeir\u00e3o Preto-SP e Regi\u00e3o","link":"https:\/\/ismaelcolosi.com.br\/index.php\/category\/noticias-de-ribeirao-preto-sp-e-regiao-ismael-colosi\/"},"img":{"alt_text":"","src":"https:\/\/i0.wp.com\/ismaelcolosi.com.br\/wp-content\/uploads\/2024\/02\/foto-principal-1-scaled.jpg?fit=992%2C645&ssl=1&resize=350%2C200","width":350,"height":200,"srcset":"https:\/\/i0.wp.com\/ismaelcolosi.com.br\/wp-content\/uploads\/2024\/02\/foto-principal-1-scaled.jpg?fit=992%2C645&ssl=1&resize=350%2C200 1x, https:\/\/i0.wp.com\/ismaelcolosi.com.br\/wp-content\/uploads\/2024\/02\/foto-principal-1-scaled.jpg?fit=992%2C645&ssl=1&resize=525%2C300 1.5x, https:\/\/i0.wp.com\/ismaelcolosi.com.br\/wp-content\/uploads\/2024\/02\/foto-principal-1-scaled.jpg?fit=992%2C645&ssl=1&resize=700%2C400 2x"},"classes":[]},{"id":28290,"url":"https:\/\/ismaelcolosi.com.br\/index.php\/2024\/01\/15\/pesquisa-aponta-que-67-dos-brasileiros-enfrentam-dificuldade-para-poupar\/","url_meta":{"origin":44007,"position":5},"title":"Pesquisa aponta que 67% dos brasileiros enfrentam dificuldade para poupar","author":"ismaelcolosi.com.br","date":"15 de January de 2024","format":false,"excerpt":"Diretor de Neg\u00f3cios da Cresol refor\u00e7a a import\u00e2ncia de criar uma reserva financeira e indica os caminhos para come\u00e7ar a guardar dinheiroUma pesquisa recente do Datafolha revelou que 67% dos brasileiros enfrentam dificuldades para economizar. H\u00e1bitos ruins de consumo, falta de consci\u00eancia financeira e aus\u00eancia de planejamento contribuem para essa\u2026","rel":"","context":"In &quot;Not\u00edcias de Ribeir\u00e3o Preto-SP e Regi\u00e3o&quot;","block_context":{"text":"Not\u00edcias de Ribeir\u00e3o Preto-SP e Regi\u00e3o","link":"https:\/\/ismaelcolosi.com.br\/index.php\/category\/noticias-de-ribeirao-preto-sp-e-regiao-ismael-colosi\/"},"img":{"alt_text":"","src":"https:\/\/i0.wp.com\/ismaelcolosi.com.br\/wp-content\/uploads\/2024\/01\/cresol-dicas-para-poupar-scaled.jpg?fit=967%2C645&ssl=1&resize=350%2C200","width":350,"height":200,"srcset":"https:\/\/i0.wp.com\/ismaelcolosi.com.br\/wp-content\/uploads\/2024\/01\/cresol-dicas-para-poupar-scaled.jpg?fit=967%2C645&ssl=1&resize=350%2C200 1x, https:\/\/i0.wp.com\/ismaelcolosi.com.br\/wp-content\/uploads\/2024\/01\/cresol-dicas-para-poupar-scaled.jpg?fit=967%2C645&ssl=1&resize=525%2C300 1.5x, https:\/\/i0.wp.com\/ismaelcolosi.com.br\/wp-content\/uploads\/2024\/01\/cresol-dicas-para-poupar-scaled.jpg?fit=967%2C645&ssl=1&resize=700%2C400 2x"},"classes":[]}],"jetpack_sharing_enabled":true,"jetpack_shortlink":"https:\/\/wp.me\/pfMlyK-brN","_links":{"self":[{"href":"https:\/\/ismaelcolosi.com.br\/index.php\/wp-json\/wp\/v2\/posts\/44007","targetHints":{"allow":["GET"]}}],"collection":[{"href":"https:\/\/ismaelcolosi.com.br\/index.php\/wp-json\/wp\/v2\/posts"}],"about":[{"href":"https:\/\/ismaelcolosi.com.br\/index.php\/wp-json\/wp\/v2\/types\/post"}],"author":[{"embeddable":true,"href":"https:\/\/ismaelcolosi.com.br\/index.php\/wp-json\/wp\/v2\/users\/1"}],"replies":[{"embeddable":true,"href":"https:\/\/ismaelcolosi.com.br\/index.php\/wp-json\/wp\/v2\/comments?post=44007"}],"version-history":[{"count":0,"href":"https:\/\/ismaelcolosi.com.br\/index.php\/wp-json\/wp\/v2\/posts\/44007\/revisions"}],"wp:featuredmedia":[{"embeddable":true,"href":"https:\/\/ismaelcolosi.com.br\/index.php\/wp-json\/wp\/v2\/media\/44008"}],"wp:attachment":[{"href":"https:\/\/ismaelcolosi.com.br\/index.php\/wp-json\/wp\/v2\/media?parent=44007"}],"wp:term":[{"taxonomy":"category","embeddable":true,"href":"https:\/\/ismaelcolosi.com.br\/index.php\/wp-json\/wp\/v2\/categories?post=44007"},{"taxonomy":"post_tag","embeddable":true,"href":"https:\/\/ismaelcolosi.com.br\/index.php\/wp-json\/wp\/v2\/tags?post=44007"}],"curies":[{"name":"wp","href":"https:\/\/api.w.org\/{rel}","templated":true}]}}