{"id":43947,"date":"2024-03-24T16:26:17","date_gmt":"2024-03-24T19:26:17","guid":{"rendered":"https:\/\/ismaelcolosi.com.br\/index.php\/2024\/03\/24\/filme-revisita-historia-do-brasil-a-partir-da-trajetoria-de-pc-farias\/"},"modified":"2024-03-24T16:26:17","modified_gmt":"2024-03-24T19:26:17","slug":"filme-revisita-historia-do-brasil-a-partir-da-trajetoria-de-pc-farias","status":"publish","type":"post","link":"https:\/\/ismaelcolosi.com.br\/index.php\/2024\/03\/24\/filme-revisita-historia-do-brasil-a-partir-da-trajetoria-de-pc-farias\/","title":{"rendered":"Filme revisita hist\u00f3ria do Brasil a partir da trajet\u00f3ria de PC Farias\u00a0"},"content":{"rendered":"<p> <br \/>\n<\/p>\n<div>\n<p><span data-contrast=\"auto\">Um personagem que chegou \u00e0s alturas do poder encoberto pelas sombras \u00e9 o tema do document\u00e1rio Morcego Negro. O filme, que entrou em cartaz na quinta-feira (21), reconta a hist\u00f3ria de Paulo C\u00e9sar Farias, empres\u00e1rio e tesoureiro da campanha que levou Fernando Collor de Mello \u00e0 Presid\u00eancia da Rep\u00fablica em 1989. O trabalho \u00e9 baseado no livro Morcegos negros, de Lucas Figueiredo.<\/span><span data-ccp-props=\"{&quot;201341983&quot;:0,&quot;335559739&quot;:160,&quot;335559740&quot;:259}\">\u00a0<\/span><\/p>\n<p><span data-contrast=\"auto\">\u201cEle n\u00e3o \u00e9 uma figura p\u00fablica. O PC se torna p\u00fablico por meio da CPI [Comiss\u00e3o Parlamentar de Inqu\u00e9rito]. Ningu\u00e9m da popula\u00e7\u00e3o em geral sabia quem era PC Farias, o que fazia, o que falava, o que comia, o que pensava\u201d, comenta Cleisson Vidal, que dirige o longa-metragem ao lado de Chaim Litewski.<\/span><span data-ccp-props=\"{&quot;201341983&quot;:0,&quot;335559739&quot;:160,&quot;335559740&quot;:259}\">\u00a0<\/span><\/p>\n<p><b><span data-contrast=\"auto\">Impeachment<\/span><\/b><span data-ccp-props=\"{&quot;201341983&quot;:0,&quot;335559739&quot;:160,&quot;335559740&quot;:259}\">\u00a0<\/span><\/p>\n<p><span data-contrast=\"auto\">Collor foi o primeiro presidente eleito por vota\u00e7\u00e3o direta desde o golpe que instaurou a ditadura militar em 1964. O empres\u00e1rio alagoano deixaria o Pal\u00e1cio do Planalto ap\u00f3s sofrer processo de impeachment no Congresso Nacional, no segundo ano de governo, em 1992. A perda do mandato ocorreu devido a esc\u00e2ndalos de corrup\u00e7\u00e3o, em que PC, apontado como figura central, foi investigado em CPI ao longo daquele mesmo ano.<\/span><span data-ccp-props=\"{&quot;201341983&quot;:0,&quot;335559739&quot;:160,&quot;335559740&quot;:259}\">\u00a0<\/span><\/p>\n<p><span data-contrast=\"auto\">\u201c\u00c9 um per\u00edodo muito turbulento\u201d, diz o diretor, lembrando que enquanto o Brasil vivia a redemocratiza\u00e7\u00e3o, o mundo encarava o fim da Uni\u00e3o Sovi\u00e9tica e a polariza\u00e7\u00e3o da Guerra Fria. \u201c\u00c9 um per\u00edodo de transi\u00e7\u00e3o no mundo\u201d, enfatiza.<\/span><span data-ccp-props=\"{&quot;201341983&quot;:0,&quot;335559739&quot;:160,&quot;335559740&quot;:259}\">\u00a0<\/span><\/p>\n<p><span data-contrast=\"auto\">\u201c\u00c9 uma coisa de olhar a hist\u00f3ria de novo, entender quem s\u00e3o essas figuras, esses personagens, qual o papel que foi dado a eles e o que de fato representaram\u201d, explica Vidal sobre as motiva\u00e7\u00f5es do filme, que tem depoimentos de figuras-chave \u00e0 \u00e9poca, como o pr\u00f3prio Collor e o ent\u00e3o l\u00edder do governo no Congresso, Renan Calheiros. \u201cA gente tinha o compromisso de tentar falar com essas pessoas numa perspectiva hist\u00f3rica, j\u00e1 com certo distanciamento, com a vida delas em outro momento\u201d, acrescenta o diretor.<\/span><span data-ccp-props=\"{&quot;201341983&quot;:0,&quot;335559739&quot;:160,&quot;335559740&quot;:259}\">\u00a0<\/span><\/p>\n<p><b><span data-contrast=\"auto\">Vil\u00e3o<\/span><\/b><span data-ccp-props=\"{&quot;201341983&quot;:0,&quot;335559739&quot;:160,&quot;335559740&quot;:259}\">\u00a0<\/span><\/p>\n<p><span data-contrast=\"auto\">A ascens\u00e3o de Collor ao poder fez com que PC tamb\u00e9m chegasse \u00e0s alturas em influ\u00eancia na pol\u00edtica nacional. Um elemento que ilustra material e simbolicamente esse momento \u00e9 o jato particular adquirido pelo empres\u00e1rio. A aeronave, batizada por ele de Morcego Negro, foi alvo de investiga\u00e7\u00f5es e especula\u00e7\u00f5es at\u00e9 depois de sua morte.<\/span><span data-ccp-props=\"{&quot;201341983&quot;:0,&quot;335559739&quot;:160,&quot;335559740&quot;:259}\">\u00a0<\/span><\/p>\n<p><span data-contrast=\"auto\">A constru\u00e7\u00e3o de PC como vil\u00e3o \u00e9 um dos pontos explorados pelo filme. Os depoimentos mostram que a personifica\u00e7\u00e3o dos esc\u00e2ndalos no tesoureiro misturava conveni\u00eancia e preconceito. At\u00e9 a apar\u00eancia f\u00edsica do empres\u00e1rio teria sido apropriada para essa constru\u00e7\u00e3o.<\/span><span data-ccp-props=\"{&quot;201341983&quot;:0,&quot;335559739&quot;:160,&quot;335559740&quot;:259}\">\u00a0<\/span><\/p>\n<p><span data-contrast=\"auto\">Careca, com bigode definido como \u201cgrande demais\u201d por um dos entrevistados, com gosto por roupas extravagantes, al\u00e9m da origem nordestina, s\u00e3o elementos citados como prop\u00edcios para compor essa imagem. \u201cAli voc\u00ea tinha o interesse de criar uma imagem negativa daquela pessoa. E, por sua vez, atingir o presidente da Rep\u00fablica. Ent\u00e3o, onde voc\u00ea pega? Voc\u00ea pega nos estere\u00f3tipos\u201d, diz Vidal.<\/span><span data-ccp-props=\"{&quot;201341983&quot;:0,&quot;335559739&quot;:160,&quot;335559740&quot;:259}\">\u00a0<\/span><\/p>\n<p><span data-contrast=\"auto\">Em contraponto, o filme traz elementos menos lembrados a respeito do tesoureiro, apresentado por diversas vezes como pessoa simp\u00e1tica, culta e que valorizava os momentos em fam\u00edlia. Faltam, no entanto, grava\u00e7\u00f5es em que PC teve a oportunidade de falar sobre si mesmo, por isso o registro da CPI ganha import\u00e2ncia.<\/span><span data-ccp-props=\"{&quot;201341983&quot;:0,&quot;335559739&quot;:160,&quot;335559740&quot;:259}\">\u00a0<\/span><\/p>\n<p><span data-contrast=\"auto\">\u201cEle pede a palavra ao Congresso e fala: \u2018deixa eu contar a minha hist\u00f3ria\u2019. Porque, at\u00e9 ent\u00e3o, a hist\u00f3ria dele estava sendo contada pelos jornais e revistas. Ali, de fato, ele se torna uma figura p\u00fablica. Voc\u00ea n\u00e3o tem registro do PC antes, de \u00e1udio ou filmagem. Por isso que a gente entende que aquilo ali seja a melhor pe\u00e7a sobre o PC\u201d, explica o diretor sobre a import\u00e2ncia do registro.<\/span><span data-ccp-props=\"{&quot;201341983&quot;:0,&quot;335559739&quot;:160,&quot;335559740&quot;:259}\">\u00a0<\/span><\/p>\n<p><b><span data-contrast=\"auto\">Religiosidade<\/span><\/b><span data-ccp-props=\"{&quot;201341983&quot;:0,&quot;335559739&quot;:160,&quot;335559740&quot;:259}\">\u00a0<\/span><\/p>\n<p><span data-contrast=\"auto\">Um aspecto \u00edntimo que emerge e se mistura \u00e0 vida p\u00fablica do tesoureiro \u00e9 a religiosidade. M\u00e3e Mirian, uma das matriarcas das religi\u00f5es de matriz africana de Alagoas, \u00e9 uma das entrevistadas para o filme. Para Vidal, a ialorix\u00e1 antecipou o destino tr\u00e1gico que esperava PC. \u201cEla acerta tudo que fala. Os b\u00fazios dela acertam tudo. Ela contou ao PC algumas coisas, ou intuiu ou direcionou\u201d, comenta o diretor. \u201cA esposa do PC \u00e9 uma mulher muito espiritualizada. S\u00e3o esses elementos ricos que tornam as figuras dos personagens brasileiros t\u00e3o complexas\u201d, complementa.<\/span><span data-ccp-props=\"{&quot;201341983&quot;:0,&quot;335559739&quot;:160,&quot;335559740&quot;:259}\">\u00a0<\/span><\/p>\n<p><span data-contrast=\"auto\">A pr\u00f3pria natureza da atividade pol\u00edtica, na vis\u00e3o de Vidal, acaba atraindo a necessidade de ferramentas que v\u00e3o al\u00e9m do racional. \u201cPol\u00edtica \u00e9 uma coisa muito aberta, de muita energia, n\u00e3o d\u00e1 para confiar s\u00f3 nas pesquisas de mercado. Tamb\u00e9m precisa da prote\u00e7\u00e3o do n\u00e3o vis\u00edvel, da energia c\u00f3smica humana que se traduz por meio da religi\u00e3o\u201d, afirma.<\/span><span data-ccp-props=\"{&quot;201341983&quot;:0,&quot;335559739&quot;:160,&quot;335559740&quot;:259}\">\u00a0<\/span><\/p>\n<p><b><span data-contrast=\"auto\">Fuga e morte<\/span><\/b><span data-ccp-props=\"{&quot;201341983&quot;:0,&quot;335559739&quot;:160,&quot;335559740&quot;:259}\">\u00a0<\/span><\/p>\n<p><span data-contrast=\"auto\">Ap\u00f3s a sa\u00edda de Collor da Presid\u00eancia, PC foge do pa\u00eds. O document\u00e1rio mostra que durante o per\u00edodo em que esteve na clandestinidade no exterior, o empres\u00e1rio teve a ajuda de autoridades estrangeiras em alguns pa\u00edses. Ao retornar, passa algum tempo na pris\u00e3o.<\/span><span data-ccp-props=\"{&quot;201341983&quot;:0,&quot;335559739&quot;:160,&quot;335559740&quot;:259}\">\u00a0<\/span><\/p>\n<p><span data-contrast=\"auto\">J\u00e1 em liberdade, em junho de 1996, PC Farias \u00e9 assassinado junto com a namorada Suzana Marcolino. A primeira vers\u00e3o \u00e9 de que ela teria matado o empres\u00e1rio e se suicidado depois. Exames periciais posteriores descartam a hip\u00f3tese de suic\u00eddio. Quatro policiais militares que faziam a seguran\u00e7a da casa em que o casal foi morto chegaram a ser julgados pelo crime em 2013, sendo absolvidos ao final.<\/span><span data-ccp-props=\"{&quot;201341983&quot;:0,&quot;335559739&quot;:160,&quot;335559740&quot;:259}\">\u00a0<\/span><\/p>\n<p><span data-ccp-props=\"{&quot;201341983&quot;:0,&quot;335559739&quot;:160,&quot;335559740&quot;:259}\">\u00a0<\/span><\/p>\n<p>\u00a0<\/p>\n<\/div>\n<p><br \/>\n<br \/><a href=\"https:\/\/www.tribunaribeirao.com.br\/site\/filme-revisita-historia-do-brasil-a-partir-da-trajetoria-de-pc-farias\/\">Source link <\/a><\/p>\n<div class='code-block code-block-4' style='margin: 8px auto 8px 0; text-align: left; display: block; clear: both;'>\n\ud83d\udce2 Aviso Legal\n\nO site ismaelcolosi.com.br atua apenas como um canal de divulga\u00e7\u00e3o de oportunidades de emprego e n\u00e3o se responsabiliza pelo processo seletivo, contrata\u00e7\u00e3o ou qualquer outra etapa relacionada \u00e0s vagas publicadas. Todas as informa\u00e7\u00f5es s\u00e3o de responsabilidade dos anunciantes.\n\n\u26a0\ufe0f Aten\u00e7\u00e3o! Nunca pague por promessas de emprego nem compre cursos que garantam contrata\u00e7\u00e3o. Desconfie de qualquer cobran\u00e7a para participar de sele\u00e7\u00f5es.\n\n\n\n<\/div>\n<!-- CONTENT END 1 -->\n","protected":false},"excerpt":{"rendered":"<p>Um personagem que chegou \u00e0s alturas do poder encoberto pelas sombras \u00e9 o tema do document\u00e1rio Morcego Negro. O filme, que entrou em cartaz na&#8230;<\/p>\n","protected":false},"author":1,"featured_media":43948,"comment_status":"open","ping_status":"open","sticky":false,"template":"","format":"standard","meta":{"_uag_custom_page_level_css":"","advanced_seo_description":"","jetpack_seo_html_title":"","jetpack_seo_noindex":false,"jetpack_post_was_ever_published":false,"_jetpack_newsletter_access":"","_jetpack_dont_email_post_to_subs":false,"_jetpack_newsletter_tier_id":0,"_jetpack_memberships_contains_paywalled_content":false,"_jetpack_memberships_contains_paid_content":false,"footnotes":"","jetpack_publicize_message":"","jetpack_publicize_feature_enabled":true,"jetpack_social_post_already_shared":true,"jetpack_social_options":{"image_generator_settings":{"template":"highway","default_image_id":0,"font":"","enabled":false},"version":2}},"categories":[11],"tags":[137,5207,2429,478,166,5206,3504],"class_list":["post-43947","post","type-post","status-publish","format-standard","has-post-thumbnail","hentry","category-noticias-de-ribeirao-preto-sp-e-regiao-ismael-colosi","tag-brasil","tag-farias","tag-filme","tag-historia","tag-partir","tag-revisita","tag-trajetoria"],"jetpack_publicize_connections":[],"jetpack_featured_media_url":"https:\/\/i0.wp.com\/ismaelcolosi.com.br\/wp-content\/uploads\/2024\/03\/morcego-negro-cartaz-final2_2-01.jpg?fit=725%2C700&ssl=1","uagb_featured_image_src":{"full":["https:\/\/i0.wp.com\/ismaelcolosi.com.br\/wp-content\/uploads\/2024\/03\/morcego-negro-cartaz-final2_2-01.jpg?fit=725%2C700&ssl=1",725,700,false],"thumbnail":["https:\/\/i0.wp.com\/ismaelcolosi.com.br\/wp-content\/uploads\/2024\/03\/morcego-negro-cartaz-final2_2-01.jpg?resize=150%2C150&ssl=1",150,150,true],"medium":["https:\/\/i0.wp.com\/ismaelcolosi.com.br\/wp-content\/uploads\/2024\/03\/morcego-negro-cartaz-final2_2-01.jpg?fit=300%2C290&ssl=1",300,290,true],"medium_large":["https:\/\/i0.wp.com\/ismaelcolosi.com.br\/wp-content\/uploads\/2024\/03\/morcego-negro-cartaz-final2_2-01.jpg?fit=725%2C700&ssl=1",725,700,true],"large":["https:\/\/i0.wp.com\/ismaelcolosi.com.br\/wp-content\/uploads\/2024\/03\/morcego-negro-cartaz-final2_2-01.jpg?fit=725%2C700&ssl=1",725,700,true],"1536x1536":["https:\/\/i0.wp.com\/ismaelcolosi.com.br\/wp-content\/uploads\/2024\/03\/morcego-negro-cartaz-final2_2-01.jpg?fit=725%2C700&ssl=1",725,700,true],"2048x2048":["https:\/\/i0.wp.com\/ismaelcolosi.com.br\/wp-content\/uploads\/2024\/03\/morcego-negro-cartaz-final2_2-01.jpg?fit=725%2C700&ssl=1",725,700,true],"really-simple-thumb":["https:\/\/i0.wp.com\/ismaelcolosi.com.br\/wp-content\/uploads\/2024\/03\/morcego-negro-cartaz-final2_2-01.jpg?resize=370%2C247&ssl=1",370,247,true]},"uagb_author_info":{"display_name":"ismaelcolosi.com.br","author_link":"https:\/\/ismaelcolosi.com.br\/index.php\/author\/vidareal-online\/"},"uagb_comment_info":0,"uagb_excerpt":"Um personagem que chegou \u00e0s alturas do poder encoberto pelas sombras \u00e9 o tema do document\u00e1rio Morcego Negro. O filme, que entrou em cartaz na...","jetpack-related-posts":[{"id":87863,"url":"https:\/\/ismaelcolosi.com.br\/index.php\/2025\/10\/08\/como-brasileira-chegou-ao-topo-da-inovacao-da-loreal-na-america-latina\/","url_meta":{"origin":43947,"position":0},"title":"Como Brasileira Chegou Ao Topo da Inova\u00e7\u00e3o da L\u2019Or\u00e9al na Am\u00e9rica Latina","author":"ismaelcolosi.com.br","date":"8 de October de 2025","format":false,"excerpt":"\r Divulga\u00e7\u00e3o\r Com mais de duas d\u00e9cadas de experi\u00eancia entre academia e ind\u00fastria, Juliana Farias \u00e9 formada em engenharia de alimentos pela Unicamp\r Acessibilidade \r L\r L\r A-\r A+\r \r \u25d0\r \r Juliana Farias \u00e9 a primeira brasileira e a primeira mulher a assumir a diretoria de pesquisa e inova\u00e7\u00e3o\u2026","rel":"","context":"In &quot;Carreira e Sucesso&quot;","block_context":{"text":"Carreira e Sucesso","link":"https:\/\/ismaelcolosi.com.br\/index.php\/category\/carreira-e-sucesso-dicas-para-carreira\/"},"img":{"alt_text":"","src":"https:\/\/i0.wp.com\/ismaelcolosi.com.br\/wp-content\/uploads\/2025\/10\/Juliana-Farias-Loreal-1200x675.jpg?fit=1200%2C675&ssl=1&resize=350%2C200","width":350,"height":200,"srcset":"https:\/\/i0.wp.com\/ismaelcolosi.com.br\/wp-content\/uploads\/2025\/10\/Juliana-Farias-Loreal-1200x675.jpg?fit=1200%2C675&ssl=1&resize=350%2C200 1x, https:\/\/i0.wp.com\/ismaelcolosi.com.br\/wp-content\/uploads\/2025\/10\/Juliana-Farias-Loreal-1200x675.jpg?fit=1200%2C675&ssl=1&resize=525%2C300 1.5x, https:\/\/i0.wp.com\/ismaelcolosi.com.br\/wp-content\/uploads\/2025\/10\/Juliana-Farias-Loreal-1200x675.jpg?fit=1200%2C675&ssl=1&resize=700%2C400 2x, https:\/\/i0.wp.com\/ismaelcolosi.com.br\/wp-content\/uploads\/2025\/10\/Juliana-Farias-Loreal-1200x675.jpg?fit=1200%2C675&ssl=1&resize=1050%2C600 3x"},"classes":[]},{"id":38606,"url":"https:\/\/ismaelcolosi.com.br\/index.php\/2024\/02\/20\/video-enteado-de-pm-assassinado-divulga-video-agradecendo-apoio\/","url_meta":{"origin":43947,"position":1},"title":"V\u00cdDEO &#8211; Enteado de PM assassinado divulga v\u00eddeo agradecendo apoio","author":"ismaelcolosi.com.br","date":"20 de February de 2024","format":false,"excerpt":"Rafael Bernardes Farias foi ferido durante latroc\u00ednio do policial aposentado e recebeu alta ap\u00f3s interna\u00e7\u00e3o hospitalar por conta de troca de tiros com assaltantes 20 de fevereiro de 2024 | 16:4720 de fevereiro de 2024 | 16:54 2Por: Adalberto LuqueO homem ferido durante tiroteio que resultou na morte do policial\u2026","rel":"","context":"In &quot;Not\u00edcias de Ribeir\u00e3o Preto-SP e Regi\u00e3o&quot;","block_context":{"text":"Not\u00edcias de Ribeir\u00e3o Preto-SP e Regi\u00e3o","link":"https:\/\/ismaelcolosi.com.br\/index.php\/category\/noticias-de-ribeirao-preto-sp-e-regiao-ismael-colosi\/"},"img":{"alt_text":"","src":"https:\/\/i0.wp.com\/ismaelcolosi.com.br\/wp-content\/uploads\/2024\/02\/00-20-fev-2024-latrocinio-pm-aposentato-foto-reproducao.jpg?fit=772%2C542&ssl=1&resize=350%2C200","width":350,"height":200,"srcset":"https:\/\/i0.wp.com\/ismaelcolosi.com.br\/wp-content\/uploads\/2024\/02\/00-20-fev-2024-latrocinio-pm-aposentato-foto-reproducao.jpg?fit=772%2C542&ssl=1&resize=350%2C200 1x, https:\/\/i0.wp.com\/ismaelcolosi.com.br\/wp-content\/uploads\/2024\/02\/00-20-fev-2024-latrocinio-pm-aposentato-foto-reproducao.jpg?fit=772%2C542&ssl=1&resize=525%2C300 1.5x, https:\/\/i0.wp.com\/ismaelcolosi.com.br\/wp-content\/uploads\/2024\/02\/00-20-fev-2024-latrocinio-pm-aposentato-foto-reproducao.jpg?fit=772%2C542&ssl=1&resize=700%2C400 2x"},"classes":[]},{"id":31181,"url":"https:\/\/ismaelcolosi.com.br\/index.php\/2024\/01\/21\/top-10-musicas-gospel-mais-tocadas-2024\/","url_meta":{"origin":43947,"position":2},"title":"Top 10 m\u00fasicas Gospel mais tocadas (2024)","author":"ismaelcolosi.com.br","date":"21 de January de 2024","format":false,"excerpt":"Confira quais s\u00e3o as m\u00fasicas gospel mais tocadas. Ou\u00e7a a playlist das melhores m\u00fasicas evang\u00e9licas mais tocadas no Youtube, assim como nas igrejas e consequentemente nas r\u00e1dios do Brasil. Portanto, aproveite para ouvir o ranking do top gospel do momento atualizado(2024) com esses lindos hinos evang\u00e9licos e louvores de adora\u00e7\u00e3o\u2026","rel":"","context":"In &quot;Blog&quot;","block_context":{"text":"Blog","link":"https:\/\/ismaelcolosi.com.br\/index.php\/category\/blog\/"},"img":{"alt_text":"","src":"https:\/\/i0.wp.com\/ismaelcolosi.com.br\/wp-content\/uploads\/2024\/01\/Musicas-gospel-mais-tocadas.jpg?fit=1200%2C675&ssl=1&resize=350%2C200","width":350,"height":200,"srcset":"https:\/\/i0.wp.com\/ismaelcolosi.com.br\/wp-content\/uploads\/2024\/01\/Musicas-gospel-mais-tocadas.jpg?fit=1200%2C675&ssl=1&resize=350%2C200 1x, https:\/\/i0.wp.com\/ismaelcolosi.com.br\/wp-content\/uploads\/2024\/01\/Musicas-gospel-mais-tocadas.jpg?fit=1200%2C675&ssl=1&resize=525%2C300 1.5x, https:\/\/i0.wp.com\/ismaelcolosi.com.br\/wp-content\/uploads\/2024\/01\/Musicas-gospel-mais-tocadas.jpg?fit=1200%2C675&ssl=1&resize=700%2C400 2x, https:\/\/i0.wp.com\/ismaelcolosi.com.br\/wp-content\/uploads\/2024\/01\/Musicas-gospel-mais-tocadas.jpg?fit=1200%2C675&ssl=1&resize=1050%2C600 3x"},"classes":[]},{"id":4418,"url":"https:\/\/ismaelcolosi.com.br\/index.php\/2023\/11\/21\/lucas-guimaraes-abre-o-jogo-e-expoe-verdadeiro-motivo-de-ter-se-separado-de-carlinhos-maia-ajeitava-garotos-de-programa\/","url_meta":{"origin":43947,"position":3},"title":"Lucas Guimar\u00e3es abre o jogo e exp\u00f5e verdadeiro motivo de ter se separado de Carlinhos Maia: &#8216;Ajeitava garotos de programa&#8217;","author":"ismaelcolosi.com.br","date":"21 de November de 2023","format":false,"excerpt":"De forma recente, o influenciador Lucas Guimar\u00e3es resolveu abrir o jogo e revelar o que teria ocasionado a sua separa\u00e7\u00e3o de Carlinhos Maia, que ocorreu em meados do ano passado. A revela\u00e7\u00e3o ocorreu ap\u00f3s o influenciador Dudu Barros ter dito que foi desconvidado da casa do casal.Ao detalhar o assunto,\u2026","rel":"","context":"In &quot;Blog&quot;","block_context":{"text":"Blog","link":"https:\/\/ismaelcolosi.com.br\/index.php\/category\/blog\/"},"img":{"alt_text":"","src":"https:\/\/i0.wp.com\/ismaelcolosi.com.br\/wp-content\/uploads\/2023\/11\/postimg-655cd9cce8e832482.jpg?fit=1200%2C628&ssl=1&resize=350%2C200","width":350,"height":200,"srcset":"https:\/\/i0.wp.com\/ismaelcolosi.com.br\/wp-content\/uploads\/2023\/11\/postimg-655cd9cce8e832482.jpg?fit=1200%2C628&ssl=1&resize=350%2C200 1x, https:\/\/i0.wp.com\/ismaelcolosi.com.br\/wp-content\/uploads\/2023\/11\/postimg-655cd9cce8e832482.jpg?fit=1200%2C628&ssl=1&resize=525%2C300 1.5x, https:\/\/i0.wp.com\/ismaelcolosi.com.br\/wp-content\/uploads\/2023\/11\/postimg-655cd9cce8e832482.jpg?fit=1200%2C628&ssl=1&resize=700%2C400 2x, https:\/\/i0.wp.com\/ismaelcolosi.com.br\/wp-content\/uploads\/2023\/11\/postimg-655cd9cce8e832482.jpg?fit=1200%2C628&ssl=1&resize=1050%2C600 3x"},"classes":[]},{"id":51917,"url":"https:\/\/ismaelcolosi.com.br\/index.php\/2024\/06\/01\/ator-que-participou-de-filme-sobre-sidney-magal-se-apresenta-em-ribeirao-preto\/","url_meta":{"origin":43947,"position":4},"title":"Ator que participou de filme sobre Sidney Magal se apresenta em Ribeir\u00e3o Preto","author":"ismaelcolosi.com.br","date":"1 de June de 2024","format":false,"excerpt":"O ator Sidney Santiago Kuanza, que atuou recentemente no filme sobre a hist\u00f3ria de Sidney Magal, \u201cMeu Sangue Ferve por Voc\u00ea\u201d, se apresenta em Ribeir\u00e3o Preto na quarta-feira (5), no Teatro Municipal da cidade. O palco vai receber o espet\u00e1culo \u201cA Solid\u00e3o de Um Feio\u201d, que recria fragmentos da trajet\u00f3ria\u2026","rel":"","context":"In &quot;Not\u00edcias de Ribeir\u00e3o Preto-SP e Regi\u00e3o&quot;","block_context":{"text":"Not\u00edcias de Ribeir\u00e3o Preto-SP e Regi\u00e3o","link":"https:\/\/ismaelcolosi.com.br\/index.php\/category\/noticias-de-ribeirao-preto-sp-e-regiao-ismael-colosi\/"},"img":{"alt_text":"","src":"https:\/\/i0.wp.com\/ismaelcolosi.com.br\/wp-content\/uploads\/2024\/06\/06.2024-Teatro-A-solidao-do-feio-Fredo-Peixoto-664x332-1_2024-06-01_17-04-11_png_2024-06-01_17-04-11.webp.webp?fit=664%2C332&ssl=1&resize=350%2C200","width":350,"height":200,"srcset":"https:\/\/i0.wp.com\/ismaelcolosi.com.br\/wp-content\/uploads\/2024\/06\/06.2024-Teatro-A-solidao-do-feio-Fredo-Peixoto-664x332-1_2024-06-01_17-04-11_png_2024-06-01_17-04-11.webp.webp?fit=664%2C332&ssl=1&resize=350%2C200 1x, https:\/\/i0.wp.com\/ismaelcolosi.com.br\/wp-content\/uploads\/2024\/06\/06.2024-Teatro-A-solidao-do-feio-Fredo-Peixoto-664x332-1_2024-06-01_17-04-11_png_2024-06-01_17-04-11.webp.webp?fit=664%2C332&ssl=1&resize=525%2C300 1.5x"},"classes":[]},{"id":37078,"url":"https:\/\/ismaelcolosi.com.br\/index.php\/2024\/02\/14\/policia-prende-um-suspeito-de-participar-do-latrocinio-de-pm\/","url_meta":{"origin":43947,"position":5},"title":"Pol\u00edcia prende um suspeito de participar do latroc\u00ednio de PM","author":"ismaelcolosi.com.br","date":"14 de February de 2024","format":false,"excerpt":"Homem foi capturado na cidade de Serrana e teria telefonado para o 190 da PM passando informa\u00e7\u00f5es falsas 14 de fevereiro de 2024 | 10:05 2Por: Adalberto LuqueUm homem de 20 anos foi preso, na madrugada desta ter\u00e7a-feira (13), por suspeita de envolvimento no latroc\u00ednio do policial militar aposentado Darie\u2026","rel":"","context":"In &quot;Not\u00edcias de Ribeir\u00e3o Preto-SP e Regi\u00e3o&quot;","block_context":{"text":"Not\u00edcias de Ribeir\u00e3o Preto-SP e Regi\u00e3o","link":"https:\/\/ismaelcolosi.com.br\/index.php\/category\/noticias-de-ribeirao-preto-sp-e-regiao-ismael-colosi\/"},"img":{"alt_text":"","src":"https:\/\/i0.wp.com\/ismaelcolosi.com.br\/wp-content\/uploads\/2024\/02\/luque-cpj-02-foto-alfredo-risk-scaled.jpg?fit=968%2C645&ssl=1&resize=350%2C200","width":350,"height":200,"srcset":"https:\/\/i0.wp.com\/ismaelcolosi.com.br\/wp-content\/uploads\/2024\/02\/luque-cpj-02-foto-alfredo-risk-scaled.jpg?fit=968%2C645&ssl=1&resize=350%2C200 1x, https:\/\/i0.wp.com\/ismaelcolosi.com.br\/wp-content\/uploads\/2024\/02\/luque-cpj-02-foto-alfredo-risk-scaled.jpg?fit=968%2C645&ssl=1&resize=525%2C300 1.5x, https:\/\/i0.wp.com\/ismaelcolosi.com.br\/wp-content\/uploads\/2024\/02\/luque-cpj-02-foto-alfredo-risk-scaled.jpg?fit=968%2C645&ssl=1&resize=700%2C400 2x"},"classes":[]}],"jetpack_sharing_enabled":true,"jetpack_shortlink":"https:\/\/wp.me\/pfMlyK-bqP","_links":{"self":[{"href":"https:\/\/ismaelcolosi.com.br\/index.php\/wp-json\/wp\/v2\/posts\/43947","targetHints":{"allow":["GET"]}}],"collection":[{"href":"https:\/\/ismaelcolosi.com.br\/index.php\/wp-json\/wp\/v2\/posts"}],"about":[{"href":"https:\/\/ismaelcolosi.com.br\/index.php\/wp-json\/wp\/v2\/types\/post"}],"author":[{"embeddable":true,"href":"https:\/\/ismaelcolosi.com.br\/index.php\/wp-json\/wp\/v2\/users\/1"}],"replies":[{"embeddable":true,"href":"https:\/\/ismaelcolosi.com.br\/index.php\/wp-json\/wp\/v2\/comments?post=43947"}],"version-history":[{"count":0,"href":"https:\/\/ismaelcolosi.com.br\/index.php\/wp-json\/wp\/v2\/posts\/43947\/revisions"}],"wp:featuredmedia":[{"embeddable":true,"href":"https:\/\/ismaelcolosi.com.br\/index.php\/wp-json\/wp\/v2\/media\/43948"}],"wp:attachment":[{"href":"https:\/\/ismaelcolosi.com.br\/index.php\/wp-json\/wp\/v2\/media?parent=43947"}],"wp:term":[{"taxonomy":"category","embeddable":true,"href":"https:\/\/ismaelcolosi.com.br\/index.php\/wp-json\/wp\/v2\/categories?post=43947"},{"taxonomy":"post_tag","embeddable":true,"href":"https:\/\/ismaelcolosi.com.br\/index.php\/wp-json\/wp\/v2\/tags?post=43947"}],"curies":[{"name":"wp","href":"https:\/\/api.w.org\/{rel}","templated":true}]}}