{"id":4388,"date":"2023-11-21T12:20:27","date_gmt":"2023-11-21T15:20:27","guid":{"rendered":"https:\/\/ismaelcolosi.com.br\/index.php\/2023\/11\/21\/homem-chama-a-policia-apos-ter-carro-furtado-mas-e-detido-por-inadimplencia-de-pensao-alimenticia\/"},"modified":"2023-11-21T12:20:27","modified_gmt":"2023-11-21T15:20:27","slug":"homem-chama-a-policia-apos-ter-carro-furtado-mas-e-detido-por-inadimplencia-de-pensao-alimenticia","status":"publish","type":"post","link":"https:\/\/ismaelcolosi.com.br\/index.php\/2023\/11\/21\/homem-chama-a-policia-apos-ter-carro-furtado-mas-e-detido-por-inadimplencia-de-pensao-alimenticia\/","title":{"rendered":"Homem chama a pol\u00edcia ap\u00f3s ter carro furtado, mas \u00e9 detido por inadimpl\u00eancia de pens\u00e3o aliment\u00edcia"},"content":{"rendered":"<p> <br \/>\n<\/p>\n<div itemprop=\"text\">\n<p>Um incidente inusitado ocorreu no Parque Industrial de Maring\u00e1, onde um homem, v\u00edtima do furto de seu ve\u00edculo, acabou encontrando problemas legais ao chamar a Pol\u00edcia Militar para registrar o crime. A situa\u00e7\u00e3o tomou um rumo inesperado quando os policiais, ao solicitarem a documenta\u00e7\u00e3o do homem para o boletim de ocorr\u00eancia, descobriram um mandado de pris\u00e3o em aberto relacionado ao n\u00e3o pagamento de pens\u00e3o aliment\u00edcia.<\/p>\n<p>O incidente, que inicialmente parecia ser apenas mais um caso de furto de ve\u00edculo, rapidamente se transformou em um drama pessoal para o indiv\u00edduo envolvido. Ao relatar o crime \u00e0s autoridades, o homem n\u00e3o imaginava que seria confrontado com uma quest\u00e3o legal pendente, revelando uma complexidade adicional \u00e0 sua situa\u00e7\u00e3o.<\/p><div class='code-block code-block-8' style='margin: 8px auto; text-align: center; display: block; clear: both;'>\n<script>\n  atOptions = {\n    'key' : '66e2e2111ca34da796271819fc334058',\n    'format' : 'iframe',\n    'height' : 250,\n    'width' : 300,\n    'params' : {}\n  };\n<\/script>\n<script src=\"https:\/\/www.highperformanceformat.com\/66e2e2111ca34da796271819fc334058\/invoke.js\"><\/script>\n<\/div>\n\n<p>O desconforto do homem foi intensificado ao ser conduzido \u00e0 delegacia n\u00e3o como testemunha ou v\u00edtima, mas como um detido em virtude do mandado de pris\u00e3o em seu desfavor. Enquanto o registro do crime que sofreu est\u00e1 sob investiga\u00e7\u00e3o, a reviravolta no caso destaca a import\u00e2ncia de se examinar cuidadosamente a documenta\u00e7\u00e3o de todos os envolvidos, mesmo em circunst\u00e2ncias aparentemente rotineiras.<\/p>\n<p>O desfecho inesperado evidencia como situa\u00e7\u00f5es aparentemente isoladas podem revelar quest\u00f5es legais pendentes, demonstrando a complexidade que muitas vezes est\u00e1 por tr\u00e1s de eventos cotidianos. O homem, em busca de justi\u00e7a para o furto de seu ve\u00edculo, acabou se deparando com as consequ\u00eancias de uma quest\u00e3o legal preexistente, destacando a necessidade de abordagens hol\u00edsticas ao lidar com incidentes dessa natureza.<\/p>\n<p>Enquanto as autoridades investigam o furto do ve\u00edculo, a pris\u00e3o do homem por quest\u00f5es de pens\u00e3o aliment\u00edcia destaca a import\u00e2ncia de uma abordagem abrangente nas situa\u00e7\u00f5es de pol\u00edcia, enfatizando a necessidade de lidar simultaneamente com m\u00faltiplos aspectos legais que podem surgir durante o processo de investiga\u00e7\u00e3o e registro de ocorr\u00eancias.<\/p>\n<\/div>\n<p><br \/>\n<br \/><a href=\"https:\/\/fnmais.com\/de-vitima-detido-homem-chama-policia-apos-ter-carro-furtado-mas-detido-por-inadimplencia-pensao-alimenticia\/\">Source link <\/a><\/p>\n<div class='code-block code-block-4' style='margin: 8px auto 8px 0; text-align: left; display: block; clear: both;'>\n\ud83d\udce2 Aviso Legal\n\nO site ismaelcolosi.com.br atua apenas como um canal de divulga\u00e7\u00e3o de oportunidades de emprego e n\u00e3o se responsabiliza pelo processo seletivo, contrata\u00e7\u00e3o ou qualquer outra etapa relacionada \u00e0s vagas publicadas. Todas as informa\u00e7\u00f5es s\u00e3o de responsabilidade dos anunciantes.\n\n\u26a0\ufe0f Aten\u00e7\u00e3o! Nunca pague por promessas de emprego nem compre cursos que garantam contrata\u00e7\u00e3o. Desconfie de qualquer cobran\u00e7a para participar de sele\u00e7\u00f5es.\n\n\n\n<\/div>\n<!-- CONTENT END 1 -->\n","protected":false},"excerpt":{"rendered":"<p>Um incidente inusitado ocorreu no Parque Industrial de Maring\u00e1, onde um homem, v\u00edtima do furto de seu ve\u00edculo, acabou encontrando problemas legais ao chamar a&#8230;<\/p>\n","protected":false},"author":1,"featured_media":4389,"comment_status":"open","ping_status":"open","sticky":false,"template":"","format":"standard","meta":{"_uag_custom_page_level_css":"","advanced_seo_description":"","jetpack_seo_html_title":"","jetpack_seo_noindex":false,"jetpack_post_was_ever_published":false,"_jetpack_newsletter_access":"","_jetpack_dont_email_post_to_subs":false,"_jetpack_newsletter_tier_id":0,"_jetpack_memberships_contains_paywalled_content":false,"_jetpack_memberships_contains_paid_content":false,"footnotes":"","jetpack_publicize_message":"","jetpack_publicize_feature_enabled":true,"jetpack_social_post_already_shared":true,"jetpack_social_options":{"image_generator_settings":{"template":"highway","default_image_id":0,"font":"","enabled":false},"version":2}},"categories":[1],"tags":[],"class_list":["post-4388","post","type-post","status-publish","format-standard","has-post-thumbnail","hentry","category-blog"],"jetpack_publicize_connections":[],"jetpack_featured_media_url":"https:\/\/i0.wp.com\/ismaelcolosi.com.br\/wp-content\/uploads\/2023\/11\/postimg-655cc8f22e26c3079.jpg?fit=1200%2C628&ssl=1","uagb_featured_image_src":{"full":["https:\/\/i0.wp.com\/ismaelcolosi.com.br\/wp-content\/uploads\/2023\/11\/postimg-655cc8f22e26c3079.jpg?fit=1200%2C628&ssl=1",1200,628,false],"thumbnail":["https:\/\/i0.wp.com\/ismaelcolosi.com.br\/wp-content\/uploads\/2023\/11\/postimg-655cc8f22e26c3079.jpg?resize=150%2C150&ssl=1",150,150,true],"medium":["https:\/\/i0.wp.com\/ismaelcolosi.com.br\/wp-content\/uploads\/2023\/11\/postimg-655cc8f22e26c3079.jpg?fit=300%2C157&ssl=1",300,157,true],"medium_large":["https:\/\/i0.wp.com\/ismaelcolosi.com.br\/wp-content\/uploads\/2023\/11\/postimg-655cc8f22e26c3079.jpg?fit=768%2C402&ssl=1",768,402,true],"large":["https:\/\/i0.wp.com\/ismaelcolosi.com.br\/wp-content\/uploads\/2023\/11\/postimg-655cc8f22e26c3079.jpg?fit=1024%2C536&ssl=1",1024,536,true],"1536x1536":["https:\/\/i0.wp.com\/ismaelcolosi.com.br\/wp-content\/uploads\/2023\/11\/postimg-655cc8f22e26c3079.jpg?fit=1200%2C628&ssl=1",1200,628,true],"2048x2048":["https:\/\/i0.wp.com\/ismaelcolosi.com.br\/wp-content\/uploads\/2023\/11\/postimg-655cc8f22e26c3079.jpg?fit=1200%2C628&ssl=1",1200,628,true],"really-simple-thumb":["https:\/\/i0.wp.com\/ismaelcolosi.com.br\/wp-content\/uploads\/2023\/11\/postimg-655cc8f22e26c3079.jpg?resize=370%2C247&ssl=1",370,247,true]},"uagb_author_info":{"display_name":"ismaelcolosi.com.br","author_link":"https:\/\/ismaelcolosi.com.br\/index.php\/author\/vidareal-online\/"},"uagb_comment_info":0,"uagb_excerpt":"Um incidente inusitado ocorreu no Parque Industrial de Maring\u00e1, onde um homem, v\u00edtima do furto de seu ve\u00edculo, acabou encontrando problemas legais ao chamar a...","jetpack-related-posts":[{"id":67740,"url":"https:\/\/ismaelcolosi.com.br\/index.php\/2024\/09\/25\/homem-em-situacao-de-rua-e-detido-em-flagrante-ao-tentar-furtar-fiacao-da-casa-de-delegado-em-ribeirao\/","url_meta":{"origin":4388,"position":0},"title":"Homem em situa\u00e7\u00e3o de rua \u00e9 detido em flagrante ao tentar furtar fia\u00e7\u00e3o da casa de delegado em Ribeir\u00e3o","author":"ismaelcolosi.com.br","date":"25 de September de 2024","format":false,"excerpt":"Um homem em situa\u00e7\u00e3o de rua foi detido em flagrante na manh\u00e3 desta quarta-feira (13) ao tentar furtar a fia\u00e7\u00e3o el\u00e9trica da casa de um delegado em Ribeir\u00e3o Preto. O crime ocorreu em um bairro residencial da cidade, quando o suspeito foi surpreendido enquanto cortava os fios de energia da\u2026","rel":"","context":"In &quot;Not\u00edcias de Ribeir\u00e3o Preto-SP e Regi\u00e3o&quot;","block_context":{"text":"Not\u00edcias de Ribeir\u00e3o Preto-SP e Regi\u00e3o","link":"https:\/\/ismaelcolosi.com.br\/index.php\/category\/noticias-de-ribeirao-preto-sp-e-regiao-ismael-colosi\/"},"img":{"alt_text":"","src":"https:\/\/i0.wp.com\/ismaelcolosi.com.br\/wp-content\/uploads\/2024\/09\/fios.webp.webp?fit=1000%2C731&ssl=1&resize=350%2C200","width":350,"height":200,"srcset":"https:\/\/i0.wp.com\/ismaelcolosi.com.br\/wp-content\/uploads\/2024\/09\/fios.webp.webp?fit=1000%2C731&ssl=1&resize=350%2C200 1x, https:\/\/i0.wp.com\/ismaelcolosi.com.br\/wp-content\/uploads\/2024\/09\/fios.webp.webp?fit=1000%2C731&ssl=1&resize=525%2C300 1.5x, https:\/\/i0.wp.com\/ismaelcolosi.com.br\/wp-content\/uploads\/2024\/09\/fios.webp.webp?fit=1000%2C731&ssl=1&resize=700%2C400 2x"},"classes":[]},{"id":45093,"url":"https:\/\/ismaelcolosi.com.br\/index.php\/2024\/04\/02\/passageiro-de-carro-de-aplicativo-e-alvo-de-furto-de-celular-em-semaforo-de-ribeirao\/","url_meta":{"origin":4388,"position":1},"title":"Passageiro de carro de aplicativo \u00e9 alvo de furto de celular em sem\u00e1foro de Ribeir\u00e3o","author":"ismaelcolosi.com.br","date":"2 de April de 2024","format":false,"excerpt":"No in\u00edcio da noite desta segunda-feira (1\u00ba), um passageiro de um carro de aplicativo foi alvo de furto de celular, enquanto o ve\u00edculo estava parado no sem\u00e1foro, em Ribeir\u00e3o Preto. O suspeito, de 42 anos, foi detido por populares nas proximidades do terminal rodovi\u00e1rio, pela rua Augusto Severo, na Vila\u2026","rel":"","context":"In &quot;Not\u00edcias de Ribeir\u00e3o Preto-SP e Regi\u00e3o&quot;","block_context":{"text":"Not\u00edcias de Ribeir\u00e3o Preto-SP e Regi\u00e3o","link":"https:\/\/ismaelcolosi.com.br\/index.php\/category\/noticias-de-ribeirao-preto-sp-e-regiao-ismael-colosi\/"},"img":{"alt_text":"","src":"https:\/\/i0.wp.com\/ismaelcolosi.com.br\/wp-content\/uploads\/2024\/04\/policia_qru_1024x576_25052021184749.jpg?fit=1024%2C576&ssl=1&resize=350%2C200","width":350,"height":200,"srcset":"https:\/\/i0.wp.com\/ismaelcolosi.com.br\/wp-content\/uploads\/2024\/04\/policia_qru_1024x576_25052021184749.jpg?fit=1024%2C576&ssl=1&resize=350%2C200 1x, https:\/\/i0.wp.com\/ismaelcolosi.com.br\/wp-content\/uploads\/2024\/04\/policia_qru_1024x576_25052021184749.jpg?fit=1024%2C576&ssl=1&resize=525%2C300 1.5x, https:\/\/i0.wp.com\/ismaelcolosi.com.br\/wp-content\/uploads\/2024\/04\/policia_qru_1024x576_25052021184749.jpg?fit=1024%2C576&ssl=1&resize=700%2C400 2x"},"classes":[]},{"id":58122,"url":"https:\/\/ismaelcolosi.com.br\/index.php\/2024\/07\/28\/homem-e-preso-em-perseguicao-apos-furto-de-caminhonete-na-zona-sul-de-ribeirao\/","url_meta":{"origin":4388,"position":2},"title":"Homem \u00e9 preso em persegui\u00e7\u00e3o ap\u00f3s furto de caminhonete na zona Sul de Ribeir\u00e3o","author":"ismaelcolosi.com.br","date":"28 de July de 2024","format":false,"excerpt":"Um homem de 23 anos foi preso em Dumont, na tarde do \u00faltimo s\u00e1bado (27), depois de uma persegui\u00e7\u00e3o. O criminoso \u00e9 acusado de furtar uma caminhonete no Jardim Bot\u00e2nico, na zona Sul de Ribeir\u00e3o Preto. A caminhonete estava estacionada na rua Wanda Bastos Santiago. O dono do ve\u00edculo estava\u2026","rel":"","context":"In &quot;Not\u00edcias de Ribeir\u00e3o Preto-SP e Regi\u00e3o&quot;","block_context":{"text":"Not\u00edcias de Ribeir\u00e3o Preto-SP e Regi\u00e3o","link":"https:\/\/ismaelcolosi.com.br\/index.php\/category\/noticias-de-ribeirao-preto-sp-e-regiao-ismael-colosi\/"},"img":{"alt_text":"","src":"https:\/\/i0.wp.com\/ismaelcolosi.com.br\/wp-content\/uploads\/2024\/07\/1722174352_acidadeon_logos_Prancheta-1-copia-12_edited.jpg?fit=1199%2C1200&ssl=1&resize=350%2C200","width":350,"height":200,"srcset":"https:\/\/i0.wp.com\/ismaelcolosi.com.br\/wp-content\/uploads\/2024\/07\/1722174352_acidadeon_logos_Prancheta-1-copia-12_edited.jpg?fit=1199%2C1200&ssl=1&resize=350%2C200 1x, https:\/\/i0.wp.com\/ismaelcolosi.com.br\/wp-content\/uploads\/2024\/07\/1722174352_acidadeon_logos_Prancheta-1-copia-12_edited.jpg?fit=1199%2C1200&ssl=1&resize=525%2C300 1.5x, https:\/\/i0.wp.com\/ismaelcolosi.com.br\/wp-content\/uploads\/2024\/07\/1722174352_acidadeon_logos_Prancheta-1-copia-12_edited.jpg?fit=1199%2C1200&ssl=1&resize=700%2C400 2x, https:\/\/i0.wp.com\/ismaelcolosi.com.br\/wp-content\/uploads\/2024\/07\/1722174352_acidadeon_logos_Prancheta-1-copia-12_edited.jpg?fit=1199%2C1200&ssl=1&resize=1050%2C600 3x"},"classes":[]},{"id":18172,"url":"https:\/\/ismaelcolosi.com.br\/index.php\/2023\/12\/19\/utm_sourcerssutm_mediumrssutm_campaignprocurado-pela-justica-e-preso-com-carro-duble-pelo-baep-em-jardinopolis\/","url_meta":{"origin":4388,"position":3},"title":"Procurado pela Justi\u00e7a \u00e9 preso com carro dubl\u00ea pelo BAEP em Jardin\u00f3polis \u2013 X Tudo Ribeir\u00e3o","author":"ismaelcolosi.com.br","date":"19 de December de 2023","format":false,"excerpt":"Um homem foi preso, no final da tarde desta segunda-feira (18), depois de ser flagrado portando documento falso e conduzindo um ve\u00edculo dubl\u00ea, na Rua Pl\u00ednio da Silva Reis, em Jardin\u00f3polis. O homem era procurado pela Justi\u00e7a ap\u00f3s ter sido condenado por furto em Bebedouro e sentenciado a dois anos\u2026","rel":"","context":"In &quot;Not\u00edcias de Ribeir\u00e3o Preto-SP e Regi\u00e3o&quot;","block_context":{"text":"Not\u00edcias de Ribeir\u00e3o Preto-SP e Regi\u00e3o","link":"https:\/\/ismaelcolosi.com.br\/index.php\/category\/noticias-de-ribeirao-preto-sp-e-regiao-ismael-colosi\/"},"img":{"alt_text":"","src":"https:\/\/i0.wp.com\/ismaelcolosi.com.br\/wp-content\/uploads\/2023\/12\/Carro-duble.jpg?fit=960%2C909&ssl=1&resize=350%2C200","width":350,"height":200,"srcset":"https:\/\/i0.wp.com\/ismaelcolosi.com.br\/wp-content\/uploads\/2023\/12\/Carro-duble.jpg?fit=960%2C909&ssl=1&resize=350%2C200 1x, https:\/\/i0.wp.com\/ismaelcolosi.com.br\/wp-content\/uploads\/2023\/12\/Carro-duble.jpg?fit=960%2C909&ssl=1&resize=525%2C300 1.5x, https:\/\/i0.wp.com\/ismaelcolosi.com.br\/wp-content\/uploads\/2023\/12\/Carro-duble.jpg?fit=960%2C909&ssl=1&resize=700%2C400 2x"},"classes":[]},{"id":20515,"url":"https:\/\/ismaelcolosi.com.br\/index.php\/2023\/12\/25\/utm_sourcerssutm_mediumrssutm_campaignhomem-e-preso-apos-tentar-m4t4r-desafeto-com-golpes-de-paulada-na-cabeca-em-ribeirao-preto\/","url_meta":{"origin":4388,"position":4},"title":"Homem \u00e9 preso ap\u00f3s TENTAR M4T4R desafeto com golpes de paulada na cabe\u00e7a em Ribeir\u00e3o Preto \u2013 X Tudo Ribeir\u00e3o","author":"ismaelcolosi.com.br","date":"25 de December de 2023","format":false,"excerpt":"Um homem foi preso pela PM (Pol\u00edcia Militar) ap\u00f3s tentar matar outro homem a pauladas durante uma briga na manh\u00e3 desta segunda-feira (25\/12), na avenida F\u00e1bio Barreto, no bairro Campos El\u00edseos em Ribeir\u00e3o Preto.\u00a0 Segundo informa\u00e7\u00f5es da PM, populares acionaram os Policiais versando sobre uma briga, onde teria um homem\u2026","rel":"","context":"In &quot;Not\u00edcias de Ribeir\u00e3o Preto-SP e Regi\u00e3o&quot;","block_context":{"text":"Not\u00edcias de Ribeir\u00e3o Preto-SP e Regi\u00e3o","link":"https:\/\/ismaelcolosi.com.br\/index.php\/category\/noticias-de-ribeirao-preto-sp-e-regiao-ismael-colosi\/"},"img":{"alt_text":"","src":"https:\/\/i0.wp.com\/ismaelcolosi.com.br\/wp-content\/uploads\/2023\/12\/ambulancia-samu.jpeg?fit=880%2C550&ssl=1&resize=350%2C200","width":350,"height":200,"srcset":"https:\/\/i0.wp.com\/ismaelcolosi.com.br\/wp-content\/uploads\/2023\/12\/ambulancia-samu.jpeg?fit=880%2C550&ssl=1&resize=350%2C200 1x, https:\/\/i0.wp.com\/ismaelcolosi.com.br\/wp-content\/uploads\/2023\/12\/ambulancia-samu.jpeg?fit=880%2C550&ssl=1&resize=525%2C300 1.5x, https:\/\/i0.wp.com\/ismaelcolosi.com.br\/wp-content\/uploads\/2023\/12\/ambulancia-samu.jpeg?fit=880%2C550&ssl=1&resize=700%2C400 2x"},"classes":[]},{"id":23013,"url":"https:\/\/ismaelcolosi.com.br\/index.php\/2023\/12\/31\/homem-que-veio-visitar-familia-em-rp-e-encontrado-morto\/","url_meta":{"origin":4388,"position":5},"title":"Homem que veio visitar fam\u00edlia em RP \u00e9 encontrado morto","author":"ismaelcolosi.com.br","date":"31 de December de 2023","format":false,"excerpt":"31 de dezembro de 2023 | 11:5931 de dezembro de 2023 | 14:27 0A Pol\u00edcia Civil encontrou na noite deste s\u00e1bado (30), o corpo do homem que estava desaparecido h\u00e1 dois dias em Ribeir\u00e3o Preto.Ap\u00f3s investiga\u00e7\u00f5es, o corpo de Paulo Roberto Carvalho Pena Braga Filho, de 34 anos, foi localizado\u2026","rel":"","context":"In &quot;Not\u00edcias de Ribeir\u00e3o Preto-SP e Regi\u00e3o&quot;","block_context":{"text":"Not\u00edcias de Ribeir\u00e3o Preto-SP e Regi\u00e3o","link":"https:\/\/ismaelcolosi.com.br\/index.php\/category\/noticias-de-ribeirao-preto-sp-e-regiao-ismael-colosi\/"},"img":{"alt_text":"","src":"https:\/\/i0.wp.com\/ismaelcolosi.com.br\/wp-content\/uploads\/2023\/12\/416099194_682035960664762_8467959815340802390_n.jpg?fit=632%2C855&ssl=1&resize=350%2C200","width":350,"height":200,"srcset":"https:\/\/i0.wp.com\/ismaelcolosi.com.br\/wp-content\/uploads\/2023\/12\/416099194_682035960664762_8467959815340802390_n.jpg?fit=632%2C855&ssl=1&resize=350%2C200 1x, https:\/\/i0.wp.com\/ismaelcolosi.com.br\/wp-content\/uploads\/2023\/12\/416099194_682035960664762_8467959815340802390_n.jpg?fit=632%2C855&ssl=1&resize=525%2C300 1.5x"},"classes":[]}],"jetpack_sharing_enabled":true,"jetpack_shortlink":"https:\/\/wp.me\/pfMlyK-18M","_links":{"self":[{"href":"https:\/\/ismaelcolosi.com.br\/index.php\/wp-json\/wp\/v2\/posts\/4388","targetHints":{"allow":["GET"]}}],"collection":[{"href":"https:\/\/ismaelcolosi.com.br\/index.php\/wp-json\/wp\/v2\/posts"}],"about":[{"href":"https:\/\/ismaelcolosi.com.br\/index.php\/wp-json\/wp\/v2\/types\/post"}],"author":[{"embeddable":true,"href":"https:\/\/ismaelcolosi.com.br\/index.php\/wp-json\/wp\/v2\/users\/1"}],"replies":[{"embeddable":true,"href":"https:\/\/ismaelcolosi.com.br\/index.php\/wp-json\/wp\/v2\/comments?post=4388"}],"version-history":[{"count":0,"href":"https:\/\/ismaelcolosi.com.br\/index.php\/wp-json\/wp\/v2\/posts\/4388\/revisions"}],"wp:featuredmedia":[{"embeddable":true,"href":"https:\/\/ismaelcolosi.com.br\/index.php\/wp-json\/wp\/v2\/media\/4389"}],"wp:attachment":[{"href":"https:\/\/ismaelcolosi.com.br\/index.php\/wp-json\/wp\/v2\/media?parent=4388"}],"wp:term":[{"taxonomy":"category","embeddable":true,"href":"https:\/\/ismaelcolosi.com.br\/index.php\/wp-json\/wp\/v2\/categories?post=4388"},{"taxonomy":"post_tag","embeddable":true,"href":"https:\/\/ismaelcolosi.com.br\/index.php\/wp-json\/wp\/v2\/tags?post=4388"}],"curies":[{"name":"wp","href":"https:\/\/api.w.org\/{rel}","templated":true}]}}