{"id":43692,"date":"2024-03-22T17:01:44","date_gmt":"2024-03-22T20:01:44","guid":{"rendered":"https:\/\/ismaelcolosi.com.br\/index.php\/2024\/03\/22\/inscricoes-para-concurso-publico-da-caixa-com-vagas-em-ribeirao-terminam-na-segunda\/"},"modified":"2024-03-22T17:01:44","modified_gmt":"2024-03-22T20:01:44","slug":"inscricoes-para-concurso-publico-da-caixa-com-vagas-em-ribeirao-terminam-na-segunda","status":"publish","type":"post","link":"https:\/\/ismaelcolosi.com.br\/index.php\/2024\/03\/22\/inscricoes-para-concurso-publico-da-caixa-com-vagas-em-ribeirao-terminam-na-segunda\/","title":{"rendered":"Inscri\u00e7\u00f5es para concurso p\u00fablico da Caixa com vagas em Ribeir\u00e3o terminam na segunda"},"content":{"rendered":"<p> <br \/>\n<\/p>\n<div data-td-block-uid=\"tdi_101\">\n<div class=\"tdb-block-inner td-fix-index\">\n<p>As <span style=\"background-color:#f7cc62\" class=\"td_text_highlight_marker\"><mark style=\"background-color:rgba(0, 0, 0, 0)\" class=\"has-inline-color has-black-color\">inscri\u00e7\u00f5es para o concurso p\u00fablico da Caixa Econ\u00f4mica Federal terminam \u00e0s 16h de segunda-feira (25)<\/mark><\/span>. Ao todo, <strong>s\u00e3o 3,2 mil vagas em todo pa\u00eds<\/strong>, sendo <strong>10 para Ribeir\u00e3o Preto e cidades da regi\u00e3o<\/strong> (<strong>veja abaixo<\/strong>), al\u00e9m de duas oportunidades para o cadastro reserva.<\/p>\n<p>Os <strong>interessados<\/strong> devem se <strong>inscrever<\/strong> no <strong><a href=\"https:\/\/www.cesgranrio.org.br\/\" target=\"_blank\" rel=\"noreferrer noopener nofollow\">site da Funda\u00e7\u00e3o Cesgranrio<\/a><\/strong>. A<strong> taxa<\/strong> de inscri\u00e7\u00e3o \u00e9 <strong>R$ 50<\/strong> e pode ser paga por boleto banc\u00e1rio ou PIX.<\/p><div class='code-block code-block-8' style='margin: 8px auto; text-align: center; display: block; clear: both;'>\n<script>\n  atOptions = {\n    'key' : '66e2e2111ca34da796271819fc334058',\n    'format' : 'iframe',\n    'height' : 250,\n    'width' : 300,\n    'params' : {}\n  };\n<\/script>\n<script src=\"https:\/\/www.highperformanceformat.com\/66e2e2111ca34da796271819fc334058\/invoke.js\"><\/script>\n<\/div>\n\n<p>O <strong>sal\u00e1rio inicial \u00e9 de R$ 3.762 <\/strong>para os <strong>cargos<\/strong> de <strong>t\u00e9cnico banc\u00e1rio novo<\/strong> e<strong> t\u00e9cnico banc\u00e1rio novo<\/strong> <strong>em tecnologia da informa\u00e7\u00e3o.<\/strong><\/p>\n<p>As <strong>provas<\/strong> objetivas e de reda\u00e7\u00e3o v\u00e3o acontecer no dia <strong>26 de maio<\/strong> e os <strong>resultados finais<\/strong> est\u00e3o previstos para serem divulgados no dia <strong>5 de agosto<\/strong>.<\/p>\n<h4 class=\"wp-block-heading\"><strong>Veja as vagas em cidades da regi\u00e3o<\/strong>:<\/h4>\n<ul>\n<li>Altin\u00f3polis<\/li>\n<li>Am\u00e9rico Brasiliense<\/li>\n<li>Araraquara<\/li>\n<li>Barrinha<\/li>\n<li>Batatais<\/li>\n<li>Boa Esperan\u00e7a do Sul<\/li>\n<li>Brodowski<\/li>\n<li>Cajuru<\/li>\n<li>Cravinhos<\/li>\n<li>Franca<\/li>\n<li>Guara<\/li>\n<li>Guariba<\/li>\n<li>Igarapava<\/li>\n<li>Ituverava<\/li>\n<li>Jaboticabal<\/li>\n<li>Jardin\u00f3polis<\/li>\n<li>Lu\u00eds Ant\u00f4nio<\/li>\n<li>Mat\u00e3o<\/li>\n<li>Miguel\u00f3polis<\/li>\n<li>Mococa<\/li>\n<li>Morro Agudo<\/li>\n<li>Orl\u00e2ndia<\/li>\n<li>Pedregulho<\/li>\n<li>Pitangueiras<\/li>\n<li>Pontal<\/li>\n<li>Prad\u00f3polis<\/li>\n<li>Ribeir\u00e3o Preto<\/li>\n<li>Sales Oliveira<\/li>\n<li>Santa Rosa de Viterbo<\/li>\n<li>S\u00e3o Joaquim da Barra<\/li>\n<li>S\u00e3o Sim\u00e3o<\/li>\n<li>Serrana<\/li>\n<li>Sert\u00e3ozinho<\/li>\n<\/ul>\n<p>O <strong>edital<\/strong> completo do concurso pode ser acessado pelo <a href=\"https:\/\/www.in.gov.br\/en\/web\/dou\/-\/edital-n-01\/2024\/nm-de-21de-fevereiro-de-2024-544276734\" target=\"_blank\" rel=\"noreferrer noopener nofollow\">link<\/a>. <\/p>\n<p>SAIBA MAIS <\/p>\n<p>Kate Middleton revela que est\u00e1 com c\u00e2ncer atrav\u00e9s das redes sociais; Veja o v\u00eddeo<\/p>\n<h4 class=\"wp-block-heading\"><strong><mark>FIQUE ON<\/mark><\/strong><\/h4>\n<p>Fique ligado em tudo que acontece em Ribeir\u00e3o Preto e regi\u00e3o. Siga os perfis do\u00a0<strong>acidade on\u00a0<\/strong>no\u00a0<a href=\"https:\/\/www.instagram.com\/acidadeonribeirao\" target=\"_blank\" rel=\"noreferrer noopener\">Instagram<\/a>\u00a0e no<a href=\"https:\/\/www.facebook.com\/acidadeonribeirao\" target=\"_blank\" rel=\"noreferrer noopener\">\u00a0Facebook<\/a>.<\/p>\n<p>Receba not\u00edcias do<strong>\u00a0acidade on<\/strong>\u00a0no WhatsApp.\u00a0<a href=\"https:\/\/chat.whatsapp.com\/GFH9HUMUTHNFJdnyEd0xxq\" target=\"_blank\" rel=\"noreferrer noopener\">Para entrar no grupo, basta clicar aqui.<\/a><\/p>\n<p>Fa\u00e7a uma den\u00fancia ou sugira uma reportagem sobre Ribeir\u00e3o Preto e regi\u00e3o pelo WhatsApp: 16 99117 7802.<\/p>\n<p>VEJA TAMB\u00c9M<\/p>\n<p>BBB 24: a Prova do L\u00edder ser\u00e1 revisada?<\/p>\n<p><!-- AI CONTENT END 1 -->\n<\/div>\n<\/div>\n<p><script async src=\"\/\/www.instagram.com\/embed.js\"><\/script><br \/>\n<br \/><br \/>\n<br \/><a href=\"https:\/\/www.acidadeon.com\/ribeiraopreto\/economia\/inscricoes-para-concurso-publico-da-caixa-com-vagas-em-ribeirao-terminam-na-segunda\/\">Source link <\/a><\/p>\n<div class='code-block code-block-4' style='margin: 8px auto 8px 0; text-align: left; display: block; clear: both;'>\n\ud83d\udce2 Aviso Legal\n\nO site ismaelcolosi.com.br atua apenas como um canal de divulga\u00e7\u00e3o de oportunidades de emprego e n\u00e3o se responsabiliza pelo processo seletivo, contrata\u00e7\u00e3o ou qualquer outra etapa relacionada \u00e0s vagas publicadas. Todas as informa\u00e7\u00f5es s\u00e3o de responsabilidade dos anunciantes.\n\n\u26a0\ufe0f Aten\u00e7\u00e3o! Nunca pague por promessas de emprego nem compre cursos que garantam contrata\u00e7\u00e3o. Desconfie de qualquer cobran\u00e7a para participar de sele\u00e7\u00f5es.\n\n\n\n<\/div>\n<!-- CONTENT END 1 -->\n","protected":false},"excerpt":{"rendered":"<p>As inscri\u00e7\u00f5es para o concurso p\u00fablico da Caixa Econ\u00f4mica Federal terminam \u00e0s 16h de segunda-feira (25). Ao todo, s\u00e3o 3,2 mil vagas em todo pa\u00eds,&#8230;<\/p>\n","protected":false},"author":1,"featured_media":43693,"comment_status":"open","ping_status":"open","sticky":false,"template":"","format":"standard","meta":{"_uag_custom_page_level_css":"","advanced_seo_description":"","jetpack_seo_html_title":"","jetpack_seo_noindex":false,"jetpack_post_was_ever_published":false,"_jetpack_newsletter_access":"","_jetpack_dont_email_post_to_subs":false,"_jetpack_newsletter_tier_id":0,"_jetpack_memberships_contains_paywalled_content":false,"_jetpack_memberships_contains_paid_content":false,"footnotes":"","jetpack_publicize_message":"","jetpack_publicize_feature_enabled":true,"jetpack_social_post_already_shared":true,"jetpack_social_options":{"image_generator_settings":{"template":"highway","default_image_id":0,"font":"","enabled":false},"version":2}},"categories":[11],"tags":[],"class_list":["post-43692","post","type-post","status-publish","format-standard","has-post-thumbnail","hentry","category-noticias-de-ribeirao-preto-sp-e-regiao-ismael-colosi"],"jetpack_publicize_connections":[],"jetpack_featured_media_url":"https:\/\/i0.wp.com\/ismaelcolosi.com.br\/wp-content\/uploads\/2024\/03\/Copia-de-Copia-de-TAMANHO-EXATO-PARA-FOTOS-NO-SISTEMA-NOVO-80.jpg?fit=1200%2C675&ssl=1","uagb_featured_image_src":{"full":["https:\/\/i0.wp.com\/ismaelcolosi.com.br\/wp-content\/uploads\/2024\/03\/Copia-de-Copia-de-TAMANHO-EXATO-PARA-FOTOS-NO-SISTEMA-NOVO-80.jpg?fit=1200%2C675&ssl=1",1200,675,false],"thumbnail":["https:\/\/i0.wp.com\/ismaelcolosi.com.br\/wp-content\/uploads\/2024\/03\/Copia-de-Copia-de-TAMANHO-EXATO-PARA-FOTOS-NO-SISTEMA-NOVO-80.jpg?resize=150%2C150&ssl=1",150,150,true],"medium":["https:\/\/i0.wp.com\/ismaelcolosi.com.br\/wp-content\/uploads\/2024\/03\/Copia-de-Copia-de-TAMANHO-EXATO-PARA-FOTOS-NO-SISTEMA-NOVO-80.jpg?fit=300%2C169&ssl=1",300,169,true],"medium_large":["https:\/\/i0.wp.com\/ismaelcolosi.com.br\/wp-content\/uploads\/2024\/03\/Copia-de-Copia-de-TAMANHO-EXATO-PARA-FOTOS-NO-SISTEMA-NOVO-80.jpg?fit=768%2C432&ssl=1",768,432,true],"large":["https:\/\/i0.wp.com\/ismaelcolosi.com.br\/wp-content\/uploads\/2024\/03\/Copia-de-Copia-de-TAMANHO-EXATO-PARA-FOTOS-NO-SISTEMA-NOVO-80.jpg?fit=1024%2C576&ssl=1",1024,576,true],"1536x1536":["https:\/\/i0.wp.com\/ismaelcolosi.com.br\/wp-content\/uploads\/2024\/03\/Copia-de-Copia-de-TAMANHO-EXATO-PARA-FOTOS-NO-SISTEMA-NOVO-80.jpg?fit=1200%2C675&ssl=1",1200,675,true],"2048x2048":["https:\/\/i0.wp.com\/ismaelcolosi.com.br\/wp-content\/uploads\/2024\/03\/Copia-de-Copia-de-TAMANHO-EXATO-PARA-FOTOS-NO-SISTEMA-NOVO-80.jpg?fit=1200%2C675&ssl=1",1200,675,true],"really-simple-thumb":["https:\/\/i0.wp.com\/ismaelcolosi.com.br\/wp-content\/uploads\/2024\/03\/Copia-de-Copia-de-TAMANHO-EXATO-PARA-FOTOS-NO-SISTEMA-NOVO-80.jpg?resize=370%2C247&ssl=1",370,247,true]},"uagb_author_info":{"display_name":"ismaelcolosi.com.br","author_link":"https:\/\/ismaelcolosi.com.br\/index.php\/author\/vidareal-online\/"},"uagb_comment_info":0,"uagb_excerpt":"As inscri\u00e7\u00f5es para o concurso p\u00fablico da Caixa Econ\u00f4mica Federal terminam \u00e0s 16h de segunda-feira (25). Ao todo, s\u00e3o 3,2 mil vagas em todo pa\u00eds,...","jetpack-related-posts":[{"id":39968,"url":"https:\/\/ismaelcolosi.com.br\/index.php\/2024\/02\/29\/caixa-abre-as-inscricoes-para-concurso-publico-sao-10-vagas-em-ribeirao-preto\/","url_meta":{"origin":43692,"position":0},"title":"Caixa abre as inscri\u00e7\u00f5es para concurso p\u00fablico; S\u00e3o 10 vagas em Ribeir\u00e3o Preto","author":"ismaelcolosi.com.br","date":"29 de February de 2024","format":false,"excerpt":"A Caixa Econ\u00f4mica Federal abriu \u00e0s 10h desta quinta-feira (29) as inscri\u00e7\u00f5es para o concurso p\u00fablico com mais de 3,2 mil vagas para os cargos de t\u00e9cnico banc\u00e1rio novo e t\u00e9cnico banc\u00e1rio novo em tecnologia da informa\u00e7\u00e3o. S\u00e3o 10 vagas dispon\u00edveis em Ribeir\u00e3o Preto. As inscri\u00e7\u00f5es devem ser realizadas no\u2026","rel":"","context":"In &quot;Not\u00edcias de Ribeir\u00e3o Preto-SP e Regi\u00e3o&quot;","block_context":{"text":"Not\u00edcias de Ribeir\u00e3o Preto-SP e Regi\u00e3o","link":"https:\/\/ismaelcolosi.com.br\/index.php\/category\/noticias-de-ribeirao-preto-sp-e-regiao-ismael-colosi\/"},"img":{"alt_text":"","src":"https:\/\/i0.wp.com\/ismaelcolosi.com.br\/wp-content\/uploads\/2024\/02\/1709215351_caixa.jpg?fit=1163%2C690&ssl=1&resize=350%2C200","width":350,"height":200,"srcset":"https:\/\/i0.wp.com\/ismaelcolosi.com.br\/wp-content\/uploads\/2024\/02\/1709215351_caixa.jpg?fit=1163%2C690&ssl=1&resize=350%2C200 1x, https:\/\/i0.wp.com\/ismaelcolosi.com.br\/wp-content\/uploads\/2024\/02\/1709215351_caixa.jpg?fit=1163%2C690&ssl=1&resize=525%2C300 1.5x, https:\/\/i0.wp.com\/ismaelcolosi.com.br\/wp-content\/uploads\/2024\/02\/1709215351_caixa.jpg?fit=1163%2C690&ssl=1&resize=700%2C400 2x, https:\/\/i0.wp.com\/ismaelcolosi.com.br\/wp-content\/uploads\/2024\/02\/1709215351_caixa.jpg?fit=1163%2C690&ssl=1&resize=1050%2C600 3x"},"classes":[]},{"id":38885,"url":"https:\/\/ismaelcolosi.com.br\/index.php\/2024\/02\/22\/concurso-publico-da-caixa-tem-10-vagas-em-ribeirao-preto-veja-como-participar\/","url_meta":{"origin":43692,"position":1},"title":"Concurso p\u00fablico da Caixa tem 10 vagas em Ribeir\u00e3o Preto; Veja como participar","author":"ismaelcolosi.com.br","date":"22 de February de 2024","format":false,"excerpt":"O concurso p\u00fablico da Caixa Econ\u00f4mica Federal conta com 10 vagas em Ribeir\u00e3o Preto, al\u00e9m de duas oportunidades para o cadastro de reserva. O edital foi publicado nesta quinta-feira (22), no Di\u00e1rio Oficial da Uni\u00e3o. Ao todo, s\u00e3o 1,6 mil vagas para os cargos de t\u00e9cnico banc\u00e1rio novo e 1,6\u2026","rel":"","context":"In &quot;Not\u00edcias de Ribeir\u00e3o Preto-SP e Regi\u00e3o&quot;","block_context":{"text":"Not\u00edcias de Ribeir\u00e3o Preto-SP e Regi\u00e3o","link":"https:\/\/ismaelcolosi.com.br\/index.php\/category\/noticias-de-ribeirao-preto-sp-e-regiao-ismael-colosi\/"},"img":{"alt_text":"","src":"https:\/\/i0.wp.com\/ismaelcolosi.com.br\/wp-content\/uploads\/2024\/02\/caixa.jpg?fit=1163%2C690&ssl=1&resize=350%2C200","width":350,"height":200,"srcset":"https:\/\/i0.wp.com\/ismaelcolosi.com.br\/wp-content\/uploads\/2024\/02\/caixa.jpg?fit=1163%2C690&ssl=1&resize=350%2C200 1x, https:\/\/i0.wp.com\/ismaelcolosi.com.br\/wp-content\/uploads\/2024\/02\/caixa.jpg?fit=1163%2C690&ssl=1&resize=525%2C300 1.5x, https:\/\/i0.wp.com\/ismaelcolosi.com.br\/wp-content\/uploads\/2024\/02\/caixa.jpg?fit=1163%2C690&ssl=1&resize=700%2C400 2x, https:\/\/i0.wp.com\/ismaelcolosi.com.br\/wp-content\/uploads\/2024\/02\/caixa.jpg?fit=1163%2C690&ssl=1&resize=1050%2C600 3x"},"classes":[]},{"id":44840,"url":"https:\/\/ismaelcolosi.com.br\/index.php\/2024\/03\/31\/inscricoes-para-concurso-publico-do-hc-de-ribeirao-terminam-nesta-segunda-feira\/","url_meta":{"origin":43692,"position":2},"title":"Inscri\u00e7\u00f5es para concurso p\u00fablico do HC de Ribeir\u00e3o terminam nesta segunda-feira","author":"ismaelcolosi.com.br","date":"31 de March de 2024","format":false,"excerpt":"As inscri\u00e7\u00f5es para os concursos p\u00fablicos do Hospital das Cl\u00ednicas de Ribeir\u00e3o Preto para seis vagas de n\u00edvel t\u00e9cnico e superior, terminam nesta segunda-feira (1\u00ba). As vagas s\u00e3o para agentes t\u00e9cnicos de assist\u00eancia \u00e0 sa\u00fade (fonoaudi\u00f3logo), engenheiro de seguran\u00e7a do trabalho e agente de sa\u00fade. Os sal\u00e1rios variam entre R$\u2026","rel":"","context":"In &quot;Not\u00edcias de Ribeir\u00e3o Preto-SP e Regi\u00e3o&quot;","block_context":{"text":"Not\u00edcias de Ribeir\u00e3o Preto-SP e Regi\u00e3o","link":"https:\/\/ismaelcolosi.com.br\/index.php\/category\/noticias-de-ribeirao-preto-sp-e-regiao-ismael-colosi\/"},"img":{"alt_text":"","src":"https:\/\/i0.wp.com\/ismaelcolosi.com.br\/wp-content\/uploads\/2024\/03\/concurso_publico_500x320_26052018171840.jpg?fit=500%2C322&ssl=1&resize=350%2C200","width":350,"height":200},"classes":[]},{"id":38983,"url":"https:\/\/ismaelcolosi.com.br\/index.php\/2024\/02\/22\/caixa-lanca-edital-de-concurso-com-32-mil-vagas-para-tecnicos\/","url_meta":{"origin":43692,"position":3},"title":"Caixa lan\u00e7a edital de concurso com 3,2 mil vagas para t\u00e9cnicos","author":"ismaelcolosi.com.br","date":"22 de February de 2024","format":false,"excerpt":"22 de fevereiro de 2024 | 16:0022 de fevereiro de 2024 | 9:00 0A Caixa Econ\u00f4mica Federal publicou nesta quinta-feira (22), no Di\u00e1rio Oficial da Uni\u00e3o, o\u00a0edital do concurso p\u00fablico\u00a0para o preenchimento de 1,6 mil vagas para os cargos de t\u00e9cnico banc\u00e1rio novo e 1,6 mil para t\u00e9cnico banc\u00e1rio novo\u2026","rel":"","context":"In &quot;Not\u00edcias de Ribeir\u00e3o Preto-SP e Regi\u00e3o&quot;","block_context":{"text":"Not\u00edcias de Ribeir\u00e3o Preto-SP e Regi\u00e3o","link":"https:\/\/ismaelcolosi.com.br\/index.php\/category\/noticias-de-ribeirao-preto-sp-e-regiao-ismael-colosi\/"},"img":{"alt_text":"","src":"https:\/\/i0.wp.com\/ismaelcolosi.com.br\/wp-content\/uploads\/2024\/02\/89c9e56e-1e44-4c1d-a802-c3abbaeefb48-scaled.jpg?fit=1000%2C598&ssl=1&resize=350%2C200","width":350,"height":200,"srcset":"https:\/\/i0.wp.com\/ismaelcolosi.com.br\/wp-content\/uploads\/2024\/02\/89c9e56e-1e44-4c1d-a802-c3abbaeefb48-scaled.jpg?fit=1000%2C598&ssl=1&resize=350%2C200 1x, https:\/\/i0.wp.com\/ismaelcolosi.com.br\/wp-content\/uploads\/2024\/02\/89c9e56e-1e44-4c1d-a802-c3abbaeefb48-scaled.jpg?fit=1000%2C598&ssl=1&resize=525%2C300 1.5x, https:\/\/i0.wp.com\/ismaelcolosi.com.br\/wp-content\/uploads\/2024\/02\/89c9e56e-1e44-4c1d-a802-c3abbaeefb48-scaled.jpg?fit=1000%2C598&ssl=1&resize=700%2C400 2x"},"classes":[]},{"id":37454,"url":"https:\/\/ismaelcolosi.com.br\/index.php\/2024\/02\/16\/inscricoes-para-concurso-publico-de-ribeirao-preto-terminam-hoje\/","url_meta":{"origin":43692,"position":4},"title":"Inscri\u00e7\u00f5es para concurso p\u00fablico de Ribeir\u00e3o Preto terminam hoje","author":"ismaelcolosi.com.br","date":"16 de February de 2024","format":false,"excerpt":"As inscri\u00e7\u00f5es para o\u00a0concurso p\u00fablico\u00a0da\u00a0Prefeitura de Ribeir\u00e3o Preto\u00a0com 16 vagas de n\u00edvel fundamental, m\u00e9dio, t\u00e9cnico e superior terminam nesta sexta-feira (16). As vagas s\u00e3o para a\u00a0Saerp (Secretaria de \u00c1gua e Esgoto de Ribeir\u00e3o Preto). Os sal\u00e1rios chegam a R$ 5,1 mil. As inscri\u00e7\u00f5es foram realizadas no\u00a0site da\u00a0RBO Concursos\u00a0(clique aqui). O\u2026","rel":"","context":"In &quot;Not\u00edcias de Ribeir\u00e3o Preto-SP e Regi\u00e3o&quot;","block_context":{"text":"Not\u00edcias de Ribeir\u00e3o Preto-SP e Regi\u00e3o","link":"https:\/\/ismaelcolosi.com.br\/index.php\/category\/noticias-de-ribeirao-preto-sp-e-regiao-ismael-colosi\/"},"img":{"alt_text":"","src":"https:\/\/i0.wp.com\/ismaelcolosi.com.br\/wp-content\/uploads\/2024\/02\/concurso-publico-14-1068x713-1.jpg?fit=1068%2C713&ssl=1&resize=350%2C200","width":350,"height":200,"srcset":"https:\/\/i0.wp.com\/ismaelcolosi.com.br\/wp-content\/uploads\/2024\/02\/concurso-publico-14-1068x713-1.jpg?fit=1068%2C713&ssl=1&resize=350%2C200 1x, https:\/\/i0.wp.com\/ismaelcolosi.com.br\/wp-content\/uploads\/2024\/02\/concurso-publico-14-1068x713-1.jpg?fit=1068%2C713&ssl=1&resize=525%2C300 1.5x, https:\/\/i0.wp.com\/ismaelcolosi.com.br\/wp-content\/uploads\/2024\/02\/concurso-publico-14-1068x713-1.jpg?fit=1068%2C713&ssl=1&resize=700%2C400 2x, https:\/\/i0.wp.com\/ismaelcolosi.com.br\/wp-content\/uploads\/2024\/02\/concurso-publico-14-1068x713-1.jpg?fit=1068%2C713&ssl=1&resize=1050%2C600 3x"},"classes":[]},{"id":36814,"url":"https:\/\/ismaelcolosi.com.br\/index.php\/2024\/02\/12\/inscricoes-para-concurso-publico-de-ribeirao-preto-terminam-nesta-semana\/","url_meta":{"origin":43692,"position":5},"title":"Inscri\u00e7\u00f5es para concurso p\u00fablico de Ribeir\u00e3o Preto terminam nesta semana","author":"ismaelcolosi.com.br","date":"12 de February de 2024","format":false,"excerpt":"As inscri\u00e7\u00f5es para o concurso p\u00fablico da Prefeitura de Ribeir\u00e3o Preto com 16 vagas de n\u00edvel fundamental, m\u00e9dio, t\u00e9cnico e superior terminam na pr\u00f3xima sexta-feira (16). As vagas s\u00e3o para a Saerp (Secretaria de \u00c1gua e Esgoto de Ribeir\u00e3o Preto). Os sal\u00e1rios chegam a R$ 5,1 mil. As inscri\u00e7\u00f5es devem\u2026","rel":"","context":"In &quot;Not\u00edcias de Ribeir\u00e3o Preto-SP e Regi\u00e3o&quot;","block_context":{"text":"Not\u00edcias de Ribeir\u00e3o Preto-SP e Regi\u00e3o","link":"https:\/\/ismaelcolosi.com.br\/index.php\/category\/noticias-de-ribeirao-preto-sp-e-regiao-ismael-colosi\/"},"img":{"alt_text":"","src":"https:\/\/i0.wp.com\/ismaelcolosi.com.br\/wp-content\/uploads\/2024\/02\/concurso-publico-nacional-unificado-cesgranrio.jpg?fit=1200%2C798&ssl=1&resize=350%2C200","width":350,"height":200,"srcset":"https:\/\/i0.wp.com\/ismaelcolosi.com.br\/wp-content\/uploads\/2024\/02\/concurso-publico-nacional-unificado-cesgranrio.jpg?fit=1200%2C798&ssl=1&resize=350%2C200 1x, https:\/\/i0.wp.com\/ismaelcolosi.com.br\/wp-content\/uploads\/2024\/02\/concurso-publico-nacional-unificado-cesgranrio.jpg?fit=1200%2C798&ssl=1&resize=525%2C300 1.5x, https:\/\/i0.wp.com\/ismaelcolosi.com.br\/wp-content\/uploads\/2024\/02\/concurso-publico-nacional-unificado-cesgranrio.jpg?fit=1200%2C798&ssl=1&resize=700%2C400 2x, https:\/\/i0.wp.com\/ismaelcolosi.com.br\/wp-content\/uploads\/2024\/02\/concurso-publico-nacional-unificado-cesgranrio.jpg?fit=1200%2C798&ssl=1&resize=1050%2C600 3x"},"classes":[]}],"jetpack_sharing_enabled":true,"jetpack_shortlink":"https:\/\/wp.me\/pfMlyK-bmI","_links":{"self":[{"href":"https:\/\/ismaelcolosi.com.br\/index.php\/wp-json\/wp\/v2\/posts\/43692","targetHints":{"allow":["GET"]}}],"collection":[{"href":"https:\/\/ismaelcolosi.com.br\/index.php\/wp-json\/wp\/v2\/posts"}],"about":[{"href":"https:\/\/ismaelcolosi.com.br\/index.php\/wp-json\/wp\/v2\/types\/post"}],"author":[{"embeddable":true,"href":"https:\/\/ismaelcolosi.com.br\/index.php\/wp-json\/wp\/v2\/users\/1"}],"replies":[{"embeddable":true,"href":"https:\/\/ismaelcolosi.com.br\/index.php\/wp-json\/wp\/v2\/comments?post=43692"}],"version-history":[{"count":0,"href":"https:\/\/ismaelcolosi.com.br\/index.php\/wp-json\/wp\/v2\/posts\/43692\/revisions"}],"wp:featuredmedia":[{"embeddable":true,"href":"https:\/\/ismaelcolosi.com.br\/index.php\/wp-json\/wp\/v2\/media\/43693"}],"wp:attachment":[{"href":"https:\/\/ismaelcolosi.com.br\/index.php\/wp-json\/wp\/v2\/media?parent=43692"}],"wp:term":[{"taxonomy":"category","embeddable":true,"href":"https:\/\/ismaelcolosi.com.br\/index.php\/wp-json\/wp\/v2\/categories?post=43692"},{"taxonomy":"post_tag","embeddable":true,"href":"https:\/\/ismaelcolosi.com.br\/index.php\/wp-json\/wp\/v2\/tags?post=43692"}],"curies":[{"name":"wp","href":"https:\/\/api.w.org\/{rel}","templated":true}]}}