{"id":43657,"date":"2024-03-22T15:09:30","date_gmt":"2024-03-22T18:09:30","guid":{"rendered":"https:\/\/ismaelcolosi.com.br\/index.php\/2024\/03\/22\/rede-de-ensino-estadual-e-condenada-a-pagar-indenizacao-de-r-10-mil-a-estudante-de-ribeirao-preto\/"},"modified":"2024-03-22T15:09:30","modified_gmt":"2024-03-22T18:09:30","slug":"rede-de-ensino-estadual-e-condenada-a-pagar-indenizacao-de-r-10-mil-a-estudante-de-ribeirao-preto","status":"publish","type":"post","link":"https:\/\/ismaelcolosi.com.br\/index.php\/2024\/03\/22\/rede-de-ensino-estadual-e-condenada-a-pagar-indenizacao-de-r-10-mil-a-estudante-de-ribeirao-preto\/","title":{"rendered":"Rede de ensino estadual \u00e9 condenada a pagar indeniza\u00e7\u00e3o de R$ 10 mil a estudante de Ribeir\u00e3o Preto"},"content":{"rendered":"<p> <br \/>\n<\/p>\n<div>\n<p>A Justi\u00e7a condenou o Estado a pagar uma <strong>indeniza\u00e7\u00e3o de R$ 10 mil<\/strong> para a fam\u00edlia de um estudante de <strong>Ribeir\u00e3o Preto<\/strong>, depois que ele disse ter sido <strong>agredido por uma professora <\/strong>da rede estadual<strong> Dr. Edgardo Cajado<\/strong>, que fica na zona Norte da cidade.<\/p>\n<p>O caso aconteceu em <strong>agosto de 2022<\/strong> e foi flagrado por uma <strong>c\u00e2mera de seguran\u00e7a<\/strong>.<mark style=\"background-color:#fcb900\" class=\"has-inline-color\"> As imagens mostram quando a professora se aproxima do aluno e encosta a ponta de uma caneta nele. Na sequ\u00eancia, coloca a m\u00e3o na testa do menino de forma brusca.<\/mark><\/p><div class='code-block code-block-8' style='margin: 8px auto; text-align: center; display: block; clear: both;'>\n<script>\n  atOptions = {\n    'key' : '66e2e2111ca34da796271819fc334058',\n    'format' : 'iframe',\n    'height' : 250,\n    'width' : 300,\n    'params' : {}\n  };\n<\/script>\n<script src=\"https:\/\/www.highperformanceformat.com\/66e2e2111ca34da796271819fc334058\/invoke.js\"><\/script>\n<\/div>\n\n<p>Na \u00e9poca, o <strong>jovem tinha 13 anos <\/strong>e informou \u00e0 fam\u00edlia que foi <strong>agredido <\/strong>e <strong>advertido com um palavr\u00e3o<\/strong> pela professora.<\/p>\n<figure class=\"wp-block-pullquote\">\n<blockquote>\n<p>Ele disse que tinha voltado do intervalo e estava com enxaqueca, debru\u00e7ado na cadeira. A professora foi question\u00e1-lo o porqu\u00ea ele n\u00e3o estava fazendo as atividades e ela cutucou ele com uma caneta, fez que iria aferir a temperatura dele e deu um tapa na cabe\u00e7a dele<\/p>\n<p><cite>Jenifer Carolina Pariz \u2013 m\u00e3e do estudante<\/cite><\/p><\/blockquote>\n<\/figure>\n<h4 class=\"wp-block-heading\"><strong>Decis\u00e3o<\/strong><\/h4>\n<p>A decis\u00e3o foi proferida na ter\u00e7a-feira (19), pelo <strong>Tribunal de Justi\u00e7a de S\u00e3o Paulo (TJ-SP)<\/strong>, e considerou que o Estado <strong>falhou ao n\u00e3o impedir que o adolescente fosse agredido de forma f\u00edsica e verbal pela professora.<\/strong><\/p>\n<p>Al\u00e9m do valor da indeniza\u00e7\u00e3o, o Estado tamb\u00e9m dever\u00e1 arcar com todas as despesas do processo.<mark style=\"background-color:#fcb900\" class=\"has-inline-color\"> Ainda segundo a <strong>Justi\u00e7a<\/strong>, a quantia estipulada tem como objetivo<strong> desestimular situa\u00e7\u00f5es parecidas<\/strong>.<\/mark><\/p>\n<p>O promotor Carlos Cezar Barbosa espera que a puni\u00e7\u00e3o sirva de exemplo, <strong>para que esses casos n\u00e3o se aconte\u00e7am novamente.<\/strong><\/p>\n<p>\u201cSitua\u00e7\u00f5es dessa natureza s\u00e3o t\u00edpicas de produ\u00e7\u00e3o de danos morais. Esse \u00e9 um dos grandes objetivos do instituto da moral. Desestimular condutas similares, condutas da mesma natureza que tamb\u00e9m podem causar danos morais\u201d, disse o promotor.<\/p>\n<p>Em nota enviada ao <strong>portal acidade on<\/strong>, o advogado Eduardo Schiavoni, que representou o aluno e a m\u00e3e na a\u00e7\u00e3o, disse que essa foi uma <strong>importante decis\u00e3o para refor\u00e7ar a responsabilidade do Poder P\u00fablico em rela\u00e7\u00e3o aos cuidados com os alunos.<\/strong><\/p>\n<p>\u201cA rede de ensino tem o dever de cuidar dos alunos e \u00e9 respons\u00e1vel pelo que ocorre dentro de suas paredes, principalmente quando o autor da agress\u00e3o\u00a0\u00e9\u00a0o\u00a0professor\u201d, comentou o advogado.<\/p>\n<p>Ele ainda ressaltar que foi de grande import\u00e2ncia a revers\u00e3o da decis\u00e3o da<strong> Justi\u00e7a de Ribeir\u00e3o Preto<\/strong>, que havia negado o pedido, argumentando que o Estado n\u00e3o tinha culpa pelo caso.<\/p>\n<h4 class=\"wp-block-heading\"><strong>O que diz o estado?<\/strong><\/h4>\n<p>Em nota enviada \u00e0 <em>EPTV<\/em>, a <strong>Secretaria Estadual da Educa\u00e7\u00e3o<\/strong> informou que a professora <strong>est\u00e1 afastada do cargo, sem receber sal\u00e1rio, desde 2022<\/strong>. Al\u00e9m disso, ela responde a um processo administrativo interno.<\/p>\n<p><em>*Com informa\u00e7\u00f5es da EPTV<\/em><\/p>\n<hr class=\"wp-block-separator has-alpha-channel-opacity\"\/>\n<p>SAIBA MAIS<\/p>\n<p>Entenda como vai ser o restauro dos museus Hist\u00f3rico e do Caf\u00e9 em Ribeir\u00e3o Preto<\/p>\n<h4 class=\"wp-block-heading\"><strong><mark style=\"background-color:#fcb900\" class=\"has-inline-color\">FIQUE ON<\/mark><\/strong><\/h4>\n<p>Fique ligado em tudo que acontece em Ribeir\u00e3o Preto e regi\u00e3o. Siga os perfis do\u00a0<strong>acidade on\u00a0<\/strong>no\u00a0<a href=\"https:\/\/www.instagram.com\/acidadeonribeirao\" target=\"_blank\" rel=\"noreferrer noopener\">Instagram<\/a>\u00a0e no\u00a0<a href=\"https:\/\/www.facebook.com\/acidadeonribeirao\" target=\"_blank\" rel=\"noreferrer noopener\">Facebook<\/a>.<\/p>\n<p>Receba not\u00edcias do acidade on no WhatsApp. Para entrar no grupo, basta\u00a0<a href=\"https:\/\/chat.whatsapp.com\/GFH9HUMUTHNFJdnyEd0xxq\" target=\"_blank\" rel=\"noreferrer noopener\">clicar aqui<\/a>.<\/p>\n<p>Fa\u00e7a uma den\u00fancia ou sugira uma reportagem sobre Ribeir\u00e3o Preto e regi\u00e3o pelo WhatsApp: 16 99117 7802.<\/p>\n<p>VEJA TAMB\u00c9M<\/p>\n<p>Refer\u00eancia do sertanejo volta aos palcos ap\u00f3s 30 anos<\/p>\n<p><!-- AI CONTENT END 1 -->\n<\/div>\n<p><script async src=\"\/\/www.instagram.com\/embed.js\"><\/script><br \/>\n<br \/><br \/>\n<br \/><a href=\"https:\/\/www.acidadeon.com\/ribeiraopreto\/cotidiano\/rede-de-ensino-estadual-e-condenada-a-pagar-indenizacao-de-r-10-mil-a-estudante-de-ribeirao-preto\/\">Source link <\/a><\/p>\n<div class='code-block code-block-4' style='margin: 8px auto 8px 0; text-align: left; display: block; clear: both;'>\n\ud83d\udce2 Aviso Legal\n\nO site ismaelcolosi.com.br atua apenas como um canal de divulga\u00e7\u00e3o de oportunidades de emprego e n\u00e3o se responsabiliza pelo processo seletivo, contrata\u00e7\u00e3o ou qualquer outra etapa relacionada \u00e0s vagas publicadas. Todas as informa\u00e7\u00f5es s\u00e3o de responsabilidade dos anunciantes.\n\n\u26a0\ufe0f Aten\u00e7\u00e3o! Nunca pague por promessas de emprego nem compre cursos que garantam contrata\u00e7\u00e3o. Desconfie de qualquer cobran\u00e7a para participar de sele\u00e7\u00f5es.\n\n\n\n<\/div>\n<!-- CONTENT END 1 -->\n","protected":false},"excerpt":{"rendered":"<p>A Justi\u00e7a condenou o Estado a pagar uma indeniza\u00e7\u00e3o de R$ 10 mil para a fam\u00edlia de um estudante de Ribeir\u00e3o Preto, depois que ele&#8230;<\/p>\n","protected":false},"author":1,"featured_media":43658,"comment_status":"open","ping_status":"open","sticky":false,"template":"","format":"standard","meta":{"_uag_custom_page_level_css":"","advanced_seo_description":"","jetpack_seo_html_title":"","jetpack_seo_noindex":false,"jetpack_post_was_ever_published":false,"_jetpack_newsletter_access":"","_jetpack_dont_email_post_to_subs":false,"_jetpack_newsletter_tier_id":0,"_jetpack_memberships_contains_paywalled_content":false,"_jetpack_memberships_contains_paid_content":false,"footnotes":"","jetpack_publicize_message":"","jetpack_publicize_feature_enabled":true,"jetpack_social_post_already_shared":true,"jetpack_social_options":{"image_generator_settings":{"template":"highway","default_image_id":0,"font":"","enabled":false},"version":2}},"categories":[11],"tags":[],"class_list":["post-43657","post","type-post","status-publish","format-standard","has-post-thumbnail","hentry","category-noticias-de-ribeirao-preto-sp-e-regiao-ismael-colosi"],"jetpack_publicize_connections":[],"jetpack_featured_media_url":"https:\/\/i0.wp.com\/ismaelcolosi.com.br\/wp-content\/uploads\/2024\/03\/escola_estadual_1200x675_25102023100240.jpg?fit=1200%2C675&ssl=1","uagb_featured_image_src":{"full":["https:\/\/i0.wp.com\/ismaelcolosi.com.br\/wp-content\/uploads\/2024\/03\/escola_estadual_1200x675_25102023100240.jpg?fit=1200%2C675&ssl=1",1200,675,false],"thumbnail":["https:\/\/i0.wp.com\/ismaelcolosi.com.br\/wp-content\/uploads\/2024\/03\/escola_estadual_1200x675_25102023100240.jpg?resize=150%2C150&ssl=1",150,150,true],"medium":["https:\/\/i0.wp.com\/ismaelcolosi.com.br\/wp-content\/uploads\/2024\/03\/escola_estadual_1200x675_25102023100240.jpg?fit=300%2C169&ssl=1",300,169,true],"medium_large":["https:\/\/i0.wp.com\/ismaelcolosi.com.br\/wp-content\/uploads\/2024\/03\/escola_estadual_1200x675_25102023100240.jpg?fit=768%2C432&ssl=1",768,432,true],"large":["https:\/\/i0.wp.com\/ismaelcolosi.com.br\/wp-content\/uploads\/2024\/03\/escola_estadual_1200x675_25102023100240.jpg?fit=1024%2C576&ssl=1",1024,576,true],"1536x1536":["https:\/\/i0.wp.com\/ismaelcolosi.com.br\/wp-content\/uploads\/2024\/03\/escola_estadual_1200x675_25102023100240.jpg?fit=1200%2C675&ssl=1",1200,675,true],"2048x2048":["https:\/\/i0.wp.com\/ismaelcolosi.com.br\/wp-content\/uploads\/2024\/03\/escola_estadual_1200x675_25102023100240.jpg?fit=1200%2C675&ssl=1",1200,675,true],"really-simple-thumb":["https:\/\/i0.wp.com\/ismaelcolosi.com.br\/wp-content\/uploads\/2024\/03\/escola_estadual_1200x675_25102023100240.jpg?resize=370%2C247&ssl=1",370,247,true]},"uagb_author_info":{"display_name":"ismaelcolosi.com.br","author_link":"https:\/\/ismaelcolosi.com.br\/index.php\/author\/vidareal-online\/"},"uagb_comment_info":0,"uagb_excerpt":"A Justi\u00e7a condenou o Estado a pagar uma indeniza\u00e7\u00e3o de R$ 10 mil para a fam\u00edlia de um estudante de Ribeir\u00e3o Preto, depois que ele...","jetpack-related-posts":[{"id":47975,"url":"https:\/\/ismaelcolosi.com.br\/index.php\/2024\/04\/29\/o-que-se-sabe-sobre-morte-de-jovem-baleada-por-marido-em-ribeirao-preto\/","url_meta":{"origin":43657,"position":0},"title":"O que se sabe sobre morte de jovem baleada por marido em Ribeir\u00e3o Preto","author":"ismaelcolosi.com.br","date":"29 de April de 2024","format":false,"excerpt":"A jovem Ana J\u00falia dos Santos Borsoi, de 19 anos, que morreu ap\u00f3s ser atingida no t\u00f3rax por um disparo de arma de fogo realizado pelo marido, foi sepultada nesta segunda-feira (29). A vers\u00e3o apresentada por Matheus Augusto Pinto, companheiro de Ana J\u00falia, de que o disparo foi acidental, est\u00e1\u2026","rel":"","context":"In &quot;Not\u00edcias de Ribeir\u00e3o Preto-SP e Regi\u00e3o&quot;","block_context":{"text":"Not\u00edcias de Ribeir\u00e3o Preto-SP e Regi\u00e3o","link":"https:\/\/ismaelcolosi.com.br\/index.php\/category\/noticias-de-ribeirao-preto-sp-e-regiao-ismael-colosi\/"},"img":{"alt_text":"","src":"https:\/\/i0.wp.com\/ismaelcolosi.com.br\/wp-content\/uploads\/2024\/04\/Copia-de-Copia-de-TAMANHO-EXATO-PARA-FOTOS-NO-SISTEMA-NOVO-23-1_2024-04-29_23-57-41_jpg.webp.webp?fit=1200%2C675&ssl=1&resize=350%2C200","width":350,"height":200,"srcset":"https:\/\/i0.wp.com\/ismaelcolosi.com.br\/wp-content\/uploads\/2024\/04\/Copia-de-Copia-de-TAMANHO-EXATO-PARA-FOTOS-NO-SISTEMA-NOVO-23-1_2024-04-29_23-57-41_jpg.webp.webp?fit=1200%2C675&ssl=1&resize=350%2C200 1x, https:\/\/i0.wp.com\/ismaelcolosi.com.br\/wp-content\/uploads\/2024\/04\/Copia-de-Copia-de-TAMANHO-EXATO-PARA-FOTOS-NO-SISTEMA-NOVO-23-1_2024-04-29_23-57-41_jpg.webp.webp?fit=1200%2C675&ssl=1&resize=525%2C300 1.5x, https:\/\/i0.wp.com\/ismaelcolosi.com.br\/wp-content\/uploads\/2024\/04\/Copia-de-Copia-de-TAMANHO-EXATO-PARA-FOTOS-NO-SISTEMA-NOVO-23-1_2024-04-29_23-57-41_jpg.webp.webp?fit=1200%2C675&ssl=1&resize=700%2C400 2x, https:\/\/i0.wp.com\/ismaelcolosi.com.br\/wp-content\/uploads\/2024\/04\/Copia-de-Copia-de-TAMANHO-EXATO-PARA-FOTOS-NO-SISTEMA-NOVO-23-1_2024-04-29_23-57-41_jpg.webp.webp?fit=1200%2C675&ssl=1&resize=1050%2C600 3x"},"classes":[]},{"id":40526,"url":"https:\/\/ismaelcolosi.com.br\/index.php\/2024\/03\/04\/relembre-a-trajetoria-do-ex-prefeito-de-ribeirao-preto-welson-gasparini\/","url_meta":{"origin":43657,"position":1},"title":"Relembre a trajet\u00f3ria do ex-prefeito de Ribeir\u00e3o Preto Welson Gasparini","author":"ismaelcolosi.com.br","date":"4 de March de 2024","format":false,"excerpt":"O ex-prefeito de Ribeir\u00e3o Preto Welson Gasparini morreu nesta segunda-feira (4), aos 87 anos. Gasparini nasceu em Batatais em 1\u00ba de dezembro de 1937, filho de Vict\u00f3rio Gasparini e Deolinda Breguerilli. Al\u00e9m de pol\u00edtico, tamb\u00e9m foi jornalista, radialista, professor e advogado. De acordo com a Unimed Ribeir\u00e3o Preto, o ex-prefeito\u2026","rel":"","context":"In &quot;Not\u00edcias de Ribeir\u00e3o Preto-SP e Regi\u00e3o&quot;","block_context":{"text":"Not\u00edcias de Ribeir\u00e3o Preto-SP e Regi\u00e3o","link":"https:\/\/ismaelcolosi.com.br\/index.php\/category\/noticias-de-ribeirao-preto-sp-e-regiao-ismael-colosi\/"},"img":{"alt_text":"","src":"https:\/\/i0.wp.com\/ismaelcolosi.com.br\/wp-content\/uploads\/2024\/03\/AnyConv.com__gasparini-scaled.webp.webp?fit=1200%2C798&ssl=1&resize=350%2C200","width":350,"height":200,"srcset":"https:\/\/i0.wp.com\/ismaelcolosi.com.br\/wp-content\/uploads\/2024\/03\/AnyConv.com__gasparini-scaled.webp.webp?fit=1200%2C798&ssl=1&resize=350%2C200 1x, https:\/\/i0.wp.com\/ismaelcolosi.com.br\/wp-content\/uploads\/2024\/03\/AnyConv.com__gasparini-scaled.webp.webp?fit=1200%2C798&ssl=1&resize=525%2C300 1.5x, https:\/\/i0.wp.com\/ismaelcolosi.com.br\/wp-content\/uploads\/2024\/03\/AnyConv.com__gasparini-scaled.webp.webp?fit=1200%2C798&ssl=1&resize=700%2C400 2x, https:\/\/i0.wp.com\/ismaelcolosi.com.br\/wp-content\/uploads\/2024\/03\/AnyConv.com__gasparini-scaled.webp.webp?fit=1200%2C798&ssl=1&resize=1050%2C600 3x"},"classes":[]},{"id":53690,"url":"https:\/\/ismaelcolosi.com.br\/index.php\/2024\/06\/18\/policia-reconstitui-morte-de-jovem-baleada-em-condominio-na-zona-leste-de-ribeirao-preto\/","url_meta":{"origin":43657,"position":2},"title":"Pol\u00edcia reconstitui morte de jovem baleada em condom\u00ednio na zona Leste de Ribeir\u00e3o Preto","author":"ismaelcolosi.com.br","date":"18 de June de 2024","format":false,"excerpt":"A Pol\u00edcia Civil realizou nesta ter\u00e7a-feira (18), a reconstitui\u00e7\u00e3o da morte de Ana J\u00falia dos Santos Borsoi, de 19 anos, em um condom\u00ednio na zona Leste de Ribeir\u00e3o Preto. A jovem morreu ap\u00f3s ser atingida no t\u00f3rax por um disparo de arma de fogo, realizado no dia 27 de abril,\u2026","rel":"","context":"In &quot;Not\u00edcias de Ribeir\u00e3o Preto-SP e Regi\u00e3o&quot;","block_context":{"text":"Not\u00edcias de Ribeir\u00e3o Preto-SP e Regi\u00e3o","link":"https:\/\/ismaelcolosi.com.br\/index.php\/category\/noticias-de-ribeirao-preto-sp-e-regiao-ismael-colosi\/"},"img":{"alt_text":"","src":"https:\/\/i0.wp.com\/ismaelcolosi.com.br\/wp-content\/uploads\/2024\/04\/Copia-de-Copia-de-TAMANHO-EXATO-PARA-FOTOS-NO-SISTEMA-NOVO-23-1_2024-04-29_23-57-41_jpg.webp.webp?fit=1200%2C675&ssl=1&resize=350%2C200","width":350,"height":200,"srcset":"https:\/\/i0.wp.com\/ismaelcolosi.com.br\/wp-content\/uploads\/2024\/04\/Copia-de-Copia-de-TAMANHO-EXATO-PARA-FOTOS-NO-SISTEMA-NOVO-23-1_2024-04-29_23-57-41_jpg.webp.webp?fit=1200%2C675&ssl=1&resize=350%2C200 1x, https:\/\/i0.wp.com\/ismaelcolosi.com.br\/wp-content\/uploads\/2024\/04\/Copia-de-Copia-de-TAMANHO-EXATO-PARA-FOTOS-NO-SISTEMA-NOVO-23-1_2024-04-29_23-57-41_jpg.webp.webp?fit=1200%2C675&ssl=1&resize=525%2C300 1.5x, https:\/\/i0.wp.com\/ismaelcolosi.com.br\/wp-content\/uploads\/2024\/04\/Copia-de-Copia-de-TAMANHO-EXATO-PARA-FOTOS-NO-SISTEMA-NOVO-23-1_2024-04-29_23-57-41_jpg.webp.webp?fit=1200%2C675&ssl=1&resize=700%2C400 2x, https:\/\/i0.wp.com\/ismaelcolosi.com.br\/wp-content\/uploads\/2024\/04\/Copia-de-Copia-de-TAMANHO-EXATO-PARA-FOTOS-NO-SISTEMA-NOVO-23-1_2024-04-29_23-57-41_jpg.webp.webp?fit=1200%2C675&ssl=1&resize=1050%2C600 3x"},"classes":[]},{"id":33537,"url":"https:\/\/ismaelcolosi.com.br\/index.php\/2024\/01\/29\/adolescentes-sao-detidos-por-policial-que-deixava-o-filho-na-escola-em-ribeirao\/","url_meta":{"origin":43657,"position":3},"title":"Adolescentes s\u00e3o detidos por policial que deixava o filho na escola em Ribeir\u00e3o","author":"ismaelcolosi.com.br","date":"29 de January de 2024","format":false,"excerpt":"Dois adolescentes foram detidos por uma policial que havia deixado o filho na escola, ap\u00f3s se envolverem em um roubo, na tarde desta segunda-feira (29), em Ribeir\u00e3o Preto. De acordo com o boletim de ocorr\u00eancia (BO), a policial civil estava voltando para o seu carro, que estava estacionada na rua\u2026","rel":"","context":"In &quot;Not\u00edcias de Ribeir\u00e3o Preto-SP e Regi\u00e3o&quot;","block_context":{"text":"Not\u00edcias de Ribeir\u00e3o Preto-SP e Regi\u00e3o","link":"https:\/\/ismaelcolosi.com.br\/index.php\/category\/noticias-de-ribeirao-preto-sp-e-regiao-ismael-colosi\/"},"img":{"alt_text":"","src":"https:\/\/i0.wp.com\/ismaelcolosi.com.br\/wp-content\/uploads\/2024\/01\/policia_civil_1200x675_20122021140226.jpg?fit=1200%2C679&ssl=1&resize=350%2C200","width":350,"height":200,"srcset":"https:\/\/i0.wp.com\/ismaelcolosi.com.br\/wp-content\/uploads\/2024\/01\/policia_civil_1200x675_20122021140226.jpg?fit=1200%2C679&ssl=1&resize=350%2C200 1x, https:\/\/i0.wp.com\/ismaelcolosi.com.br\/wp-content\/uploads\/2024\/01\/policia_civil_1200x675_20122021140226.jpg?fit=1200%2C679&ssl=1&resize=525%2C300 1.5x, https:\/\/i0.wp.com\/ismaelcolosi.com.br\/wp-content\/uploads\/2024\/01\/policia_civil_1200x675_20122021140226.jpg?fit=1200%2C679&ssl=1&resize=700%2C400 2x, https:\/\/i0.wp.com\/ismaelcolosi.com.br\/wp-content\/uploads\/2024\/01\/policia_civil_1200x675_20122021140226.jpg?fit=1200%2C679&ssl=1&resize=1050%2C600 3x"},"classes":[]},{"id":15530,"url":"https:\/\/ismaelcolosi.com.br\/index.php\/2023\/12\/13\/quatro-pessoas-sao-presas-suspeitas-de-furtarem-r-50-mil-em-roupas-de-shopping-da-zona-sul-de-ribeirao\/","url_meta":{"origin":43657,"position":4},"title":"Quatro pessoas s\u00e3o presas suspeitas de furtarem R$ 50 mil em roupas de shopping da zona Sul de Ribeir\u00e3o","author":"ismaelcolosi.com.br","date":"13 de December de 2023","format":false,"excerpt":"Uma quadrilha suspeita de furtar roupas em um shopping da zona Sul de Ribeir\u00e3o Preto foi presa, nesta quarta-feira (13). Junto com os integrantes, uma adolescente de 17 anos tamb\u00e9m foi apreendida. De acordo com a Pol\u00edcia Civil, pelo menos duas lojas do Ribeir\u00e3o Shopping foram furtadas. Cerca de R$\u2026","rel":"","context":"In &quot;Not\u00edcias de Ribeir\u00e3o Preto-SP e Regi\u00e3o&quot;","block_context":{"text":"Not\u00edcias de Ribeir\u00e3o Preto-SP e Regi\u00e3o","link":"https:\/\/ismaelcolosi.com.br\/index.php\/category\/noticias-de-ribeirao-preto-sp-e-regiao-ismael-colosi\/"},"img":{"alt_text":"","src":"https:\/\/i0.wp.com\/ismaelcolosi.com.br\/wp-content\/uploads\/2023\/12\/Copia-de-Copia-de-TAMANHO-EXATO-PARA-FOTOS-NO-SISTEMA-NOVO-21.png?fit=1200%2C675&ssl=1&resize=350%2C200","width":350,"height":200,"srcset":"https:\/\/i0.wp.com\/ismaelcolosi.com.br\/wp-content\/uploads\/2023\/12\/Copia-de-Copia-de-TAMANHO-EXATO-PARA-FOTOS-NO-SISTEMA-NOVO-21.png?fit=1200%2C675&ssl=1&resize=350%2C200 1x, https:\/\/i0.wp.com\/ismaelcolosi.com.br\/wp-content\/uploads\/2023\/12\/Copia-de-Copia-de-TAMANHO-EXATO-PARA-FOTOS-NO-SISTEMA-NOVO-21.png?fit=1200%2C675&ssl=1&resize=525%2C300 1.5x, https:\/\/i0.wp.com\/ismaelcolosi.com.br\/wp-content\/uploads\/2023\/12\/Copia-de-Copia-de-TAMANHO-EXATO-PARA-FOTOS-NO-SISTEMA-NOVO-21.png?fit=1200%2C675&ssl=1&resize=700%2C400 2x, https:\/\/i0.wp.com\/ismaelcolosi.com.br\/wp-content\/uploads\/2023\/12\/Copia-de-Copia-de-TAMANHO-EXATO-PARA-FOTOS-NO-SISTEMA-NOVO-21.png?fit=1200%2C675&ssl=1&resize=1050%2C600 3x"},"classes":[]},{"id":40752,"url":"https:\/\/ismaelcolosi.com.br\/index.php\/2024\/03\/05\/suely-vilela-e-lancada-a-prefeitura-pelo-psb\/","url_meta":{"origin":43657,"position":5},"title":"Suely Vilela \u00e9 lan\u00e7ada \u00e0 prefeitura pelo PSB","author":"ismaelcolosi.com.br","date":"5 de March de 2024","format":false,"excerpt":"5 de mar\u00e7o de 2024 | 11:37 1O Partido Socialista Brasileiro (PSB) decidiu lan\u00e7ar a professora Suely Vilela como pr\u00e9-candidata a prefeita de Ribeir\u00e3o Preto nas pr\u00f3ximas elei\u00e7\u00f5es municipais, marcadas para 6 de outubro. A candidatura foi articulada por M\u00e1rcio Fran\u00e7a, presidente licenciado do Partido no Estado de S\u00e3o Paulo\u2026","rel":"","context":"In &quot;Not\u00edcias de Ribeir\u00e3o Preto-SP e Regi\u00e3o&quot;","block_context":{"text":"Not\u00edcias de Ribeir\u00e3o Preto-SP e Regi\u00e3o","link":"https:\/\/ismaelcolosi.com.br\/index.php\/category\/noticias-de-ribeirao-preto-sp-e-regiao-ismael-colosi\/"},"img":{"alt_text":"","src":"https:\/\/i0.wp.com\/ismaelcolosi.com.br\/wp-content\/uploads\/2024\/03\/c609ef0a-8219-4990-93a9-fcd490c76154.jpg?fit=700%2C450&ssl=1&resize=350%2C200","width":350,"height":200,"srcset":"https:\/\/i0.wp.com\/ismaelcolosi.com.br\/wp-content\/uploads\/2024\/03\/c609ef0a-8219-4990-93a9-fcd490c76154.jpg?fit=700%2C450&ssl=1&resize=350%2C200 1x, https:\/\/i0.wp.com\/ismaelcolosi.com.br\/wp-content\/uploads\/2024\/03\/c609ef0a-8219-4990-93a9-fcd490c76154.jpg?fit=700%2C450&ssl=1&resize=525%2C300 1.5x, https:\/\/i0.wp.com\/ismaelcolosi.com.br\/wp-content\/uploads\/2024\/03\/c609ef0a-8219-4990-93a9-fcd490c76154.jpg?fit=700%2C450&ssl=1&resize=700%2C400 2x"},"classes":[]}],"jetpack_sharing_enabled":true,"jetpack_shortlink":"https:\/\/wp.me\/pfMlyK-bm9","_links":{"self":[{"href":"https:\/\/ismaelcolosi.com.br\/index.php\/wp-json\/wp\/v2\/posts\/43657","targetHints":{"allow":["GET"]}}],"collection":[{"href":"https:\/\/ismaelcolosi.com.br\/index.php\/wp-json\/wp\/v2\/posts"}],"about":[{"href":"https:\/\/ismaelcolosi.com.br\/index.php\/wp-json\/wp\/v2\/types\/post"}],"author":[{"embeddable":true,"href":"https:\/\/ismaelcolosi.com.br\/index.php\/wp-json\/wp\/v2\/users\/1"}],"replies":[{"embeddable":true,"href":"https:\/\/ismaelcolosi.com.br\/index.php\/wp-json\/wp\/v2\/comments?post=43657"}],"version-history":[{"count":0,"href":"https:\/\/ismaelcolosi.com.br\/index.php\/wp-json\/wp\/v2\/posts\/43657\/revisions"}],"wp:featuredmedia":[{"embeddable":true,"href":"https:\/\/ismaelcolosi.com.br\/index.php\/wp-json\/wp\/v2\/media\/43658"}],"wp:attachment":[{"href":"https:\/\/ismaelcolosi.com.br\/index.php\/wp-json\/wp\/v2\/media?parent=43657"}],"wp:term":[{"taxonomy":"category","embeddable":true,"href":"https:\/\/ismaelcolosi.com.br\/index.php\/wp-json\/wp\/v2\/categories?post=43657"},{"taxonomy":"post_tag","embeddable":true,"href":"https:\/\/ismaelcolosi.com.br\/index.php\/wp-json\/wp\/v2\/tags?post=43657"}],"curies":[{"name":"wp","href":"https:\/\/api.w.org\/{rel}","templated":true}]}}