{"id":43651,"date":"2024-03-22T15:00:23","date_gmt":"2024-03-22T18:00:23","guid":{"rendered":"https:\/\/ismaelcolosi.com.br\/index.php\/2024\/03\/22\/defesa-civil-alerta-para-temporais-2\/"},"modified":"2024-03-22T15:00:23","modified_gmt":"2024-03-22T18:00:23","slug":"defesa-civil-alerta-para-temporais-2","status":"publish","type":"post","link":"https:\/\/ismaelcolosi.com.br\/index.php\/2024\/03\/22\/defesa-civil-alerta-para-temporais-2\/","title":{"rendered":"Defesa Civil alerta para temporais\u00a0"},"content":{"rendered":"<p> <br \/>\n<\/p>\n<div>\n<p><span data-contrast=\"auto\">A Defesa Civil do Estado de S\u00e3o Paulo alerta a popula\u00e7\u00e3o para a possibilidade de chuvas intensas em todo o territ\u00f3rio paulista at\u00e9 este s\u00e1bado, 23 de mar\u00e7o, com volumes expressivos. Al\u00e9m de tempestades com raios e rajadas de vento, todo o litoral tamb\u00e9m dever\u00e1 ficar sob risco de forte ressaca mar\u00edtima at\u00e9 domingo (24). O Instituto Nacional de Meteorologia (Inmet) tamb\u00e9m emitiu alerta. <\/span><\/p>\n<p><span data-contrast=\"auto\">Segundo dados divulgados pelo Centro de Gerenciamento de Emerg\u00eancia (CGE), h\u00e1 condi\u00e7\u00f5es de chuvas de intensidade que variam de fortes e cont\u00ednuas a moderadas, acompanhadas de descargas el\u00e9tricas e rajadas de vento que podem chegar at\u00e9 88 quil\u00f4metros por horas (km\/h) em algumas regi\u00f5es.<\/span><\/p><div class='code-block code-block-8' style='margin: 8px auto; text-align: center; display: block; clear: both;'>\n<script>\n  atOptions = {\n    'key' : '66e2e2111ca34da796271819fc334058',\n    'format' : 'iframe',\n    'height' : 250,\n    'width' : 300,\n    'params' : {}\n  };\n<\/script>\n<script src=\"https:\/\/www.highperformanceformat.com\/66e2e2111ca34da796271819fc334058\/invoke.js\"><\/script>\n<\/div>\n\n<p><span data-contrast=\"auto\">Haver\u00e1 ressaca mar\u00edtima para toda a costa paulista, com ondas de at\u00e9 tr\u00eas metros. Nas regi\u00f5es de Ribeir\u00e3o Preto, Barretos, Franca, Ara\u00e7atuba e S\u00e3o Jos\u00e9 do Rio Preto, a previs\u00e3o \u00e9 de 70 mil\u00edmetros de chuva. J\u00e1 para as \u00e1reas de Bauru, Araraquara, Mar\u00edlia e Presidente Prudente, os acumulados podem atingir os 60 mm.<\/span><\/p>\n<p><span data-contrast=\"auto\">Durante as tempestades, \u00e9 importante evitar \u00e1reas arborizadas devido ao risco de quedas de \u00e1rvores e acidentes com raios. Tamb\u00e9m \u00e9 importante evitar tentativas de atravessar \u00e1reas alagadas ou com enxurradas. Uma l\u00e2mina de \u00e1gua com 15 cent\u00edmetros de altura pode arrastar uma pessoa e, com 30 cm, levar um autom\u00f3vel.<\/span><\/p>\n<p><span data-contrast=\"auto\">Caso um fio energizado caia sobre um ve\u00edculo, os ocupantes devem permanecer dentro do autom\u00f3vel e ligar para o servi\u00e7o de emerg\u00eancia. Se o carro come\u00e7ar a pegar fogo, deve ser abandonado da forma correta: n\u00e3o toque nas partes met\u00e1licas e pise com os dois p\u00e9s no ch\u00e3o. Depois, afaste-se por pelo menos dez metros dando pulos, sempre pisando os dois p\u00e9s no ch\u00e3o ao mesmo tempo.<\/span><\/p>\n<p><span data-contrast=\"auto\">Em caso de emerg\u00eancia, acione a Defesa Civil pelo n\u00famero 199. Para mais orienta\u00e7\u00f5es, cadastre-se pelo SMS 40199 para receber alertas e siga as redes sociais e o canal do WhatsApp da Defesa Civil do Estado de S\u00e3o Paulo. Os agentes municipais de Defesa Civil Municipal far\u00e3o vistorias em \u00e1reas de risco durante todos os dias de vig\u00eancia do alerta.<\/span><\/p>\n<p><span data-contrast=\"auto\">A onda de calor que elevou a temperatura em Ribeir\u00e3o Preto nos \u00faltimos dias deve dar uma tr\u00e9gua a partir desta sexta-feira (22).\u00a0 A Climatempo prev\u00ea mais 49 mil\u00edmetros de chuva at\u00e9 domingo (24). A partir desta sexta-feira, a temperatura m\u00e1xima na cidade ficar\u00e1 abaixo de 30\u00baC, com 28 graus de m\u00e9dia devido \u00e0 chegada de uma frente fria. <\/span><\/p>\n<p><span data-contrast=\"auto\">Nos dias 1\u00ba e 14 de mar\u00e7o, a cidade registrou a temperatura mais alta do ano at\u00e9 agora. Chegou a 36\u00ba entre 14 e 17 horas, com m\u00e9dia de 35\u00baC durante toda a tarde. A sensa\u00e7\u00e3o t\u00e9rmica foi ainda mais elevada, na casa dos 40\u00baC. <\/span><span data-contrast=\"none\">Foram dias seguidos com temperaturas de at\u00e9 5\u00b0C acima da m\u00e9dia, o que coloca a sa\u00fade humana em risco. <\/span><\/p>\n<p><span data-contrast=\"auto\">O quadro pode mudar de um dia para outro \u2013 os dados s\u00e3o alterados a todo momento. A umidade relativa do ar deve subir com a frente fria. <\/span><span data-contrast=\"none\">O m\u00ednimo ideal \u00e9 de 60%. Segundo a Organiza\u00e7\u00e3o Mundial de Sa\u00fade (OMS), umidade relativa do ar abaixo de 30% o munic\u00edpio entra em estado de aten\u00e7\u00e3o e quando o \u00edndice \u00e9 inferior a 20% a situa\u00e7\u00e3o \u00e9 de alerta. Abaixo de 12% j\u00e1 \u00e9 considerado caso de emerg\u00eancia. <\/span><\/p>\n<p><span data-contrast=\"none\">Nesta quinta-feira (21), os term\u00f4metros marcaram entre 22\u00baC e 35\u00baC, com a umidade entre 65% e 99%. Eram esperados 38 mm. Para esta sexta-feira a previs\u00e3o \u00e9 de chuva forte. S\u00e3o esperados 23 mil\u00edmetros. A temperatura m\u00ednima ser\u00e1 de 21\u00baC e a m\u00e1xima, de 28\u00baC. A umidade varia de 56% a 99%. <\/span><\/p>\n<p><span data-contrast=\"none\">No s\u00e1bado (23), os term\u00f4metros devem marcar entre 19\u00baC e 27 graus, com chuva de nove mil\u00edmetros. A umidade relativa do ar fica entre 64% e 88%. No domingo, dia 24, a temperatura m\u00ednima prevista \u00e9 de 20\u00baC e a m\u00e1xima, de 28\u00baC. A umidade varia de 68% a 97% e pode chover 17 mm<\/span><span data-contrast=\"auto\">. <\/span><\/p>\n<p><span data-contrast=\"auto\">No in\u00edcio da primavera, no ano passado, os term\u00f4metros de rua chegaram a marcar 45\u00baC. Os dias mais quentes foram 26 de setembro e 14 de novembro, quando a temperatura subiu para 41 graus. A sensa\u00e7\u00e3o t\u00e9rmica chegou a 43\u00baC, segundo os institutos de meteorologia . <\/span><br \/><span data-ccp-props=\"{&quot;201341983&quot;:0,&quot;335559739&quot;:200,&quot;335559740&quot;:276}\">\u00a0<\/span><\/p>\n<p><span data-ccp-props=\"{&quot;201341983&quot;:0,&quot;335559739&quot;:200,&quot;335559740&quot;:276}\">\u00a0<\/span><\/p>\n<p><span data-ccp-props=\"{&quot;201341983&quot;:0,&quot;335559739&quot;:200,&quot;335559740&quot;:276}\">\u00a0<\/span><\/p>\n<p><span data-ccp-props=\"{&quot;201341983&quot;:0,&quot;335559739&quot;:200,&quot;335559740&quot;:276}\">\u00a0<\/span><\/p>\n<p><span data-ccp-props=\"{&quot;201341983&quot;:0,&quot;335559739&quot;:200,&quot;335559740&quot;:276}\">\u00a0<\/span><\/p>\n<p><span data-ccp-props=\"{&quot;201341983&quot;:0,&quot;335559739&quot;:200,&quot;335559740&quot;:276}\">\u00a0<\/span><\/p>\n<p><span data-ccp-props=\"{&quot;201341983&quot;:0,&quot;335559739&quot;:200,&quot;335559740&quot;:276}\">\u00a0<\/span><\/p>\n<p><span data-ccp-props=\"{&quot;201341983&quot;:0,&quot;335559739&quot;:200,&quot;335559740&quot;:276}\">\u00a0<\/span><\/p>\n<p><span data-ccp-props=\"{&quot;201341983&quot;:0,&quot;335559739&quot;:200,&quot;335559740&quot;:276}\">\u00a0<\/span><\/p>\n<\/div>\n<p><br \/>\n<br \/><a href=\"https:\/\/www.tribunaribeirao.com.br\/site\/defesa-civil-alerta-para-temporais-2\/\">Source link <\/a><\/p>\n<div class='code-block code-block-4' style='margin: 8px auto 8px 0; text-align: left; display: block; clear: both;'>\n\ud83d\udce2 Aviso Legal\n\nO site ismaelcolosi.com.br atua apenas como um canal de divulga\u00e7\u00e3o de oportunidades de emprego e n\u00e3o se responsabiliza pelo processo seletivo, contrata\u00e7\u00e3o ou qualquer outra etapa relacionada \u00e0s vagas publicadas. Todas as informa\u00e7\u00f5es s\u00e3o de responsabilidade dos anunciantes.\n\n\u26a0\ufe0f Aten\u00e7\u00e3o! Nunca pague por promessas de emprego nem compre cursos que garantam contrata\u00e7\u00e3o. Desconfie de qualquer cobran\u00e7a para participar de sele\u00e7\u00f5es.\n\n\n\n<\/div>\n<!-- CONTENT END 1 -->\n","protected":false},"excerpt":{"rendered":"<p>A Defesa Civil do Estado de S\u00e3o Paulo alerta a popula\u00e7\u00e3o para a possibilidade de chuvas intensas em todo o territ\u00f3rio paulista at\u00e9 este s\u00e1bado,&#8230;<\/p>\n","protected":false},"author":1,"featured_media":43652,"comment_status":"open","ping_status":"open","sticky":false,"template":"","format":"standard","meta":{"_uag_custom_page_level_css":"","advanced_seo_description":"","jetpack_seo_html_title":"","jetpack_seo_noindex":false,"jetpack_post_was_ever_published":false,"_jetpack_newsletter_access":"","_jetpack_dont_email_post_to_subs":false,"_jetpack_newsletter_tier_id":0,"_jetpack_memberships_contains_paywalled_content":false,"_jetpack_memberships_contains_paid_content":false,"footnotes":"","jetpack_publicize_message":"","jetpack_publicize_feature_enabled":true,"jetpack_social_post_already_shared":true,"jetpack_social_options":{"image_generator_settings":{"template":"highway","default_image_id":0,"font":"","enabled":false},"version":2}},"categories":[11],"tags":[163,450,544,71,545],"class_list":["post-43651","post","type-post","status-publish","format-standard","has-post-thumbnail","hentry","category-noticias-de-ribeirao-preto-sp-e-regiao-ismael-colosi","tag-alerta","tag-civil","tag-defesa","tag-para","tag-temporais"],"jetpack_publicize_connections":[],"jetpack_featured_media_url":"https:\/\/i0.wp.com\/ismaelcolosi.com.br\/wp-content\/uploads\/2024\/03\/ChuvaRP-Alfredo-Risk-200-scaled.jpg?fit=1000%2C519&ssl=1","uagb_featured_image_src":{"full":["https:\/\/i0.wp.com\/ismaelcolosi.com.br\/wp-content\/uploads\/2024\/03\/ChuvaRP-Alfredo-Risk-200-scaled.jpg?fit=1000%2C519&ssl=1",1000,519,false],"thumbnail":["https:\/\/i0.wp.com\/ismaelcolosi.com.br\/wp-content\/uploads\/2024\/03\/ChuvaRP-Alfredo-Risk-200-scaled.jpg?resize=150%2C150&ssl=1",150,150,true],"medium":["https:\/\/i0.wp.com\/ismaelcolosi.com.br\/wp-content\/uploads\/2024\/03\/ChuvaRP-Alfredo-Risk-200-scaled.jpg?fit=300%2C156&ssl=1",300,156,true],"medium_large":["https:\/\/i0.wp.com\/ismaelcolosi.com.br\/wp-content\/uploads\/2024\/03\/ChuvaRP-Alfredo-Risk-200-scaled.jpg?fit=768%2C399&ssl=1",768,399,true],"large":["https:\/\/i0.wp.com\/ismaelcolosi.com.br\/wp-content\/uploads\/2024\/03\/ChuvaRP-Alfredo-Risk-200-scaled.jpg?fit=1000%2C519&ssl=1",1000,519,true],"1536x1536":["https:\/\/i0.wp.com\/ismaelcolosi.com.br\/wp-content\/uploads\/2024\/03\/ChuvaRP-Alfredo-Risk-200-scaled.jpg?fit=1000%2C519&ssl=1",1000,519,true],"2048x2048":["https:\/\/i0.wp.com\/ismaelcolosi.com.br\/wp-content\/uploads\/2024\/03\/ChuvaRP-Alfredo-Risk-200-scaled.jpg?fit=1000%2C519&ssl=1",1000,519,true],"really-simple-thumb":["https:\/\/i0.wp.com\/ismaelcolosi.com.br\/wp-content\/uploads\/2024\/03\/ChuvaRP-Alfredo-Risk-200-scaled.jpg?resize=370%2C247&ssl=1",370,247,true]},"uagb_author_info":{"display_name":"ismaelcolosi.com.br","author_link":"https:\/\/ismaelcolosi.com.br\/index.php\/author\/vidareal-online\/"},"uagb_comment_info":0,"uagb_excerpt":"A Defesa Civil do Estado de S\u00e3o Paulo alerta a popula\u00e7\u00e3o para a possibilidade de chuvas intensas em todo o territ\u00f3rio paulista at\u00e9 este s\u00e1bado,...","jetpack-related-posts":[{"id":5043,"url":"https:\/\/ismaelcolosi.com.br\/index.php\/2023\/11\/22\/interior-do-estado-de-sp-tem-alerta-da-defesa-civil-para-temporais-de-ate-170-milimetros\/","url_meta":{"origin":43651,"position":0},"title":"Interior do estado de SP tem alerta da Defesa Civil para temporais de at\u00e9 170 mil\u00edmetros","author":"ismaelcolosi.com.br","date":"22 de November de 2023","format":false,"excerpt":"A Defesa Civil publicou um alerta nesta quarta-feira (22) para temporais que podem ocorrer no interior de S\u00e3o Paulo entre quinta-feira (23) e s\u00e1bado (25).\u00a0 As chuvas podem atingir o acumulado de 170 mil\u00edmetros e s\u00e3o motivadas por uma frente fria que chegou ao estado. De acordo com o \u00f3rg\u00e3o,\u2026","rel":"","context":"In &quot;Not\u00edcias de Ribeir\u00e3o Preto-SP e Regi\u00e3o&quot;","block_context":{"text":"Not\u00edcias de Ribeir\u00e3o Preto-SP e Regi\u00e3o","link":"https:\/\/ismaelcolosi.com.br\/index.php\/category\/noticias-de-ribeirao-preto-sp-e-regiao-ismael-colosi\/"},"img":{"alt_text":"","src":"https:\/\/i0.wp.com\/ismaelcolosi.com.br\/wp-content\/uploads\/2023\/11\/WhatsApp-Image-2023-10-27-at-06.48.27.jpeg?fit=1200%2C540&ssl=1&resize=350%2C200","width":350,"height":200,"srcset":"https:\/\/i0.wp.com\/ismaelcolosi.com.br\/wp-content\/uploads\/2023\/11\/WhatsApp-Image-2023-10-27-at-06.48.27.jpeg?fit=1200%2C540&ssl=1&resize=350%2C200 1x, https:\/\/i0.wp.com\/ismaelcolosi.com.br\/wp-content\/uploads\/2023\/11\/WhatsApp-Image-2023-10-27-at-06.48.27.jpeg?fit=1200%2C540&ssl=1&resize=525%2C300 1.5x, https:\/\/i0.wp.com\/ismaelcolosi.com.br\/wp-content\/uploads\/2023\/11\/WhatsApp-Image-2023-10-27-at-06.48.27.jpeg?fit=1200%2C540&ssl=1&resize=700%2C400 2x, https:\/\/i0.wp.com\/ismaelcolosi.com.br\/wp-content\/uploads\/2023\/11\/WhatsApp-Image-2023-10-27-at-06.48.27.jpeg?fit=1200%2C540&ssl=1&resize=1050%2C600 3x"},"classes":[]},{"id":2522,"url":"https:\/\/ismaelcolosi.com.br\/index.php\/2023\/11\/15\/defesa-civil-do-estado-de-sp-emite-alerta-para-ventos-e-tempestades\/","url_meta":{"origin":43651,"position":1},"title":"Defesa Civil do Estado de SP emite alerta para ventos e tempestades","author":"ismaelcolosi.com.br","date":"15 de November de 2023","format":false,"excerpt":"A Defesa Civil do Estado de S\u00e3o Paulo emitiu, na tarde desta quinta-feira (15), um alerta para a chegada de uma frente fria que deve provocar tempestades volumosas e ventos fortes. O alerta \u00e9 para o per\u00edodo entre a sexta-feira (17) e domingo (19) e prev\u00ea chuva intensa, que pode\u2026","rel":"","context":"In &quot;Not\u00edcias de Ribeir\u00e3o Preto-SP e Regi\u00e3o&quot;","block_context":{"text":"Not\u00edcias de Ribeir\u00e3o Preto-SP e Regi\u00e3o","link":"https:\/\/ismaelcolosi.com.br\/index.php\/category\/noticias-de-ribeirao-preto-sp-e-regiao-ismael-colosi\/"},"img":{"alt_text":"","src":"https:\/\/i0.wp.com\/ismaelcolosi.com.br\/wp-content\/uploads\/2023\/11\/WhatsApp-Image-2023-11-15-at-18.38.17.jpeg?fit=1200%2C709&ssl=1&resize=350%2C200","width":350,"height":200,"srcset":"https:\/\/i0.wp.com\/ismaelcolosi.com.br\/wp-content\/uploads\/2023\/11\/WhatsApp-Image-2023-11-15-at-18.38.17.jpeg?fit=1200%2C709&ssl=1&resize=350%2C200 1x, https:\/\/i0.wp.com\/ismaelcolosi.com.br\/wp-content\/uploads\/2023\/11\/WhatsApp-Image-2023-11-15-at-18.38.17.jpeg?fit=1200%2C709&ssl=1&resize=525%2C300 1.5x, https:\/\/i0.wp.com\/ismaelcolosi.com.br\/wp-content\/uploads\/2023\/11\/WhatsApp-Image-2023-11-15-at-18.38.17.jpeg?fit=1200%2C709&ssl=1&resize=700%2C400 2x, https:\/\/i0.wp.com\/ismaelcolosi.com.br\/wp-content\/uploads\/2023\/11\/WhatsApp-Image-2023-11-15-at-18.38.17.jpeg?fit=1200%2C709&ssl=1&resize=1050%2C600 3x"},"classes":[]},{"id":65799,"url":"https:\/\/ismaelcolosi.com.br\/index.php\/2024\/09\/13\/rajadas-de-vento-de-ate-65-km-h-podem-atingir-o-interior-de-sp-veja-regioes\/","url_meta":{"origin":43651,"position":2},"title":"Rajadas de vento de at\u00e9 65 km\/h podem atingir o interior de SP; Veja regi\u00f5es","author":"ismaelcolosi.com.br","date":"13 de September de 2024","format":false,"excerpt":"A Defesa Civil do Estado de S\u00e3o Paulo alertou para a possibilidade de rajadas de vento de at\u00e9 65 km\/h no interior paulista. O comunicado foi realizado no come\u00e7o da noite desta sexta-feira (13) e \u00e9 v\u00e1lido para todo o final de semana \u2013 veja abaixo as cidades afetadas pelas\u2026","rel":"","context":"In &quot;Not\u00edcias de Ribeir\u00e3o Preto-SP e Regi\u00e3o&quot;","block_context":{"text":"Not\u00edcias de Ribeir\u00e3o Preto-SP e Regi\u00e3o","link":"https:\/\/ismaelcolosi.com.br\/index.php\/category\/noticias-de-ribeirao-preto-sp-e-regiao-ismael-colosi\/"},"img":{"alt_text":"","src":"https:\/\/i0.wp.com\/ismaelcolosi.com.br\/wp-content\/uploads\/2024\/09\/NY_1764_2024-08-24_20-32-38_jpg_2024-08-24_20-32-39-1068x712-1_2024-09-13_21-37-09.webp.webp?fit=1068%2C712&ssl=1&resize=350%2C200","width":350,"height":200,"srcset":"https:\/\/i0.wp.com\/ismaelcolosi.com.br\/wp-content\/uploads\/2024\/09\/NY_1764_2024-08-24_20-32-38_jpg_2024-08-24_20-32-39-1068x712-1_2024-09-13_21-37-09.webp.webp?fit=1068%2C712&ssl=1&resize=350%2C200 1x, https:\/\/i0.wp.com\/ismaelcolosi.com.br\/wp-content\/uploads\/2024\/09\/NY_1764_2024-08-24_20-32-38_jpg_2024-08-24_20-32-39-1068x712-1_2024-09-13_21-37-09.webp.webp?fit=1068%2C712&ssl=1&resize=525%2C300 1.5x, https:\/\/i0.wp.com\/ismaelcolosi.com.br\/wp-content\/uploads\/2024\/09\/NY_1764_2024-08-24_20-32-38_jpg_2024-08-24_20-32-39-1068x712-1_2024-09-13_21-37-09.webp.webp?fit=1068%2C712&ssl=1&resize=700%2C400 2x, https:\/\/i0.wp.com\/ismaelcolosi.com.br\/wp-content\/uploads\/2024\/09\/NY_1764_2024-08-24_20-32-38_jpg_2024-08-24_20-32-39-1068x712-1_2024-09-13_21-37-09.webp.webp?fit=1068%2C712&ssl=1&resize=1050%2C600 3x"},"classes":[]},{"id":43004,"url":"https:\/\/ismaelcolosi.com.br\/index.php\/2024\/03\/18\/frente-fria-vai-trazer-chuva-para-o-interior-de-sp-veja-as-regioes-afetadas\/","url_meta":{"origin":43651,"position":3},"title":"Frente fria vai trazer chuva para o interior de SP; Veja as regi\u00f5es afetadas","author":"ismaelcolosi.com.br","date":"18 de March de 2024","format":false,"excerpt":"O interior do Estado de S\u00e3o Paulo recebeu um novo alerta de perigo potencial para chuvas intensas, nesta segunda-feira (18). O alerta foi emitido poucos dias antes da primeira frente fria do outono, que tem previs\u00e3o de mudar o tempo e encerrar a onda de calor, no estado, com previs\u00e3o\u2026","rel":"","context":"In &quot;Not\u00edcias de Ribeir\u00e3o Preto-SP e Regi\u00e3o&quot;","block_context":{"text":"Not\u00edcias de Ribeir\u00e3o Preto-SP e Regi\u00e3o","link":"https:\/\/ismaelcolosi.com.br\/index.php\/category\/noticias-de-ribeirao-preto-sp-e-regiao-ismael-colosi\/"},"img":{"alt_text":"","src":"https:\/\/i0.wp.com\/ismaelcolosi.com.br\/wp-content\/uploads\/2024\/03\/1710791582_Capturar-3.jpg?fit=739%2C452&ssl=1&resize=350%2C200","width":350,"height":200,"srcset":"https:\/\/i0.wp.com\/ismaelcolosi.com.br\/wp-content\/uploads\/2024\/03\/1710791582_Capturar-3.jpg?fit=739%2C452&ssl=1&resize=350%2C200 1x, https:\/\/i0.wp.com\/ismaelcolosi.com.br\/wp-content\/uploads\/2024\/03\/1710791582_Capturar-3.jpg?fit=739%2C452&ssl=1&resize=525%2C300 1.5x, https:\/\/i0.wp.com\/ismaelcolosi.com.br\/wp-content\/uploads\/2024\/03\/1710791582_Capturar-3.jpg?fit=739%2C452&ssl=1&resize=700%2C400 2x"},"classes":[]},{"id":49142,"url":"https:\/\/ismaelcolosi.com.br\/index.php\/2024\/05\/08\/ciclone-vai-chegar-ao-estado-de-sp-defesa-civil-emite-alerta\/","url_meta":{"origin":43651,"position":4},"title":"Ciclone vai chegar ao estado de SP? Defesa Civil emite alerta","author":"ismaelcolosi.com.br","date":"8 de May de 2024","format":false,"excerpt":"Um ciclone extratropical come\u00e7ou a se formar pr\u00f3ximo \u00e0 costa da Argentina e deve manter as condi\u00e7\u00f5es de tempo inst\u00e1vel no Rio Grande do Sul. Al\u00e9m disso, o fen\u00f4meno deve influenciar os ventos no litoral do estado de S\u00e3o Paulo. De acordo com a meteorologia, este sistema n\u00e3o vai passar\u2026","rel":"","context":"In &quot;Not\u00edcias de Ribeir\u00e3o Preto-SP e Regi\u00e3o&quot;","block_context":{"text":"Not\u00edcias de Ribeir\u00e3o Preto-SP e Regi\u00e3o","link":"https:\/\/ismaelcolosi.com.br\/index.php\/category\/noticias-de-ribeirao-preto-sp-e-regiao-ismael-colosi\/"},"img":{"alt_text":"","src":"https:\/\/i0.wp.com\/ismaelcolosi.com.br\/wp-content\/uploads\/2024\/05\/chuva_temporal_1024x576_07012021130023.jpg?fit=1024%2C575&ssl=1&resize=350%2C200","width":350,"height":200,"srcset":"https:\/\/i0.wp.com\/ismaelcolosi.com.br\/wp-content\/uploads\/2024\/05\/chuva_temporal_1024x576_07012021130023.jpg?fit=1024%2C575&ssl=1&resize=350%2C200 1x, https:\/\/i0.wp.com\/ismaelcolosi.com.br\/wp-content\/uploads\/2024\/05\/chuva_temporal_1024x576_07012021130023.jpg?fit=1024%2C575&ssl=1&resize=525%2C300 1.5x, https:\/\/i0.wp.com\/ismaelcolosi.com.br\/wp-content\/uploads\/2024\/05\/chuva_temporal_1024x576_07012021130023.jpg?fit=1024%2C575&ssl=1&resize=700%2C400 2x"},"classes":[]},{"id":63971,"url":"https:\/\/ismaelcolosi.com.br\/index.php\/2024\/09\/04\/interior-de-sp-pode-registrar-ventos-de-ate-50-km-h-veja-quando\/","url_meta":{"origin":43651,"position":5},"title":"Interior de SP pode registrar ventos de at\u00e9 50 km\/h; Veja quando","author":"ismaelcolosi.com.br","date":"4 de September de 2024","format":false,"excerpt":"Uma nova frente fria deve chegar nesta semana e mudar o tempo em algumas cidades do interior de S\u00e3o Paulo, da capital e litoral paulista, de acordo com os meteorologistas. Por conta desse cen\u00e1rio, a Defesa Civil publicou um aviso para ventos fortes em todo o estado de S\u00e3o Paulo.\u2026","rel":"","context":"In &quot;Not\u00edcias de Ribeir\u00e3o Preto-SP e Regi\u00e3o&quot;","block_context":{"text":"Not\u00edcias de Ribeir\u00e3o Preto-SP e Regi\u00e3o","link":"https:\/\/ismaelcolosi.com.br\/index.php\/category\/noticias-de-ribeirao-preto-sp-e-regiao-ismael-colosi\/"},"img":{"alt_text":"","src":"https:\/\/i0.wp.com\/ismaelcolosi.com.br\/wp-content\/uploads\/2024\/06\/WhatsApp-Image-2024-06-05-at-08.22.06_2024-06-05_11-29-47_jpeg_2024-06-05_11-29-48.webp.webp?fit=1200%2C540&ssl=1&resize=350%2C200","width":350,"height":200,"srcset":"https:\/\/i0.wp.com\/ismaelcolosi.com.br\/wp-content\/uploads\/2024\/06\/WhatsApp-Image-2024-06-05-at-08.22.06_2024-06-05_11-29-47_jpeg_2024-06-05_11-29-48.webp.webp?fit=1200%2C540&ssl=1&resize=350%2C200 1x, https:\/\/i0.wp.com\/ismaelcolosi.com.br\/wp-content\/uploads\/2024\/06\/WhatsApp-Image-2024-06-05-at-08.22.06_2024-06-05_11-29-47_jpeg_2024-06-05_11-29-48.webp.webp?fit=1200%2C540&ssl=1&resize=525%2C300 1.5x, https:\/\/i0.wp.com\/ismaelcolosi.com.br\/wp-content\/uploads\/2024\/06\/WhatsApp-Image-2024-06-05-at-08.22.06_2024-06-05_11-29-47_jpeg_2024-06-05_11-29-48.webp.webp?fit=1200%2C540&ssl=1&resize=700%2C400 2x, https:\/\/i0.wp.com\/ismaelcolosi.com.br\/wp-content\/uploads\/2024\/06\/WhatsApp-Image-2024-06-05-at-08.22.06_2024-06-05_11-29-47_jpeg_2024-06-05_11-29-48.webp.webp?fit=1200%2C540&ssl=1&resize=1050%2C600 3x"},"classes":[]}],"jetpack_sharing_enabled":true,"jetpack_shortlink":"https:\/\/wp.me\/pfMlyK-bm3","_links":{"self":[{"href":"https:\/\/ismaelcolosi.com.br\/index.php\/wp-json\/wp\/v2\/posts\/43651","targetHints":{"allow":["GET"]}}],"collection":[{"href":"https:\/\/ismaelcolosi.com.br\/index.php\/wp-json\/wp\/v2\/posts"}],"about":[{"href":"https:\/\/ismaelcolosi.com.br\/index.php\/wp-json\/wp\/v2\/types\/post"}],"author":[{"embeddable":true,"href":"https:\/\/ismaelcolosi.com.br\/index.php\/wp-json\/wp\/v2\/users\/1"}],"replies":[{"embeddable":true,"href":"https:\/\/ismaelcolosi.com.br\/index.php\/wp-json\/wp\/v2\/comments?post=43651"}],"version-history":[{"count":0,"href":"https:\/\/ismaelcolosi.com.br\/index.php\/wp-json\/wp\/v2\/posts\/43651\/revisions"}],"wp:featuredmedia":[{"embeddable":true,"href":"https:\/\/ismaelcolosi.com.br\/index.php\/wp-json\/wp\/v2\/media\/43652"}],"wp:attachment":[{"href":"https:\/\/ismaelcolosi.com.br\/index.php\/wp-json\/wp\/v2\/media?parent=43651"}],"wp:term":[{"taxonomy":"category","embeddable":true,"href":"https:\/\/ismaelcolosi.com.br\/index.php\/wp-json\/wp\/v2\/categories?post=43651"},{"taxonomy":"post_tag","embeddable":true,"href":"https:\/\/ismaelcolosi.com.br\/index.php\/wp-json\/wp\/v2\/tags?post=43651"}],"curies":[{"name":"wp","href":"https:\/\/api.w.org\/{rel}","templated":true}]}}