{"id":4362,"date":"2023-11-21T11:39:13","date_gmt":"2023-11-21T14:39:13","guid":{"rendered":"https:\/\/ismaelcolosi.com.br\/index.php\/2023\/11\/21\/prima-desabafa-sobre-injustica-apos-morte-em-assalto-no-rio-de-janeiro-apos-show-de-taylor-swift-levando-meu-primo-morto\/"},"modified":"2023-11-21T11:39:13","modified_gmt":"2023-11-21T14:39:13","slug":"prima-desabafa-sobre-injustica-apos-morte-em-assalto-no-rio-de-janeiro-apos-show-de-taylor-swift-levando-meu-primo-morto","status":"publish","type":"post","link":"https:\/\/ismaelcolosi.com.br\/index.php\/2023\/11\/21\/prima-desabafa-sobre-injustica-apos-morte-em-assalto-no-rio-de-janeiro-apos-show-de-taylor-swift-levando-meu-primo-morto\/","title":{"rendered":"Prima Desabafa sobre Injusti\u00e7a ap\u00f3s Morte em Assalto no Rio de Janeiro Ap\u00f3s Show de Taylor Swift: &#8220;Levando meu primo morto&#8221;"},"content":{"rendered":"<p> <br \/>\n<\/p>\n<div itemprop=\"text\">\n<p>Na madrugada de domingo, o estudante Gabriel Mongenot Santana Milhomem Santos, que integrava um grupo de f\u00e3s da cantora Taylor Swift, foi brutalmente atacado na Praia de Copacabana. As c\u00e2meras de seguran\u00e7a capturaram os instantes de desespero e a subsequente tentativa de socorro por parte de seus amigos.<\/p>\n<p>O grupo, que passava o dia explorando o Rio de Janeiro, decidiu relaxar na areia antes de retornar para casa. No entanto, a tranquila noite se transformou em trag\u00e9dia quando foram abordados por criminosos, resultando na morte de Gabriel.<\/p>\n<p>As imagens mostram a correria dos amigos em busca de ajuda, abra\u00e7ando-se em um gesto de consolo diante da terr\u00edvel situa\u00e7\u00e3o. O desfecho das autoridades tamb\u00e9m \u00e9 registrado, incluindo a deten\u00e7\u00e3o de um suspeito no porta-malas de um ve\u00edculo da PM.<\/p>\n<p>Gabriel, que estava dormindo na areia, despertou assustado com a gritaria que precedeu o assalto. Sua prima, Juliana Milhomem, compartilhou: <i>\u201cO Gabriel estava cochilando na hora e se levantou com a gritaria. Provavelmente, para o assaltante, ele reagiu ao assalto, mas na verdade ele acordou assustado com a gritaria, com a movimenta\u00e7\u00e3o. A\u00ed, ele foi ferido.\u201d<\/i><\/p>\n<p>Dos dois detidos, Anderson Henriques Brand\u00e3o permanece preso, reconhecido por testemunhas e com um hist\u00f3rico de abordagens pelo programa Seguran\u00e7a Presente de Copacabana. J\u00e1 Jonathan Batista Barbosa, apesar de ter sido detido um dia antes por furto, foi liberado em audi\u00eancia de cust\u00f3dia. A ju\u00edza justificou que o crime n\u00e3o envolvia viol\u00eancia ou grave amea\u00e7a.<\/p>\n<p><i>\u201cAl\u00e9m da tristeza, a gente sente uma revolta, sabe? Porque era uma pessoa que estava presa e foi solta solta, e em menos de 12 horas e matou uma pessoa. \u00c9 uma sensa\u00e7\u00e3o de injusti\u00e7a. De que a gente n\u00e3o est\u00e1 seguro [chora]. Eu vim para passear, me divertir e eu estou voltando pra casa levando meu primo morto\u201d, <\/i>disse Juliana.<\/p>\n<p>A fam\u00edlia de Gabriel expressou revolta diante da trag\u00e9dia e da aparente injusti\u00e7a no sistema judici\u00e1rio. O jovem, estudante de Engenharia Aeroespacial em Minas Gerais, estava no Rio para assistir ao show de Taylor Swift. Seu corpo ser\u00e1 sepultado em Campo Grande, no Mato Grosso do Sul, nesta ter\u00e7a-feira. A audi\u00eancia de cust\u00f3dia referente ao caso est\u00e1 marcada para o mesmo dia.<\/p>\n<\/div>\n<p><br \/>\n<br \/><a href=\"https:\/\/fnmais.com\/prima-desabafa-sobre-injustica-apos-morte-em-assalto-no-rio-janeiro-apos-show-taylor-swift-levando-meu-primo-morto\/\">Source link <\/a><\/p>\n<div class='code-block code-block-4' style='margin: 8px auto 8px 0; text-align: left; display: block; clear: both;'>\n\ud83d\udce2 Aviso Legal\n\nO site ismaelcolosi.com.br atua apenas como um canal de divulga\u00e7\u00e3o de oportunidades de emprego e n\u00e3o se responsabiliza pelo processo seletivo, contrata\u00e7\u00e3o ou qualquer outra etapa relacionada \u00e0s vagas publicadas. Todas as informa\u00e7\u00f5es s\u00e3o de responsabilidade dos anunciantes.\n\n\u26a0\ufe0f Aten\u00e7\u00e3o! Nunca pague por promessas de emprego nem compre cursos que garantam contrata\u00e7\u00e3o. Desconfie de qualquer cobran\u00e7a para participar de sele\u00e7\u00f5es.\n\n\n\n<\/div>\n<!-- CONTENT END 1 -->\n","protected":false},"excerpt":{"rendered":"<p>Na madrugada de domingo, o estudante Gabriel Mongenot Santana Milhomem Santos, que integrava um grupo de f\u00e3s da cantora Taylor Swift, foi brutalmente atacado na&#8230;<\/p>\n","protected":false},"author":1,"featured_media":4363,"comment_status":"open","ping_status":"open","sticky":false,"template":"","format":"standard","meta":{"_uag_custom_page_level_css":"","advanced_seo_description":"","jetpack_seo_html_title":"","jetpack_seo_noindex":false,"jetpack_post_was_ever_published":false,"_jetpack_newsletter_access":"","_jetpack_dont_email_post_to_subs":false,"_jetpack_newsletter_tier_id":0,"_jetpack_memberships_contains_paywalled_content":false,"_jetpack_memberships_contains_paid_content":false,"footnotes":"","jetpack_publicize_message":"","jetpack_publicize_feature_enabled":true,"jetpack_social_post_already_shared":true,"jetpack_social_options":{"image_generator_settings":{"template":"highway","default_image_id":0,"font":"","enabled":false},"version":2}},"categories":[1],"tags":[],"class_list":["post-4362","post","type-post","status-publish","format-standard","has-post-thumbnail","hentry","category-blog"],"jetpack_publicize_connections":[],"jetpack_featured_media_url":"https:\/\/i0.wp.com\/ismaelcolosi.com.br\/wp-content\/uploads\/2023\/11\/postimg-655cbea1d32c25707.jpg?fit=1200%2C628&ssl=1","uagb_featured_image_src":{"full":["https:\/\/i0.wp.com\/ismaelcolosi.com.br\/wp-content\/uploads\/2023\/11\/postimg-655cbea1d32c25707.jpg?fit=1200%2C628&ssl=1",1200,628,false],"thumbnail":["https:\/\/i0.wp.com\/ismaelcolosi.com.br\/wp-content\/uploads\/2023\/11\/postimg-655cbea1d32c25707.jpg?resize=150%2C150&ssl=1",150,150,true],"medium":["https:\/\/i0.wp.com\/ismaelcolosi.com.br\/wp-content\/uploads\/2023\/11\/postimg-655cbea1d32c25707.jpg?fit=300%2C157&ssl=1",300,157,true],"medium_large":["https:\/\/i0.wp.com\/ismaelcolosi.com.br\/wp-content\/uploads\/2023\/11\/postimg-655cbea1d32c25707.jpg?fit=768%2C402&ssl=1",768,402,true],"large":["https:\/\/i0.wp.com\/ismaelcolosi.com.br\/wp-content\/uploads\/2023\/11\/postimg-655cbea1d32c25707.jpg?fit=1024%2C536&ssl=1",1024,536,true],"1536x1536":["https:\/\/i0.wp.com\/ismaelcolosi.com.br\/wp-content\/uploads\/2023\/11\/postimg-655cbea1d32c25707.jpg?fit=1200%2C628&ssl=1",1200,628,true],"2048x2048":["https:\/\/i0.wp.com\/ismaelcolosi.com.br\/wp-content\/uploads\/2023\/11\/postimg-655cbea1d32c25707.jpg?fit=1200%2C628&ssl=1",1200,628,true],"really-simple-thumb":["https:\/\/i0.wp.com\/ismaelcolosi.com.br\/wp-content\/uploads\/2023\/11\/postimg-655cbea1d32c25707.jpg?resize=370%2C247&ssl=1",370,247,true]},"uagb_author_info":{"display_name":"ismaelcolosi.com.br","author_link":"https:\/\/ismaelcolosi.com.br\/index.php\/author\/vidareal-online\/"},"uagb_comment_info":0,"uagb_excerpt":"Na madrugada de domingo, o estudante Gabriel Mongenot Santana Milhomem Santos, que integrava um grupo de f\u00e3s da cantora Taylor Swift, foi brutalmente atacado na...","jetpack-related-posts":[{"id":21266,"url":"https:\/\/ismaelcolosi.com.br\/index.php\/2023\/12\/27\/saiba-o-que-e-exaustao-termica-causa-da-morte-de-fa-de-taylor-swift-no-rio-de-janeiro\/","url_meta":{"origin":4362,"position":0},"title":"Saiba o que \u00e9 exaust\u00e3o t\u00e9rmica; causa da morte de f\u00e3 de Taylor Swift no Rio de Janeiro","author":"ismaelcolosi.com.br","date":"27 de December de 2023","format":false,"excerpt":"O Rio de Janeiro \u00e9 um dos estados que mais bate record de temperaturas na casa dos 40\u00ba C. Ainda este ano, uma forte onda de calor invadiu a \u2018cidade maravilhosa sendo respons\u00e1vel por altas sensa\u00e7\u00f5es t\u00e9rmicas.No dia 17 de dezembro, o show da cantora Taylor Swift no Rio de\u2026","rel":"","context":"In &quot;Blog&quot;","block_context":{"text":"Blog","link":"https:\/\/ismaelcolosi.com.br\/index.php\/category\/blog\/"},"img":{"alt_text":"","src":"https:\/\/i0.wp.com\/ismaelcolosi.com.br\/wp-content\/uploads\/2023\/12\/postimg-658c417e4ae3d7132.jpg?fit=1200%2C628&ssl=1&resize=350%2C200","width":350,"height":200,"srcset":"https:\/\/i0.wp.com\/ismaelcolosi.com.br\/wp-content\/uploads\/2023\/12\/postimg-658c417e4ae3d7132.jpg?fit=1200%2C628&ssl=1&resize=350%2C200 1x, https:\/\/i0.wp.com\/ismaelcolosi.com.br\/wp-content\/uploads\/2023\/12\/postimg-658c417e4ae3d7132.jpg?fit=1200%2C628&ssl=1&resize=525%2C300 1.5x, https:\/\/i0.wp.com\/ismaelcolosi.com.br\/wp-content\/uploads\/2023\/12\/postimg-658c417e4ae3d7132.jpg?fit=1200%2C628&ssl=1&resize=700%2C400 2x, https:\/\/i0.wp.com\/ismaelcolosi.com.br\/wp-content\/uploads\/2023\/12\/postimg-658c417e4ae3d7132.jpg?fit=1200%2C628&ssl=1&resize=1050%2C600 3x"},"classes":[]},{"id":4396,"url":"https:\/\/ismaelcolosi.com.br\/index.php\/2023\/11\/21\/quem-era-o-jovem-morto-em-assalto-no-rio-de-janeiro-apos-sair-de-show-de-taylor-swift\/","url_meta":{"origin":4362,"position":1},"title":"Quem era o jovem morto em assalto no Rio de Janeiro ap\u00f3s sair de show de Taylor Swift","author":"ismaelcolosi.com.br","date":"21 de November de 2023","format":false,"excerpt":"Na madrugada deste domingo (19), Gabriel Mongenot Santana Milhomem Santos, um jovem de 25 anos, teve sua vida brutalmente interrompida por tr\u00eas criminosos em uma tentativa de assalto nas areias da Praia de Copacabana, no Rio de Janeiro. O incidente aconteceu enquanto Gabriel estava na cidade com duas primas, ansioso\u2026","rel":"","context":"In &quot;Blog&quot;","block_context":{"text":"Blog","link":"https:\/\/ismaelcolosi.com.br\/index.php\/category\/blog\/"},"img":{"alt_text":"","src":"https:\/\/i0.wp.com\/ismaelcolosi.com.br\/wp-content\/uploads\/2023\/11\/postimg-655cc6f7e4a4c7560.jpg?fit=1200%2C628&ssl=1&resize=350%2C200","width":350,"height":200,"srcset":"https:\/\/i0.wp.com\/ismaelcolosi.com.br\/wp-content\/uploads\/2023\/11\/postimg-655cc6f7e4a4c7560.jpg?fit=1200%2C628&ssl=1&resize=350%2C200 1x, https:\/\/i0.wp.com\/ismaelcolosi.com.br\/wp-content\/uploads\/2023\/11\/postimg-655cc6f7e4a4c7560.jpg?fit=1200%2C628&ssl=1&resize=525%2C300 1.5x, https:\/\/i0.wp.com\/ismaelcolosi.com.br\/wp-content\/uploads\/2023\/11\/postimg-655cc6f7e4a4c7560.jpg?fit=1200%2C628&ssl=1&resize=700%2C400 2x, https:\/\/i0.wp.com\/ismaelcolosi.com.br\/wp-content\/uploads\/2023\/11\/postimg-655cc6f7e4a4c7560.jpg?fit=1200%2C628&ssl=1&resize=1050%2C600 3x"},"classes":[]},{"id":5432,"url":"https:\/\/ismaelcolosi.com.br\/index.php\/2023\/11\/23\/saiba-qual-pronunciamento-produtora-dos-shows-de-taylor-swift-fez-apos-polemicas-no-rio-de-janeiro\/","url_meta":{"origin":4362,"position":2},"title":"Saiba qual pronunciamento produtora dos shows de Taylor Swift fez ap\u00f3s pol\u00eamicas no Rio de Janeiro","author":"ismaelcolosi.com.br","date":"23 de November de 2023","format":false,"excerpt":"Uma das tristes not\u00edcias da semana foi a despedida da jovem Ana Clara Benevides de 23 anos. A jovem faleceu em decorr\u00eancia de uma hemorragia pulmonar ap\u00f3s passar mal durante o show da cantora Taylor Swift.A cantora at\u00e9 o momento n\u00e3o se pronunciou sobre o caso. As cr\u00edticas direcionadas a\u2026","rel":"","context":"In &quot;Blog&quot;","block_context":{"text":"Blog","link":"https:\/\/ismaelcolosi.com.br\/index.php\/category\/blog\/"},"img":{"alt_text":"","src":"https:\/\/i0.wp.com\/ismaelcolosi.com.br\/wp-content\/uploads\/2023\/11\/postimg-655f9a9e4164c5754.jpg?fit=1200%2C628&ssl=1&resize=350%2C200","width":350,"height":200,"srcset":"https:\/\/i0.wp.com\/ismaelcolosi.com.br\/wp-content\/uploads\/2023\/11\/postimg-655f9a9e4164c5754.jpg?fit=1200%2C628&ssl=1&resize=350%2C200 1x, https:\/\/i0.wp.com\/ismaelcolosi.com.br\/wp-content\/uploads\/2023\/11\/postimg-655f9a9e4164c5754.jpg?fit=1200%2C628&ssl=1&resize=525%2C300 1.5x, https:\/\/i0.wp.com\/ismaelcolosi.com.br\/wp-content\/uploads\/2023\/11\/postimg-655f9a9e4164c5754.jpg?fit=1200%2C628&ssl=1&resize=700%2C400 2x, https:\/\/i0.wp.com\/ismaelcolosi.com.br\/wp-content\/uploads\/2023\/11\/postimg-655f9a9e4164c5754.jpg?fit=1200%2C628&ssl=1&resize=1050%2C600 3x"},"classes":[]},{"id":21361,"url":"https:\/\/ismaelcolosi.com.br\/index.php\/2023\/12\/27\/os-orgaos-foram-falhando-laudo-do-perito-forense-causa-espanto-ao-apontar-a-real-causa-do-obito-de-fa-de-taylor-swift-no-rj\/","url_meta":{"origin":4362,"position":3},"title":"Os \u00f3rg\u00e3os foram falhando: Laudo do perito forense causa espanto ao apontar a real causa do \u00f3bito de f\u00e3 de Taylor Swift no RJ","author":"ismaelcolosi.com.br","date":"27 de December de 2023","format":false,"excerpt":"Ana Clara Benevides Machado, a estudante universit\u00e1ria de 23 anos que faleceu ap\u00f3s passar mal durante o primeiro show de Taylor Swift no Rio de Janeiro, teve sua morte atribu\u00edda a exaust\u00e3o t\u00e9rmica provocada pelo intenso calor, conforme indicado no laudo de necropsia.Naquela ocasi\u00e3o, a cidade enfrentava uma onda de\u2026","rel":"","context":"In &quot;Blog&quot;","block_context":{"text":"Blog","link":"https:\/\/ismaelcolosi.com.br\/index.php\/category\/blog\/"},"img":{"alt_text":"","src":"https:\/\/i0.wp.com\/ismaelcolosi.com.br\/wp-content\/uploads\/2023\/12\/postimg-658c5ee4e135b2163.jpg?fit=1200%2C628&ssl=1&resize=350%2C200","width":350,"height":200,"srcset":"https:\/\/i0.wp.com\/ismaelcolosi.com.br\/wp-content\/uploads\/2023\/12\/postimg-658c5ee4e135b2163.jpg?fit=1200%2C628&ssl=1&resize=350%2C200 1x, https:\/\/i0.wp.com\/ismaelcolosi.com.br\/wp-content\/uploads\/2023\/12\/postimg-658c5ee4e135b2163.jpg?fit=1200%2C628&ssl=1&resize=525%2C300 1.5x, https:\/\/i0.wp.com\/ismaelcolosi.com.br\/wp-content\/uploads\/2023\/12\/postimg-658c5ee4e135b2163.jpg?fit=1200%2C628&ssl=1&resize=700%2C400 2x, https:\/\/i0.wp.com\/ismaelcolosi.com.br\/wp-content\/uploads\/2023\/12\/postimg-658c5ee4e135b2163.jpg?fit=1200%2C628&ssl=1&resize=1050%2C600 3x"},"classes":[]},{"id":5017,"url":"https:\/\/ismaelcolosi.com.br\/index.php\/2023\/11\/22\/governo-lula-publica-portaria-que-obriga-agua-gratuita-em-shows-no-calor\/","url_meta":{"origin":4362,"position":4},"title":"Governo Lula publica portaria que obriga \u00e1gua gratuita em shows no calor","author":"ismaelcolosi.com.br","date":"22 de November de 2023","format":false,"excerpt":"Cr\u00e9ditos: Reprodu\u00e7\u00e3o\/InstagramDisponibiliza\u00e7\u00e3o gratuita de \u00e1gua passa a ser obrigat\u00f3ria em shows Nesta quarta-feira, 22, a Secretaria Nacional do Consumidor (Senacon) tornou p\u00fablico um novo conjunto de normas para garantir a seguran\u00e7a e sa\u00fade dos consumidores durante grandes eventos musicais, festivais e shows, particularmente nos dias de calor excessivo. A a\u00e7\u00e3o\u2026","rel":"","context":"In &quot;Variedades&quot;","block_context":{"text":"Variedades","link":"https:\/\/ismaelcolosi.com.br\/index.php\/category\/variedades\/"},"img":{"alt_text":"","src":"https:\/\/i0.wp.com\/ismaelcolosi.com.br\/wp-content\/uploads\/2023\/11\/fotos-catraca-2023-11-22t142753253.png?fit=1200%2C638&ssl=1&resize=350%2C200","width":350,"height":200,"srcset":"https:\/\/i0.wp.com\/ismaelcolosi.com.br\/wp-content\/uploads\/2023\/11\/fotos-catraca-2023-11-22t142753253.png?fit=1200%2C638&ssl=1&resize=350%2C200 1x, https:\/\/i0.wp.com\/ismaelcolosi.com.br\/wp-content\/uploads\/2023\/11\/fotos-catraca-2023-11-22t142753253.png?fit=1200%2C638&ssl=1&resize=525%2C300 1.5x, https:\/\/i0.wp.com\/ismaelcolosi.com.br\/wp-content\/uploads\/2023\/11\/fotos-catraca-2023-11-22t142753253.png?fit=1200%2C638&ssl=1&resize=700%2C400 2x, https:\/\/i0.wp.com\/ismaelcolosi.com.br\/wp-content\/uploads\/2023\/11\/fotos-catraca-2023-11-22t142753253.png?fit=1200%2C638&ssl=1&resize=1050%2C600 3x"},"classes":[]},{"id":27138,"url":"https:\/\/ismaelcolosi.com.br\/index.php\/2024\/01\/11\/e-branco-demais-para-mim\/","url_meta":{"origin":4362,"position":5},"title":"&#8216;\u00e9 branco demais para mim&#8217;","author":"ismaelcolosi.com.br","date":"11 de January de 2024","format":false,"excerpt":"As c\u00e2meras do BBB nos aproxima dos participantes famosos e n\u00e3o famosos da casa. Quem acompanha ali quase que 24 horas consegue ficar sabendo de tudo o que fazem e o que pensam.Os brothers Rodriguinho e Wanessa Camargo estavam em uma conversa com outros confinados e o assunto era sobre\u2026","rel":"","context":"In &quot;Blog&quot;","block_context":{"text":"Blog","link":"https:\/\/ismaelcolosi.com.br\/index.php\/category\/blog\/"},"img":{"alt_text":"","src":"https:\/\/i0.wp.com\/ismaelcolosi.com.br\/wp-content\/uploads\/2024\/01\/postimg-659fedec8ca026402.jpg?fit=1200%2C628&ssl=1&resize=350%2C200","width":350,"height":200,"srcset":"https:\/\/i0.wp.com\/ismaelcolosi.com.br\/wp-content\/uploads\/2024\/01\/postimg-659fedec8ca026402.jpg?fit=1200%2C628&ssl=1&resize=350%2C200 1x, https:\/\/i0.wp.com\/ismaelcolosi.com.br\/wp-content\/uploads\/2024\/01\/postimg-659fedec8ca026402.jpg?fit=1200%2C628&ssl=1&resize=525%2C300 1.5x, https:\/\/i0.wp.com\/ismaelcolosi.com.br\/wp-content\/uploads\/2024\/01\/postimg-659fedec8ca026402.jpg?fit=1200%2C628&ssl=1&resize=700%2C400 2x, https:\/\/i0.wp.com\/ismaelcolosi.com.br\/wp-content\/uploads\/2024\/01\/postimg-659fedec8ca026402.jpg?fit=1200%2C628&ssl=1&resize=1050%2C600 3x"},"classes":[]}],"jetpack_sharing_enabled":true,"jetpack_shortlink":"https:\/\/wp.me\/pfMlyK-18m","_links":{"self":[{"href":"https:\/\/ismaelcolosi.com.br\/index.php\/wp-json\/wp\/v2\/posts\/4362","targetHints":{"allow":["GET"]}}],"collection":[{"href":"https:\/\/ismaelcolosi.com.br\/index.php\/wp-json\/wp\/v2\/posts"}],"about":[{"href":"https:\/\/ismaelcolosi.com.br\/index.php\/wp-json\/wp\/v2\/types\/post"}],"author":[{"embeddable":true,"href":"https:\/\/ismaelcolosi.com.br\/index.php\/wp-json\/wp\/v2\/users\/1"}],"replies":[{"embeddable":true,"href":"https:\/\/ismaelcolosi.com.br\/index.php\/wp-json\/wp\/v2\/comments?post=4362"}],"version-history":[{"count":0,"href":"https:\/\/ismaelcolosi.com.br\/index.php\/wp-json\/wp\/v2\/posts\/4362\/revisions"}],"wp:featuredmedia":[{"embeddable":true,"href":"https:\/\/ismaelcolosi.com.br\/index.php\/wp-json\/wp\/v2\/media\/4363"}],"wp:attachment":[{"href":"https:\/\/ismaelcolosi.com.br\/index.php\/wp-json\/wp\/v2\/media?parent=4362"}],"wp:term":[{"taxonomy":"category","embeddable":true,"href":"https:\/\/ismaelcolosi.com.br\/index.php\/wp-json\/wp\/v2\/categories?post=4362"},{"taxonomy":"post_tag","embeddable":true,"href":"https:\/\/ismaelcolosi.com.br\/index.php\/wp-json\/wp\/v2\/tags?post=4362"}],"curies":[{"name":"wp","href":"https:\/\/api.w.org\/{rel}","templated":true}]}}