{"id":43572,"date":"2024-03-22T08:18:06","date_gmt":"2024-03-22T11:18:06","guid":{"rendered":"https:\/\/ismaelcolosi.com.br\/index.php\/2024\/03\/22\/direita-volver-parte-2\/"},"modified":"2024-03-22T08:18:06","modified_gmt":"2024-03-22T11:18:06","slug":"direita-volver-parte-2","status":"publish","type":"post","link":"https:\/\/ismaelcolosi.com.br\/index.php\/2024\/03\/22\/direita-volver-parte-2\/","title":{"rendered":"Direita, volver &#8211; parte 2\u00a0"},"content":{"rendered":"<p> <br \/>\n<\/p>\n<div id=\"\">\n<p>\n<span class=\"entry-meta-item penci-posted-on\"><i class=\"fa fa-clock-o\"\/><time class=\"entry-date published\" datetime=\"2024-03-22T08:13:20-03:00\">22 de mar\u00e7o de 2024 | 8:13<\/time><time class=\"updated\" datetime=\"2024-03-22T08:12:12-03:00\">22 de mar\u00e7o de 2024 | 8:12<\/time><\/span> <\/p>\n<p><span class=\"penci-social-buttons penci-social-share-footer\"><a href=\"#\" class=\"penci-post-like penci_post-meta_item  single-like-button penci-social-item like\" data-post_id=\"378056\" title=\"Like\" data-like=\"Like\" data-unlike=\"Unlike\"><i class=\"fa fa-thumbs-o-up\"\/><span class=\"penci-share-number\">0<\/span><\/a><i class=\"fa fa-facebook\"\/><a class=\"penci-social-item twitter\" target=\"_blank\" rel=\"noopener\" title=\"\" href=\"https:\/\/twitter.com\/intent\/tweet?text=Direita,%20volver%20-%20parte%202\u00a0%20-%20https:\/\/www.tribunaribeirao.com.br\/site\/direita-volver-parte-2\/\"><i class=\"fa fa-twitter\"\/><\/a><i class=\"fa fa-whatsapp\"\/><\/span> <\/div>\n<div>\n<p><span class=\"TextRun SCXW175282825 BCX8\" lang=\"PT-BR\" xml:lang=\"PT-BR\" data-contrast=\"none\"><span class=\"NormalTextRun SCXW175282825 BCX8\">Luiz Paulo <\/span><span class=\"NormalTextRun SpellingErrorV2Themed SCXW175282825 BCX8\">Tupynamb\u00e1<\/span><span class=\"NormalTextRun SCXW175282825 BCX8\"> *<\/span><\/span><span class=\"LineBreakBlob BlobObject DragDrop SCXW175282825 BCX8\"><span class=\"SCXW175282825 BCX8\">\u00a0<\/span><br class=\"SCXW175282825 BCX8\"\/><\/span><a class=\"Hyperlink SCXW175282825 BCX8\" href=\"http:\/\/www.tupyweb.com\/\" target=\"_blank\" rel=\"noopener\"><span class=\"TextRun Underlined SCXW175282825 BCX8\" lang=\"PT-BR\" xml:lang=\"PT-BR\" data-contrast=\"none\"><span class=\"NormalTextRun SCXW175282825 BCX8\" data-ccp-charstyle=\"Hyperlink\">www.tupyweb.com<\/span><\/span><\/a><span class=\"LineBreakBlob BlobObject DragDrop SCXW175282825 BCX8\"><span class=\"SCXW175282825 BCX8\">\u00a0<\/span><br class=\"SCXW175282825 BCX8\"\/><\/span><span class=\"LineBreakBlob BlobObject DragDrop SCXW175282825 BCX8\"><span class=\"SCXW175282825 BCX8\">\u00a0<\/span><br class=\"SCXW175282825 BCX8\"\/><\/span><span class=\"TextRun SCXW175282825 BCX8\" lang=\"PT-BR\" xml:lang=\"PT-BR\" data-contrast=\"none\"><span class=\"NormalTextRun SCXW175282825 BCX8\">\u201c<\/span><span class=\"NormalTextRun SCXW175282825 BCX8\">A esperan\u00e7a dan\u00e7a \/ Na corda bamba de sombrinha\/ E em cada passo dessa linha\/Pode se machucar\u2026\u201d<\/span> <span class=\"NormalTextRun SCXW175282825 BCX8\">Trecho da can\u00e7\u00e3o \u201cO b\u00eabado e a equilibrista\u201d \u2013 de Aldir Blanc e Jo\u00e3o Bosco<\/span><\/span><span class=\"LineBreakBlob BlobObject DragDrop SCXW175282825 BCX8\"><span class=\"SCXW175282825 BCX8\">\u00a0<\/span><br class=\"SCXW175282825 BCX8\"\/><\/span><span class=\"LineBreakBlob BlobObject DragDrop SCXW175282825 BCX8\"><span class=\"SCXW175282825 BCX8\">\u00a0<\/span><br class=\"SCXW175282825 BCX8\"\/><\/span><span class=\"TextRun SCXW175282825 BCX8\" lang=\"PT-BR\" xml:lang=\"PT-BR\" data-contrast=\"none\"><span class=\"NormalTextRun SCXW175282825 BCX8\">Semana passada, comecei a falar do ano de 2024 e da profus\u00e3o de elei\u00e7\u00f5es que acontecer\u00e3o espalhadas pelo mundo. Seus resultados afetar\u00e3o todo o desenrolar da pr\u00f3xima d\u00e9cada. A economia e, principalmente, a geopol\u00edtica, mudar\u00e3o num movimento de placas tect\u00f4nicas. Esperam-se terremotos econ\u00f4micos e sociais em todos os cantos do mundo.<\/span><\/span><span class=\"LineBreakBlob BlobObject DragDrop SCXW175282825 BCX8\"><span class=\"SCXW175282825 BCX8\">\u00a0<\/span><br class=\"SCXW175282825 BCX8\"\/><\/span><span class=\"LineBreakBlob BlobObject DragDrop SCXW175282825 BCX8\"><span class=\"SCXW175282825 BCX8\">\u00a0<\/span><br class=\"SCXW175282825 BCX8\"\/><\/span><span class=\"TextRun SCXW175282825 BCX8\" lang=\"PT-BR\" xml:lang=\"PT-BR\" data-contrast=\"none\"><span class=\"NormalTextRun SCXW175282825 BCX8\">Hoje quero fechar a an\u00e1lise do cen\u00e1rio da elei\u00e7\u00e3o presidencial nos Estados Unidos. Apesar dos percal\u00e7os jur\u00eddicos que vem enfrentando, Donald <\/span><span class=\"NormalTextRun SCXW175282825 BCX8\">Trump<\/span><span class=\"NormalTextRun SCXW175282825 BCX8\"> est\u00e1 perto do seu objetivo principal, o qual \u00e9 o de ser oficialmente candidato \u00e0 presid\u00eancia. Est\u00e1 convencido de que, a partir da\u00ed, os tribunais n\u00e3o poder\u00e3o alcan\u00e7\u00e1-lo. J\u00e1 conseguiu os 1.125 delegados necess\u00e1rios para a indica\u00e7\u00e3o do Partido Republicano. Na pr\u00e1tica, <\/span><span class=\"NormalTextRun SCXW175282825 BCX8\">Trump<\/span><span class=\"NormalTextRun SCXW175282825 BCX8\"> j\u00e1 \u00e9 candidato. Assim como Joe <\/span><span class=\"NormalTextRun SCXW175282825 BCX8\">Biden<\/span><span class=\"NormalTextRun SCXW175282825 BCX8\">, \u00e9 candidato \u00e0 reelei\u00e7\u00e3o, pois conseguiu o n\u00famero necess\u00e1rio de delegados pelo Partido Democrata. Conven\u00e7\u00f5es Gerais dos dois partidos, em julho, s\u00e3o meras formalidades, verdadeiros shows midi\u00e1ticos para lan\u00e7ar as campanhas dos candidatos.<\/span><\/span><span class=\"LineBreakBlob BlobObject DragDrop SCXW175282825 BCX8\"><span class=\"SCXW175282825 BCX8\">\u00a0<\/span><br class=\"SCXW175282825 BCX8\"\/><\/span><span class=\"LineBreakBlob BlobObject DragDrop SCXW175282825 BCX8\"><span class=\"SCXW175282825 BCX8\">\u00a0<\/span><br class=\"SCXW175282825 BCX8\"\/><\/span><span class=\"TextRun SCXW175282825 BCX8\" lang=\"PT-BR\" xml:lang=\"PT-BR\" data-contrast=\"none\"><span class=\"NormalTextRun SCXW175282825 BCX8\">Biden<\/span><span class=\"NormalTextRun SCXW175282825 BCX8\"> \u00e9 um governante previs\u00edvel, n\u00e3o deve apresentar <\/span><span class=\"NormalTextRun SCXW175282825 BCX8\">ideias<\/span><span class=\"NormalTextRun SCXW175282825 BCX8\"> ou propor projetos novos, que provoquem grandes debates nacionais. Vai tentar destacar a economia, que atravessa um bom per\u00edodo, recuperada da crise causada pela pandemia. Isso e mais a\u00e7\u00f5es pontuais de seu governo nas \u00e1reas de sa\u00fade, cidadania e educa\u00e7\u00e3o. Sua linha de campanha tentar\u00e1 tra\u00e7ar uma divis\u00f3ria entre um governo <\/span><span class=\"NormalTextRun SCXW175282825 BCX8\">tranquilo<\/span><span class=\"NormalTextRun SCXW175282825 BCX8\"> e economicamente est\u00e1vel que prop\u00f5e com um prov\u00e1vel governo pol\u00eamico, inst\u00e1vel e amea\u00e7ador ao sistema democr\u00e1tico estadunidense tradicional, visto pelos democratas como o futuro com <\/span><span class=\"NormalTextRun SCXW175282825 BCX8\">Trump<\/span><span class=\"NormalTextRun SCXW175282825 BCX8\">. \u00c9 uma abordagem perigosa, pois \u00e9 nesse tipo de embate que <\/span><span class=\"NormalTextRun SCXW175282825 BCX8\">Trump<\/span><span class=\"NormalTextRun SCXW175282825 BCX8\"> se sai melhor.<\/span><\/span><span class=\"LineBreakBlob BlobObject DragDrop SCXW175282825 BCX8\"><span class=\"SCXW175282825 BCX8\">\u00a0<\/span><br class=\"SCXW175282825 BCX8\"\/><\/span><span class=\"LineBreakBlob BlobObject DragDrop SCXW175282825 BCX8\"><span class=\"SCXW175282825 BCX8\">\u00a0<\/span><br class=\"SCXW175282825 BCX8\"\/><\/span><span class=\"TextRun SCXW175282825 BCX8\" lang=\"PT-BR\" xml:lang=\"PT-BR\" data-contrast=\"none\"><span class=\"NormalTextRun SCXW175282825 BCX8\">A pol\u00edtica exterior de <\/span><span class=\"NormalTextRun SCXW175282825 BCX8\">Biden<\/span><span class=\"NormalTextRun SCXW175282825 BCX8\"> vem sendo questionada com veem\u00eancia. \u00c9 considerado t\u00edbio no enfrentamento comercial com os chineses e de ser p\u00e9ssimo negociante. A iniciativa democrata de proibir o <\/span><span class=\"NormalTextRun SpellingErrorV2Themed SCXW175282825 BCX8\">Tik-Tok<\/span><span class=\"NormalTextRun SCXW175282825 BCX8\">, plataforma de m\u00eddia social mais utilizada pelos estadunidenses, acabou sendo um tiro no p\u00e9 em termos eleitorais. Em vez de agradar \u00e0 turma <\/span><span class=\"NormalTextRun SpellingErrorV2Themed SCXW175282825 BCX8\">anti-chinesa<\/span><span class=\"NormalTextRun SCXW175282825 BCX8\">, que na verdade, <\/span><span class=\"NormalTextRun SCXW175282825 BCX8\">quer que o <\/span><span class=\"NormalTextRun SpellingErrorV2Themed SCXW175282825 BCX8\">Tik-Tok<\/span><span class=\"NormalTextRun SCXW175282825 BCX8\"> passe para m\u00e3os de empres\u00e1rios dos Estados Unidos e n\u00e3o o seu fim, a aprova\u00e7\u00e3o da proibi\u00e7\u00e3o em primeira inst\u00e2ncia na C\u00e2mara dos Deputados causou um rebuli\u00e7o popular, com manifesta\u00e7\u00f5es at\u00e9 na porta da Casa Branca. Na terra do <\/span><span class=\"NormalTextRun SCXW175282825 BCX8\">Facebook<\/span><span class=\"NormalTextRun SCXW175282825 BCX8\"> e <\/span><span class=\"NormalTextRun SCXW175282825 BCX8\">Instagram<\/span><span class=\"NormalTextRun SCXW175282825 BCX8\">, a maioria do povo prefere o concorrente chin\u00eas para mostrar a cara e faturar algum com visualiza\u00e7\u00f5es e vendas, sem ter que pagar nada para o <\/span><span class=\"NormalTextRun SCXW175282825 BCX8\">Zuckerberg<\/span><span class=\"NormalTextRun SCXW175282825 BCX8\">. Alguns deputados republicanos mais desavisados votaram com os democratas, desobedecendo \u00e0 orienta\u00e7\u00e3o do partido, e acabaram \u201clevando um sab\u00e3o\u201d p\u00fablico de <\/span><span class=\"NormalTextRun SCXW175282825 BCX8\">Trump<\/span><span class=\"NormalTextRun SCXW175282825 BCX8\">, que n\u00e3o perdeu tempo para ganhar uns pontos, mesmo que <\/span><span class=\"NormalTextRun SCXW175282825 BCX8\">fosse nas<\/span><span class=\"NormalTextRun SCXW175282825 BCX8\"> costas de correligion\u00e1rios.<\/span><\/span><span class=\"LineBreakBlob BlobObject DragDrop SCXW175282825 BCX8\"><span class=\"SCXW175282825 BCX8\">\u00a0<\/span><br class=\"SCXW175282825 BCX8\"\/><\/span><span class=\"LineBreakBlob BlobObject DragDrop SCXW175282825 BCX8\"><span class=\"SCXW175282825 BCX8\">\u00a0<\/span><br class=\"SCXW175282825 BCX8\"\/><\/span><span class=\"TextRun SCXW175282825 BCX8\" lang=\"PT-BR\" xml:lang=\"PT-BR\" data-contrast=\"none\"><span class=\"NormalTextRun SCXW175282825 BCX8\">Biden<\/span><span class=\"NormalTextRun SCXW175282825 BCX8\"> tamb\u00e9m acabou enroscado com a demora da defini\u00e7\u00e3o da situa\u00e7\u00e3o na Ucr\u00e2nia, pois est\u00e1 \u201ctorrando\u201d muito dinheiro p\u00fablico para ajudar os ucranianos em sua guerra com os russos. A popula\u00e7\u00e3o dos Estados Unidos n\u00e3o aprova mais esses gastos e isso est\u00e1 refletindo nas pesquisas de inten\u00e7\u00e3o de voto. O apoio imediato a Israel, com fornecimento de armas e dinheiro, num primeiro momento rendeu dividendos eleitorais para <\/span><span class=\"NormalTextRun SCXW175282825 BCX8\">Biden<\/span><span class=\"NormalTextRun SCXW175282825 BCX8\">. Por\u00e9m, a <\/span><span class=\"NormalTextRun SCXW175282825 BCX8\">contraofensiva<\/span><span class=\"NormalTextRun SCXW175282825 BCX8\"> insana do ex\u00e9rcito de Israel, o radicalismo sionista das lideran\u00e7as pol\u00edticas no poder, o bombardeio indiscriminado que mata civis, na maioria mulheres e crian\u00e7as, tudo acabou por torpedear a candidatura <\/span><span class=\"NormalTextRun SCXW175282825 BCX8\">Biden<\/span><span class=\"NormalTextRun SCXW175282825 BCX8\">, principalmente entre os jovens mais ligados \u00e0s teses democratas e imigrantes de origem \u00e1rabe. <\/span><span class=\"NormalTextRun SCXW175282825 BCX8\">Trump<\/span><span class=\"NormalTextRun SCXW175282825 BCX8\"> vem trombeteando que, se eleito, vai reativar os Acordos de Abra\u00e3o, negociados com israelenses, sauditas e eg\u00edpcios pelo seu genro <\/span><span class=\"NormalTextRun SCXW175282825 BCX8\">Jared<\/span> <span class=\"NormalTextRun SCXW175282825 BCX8\">Kushner<\/span><span class=\"NormalTextRun SCXW175282825 BCX8\"> e salvar a paz na regi\u00e3o. N\u00e3o falou onde os palestinos, libaneses e s\u00edrios entram nessa equa\u00e7\u00e3o. <\/span><\/span><span class=\"LineBreakBlob BlobObject DragDrop SCXW175282825 BCX8\"><span class=\"SCXW175282825 BCX8\">\u00a0<\/span><br class=\"SCXW175282825 BCX8\"\/><\/span><span class=\"LineBreakBlob BlobObject DragDrop SCXW175282825 BCX8\"><span class=\"SCXW175282825 BCX8\">\u00a0<\/span><br class=\"SCXW175282825 BCX8\"\/><\/span><span class=\"TextRun SCXW175282825 BCX8\" lang=\"PT-BR\" xml:lang=\"PT-BR\" data-contrast=\"none\"><span class=\"NormalTextRun SCXW175282825 BCX8\">Hoje, o cidad\u00e3o comum estadunidense encara o imigrante como a maior amea\u00e7a \u00e0 sua vida. Ele n\u00e3o quer saber de gastar dinheiro para defender sul-coreanos, japoneses, ucranianos ou quaisquer outros. Muito menos gente de pele mais (mesmo que pouco) escura que a dele pr\u00f3prio. <\/span><span class=\"NormalTextRun SCXW175282825 BCX8\">Trump<\/span><span class=\"NormalTextRun SCXW175282825 BCX8\"> n\u00e3o <\/span><span class=\"NormalTextRun AdvancedProofingIssueV2Themed SCXW175282825 BCX8\">tergiversa<\/span><span class=\"NormalTextRun SCXW175282825 BCX8\"> como <\/span><span class=\"NormalTextRun SCXW175282825 BCX8\">Biden<\/span><span class=\"NormalTextRun SCXW175282825 BCX8\">, vai direto ao ponto. Pau no lombo dos imigrantes. Isso o eleitor dele entende e <\/span><span class=\"NormalTextRun SCXW175282825 BCX8\">apoia<\/span><span class=\"NormalTextRun SCXW175282825 BCX8\">. A idade de <\/span><span class=\"NormalTextRun SCXW175282825 BCX8\">Biden<\/span><span class=\"NormalTextRun SCXW175282825 BCX8\">, seu jeito comedido de <\/span><span class=\"NormalTextRun ContextualSpellingAndGrammarErrorV2Themed SCXW175282825 BCX8\">andar e falar, denotando<\/span><span class=\"NormalTextRun SCXW175282825 BCX8\"> inseguran\u00e7a, <\/span><span class=\"NormalTextRun SCXW175282825 BCX8\">v\u00e3o ser<\/span><span class=\"NormalTextRun SCXW175282825 BCX8\"> explorados \u00e0 exaust\u00e3o pela campanha de <\/span><span class=\"NormalTextRun SCXW175282825 BCX8\">Trump<\/span><span class=\"NormalTextRun SCXW175282825 BCX8\">.<\/span><\/span><span class=\"LineBreakBlob BlobObject DragDrop SCXW175282825 BCX8\"><span class=\"SCXW175282825 BCX8\">\u00a0<\/span><br class=\"SCXW175282825 BCX8\"\/><\/span><span class=\"LineBreakBlob BlobObject DragDrop SCXW175282825 BCX8\"><span class=\"SCXW175282825 BCX8\">\u00a0<\/span><br class=\"SCXW175282825 BCX8\"\/><\/span><span class=\"TextRun SCXW175282825 BCX8\" lang=\"PT-BR\" xml:lang=\"PT-BR\" data-contrast=\"none\"><span class=\"NormalTextRun SCXW175282825 BCX8\">A vit\u00f3ria de <\/span><span class=\"NormalTextRun SCXW175282825 BCX8\">Trump<\/span><span class=\"NormalTextRun SCXW175282825 BCX8\"> n\u00e3o significar\u00e1 desta vez apenas a derrota de um candidato democrata. Quatro anos atr\u00e1s, <\/span><span class=\"NormalTextRun SCXW175282825 BCX8\">Biden<\/span><span class=\"NormalTextRun SCXW175282825 BCX8\"> venceu e tinha tudo para fazer uma administra\u00e7\u00e3o que sequer permitisse a volta de <\/span><span class=\"NormalTextRun SCXW175282825 BCX8\">Trump<\/span><span class=\"NormalTextRun SCXW175282825 BCX8\"> \u00e0 disputa de um tira-teima. N\u00e3o fez. Se perder em novembro, a derrotada ser\u00e1 a democracia liberal americana. Aquela dos quatro fundadores, pensada por John Adams e companheiros. Qual democracia um segundo mandato de <\/span><span class=\"NormalTextRun SCXW175282825 BCX8\">Trump<\/span><span class=\"NormalTextRun SCXW175282825 BCX8\"> deixar\u00e1? Aquela que vimos <\/span><span class=\"NormalTextRun SCXW175282825 BCX8\">no 6<\/span><span class=\"NormalTextRun SCXW175282825 BCX8\"> de janeiro de 2021?<\/span><\/span><span class=\"LineBreakBlob BlobObject DragDrop SCXW175282825 BCX8\"><span class=\"SCXW175282825 BCX8\">\u00a0<\/span><br class=\"SCXW175282825 BCX8\"\/><\/span><span class=\"LineBreakBlob BlobObject DragDrop SCXW175282825 BCX8\"><span class=\"SCXW175282825 BCX8\">\u00a0<\/span><br class=\"SCXW175282825 BCX8\"\/><\/span><span class=\"TextRun SCXW175282825 BCX8\" lang=\"PT-BR\" xml:lang=\"PT-BR\" data-contrast=\"none\"><span class=\"NormalTextRun SCXW175282825 BCX8\">Na pr\u00f3xima semana, falarei um pouco sobre a nova ascens\u00e3o do nacionalismo <\/span><span class=\"NormalTextRun SCXW175282825 BCX8\">na Europa. E lembrar um pouco sobre os desastres que isso j\u00e1 provocou no Velho Continente.<\/span><\/span><span class=\"LineBreakBlob BlobObject DragDrop SCXW175282825 BCX8\"><span class=\"SCXW175282825 BCX8\">\u00a0<\/span><br class=\"SCXW175282825 BCX8\"\/><\/span><span class=\"LineBreakBlob BlobObject DragDrop SCXW175282825 BCX8\"><span class=\"SCXW175282825 BCX8\">\u00a0<\/span><br class=\"SCXW175282825 BCX8\"\/><\/span><span class=\"TextRun SCXW175282825 BCX8\" lang=\"PT-BR\" xml:lang=\"PT-BR\" data-contrast=\"none\"><span class=\"NormalTextRun SCXW175282825 BCX8\">* Jornalista e fot<\/span><span class=\"NormalTextRun SCXW175282825 BCX8\">\u00f3<\/span><span class=\"NormalTextRun SCXW175282825 BCX8\">grafo de rua<\/span><\/span><span class=\"EOP SCXW175282825 BCX8\" data-ccp-props=\"{&quot;201341983&quot;:0,&quot;335559739&quot;:200,&quot;335559740&quot;:276}\">\u00a0<\/span><\/p><div class='code-block code-block-8' style='margin: 8px auto; text-align: center; display: block; clear: both;'>\n<script>\n  atOptions = {\n    'key' : '66e2e2111ca34da796271819fc334058',\n    'format' : 'iframe',\n    'height' : 250,\n    'width' : 300,\n    'params' : {}\n  };\n<\/script>\n<script src=\"https:\/\/www.highperformanceformat.com\/66e2e2111ca34da796271819fc334058\/invoke.js\"><\/script>\n<\/div>\n\n<\/div>\n<p><script async src=\"\/\/platform.twitter.com\/widgets.js\" charset=\"utf-8\"><\/script><br \/>\n<br \/><br \/>\n<br \/><a href=\"https:\/\/www.tribunaribeirao.com.br\/site\/direita-volver-parte-2\/\">Source link <\/a><\/p>\n<div class='code-block code-block-4' style='margin: 8px auto 8px 0; text-align: left; display: block; clear: both;'>\n\ud83d\udce2 Aviso Legal\n\nO site ismaelcolosi.com.br atua apenas como um canal de divulga\u00e7\u00e3o de oportunidades de emprego e n\u00e3o se responsabiliza pelo processo seletivo, contrata\u00e7\u00e3o ou qualquer outra etapa relacionada \u00e0s vagas publicadas. Todas as informa\u00e7\u00f5es s\u00e3o de responsabilidade dos anunciantes.\n\n\u26a0\ufe0f Aten\u00e7\u00e3o! Nunca pague por promessas de emprego nem compre cursos que garantam contrata\u00e7\u00e3o. Desconfie de qualquer cobran\u00e7a para participar de sele\u00e7\u00f5es.\n\n\n\n<\/div>\n<!-- CONTENT END 1 -->\n","protected":false},"excerpt":{"rendered":"<p>22 de mar\u00e7o de 2024 | 8:1322 de mar\u00e7o de 2024 | 8:12 0 Luiz Paulo Tupynamb\u00e1 *\u00a0www.tupyweb.com\u00a0\u00a0\u201cA esperan\u00e7a dan\u00e7a \/ Na corda bamba de&#8230;<\/p>\n","protected":false},"author":1,"featured_media":43573,"comment_status":"open","ping_status":"open","sticky":false,"template":"","format":"standard","meta":{"_uag_custom_page_level_css":"","advanced_seo_description":"","jetpack_seo_html_title":"","jetpack_seo_noindex":false,"jetpack_post_was_ever_published":false,"_jetpack_newsletter_access":"","_jetpack_dont_email_post_to_subs":false,"_jetpack_newsletter_tier_id":0,"_jetpack_memberships_contains_paywalled_content":false,"_jetpack_memberships_contains_paid_content":false,"footnotes":"","jetpack_publicize_message":"","jetpack_publicize_feature_enabled":true,"jetpack_social_post_already_shared":true,"jetpack_social_options":{"image_generator_settings":{"template":"highway","default_image_id":0,"font":"","enabled":false},"version":2}},"categories":[11],"tags":[4682,477,5159],"class_list":["post-43572","post","type-post","status-publish","format-standard","has-post-thumbnail","hentry","category-noticias-de-ribeirao-preto-sp-e-regiao-ismael-colosi","tag-direita","tag-parte","tag-volver"],"jetpack_publicize_connections":[],"jetpack_featured_media_url":"https:\/\/i0.wp.com\/ismaelcolosi.com.br\/wp-content\/uploads\/2024\/03\/luizpaulotupynamba-1-scaled.jpg?fit=1000%2C625&ssl=1","uagb_featured_image_src":{"full":["https:\/\/i0.wp.com\/ismaelcolosi.com.br\/wp-content\/uploads\/2024\/03\/luizpaulotupynamba-1-scaled.jpg?fit=1000%2C625&ssl=1",1000,625,false],"thumbnail":["https:\/\/i0.wp.com\/ismaelcolosi.com.br\/wp-content\/uploads\/2024\/03\/luizpaulotupynamba-1-scaled.jpg?resize=150%2C150&ssl=1",150,150,true],"medium":["https:\/\/i0.wp.com\/ismaelcolosi.com.br\/wp-content\/uploads\/2024\/03\/luizpaulotupynamba-1-scaled.jpg?fit=300%2C188&ssl=1",300,188,true],"medium_large":["https:\/\/i0.wp.com\/ismaelcolosi.com.br\/wp-content\/uploads\/2024\/03\/luizpaulotupynamba-1-scaled.jpg?fit=768%2C480&ssl=1",768,480,true],"large":["https:\/\/i0.wp.com\/ismaelcolosi.com.br\/wp-content\/uploads\/2024\/03\/luizpaulotupynamba-1-scaled.jpg?fit=1000%2C625&ssl=1",1000,625,true],"1536x1536":["https:\/\/i0.wp.com\/ismaelcolosi.com.br\/wp-content\/uploads\/2024\/03\/luizpaulotupynamba-1-scaled.jpg?fit=1000%2C625&ssl=1",1000,625,true],"2048x2048":["https:\/\/i0.wp.com\/ismaelcolosi.com.br\/wp-content\/uploads\/2024\/03\/luizpaulotupynamba-1-scaled.jpg?fit=1000%2C625&ssl=1",1000,625,true],"really-simple-thumb":["https:\/\/i0.wp.com\/ismaelcolosi.com.br\/wp-content\/uploads\/2024\/03\/luizpaulotupynamba-1-scaled.jpg?resize=370%2C247&ssl=1",370,247,true]},"uagb_author_info":{"display_name":"ismaelcolosi.com.br","author_link":"https:\/\/ismaelcolosi.com.br\/index.php\/author\/vidareal-online\/"},"uagb_comment_info":0,"uagb_excerpt":"22 de mar\u00e7o de 2024 | 8:1322 de mar\u00e7o de 2024 | 8:12 0 Luiz Paulo Tupynamb\u00e1 *\u00a0www.tupyweb.com\u00a0\u00a0\u201cA esperan\u00e7a dan\u00e7a \/ Na corda bamba de...","jetpack-related-posts":[{"id":41750,"url":"https:\/\/ismaelcolosi.com.br\/index.php\/2024\/03\/11\/trecho-da-visconde-de-inhauma-sera-interditado-por-15-dias\/","url_meta":{"origin":43572,"position":0},"title":"Trecho da Visconde de Inha\u00fama ser\u00e1 interditado por 15 dias","author":"ismaelcolosi.com.br","date":"11 de March de 2024","format":false,"excerpt":"11 de mar\u00e7o de 2024 | 8:0010 de mar\u00e7o de 2024 | 12:44 0Com o andamento das obras do corredor de \u00f4nibus do quadril\u00e1tero Central, a partir das 9h desta segunda-feira, dia 11 de mar\u00e7o, haver\u00e1 a interdi\u00e7\u00e3o total de um trecho da rua Visconde de Inha\u00fama da rua S\u00e3o\u2026","rel":"","context":"In &quot;Not\u00edcias de Ribeir\u00e3o Preto-SP e Regi\u00e3o&quot;","block_context":{"text":"Not\u00edcias de Ribeir\u00e3o Preto-SP e Regi\u00e3o","link":"https:\/\/ismaelcolosi.com.br\/index.php\/category\/noticias-de-ribeirao-preto-sp-e-regiao-ismael-colosi\/"},"img":{"alt_text":"","src":"https:\/\/i0.wp.com\/ismaelcolosi.com.br\/wp-content\/uploads\/2024\/03\/bloqueio-1.jpg?fit=626%2C402&ssl=1&resize=350%2C200","width":350,"height":200,"srcset":"https:\/\/i0.wp.com\/ismaelcolosi.com.br\/wp-content\/uploads\/2024\/03\/bloqueio-1.jpg?fit=626%2C402&ssl=1&resize=350%2C200 1x, https:\/\/i0.wp.com\/ismaelcolosi.com.br\/wp-content\/uploads\/2024\/03\/bloqueio-1.jpg?fit=626%2C402&ssl=1&resize=525%2C300 1.5x"},"classes":[]},{"id":40636,"url":"https:\/\/ismaelcolosi.com.br\/index.php\/2024\/03\/05\/cruzamento-da-lafaiete-com-a-sete-de-setembro-sera-interditado-nesta-terca\/","url_meta":{"origin":43572,"position":1},"title":"Cruzamento da Lafaiete com a Sete de Setembro ser\u00e1 interditado nesta ter\u00e7a","author":"ismaelcolosi.com.br","date":"5 de March de 2024","format":false,"excerpt":"5 de mar\u00e7o de 2024 | 8:304 de mar\u00e7o de 2024 | 17:44 0\u00a0Com o andamento das obras do corredor de \u00f4nibus do quadril\u00e1tero Central, pelo programa Ribeir\u00e3o Mobilidade, a partir das 9h desta ter\u00e7a-feira, dia 5 de mar\u00e7o, haver\u00e1 a interdi\u00e7\u00e3o total do cruzamento da rua Lafaiete com a\u2026","rel":"","context":"In &quot;Not\u00edcias de Ribeir\u00e3o Preto-SP e Regi\u00e3o&quot;","block_context":{"text":"Not\u00edcias de Ribeir\u00e3o Preto-SP e Regi\u00e3o","link":"https:\/\/ismaelcolosi.com.br\/index.php\/category\/noticias-de-ribeirao-preto-sp-e-regiao-ismael-colosi\/"},"img":{"alt_text":"","src":"https:\/\/i0.wp.com\/ismaelcolosi.com.br\/wp-content\/uploads\/2024\/03\/OBRAS-1.png?fit=814%2C515&ssl=1&resize=350%2C200","width":350,"height":200,"srcset":"https:\/\/i0.wp.com\/ismaelcolosi.com.br\/wp-content\/uploads\/2024\/03\/OBRAS-1.png?fit=814%2C515&ssl=1&resize=350%2C200 1x, https:\/\/i0.wp.com\/ismaelcolosi.com.br\/wp-content\/uploads\/2024\/03\/OBRAS-1.png?fit=814%2C515&ssl=1&resize=525%2C300 1.5x, https:\/\/i0.wp.com\/ismaelcolosi.com.br\/wp-content\/uploads\/2024\/03\/OBRAS-1.png?fit=814%2C515&ssl=1&resize=700%2C400 2x"},"classes":[]},{"id":44665,"url":"https:\/\/ismaelcolosi.com.br\/index.php\/2024\/03\/29\/european-crossroads-encruzilhada-europeia\/","url_meta":{"origin":43572,"position":2},"title":"European Crossroads (Encruzilhada europeia)\u00a0 &#8211; Jornal Tribuna Ribeir\u00e3o","author":"ismaelcolosi.com.br","date":"29 de March de 2024","format":false,"excerpt":"29 de mar\u00e7o de 2024 | 8:2028 de mar\u00e7o de 2024 | 18:13 0 Luiz Paulo Tupynamb\u00e1 *\u00a0blog: www.tupyweb.com\u00a0\u00a0Parlamento Europeu: 704 cadeiras. Elei\u00e7\u00f5es (todas as cadeiras em disputa) de 6 a 9 de junho.\u00a0\u00a0Hoje, a Uni\u00e3o Europeia tem 27 pa\u00edses-membros, com diferen\u00e7as lingu\u00edsticas, culturais, hist\u00f3ricas e econ\u00f4micas significativas. Essas diferen\u00e7as\u2026","rel":"","context":"In &quot;Not\u00edcias de Ribeir\u00e3o Preto-SP e Regi\u00e3o&quot;","block_context":{"text":"Not\u00edcias de Ribeir\u00e3o Preto-SP e Regi\u00e3o","link":"https:\/\/ismaelcolosi.com.br\/index.php\/category\/noticias-de-ribeirao-preto-sp-e-regiao-ismael-colosi\/"},"img":{"alt_text":"","src":"https:\/\/i0.wp.com\/ismaelcolosi.com.br\/wp-content\/uploads\/2024\/03\/1711720560_luizpaulotupynamba-1-scaled.jpg?fit=1000%2C625&ssl=1&resize=350%2C200","width":350,"height":200,"srcset":"https:\/\/i0.wp.com\/ismaelcolosi.com.br\/wp-content\/uploads\/2024\/03\/1711720560_luizpaulotupynamba-1-scaled.jpg?fit=1000%2C625&ssl=1&resize=350%2C200 1x, https:\/\/i0.wp.com\/ismaelcolosi.com.br\/wp-content\/uploads\/2024\/03\/1711720560_luizpaulotupynamba-1-scaled.jpg?fit=1000%2C625&ssl=1&resize=525%2C300 1.5x, https:\/\/i0.wp.com\/ismaelcolosi.com.br\/wp-content\/uploads\/2024\/03\/1711720560_luizpaulotupynamba-1-scaled.jpg?fit=1000%2C625&ssl=1&resize=700%2C400 2x"},"classes":[]},{"id":40296,"url":"https:\/\/ismaelcolosi.com.br\/index.php\/2024\/03\/02\/debater-educacao-com-extremista-de-direita\/","url_meta":{"origin":43572,"position":3},"title":"Debater educa\u00e7\u00e3o com extremista de direita&#8230; \u00a0","author":"ismaelcolosi.com.br","date":"2 de March de 2024","format":false,"excerpt":"2 de mar\u00e7o de 2024 | 8:151 de mar\u00e7o de 2024 | 17:14 0\u2026 \u00e9 o mesmo que debater a volta dos que n\u00e3o foram! \u00a0\u00a0Jos\u00e9 Eugenio Ka\u00e7a * \u00a015[email\u00a0protected]\u00a0\u00a0O educador Paulo Freire, observando os efeitos que o modelo de educa\u00e7\u00e3o tradicional e arcaico faz com o cognitivo da popula\u00e7\u00e3o,\u2026","rel":"","context":"In &quot;Not\u00edcias de Ribeir\u00e3o Preto-SP e Regi\u00e3o&quot;","block_context":{"text":"Not\u00edcias de Ribeir\u00e3o Preto-SP e Regi\u00e3o","link":"https:\/\/ismaelcolosi.com.br\/index.php\/category\/noticias-de-ribeirao-preto-sp-e-regiao-ismael-colosi\/"},"img":{"alt_text":"","src":"https:\/\/i0.wp.com\/ismaelcolosi.com.br\/wp-content\/uploads\/2024\/03\/joseeugeniokaca_jose-eugenio-kaca2.jpg?fit=700%2C450&ssl=1&resize=350%2C200","width":350,"height":200,"srcset":"https:\/\/i0.wp.com\/ismaelcolosi.com.br\/wp-content\/uploads\/2024\/03\/joseeugeniokaca_jose-eugenio-kaca2.jpg?fit=700%2C450&ssl=1&resize=350%2C200 1x, https:\/\/i0.wp.com\/ismaelcolosi.com.br\/wp-content\/uploads\/2024\/03\/joseeugeniokaca_jose-eugenio-kaca2.jpg?fit=700%2C450&ssl=1&resize=525%2C300 1.5x, https:\/\/i0.wp.com\/ismaelcolosi.com.br\/wp-content\/uploads\/2024\/03\/joseeugeniokaca_jose-eugenio-kaca2.jpg?fit=700%2C450&ssl=1&resize=700%2C400 2x"},"classes":[]},{"id":41579,"url":"https:\/\/ismaelcolosi.com.br\/index.php\/2024\/03\/09\/viva-as-mulheres-brasileiras-que-nao-fogem-da-luta\/","url_meta":{"origin":43572,"position":4},"title":"Viva as mulheres brasileiras que n\u00e3o fogem da luta!\u00a0","author":"ismaelcolosi.com.br","date":"9 de March de 2024","format":false,"excerpt":"9 de mar\u00e7o de 2024 | 8:208 de mar\u00e7o de 2024 | 19:27 0Jos\u00e9 Eugenio Ka\u00e7a * \u00a0[email\u00a0protected]\u00a0\u00a0O Dia Internacional das Mulheres, n\u00e3o \u00e9 um dia para festas, mas um dia de reflex\u00e3o, criado para homenagear mulheres, que com tenacidade e muita luta abriram os caminhos para que as mulheres\u2026","rel":"","context":"In &quot;Not\u00edcias de Ribeir\u00e3o Preto-SP e Regi\u00e3o&quot;","block_context":{"text":"Not\u00edcias de Ribeir\u00e3o Preto-SP e Regi\u00e3o","link":"https:\/\/ismaelcolosi.com.br\/index.php\/category\/noticias-de-ribeirao-preto-sp-e-regiao-ismael-colosi\/"},"img":{"alt_text":"","src":"https:\/\/i0.wp.com\/ismaelcolosi.com.br\/wp-content\/uploads\/2024\/03\/1709989739_joseeugeniokaca_jose-eugenio-kaca2.jpg?fit=700%2C450&ssl=1&resize=350%2C200","width":350,"height":200,"srcset":"https:\/\/i0.wp.com\/ismaelcolosi.com.br\/wp-content\/uploads\/2024\/03\/1709989739_joseeugeniokaca_jose-eugenio-kaca2.jpg?fit=700%2C450&ssl=1&resize=350%2C200 1x, https:\/\/i0.wp.com\/ismaelcolosi.com.br\/wp-content\/uploads\/2024\/03\/1709989739_joseeugeniokaca_jose-eugenio-kaca2.jpg?fit=700%2C450&ssl=1&resize=525%2C300 1.5x, https:\/\/i0.wp.com\/ismaelcolosi.com.br\/wp-content\/uploads\/2024\/03\/1709989739_joseeugeniokaca_jose-eugenio-kaca2.jpg?fit=700%2C450&ssl=1&resize=700%2C400 2x"},"classes":[]},{"id":43760,"url":"https:\/\/ismaelcolosi.com.br\/index.php\/2024\/03\/23\/as-trevas-da-idade-media-estao-entre-nos\/","url_meta":{"origin":43572,"position":5},"title":"As trevas da Idade M\u00e9dia est\u00e3o entre n\u00f3s!\u00a0","author":"ismaelcolosi.com.br","date":"23 de March de 2024","format":false,"excerpt":"23 de mar\u00e7o de 2024 | 8:1522 de mar\u00e7o de 2024 | 19:30 0 Jos\u00e9 Eugenio Ka\u00e7a * \u00a0[email\u00a0protected]\u00a0\u00a0Os usos e costumes de uma sociedade v\u00e3o evoluindo ao longo do tempo; apesar do saudosismo medieval capitaneado pela extrema direita est\u00e1 em alta ultimamente. As condena\u00e7\u00f5es por estupro de dois astros\u2026","rel":"","context":"In &quot;Not\u00edcias de Ribeir\u00e3o Preto-SP e Regi\u00e3o&quot;","block_context":{"text":"Not\u00edcias de Ribeir\u00e3o Preto-SP e Regi\u00e3o","link":"https:\/\/ismaelcolosi.com.br\/index.php\/category\/noticias-de-ribeirao-preto-sp-e-regiao-ismael-colosi\/"},"img":{"alt_text":"","src":"https:\/\/i0.wp.com\/ismaelcolosi.com.br\/wp-content\/uploads\/2024\/03\/1711192730_joseeugeniokaca_jose-eugenio-kaca2.jpg?fit=700%2C450&ssl=1&resize=350%2C200","width":350,"height":200,"srcset":"https:\/\/i0.wp.com\/ismaelcolosi.com.br\/wp-content\/uploads\/2024\/03\/1711192730_joseeugeniokaca_jose-eugenio-kaca2.jpg?fit=700%2C450&ssl=1&resize=350%2C200 1x, https:\/\/i0.wp.com\/ismaelcolosi.com.br\/wp-content\/uploads\/2024\/03\/1711192730_joseeugeniokaca_jose-eugenio-kaca2.jpg?fit=700%2C450&ssl=1&resize=525%2C300 1.5x, https:\/\/i0.wp.com\/ismaelcolosi.com.br\/wp-content\/uploads\/2024\/03\/1711192730_joseeugeniokaca_jose-eugenio-kaca2.jpg?fit=700%2C450&ssl=1&resize=700%2C400 2x"},"classes":[]}],"jetpack_sharing_enabled":true,"jetpack_shortlink":"https:\/\/wp.me\/pfMlyK-bkM","_links":{"self":[{"href":"https:\/\/ismaelcolosi.com.br\/index.php\/wp-json\/wp\/v2\/posts\/43572","targetHints":{"allow":["GET"]}}],"collection":[{"href":"https:\/\/ismaelcolosi.com.br\/index.php\/wp-json\/wp\/v2\/posts"}],"about":[{"href":"https:\/\/ismaelcolosi.com.br\/index.php\/wp-json\/wp\/v2\/types\/post"}],"author":[{"embeddable":true,"href":"https:\/\/ismaelcolosi.com.br\/index.php\/wp-json\/wp\/v2\/users\/1"}],"replies":[{"embeddable":true,"href":"https:\/\/ismaelcolosi.com.br\/index.php\/wp-json\/wp\/v2\/comments?post=43572"}],"version-history":[{"count":0,"href":"https:\/\/ismaelcolosi.com.br\/index.php\/wp-json\/wp\/v2\/posts\/43572\/revisions"}],"wp:featuredmedia":[{"embeddable":true,"href":"https:\/\/ismaelcolosi.com.br\/index.php\/wp-json\/wp\/v2\/media\/43573"}],"wp:attachment":[{"href":"https:\/\/ismaelcolosi.com.br\/index.php\/wp-json\/wp\/v2\/media?parent=43572"}],"wp:term":[{"taxonomy":"category","embeddable":true,"href":"https:\/\/ismaelcolosi.com.br\/index.php\/wp-json\/wp\/v2\/categories?post=43572"},{"taxonomy":"post_tag","embeddable":true,"href":"https:\/\/ismaelcolosi.com.br\/index.php\/wp-json\/wp\/v2\/tags?post=43572"}],"curies":[{"name":"wp","href":"https:\/\/api.w.org\/{rel}","templated":true}]}}