{"id":4332,"date":"2023-11-21T10:20:53","date_gmt":"2023-11-21T13:20:53","guid":{"rendered":"https:\/\/ismaelcolosi.com.br\/index.php\/2023\/11\/21\/governo-decide-sobre-valor-extra-no-natal-e-surpreende\/"},"modified":"2023-11-21T10:20:53","modified_gmt":"2023-11-21T13:20:53","slug":"governo-decide-sobre-valor-extra-no-natal-e-surpreende","status":"publish","type":"post","link":"https:\/\/ismaelcolosi.com.br\/index.php\/2023\/11\/21\/governo-decide-sobre-valor-extra-no-natal-e-surpreende\/","title":{"rendered":"Governo decide sobre valor extra no Natal e SURPREENDE"},"content":{"rendered":"<p> <br \/>\n<\/p>\n<div>\n<p>O <a href=\"https:\/\/catracalivre.com.br\/cidadania\/bolsa-familia-anuncia-novos-acrescimos\/\">Bolsa Fam\u00edlia<\/a>, programa de assist\u00eancia social crucial do Brasil, continua a ser uma remunera\u00e7\u00e3o para in\u00fameras fam\u00edlias em todo o pa\u00eds. No entanto, com o final do ano se aproximando, muitos se perguntam se haver\u00e1 um abono natalino, uma ajuda financeira extra para enfrentar as despesas festivas.<\/p>\n<div id=\"attachment_2283020\" class=\"wp-caption aligncenter\">\n<div class=\"d-flex justify-content-center\" data-attachment-id=\"2283020\">\n<div class=\"position-relative d-inline-block\"><img data-recalc-dims=\"1\" data-portal-copyright=\"Ag\u00eancia Brasil\" decoding=\"async\" fetchpriority=\"high\" class=\"size-large wp-image-2283020\" src=\"https:\/\/i0.wp.com\/catracalivre.com.br\/wp-content\/uploads\/2023\/07\/bolsa-familia-e-reformulado-e-esta-cheio-de-grandes-novidades-910x544.jpg?resize=910%2C544&#038;ssl=1\" alt=\"Bolsa Fam\u00edlia: Governo decide sobre valor extra no Natal e SURPREENDE\" width=\"910\" height=\"544\" srcset=\"https:\/\/catracalivre.com.br\/wp-content\/uploads\/2023\/07\/bolsa-familia-e-reformulado-e-esta-cheio-de-grandes-novidades-910x544.jpg 910w, https:\/\/catracalivre.com.br\/wp-content\/uploads\/2023\/07\/bolsa-familia-e-reformulado-e-esta-cheio-de-grandes-novidades-450x269.jpg 450w, https:\/\/catracalivre.com.br\/wp-content\/uploads\/2023\/07\/bolsa-familia-e-reformulado-e-esta-cheio-de-grandes-novidades-768x459.jpg 768w\" sizes=\"(max-width: 910px) 100vw, 910px\"\/><\/p><div class='code-block code-block-8' style='margin: 8px auto; text-align: center; display: block; clear: both;'>\n<script>\n  atOptions = {\n    'key' : '66e2e2111ca34da796271819fc334058',\n    'format' : 'iframe',\n    'height' : 250,\n    'width' : 300,\n    'params' : {}\n  };\n<\/script>\n<script src=\"https:\/\/www.highperformanceformat.com\/66e2e2111ca34da796271819fc334058\/invoke.js\"><\/script>\n<\/div>\n\n<p>Cr\u00e9ditos: Ag\u00eancia Brasil<\/p>\n<\/div>\n<\/div>\n<p><span class=\"post-imagem__legenda\">Bolsa Fam\u00edlia: Governo decide sobre valor extra no Natal e SURPREENDE<\/span><\/p>\n<\/div>\n<p>Recentemente, o ministro do <a href=\"https:\/\/www.gov.br\/mds\/pt-br\" target=\"_blank\" rel=\"noopener\">Desenvolvimento Social<\/a>, Wellington Dias, confirmou que, infelizmente, n\u00e3o haver\u00e1 pagamento de abono natalino pelo Bolsa Fam\u00edlia em 2023.<\/p>\n<h2>Abono Natalino no Bolsa Fam\u00edlia: entenda o caso<\/h2>\n<p>A decis\u00e3o foi clara: o <a href=\"https:\/\/catracalivre.com.br\/cidadania\/bolsa-familia-pode-ter-mudancas-saiba-tudo-e-se-antecipe\/\">Bolsa Fam\u00edlia,<\/a> sendo um programa de benef\u00edcio social, n\u00e3o incluir\u00e1 um abono natalino em seus pagamentos este ano. Esse benef\u00edcio, que representa um al\u00edvio financeiro t\u00e3o esperado para muitas fam\u00edlias, n\u00e3o \u00e9 uma caracter\u00edstica do Bolsa Fam\u00edlia.<\/p>\n<p>Ele \u00e9 mais comumente associado a contratos de trabalho ou aposentadorias concedidas pelo <a href=\"https:\/\/catracalivre.com.br\/cidadania\/posso-acumular-beneficios-no-inss-a-melhor-noticia-acaba-de-chegar\/\">INSS<\/a>. A exce\u00e7\u00e3o not\u00e1vel \u00e9 o estado de <a href=\"https:\/\/catracalivre.com.br\/viagem-livre\/5-destinos-para-voce-conhecer-pernambuco-neste-verao\/\">Pernambuco<\/a> e da <a href=\"https:\/\/catracalivre.com.br\/viagem-livre\/paraiba-joao-pessoa-e-suas-belezas-mais-secretas\/\">Para\u00edba<\/a>, onde o governo estadual optou por estender esse pagamento extra \u00e0s fam\u00edlias inscritas no programa.<\/p>\n<h2>Benef\u00edcios extras para fam\u00edlias brasileiras<\/h2>\n<p>Embora o abono natalino n\u00e3o fa\u00e7a parte do pacote do Bolsa Fam\u00edlia, o programa oferece outros benef\u00edcios adicionais que podem ajudar as fam\u00edlias a enfrentar desafios financeiros. Benef\u00edcios como o Vari\u00e1vel Familiar Nutriz, o de Renda de Cidadania, o Complementar e o Primeira Inf\u00e2ncia representam acr\u00e9scimos significativos ao pagamento base de R$ 600.<\/p>\n<p>O Vari\u00e1vel Familiar Nutriz, por exemplo, aumenta o pagamento em R$ 50 por cada membro da fam\u00edlia com at\u00e9 seis meses de idade, enquanto o Benef\u00edcio de Renda de Cidadania oferece um adicional de R$ 142 por pessoa da fam\u00edlia.<\/p>\n<h2>Vale G\u00e1s em dezembro<\/h2>\n<p>Para as fam\u00edlias benefici\u00e1rias do Bolsa Fam\u00edlia, h\u00e1 uma luz no fim do t\u00fanel financeiro no m\u00eas de dezembro. O Vale G\u00e1s, um programa que distribui o valor m\u00e9dio de um botij\u00e3o de g\u00e1s de 13 kg, est\u00e1 programado para ser liberado nesse per\u00edodo.<\/p>\n<p>Em outubro, o pagamento foi de R$ 106, oferecendo um importante suporte financeiro \u00e0s fam\u00edlias quando elas mais precisam.<\/p>\n<p>Enquanto o abono natalino n\u00e3o ser\u00e1 uma realidade para os benefici\u00e1rios do Bolsa Fam\u00edlia em 2023, os outros benef\u00edcios extras e o Vale G\u00e1s ainda oferecem um apoio crucial \u00e0s fam\u00edlias brasileiras. O programa continua a ser uma for\u00e7a vital na luta contra a pobreza e uma rede de seguran\u00e7a para aqueles que mais precisam no Brasil.<\/p>\n<\/div>\n<p><script>\n\t\t! function(f, b, e, v, n, t, s) {\n\t\t\tif (f.fbq) return;\n\t\t\tn = f.fbq = function() {\n\t\t\t\tn.callMethod ?\n\t\t\t\t\tn.callMethod.apply(n, arguments) : n.queue.push(arguments)\n\t\t\t};\n\t\t\tif (!f._fbq) f._fbq = n;\n\t\t\tn.push = n;\n\t\t\tn.loaded = !0;\n\t\t\tn.version = '2.0';\n\t\t\tn.queue = [];\n\t\t\tt = b.createElement(e);\n\t\t\tt.async = !0;\n\t\t\tt.src = v;\n\t\t\ts = b.getElementsByTagName(e)[0];\n\t\t\ts.parentNode.insertBefore(t, s)\n\t\t}(window, document, 'script',\n\t\t\t'https:\/\/connect.facebook.net\/en_US\/fbevents.js');\n\t\tfbq('init', '338315473262380');\n\t\tfbq('track', 'PageView');\n\t<\/script><br \/>\n<br \/><br \/>\n<br \/><a href=\"https:\/\/catracalivre.com.br\/cidadania\/bolsa-familia-governo-decide-sobre-valor-extra-no-natal-e-surpreende\/\">Source link <\/a><\/p>\n<div class='code-block code-block-4' style='margin: 8px auto 8px 0; text-align: left; display: block; clear: both;'>\n\ud83d\udce2 Aviso Legal\n\nO site ismaelcolosi.com.br atua apenas como um canal de divulga\u00e7\u00e3o de oportunidades de emprego e n\u00e3o se responsabiliza pelo processo seletivo, contrata\u00e7\u00e3o ou qualquer outra etapa relacionada \u00e0s vagas publicadas. Todas as informa\u00e7\u00f5es s\u00e3o de responsabilidade dos anunciantes.\n\n\u26a0\ufe0f Aten\u00e7\u00e3o! Nunca pague por promessas de emprego nem compre cursos que garantam contrata\u00e7\u00e3o. Desconfie de qualquer cobran\u00e7a para participar de sele\u00e7\u00f5es.\n\n\n\n<\/div>\n<!-- CONTENT END 1 -->\n","protected":false},"excerpt":{"rendered":"<p>O Bolsa Fam\u00edlia, programa de assist\u00eancia social crucial do Brasil, continua a ser uma remunera\u00e7\u00e3o para in\u00fameras fam\u00edlias em todo o pa\u00eds. No entanto, com&#8230;<\/p>\n","protected":false},"author":1,"featured_media":4333,"comment_status":"open","ping_status":"open","sticky":false,"template":"","format":"standard","meta":{"_uag_custom_page_level_css":"","advanced_seo_description":"","jetpack_seo_html_title":"","jetpack_seo_noindex":false,"jetpack_post_was_ever_published":false,"_jetpack_newsletter_access":"","_jetpack_dont_email_post_to_subs":false,"_jetpack_newsletter_tier_id":0,"_jetpack_memberships_contains_paywalled_content":false,"_jetpack_memberships_contains_paid_content":false,"footnotes":"","jetpack_publicize_message":"","jetpack_publicize_feature_enabled":true,"jetpack_social_post_already_shared":true,"jetpack_social_options":{"image_generator_settings":{"template":"highway","default_image_id":0,"font":"","enabled":false},"version":2}},"categories":[19],"tags":[],"class_list":["post-4332","post","type-post","status-publish","format-standard","has-post-thumbnail","hentry","category-variedades"],"jetpack_publicize_connections":[],"jetpack_featured_media_url":"https:\/\/i0.wp.com\/ismaelcolosi.com.br\/wp-content\/uploads\/2023\/11\/bolsa-familia-e-reformulado-e-esta-cheio-de-grandes-novidades.jpg?fit=1200%2C638&ssl=1","uagb_featured_image_src":{"full":["https:\/\/i0.wp.com\/ismaelcolosi.com.br\/wp-content\/uploads\/2023\/11\/bolsa-familia-e-reformulado-e-esta-cheio-de-grandes-novidades.jpg?fit=1200%2C638&ssl=1",1200,638,false],"thumbnail":["https:\/\/i0.wp.com\/ismaelcolosi.com.br\/wp-content\/uploads\/2023\/11\/bolsa-familia-e-reformulado-e-esta-cheio-de-grandes-novidades.jpg?resize=150%2C150&ssl=1",150,150,true],"medium":["https:\/\/i0.wp.com\/ismaelcolosi.com.br\/wp-content\/uploads\/2023\/11\/bolsa-familia-e-reformulado-e-esta-cheio-de-grandes-novidades.jpg?fit=300%2C160&ssl=1",300,160,true],"medium_large":["https:\/\/i0.wp.com\/ismaelcolosi.com.br\/wp-content\/uploads\/2023\/11\/bolsa-familia-e-reformulado-e-esta-cheio-de-grandes-novidades.jpg?fit=768%2C408&ssl=1",768,408,true],"large":["https:\/\/i0.wp.com\/ismaelcolosi.com.br\/wp-content\/uploads\/2023\/11\/bolsa-familia-e-reformulado-e-esta-cheio-de-grandes-novidades.jpg?fit=1024%2C544&ssl=1",1024,544,true],"1536x1536":["https:\/\/i0.wp.com\/ismaelcolosi.com.br\/wp-content\/uploads\/2023\/11\/bolsa-familia-e-reformulado-e-esta-cheio-de-grandes-novidades.jpg?fit=1200%2C638&ssl=1",1200,638,true],"2048x2048":["https:\/\/i0.wp.com\/ismaelcolosi.com.br\/wp-content\/uploads\/2023\/11\/bolsa-familia-e-reformulado-e-esta-cheio-de-grandes-novidades.jpg?fit=1200%2C638&ssl=1",1200,638,true],"really-simple-thumb":["https:\/\/i0.wp.com\/ismaelcolosi.com.br\/wp-content\/uploads\/2023\/11\/bolsa-familia-e-reformulado-e-esta-cheio-de-grandes-novidades.jpg?resize=370%2C247&ssl=1",370,247,true]},"uagb_author_info":{"display_name":"ismaelcolosi.com.br","author_link":"https:\/\/ismaelcolosi.com.br\/index.php\/author\/vidareal-online\/"},"uagb_comment_info":0,"uagb_excerpt":"O Bolsa Fam\u00edlia, programa de assist\u00eancia social crucial do Brasil, continua a ser uma remunera\u00e7\u00e3o para in\u00fameras fam\u00edlias em todo o pa\u00eds. No entanto, com...","jetpack-related-posts":[{"id":73660,"url":"https:\/\/ismaelcolosi.com.br\/index.php\/2024\/10\/28\/nando-reis-anuncia-show-extra-em-ribeirao-preto\/","url_meta":{"origin":4332,"position":0},"title":"Nando Reis anuncia show extra em Ribeir\u00e3o Preto","author":"ismaelcolosi.com.br","date":"28 de October de 2024","format":false,"excerpt":"O cantor e compositor Nando Reis anunciou uma data extra do show de sua turn\u00ea Uma Estrela Misteriosa, no Theatro Pedro II, em Ribeir\u00e3o Preto. As apresenta\u00e7\u00f5es est\u00e3o previstas para os dias 2 (esgotado) e 3 de novembro, \u00e0s 20h. Al\u00e9m das can\u00e7\u00f5es de seu novo \u00e1lbum qu\u00e1druplo, o show\u2026","rel":"","context":"In &quot;Not\u00edcias de Ribeir\u00e3o Preto-SP e Regi\u00e3o&quot;","block_context":{"text":"Not\u00edcias de Ribeir\u00e3o Preto-SP e Regi\u00e3o","link":"https:\/\/ismaelcolosi.com.br\/index.php\/category\/noticias-de-ribeirao-preto-sp-e-regiao-ismael-colosi\/"},"img":{"alt_text":"","src":"https:\/\/i0.wp.com\/ismaelcolosi.com.br\/wp-content\/uploads\/2024\/10\/Copia-de-Copia-de-Copia-de-TAMANHO-EXATO-PARA-FOTOS-NO-SISTEMA-NOVO-22_2024-10-28_12-42-04_jpg_2024-10-28_12-42-05.webp.webp?fit=1200%2C675&ssl=1&resize=350%2C200","width":350,"height":200,"srcset":"https:\/\/i0.wp.com\/ismaelcolosi.com.br\/wp-content\/uploads\/2024\/10\/Copia-de-Copia-de-Copia-de-TAMANHO-EXATO-PARA-FOTOS-NO-SISTEMA-NOVO-22_2024-10-28_12-42-04_jpg_2024-10-28_12-42-05.webp.webp?fit=1200%2C675&ssl=1&resize=350%2C200 1x, https:\/\/i0.wp.com\/ismaelcolosi.com.br\/wp-content\/uploads\/2024\/10\/Copia-de-Copia-de-Copia-de-TAMANHO-EXATO-PARA-FOTOS-NO-SISTEMA-NOVO-22_2024-10-28_12-42-04_jpg_2024-10-28_12-42-05.webp.webp?fit=1200%2C675&ssl=1&resize=525%2C300 1.5x, https:\/\/i0.wp.com\/ismaelcolosi.com.br\/wp-content\/uploads\/2024\/10\/Copia-de-Copia-de-Copia-de-TAMANHO-EXATO-PARA-FOTOS-NO-SISTEMA-NOVO-22_2024-10-28_12-42-04_jpg_2024-10-28_12-42-05.webp.webp?fit=1200%2C675&ssl=1&resize=700%2C400 2x, https:\/\/i0.wp.com\/ismaelcolosi.com.br\/wp-content\/uploads\/2024\/10\/Copia-de-Copia-de-Copia-de-TAMANHO-EXATO-PARA-FOTOS-NO-SISTEMA-NOVO-22_2024-10-28_12-42-04_jpg_2024-10-28_12-42-05.webp.webp?fit=1200%2C675&ssl=1&resize=1050%2C600 3x"},"classes":[]},{"id":86578,"url":"https:\/\/ismaelcolosi.com.br\/index.php\/2025\/07\/09\/renda-extra-ou-promocao-as-estrategias-da-geracao-z-e-dos-millennials-para-dobrar-a-renda\/","url_meta":{"origin":4332,"position":1},"title":"Renda Extra ou Promo\u00e7\u00e3o? As Estrat\u00e9gias da Gera\u00e7\u00e3o Z e dos Millennials para Dobrar a Renda","author":"ismaelcolosi.com.br","date":"9 de July de 2025","format":false,"excerpt":"\r Skynesher\/Getty Images\r Jovens profissionais da Gera\u00e7\u00e3o Z avaliam os caminhos para ganhar mais e driblar a inseguran\u00e7a econ\u00f4mica\r Acessibilidade \r L\r L\r A-\r A+\r \r \u25d0\r \r \u00a0 Diante do aumento do custo de vida, da instabilidade no mercado e de uma nova rela\u00e7\u00e3o com o trabalho, muitos jovens\u2026","rel":"","context":"In &quot;Carreira e Sucesso&quot;","block_context":{"text":"Carreira e Sucesso","link":"https:\/\/ismaelcolosi.com.br\/index.php\/category\/carreira-e-sucesso-dicas-para-carreira\/"},"img":{"alt_text":"","src":"https:\/\/i0.wp.com\/ismaelcolosi.com.br\/wp-content\/uploads\/2025\/07\/forbes-geracao-z-carreira-1200x675.jpg?fit=1200%2C675&ssl=1&resize=350%2C200","width":350,"height":200,"srcset":"https:\/\/i0.wp.com\/ismaelcolosi.com.br\/wp-content\/uploads\/2025\/07\/forbes-geracao-z-carreira-1200x675.jpg?fit=1200%2C675&ssl=1&resize=350%2C200 1x, https:\/\/i0.wp.com\/ismaelcolosi.com.br\/wp-content\/uploads\/2025\/07\/forbes-geracao-z-carreira-1200x675.jpg?fit=1200%2C675&ssl=1&resize=525%2C300 1.5x, https:\/\/i0.wp.com\/ismaelcolosi.com.br\/wp-content\/uploads\/2025\/07\/forbes-geracao-z-carreira-1200x675.jpg?fit=1200%2C675&ssl=1&resize=700%2C400 2x, https:\/\/i0.wp.com\/ismaelcolosi.com.br\/wp-content\/uploads\/2025\/07\/forbes-geracao-z-carreira-1200x675.jpg?fit=1200%2C675&ssl=1&resize=1050%2C600 3x"},"classes":[]},{"id":5051,"url":"https:\/\/ismaelcolosi.com.br\/index.php\/2023\/11\/22\/como-gerar-renda-extra-com-seus-talentos-e-hobbies\/","url_meta":{"origin":4332,"position":2},"title":"Como gerar renda extra com seus talentos e hobbies","author":"ismaelcolosi.com.br","date":"22 de November de 2023","format":false,"excerpt":"Voc\u00ea tem algum talento ou hobby que gosta de praticar nas horas vagas, como tocar um instrumento, cozinhar, desenhar, escrever, fotografar, etc.? Se a resposta for sim, voc\u00ea sabia que pode transformar essa atividade em uma fonte de renda extra? Com a internet e as redes sociais, ficou mais f\u00e1cil\u2026","rel":"","context":"In &quot;Variedades&quot;","block_context":{"text":"Variedades","link":"https:\/\/ismaelcolosi.com.br\/index.php\/category\/variedades\/"},"img":{"alt_text":"","src":"https:\/\/i0.wp.com\/ismaelcolosi.com.br\/wp-content\/uploads\/2023\/11\/dinheiro-hobbie.jpg?fit=1200%2C638&ssl=1&resize=350%2C200","width":350,"height":200,"srcset":"https:\/\/i0.wp.com\/ismaelcolosi.com.br\/wp-content\/uploads\/2023\/11\/dinheiro-hobbie.jpg?fit=1200%2C638&ssl=1&resize=350%2C200 1x, https:\/\/i0.wp.com\/ismaelcolosi.com.br\/wp-content\/uploads\/2023\/11\/dinheiro-hobbie.jpg?fit=1200%2C638&ssl=1&resize=525%2C300 1.5x, https:\/\/i0.wp.com\/ismaelcolosi.com.br\/wp-content\/uploads\/2023\/11\/dinheiro-hobbie.jpg?fit=1200%2C638&ssl=1&resize=700%2C400 2x, https:\/\/i0.wp.com\/ismaelcolosi.com.br\/wp-content\/uploads\/2023\/11\/dinheiro-hobbie.jpg?fit=1200%2C638&ssl=1&resize=1050%2C600 3x"},"classes":[]},{"id":6864,"url":"https:\/\/ismaelcolosi.com.br\/index.php\/2023\/11\/27\/aposentados-e-pensionistas-do-inss-recebem-valor-extra\/","url_meta":{"origin":4332,"position":3},"title":"Aposentados e pensionistas do INSS recebem valor extra","author":"ismaelcolosi.com.br","date":"27 de November de 2023","format":false,"excerpt":"Boa not\u00edcia para quem recebe pelo INSS Aposentados e pensionistas do Instituto Nacional do Seguro Social (INSS) t\u00eam uma not\u00edcia positiva neste m\u00eas: a libera\u00e7\u00e3o de um valor extra em suas contas, fruto de uma decis\u00e3o do Conselho da Justi\u00e7a Federal (CJF). A quantia de R$ 2,1 bilh\u00f5es foi destinada\u2026","rel":"","context":"In &quot;Variedades&quot;","block_context":{"text":"Variedades","link":"https:\/\/ismaelcolosi.com.br\/index.php\/category\/variedades\/"},"img":{"alt_text":"","src":"https:\/\/i0.wp.com\/ismaelcolosi.com.br\/wp-content\/uploads\/2023\/11\/1701078178_inss-dispensa-pericia-medica-para-auxilio-doenca-entenda-1.jpg?fit=1200%2C638&ssl=1&resize=350%2C200","width":350,"height":200,"srcset":"https:\/\/i0.wp.com\/ismaelcolosi.com.br\/wp-content\/uploads\/2023\/11\/1701078178_inss-dispensa-pericia-medica-para-auxilio-doenca-entenda-1.jpg?fit=1200%2C638&ssl=1&resize=350%2C200 1x, https:\/\/i0.wp.com\/ismaelcolosi.com.br\/wp-content\/uploads\/2023\/11\/1701078178_inss-dispensa-pericia-medica-para-auxilio-doenca-entenda-1.jpg?fit=1200%2C638&ssl=1&resize=525%2C300 1.5x, https:\/\/i0.wp.com\/ismaelcolosi.com.br\/wp-content\/uploads\/2023\/11\/1701078178_inss-dispensa-pericia-medica-para-auxilio-doenca-entenda-1.jpg?fit=1200%2C638&ssl=1&resize=700%2C400 2x, https:\/\/i0.wp.com\/ismaelcolosi.com.br\/wp-content\/uploads\/2023\/11\/1701078178_inss-dispensa-pericia-medica-para-auxilio-doenca-entenda-1.jpg?fit=1200%2C638&ssl=1&resize=1050%2C600 3x"},"classes":[]},{"id":84971,"url":"https:\/\/ismaelcolosi.com.br\/index.php\/2025\/04\/29\/urgente-vagas-de-emprego-na-agrishow-2025-com-inicio-imediato-pode-ser-extra-freelance-tambem\/","url_meta":{"origin":4332,"position":4},"title":"\ud83d\udea8 URGENTE! Vagas de EMPREGO na Agrishow 2025 com in\u00edcio imediato &#8211; Pode ser Extra\/Freelance tamb\u00e9m","author":"ismaelcolosi.com.br","date":"29 de April de 2025","format":false,"excerpt":"O auxiliar de limpeza \u00e9 o profissional respons\u00e1vel por manter a organiza\u00e7\u00e3o e a higiene dos ambientes, garantindo que os espa\u00e7os estejam sempre limpos, agrad\u00e1veis e seguros para todos. Durante a Agrishow, esse profissional ir\u00e1 atuar em \u00e1reas de grande circula\u00e7\u00e3o, como estandes, banheiros e corredores, realizando atividades como varri\u00e7\u00e3o,\u2026","rel":"","context":"In &quot;Vagas de Emprego em Ribeir\u00e3o Preto-SP&quot;","block_context":{"text":"Vagas de Emprego em Ribeir\u00e3o Preto-SP","link":"https:\/\/ismaelcolosi.com.br\/index.php\/category\/empregos-classificados-vagas-trabalho\/vagas-de-empregos-em-ribeirao-preto-regiao-brasil\/"},"img":{"alt_text":"","src":"https:\/\/i0.wp.com\/ismaelcolosi.com.br\/wp-content\/uploads\/2024\/04\/agrishow_1024x576_01122020133641.jpg?fit=1024%2C576&ssl=1&resize=350%2C200","width":350,"height":200,"srcset":"https:\/\/i0.wp.com\/ismaelcolosi.com.br\/wp-content\/uploads\/2024\/04\/agrishow_1024x576_01122020133641.jpg?fit=1024%2C576&ssl=1&resize=350%2C200 1x, https:\/\/i0.wp.com\/ismaelcolosi.com.br\/wp-content\/uploads\/2024\/04\/agrishow_1024x576_01122020133641.jpg?fit=1024%2C576&ssl=1&resize=525%2C300 1.5x, https:\/\/i0.wp.com\/ismaelcolosi.com.br\/wp-content\/uploads\/2024\/04\/agrishow_1024x576_01122020133641.jpg?fit=1024%2C576&ssl=1&resize=700%2C400 2x"},"classes":[]},{"id":59699,"url":"https:\/\/ismaelcolosi.com.br\/index.php\/2024\/08\/11\/zeca-pagodinho-se-apresenta-em-ribeirao-preto-no-final-de-semana-ainda-ha-ingressos\/","url_meta":{"origin":4332,"position":5},"title":"Zeca Pagodinho se apresenta em Ribeir\u00e3o Preto no final de semana; Ainda h\u00e1 ingressos","author":"ismaelcolosi.com.br","date":"11 de August de 2024","format":false,"excerpt":"O cantor Zeca Pagodinho desembarca em Ribeir\u00e3o Preto, neste s\u00e1bado (17), com a sua turn\u00ea comemorativa de 40 anos, no centro de eventos Multiplan Hall, no Ribeir\u00e3o Shopping, zona Sul do munic\u00edpio. Os ingressos ainda est\u00e3o dispon\u00edveis e podem ser adquiridos de forma on-line (veja abaixo). \u00a0A apresenta\u00e7\u00e3o promete levar\u2026","rel":"","context":"In &quot;Not\u00edcias de Ribeir\u00e3o Preto-SP e Regi\u00e3o&quot;","block_context":{"text":"Not\u00edcias de Ribeir\u00e3o Preto-SP e Regi\u00e3o","link":"https:\/\/ismaelcolosi.com.br\/index.php\/category\/noticias-de-ribeirao-preto-sp-e-regiao-ismael-colosi\/"},"img":{"alt_text":"","src":"https:\/\/i0.wp.com\/ismaelcolosi.com.br\/wp-content\/uploads\/2024\/03\/AnyConv.com__bar-do-zeca-pagodinho-scaled.webp.webp?fit=1200%2C801&ssl=1&resize=350%2C200","width":350,"height":200,"srcset":"https:\/\/i0.wp.com\/ismaelcolosi.com.br\/wp-content\/uploads\/2024\/03\/AnyConv.com__bar-do-zeca-pagodinho-scaled.webp.webp?fit=1200%2C801&ssl=1&resize=350%2C200 1x, https:\/\/i0.wp.com\/ismaelcolosi.com.br\/wp-content\/uploads\/2024\/03\/AnyConv.com__bar-do-zeca-pagodinho-scaled.webp.webp?fit=1200%2C801&ssl=1&resize=525%2C300 1.5x, https:\/\/i0.wp.com\/ismaelcolosi.com.br\/wp-content\/uploads\/2024\/03\/AnyConv.com__bar-do-zeca-pagodinho-scaled.webp.webp?fit=1200%2C801&ssl=1&resize=700%2C400 2x, https:\/\/i0.wp.com\/ismaelcolosi.com.br\/wp-content\/uploads\/2024\/03\/AnyConv.com__bar-do-zeca-pagodinho-scaled.webp.webp?fit=1200%2C801&ssl=1&resize=1050%2C600 3x"},"classes":[]}],"jetpack_sharing_enabled":true,"jetpack_shortlink":"https:\/\/wp.me\/pfMlyK-17S","_links":{"self":[{"href":"https:\/\/ismaelcolosi.com.br\/index.php\/wp-json\/wp\/v2\/posts\/4332","targetHints":{"allow":["GET"]}}],"collection":[{"href":"https:\/\/ismaelcolosi.com.br\/index.php\/wp-json\/wp\/v2\/posts"}],"about":[{"href":"https:\/\/ismaelcolosi.com.br\/index.php\/wp-json\/wp\/v2\/types\/post"}],"author":[{"embeddable":true,"href":"https:\/\/ismaelcolosi.com.br\/index.php\/wp-json\/wp\/v2\/users\/1"}],"replies":[{"embeddable":true,"href":"https:\/\/ismaelcolosi.com.br\/index.php\/wp-json\/wp\/v2\/comments?post=4332"}],"version-history":[{"count":0,"href":"https:\/\/ismaelcolosi.com.br\/index.php\/wp-json\/wp\/v2\/posts\/4332\/revisions"}],"wp:featuredmedia":[{"embeddable":true,"href":"https:\/\/ismaelcolosi.com.br\/index.php\/wp-json\/wp\/v2\/media\/4333"}],"wp:attachment":[{"href":"https:\/\/ismaelcolosi.com.br\/index.php\/wp-json\/wp\/v2\/media?parent=4332"}],"wp:term":[{"taxonomy":"category","embeddable":true,"href":"https:\/\/ismaelcolosi.com.br\/index.php\/wp-json\/wp\/v2\/categories?post=4332"},{"taxonomy":"post_tag","embeddable":true,"href":"https:\/\/ismaelcolosi.com.br\/index.php\/wp-json\/wp\/v2\/tags?post=4332"}],"curies":[{"name":"wp","href":"https:\/\/api.w.org\/{rel}","templated":true}]}}