{"id":4326,"date":"2023-11-21T10:09:06","date_gmt":"2023-11-21T13:09:06","guid":{"rendered":"https:\/\/ismaelcolosi.com.br\/index.php\/2023\/11\/21\/concurso-publico-da-prefeitura-de-luis-tem-salarios-de-ate-r-47-mil\/"},"modified":"2023-11-21T10:09:06","modified_gmt":"2023-11-21T13:09:06","slug":"concurso-publico-da-prefeitura-de-luis-tem-salarios-de-ate-r-47-mil","status":"publish","type":"post","link":"https:\/\/ismaelcolosi.com.br\/index.php\/2023\/11\/21\/concurso-publico-da-prefeitura-de-luis-tem-salarios-de-ate-r-47-mil\/","title":{"rendered":"Concurso p\u00fablico da Prefeitura de Lu\u00eds tem sal\u00e1rios de at\u00e9 R$ 4,7 mil"},"content":{"rendered":"<p> <br \/>\n<\/p>\n<div>\n<div id=\"attachment_2311870\" class=\"wp-caption alignnone\">\n<div class=\"d-flex justify-content-center\" data-attachment-id=\"2311870\">\n<div class=\"position-relative d-inline-block\"><img data-recalc-dims=\"1\" data-portal-copyright=\"IStock\" decoding=\"async\" fetchpriority=\"high\" class=\"size-medium wp-image-2311870\" src=\"https:\/\/i0.wp.com\/catracalivre.com.br\/wp-content\/uploads\/2023\/11\/istock-1361035512-450x300.jpg?resize=450%2C300&#038;ssl=1\" alt=\"Concurso P\u00fablico da Prefeitura de Lu\u00eds\" width=\"450\" height=\"300\" srcset=\"https:\/\/catracalivre.com.br\/wp-content\/uploads\/2023\/11\/istock-1361035512-450x300.jpg 450w, https:\/\/catracalivre.com.br\/wp-content\/uploads\/2023\/11\/istock-1361035512-910x607.jpg 910w, https:\/\/catracalivre.com.br\/wp-content\/uploads\/2023\/11\/istock-1361035512-768x512.jpg 768w, https:\/\/catracalivre.com.br\/wp-content\/uploads\/2023\/11\/istock-1361035512.jpg 1254w\" sizes=\"(max-width: 450px) 100vw, 450px\"\/><\/p>\n<p>Cr\u00e9ditos: IStock<\/p><div class='code-block code-block-8' style='margin: 8px auto; text-align: center; display: block; clear: both;'>\n<script>\n  atOptions = {\n    'key' : '66e2e2111ca34da796271819fc334058',\n    'format' : 'iframe',\n    'height' : 250,\n    'width' : 300,\n    'params' : {}\n  };\n<\/script>\n<script src=\"https:\/\/www.highperformanceformat.com\/66e2e2111ca34da796271819fc334058\/invoke.js\"><\/script>\n<\/div>\n\n<\/div>\n<\/div>\n<p><span class=\"post-imagem__legenda\">Concurso P\u00fablico da Prefeitura de Lu\u00eds<\/span><\/p>\n<\/div>\n<p>A Prefeitura de Lu\u00eds Domingues, no estado do Maranh\u00e3o, anuncia edital de n\u00ba 1\/2023 para <a href=\"https:\/\/catracalivre.com.br\/educacao\/sites-gratuitos-ajudam-na-preparacao-para-concursos-publicos\/\">concurso<\/a> p\u00fablico. O munic\u00edpio disponibiliza 199 vagas imediatas para contrata\u00e7\u00f5es sob regime estatut\u00e1rio, al\u00e9m de formar cadastro reserva de profissionais,<\/p>\n<p>Para expedientes de 20, 25, 30 ou 40 horas semanais, a depender do cargo pleiteado,\u00a0o <a href=\"https:\/\/catracalivre.com.br\/carreira\/24-opcoes-de-concursos-publicos-para-melhorar-seu-dia\/\">concurso<\/a> p\u00fablico oferece remunera\u00e7\u00e3o que varia entre R$ 1,3 mil a R$ 4,7 mil.<\/p>\n<h2>Conhe\u00e7a as \u00e1reas listas a seguir:<\/h2>\n<p>Ensino fundamental incompleto<br \/>Auxiliar Operacional de Servi\u00e7os Diversos;<\/p>\n<p>Vigia.<\/p>\n<p>Ensino fundamental completo<br \/>Monitor de \u00d4nibus Escolar;<\/p>\n<p>Motorista D;<\/p>\n<p>Operador de M\u00e1quinas Pesadas;<\/p>\n<p>Porteiro.<\/p>\n<p>Ensino m\u00e9dio<br \/>Agente Administrativo;<\/p>\n<p>Agente de Combate a Endemias \u2013 ACE;<\/p>\n<p>Digitador;<\/p>\n<p>Fiscal Sanit\u00e1rio;<\/p>\n<p>Guarda Municipal.<\/p>\n<p>Ensino t\u00e9cnico<br \/>Agente de Alimenta\u00e7\u00e3o Escolar;<\/p>\n<p>T\u00e9cnico Administrativo;<\/p>\n<p>T\u00e9cnico Agr\u00edcola;<\/p>\n<p>T\u00e9cnico em Enfermagem;<\/p>\n<p>T\u00e9cnico em Farm\u00e1cia;<\/p>\n<p>T\u00e9cnico em Inform\u00e1tica\/Operador de Sistemas.<\/p>\n<p>Ensino superior<br \/>Advogado;<\/p>\n<p>Assistente Social;<\/p>\n<p>Cirurgi\u00e3o-dentista;<\/p>\n<p>Enfermeiro;<\/p>\n<p>Engenheiro Civil;<\/p>\n<p>Fisioterapeuta;<\/p>\n<p>Nutricionista;<\/p>\n<p>Psic\u00f3logo;<\/p>\n<p>Terapeuta Ocupacional;<\/p>\n<p>T\u00e9cnico em TI \u2013 Ci\u00eancias da Computa\u00e7\u00e3o, Engenharia da Computa\u00e7\u00e3o, An\u00e1lise e Desenvolvimento de Sistemas, Processamento de Dados, Tecnologia ou Sistemas de Informa\u00e7\u00e3o.<\/p>\n<p>Ensino superior \u2013 professores<br \/>Professor I \u2013 educa\u00e7\u00e3o infantil;<\/p>\n<p>Professor I \u2013 ensino fundamental\/do 1\u00ba ao 5\u00ba ano;<\/p>\n<p>Professor II \u2013 Artes;<\/p>\n<p>Professor II \u2013 Ci\u00eancias;<\/p>\n<p>Professor II \u2013 Educa\u00e7\u00e3o F\u00edsica;<\/p>\n<p>Professor II \u2013 L\u00edngua Inglesa;<\/p>\n<p>Professor II \u2013 L\u00edngua Portuguesa;<\/p>\n<p>Professor II \u2013 Matem\u00e1tica.<\/p>\n<p>As inscri\u00e7\u00f5es devem ser realizadas atrav\u00e9s do<a href=\"https:\/\/www.institutolegatus.com.br\/concursos\/103\/luis-domingues-ma\/\"> site<\/a> oficial at\u00e9 o dia 27 de novembro de 2023, com taxas de participa\u00e7\u00e3o fixadas em R$ 90 (fundamental), R$ 100 (m\u00e9dio\/t\u00e9cnico) e R$ 135 (superior).<\/p>\n<div class=\"partner d-flex rounded shadow-sm p-2 mb-3 align-items-center\" id=\"partner\" data-print=\"ignore\">\n<div class=\"image mr-2\">\n<img data-recalc-dims=\"1\" src=\"https:\/\/i0.wp.com\/robohash.org\/b730afd4cf5c5d237c7f93163ed023b6.png?resize=110%2C110&#038;ssl=1\" width=\"110\" height=\"110\" title=\"Thatyana Costa\" loading=\"lazy\" decoding=\"async\" class=\"rounded-circle\"\/>\n<\/div>\n<\/div>\n<\/div>\n<p><script>\n\t\t! function(f, b, e, v, n, t, s) {\n\t\t\tif (f.fbq) return;\n\t\t\tn = f.fbq = function() {\n\t\t\t\tn.callMethod ?\n\t\t\t\t\tn.callMethod.apply(n, arguments) : n.queue.push(arguments)\n\t\t\t};\n\t\t\tif (!f._fbq) f._fbq = n;\n\t\t\tn.push = n;\n\t\t\tn.loaded = !0;\n\t\t\tn.version = '2.0';\n\t\t\tn.queue = [];\n\t\t\tt = b.createElement(e);\n\t\t\tt.async = !0;\n\t\t\tt.src = v;\n\t\t\ts = b.getElementsByTagName(e)[0];\n\t\t\ts.parentNode.insertBefore(t, s)\n\t\t}(window, document, 'script',\n\t\t\t'https:\/\/connect.facebook.net\/en_US\/fbevents.js');\n\t\tfbq('init', '338315473262380');\n\t\tfbq('track', 'PageView');\n\t<\/script><br \/>\n<br \/><br \/>\n<br \/><a href=\"https:\/\/catracalivre.com.br\/educacao\/concurso-publico-da-prefeitura-de-luis-tem-salarios-de-ate-r-47-mil\/\">Source link <\/a><\/p>\n<div class='code-block code-block-4' style='margin: 8px auto 8px 0; text-align: left; display: block; clear: both;'>\n\ud83d\udce2 Aviso Legal\n\nO site ismaelcolosi.com.br atua apenas como um canal de divulga\u00e7\u00e3o de oportunidades de emprego e n\u00e3o se responsabiliza pelo processo seletivo, contrata\u00e7\u00e3o ou qualquer outra etapa relacionada \u00e0s vagas publicadas. Todas as informa\u00e7\u00f5es s\u00e3o de responsabilidade dos anunciantes.\n\n\u26a0\ufe0f Aten\u00e7\u00e3o! Nunca pague por promessas de emprego nem compre cursos que garantam contrata\u00e7\u00e3o. Desconfie de qualquer cobran\u00e7a para participar de sele\u00e7\u00f5es.\n\n\n\n<\/div>\n<!-- CONTENT END 1 -->\n","protected":false},"excerpt":{"rendered":"<p>Cr\u00e9ditos: IStock Concurso P\u00fablico da Prefeitura de Lu\u00eds A Prefeitura de Lu\u00eds Domingues, no estado do Maranh\u00e3o, anuncia edital de n\u00ba 1\/2023 para concurso p\u00fablico&#8230;.<\/p>\n","protected":false},"author":1,"featured_media":4327,"comment_status":"open","ping_status":"open","sticky":false,"template":"","format":"standard","meta":{"_uag_custom_page_level_css":"","advanced_seo_description":"","jetpack_seo_html_title":"","jetpack_seo_noindex":false,"jetpack_post_was_ever_published":false,"_jetpack_newsletter_access":"","_jetpack_dont_email_post_to_subs":false,"_jetpack_newsletter_tier_id":0,"_jetpack_memberships_contains_paywalled_content":false,"_jetpack_memberships_contains_paid_content":false,"footnotes":"","jetpack_publicize_message":"","jetpack_publicize_feature_enabled":true,"jetpack_social_post_already_shared":true,"jetpack_social_options":{"image_generator_settings":{"template":"highway","default_image_id":0,"font":"","enabled":false},"version":2}},"categories":[19],"tags":[],"class_list":["post-4326","post","type-post","status-publish","format-standard","has-post-thumbnail","hentry","category-variedades"],"jetpack_publicize_connections":[],"jetpack_featured_media_url":"https:\/\/i0.wp.com\/ismaelcolosi.com.br\/wp-content\/uploads\/2023\/11\/istock-1361035512.jpg?fit=1200%2C638&ssl=1","uagb_featured_image_src":{"full":["https:\/\/i0.wp.com\/ismaelcolosi.com.br\/wp-content\/uploads\/2023\/11\/istock-1361035512.jpg?fit=1200%2C638&ssl=1",1200,638,false],"thumbnail":["https:\/\/i0.wp.com\/ismaelcolosi.com.br\/wp-content\/uploads\/2023\/11\/istock-1361035512.jpg?resize=150%2C150&ssl=1",150,150,true],"medium":["https:\/\/i0.wp.com\/ismaelcolosi.com.br\/wp-content\/uploads\/2023\/11\/istock-1361035512.jpg?fit=300%2C160&ssl=1",300,160,true],"medium_large":["https:\/\/i0.wp.com\/ismaelcolosi.com.br\/wp-content\/uploads\/2023\/11\/istock-1361035512.jpg?fit=768%2C408&ssl=1",768,408,true],"large":["https:\/\/i0.wp.com\/ismaelcolosi.com.br\/wp-content\/uploads\/2023\/11\/istock-1361035512.jpg?fit=1024%2C544&ssl=1",1024,544,true],"1536x1536":["https:\/\/i0.wp.com\/ismaelcolosi.com.br\/wp-content\/uploads\/2023\/11\/istock-1361035512.jpg?fit=1200%2C638&ssl=1",1200,638,true],"2048x2048":["https:\/\/i0.wp.com\/ismaelcolosi.com.br\/wp-content\/uploads\/2023\/11\/istock-1361035512.jpg?fit=1200%2C638&ssl=1",1200,638,true],"really-simple-thumb":["https:\/\/i0.wp.com\/ismaelcolosi.com.br\/wp-content\/uploads\/2023\/11\/istock-1361035512.jpg?resize=370%2C247&ssl=1",370,247,true]},"uagb_author_info":{"display_name":"ismaelcolosi.com.br","author_link":"https:\/\/ismaelcolosi.com.br\/index.php\/author\/vidareal-online\/"},"uagb_comment_info":0,"uagb_excerpt":"Cr\u00e9ditos: IStock Concurso P\u00fablico da Prefeitura de Lu\u00eds A Prefeitura de Lu\u00eds Domingues, no estado do Maranh\u00e3o, anuncia edital de n\u00ba 1\/2023 para concurso p\u00fablico....","jetpack-related-posts":[{"id":40601,"url":"https:\/\/ismaelcolosi.com.br\/index.php\/2024\/03\/04\/veja-os-locais-de-prova-de-concurso-publico-da-prefeitura-de-ribeirao-preto\/","url_meta":{"origin":4326,"position":0},"title":"Veja os locais de prova de concurso p\u00fablico da Prefeitura de Ribeir\u00e3o Preto","author":"ismaelcolosi.com.br","date":"4 de March de 2024","format":false,"excerpt":"Os locais de provas do concurso p\u00fablico 07\/2023 da Prefeitura de Ribeir\u00e3o Preto com vagas para a Saerp foram divulgados no Di\u00e1rio Oficial do Munic\u00edpio desta segunda-feira (4). Ao todo, s\u00e3o cinco escolas municipais que receber\u00e3o os candidatos (veja abaixo). As provas acontecem no domingo (10), com abertura dos port\u00f5es\u2026","rel":"","context":"In &quot;Not\u00edcias de Ribeir\u00e3o Preto-SP e Regi\u00e3o&quot;","block_context":{"text":"Not\u00edcias de Ribeir\u00e3o Preto-SP e Regi\u00e3o","link":"https:\/\/ismaelcolosi.com.br\/index.php\/category\/noticias-de-ribeirao-preto-sp-e-regiao-ismael-colosi\/"},"img":{"alt_text":"","src":"https:\/\/i0.wp.com\/ismaelcolosi.com.br\/wp-content\/uploads\/2024\/03\/concurso-publico.jpg?fit=1200%2C800&ssl=1&resize=350%2C200","width":350,"height":200,"srcset":"https:\/\/i0.wp.com\/ismaelcolosi.com.br\/wp-content\/uploads\/2024\/03\/concurso-publico.jpg?fit=1200%2C800&ssl=1&resize=350%2C200 1x, https:\/\/i0.wp.com\/ismaelcolosi.com.br\/wp-content\/uploads\/2024\/03\/concurso-publico.jpg?fit=1200%2C800&ssl=1&resize=525%2C300 1.5x, https:\/\/i0.wp.com\/ismaelcolosi.com.br\/wp-content\/uploads\/2024\/03\/concurso-publico.jpg?fit=1200%2C800&ssl=1&resize=700%2C400 2x, https:\/\/i0.wp.com\/ismaelcolosi.com.br\/wp-content\/uploads\/2024\/03\/concurso-publico.jpg?fit=1200%2C800&ssl=1&resize=1050%2C600 3x"},"classes":[]},{"id":69837,"url":"https:\/\/ismaelcolosi.com.br\/index.php\/2024\/10\/08\/construcao-do-centro-administrativo-de-ribeirao-preto-tem-reviravolta-entenda\/","url_meta":{"origin":4326,"position":1},"title":"Constru\u00e7\u00e3o do Centro Administrativo de Ribeir\u00e3o Preto tem reviravolta; Entenda","author":"ismaelcolosi.com.br","date":"8 de October de 2024","format":false,"excerpt":"O TJ-SP (Tribunal de Justi\u00e7a de S\u00e3o Paulo) acatou recurso da Prefeitura de Ribeir\u00e3o Preto e derrubou a suspens\u00e3o da licita\u00e7\u00e3o para constru\u00e7\u00e3o do Centro Administrativo. Nesta ter\u00e7a-feira (8), a prefeitura deve assinar com a H2Obras Constru\u00e7\u00f5es Ltda o contrato de R$ 173.497.592,89 para constru\u00e7\u00e3o da nova sede do Executivo\u2026","rel":"","context":"In &quot;Not\u00edcias de Ribeir\u00e3o Preto-SP e Regi\u00e3o&quot;","block_context":{"text":"Not\u00edcias de Ribeir\u00e3o Preto-SP e Regi\u00e3o","link":"https:\/\/ismaelcolosi.com.br\/index.php\/category\/noticias-de-ribeirao-preto-sp-e-regiao-ismael-colosi\/"},"img":{"alt_text":"","src":"https:\/\/i0.wp.com\/ismaelcolosi.com.br\/wp-content\/uploads\/2024\/06\/AnyConv.com__centro-administrativo-projeto_2024-06-26_13-44-03.webp.webp?fit=753%2C378&ssl=1&resize=350%2C200","width":350,"height":200,"srcset":"https:\/\/i0.wp.com\/ismaelcolosi.com.br\/wp-content\/uploads\/2024\/06\/AnyConv.com__centro-administrativo-projeto_2024-06-26_13-44-03.webp.webp?fit=753%2C378&ssl=1&resize=350%2C200 1x, https:\/\/i0.wp.com\/ismaelcolosi.com.br\/wp-content\/uploads\/2024\/06\/AnyConv.com__centro-administrativo-projeto_2024-06-26_13-44-03.webp.webp?fit=753%2C378&ssl=1&resize=525%2C300 1.5x, https:\/\/i0.wp.com\/ismaelcolosi.com.br\/wp-content\/uploads\/2024\/06\/AnyConv.com__centro-administrativo-projeto_2024-06-26_13-44-03.webp.webp?fit=753%2C378&ssl=1&resize=700%2C400 2x"},"classes":[]},{"id":20855,"url":"https:\/\/ismaelcolosi.com.br\/index.php\/2023\/12\/26\/prefeitura-de-ribeirao-preto-abre-concurso-publico-veja-detalhes\/","url_meta":{"origin":4326,"position":2},"title":"Prefeitura de Ribeir\u00e3o Preto abre concurso p\u00fablico; Veja detalhes","author":"ismaelcolosi.com.br","date":"26 de December de 2023","format":false,"excerpt":"A Prefeitura de Ribeir\u00e3o Preto publicou edital abrindo concurso p\u00fablico para 12 vagas. Para ver o edital na \u00edntegra, clique aqui. As fun\u00e7\u00f5es em disputa s\u00e3o: motorista, radio-telefonista, auxiliar de sa\u00fade bucal, educador social e t\u00e9cnico em sa\u00fade bucal. Os sal\u00e1rios variam entre R$ 2.549,65 e R$ 3.555,42. Inscri\u00e7\u00f5es As\u2026","rel":"","context":"In &quot;Not\u00edcias de Ribeir\u00e3o Preto-SP e Regi\u00e3o&quot;","block_context":{"text":"Not\u00edcias de Ribeir\u00e3o Preto-SP e Regi\u00e3o","link":"https:\/\/ismaelcolosi.com.br\/index.php\/category\/noticias-de-ribeirao-preto-sp-e-regiao-ismael-colosi\/"},"img":{"alt_text":"","src":"https:\/\/i0.wp.com\/ismaelcolosi.com.br\/wp-content\/uploads\/2023\/12\/predio_novo_-_foto_guilherme_sircili_2.jpg?fit=1200%2C799&ssl=1&resize=350%2C200","width":350,"height":200,"srcset":"https:\/\/i0.wp.com\/ismaelcolosi.com.br\/wp-content\/uploads\/2023\/12\/predio_novo_-_foto_guilherme_sircili_2.jpg?fit=1200%2C799&ssl=1&resize=350%2C200 1x, https:\/\/i0.wp.com\/ismaelcolosi.com.br\/wp-content\/uploads\/2023\/12\/predio_novo_-_foto_guilherme_sircili_2.jpg?fit=1200%2C799&ssl=1&resize=525%2C300 1.5x, https:\/\/i0.wp.com\/ismaelcolosi.com.br\/wp-content\/uploads\/2023\/12\/predio_novo_-_foto_guilherme_sircili_2.jpg?fit=1200%2C799&ssl=1&resize=700%2C400 2x, https:\/\/i0.wp.com\/ismaelcolosi.com.br\/wp-content\/uploads\/2023\/12\/predio_novo_-_foto_guilherme_sircili_2.jpg?fit=1200%2C799&ssl=1&resize=1050%2C600 3x"},"classes":[]},{"id":4081,"url":"https:\/\/ismaelcolosi.com.br\/index.php\/2023\/11\/20\/prefeitura-de-juazeiro-do-norte-ce-oferece-260-vagas-em-concurso-publico\/","url_meta":{"origin":4326,"position":3},"title":"Prefeitura de Juazeiro do Norte (CE) oferece 260 vagas em concurso p\u00fablico","author":"ismaelcolosi.com.br","date":"20 de November de 2023","format":false,"excerpt":"Cr\u00e9ditos: IStockConcurso P\u00fablico Prefeitura de Juazeiro do Norte A Prefeitura de Juazeiro do Norte, estado do\u00a0Cear\u00e1, anuncia edital de concurso p\u00fablico, visando a reposi\u00e7\u00e3o de vagas no \u00e2mbito do Instituto de Dignidade e Desenvolvimento Social \u2013 (IDDS). Dessa vez, o processo seletivo tem um total de 260 vagas, com sal\u00e1rio\u2026","rel":"","context":"In &quot;Variedades&quot;","block_context":{"text":"Variedades","link":"https:\/\/ismaelcolosi.com.br\/index.php\/category\/variedades\/"},"img":{"alt_text":"","src":"https:\/\/i0.wp.com\/ismaelcolosi.com.br\/wp-content\/uploads\/2023\/11\/istock-1423281288.jpg?fit=1200%2C638&ssl=1&resize=350%2C200","width":350,"height":200,"srcset":"https:\/\/i0.wp.com\/ismaelcolosi.com.br\/wp-content\/uploads\/2023\/11\/istock-1423281288.jpg?fit=1200%2C638&ssl=1&resize=350%2C200 1x, https:\/\/i0.wp.com\/ismaelcolosi.com.br\/wp-content\/uploads\/2023\/11\/istock-1423281288.jpg?fit=1200%2C638&ssl=1&resize=525%2C300 1.5x, https:\/\/i0.wp.com\/ismaelcolosi.com.br\/wp-content\/uploads\/2023\/11\/istock-1423281288.jpg?fit=1200%2C638&ssl=1&resize=700%2C400 2x, https:\/\/i0.wp.com\/ismaelcolosi.com.br\/wp-content\/uploads\/2023\/11\/istock-1423281288.jpg?fit=1200%2C638&ssl=1&resize=1050%2C600 3x"},"classes":[]},{"id":10276,"url":"https:\/\/ismaelcolosi.com.br\/index.php\/2023\/12\/04\/concurso-publico-da-prefeitura-de-brasileira-pi-oferece-mais-de-90-vagas\/","url_meta":{"origin":4326,"position":4},"title":"Concurso p\u00fablico da Prefeitura de Brasileira (PI) oferece mais de 90 vagas","author":"ismaelcolosi.com.br","date":"4 de December de 2023","format":false,"excerpt":"Cr\u00e9ditos: IStockConcurso P\u00fablico da Prefeitura de Brasileira A Prefeitura de Brasileira, no estado do Piau\u00ed, anuncia edital de n\u00ba 001\/2023 para concurso p\u00fablico, que oferta 92 vagas para preenchimento. Sendo que 34 s\u00e3o vagas imediatas e 58 s\u00e3o cadastros de reserva. A remunera\u00e7\u00e3o inicial oferecida em concurso p\u00fablico est\u00e1 entre\u2026","rel":"","context":"In &quot;Variedades&quot;","block_context":{"text":"Variedades","link":"https:\/\/ismaelcolosi.com.br\/index.php\/category\/variedades\/"},"img":{"alt_text":"","src":"https:\/\/i0.wp.com\/ismaelcolosi.com.br\/wp-content\/uploads\/2023\/12\/istock-1278978402.jpg?fit=1200%2C638&ssl=1&resize=350%2C200","width":350,"height":200,"srcset":"https:\/\/i0.wp.com\/ismaelcolosi.com.br\/wp-content\/uploads\/2023\/12\/istock-1278978402.jpg?fit=1200%2C638&ssl=1&resize=350%2C200 1x, https:\/\/i0.wp.com\/ismaelcolosi.com.br\/wp-content\/uploads\/2023\/12\/istock-1278978402.jpg?fit=1200%2C638&ssl=1&resize=525%2C300 1.5x, https:\/\/i0.wp.com\/ismaelcolosi.com.br\/wp-content\/uploads\/2023\/12\/istock-1278978402.jpg?fit=1200%2C638&ssl=1&resize=700%2C400 2x, https:\/\/i0.wp.com\/ismaelcolosi.com.br\/wp-content\/uploads\/2023\/12\/istock-1278978402.jpg?fit=1200%2C638&ssl=1&resize=1050%2C600 3x"},"classes":[]},{"id":63536,"url":"https:\/\/ismaelcolosi.com.br\/index.php\/2024\/09\/02\/prefeitura-de-ribeirao-preto-abre-concurso-publico-com-salarios-de-r-7-mil\/","url_meta":{"origin":4326,"position":5},"title":"Prefeitura de Ribeir\u00e3o Preto abre concurso p\u00fablico com sal\u00e1rios de R$ 7 mil","author":"ismaelcolosi.com.br","date":"2 de September de 2024","format":false,"excerpt":"A Prefeitura de Ribeir\u00e3o Preto publicou edital de concurso p\u00fablico para o cargo de m\u00e9dico psiquiatra infantil. O concurso p\u00fablico tem uma vaga de ampla concorr\u00eancia e o sal\u00e1rio para o cargo \u00e9 de R$ 7.264,12, para 20 horas semanais. As inscri\u00e7\u00f5es devem ser realizadas no per\u00edodo entre 5 de\u2026","rel":"","context":"In &quot;Not\u00edcias de Ribeir\u00e3o Preto-SP e Regi\u00e3o&quot;","block_context":{"text":"Not\u00edcias de Ribeir\u00e3o Preto-SP e Regi\u00e3o","link":"https:\/\/ismaelcolosi.com.br\/index.php\/category\/noticias-de-ribeirao-preto-sp-e-regiao-ismael-colosi\/"},"img":{"alt_text":"","src":"https:\/\/i0.wp.com\/ismaelcolosi.com.br\/wp-content\/uploads\/2024\/09\/prova-concurso-publico-3.jpg?fit=1200%2C800&ssl=1&resize=350%2C200","width":350,"height":200,"srcset":"https:\/\/i0.wp.com\/ismaelcolosi.com.br\/wp-content\/uploads\/2024\/09\/prova-concurso-publico-3.jpg?fit=1200%2C800&ssl=1&resize=350%2C200 1x, https:\/\/i0.wp.com\/ismaelcolosi.com.br\/wp-content\/uploads\/2024\/09\/prova-concurso-publico-3.jpg?fit=1200%2C800&ssl=1&resize=525%2C300 1.5x, https:\/\/i0.wp.com\/ismaelcolosi.com.br\/wp-content\/uploads\/2024\/09\/prova-concurso-publico-3.jpg?fit=1200%2C800&ssl=1&resize=700%2C400 2x, https:\/\/i0.wp.com\/ismaelcolosi.com.br\/wp-content\/uploads\/2024\/09\/prova-concurso-publico-3.jpg?fit=1200%2C800&ssl=1&resize=1050%2C600 3x"},"classes":[]}],"jetpack_sharing_enabled":true,"jetpack_shortlink":"https:\/\/wp.me\/pfMlyK-17M","_links":{"self":[{"href":"https:\/\/ismaelcolosi.com.br\/index.php\/wp-json\/wp\/v2\/posts\/4326","targetHints":{"allow":["GET"]}}],"collection":[{"href":"https:\/\/ismaelcolosi.com.br\/index.php\/wp-json\/wp\/v2\/posts"}],"about":[{"href":"https:\/\/ismaelcolosi.com.br\/index.php\/wp-json\/wp\/v2\/types\/post"}],"author":[{"embeddable":true,"href":"https:\/\/ismaelcolosi.com.br\/index.php\/wp-json\/wp\/v2\/users\/1"}],"replies":[{"embeddable":true,"href":"https:\/\/ismaelcolosi.com.br\/index.php\/wp-json\/wp\/v2\/comments?post=4326"}],"version-history":[{"count":0,"href":"https:\/\/ismaelcolosi.com.br\/index.php\/wp-json\/wp\/v2\/posts\/4326\/revisions"}],"wp:featuredmedia":[{"embeddable":true,"href":"https:\/\/ismaelcolosi.com.br\/index.php\/wp-json\/wp\/v2\/media\/4327"}],"wp:attachment":[{"href":"https:\/\/ismaelcolosi.com.br\/index.php\/wp-json\/wp\/v2\/media?parent=4326"}],"wp:term":[{"taxonomy":"category","embeddable":true,"href":"https:\/\/ismaelcolosi.com.br\/index.php\/wp-json\/wp\/v2\/categories?post=4326"},{"taxonomy":"post_tag","embeddable":true,"href":"https:\/\/ismaelcolosi.com.br\/index.php\/wp-json\/wp\/v2\/tags?post=4326"}],"curies":[{"name":"wp","href":"https:\/\/api.w.org\/{rel}","templated":true}]}}