{"id":43249,"date":"2024-03-20T09:42:24","date_gmt":"2024-03-20T12:42:24","guid":{"rendered":"https:\/\/ismaelcolosi.com.br\/index.php\/2024\/03\/20\/projeto-guri-tem-5-045-vagas-na-regiao\/"},"modified":"2024-03-20T09:42:24","modified_gmt":"2024-03-20T12:42:24","slug":"projeto-guri-tem-5-045-vagas-na-regiao","status":"publish","type":"post","link":"https:\/\/ismaelcolosi.com.br\/index.php\/2024\/03\/20\/projeto-guri-tem-5-045-vagas-na-regiao\/","title":{"rendered":"Projeto Guri tem 5.045 vagas na regi\u00e3o\u00a0"},"content":{"rendered":"<p> <br \/>\n<\/p>\n<div id=\"\">\n<p> <span class=\"entry-meta-item penci-posted-on\"><i class=\"fa fa-clock-o\"\/><time class=\"entry-date published\" datetime=\"2024-03-20T09:30:50-03:00\">20 de mar\u00e7o de 2024 | 9:30<\/time><time class=\"updated\" datetime=\"2024-03-20T06:07:23-03:00\">20 de mar\u00e7o de 2024 | 6:07<\/time><\/span><\/p>\n<p> <span class=\"penci-social-buttons penci-social-share-footer\"><a href=\"#\" class=\"penci-post-like penci_post-meta_item  single-like-button penci-social-item like\" data-post_id=\"377901\" title=\"Like\" data-like=\"Like\" data-unlike=\"Unlike\"><i class=\"fa fa-thumbs-o-up\"\/><span class=\"penci-share-number\">0<\/span><\/a><i class=\"fa fa-facebook\"\/><a class=\"penci-social-item twitter\" target=\"_blank\" rel=\"noopener\" title=\"\" href=\"https:\/\/twitter.com\/intent\/tweet?text=Projeto%20Guri%20tem%205.045%20vagas%20na%20regi\u00e3o\u00a0%20-%20https:\/\/www.tribunaribeirao.com.br\/site\/projeto-guri-tem-5-045-vagas-na-regiao\/\"><i class=\"fa fa-twitter\"\/><\/a><i class=\"fa fa-whatsapp\"\/><\/span><\/div>\n<div>\n<p><span class=\"TextRun SCXW24466262 BCX8\" lang=\"PT-BR\" xml:lang=\"PT-BR\" data-contrast=\"none\"><span class=\"NormalTextRun SCXW24466262 BCX8\">O Projeto Guri, programa de educa\u00e7\u00e3o musical e inclus\u00e3o sociocultural da Secretaria de Cultura e Economia Criativa do Estado de S\u00e3o Paulo, gerido pela organiza\u00e7\u00e3o social Santa Marcelina Cultura, abriu prazo para matr\u00edcula de alunos na macrorregi\u00e3o de Ribeir\u00e3o Preto. As inscri\u00e7\u00f5es devem ser feitas <\/span><\/span><span class=\"TextRun SCXW24466262 BCX8\" lang=\"PT-BR\" xml:lang=\"PT-BR\" data-contrast=\"auto\"><span class=\"NormalTextRun SCXW24466262 BCX8\">at\u00e9 <\/span><span class=\"NormalTextRun SCXW24466262 BCX8\">esta sexta-feira, <\/span><span class=\"NormalTextRun SCXW24466262 BCX8\">22 de mar\u00e7o<\/span><span class=\"NormalTextRun SCXW24466262 BCX8\">. <\/span><\/span><span class=\"LineBreakBlob BlobObject DragDrop SCXW24466262 BCX8\"><span class=\"SCXW24466262 BCX8\">\u00a0<\/span><br class=\"SCXW24466262 BCX8\"\/><\/span><span class=\"TextRun SCXW24466262 BCX8\" lang=\"PT-BR\" xml:lang=\"PT-BR\" data-contrast=\"none\"><span class=\"NormalTextRun SCXW24466262 BCX8\">Ao todo s\u00e3o<\/span> <span class=\"NormalTextRun SCXW24466262 BCX8\">5.<\/span><span class=\"NormalTextRun SCXW24466262 BCX8\">045<\/span><span class=\"NormalTextRun SCXW24466262 BCX8\"> vagas para 33 cidades da macrorregi\u00e3o<\/span><span class=\"NormalTextRun SCXW24466262 BCX8\">, sendo 427 para o <\/span><span class=\"NormalTextRun SCXW24466262 BCX8\">polo<\/span><span class=\"NormalTextRun SCXW24466262 BCX8\"> de Ribeir\u00e3o Preto. Os interessados devem entrar em contato diretamente com o <\/span><span class=\"NormalTextRun SCXW24466262 BCX8\">polo<\/span><span class=\"NormalTextRun SCXW24466262 BCX8\"> de ensino de prefer\u00eancia<\/span><span class=\"NormalTextRun SCXW24466262 BCX8\"> do aluno para <\/span><\/span><span class=\"TextRun SCXW24466262 BCX8\" lang=\"PT-BR\" xml:lang=\"PT-BR\" data-contrast=\"auto\"><span class=\"NormalTextRun SCXW24466262 BCX8\">verificar quais cursos t\u00eam vagas dispon\u00edveis<\/span><\/span><span class=\"TextRun SCXW24466262 BCX8\" lang=\"PT-BR\" xml:lang=\"PT-BR\" data-contrast=\"none\"><span class=\"NormalTextRun SCXW24466262 BCX8\">. Para participar do programa, o jovem interessado n\u00e3o precisa ter conhecimento em m\u00fasica, e nem possuir instrumento musical, segundo a organiza\u00e7\u00e3o social. <\/span><\/span><span class=\"LineBreakBlob BlobObject DragDrop SCXW24466262 BCX8\"><span class=\"SCXW24466262 BCX8\">\u00a0<\/span><br class=\"SCXW24466262 BCX8\"\/><\/span><span class=\"TextRun SCXW24466262 BCX8\" lang=\"PT-BR\" xml:lang=\"PT-BR\" data-contrast=\"none\"><span class=\"NormalTextRun SCXW24466262 BCX8\">O Projeto Guri oferece cursos regulares de inicia\u00e7\u00e3o musical (de 6 a <\/span><span class=\"NormalTextRun SCXW24466262 BCX8\">9<\/span><span class=\"NormalTextRun SCXW24466262 BCX8\"> anos) e <\/span><span class=\"NormalTextRun SCXW24466262 BCX8\">sequencial<\/span><span class=\"NormalTextRun SCXW24466262 BCX8\"> (10 a 18 anos), modalidade que oferece a oportunidade de aprender a cantar ou a tocar um instrumento de forma fundamentada e consistente. Nesta modalidade, alunas e alunos podem <\/span><span class=\"NormalTextRun ContextualSpellingAndGrammarErrorV2Themed SCXW24466262 BCX8\">optar<\/span><span class=\"NormalTextRun SCXW24466262 BCX8\"> qual o de sua prefer\u00eancia. <\/span><\/span><span class=\"LineBreakBlob BlobObject DragDrop SCXW24466262 BCX8\"><span class=\"SCXW24466262 BCX8\">\u00a0<\/span><br class=\"SCXW24466262 BCX8\"\/><\/span><span class=\"TextRun SCXW24466262 BCX8\" lang=\"PT-BR\" xml:lang=\"PT-BR\" data-contrast=\"none\"><span class=\"NormalTextRun SCXW24466262 BCX8\">A lista traz violino, viola, violoncelo, contrabaixo ac\u00fastico, flauta doce, flauta transversal, clarinete, saxofone, obo\u00e9, fagote, trompete, trompa, trombone, tuba, <\/span><span class=\"NormalTextRun SCXW24466262 BCX8\">euf\u00f4nio<\/span><span class=\"NormalTextRun SCXW24466262 BCX8\">, percuss\u00e3o, bateria, guitarra el\u00e9trica, contrabaixo el\u00e9trico, piano, teclado, acorde\u00e3o, cavaquinho, bandolim, viola caipira, viol\u00e3o de <\/span><span class=\"NormalTextRun SCXW24466262 BCX8\">7<\/span><span class=\"NormalTextRun SCXW24466262 BCX8\"> cordas, viol\u00e3o tenor, viol\u00e3o e canto.<\/span><span class=\"NormalTextRun SCXW24466262 BCX8\"> A<\/span><\/span><span class=\"TextRun SCXW24466262 BCX8\" lang=\"PT-BR\" xml:lang=\"PT-BR\" data-contrast=\"auto\"><span class=\"NormalTextRun SCXW24466262 BCX8\">lguns <\/span><span class=\"NormalTextRun SCXW24466262 BCX8\">polos<\/span><span class=\"NormalTextRun SCXW24466262 BCX8\"> oferecem ainda o curso de Inicia\u00e7\u00e3o Musical para Adultos, voltado para maiores de 18 anos. <\/span><\/span><span class=\"LineBreakBlob BlobObject DragDrop SCXW24466262 BCX8\"><span class=\"SCXW24466262 BCX8\">\u00a0<\/span><br class=\"SCXW24466262 BCX8\"\/><\/span><span class=\"TextRun SCXW24466262 BCX8\" lang=\"PT-BR\" xml:lang=\"PT-BR\" data-contrast=\"none\"><span class=\"NormalTextRun SCXW24466262 BCX8\">Para realizar a matr\u00edcula, \u00e9 necess\u00e1rio comparecer diretamente no <\/span><span class=\"NormalTextRun SCXW24466262 BCX8\">polo<\/span><span class=\"NormalTextRun SCXW24466262 BCX8\"> em que deseja estudar, acompanhado pelo respons\u00e1vel, portando os seguintes documentos: certid\u00e3o de nascimento ou Registro Geral (RG, original e c\u00f3pia); comprovante de matr\u00edcula escolar e\/ou declara\u00e7\u00e3o de <\/span><span class=\"NormalTextRun SCXW24466262 BCX8\">frequ\u00eancia<\/span><span class=\"NormalTextRun SCXW24466262 BCX8\"> escolar; RG do respons\u00e1vel (original e c\u00f3pia), uma foto 3\u00d74 recente e comprovante de endere\u00e7o para consulta.<\/span><\/span><span class=\"LineBreakBlob BlobObject DragDrop SCXW24466262 BCX8\"><span class=\"SCXW24466262 BCX8\">\u00a0<\/span><br class=\"SCXW24466262 BCX8\"\/><\/span><span class=\"TextRun SCXW24466262 BCX8\" lang=\"PT-BR\" xml:lang=\"PT-BR\" data-contrast=\"none\"><span class=\"NormalTextRun SCXW24466262 BCX8\">A lista completa dos cursos, endere\u00e7o e telefone de cada <\/span><span class=\"NormalTextRun SCXW24466262 BCX8\">polo<\/span><span class=\"NormalTextRun SCXW24466262 BCX8\">, pode ser acessada nas p\u00e1ginas do Guri na internet. \u00c9 recomendado ligar e checar os dias e hor\u00e1rios de funcionamento antes de sair de casa. O Guri <\/span><span class=\"NormalTextRun SCXW24466262 BCX8\">atende gratuitamente mais de 7<\/span><span class=\"NormalTextRun SCXW24466262 BCX8\">0 mil crian\u00e7as e adolescentes por ano, em cerca de 400 unidades de ensino.<\/span><\/span><span class=\"LineBreakBlob BlobObject DragDrop SCXW24466262 BCX8\"><span class=\"SCXW24466262 BCX8\">\u00a0<\/span><br class=\"SCXW24466262 BCX8\"\/><\/span><span class=\"LineBreakBlob BlobObject DragDrop SCXW24466262 BCX8\"><span class=\"SCXW24466262 BCX8\">E<\/span><\/span><span class=\"TextRun SCXW24466262 BCX8\" lang=\"PT-BR\" xml:lang=\"PT-BR\" data-contrast=\"none\"><span class=\"NormalTextRun SCXW24466262 BCX8\">st\u00e3o localizadas em mais de <\/span><span class=\"NormalTextRun SCXW24466262 BCX8\">300 <\/span><span class=\"NormalTextRun SCXW24466262 BCX8\">cidades do Estado de S\u00e3o Paulo. O <\/span><span class=\"NormalTextRun SCXW24466262 BCX8\">Polo<\/span><span class=\"NormalTextRun SCXW24466262 BCX8\"> Regional Ribeir\u00e3o Preto tem cursos de baixo el\u00e9trico, bateria, contrabaixo, coral, flauta transversal, fundamentos da m\u00fasica, guitarra el\u00e9trica, inicia\u00e7\u00e3o musical, madeiras, metais, percuss\u00e3o, teclado\/piano, trompete, viola, viol\u00e3o, violino, violoncelo.<\/span><span class=\"NormalTextRun SCXW24466262 BCX8\"> Est\u00e3o sendo oferecidas 427 vagas. <\/span><\/span><span class=\"LineBreakBlob BlobObject DragDrop SCXW24466262 BCX8\"><span class=\"SCXW24466262 BCX8\">\u00a0<\/span><br class=\"SCXW24466262 BCX8\"\/><\/span><span class=\"TextRun SCXW24466262 BCX8\" lang=\"PT-BR\" xml:lang=\"PT-BR\" data-contrast=\"none\"><span class=\"NormalTextRun SCXW24466262 BCX8\">Atende de <\/span><span class=\"NormalTextRun SCXW24466262 BCX8\">segunda <\/span><span class=\"NormalTextRun SCXW24466262 BCX8\">a sexta-feira, das oito \u00e0s<\/span><span class=\"NormalTextRun SCXW24466262 BCX8\"> 18 <\/span><span class=\"NormalTextRun SCXW24466262 BCX8\">horas, e <\/span><span class=\"NormalTextRun SCXW24466262 BCX8\">aos s\u00e1bados, <\/span><span class=\"NormalTextRun SCXW24466262 BCX8\">das <\/span><span class=\"NormalTextRun SCXW24466262 BCX8\">8<\/span><span class=\"NormalTextRun SCXW24466262 BCX8\">h30 \u00e0s 1<\/span><span class=\"NormalTextRun SCXW24466262 BCX8\">2<\/span><span class=\"NormalTextRun SCXW24466262 BCX8\">h30, no Centro Cultural <\/span><span class=\"NormalTextRun SCXW24466262 BCX8\">Palace<\/span><span class=\"NormalTextRun SCXW24466262 BCX8\">, na <\/span><span class=\"NormalTextRun SCXW24466262 BCX8\">rua<\/span><span class=\"NormalTextRun SCXW24466262 BCX8\"> \u00c1lvares Cabral n\u00ba 322, no Quarteir\u00e3o Paulista, Centro Hist\u00f3rico. Mais informa\u00e7\u00f5es pelo telefone (16) 3625-4361 ou via e-mail (<\/span><\/span><span class=\"TextRun Underlined SCXW24466262 BCX8\" lang=\"PT-BR\" xml:lang=\"PT-BR\" data-contrast=\"none\"><span class=\"NormalTextRun SCXW24466262 BCX8\" data-ccp-charstyle=\"Hyperlink\"><span class=\"__cf_email__\" data-cfemail=\"04746b686b2a766d66616d76656b747661706b4477656a70656965766761686d6a65677168707176652a6b76632a6676\">[email\u00a0protected]<\/span><\/span><\/span><span class=\"TextRun SCXW24466262 BCX8\" lang=\"PT-BR\" xml:lang=\"PT-BR\" data-contrast=\"none\"><span class=\"NormalTextRun SCXW24466262 BCX8\">). <\/span><\/span><span class=\"LineBreakBlob BlobObject DragDrop SCXW24466262 BCX8\"><span class=\"SCXW24466262 BCX8\">\u00a0<\/span><br class=\"SCXW24466262 BCX8\"\/><\/span><span class=\"TextRun SCXW24466262 BCX8\" lang=\"PT-BR\" xml:lang=\"PT-BR\" data-contrast=\"auto\"><span class=\"NormalTextRun SCXW24466262 BCX8\">Em junho do ano passado, a<\/span><span class=\"NormalTextRun SCXW24466262 BCX8\"> Orquestra Sinf\u00f4nica Infanto<\/span><span class=\"NormalTextRun SCXW24466262 BCX8\">\u2013<\/span><span class=\"NormalTextRun SCXW24466262 BCX8\">Juvenil do Projeto <\/span><span class=\"NormalTextRun SCXW24466262 BCX8\">Guri <\/span><span class=\"NormalTextRun SCXW24466262 BCX8\">abri<\/span><span class=\"NormalTextRun SCXW24466262 BCX8\">u<\/span><span class=\"NormalTextRun SCXW24466262 BCX8\"> 50 vagas gratuitas para crian\u00e7as e adolescentes de Ribeir\u00e3o Preto. <\/span><span class=\"NormalTextRun SCXW24466262 BCX8\">O<\/span><span class=\"NormalTextRun SCXW24466262 BCX8\"> programa de inicia\u00e7\u00e3o musical do <\/span><span class=\"NormalTextRun SCXW24466262 BCX8\">g<\/span><span class=\"NormalTextRun SCXW24466262 BCX8\">overno do Estado de S\u00e3o Paulo<\/span><span class=\"NormalTextRun SCXW24466262 BCX8\"> \u00e9 <\/span><span class=\"NormalTextRun SCXW24466262 BCX8\">realizado sempre em parceria com as prefeituras. <\/span><span class=\"NormalTextRun SCXW24466262 BCX8\">Atualmente<\/span><span class=\"NormalTextRun SCXW24466262 BCX8\">, cerca de 500 alunos de 7 a 17 anos j\u00e1 s\u00e3o beneficiados em Ribeir\u00e3o Preto em v\u00e1rias modalidades de cursos de instrumentos.<\/span> <\/span><span class=\"LineBreakBlob BlobObject DragDrop SCXW24466262 BCX8\"><span class=\"SCXW24466262 BCX8\">\u00a0<\/span><br class=\"SCXW24466262 BCX8\"\/><\/span><span class=\"LineBreakBlob BlobObject DragDrop SCXW24466262 BCX8\"><span class=\"SCXW24466262 BCX8\">\u00a0<\/span><br class=\"SCXW24466262 BCX8\"\/><\/span><span class=\"LineBreakBlob BlobObject DragDrop SCXW24466262 BCX8\"><span class=\"SCXW24466262 BCX8\">\u00a0<\/span><br class=\"SCXW24466262 BCX8\"\/><\/span><span class=\"LineBreakBlob BlobObject DragDrop SCXW24466262 BCX8\"><span class=\"SCXW24466262 BCX8\">\u00a0<\/span><br class=\"SCXW24466262 BCX8\"\/><\/span><span class=\"LineBreakBlob BlobObject DragDrop SCXW24466262 BCX8\"><span class=\"SCXW24466262 BCX8\">\u00a0<\/span><br class=\"SCXW24466262 BCX8\"\/><\/span><span class=\"LineBreakBlob BlobObject DragDrop SCXW24466262 BCX8\"><span class=\"SCXW24466262 BCX8\">\u00a0<\/span><br class=\"SCXW24466262 BCX8\"\/><\/span><\/p><div class='code-block code-block-8' style='margin: 8px auto; text-align: center; display: block; clear: both;'>\n<script>\n  atOptions = {\n    'key' : '66e2e2111ca34da796271819fc334058',\n    'format' : 'iframe',\n    'height' : 250,\n    'width' : 300,\n    'params' : {}\n  };\n<\/script>\n<script src=\"https:\/\/www.highperformanceformat.com\/66e2e2111ca34da796271819fc334058\/invoke.js\"><\/script>\n<\/div>\n\n<\/div>\n<p><script async src=\"\/\/platform.twitter.com\/widgets.js\" charset=\"utf-8\"><\/script><br \/>\n<br \/><br \/>\n<br \/><a href=\"https:\/\/www.tribunaribeirao.com.br\/site\/projeto-guri-tem-5-045-vagas-na-regiao\/\">Source link <\/a><\/p>\n<div class='code-block code-block-4' style='margin: 8px auto 8px 0; text-align: left; display: block; clear: both;'>\n\ud83d\udce2 Aviso Legal\n\nO site ismaelcolosi.com.br atua apenas como um canal de divulga\u00e7\u00e3o de oportunidades de emprego e n\u00e3o se responsabiliza pelo processo seletivo, contrata\u00e7\u00e3o ou qualquer outra etapa relacionada \u00e0s vagas publicadas. Todas as informa\u00e7\u00f5es s\u00e3o de responsabilidade dos anunciantes.\n\n\u26a0\ufe0f Aten\u00e7\u00e3o! Nunca pague por promessas de emprego nem compre cursos que garantam contrata\u00e7\u00e3o. Desconfie de qualquer cobran\u00e7a para participar de sele\u00e7\u00f5es.\n\n\n\n<\/div>\n<!-- CONTENT END 1 -->\n","protected":false},"excerpt":{"rendered":"<p>20 de mar\u00e7o de 2024 | 9:3020 de mar\u00e7o de 2024 | 6:07 0 O Projeto Guri, programa de educa\u00e7\u00e3o musical e inclus\u00e3o sociocultural da&#8230;<\/p>\n","protected":false},"author":1,"featured_media":43250,"comment_status":"open","ping_status":"open","sticky":false,"template":"","format":"standard","meta":{"_uag_custom_page_level_css":"","advanced_seo_description":"","jetpack_seo_html_title":"","jetpack_seo_noindex":false,"jetpack_post_was_ever_published":false,"_jetpack_newsletter_access":"","_jetpack_dont_email_post_to_subs":false,"_jetpack_newsletter_tier_id":0,"_jetpack_memberships_contains_paywalled_content":false,"_jetpack_memberships_contains_paid_content":false,"footnotes":"","jetpack_publicize_message":"","jetpack_publicize_feature_enabled":true,"jetpack_social_post_already_shared":true,"jetpack_social_options":{"image_generator_settings":{"template":"highway","default_image_id":0,"font":"","enabled":false},"version":2}},"categories":[11],"tags":[3940,685,277,162,143],"class_list":["post-43249","post","type-post","status-publish","format-standard","has-post-thumbnail","hentry","category-noticias-de-ribeirao-preto-sp-e-regiao-ismael-colosi","tag-guri","tag-projeto","tag-regiao","tag-tem","tag-vagas"],"jetpack_publicize_connections":[],"jetpack_featured_media_url":"https:\/\/i0.wp.com\/ismaelcolosi.com.br\/wp-content\/uploads\/2024\/03\/GuriRP-Divulgacao.jpg?fit=761%2C373&ssl=1","uagb_featured_image_src":{"full":["https:\/\/i0.wp.com\/ismaelcolosi.com.br\/wp-content\/uploads\/2024\/03\/GuriRP-Divulgacao.jpg?fit=761%2C373&ssl=1",761,373,false],"thumbnail":["https:\/\/i0.wp.com\/ismaelcolosi.com.br\/wp-content\/uploads\/2024\/03\/GuriRP-Divulgacao.jpg?resize=150%2C150&ssl=1",150,150,true],"medium":["https:\/\/i0.wp.com\/ismaelcolosi.com.br\/wp-content\/uploads\/2024\/03\/GuriRP-Divulgacao.jpg?fit=300%2C147&ssl=1",300,147,true],"medium_large":["https:\/\/i0.wp.com\/ismaelcolosi.com.br\/wp-content\/uploads\/2024\/03\/GuriRP-Divulgacao.jpg?fit=761%2C373&ssl=1",761,373,true],"large":["https:\/\/i0.wp.com\/ismaelcolosi.com.br\/wp-content\/uploads\/2024\/03\/GuriRP-Divulgacao.jpg?fit=761%2C373&ssl=1",761,373,true],"1536x1536":["https:\/\/i0.wp.com\/ismaelcolosi.com.br\/wp-content\/uploads\/2024\/03\/GuriRP-Divulgacao.jpg?fit=761%2C373&ssl=1",761,373,true],"2048x2048":["https:\/\/i0.wp.com\/ismaelcolosi.com.br\/wp-content\/uploads\/2024\/03\/GuriRP-Divulgacao.jpg?fit=761%2C373&ssl=1",761,373,true],"really-simple-thumb":["https:\/\/i0.wp.com\/ismaelcolosi.com.br\/wp-content\/uploads\/2024\/03\/GuriRP-Divulgacao.jpg?resize=370%2C247&ssl=1",370,247,true]},"uagb_author_info":{"display_name":"ismaelcolosi.com.br","author_link":"https:\/\/ismaelcolosi.com.br\/index.php\/author\/vidareal-online\/"},"uagb_comment_info":0,"uagb_excerpt":"20 de mar\u00e7o de 2024 | 9:3020 de mar\u00e7o de 2024 | 6:07 0 O Projeto Guri, programa de educa\u00e7\u00e3o musical e inclus\u00e3o sociocultural da...","jetpack-related-posts":[{"id":38576,"url":"https:\/\/ismaelcolosi.com.br\/index.php\/2024\/02\/20\/projeto-guri-abre-427-vagas-em-rp\/","url_meta":{"origin":43249,"position":0},"title":"Projeto Guri abre 427 vagas em RP\u00a0","author":"ismaelcolosi.com.br","date":"20 de February de 2024","format":false,"excerpt":"O Projeto Guri, programa de educa\u00e7\u00e3o musical e inclus\u00e3o sociocultural da Secretaria de Cultura e Economia Criativa do Estado de S\u00e3o Paulo, gerido pela organiza\u00e7\u00e3o social Santa Marcelina Cultura, abriu prazo para matr\u00edcula de alunos na macrorregi\u00e3o de Ribeir\u00e3o Preto. As inscri\u00e7\u00f5es devem ser feitas at\u00e9 22 de mar\u00e7o. \u00a0\u00a0Ao\u2026","rel":"","context":"In &quot;Not\u00edcias de Ribeir\u00e3o Preto-SP e Regi\u00e3o&quot;","block_context":{"text":"Not\u00edcias de Ribeir\u00e3o Preto-SP e Regi\u00e3o","link":"https:\/\/ismaelcolosi.com.br\/index.php\/category\/noticias-de-ribeirao-preto-sp-e-regiao-ismael-colosi\/"},"img":{"alt_text":"","src":"https:\/\/i0.wp.com\/ismaelcolosi.com.br\/wp-content\/uploads\/2024\/02\/GuriRP-Divulgacao.jpg?fit=761%2C373&ssl=1&resize=350%2C200","width":350,"height":200,"srcset":"https:\/\/i0.wp.com\/ismaelcolosi.com.br\/wp-content\/uploads\/2024\/02\/GuriRP-Divulgacao.jpg?fit=761%2C373&ssl=1&resize=350%2C200 1x, https:\/\/i0.wp.com\/ismaelcolosi.com.br\/wp-content\/uploads\/2024\/02\/GuriRP-Divulgacao.jpg?fit=761%2C373&ssl=1&resize=525%2C300 1.5x, https:\/\/i0.wp.com\/ismaelcolosi.com.br\/wp-content\/uploads\/2024\/02\/GuriRP-Divulgacao.jpg?fit=761%2C373&ssl=1&resize=700%2C400 2x"},"classes":[]},{"id":38709,"url":"https:\/\/ismaelcolosi.com.br\/index.php\/2024\/02\/21\/projeto-guri-esta-com-inscricoes-abertas-em-ribeirao-saiba-como-participar\/","url_meta":{"origin":43249,"position":1},"title":"Projeto Guri est\u00e1 com inscri\u00e7\u00f5es abertas em Ribeir\u00e3o; Saiba como participar","author":"ismaelcolosi.com.br","date":"21 de February de 2024","format":false,"excerpt":"O Projeto Guri est\u00e1 com inscri\u00e7\u00f5es abertas em Ribeir\u00e3o Preto para cursos gratuitos de inicia\u00e7\u00e3o musical. As inscri\u00e7\u00f5es podem ser realizadas at\u00e9 o dia 22 de mar\u00e7o, presencialmente no Centro Cultural Palace, na rua \u00c1lvares Cabral, 322, Centro, de segunda \u00e0 sexta-feira, das 8h \u00e0s 21h, e, aos s\u00e1bados, das\u2026","rel":"","context":"In &quot;Not\u00edcias de Ribeir\u00e3o Preto-SP e Regi\u00e3o&quot;","block_context":{"text":"Not\u00edcias de Ribeir\u00e3o Preto-SP e Regi\u00e3o","link":"https:\/\/ismaelcolosi.com.br\/index.php\/category\/noticias-de-ribeirao-preto-sp-e-regiao-ismael-colosi\/"},"img":{"alt_text":"","src":"https:\/\/i0.wp.com\/ismaelcolosi.com.br\/wp-content\/uploads\/2024\/02\/77037050_10156868135606984_3808918667589058560_n-1.jpg?fit=1200%2C800&ssl=1&resize=350%2C200","width":350,"height":200,"srcset":"https:\/\/i0.wp.com\/ismaelcolosi.com.br\/wp-content\/uploads\/2024\/02\/77037050_10156868135606984_3808918667589058560_n-1.jpg?fit=1200%2C800&ssl=1&resize=350%2C200 1x, https:\/\/i0.wp.com\/ismaelcolosi.com.br\/wp-content\/uploads\/2024\/02\/77037050_10156868135606984_3808918667589058560_n-1.jpg?fit=1200%2C800&ssl=1&resize=525%2C300 1.5x, https:\/\/i0.wp.com\/ismaelcolosi.com.br\/wp-content\/uploads\/2024\/02\/77037050_10156868135606984_3808918667589058560_n-1.jpg?fit=1200%2C800&ssl=1&resize=700%2C400 2x, https:\/\/i0.wp.com\/ismaelcolosi.com.br\/wp-content\/uploads\/2024\/02\/77037050_10156868135606984_3808918667589058560_n-1.jpg?fit=1200%2C800&ssl=1&resize=1050%2C600 3x"},"classes":[]},{"id":33242,"url":"https:\/\/ismaelcolosi.com.br\/index.php\/2024\/01\/28\/guri-abre-vagas-para-cursos-gratuitos-de-musica\/","url_meta":{"origin":43249,"position":2},"title":"Guri abre vagas para cursos gratuitos de m\u00fasica\u00a0","author":"ismaelcolosi.com.br","date":"28 de January de 2024","format":false,"excerpt":"28 de janeiro de 2024 | 18:0027 de janeiro de 2024 | 19:35 0O Guri \u2013 programa de educa\u00e7\u00e3o musical da Secretaria da Cultura, Economia e Ind\u00fastria Criativas do Governo do Estado de S\u00e3o Paulo, gerido pela Santa Marcelina Cultura \u2013 abre a partir de 29 de janeiro at\u00e9 22\u2026","rel":"","context":"In &quot;Not\u00edcias de Ribeir\u00e3o Preto-SP e Regi\u00e3o&quot;","block_context":{"text":"Not\u00edcias de Ribeir\u00e3o Preto-SP e Regi\u00e3o","link":"https:\/\/ismaelcolosi.com.br\/index.php\/category\/noticias-de-ribeirao-preto-sp-e-regiao-ismael-colosi\/"},"img":{"alt_text":"","src":"https:\/\/i0.wp.com\/ismaelcolosi.com.br\/wp-content\/uploads\/2024\/01\/1-guri-1.png?fit=753%2C502&ssl=1&resize=350%2C200","width":350,"height":200,"srcset":"https:\/\/i0.wp.com\/ismaelcolosi.com.br\/wp-content\/uploads\/2024\/01\/1-guri-1.png?fit=753%2C502&ssl=1&resize=350%2C200 1x, https:\/\/i0.wp.com\/ismaelcolosi.com.br\/wp-content\/uploads\/2024\/01\/1-guri-1.png?fit=753%2C502&ssl=1&resize=525%2C300 1.5x, https:\/\/i0.wp.com\/ismaelcolosi.com.br\/wp-content\/uploads\/2024\/01\/1-guri-1.png?fit=753%2C502&ssl=1&resize=700%2C400 2x"},"classes":[]},{"id":6678,"url":"https:\/\/ismaelcolosi.com.br\/index.php\/2023\/11\/26\/guri-abre-vagas-para-cursos-on-line-gratuitos-de-musica\/","url_meta":{"origin":43249,"position":3},"title":"Guri abre vagas para cursos on-line gratuitos de m\u00fasica","author":"ismaelcolosi.com.br","date":"26 de November de 2023","format":false,"excerpt":"O Projeto Guri, programa da Secretaria da Cultura, Economia e Ind\u00fastria Criativas, abriu vagas para cinco cursos on-line gratuitos, abertos a diversas faixas et\u00e1rias e n\u00edveis de ensino. Essa \u00e9 uma excelente oportunidade de aprendizado para todos.Cr\u00e9ditos: Divulga\u00e7\u00e3oGuri abre vagas para cursos on-line gratuitos de m\u00fasicaAs inscri\u00e7\u00f5es est\u00e3o abertas desde\u2026","rel":"","context":"In &quot;Variedades&quot;","block_context":{"text":"Variedades","link":"https:\/\/ismaelcolosi.com.br\/index.php\/category\/variedades\/"},"img":{"alt_text":"","src":"https:\/\/i0.wp.com\/ismaelcolosi.com.br\/wp-content\/uploads\/2023\/11\/projeto-guri-prorroga-inscricoes-para-cursos-de-musica.jpg?fit=1200%2C638&ssl=1&resize=350%2C200","width":350,"height":200,"srcset":"https:\/\/i0.wp.com\/ismaelcolosi.com.br\/wp-content\/uploads\/2023\/11\/projeto-guri-prorroga-inscricoes-para-cursos-de-musica.jpg?fit=1200%2C638&ssl=1&resize=350%2C200 1x, https:\/\/i0.wp.com\/ismaelcolosi.com.br\/wp-content\/uploads\/2023\/11\/projeto-guri-prorroga-inscricoes-para-cursos-de-musica.jpg?fit=1200%2C638&ssl=1&resize=525%2C300 1.5x, https:\/\/i0.wp.com\/ismaelcolosi.com.br\/wp-content\/uploads\/2023\/11\/projeto-guri-prorroga-inscricoes-para-cursos-de-musica.jpg?fit=1200%2C638&ssl=1&resize=700%2C400 2x, https:\/\/i0.wp.com\/ismaelcolosi.com.br\/wp-content\/uploads\/2023\/11\/projeto-guri-prorroga-inscricoes-para-cursos-de-musica.jpg?fit=1200%2C638&ssl=1&resize=1050%2C600 3x"},"classes":[]},{"id":5652,"url":"https:\/\/ismaelcolosi.com.br\/index.php\/2023\/11\/24\/guri-abre-vagas-para-cursos-gratuitos-de-educacao-musical\/","url_meta":{"origin":43249,"position":4},"title":"Guri abre vagas para cursos gratuitos de educa\u00e7\u00e3o musical","author":"ismaelcolosi.com.br","date":"24 de November de 2023","format":false,"excerpt":"O programa Guri, da Secretaria da Cultura, Economia e Ind\u00fastria Criativas, abriu vagas para cinco cursos gratuitos\u00a0de educa\u00e7\u00e3o musical para diversos n\u00edveis de ensino e faixas et\u00e1rias. Uma oportunidade de aprendizado para todas e todos. O Guri \u00e9 um programa de educa\u00e7\u00e3o musical gerido pela Santa Marcelina Cultura. Cr\u00e9ditos: Divulga\u00e7\u00e3oPrograma\u2026","rel":"","context":"In &quot;Variedades&quot;","block_context":{"text":"Variedades","link":"https:\/\/ismaelcolosi.com.br\/index.php\/category\/variedades\/"},"img":{"alt_text":"","src":"https:\/\/i0.wp.com\/ismaelcolosi.com.br\/wp-content\/uploads\/2023\/11\/cursos-gratuitos-projeto-guri.jpg?fit=1200%2C638&ssl=1&resize=350%2C200","width":350,"height":200,"srcset":"https:\/\/i0.wp.com\/ismaelcolosi.com.br\/wp-content\/uploads\/2023\/11\/cursos-gratuitos-projeto-guri.jpg?fit=1200%2C638&ssl=1&resize=350%2C200 1x, https:\/\/i0.wp.com\/ismaelcolosi.com.br\/wp-content\/uploads\/2023\/11\/cursos-gratuitos-projeto-guri.jpg?fit=1200%2C638&ssl=1&resize=525%2C300 1.5x, https:\/\/i0.wp.com\/ismaelcolosi.com.br\/wp-content\/uploads\/2023\/11\/cursos-gratuitos-projeto-guri.jpg?fit=1200%2C638&ssl=1&resize=700%2C400 2x, https:\/\/i0.wp.com\/ismaelcolosi.com.br\/wp-content\/uploads\/2023\/11\/cursos-gratuitos-projeto-guri.jpg?fit=1200%2C638&ssl=1&resize=1050%2C600 3x"},"classes":[]},{"id":32415,"url":"https:\/\/ismaelcolosi.com.br\/index.php\/2024\/01\/25\/regiao-de-ribeirao-preto-tem-vagas-para-projeto-de-danca-de-salao\/","url_meta":{"origin":43249,"position":5},"title":"Regi\u00e3o de Ribeir\u00e3o Preto tem vagas para projeto de dan\u00e7a de sal\u00e3o","author":"ismaelcolosi.com.br","date":"25 de January de 2024","format":false,"excerpt":"A Prefeitura de Sert\u00e3ozinho, por meio da Secretaria Municipal de Cultura e Turismo, est\u00e1 com inscri\u00e7\u00e3o aberta para maiores de 18 anos de idade que tenham interesse em fazer dan\u00e7a de sal\u00e3o. O prazo para se inscrever \u00e9 at\u00e9 segunda-feira (29). O projeto \u201c\u00c9 dan\u00e7ando que se vive\u201d, ao todo\u2026","rel":"","context":"In &quot;Not\u00edcias de Ribeir\u00e3o Preto-SP e Regi\u00e3o&quot;","block_context":{"text":"Not\u00edcias de Ribeir\u00e3o Preto-SP e Regi\u00e3o","link":"https:\/\/ismaelcolosi.com.br\/index.php\/category\/noticias-de-ribeirao-preto-sp-e-regiao-ismael-colosi\/"},"img":{"alt_text":"","src":"https:\/\/i0.wp.com\/ismaelcolosi.com.br\/wp-content\/uploads\/2024\/01\/danca-de-salao.jpg?fit=1200%2C675&ssl=1&resize=350%2C200","width":350,"height":200,"srcset":"https:\/\/i0.wp.com\/ismaelcolosi.com.br\/wp-content\/uploads\/2024\/01\/danca-de-salao.jpg?fit=1200%2C675&ssl=1&resize=350%2C200 1x, https:\/\/i0.wp.com\/ismaelcolosi.com.br\/wp-content\/uploads\/2024\/01\/danca-de-salao.jpg?fit=1200%2C675&ssl=1&resize=525%2C300 1.5x, https:\/\/i0.wp.com\/ismaelcolosi.com.br\/wp-content\/uploads\/2024\/01\/danca-de-salao.jpg?fit=1200%2C675&ssl=1&resize=700%2C400 2x, https:\/\/i0.wp.com\/ismaelcolosi.com.br\/wp-content\/uploads\/2024\/01\/danca-de-salao.jpg?fit=1200%2C675&ssl=1&resize=1050%2C600 3x"},"classes":[]}],"jetpack_sharing_enabled":true,"jetpack_shortlink":"https:\/\/wp.me\/pfMlyK-bfz","_links":{"self":[{"href":"https:\/\/ismaelcolosi.com.br\/index.php\/wp-json\/wp\/v2\/posts\/43249","targetHints":{"allow":["GET"]}}],"collection":[{"href":"https:\/\/ismaelcolosi.com.br\/index.php\/wp-json\/wp\/v2\/posts"}],"about":[{"href":"https:\/\/ismaelcolosi.com.br\/index.php\/wp-json\/wp\/v2\/types\/post"}],"author":[{"embeddable":true,"href":"https:\/\/ismaelcolosi.com.br\/index.php\/wp-json\/wp\/v2\/users\/1"}],"replies":[{"embeddable":true,"href":"https:\/\/ismaelcolosi.com.br\/index.php\/wp-json\/wp\/v2\/comments?post=43249"}],"version-history":[{"count":0,"href":"https:\/\/ismaelcolosi.com.br\/index.php\/wp-json\/wp\/v2\/posts\/43249\/revisions"}],"wp:featuredmedia":[{"embeddable":true,"href":"https:\/\/ismaelcolosi.com.br\/index.php\/wp-json\/wp\/v2\/media\/43250"}],"wp:attachment":[{"href":"https:\/\/ismaelcolosi.com.br\/index.php\/wp-json\/wp\/v2\/media?parent=43249"}],"wp:term":[{"taxonomy":"category","embeddable":true,"href":"https:\/\/ismaelcolosi.com.br\/index.php\/wp-json\/wp\/v2\/categories?post=43249"},{"taxonomy":"post_tag","embeddable":true,"href":"https:\/\/ismaelcolosi.com.br\/index.php\/wp-json\/wp\/v2\/tags?post=43249"}],"curies":[{"name":"wp","href":"https:\/\/api.w.org\/{rel}","templated":true}]}}