{"id":43184,"date":"2024-03-19T18:22:53","date_gmt":"2024-03-19T21:22:53","guid":{"rendered":"https:\/\/ismaelcolosi.com.br\/index.php\/2024\/03\/19\/orquestra-sinfonica-de-ribeirao-preto-e-homenageada-com-exposicao-a-ceu-aberto\/"},"modified":"2024-03-19T18:22:53","modified_gmt":"2024-03-19T21:22:53","slug":"orquestra-sinfonica-de-ribeirao-preto-e-homenageada-com-exposicao-a-ceu-aberto","status":"publish","type":"post","link":"https:\/\/ismaelcolosi.com.br\/index.php\/2024\/03\/19\/orquestra-sinfonica-de-ribeirao-preto-e-homenageada-com-exposicao-a-ceu-aberto\/","title":{"rendered":"Orquestra Sinf\u00f4nica de Ribeir\u00e3o Preto \u00e9 homenageada com exposi\u00e7\u00e3o a c\u00e9u aberto"},"content":{"rendered":"<p> <br \/>\n<\/p>\n<div>\n<p>Uma <strong>exposi\u00e7\u00e3o<\/strong> com<strong> fotos hist\u00f3ricas<\/strong> que retratam a <span style=\"background-color:#f7cc62\" class=\"td_text_highlight_marker\"><mark style=\"background-color:rgba(0, 0, 0, 0)\" class=\"has-inline-color has-black-color\">trajet\u00f3ria dos 100 anos da Orquestra Sinf\u00f4nica de Ribeir\u00e3o Preto ser\u00e1 inaugurada nesta quinta-feira<\/mark><\/span> (20), em uma \u00e1rea aberta na alameda Gustavo Simioni, na Vila do Golf, zona Sul de Ribeir\u00e3o Preto.<\/p>\n<p>Durante o evento, que come\u00e7a \u00e0s 19h, o <strong>quarteto de cordas da orquestra<\/strong> far\u00e1 uma <strong>apresenta\u00e7\u00e3o musical <\/strong>aos convidados.<\/p>\n<p>Com o tema <strong>\u201cRetratos de um S\u00e9culo\u201d<\/strong>, a <strong>mostra<\/strong> ter\u00e1 <strong>fotos<\/strong> que fazem parte do <strong>acervo da orquestra<\/strong> e de <strong>familiares<\/strong>, usadas pela pesquisadora Gisele Laura Haddad no livro \u201cCenten\u00e1rio da Sinf\u00f4nica de Ribeir\u00e3o Preto\u201d, e <strong>tamb\u00e9m<\/strong> registros dos <strong>fot\u00f3grafos<\/strong> <strong>Ibraim Le\u00e3o<\/strong> e <strong>Rafael Cautella<\/strong>.<\/p>\n<p>Entre as <strong>obras<\/strong> que comp\u00f5em a <strong>exposi\u00e7\u00e3o<\/strong> est\u00e1 o <span style=\"background-color:#f7cc62\" class=\"td_text_highlight_marker\"><mark style=\"background-color:rgba(0, 0, 0, 0)\" class=\"has-inline-color has-black-color\">registro da primeira forma\u00e7\u00e3o da ent\u00e3o \u201cSociedade de Concertos Symphonicos\u201d, de 1921, feita por Eud\u00f3xio Manso<\/mark><\/span>. Imagens captadas por nomes que marcaram \u00e9poca na cidade como Jos\u00e9 Gullaci, Tony Miyasaka e Fernando Calzzani tamb\u00e9m far\u00e3o parte da mostra.<\/p>\n<h4 class=\"wp-block-heading\"><strong>Orquestra mais antiga do Brasil<\/strong><\/h4>\n<p>Segundo a pesquisadora Gisele Haddad, com <strong>base <\/strong>em <strong>materiais hist\u00f3ricos<\/strong>, foi confirmado que a <span style=\"background-color:#f7cc62\" class=\"td_text_highlight_marker\"><mark style=\"background-color:rgba(0, 0, 0, 0)\" class=\"has-inline-color has-black-color\">Orquestra Sinf\u00f4nica de Ribeir\u00e3o Preto \u00e9 a mais antiga do Brasil em atividade ininterrupta.<\/mark><\/span><\/p>\n<p>Diante da constata\u00e7\u00e3o, o ano de funda\u00e7\u00e3o da orquestra passou a ser 1921 e n\u00e3o 1938 como anteriormente divulgado.<\/p>\n<p>A iniciativa da exposi\u00e7\u00e3o a c\u00e9u aberto \u2013 usando tapumes de uma obra \u2013 em homenagem aos 100 anos da Orquestra Sinf\u00f4nica \u00e9 da Ascen Empreendimentos.<\/p>\n<h4 class=\"wp-block-heading\"><strong>Servi\u00e7o:<\/strong><\/h4>\n<p><strong>Exposi\u00e7\u00e3o fotogr\u00e1fica: \u201cRetratos de Um S\u00e9culo\u201d<\/strong><br \/>Alameda Gustavo Simioni, 150 \u2013 Vila do Golf<br \/>De 20\/03 a 20\/05<br \/>Entrada gratuita<br \/>Realiza\u00e7\u00e3o: Ascen Empreendimentos<br \/>Apoio: Sociedade Musical de Ribeir\u00e3o Preto<\/p>\n<p>SAIBA MAIS <\/p>\n<p>Dupla Maiara &amp; Mara\u00edsa \u00e9 a 11\u00aa atra\u00e7\u00e3o confirmada para Festa do Pe\u00e3o de Barretos<\/p>\n<h4 class=\"wp-block-heading\"><strong><mark>FIQUE ON<\/mark><\/strong><\/h4>\n<p>Fique ligado em tudo que acontece em Ribeir\u00e3o Preto e regi\u00e3o. Siga os perfis do\u00a0<strong>acidade on\u00a0<\/strong>no<a href=\"https:\/\/www.instagram.com\/acidadeonribeirao\" target=\"_blank\" rel=\"noreferrer noopener\">\u00a0Instagram\u00a0<\/a>e no\u00a0<a href=\"https:\/\/www.facebook.com\/acidadeonribeirao\" target=\"_blank\" rel=\"noreferrer noopener\">Facebook<\/a>.<\/p>\n<p>Receba not\u00edcias do\u00a0<strong>acidade on<\/strong>\u00a0no WhatsApp.\u00a0<a href=\"https:\/\/chat.whatsapp.com\/GFH9HUMUTHNFJdnyEd0xxq\" target=\"_blank\" rel=\"noreferrer noopener\">Para entrar no grupo, basta clicar aqui.<\/a><\/p>\n<p>Fa\u00e7a uma den\u00fancia ou sugira uma reportagem sobre Ribeir\u00e3o Preto e regi\u00e3o pelo WhatsApp: 16 99117 7802.<\/p>\n<p>VEJA TAMB\u00c9M<\/p>\n<p>Pai de Eliana morre aos 92 anos<\/p>\n<p><!-- AI CONTENT END 1 -->\n<\/div>\n<p><script async src=\"\/\/www.instagram.com\/embed.js\"><\/script><br \/>\n<br \/><br \/>\n<br \/><a href=\"https:\/\/www.acidadeon.com\/ribeiraopreto\/lazer-e-cultura\/orquestra-sinfonica-de-ribeirao-preto-e-homenageada-com-exposicao-a-ceu-aberto\/\">Source link <\/a><\/p>\n<div class='code-block code-block-4' style='margin: 8px auto 8px 0; text-align: left; display: block; clear: both;'>\n\ud83d\udce2 Aviso Legal\n\nO site ismaelcolosi.com.br atua apenas como um canal de divulga\u00e7\u00e3o de oportunidades de emprego e n\u00e3o se responsabiliza pelo processo seletivo, contrata\u00e7\u00e3o ou qualquer outra etapa relacionada \u00e0s vagas publicadas. Todas as informa\u00e7\u00f5es s\u00e3o de responsabilidade dos anunciantes.\n\n\u26a0\ufe0f Aten\u00e7\u00e3o! Nunca pague por promessas de emprego nem compre cursos que garantam contrata\u00e7\u00e3o. Desconfie de qualquer cobran\u00e7a para participar de sele\u00e7\u00f5es.\n\n\n\n<\/div>\n<!-- CONTENT END 1 -->\n","protected":false},"excerpt":{"rendered":"<p>Uma exposi\u00e7\u00e3o com fotos hist\u00f3ricas que retratam a trajet\u00f3ria dos 100 anos da Orquestra Sinf\u00f4nica de Ribeir\u00e3o Preto ser\u00e1 inaugurada nesta quinta-feira (20), em uma&#8230;<\/p>\n","protected":false},"author":1,"featured_media":43185,"comment_status":"open","ping_status":"open","sticky":false,"template":"","format":"standard","meta":{"_uag_custom_page_level_css":"","advanced_seo_description":"","jetpack_seo_html_title":"","jetpack_seo_noindex":false,"jetpack_post_was_ever_published":false,"_jetpack_newsletter_access":"","_jetpack_dont_email_post_to_subs":false,"_jetpack_newsletter_tier_id":0,"_jetpack_memberships_contains_paywalled_content":false,"_jetpack_memberships_contains_paid_content":false,"footnotes":"","jetpack_publicize_message":"","jetpack_publicize_feature_enabled":true,"jetpack_social_post_already_shared":true,"jetpack_social_options":{"image_generator_settings":{"template":"highway","default_image_id":0,"font":"","enabled":false},"version":2}},"categories":[11],"tags":[],"class_list":["post-43184","post","type-post","status-publish","format-standard","has-post-thumbnail","hentry","category-noticias-de-ribeirao-preto-sp-e-regiao-ismael-colosi"],"jetpack_publicize_connections":[],"jetpack_featured_media_url":"https:\/\/i0.wp.com\/ismaelcolosi.com.br\/wp-content\/uploads\/2024\/03\/Copia-de-Copia-de-TAMANHO-EXATO-PARA-FOTOS-NO-SISTEMA-NOVO-69.jpg?fit=1200%2C675&ssl=1","uagb_featured_image_src":{"full":["https:\/\/i0.wp.com\/ismaelcolosi.com.br\/wp-content\/uploads\/2024\/03\/Copia-de-Copia-de-TAMANHO-EXATO-PARA-FOTOS-NO-SISTEMA-NOVO-69.jpg?fit=1200%2C675&ssl=1",1200,675,false],"thumbnail":["https:\/\/i0.wp.com\/ismaelcolosi.com.br\/wp-content\/uploads\/2024\/03\/Copia-de-Copia-de-TAMANHO-EXATO-PARA-FOTOS-NO-SISTEMA-NOVO-69.jpg?resize=150%2C150&ssl=1",150,150,true],"medium":["https:\/\/i0.wp.com\/ismaelcolosi.com.br\/wp-content\/uploads\/2024\/03\/Copia-de-Copia-de-TAMANHO-EXATO-PARA-FOTOS-NO-SISTEMA-NOVO-69.jpg?fit=300%2C169&ssl=1",300,169,true],"medium_large":["https:\/\/i0.wp.com\/ismaelcolosi.com.br\/wp-content\/uploads\/2024\/03\/Copia-de-Copia-de-TAMANHO-EXATO-PARA-FOTOS-NO-SISTEMA-NOVO-69.jpg?fit=768%2C432&ssl=1",768,432,true],"large":["https:\/\/i0.wp.com\/ismaelcolosi.com.br\/wp-content\/uploads\/2024\/03\/Copia-de-Copia-de-TAMANHO-EXATO-PARA-FOTOS-NO-SISTEMA-NOVO-69.jpg?fit=1024%2C576&ssl=1",1024,576,true],"1536x1536":["https:\/\/i0.wp.com\/ismaelcolosi.com.br\/wp-content\/uploads\/2024\/03\/Copia-de-Copia-de-TAMANHO-EXATO-PARA-FOTOS-NO-SISTEMA-NOVO-69.jpg?fit=1200%2C675&ssl=1",1200,675,true],"2048x2048":["https:\/\/i0.wp.com\/ismaelcolosi.com.br\/wp-content\/uploads\/2024\/03\/Copia-de-Copia-de-TAMANHO-EXATO-PARA-FOTOS-NO-SISTEMA-NOVO-69.jpg?fit=1200%2C675&ssl=1",1200,675,true],"really-simple-thumb":["https:\/\/i0.wp.com\/ismaelcolosi.com.br\/wp-content\/uploads\/2024\/03\/Copia-de-Copia-de-TAMANHO-EXATO-PARA-FOTOS-NO-SISTEMA-NOVO-69.jpg?resize=370%2C247&ssl=1",370,247,true]},"uagb_author_info":{"display_name":"ismaelcolosi.com.br","author_link":"https:\/\/ismaelcolosi.com.br\/index.php\/author\/vidareal-online\/"},"uagb_comment_info":0,"uagb_excerpt":"Uma exposi\u00e7\u00e3o com fotos hist\u00f3ricas que retratam a trajet\u00f3ria dos 100 anos da Orquestra Sinf\u00f4nica de Ribeir\u00e3o Preto ser\u00e1 inaugurada nesta quinta-feira (20), em uma...","jetpack-related-posts":[{"id":69158,"url":"https:\/\/ismaelcolosi.com.br\/index.php\/2024\/10\/03\/orquestra-sinfonica-de-ribeirao-preto-apresenta-concertos-no-theatro-pedro-ii\/","url_meta":{"origin":43184,"position":0},"title":"Orquestra Sinf\u00f4nica de Ribeir\u00e3o Preto apresenta concertos no Theatro Pedro II","author":"ismaelcolosi.com.br","date":"3 de October de 2024","format":false,"excerpt":"A OSRP (Orquestra Sinf\u00f4nica de Ribeir\u00e3o Preto) apresenta nos dias 12 e 13 de outubro as s\u00e9ries \u201cConcertos Internacionais\u201d e \u201cJuventude tem Concerto\u201d no Theatro Pedro II. O concerto de s\u00e1bado (12) ter\u00e1 solo do pianista Fernando Corvisier. Beethoven e Schumann foram os compositores escolhidos pelo maestro Roberto Tibiri\u00e7\u00e1, que\u2026","rel":"","context":"In &quot;Not\u00edcias de Ribeir\u00e3o Preto-SP e Regi\u00e3o&quot;","block_context":{"text":"Not\u00edcias de Ribeir\u00e3o Preto-SP e Regi\u00e3o","link":"https:\/\/ismaelcolosi.com.br\/index.php\/category\/noticias-de-ribeirao-preto-sp-e-regiao-ismael-colosi\/"},"img":{"alt_text":"","src":"https:\/\/i0.wp.com\/ismaelcolosi.com.br\/wp-content\/uploads\/2024\/10\/20240615-2836_2024-10-03_12-13-19_jpg_2024-10-03_12-13-22-scaled.webp.webp?fit=1200%2C800&ssl=1&resize=350%2C200","width":350,"height":200,"srcset":"https:\/\/i0.wp.com\/ismaelcolosi.com.br\/wp-content\/uploads\/2024\/10\/20240615-2836_2024-10-03_12-13-19_jpg_2024-10-03_12-13-22-scaled.webp.webp?fit=1200%2C800&ssl=1&resize=350%2C200 1x, https:\/\/i0.wp.com\/ismaelcolosi.com.br\/wp-content\/uploads\/2024\/10\/20240615-2836_2024-10-03_12-13-19_jpg_2024-10-03_12-13-22-scaled.webp.webp?fit=1200%2C800&ssl=1&resize=525%2C300 1.5x, https:\/\/i0.wp.com\/ismaelcolosi.com.br\/wp-content\/uploads\/2024\/10\/20240615-2836_2024-10-03_12-13-19_jpg_2024-10-03_12-13-22-scaled.webp.webp?fit=1200%2C800&ssl=1&resize=700%2C400 2x, https:\/\/i0.wp.com\/ismaelcolosi.com.br\/wp-content\/uploads\/2024\/10\/20240615-2836_2024-10-03_12-13-19_jpg_2024-10-03_12-13-22-scaled.webp.webp?fit=1200%2C800&ssl=1&resize=1050%2C600 3x"},"classes":[]},{"id":49557,"url":"https:\/\/ismaelcolosi.com.br\/index.php\/2024\/05\/11\/orquestra-sinfonica-de-ribeirao-preto-apresenta-opera-la-boheme-neste-sabado-ainda-ha-ingressos\/","url_meta":{"origin":43184,"position":1},"title":"Orquestra Sinf\u00f4nica de Ribeir\u00e3o Preto apresenta \u00f3pera La Boh\u00e8me neste s\u00e1bado; Ainda h\u00e1 ingressos","author":"ismaelcolosi.com.br","date":"11 de May de 2024","format":false,"excerpt":"A Orquestra Sinf\u00f4nica de Ribeir\u00e3o Preto apresentar\u00e1 a \u00f3pera La Boh\u00e8me neste s\u00e1bado (11), \u00e0s 19h, no Theatro Pedro II. Os ingressos podem ser adquiridos a partir de R$ 40 \u2013 veja abaixo. La Boh\u00e8me \u00e9 uma das \u00f3peras mais populares da hist\u00f3ria, do italiano Giacomo Puccini. Ela ganhou uma\u2026","rel":"","context":"In &quot;Not\u00edcias de Ribeir\u00e3o Preto-SP e Regi\u00e3o&quot;","block_context":{"text":"Not\u00edcias de Ribeir\u00e3o Preto-SP e Regi\u00e3o","link":"https:\/\/ismaelcolosi.com.br\/index.php\/category\/noticias-de-ribeirao-preto-sp-e-regiao-ismael-colosi\/"},"img":{"alt_text":"","src":"https:\/\/i0.wp.com\/ismaelcolosi.com.br\/wp-content\/uploads\/2024\/05\/Orquestra.jpg?fit=1071%2C518&ssl=1&resize=350%2C200","width":350,"height":200,"srcset":"https:\/\/i0.wp.com\/ismaelcolosi.com.br\/wp-content\/uploads\/2024\/05\/Orquestra.jpg?fit=1071%2C518&ssl=1&resize=350%2C200 1x, https:\/\/i0.wp.com\/ismaelcolosi.com.br\/wp-content\/uploads\/2024\/05\/Orquestra.jpg?fit=1071%2C518&ssl=1&resize=525%2C300 1.5x, https:\/\/i0.wp.com\/ismaelcolosi.com.br\/wp-content\/uploads\/2024\/05\/Orquestra.jpg?fit=1071%2C518&ssl=1&resize=700%2C400 2x, https:\/\/i0.wp.com\/ismaelcolosi.com.br\/wp-content\/uploads\/2024\/05\/Orquestra.jpg?fit=1071%2C518&ssl=1&resize=1050%2C600 3x"},"classes":[]},{"id":800,"url":"https:\/\/ismaelcolosi.com.br\/index.php\/2023\/11\/09\/orquestra-sinfonica-apresenta-opera-carmen-no-pedro-ii-em-ribeirao-preto\/","url_meta":{"origin":43184,"position":2},"title":"Orquestra Sinf\u00f4nica apresenta \u2018\u00d3pera Carmen\u2019 no Pedro II em Ribeir\u00e3o Preto\u00a0","author":"ismaelcolosi.com.br","date":"9 de November de 2023","format":false,"excerpt":"O Theatro Pedro II, no Centro de Ribeir\u00e3o Preto, recebe no dia\u00a0 11 de novembro, \u00e0s 19h30, o espet\u00e1culo \u2018\u00d3pera Carmen\u2019, com a Orquestra Sinf\u00f4nica.\u00a0\u00a0 A reg\u00eancia ser\u00e1 de Reginaldo Nascimento, com dire\u00e7\u00e3o art\u00edstica de Paulo Esper, da Cia Sol\u2019\u00d3pera, e prepara\u00e7\u00e3o do coro pela maestrina Snizhana Drahan. Sinopse\u00a0 A\u2026","rel":"","context":"In &quot;Not\u00edcias de Ribeir\u00e3o Preto-SP e Regi\u00e3o&quot;","block_context":{"text":"Not\u00edcias de Ribeir\u00e3o Preto-SP e Regi\u00e3o","link":"https:\/\/ismaelcolosi.com.br\/index.php\/category\/noticias-de-ribeirao-preto-sp-e-regiao-ismael-colosi\/"},"img":{"alt_text":"","src":"https:\/\/i0.wp.com\/ismaelcolosi.com.br\/wp-content\/uploads\/2023\/11\/handler-1.jpg?fit=800%2C537&ssl=1&resize=350%2C200","width":350,"height":200,"srcset":"https:\/\/i0.wp.com\/ismaelcolosi.com.br\/wp-content\/uploads\/2023\/11\/handler-1.jpg?fit=800%2C537&ssl=1&resize=350%2C200 1x, https:\/\/i0.wp.com\/ismaelcolosi.com.br\/wp-content\/uploads\/2023\/11\/handler-1.jpg?fit=800%2C537&ssl=1&resize=525%2C300 1.5x, https:\/\/i0.wp.com\/ismaelcolosi.com.br\/wp-content\/uploads\/2023\/11\/handler-1.jpg?fit=800%2C537&ssl=1&resize=700%2C400 2x"},"classes":[]},{"id":74313,"url":"https:\/\/ismaelcolosi.com.br\/index.php\/2024\/10\/30\/orquestra-sinfonica-de-rp-anuncia-estreia-da-opera-madama-butterfly\/","url_meta":{"origin":43184,"position":3},"title":"Orquestra Sinf\u00f4nica de RP anuncia estreia da \u00f3pera &#8220;Madama Butterfly&#8221;","author":"ismaelcolosi.com.br","date":"30 de October de 2024","format":false,"excerpt":"30 de outubro de 202430 de outubro de 202412 Compartilhar0 Orquestra Sinf\u00f4nica de Ribeir\u00e3o Preto, Coro da Orquestra e solistas estreiam, dia 22\/11, a \u00f3pera Madama Butterfly, de Giacomo Puccini, no Theatro Pedro II. Uma das mais emocionantes obras do repert\u00f3rio oper\u00edstico mundial ter\u00e1 reg\u00eancia de Reginaldo Nascimento e produ\u00e7\u00e3o\u2026","rel":"","context":"In &quot;Not\u00edcias de Ribeir\u00e3o Preto-SP e Regi\u00e3o&quot;","block_context":{"text":"Not\u00edcias de Ribeir\u00e3o Preto-SP e Regi\u00e3o","link":"https:\/\/ismaelcolosi.com.br\/index.php\/category\/noticias-de-ribeirao-preto-sp-e-regiao-ismael-colosi\/"},"img":{"alt_text":"","src":"https:\/\/i0.wp.com\/ismaelcolosi.com.br\/wp-content\/uploads\/2024\/10\/5938f1f2eb8ef32f5324808a98da87c2_medium.jpg?fit=300%2C200&ssl=1&resize=350%2C200","width":350,"height":200},"classes":[]},{"id":45784,"url":"https:\/\/ismaelcolosi.com.br\/index.php\/2024\/04\/07\/orquestra-sinfonica-de-ribeirao-preto-apresenta-requiem-de-mozart\/","url_meta":{"origin":43184,"position":4},"title":"Orquestra Sinf\u00f4nica de Ribeir\u00e3o Preto apresenta Requiem de Mozart","author":"ismaelcolosi.com.br","date":"7 de April de 2024","format":false,"excerpt":"O Theatro Pedro II, no Centro de Ribeir\u00e3o Preto, recebe no dia\u00a013 de abril, \u00e0s 19h30, o espet\u00e1culo \u2018Concertos Internacionais da Orquestra Sinf\u00f4nica de Ribeir\u00e3o Preto\u2019, com o \u00faltimo trabalho de Mozart, o Requiem. Os ingressos j\u00e1 est\u00e3o \u00e0 venda na bilheteria do Theatro e online. A obra trata-se de\u2026","rel":"","context":"In &quot;Not\u00edcias de Ribeir\u00e3o Preto-SP e Regi\u00e3o&quot;","block_context":{"text":"Not\u00edcias de Ribeir\u00e3o Preto-SP e Regi\u00e3o","link":"https:\/\/ismaelcolosi.com.br\/index.php\/category\/noticias-de-ribeirao-preto-sp-e-regiao-ismael-colosi\/"},"img":{"alt_text":"","src":"https:\/\/i0.wp.com\/ismaelcolosi.com.br\/wp-content\/uploads\/2024\/04\/sinfonica_orquestra_1024x576_20052021092339.jpg?fit=1024%2C576&ssl=1&resize=350%2C200","width":350,"height":200,"srcset":"https:\/\/i0.wp.com\/ismaelcolosi.com.br\/wp-content\/uploads\/2024\/04\/sinfonica_orquestra_1024x576_20052021092339.jpg?fit=1024%2C576&ssl=1&resize=350%2C200 1x, https:\/\/i0.wp.com\/ismaelcolosi.com.br\/wp-content\/uploads\/2024\/04\/sinfonica_orquestra_1024x576_20052021092339.jpg?fit=1024%2C576&ssl=1&resize=525%2C300 1.5x, https:\/\/i0.wp.com\/ismaelcolosi.com.br\/wp-content\/uploads\/2024\/04\/sinfonica_orquestra_1024x576_20052021092339.jpg?fit=1024%2C576&ssl=1&resize=700%2C400 2x"},"classes":[]},{"id":40328,"url":"https:\/\/ismaelcolosi.com.br\/index.php\/2024\/03\/02\/orquestra-sinfonica-de-ribeirao-preto-abre-temporada-com-gilda-montans-e-veronica-ferriani\/","url_meta":{"origin":43184,"position":5},"title":"Orquestra Sinf\u00f4nica de Ribeir\u00e3o Preto abre temporada com Gilda Montans e Veronica Ferriani","author":"ismaelcolosi.com.br","date":"2 de March de 2024","format":false,"excerpt":"A Orquestra Sinf\u00f4nica de Ribeir\u00e3o Preto abre oficialmente a temporada de espet\u00e1culos, shows e concertos, neste s\u00e1bado (2), \u00e0s 19h30, no Theatro Pedro II. Sob reg\u00eancia do maestro Reginaldo Nascimento, a orquestra apresenta o espet\u00e1culo da S\u00e9rie Concertos Internacionais: Brasileir\u00edssimo. O concerto contar\u00e1 com a participa\u00e7\u00e3o da solista Gilda Montans\u2026","rel":"","context":"In &quot;Not\u00edcias de Ribeir\u00e3o Preto-SP e Regi\u00e3o&quot;","block_context":{"text":"Not\u00edcias de Ribeir\u00e3o Preto-SP e Regi\u00e3o","link":"https:\/\/ismaelcolosi.com.br\/index.php\/category\/noticias-de-ribeirao-preto-sp-e-regiao-ismael-colosi\/"},"img":{"alt_text":"","src":"https:\/\/i0.wp.com\/ismaelcolosi.com.br\/wp-content\/uploads\/2024\/03\/Capturar.jpg?fit=831%2C402&ssl=1&resize=350%2C200","width":350,"height":200,"srcset":"https:\/\/i0.wp.com\/ismaelcolosi.com.br\/wp-content\/uploads\/2024\/03\/Capturar.jpg?fit=831%2C402&ssl=1&resize=350%2C200 1x, https:\/\/i0.wp.com\/ismaelcolosi.com.br\/wp-content\/uploads\/2024\/03\/Capturar.jpg?fit=831%2C402&ssl=1&resize=525%2C300 1.5x, https:\/\/i0.wp.com\/ismaelcolosi.com.br\/wp-content\/uploads\/2024\/03\/Capturar.jpg?fit=831%2C402&ssl=1&resize=700%2C400 2x"},"classes":[]}],"jetpack_sharing_enabled":true,"jetpack_shortlink":"https:\/\/wp.me\/pfMlyK-bew","_links":{"self":[{"href":"https:\/\/ismaelcolosi.com.br\/index.php\/wp-json\/wp\/v2\/posts\/43184","targetHints":{"allow":["GET"]}}],"collection":[{"href":"https:\/\/ismaelcolosi.com.br\/index.php\/wp-json\/wp\/v2\/posts"}],"about":[{"href":"https:\/\/ismaelcolosi.com.br\/index.php\/wp-json\/wp\/v2\/types\/post"}],"author":[{"embeddable":true,"href":"https:\/\/ismaelcolosi.com.br\/index.php\/wp-json\/wp\/v2\/users\/1"}],"replies":[{"embeddable":true,"href":"https:\/\/ismaelcolosi.com.br\/index.php\/wp-json\/wp\/v2\/comments?post=43184"}],"version-history":[{"count":0,"href":"https:\/\/ismaelcolosi.com.br\/index.php\/wp-json\/wp\/v2\/posts\/43184\/revisions"}],"wp:featuredmedia":[{"embeddable":true,"href":"https:\/\/ismaelcolosi.com.br\/index.php\/wp-json\/wp\/v2\/media\/43185"}],"wp:attachment":[{"href":"https:\/\/ismaelcolosi.com.br\/index.php\/wp-json\/wp\/v2\/media?parent=43184"}],"wp:term":[{"taxonomy":"category","embeddable":true,"href":"https:\/\/ismaelcolosi.com.br\/index.php\/wp-json\/wp\/v2\/categories?post=43184"},{"taxonomy":"post_tag","embeddable":true,"href":"https:\/\/ismaelcolosi.com.br\/index.php\/wp-json\/wp\/v2\/tags?post=43184"}],"curies":[{"name":"wp","href":"https:\/\/api.w.org\/{rel}","templated":true}]}}