{"id":43131,"date":"2024-03-19T13:48:57","date_gmt":"2024-03-19T16:48:57","guid":{"rendered":"https:\/\/ismaelcolosi.com.br\/index.php\/2024\/03\/19\/identificado-motorista-que-caiu-no-rio-pardo-na-regiao-de-ribeirao-preto\/"},"modified":"2024-03-19T13:48:57","modified_gmt":"2024-03-19T16:48:57","slug":"identificado-motorista-que-caiu-no-rio-pardo-na-regiao-de-ribeirao-preto","status":"publish","type":"post","link":"https:\/\/ismaelcolosi.com.br\/index.php\/2024\/03\/19\/identificado-motorista-que-caiu-no-rio-pardo-na-regiao-de-ribeirao-preto\/","title":{"rendered":"Identificado motorista que caiu no rio Pardo na regi\u00e3o de Ribeir\u00e3o Preto"},"content":{"rendered":"<p> <br \/>\n<\/p>\n<p>O <strong>motorista<\/strong> que <strong>caiu<\/strong> no <strong>rio Pardo<\/strong> pr\u00f3ximo ao distrito de Cruz das Posses foi<strong> identificado<\/strong> como <span style=\"background-color:#f7cc62\" class=\"td_text_highlight_marker\"><mark class=\"has-inline-color has-black-color\">Felipe <span style=\"background-color:#f7cc62\" class=\"td_text_highlight_marker\"><mark class=\"has-inline-color has-black-color\">Rodrigues<\/mark><\/span>Armondes, de 30 anos.<\/mark><\/span><\/p>\n<p>A <strong>confirma\u00e7\u00e3o da identidade<\/strong> da v\u00edtima foi feita por um<strong> funcion\u00e1rio <\/strong>da<strong> usina<\/strong> onde Felipe trabalhava na cidade de <strong>Bambu\u00ed <\/strong>(MG), que acompanhava as buscas pelo <strong>corpo<\/strong>, <strong>retirado<\/strong> no <strong>in\u00edcio<\/strong> da<strong> tarde desta ter\u00e7a<\/strong>&#8211;<strong>feira<\/strong> (19). \u00a0<\/p>\n<p>As buscas pelo motorista tiveram in\u00edcio ainda na segunda-feira (18), quando aconteceu o acidente envolvendo o caminh\u00e3o na vicinal Argeo Marchi\u00f3, pr\u00f3ximo ao distrito de Cruz das Posses.<\/p>\n<h4 class=\"wp-block-heading\"><strong>Sobre o acidente<\/strong><\/h4>\n<p>As primeiras informa\u00e7\u00f5es passadas pela GCM (Guarda Civil Metropolitana) de Sert\u00e3ozinho foi que o motorista teria perdido o controle do ve\u00edculo, <strong>batido<\/strong> na grade de prote\u00e7\u00e3o da ponte e <strong>ca\u00eddo<\/strong> em seguida. <\/p>\n<p>Equipes do\u00a0<strong>Corpo de Bombeiros<\/strong>\u00a0foram para o local logo ap\u00f3s o acidente e iniciaram o trabalho para o resgate. Na ocasi\u00e3o, foi preciso interditar os dois sentidos da vicinal.<\/p>\n<p>SAIBA MAIS <\/p>\n<p>Popula\u00e7\u00e3o de Ribeir\u00e3o \u00e9 a que mais frequenta shows e espet\u00e1culos culturais em SP<\/p>\n<h4 class=\"wp-block-heading\"><strong>FIQUE ON<\/strong><\/h4>\n<p>Fique ligado em tudo que acontece em Ribeir\u00e3o Preto e regi\u00e3o. Siga os perfis do&nbsp;<strong>acidade on&nbsp;<\/strong>no<a href=\"https:\/\/www.instagram.com\/acidadeonribeirao\" target=\"_blank\" rel=\"noreferrer noopener\">&nbsp;Instagram&nbsp;<\/a>e no<a href=\"https:\/\/www.facebook.com\/acidadeonribeirao\" target=\"_blank\" rel=\"noreferrer noopener\">&nbsp;Facebook<\/a>.<\/p>\n<p>Receba not\u00edcias do acidade on no WhatsApp.&nbsp;<a href=\"https:\/\/chat.whatsapp.com\/GFH9HUMUTHNFJdnyEd0xxq\" target=\"_blank\" rel=\"noreferrer noopener\">Para entrar no grupo, basta clicar aqui.<\/a><\/p>\n<p>Fa\u00e7a uma den\u00fancia ou sugira uma reportagem sobre Ribeir\u00e3o Preto e regi\u00e3o pelo WhatsApp: 16 99117 7802.<\/p>\n<p>VEJA TAMB\u00c9M<\/p>\n<p>BBB 24: namorada de Davi muda de visual; veja antes e depois<\/p>\n<p>O post Identificado motorista que caiu no rio Pardo na regi\u00e3o de Ribeir\u00e3o Preto apareceu primeiro em ACidade ON Ribeir\u00e3o Preto.<\/p>\n<p><script async src=\"\/\/www.instagram.com\/embed.js\"><\/script><br \/>\n<br \/><br \/>\n<br \/><a href=\"https:\/\/www.acidadeon.com\/ribeiraopreto\/cotidiano\/identificado-motorista-que-caiu-no-rio-pardo-na-regiao-de-ribeirao-preto\/\">Source link <\/a><\/p>\n<div class='code-block code-block-4' style='margin: 8px auto 8px 0; text-align: left; display: block; clear: both;'>\n\ud83d\udce2 Aviso Legal\n\nO site ismaelcolosi.com.br atua apenas como um canal de divulga\u00e7\u00e3o de oportunidades de emprego e n\u00e3o se responsabiliza pelo processo seletivo, contrata\u00e7\u00e3o ou qualquer outra etapa relacionada \u00e0s vagas publicadas. Todas as informa\u00e7\u00f5es s\u00e3o de responsabilidade dos anunciantes.\n\n\u26a0\ufe0f Aten\u00e7\u00e3o! Nunca pague por promessas de emprego nem compre cursos que garantam contrata\u00e7\u00e3o. Desconfie de qualquer cobran\u00e7a para participar de sele\u00e7\u00f5es.\n\n\n\n<\/div>\n<!-- CONTENT END 1 -->\n","protected":false},"excerpt":{"rendered":"<p>O motorista que caiu no rio Pardo pr\u00f3ximo ao distrito de Cruz das Posses foi identificado como Felipe RodriguesArmondes, de 30 anos. A confirma\u00e7\u00e3o da&#8230;<\/p>\n","protected":false},"author":1,"featured_media":43132,"comment_status":"open","ping_status":"open","sticky":false,"template":"","format":"standard","meta":{"_uag_custom_page_level_css":"","advanced_seo_description":"","jetpack_seo_html_title":"","jetpack_seo_noindex":false,"jetpack_post_was_ever_published":false,"_jetpack_newsletter_access":"","_jetpack_dont_email_post_to_subs":false,"_jetpack_newsletter_tier_id":0,"_jetpack_memberships_contains_paywalled_content":false,"_jetpack_memberships_contains_paid_content":false,"footnotes":"","jetpack_publicize_message":"","jetpack_publicize_feature_enabled":true,"jetpack_social_post_already_shared":true,"jetpack_social_options":{"image_generator_settings":{"template":"highway","default_image_id":0,"font":"","enabled":false},"version":2}},"categories":[11],"tags":[],"class_list":["post-43131","post","type-post","status-publish","format-standard","has-post-thumbnail","hentry","category-noticias-de-ribeirao-preto-sp-e-regiao-ismael-colosi"],"jetpack_publicize_connections":[],"jetpack_featured_media_url":"https:\/\/i0.wp.com\/ismaelcolosi.com.br\/wp-content\/uploads\/2024\/03\/Copia-de-Copia-de-TAMANHO-EXATO-PARA-FOTOS-NO-SISTEMA-NOVO-66.jpg?fit=1200%2C675&ssl=1","uagb_featured_image_src":{"full":["https:\/\/i0.wp.com\/ismaelcolosi.com.br\/wp-content\/uploads\/2024\/03\/Copia-de-Copia-de-TAMANHO-EXATO-PARA-FOTOS-NO-SISTEMA-NOVO-66.jpg?fit=1200%2C675&ssl=1",1200,675,false],"thumbnail":["https:\/\/i0.wp.com\/ismaelcolosi.com.br\/wp-content\/uploads\/2024\/03\/Copia-de-Copia-de-TAMANHO-EXATO-PARA-FOTOS-NO-SISTEMA-NOVO-66.jpg?resize=150%2C150&ssl=1",150,150,true],"medium":["https:\/\/i0.wp.com\/ismaelcolosi.com.br\/wp-content\/uploads\/2024\/03\/Copia-de-Copia-de-TAMANHO-EXATO-PARA-FOTOS-NO-SISTEMA-NOVO-66.jpg?fit=300%2C169&ssl=1",300,169,true],"medium_large":["https:\/\/i0.wp.com\/ismaelcolosi.com.br\/wp-content\/uploads\/2024\/03\/Copia-de-Copia-de-TAMANHO-EXATO-PARA-FOTOS-NO-SISTEMA-NOVO-66.jpg?fit=768%2C432&ssl=1",768,432,true],"large":["https:\/\/i0.wp.com\/ismaelcolosi.com.br\/wp-content\/uploads\/2024\/03\/Copia-de-Copia-de-TAMANHO-EXATO-PARA-FOTOS-NO-SISTEMA-NOVO-66.jpg?fit=1024%2C576&ssl=1",1024,576,true],"1536x1536":["https:\/\/i0.wp.com\/ismaelcolosi.com.br\/wp-content\/uploads\/2024\/03\/Copia-de-Copia-de-TAMANHO-EXATO-PARA-FOTOS-NO-SISTEMA-NOVO-66.jpg?fit=1200%2C675&ssl=1",1200,675,true],"2048x2048":["https:\/\/i0.wp.com\/ismaelcolosi.com.br\/wp-content\/uploads\/2024\/03\/Copia-de-Copia-de-TAMANHO-EXATO-PARA-FOTOS-NO-SISTEMA-NOVO-66.jpg?fit=1200%2C675&ssl=1",1200,675,true],"really-simple-thumb":["https:\/\/i0.wp.com\/ismaelcolosi.com.br\/wp-content\/uploads\/2024\/03\/Copia-de-Copia-de-TAMANHO-EXATO-PARA-FOTOS-NO-SISTEMA-NOVO-66.jpg?resize=370%2C247&ssl=1",370,247,true]},"uagb_author_info":{"display_name":"ismaelcolosi.com.br","author_link":"https:\/\/ismaelcolosi.com.br\/index.php\/author\/vidareal-online\/"},"uagb_comment_info":0,"uagb_excerpt":"O motorista que caiu no rio Pardo pr\u00f3ximo ao distrito de Cruz das Posses foi identificado como Felipe RodriguesArmondes, de 30 anos. A confirma\u00e7\u00e3o da...","jetpack-related-posts":[{"id":43042,"url":"https:\/\/ismaelcolosi.com.br\/index.php\/2024\/03\/18\/bombeiros-trabalham-na-retirada-do-corpo-de-motorista-de-caminhao-que-caiu-em-rio-na-regiao-de-ribeirao\/","url_meta":{"origin":43131,"position":0},"title":"Bombeiros trabalham na retirada do corpo de motorista de caminh\u00e3o que caiu em rio na regi\u00e3o de Ribeir\u00e3o","author":"ismaelcolosi.com.br","date":"18 de March de 2024","format":false,"excerpt":"O Corpo de Bombeiros (CB) informou que est\u00e1 trabalhando com a hip\u00f3tese de que o motorista que dirigia o caminh\u00e3o que caiu no rio Pardo n\u00e3o tenha sobrevivido ao acidente. O acidente aconteceu pr\u00f3ximo ao distrito de Cruz das Posses, na regi\u00e3o de Ribeir\u00e3o Preto, na tarde desta segunda-feira (18).\u2026","rel":"","context":"In &quot;Not\u00edcias de Ribeir\u00e3o Preto-SP e Regi\u00e3o&quot;","block_context":{"text":"Not\u00edcias de Ribeir\u00e3o Preto-SP e Regi\u00e3o","link":"https:\/\/ismaelcolosi.com.br\/index.php\/category\/noticias-de-ribeirao-preto-sp-e-regiao-ismael-colosi\/"},"img":{"alt_text":"","src":"https:\/\/i0.wp.com\/ismaelcolosi.com.br\/wp-content\/uploads\/2024\/03\/WhatsApp-Image-2024-03-18-at-17.58.10-scaled.jpeg?fit=1200%2C900&ssl=1&resize=350%2C200","width":350,"height":200,"srcset":"https:\/\/i0.wp.com\/ismaelcolosi.com.br\/wp-content\/uploads\/2024\/03\/WhatsApp-Image-2024-03-18-at-17.58.10-scaled.jpeg?fit=1200%2C900&ssl=1&resize=350%2C200 1x, https:\/\/i0.wp.com\/ismaelcolosi.com.br\/wp-content\/uploads\/2024\/03\/WhatsApp-Image-2024-03-18-at-17.58.10-scaled.jpeg?fit=1200%2C900&ssl=1&resize=525%2C300 1.5x, https:\/\/i0.wp.com\/ismaelcolosi.com.br\/wp-content\/uploads\/2024\/03\/WhatsApp-Image-2024-03-18-at-17.58.10-scaled.jpeg?fit=1200%2C900&ssl=1&resize=700%2C400 2x, https:\/\/i0.wp.com\/ismaelcolosi.com.br\/wp-content\/uploads\/2024\/03\/WhatsApp-Image-2024-03-18-at-17.58.10-scaled.jpeg?fit=1200%2C900&ssl=1&resize=1050%2C600 3x"},"classes":[]},{"id":43114,"url":"https:\/\/ismaelcolosi.com.br\/index.php\/2024\/03\/19\/caminhoneiro-morre-ao-cair-com-caminhao-no-rio-pardo\/","url_meta":{"origin":43131,"position":1},"title":"Caminhoneiro morre ao cair com caminh\u00e3o no Rio Pardo","author":"ismaelcolosi.com.br","date":"19 de March de 2024","format":false,"excerpt":"19 de mar\u00e7o de 2024 | 11:26 1Por: Adalberto LuqueUm motorista de caminh\u00e3o morreu, no final da tarde desta segunda-feira (18), ao cair com seu caminh\u00e3o no Rio Pardo. O acidente ocorreu na Rodovia Vicinal Argeo Marchi\u00f3, que liga o distrito de Cruz das Posses a Sert\u00e3ozinho.Motorista bateu contra mureta\u2026","rel":"","context":"In &quot;Not\u00edcias de Ribeir\u00e3o Preto-SP e Regi\u00e3o&quot;","block_context":{"text":"Not\u00edcias de Ribeir\u00e3o Preto-SP e Regi\u00e3o","link":"https:\/\/ismaelcolosi.com.br\/index.php\/category\/noticias-de-ribeirao-preto-sp-e-regiao-ismael-colosi\/"},"img":{"alt_text":"","src":"https:\/\/i0.wp.com\/ismaelcolosi.com.br\/wp-content\/uploads\/2024\/03\/00-19-mar-2024-caminhao-cai-rio-03-foto-x-tudo.jpg?fit=511%2C357&ssl=1&resize=350%2C200","width":350,"height":200},"classes":[]},{"id":43018,"url":"https:\/\/ismaelcolosi.com.br\/index.php\/2024\/03\/18\/caminhao-cai-da-ponte-e-fica-submerso-no-rio-pardo-na-regiao-de-ribeirao-preto\/","url_meta":{"origin":43131,"position":2},"title":"Caminh\u00e3o cai da ponte e fica submerso no rio Pardo na regi\u00e3o de Ribeir\u00e3o Preto","author":"ismaelcolosi.com.br","date":"18 de March de 2024","format":false,"excerpt":"Um caminh\u00e3o que trafegava pela vicinal Argeo Marchi\u00f3, pr\u00f3ximo ao distrito de Cruz das Posses, na regi\u00e3o de Ribeir\u00e3o Preto, caiu no rio Pardo, na tarde desta segunda-feira (18). De acordo com as primeiras informa\u00e7\u00f5es da Guarda Civil Metropolitana (GCM) de Sert\u00e3ozinho, o motorista teria perdido o controle do ve\u00edculo,\u2026","rel":"","context":"In &quot;Not\u00edcias de Ribeir\u00e3o Preto-SP e Regi\u00e3o&quot;","block_context":{"text":"Not\u00edcias de Ribeir\u00e3o Preto-SP e Regi\u00e3o","link":"https:\/\/ismaelcolosi.com.br\/index.php\/category\/noticias-de-ribeirao-preto-sp-e-regiao-ismael-colosi\/"},"img":{"alt_text":"","src":"https:\/\/i0.wp.com\/ismaelcolosi.com.br\/wp-content\/uploads\/2024\/03\/Copia-de-Copia-de-TAMANHO-EXATO-PARA-FOTOS-NO-SISTEMA-NOVO-80.png?fit=1200%2C675&ssl=1&resize=350%2C200","width":350,"height":200,"srcset":"https:\/\/i0.wp.com\/ismaelcolosi.com.br\/wp-content\/uploads\/2024\/03\/Copia-de-Copia-de-TAMANHO-EXATO-PARA-FOTOS-NO-SISTEMA-NOVO-80.png?fit=1200%2C675&ssl=1&resize=350%2C200 1x, https:\/\/i0.wp.com\/ismaelcolosi.com.br\/wp-content\/uploads\/2024\/03\/Copia-de-Copia-de-TAMANHO-EXATO-PARA-FOTOS-NO-SISTEMA-NOVO-80.png?fit=1200%2C675&ssl=1&resize=525%2C300 1.5x, https:\/\/i0.wp.com\/ismaelcolosi.com.br\/wp-content\/uploads\/2024\/03\/Copia-de-Copia-de-TAMANHO-EXATO-PARA-FOTOS-NO-SISTEMA-NOVO-80.png?fit=1200%2C675&ssl=1&resize=700%2C400 2x, https:\/\/i0.wp.com\/ismaelcolosi.com.br\/wp-content\/uploads\/2024\/03\/Copia-de-Copia-de-TAMANHO-EXATO-PARA-FOTOS-NO-SISTEMA-NOVO-80.png?fit=1200%2C675&ssl=1&resize=1050%2C600 3x"},"classes":[]},{"id":45117,"url":"https:\/\/ismaelcolosi.com.br\/index.php\/2024\/04\/02\/identificado-corpo-de-jovem-encontrado-no-rio-pardo-em-ribeirao-preto\/","url_meta":{"origin":43131,"position":3},"title":"Identificado corpo de jovem encontrado no rio Pardo em Ribeir\u00e3o Preto","author":"ismaelcolosi.com.br","date":"2 de April de 2024","format":false,"excerpt":"O corpo do jovem que se afogou e morreu no rio Pardo foi identificado como Marcelo Faustino dos Santos, de 22 anos. Marcelo foi encontrado na manh\u00e3 desta ter\u00e7a-feira (2), pr\u00f3ximo ao clube de Regatas, na rodovia C\u00e2ndido Portinari \u2013 dois quil\u00f4metros de dist\u00e2ncia de onde desapareceu no bairro Ribeir\u00e3o\u2026","rel":"","context":"In &quot;Not\u00edcias de Ribeir\u00e3o Preto-SP e Regi\u00e3o&quot;","block_context":{"text":"Not\u00edcias de Ribeir\u00e3o Preto-SP e Regi\u00e3o","link":"https:\/\/ismaelcolosi.com.br\/index.php\/category\/noticias-de-ribeirao-preto-sp-e-regiao-ismael-colosi\/"},"img":{"alt_text":"","src":"https:\/\/i0.wp.com\/ismaelcolosi.com.br\/wp-content\/uploads\/2024\/04\/WhatsApp-Image-2024-04-02-at-13.12.02.jpeg?fit=1200%2C674&ssl=1&resize=350%2C200","width":350,"height":200,"srcset":"https:\/\/i0.wp.com\/ismaelcolosi.com.br\/wp-content\/uploads\/2024\/04\/WhatsApp-Image-2024-04-02-at-13.12.02.jpeg?fit=1200%2C674&ssl=1&resize=350%2C200 1x, https:\/\/i0.wp.com\/ismaelcolosi.com.br\/wp-content\/uploads\/2024\/04\/WhatsApp-Image-2024-04-02-at-13.12.02.jpeg?fit=1200%2C674&ssl=1&resize=525%2C300 1.5x, https:\/\/i0.wp.com\/ismaelcolosi.com.br\/wp-content\/uploads\/2024\/04\/WhatsApp-Image-2024-04-02-at-13.12.02.jpeg?fit=1200%2C674&ssl=1&resize=700%2C400 2x, https:\/\/i0.wp.com\/ismaelcolosi.com.br\/wp-content\/uploads\/2024\/04\/WhatsApp-Image-2024-04-02-at-13.12.02.jpeg?fit=1200%2C674&ssl=1&resize=1050%2C600 3x"},"classes":[]},{"id":44319,"url":"https:\/\/ismaelcolosi.com.br\/index.php\/2024\/03\/27\/caminhao-cai-no-rio-pardo-e-motorista-aguarda-resgate-em-cima-do-bau\/","url_meta":{"origin":43131,"position":4},"title":"Caminh\u00e3o cai no rio Pardo e motorista aguarda resgate em cima do ba\u00fa","author":"ismaelcolosi.com.br","date":"27 de March de 2024","format":false,"excerpt":"Um caminh\u00e3o caiu de uma ponte do rio Pardo em Pontal, na regi\u00e3o de Ribeir\u00e3o Preto, na manh\u00e3 desta quarta-feira (27). De acordo com o motorista, ele estava sozinho no momento do acidente e perdeu o controle da dire\u00e7\u00e3o. Ap\u00f3s o acidente, o motorista conseguiu sair da cabine e aguardou\u2026","rel":"","context":"In &quot;Not\u00edcias de Ribeir\u00e3o Preto-SP e Regi\u00e3o&quot;","block_context":{"text":"Not\u00edcias de Ribeir\u00e3o Preto-SP e Regi\u00e3o","link":"https:\/\/ismaelcolosi.com.br\/index.php\/category\/noticias-de-ribeirao-preto-sp-e-regiao-ismael-colosi\/"},"img":{"alt_text":"","src":"https:\/\/i0.wp.com\/ismaelcolosi.com.br\/wp-content\/uploads\/2024\/03\/AnyConv.com__caminhao-rio-pardo.webp.webp?fit=1200%2C675&ssl=1&resize=350%2C200","width":350,"height":200,"srcset":"https:\/\/i0.wp.com\/ismaelcolosi.com.br\/wp-content\/uploads\/2024\/03\/AnyConv.com__caminhao-rio-pardo.webp.webp?fit=1200%2C675&ssl=1&resize=350%2C200 1x, https:\/\/i0.wp.com\/ismaelcolosi.com.br\/wp-content\/uploads\/2024\/03\/AnyConv.com__caminhao-rio-pardo.webp.webp?fit=1200%2C675&ssl=1&resize=525%2C300 1.5x, https:\/\/i0.wp.com\/ismaelcolosi.com.br\/wp-content\/uploads\/2024\/03\/AnyConv.com__caminhao-rio-pardo.webp.webp?fit=1200%2C675&ssl=1&resize=700%2C400 2x, https:\/\/i0.wp.com\/ismaelcolosi.com.br\/wp-content\/uploads\/2024\/03\/AnyConv.com__caminhao-rio-pardo.webp.webp?fit=1200%2C675&ssl=1&resize=1050%2C600 3x"},"classes":[]},{"id":2334,"url":"https:\/\/ismaelcolosi.com.br\/index.php\/2023\/11\/15\/pescadores-denunciam-a-morte-de-peixes-no-rio-pardo-na-regiao-de-ribeirao-preto\/","url_meta":{"origin":43131,"position":5},"title":"Pescadores denunciam a morte de peixes no rio Pardo na regi\u00e3o de Ribeir\u00e3o Preto","author":"ismaelcolosi.com.br","date":"15 de November de 2023","format":false,"excerpt":"V\u00e1rios peixes morreram no rio Pardo, na regi\u00e3o de Ribeir\u00e3o Preto. Pescadores fizeram v\u00e1rias imagens, na tarde da ter\u00e7a-feira (14), denunciando a situa\u00e7\u00e3o. Nos v\u00eddeos (assista logo abaixo), \u00e9 poss\u00edvel ver milhares de peixes na superf\u00edcie e tamb\u00e9m mortos na margem do rio Pardo. Alguns pescadores relataram um odor forte\u2026","rel":"","context":"In &quot;Not\u00edcias de Ribeir\u00e3o Preto-SP e Regi\u00e3o&quot;","block_context":{"text":"Not\u00edcias de Ribeir\u00e3o Preto-SP e Regi\u00e3o","link":"https:\/\/ismaelcolosi.com.br\/index.php\/category\/noticias-de-ribeirao-preto-sp-e-regiao-ismael-colosi\/"},"img":{"alt_text":"","src":"https:\/\/i0.wp.com\/ismaelcolosi.com.br\/wp-content\/uploads\/2023\/11\/WhatsApp-Image-2023-11-15-at-10.20.40-scaled.jpeg?fit=1200%2C697&ssl=1&resize=350%2C200","width":350,"height":200,"srcset":"https:\/\/i0.wp.com\/ismaelcolosi.com.br\/wp-content\/uploads\/2023\/11\/WhatsApp-Image-2023-11-15-at-10.20.40-scaled.jpeg?fit=1200%2C697&ssl=1&resize=350%2C200 1x, https:\/\/i0.wp.com\/ismaelcolosi.com.br\/wp-content\/uploads\/2023\/11\/WhatsApp-Image-2023-11-15-at-10.20.40-scaled.jpeg?fit=1200%2C697&ssl=1&resize=525%2C300 1.5x, https:\/\/i0.wp.com\/ismaelcolosi.com.br\/wp-content\/uploads\/2023\/11\/WhatsApp-Image-2023-11-15-at-10.20.40-scaled.jpeg?fit=1200%2C697&ssl=1&resize=700%2C400 2x, https:\/\/i0.wp.com\/ismaelcolosi.com.br\/wp-content\/uploads\/2023\/11\/WhatsApp-Image-2023-11-15-at-10.20.40-scaled.jpeg?fit=1200%2C697&ssl=1&resize=1050%2C600 3x"},"classes":[]}],"jetpack_sharing_enabled":true,"jetpack_shortlink":"https:\/\/wp.me\/pfMlyK-bdF","_links":{"self":[{"href":"https:\/\/ismaelcolosi.com.br\/index.php\/wp-json\/wp\/v2\/posts\/43131","targetHints":{"allow":["GET"]}}],"collection":[{"href":"https:\/\/ismaelcolosi.com.br\/index.php\/wp-json\/wp\/v2\/posts"}],"about":[{"href":"https:\/\/ismaelcolosi.com.br\/index.php\/wp-json\/wp\/v2\/types\/post"}],"author":[{"embeddable":true,"href":"https:\/\/ismaelcolosi.com.br\/index.php\/wp-json\/wp\/v2\/users\/1"}],"replies":[{"embeddable":true,"href":"https:\/\/ismaelcolosi.com.br\/index.php\/wp-json\/wp\/v2\/comments?post=43131"}],"version-history":[{"count":0,"href":"https:\/\/ismaelcolosi.com.br\/index.php\/wp-json\/wp\/v2\/posts\/43131\/revisions"}],"wp:featuredmedia":[{"embeddable":true,"href":"https:\/\/ismaelcolosi.com.br\/index.php\/wp-json\/wp\/v2\/media\/43132"}],"wp:attachment":[{"href":"https:\/\/ismaelcolosi.com.br\/index.php\/wp-json\/wp\/v2\/media?parent=43131"}],"wp:term":[{"taxonomy":"category","embeddable":true,"href":"https:\/\/ismaelcolosi.com.br\/index.php\/wp-json\/wp\/v2\/categories?post=43131"},{"taxonomy":"post_tag","embeddable":true,"href":"https:\/\/ismaelcolosi.com.br\/index.php\/wp-json\/wp\/v2\/tags?post=43131"}],"curies":[{"name":"wp","href":"https:\/\/api.w.org\/{rel}","templated":true}]}}