{"id":4312,"date":"2023-11-21T09:33:19","date_gmt":"2023-11-21T12:33:19","guid":{"rendered":"https:\/\/ismaelcolosi.com.br\/index.php\/2023\/11\/21\/pode-comemorar-cerveja-tem-beneficio-comprovado-pela-ciencia\/"},"modified":"2023-11-21T09:33:19","modified_gmt":"2023-11-21T12:33:19","slug":"pode-comemorar-cerveja-tem-beneficio-comprovado-pela-ciencia","status":"publish","type":"post","link":"https:\/\/ismaelcolosi.com.br\/index.php\/2023\/11\/21\/pode-comemorar-cerveja-tem-beneficio-comprovado-pela-ciencia\/","title":{"rendered":"Pode comemorar! Cerveja tem benef\u00edcio comprovado pela ci\u00eancia"},"content":{"rendered":"<p> <br \/>\n<\/p>\n<div>\n<p>Um novo estudo de uma universidade alem\u00e3 traz uma boa not\u00edcia para os apreciadores de cerveja. Segundo os pesquisadores, a bebida pode ser muito melhor que muitos alimentos <a href=\"https:\/\/catracalivre.com.br\/saude-bem-estar\/probioticos-e-prebioticos-entenda-o-que-sao-e-para-que-servem\/\">probi\u00f3ticos<\/a>.<\/p>\n<p>Os autores explicaram que a cerveja \u00e9 rica em muitos amino\u00e1cidos essenciais, vitaminas, oligoelementos e subst\u00e2ncias bioativas que participam na regula\u00e7\u00e3o de fun\u00e7\u00f5es fisiol\u00f3gicas humanas.<\/p><div class='code-block code-block-8' style='margin: 8px auto; text-align: center; display: block; clear: both;'>\n<script>\n  atOptions = {\n    'key' : '66e2e2111ca34da796271819fc334058',\n    'format' : 'iframe',\n    'height' : 250,\n    'width' : 300,\n    'params' : {}\n  };\n<\/script>\n<script src=\"https:\/\/www.highperformanceformat.com\/66e2e2111ca34da796271819fc334058\/invoke.js\"><\/script>\n<\/div>\n\n<div class=\"d-flex justify-content-center\" data-attachment-id=\"2295531\">\n<div class=\"position-relative d-inline-block\"><img data-recalc-dims=\"1\" data-portal-copyright=\"Andrew Coleman\/istock\" decoding=\"async\" fetchpriority=\"high\" class=\"alignnone size-large wp-image-2295531\" src=\"https:\/\/i0.wp.com\/catracalivre.com.br\/wp-content\/uploads\/2023\/09\/istock-1405245891-910x512.jpg?resize=910%2C512&#038;ssl=1\" alt=\"cerveja\" width=\"910\" height=\"512\" srcset=\"https:\/\/catracalivre.com.br\/wp-content\/uploads\/2023\/09\/istock-1405245891-910x512.jpg 910w, https:\/\/catracalivre.com.br\/wp-content\/uploads\/2023\/09\/istock-1405245891-450x253.jpg 450w, https:\/\/catracalivre.com.br\/wp-content\/uploads\/2023\/09\/istock-1405245891-768x432.jpg 768w\" sizes=\"(max-width: 910px) 100vw, 910px\"\/><\/p>\n<p>Cr\u00e9ditos: Andrew Coleman\/istock<\/p>\n<\/div>\n<\/div>\n<p>\u201c\u00c9 bem sabido que a cerveja, como bebida alco\u00f3lica, pode causar\u00a0s\u00e9rios danos aos tecidos e \u00f3rg\u00e3os\u00a0\u201d, afirmam.<\/p>\n<p>\u201cNo entanto, quando o consumo de \u00e1lcool \u00e9 controlado dentro de limites seguros, os nutrientes da cerveja e os efeitos combinados na <a href=\"https:\/\/catracalivre.com.br\/saude-bem-estar\/estudo-identifica-associacao-entre-microbiota-intestinal-e-delirium\/\">microbiota intestinal<\/a> t\u00eam um efeito positivo na regula\u00e7\u00e3o da fun\u00e7\u00e3o imunol\u00f3gica humana\u201d.<\/p>\n<p>Os autores do estudo asseguram que \u201cseus metab\u00f3litos inibem bact\u00e9rias patog\u00eanicas, estimulam a prolifera\u00e7\u00e3o e atividade da <a href=\"https:\/\/catracalivre.com.br\/equilibre-se\/alimentos-ajudam-a-flora-intestinal\/\">flora<\/a> saud\u00e1vel como lactobacilos e bifidobact\u00e9rias e regulam a microbiota intestinal\u201d. Ou seja, este estudo esclarece que a cerveja, sem exagero, faz bem \u00e0 sa\u00fade.<\/p>\n<h2>Quanto menos \u00e1lcool tiver, maior o benef\u00edcio<\/h2>\n<p>Os autores afirmam que aa cerveja poder\u00e1 ser utilizada no futuro como regulador microecol\u00f3gico ou mesmo como terapia alternativa para doen\u00e7as cr\u00f3nicas como hipertens\u00e3o, diabetes e obesidade. Eles defendem que essa \u00e9 uma quest\u00e3o que merece mais investiga\u00e7\u00e3o.<\/p>\n<div id=\"attachment_2294545\" class=\"wp-caption alignnone\">\n<div class=\"d-flex justify-content-center\" data-attachment-id=\"2294545\">\n<div class=\"position-relative d-inline-block\"><img data-recalc-dims=\"1\" loading=\"lazy\" data-portal-copyright=\"Tzido\/istock\" decoding=\"async\" class=\"size-large wp-image-2294545\" src=\"https:\/\/i0.wp.com\/catracalivre.com.br\/wp-content\/uploads\/2023\/09\/istock-1082935046-910x607.jpg?resize=910%2C607&#038;ssl=1\" alt=\"Cerveja traz benef\u00edcio para sa\u00fade aponta novo estudo\" width=\"910\" height=\"607\" srcset=\"https:\/\/catracalivre.com.br\/wp-content\/uploads\/2023\/09\/istock-1082935046-910x607.jpg 910w, https:\/\/catracalivre.com.br\/wp-content\/uploads\/2023\/09\/istock-1082935046-450x300.jpg 450w, https:\/\/catracalivre.com.br\/wp-content\/uploads\/2023\/09\/istock-1082935046-768x512.jpg 768w\" sizes=\"auto, (max-width: 910px) 100vw, 910px\"\/><\/p>\n<p>Cr\u00e9ditos: Tzido\/istock<\/p>\n<\/div>\n<\/div>\n<p><span class=\"post-imagem__legenda\">Cerveja traz benef\u00edcio para sa\u00fade aponta novo estudo<\/span><\/p>\n<\/div>\n<p>A cerveja \u00e9 feita de malte, l\u00fapulo, fermento e \u00e1gua, al\u00e9m de outros ingredientes que lhe conferem sabor \u00fanico.<\/p>\n<p>Esta bebida milenar \u00e9 \u2013 por mais incr\u00edvel que pare\u00e7a \u2013 fonte de nutrientes. Cont\u00e9m amino\u00e1cidos essenciais, vitaminas, oligoelementos e subst\u00e2ncias bioativas como polifen\u00f3is e <a href=\"https:\/\/catracalivre.com.br\/saude-bem-estar\/esta-fruta-cheia-de-flavonoides-ajuda-a-controlar-o-colesterol\/\">flavon\u00f3ides<\/a>.<\/p>\n<p>Tamb\u00e9m \u00e9 rica em minerais como c\u00e1lcio, magn\u00e9sio e zinco. Possui ainda fibra alimentar gra\u00e7as aos beta-glucanos e arabinose-oligossacar\u00eddeos do cereal.<\/p>\n<\/div>\n<p><script>\n\t\t! function(f, b, e, v, n, t, s) {\n\t\t\tif (f.fbq) return;\n\t\t\tn = f.fbq = function() {\n\t\t\t\tn.callMethod ?\n\t\t\t\t\tn.callMethod.apply(n, arguments) : n.queue.push(arguments)\n\t\t\t};\n\t\t\tif (!f._fbq) f._fbq = n;\n\t\t\tn.push = n;\n\t\t\tn.loaded = !0;\n\t\t\tn.version = '2.0';\n\t\t\tn.queue = [];\n\t\t\tt = b.createElement(e);\n\t\t\tt.async = !0;\n\t\t\tt.src = v;\n\t\t\ts = b.getElementsByTagName(e)[0];\n\t\t\ts.parentNode.insertBefore(t, s)\n\t\t}(window, document, 'script',\n\t\t\t'https:\/\/connect.facebook.net\/en_US\/fbevents.js');\n\t\tfbq('init', '338315473262380');\n\t\tfbq('track', 'PageView');\n\t<\/script><br \/>\n<br \/><br \/>\n<br \/><a href=\"https:\/\/catracalivre.com.br\/saude-bem-estar\/pode-comemorar-ciencia-comprova-beneficio-da-cerveja\/\">Source link <\/a><\/p>\n<div class='code-block code-block-4' style='margin: 8px auto 8px 0; text-align: left; display: block; clear: both;'>\n\ud83d\udce2 Aviso Legal\n\nO site ismaelcolosi.com.br atua apenas como um canal de divulga\u00e7\u00e3o de oportunidades de emprego e n\u00e3o se responsabiliza pelo processo seletivo, contrata\u00e7\u00e3o ou qualquer outra etapa relacionada \u00e0s vagas publicadas. Todas as informa\u00e7\u00f5es s\u00e3o de responsabilidade dos anunciantes.\n\n\u26a0\ufe0f Aten\u00e7\u00e3o! Nunca pague por promessas de emprego nem compre cursos que garantam contrata\u00e7\u00e3o. Desconfie de qualquer cobran\u00e7a para participar de sele\u00e7\u00f5es.\n\n\n\n<\/div>\n<!-- CONTENT END 1 -->\n","protected":false},"excerpt":{"rendered":"<p>Um novo estudo de uma universidade alem\u00e3 traz uma boa not\u00edcia para os apreciadores de cerveja. Segundo os pesquisadores, a bebida pode ser muito melhor&#8230;<\/p>\n","protected":false},"author":1,"featured_media":4313,"comment_status":"open","ping_status":"open","sticky":false,"template":"","format":"standard","meta":{"_uag_custom_page_level_css":"","advanced_seo_description":"","jetpack_seo_html_title":"","jetpack_seo_noindex":false,"jetpack_post_was_ever_published":false,"_jetpack_newsletter_access":"","_jetpack_dont_email_post_to_subs":false,"_jetpack_newsletter_tier_id":0,"_jetpack_memberships_contains_paywalled_content":false,"_jetpack_memberships_contains_paid_content":false,"footnotes":"","jetpack_publicize_message":"","jetpack_publicize_feature_enabled":true,"jetpack_social_post_already_shared":true,"jetpack_social_options":{"image_generator_settings":{"template":"highway","default_image_id":0,"font":"","enabled":false},"version":2}},"categories":[19],"tags":[],"class_list":["post-4312","post","type-post","status-publish","format-standard","has-post-thumbnail","hentry","category-variedades"],"jetpack_publicize_connections":[],"jetpack_featured_media_url":"https:\/\/i0.wp.com\/ismaelcolosi.com.br\/wp-content\/uploads\/2023\/11\/istock-1082935046.jpg?fit=1200%2C638&ssl=1","uagb_featured_image_src":{"full":["https:\/\/i0.wp.com\/ismaelcolosi.com.br\/wp-content\/uploads\/2023\/11\/istock-1082935046.jpg?fit=1200%2C638&ssl=1",1200,638,false],"thumbnail":["https:\/\/i0.wp.com\/ismaelcolosi.com.br\/wp-content\/uploads\/2023\/11\/istock-1082935046.jpg?resize=150%2C150&ssl=1",150,150,true],"medium":["https:\/\/i0.wp.com\/ismaelcolosi.com.br\/wp-content\/uploads\/2023\/11\/istock-1082935046.jpg?fit=300%2C160&ssl=1",300,160,true],"medium_large":["https:\/\/i0.wp.com\/ismaelcolosi.com.br\/wp-content\/uploads\/2023\/11\/istock-1082935046.jpg?fit=768%2C408&ssl=1",768,408,true],"large":["https:\/\/i0.wp.com\/ismaelcolosi.com.br\/wp-content\/uploads\/2023\/11\/istock-1082935046.jpg?fit=1024%2C544&ssl=1",1024,544,true],"1536x1536":["https:\/\/i0.wp.com\/ismaelcolosi.com.br\/wp-content\/uploads\/2023\/11\/istock-1082935046.jpg?fit=1200%2C638&ssl=1",1200,638,true],"2048x2048":["https:\/\/i0.wp.com\/ismaelcolosi.com.br\/wp-content\/uploads\/2023\/11\/istock-1082935046.jpg?fit=1200%2C638&ssl=1",1200,638,true],"really-simple-thumb":["https:\/\/i0.wp.com\/ismaelcolosi.com.br\/wp-content\/uploads\/2023\/11\/istock-1082935046.jpg?resize=370%2C247&ssl=1",370,247,true]},"uagb_author_info":{"display_name":"ismaelcolosi.com.br","author_link":"https:\/\/ismaelcolosi.com.br\/index.php\/author\/vidareal-online\/"},"uagb_comment_info":0,"uagb_excerpt":"Um novo estudo de uma universidade alem\u00e3 traz uma boa not\u00edcia para os apreciadores de cerveja. Segundo os pesquisadores, a bebida pode ser muito melhor...","jetpack-related-posts":[{"id":4989,"url":"https:\/\/ismaelcolosi.com.br\/index.php\/2023\/11\/22\/cerveja-fermentada-com-mandioca-sera-lancada-em-ribeirao-preto\/","url_meta":{"origin":4312,"position":0},"title":"Cerveja fermentada com mandioca ser\u00e1 lan\u00e7ada em Ribeir\u00e3o Preto","author":"ismaelcolosi.com.br","date":"22 de November de 2023","format":false,"excerpt":"O Centro Multidisciplinar de Tecnologia Cervejeira e a OPA Comunica\u00e7\u00e3o apresentam, dia 23 de novembro, \u00e0s 18h30, no Bar do Dabi Business Park, a primeira safra da cerveja Manipueira Selvagem. O evento tem ingresso gratuito ou com custo de R$ 15 que inclui degusta\u00e7\u00e3o da cerveja. As vagas s\u00e3o limitadas\u2026","rel":"","context":"In &quot;Not\u00edcias de Ribeir\u00e3o Preto-SP e Regi\u00e3o&quot;","block_context":{"text":"Not\u00edcias de Ribeir\u00e3o Preto-SP e Regi\u00e3o","link":"https:\/\/ismaelcolosi.com.br\/index.php\/category\/noticias-de-ribeirao-preto-sp-e-regiao-ismael-colosi\/"},"img":{"alt_text":"","src":"https:\/\/i0.wp.com\/ismaelcolosi.com.br\/wp-content\/uploads\/2023\/11\/IMG-20230907-WA0025.jpg?fit=1200%2C900&ssl=1&resize=350%2C200","width":350,"height":200,"srcset":"https:\/\/i0.wp.com\/ismaelcolosi.com.br\/wp-content\/uploads\/2023\/11\/IMG-20230907-WA0025.jpg?fit=1200%2C900&ssl=1&resize=350%2C200 1x, https:\/\/i0.wp.com\/ismaelcolosi.com.br\/wp-content\/uploads\/2023\/11\/IMG-20230907-WA0025.jpg?fit=1200%2C900&ssl=1&resize=525%2C300 1.5x, https:\/\/i0.wp.com\/ismaelcolosi.com.br\/wp-content\/uploads\/2023\/11\/IMG-20230907-WA0025.jpg?fit=1200%2C900&ssl=1&resize=700%2C400 2x, https:\/\/i0.wp.com\/ismaelcolosi.com.br\/wp-content\/uploads\/2023\/11\/IMG-20230907-WA0025.jpg?fit=1200%2C900&ssl=1&resize=1050%2C600 3x"},"classes":[]},{"id":32745,"url":"https:\/\/ismaelcolosi.com.br\/index.php\/2024\/01\/26\/exposicao-centenario-da-cerveja-niger-e-prorrogada-ate-fevereiro\/","url_meta":{"origin":4312,"position":1},"title":"Exposi\u00e7\u00e3o \u201cCenten\u00e1rio da Cerveja Niger\u201d \u00e9 prorrogada at\u00e9 fevereiro \u2013 Folha de Ribeir\u00e3o","author":"ismaelcolosi.com.br","date":"26 de January de 2024","format":false,"excerpt":"A exposi\u00e7\u00e3o \u201cCenten\u00e1rio da Cerveja Niger\u201d que estreou em dezembro e teve a sua temporada no Centro Cultural Palace de Ribeir\u00e3o Preto, foi prorrogada at\u00e9 o pr\u00f3ximo dia 03 de fevereiro. Ela apresenta e celebra a centen\u00e1ria trajet\u00f3ria da Cerveja Niger, uma marca emblem\u00e1tica da hist\u00f3rica Cervejaria Paulista. Ao lado\u2026","rel":"","context":"In &quot;Not\u00edcias de Ribeir\u00e3o Preto-SP e Regi\u00e3o&quot;","block_context":{"text":"Not\u00edcias de Ribeir\u00e3o Preto-SP e Regi\u00e3o","link":"https:\/\/ismaelcolosi.com.br\/index.php\/category\/noticias-de-ribeirao-preto-sp-e-regiao-ismael-colosi\/"},"img":{"alt_text":"","src":"https:\/\/i0.wp.com\/ismaelcolosi.com.br\/wp-content\/uploads\/2024\/01\/exposicao_niger_1.jpeg?fit=1200%2C900&ssl=1&resize=350%2C200","width":350,"height":200,"srcset":"https:\/\/i0.wp.com\/ismaelcolosi.com.br\/wp-content\/uploads\/2024\/01\/exposicao_niger_1.jpeg?fit=1200%2C900&ssl=1&resize=350%2C200 1x, https:\/\/i0.wp.com\/ismaelcolosi.com.br\/wp-content\/uploads\/2024\/01\/exposicao_niger_1.jpeg?fit=1200%2C900&ssl=1&resize=525%2C300 1.5x, https:\/\/i0.wp.com\/ismaelcolosi.com.br\/wp-content\/uploads\/2024\/01\/exposicao_niger_1.jpeg?fit=1200%2C900&ssl=1&resize=700%2C400 2x, https:\/\/i0.wp.com\/ismaelcolosi.com.br\/wp-content\/uploads\/2024\/01\/exposicao_niger_1.jpeg?fit=1200%2C900&ssl=1&resize=1050%2C600 3x"},"classes":[]},{"id":14376,"url":"https:\/\/ismaelcolosi.com.br\/index.php\/2023\/12\/12\/ribeirao-preto-tem-feira-com-cerveja-artesanal-food-trucks-e-musica\/","url_meta":{"origin":4312,"position":2},"title":"Ribeir\u00e3o Preto tem feira com cerveja artesanal, food trucks e m\u00fasica","author":"ismaelcolosi.com.br","date":"12 de December de 2023","format":false,"excerpt":"Ribeir\u00e3o Preto recebe, no dia 17 de dezembro, a Feira do Coletivo em edi\u00e7\u00e3o especial de Natal, na Pra\u00e7a 7 de Setembro, no Centro da cidade. O evento \u00e9 gratuito e aberto ao p\u00fablico. \u00a0 A feira acontece das 14h \u00e0s 21h e conta com cerveja artesanal, foodtrucks, expositores, oficinas,\u2026","rel":"","context":"In &quot;Not\u00edcias de Ribeir\u00e3o Preto-SP e Regi\u00e3o&quot;","block_context":{"text":"Not\u00edcias de Ribeir\u00e3o Preto-SP e Regi\u00e3o","link":"https:\/\/ismaelcolosi.com.br\/index.php\/category\/noticias-de-ribeirao-preto-sp-e-regiao-ismael-colosi\/"},"img":{"alt_text":"","src":"https:\/\/i0.wp.com\/ismaelcolosi.com.br\/wp-content\/uploads\/2023\/12\/WhatsApp-Image-2023-12-11-at-11.28.049.jpeg?fit=1150%2C614&ssl=1&resize=350%2C200","width":350,"height":200,"srcset":"https:\/\/i0.wp.com\/ismaelcolosi.com.br\/wp-content\/uploads\/2023\/12\/WhatsApp-Image-2023-12-11-at-11.28.049.jpeg?fit=1150%2C614&ssl=1&resize=350%2C200 1x, https:\/\/i0.wp.com\/ismaelcolosi.com.br\/wp-content\/uploads\/2023\/12\/WhatsApp-Image-2023-12-11-at-11.28.049.jpeg?fit=1150%2C614&ssl=1&resize=525%2C300 1.5x, https:\/\/i0.wp.com\/ismaelcolosi.com.br\/wp-content\/uploads\/2023\/12\/WhatsApp-Image-2023-12-11-at-11.28.049.jpeg?fit=1150%2C614&ssl=1&resize=700%2C400 2x, https:\/\/i0.wp.com\/ismaelcolosi.com.br\/wp-content\/uploads\/2023\/12\/WhatsApp-Image-2023-12-11-at-11.28.049.jpeg?fit=1150%2C614&ssl=1&resize=1050%2C600 3x"},"classes":[]},{"id":54108,"url":"https:\/\/ismaelcolosi.com.br\/index.php\/2024\/06\/21\/ribeirao-recebe-festival-de-cerveja-artesanal-com-shows-de-rock-entrada-e-gratuita\/","url_meta":{"origin":4312,"position":3},"title":"Ribeir\u00e3o recebe festival de cerveja artesanal com shows de rock; entrada \u00e9 gratuita","author":"ismaelcolosi.com.br","date":"21 de June de 2024","format":false,"excerpt":"O Palco Orgulho RP, no estacionamento do Teatro Municipal, no Morro do S\u00e3o Bento, recebe neste s\u00e1bado (22), a partir das 14h, o \u201cRibeir\u00e3o Beer Festival\u201d, um festival de cerveja artesanal com shows de rock ao vivo e com entrada gratuita. O evento celebra os 168 anos de Ribeir\u00e3o Preto.\u2026","rel":"","context":"In &quot;Not\u00edcias de Ribeir\u00e3o Preto-SP e Regi\u00e3o&quot;","block_context":{"text":"Not\u00edcias de Ribeir\u00e3o Preto-SP e Regi\u00e3o","link":"https:\/\/ismaelcolosi.com.br\/index.php\/category\/noticias-de-ribeirao-preto-sp-e-regiao-ismael-colosi\/"},"img":{"alt_text":"","src":"https:\/\/i0.wp.com\/ismaelcolosi.com.br\/wp-content\/uploads\/2024\/06\/pexels-elevate-1269043_2024-06-21_14-40-13_jpg_2024-06-21_14-40-16-scaled.webp.webp?fit=1200%2C801&ssl=1&resize=350%2C200","width":350,"height":200,"srcset":"https:\/\/i0.wp.com\/ismaelcolosi.com.br\/wp-content\/uploads\/2024\/06\/pexels-elevate-1269043_2024-06-21_14-40-13_jpg_2024-06-21_14-40-16-scaled.webp.webp?fit=1200%2C801&ssl=1&resize=350%2C200 1x, https:\/\/i0.wp.com\/ismaelcolosi.com.br\/wp-content\/uploads\/2024\/06\/pexels-elevate-1269043_2024-06-21_14-40-13_jpg_2024-06-21_14-40-16-scaled.webp.webp?fit=1200%2C801&ssl=1&resize=525%2C300 1.5x, https:\/\/i0.wp.com\/ismaelcolosi.com.br\/wp-content\/uploads\/2024\/06\/pexels-elevate-1269043_2024-06-21_14-40-13_jpg_2024-06-21_14-40-16-scaled.webp.webp?fit=1200%2C801&ssl=1&resize=700%2C400 2x, https:\/\/i0.wp.com\/ismaelcolosi.com.br\/wp-content\/uploads\/2024\/06\/pexels-elevate-1269043_2024-06-21_14-40-13_jpg_2024-06-21_14-40-16-scaled.webp.webp?fit=1200%2C801&ssl=1&resize=1050%2C600 3x"},"classes":[]},{"id":65720,"url":"https:\/\/ismaelcolosi.com.br\/index.php\/2024\/09\/13\/rp-folia-festival-de-cerveja-e-shows-de-comedia-veja-a-programacao-do-fim-de-semana-em-ribeirao\/","url_meta":{"origin":4312,"position":4},"title":"RP Folia, festival de cerveja e shows de com\u00e9dia: Veja a programa\u00e7\u00e3o do fim de semana em Ribeir\u00e3o","author":"ismaelcolosi.com.br","date":"13 de September de 2024","format":false,"excerpt":"Para quem n\u00e3o gosta de ficar parado no fim de semana, Ribeir\u00e3o Preto conta com uma programa\u00e7\u00e3o agitada. Entre os destaques est\u00e3o A micareta fora de \u00e9poca com RP Folia, show de F\u00e1bio Jr, a primeira edi\u00e7\u00e3o do festival de rock Tribos Rock Fest, festival de cerveja e shows de\u2026","rel":"","context":"In &quot;Not\u00edcias de Ribeir\u00e3o Preto-SP e Regi\u00e3o&quot;","block_context":{"text":"Not\u00edcias de Ribeir\u00e3o Preto-SP e Regi\u00e3o","link":"https:\/\/ismaelcolosi.com.br\/index.php\/category\/noticias-de-ribeirao-preto-sp-e-regiao-ismael-colosi\/"},"img":{"alt_text":"","src":"https:\/\/i0.wp.com\/ismaelcolosi.com.br\/wp-content\/uploads\/2024\/09\/bell-marques_2024-09-13_15-25-54_jpg_2024-09-13_15-25-54.webp.webp?fit=1200%2C874&ssl=1&resize=350%2C200","width":350,"height":200,"srcset":"https:\/\/i0.wp.com\/ismaelcolosi.com.br\/wp-content\/uploads\/2024\/09\/bell-marques_2024-09-13_15-25-54_jpg_2024-09-13_15-25-54.webp.webp?fit=1200%2C874&ssl=1&resize=350%2C200 1x, https:\/\/i0.wp.com\/ismaelcolosi.com.br\/wp-content\/uploads\/2024\/09\/bell-marques_2024-09-13_15-25-54_jpg_2024-09-13_15-25-54.webp.webp?fit=1200%2C874&ssl=1&resize=525%2C300 1.5x, https:\/\/i0.wp.com\/ismaelcolosi.com.br\/wp-content\/uploads\/2024\/09\/bell-marques_2024-09-13_15-25-54_jpg_2024-09-13_15-25-54.webp.webp?fit=1200%2C874&ssl=1&resize=700%2C400 2x, https:\/\/i0.wp.com\/ismaelcolosi.com.br\/wp-content\/uploads\/2024\/09\/bell-marques_2024-09-13_15-25-54_jpg_2024-09-13_15-25-54.webp.webp?fit=1200%2C874&ssl=1&resize=1050%2C600 3x"},"classes":[]},{"id":71954,"url":"https:\/\/ismaelcolosi.com.br\/index.php\/2024\/10\/18\/alca-do-trevao-de-ribeirao-segue-com-bloqueio-apos-caminhao-de-cerveja-tombar\/","url_meta":{"origin":4312,"position":5},"title":"Al\u00e7a do Trev\u00e3o de Ribeir\u00e3o segue com bloqueio ap\u00f3s caminh\u00e3o de cerveja tombar","author":"ismaelcolosi.com.br","date":"18 de October de 2024","format":false,"excerpt":"Na manh\u00e3 desta sexta-feira (18), um caminh\u00e3o carregado de cerveja tombou no Trev\u00e3o de Ribeir\u00e3o Preto. Ainda h\u00e1 interdi\u00e7\u00e3o para o motorista que vem do Anel Vi\u00e1rio Sul e rodovia Ant\u00f4nio Machado Sant\u2019Anna (SP-255), e acessa\u00a0a\u00a0Anhanguera. O desvio est\u00e1 sendo feito pela rodovia Abr\u00e3o Assed (SP-333), no sentido Serrana. N\u00e3o\u2026","rel":"","context":"In &quot;Not\u00edcias de Ribeir\u00e3o Preto-SP e Regi\u00e3o&quot;","block_context":{"text":"Not\u00edcias de Ribeir\u00e3o Preto-SP e Regi\u00e3o","link":"https:\/\/ismaelcolosi.com.br\/index.php\/category\/noticias-de-ribeirao-preto-sp-e-regiao-ismael-colosi\/"},"img":{"alt_text":"","src":"https:\/\/i0.wp.com\/ismaelcolosi.com.br\/wp-content\/uploads\/2024\/10\/Copia-de-Copia-de-Copia-de-TAMANHO-EXATO-PARA-FOTOS-NO-SISTEMA-NOVO-25_2024-10-18_18-44-36_png_2024-10-18_18-44-36.webp.webp?fit=1200%2C675&ssl=1&resize=350%2C200","width":350,"height":200,"srcset":"https:\/\/i0.wp.com\/ismaelcolosi.com.br\/wp-content\/uploads\/2024\/10\/Copia-de-Copia-de-Copia-de-TAMANHO-EXATO-PARA-FOTOS-NO-SISTEMA-NOVO-25_2024-10-18_18-44-36_png_2024-10-18_18-44-36.webp.webp?fit=1200%2C675&ssl=1&resize=350%2C200 1x, https:\/\/i0.wp.com\/ismaelcolosi.com.br\/wp-content\/uploads\/2024\/10\/Copia-de-Copia-de-Copia-de-TAMANHO-EXATO-PARA-FOTOS-NO-SISTEMA-NOVO-25_2024-10-18_18-44-36_png_2024-10-18_18-44-36.webp.webp?fit=1200%2C675&ssl=1&resize=525%2C300 1.5x, https:\/\/i0.wp.com\/ismaelcolosi.com.br\/wp-content\/uploads\/2024\/10\/Copia-de-Copia-de-Copia-de-TAMANHO-EXATO-PARA-FOTOS-NO-SISTEMA-NOVO-25_2024-10-18_18-44-36_png_2024-10-18_18-44-36.webp.webp?fit=1200%2C675&ssl=1&resize=700%2C400 2x, https:\/\/i0.wp.com\/ismaelcolosi.com.br\/wp-content\/uploads\/2024\/10\/Copia-de-Copia-de-Copia-de-TAMANHO-EXATO-PARA-FOTOS-NO-SISTEMA-NOVO-25_2024-10-18_18-44-36_png_2024-10-18_18-44-36.webp.webp?fit=1200%2C675&ssl=1&resize=1050%2C600 3x"},"classes":[]}],"jetpack_sharing_enabled":true,"jetpack_shortlink":"https:\/\/wp.me\/pfMlyK-17y","_links":{"self":[{"href":"https:\/\/ismaelcolosi.com.br\/index.php\/wp-json\/wp\/v2\/posts\/4312","targetHints":{"allow":["GET"]}}],"collection":[{"href":"https:\/\/ismaelcolosi.com.br\/index.php\/wp-json\/wp\/v2\/posts"}],"about":[{"href":"https:\/\/ismaelcolosi.com.br\/index.php\/wp-json\/wp\/v2\/types\/post"}],"author":[{"embeddable":true,"href":"https:\/\/ismaelcolosi.com.br\/index.php\/wp-json\/wp\/v2\/users\/1"}],"replies":[{"embeddable":true,"href":"https:\/\/ismaelcolosi.com.br\/index.php\/wp-json\/wp\/v2\/comments?post=4312"}],"version-history":[{"count":0,"href":"https:\/\/ismaelcolosi.com.br\/index.php\/wp-json\/wp\/v2\/posts\/4312\/revisions"}],"wp:featuredmedia":[{"embeddable":true,"href":"https:\/\/ismaelcolosi.com.br\/index.php\/wp-json\/wp\/v2\/media\/4313"}],"wp:attachment":[{"href":"https:\/\/ismaelcolosi.com.br\/index.php\/wp-json\/wp\/v2\/media?parent=4312"}],"wp:term":[{"taxonomy":"category","embeddable":true,"href":"https:\/\/ismaelcolosi.com.br\/index.php\/wp-json\/wp\/v2\/categories?post=4312"},{"taxonomy":"post_tag","embeddable":true,"href":"https:\/\/ismaelcolosi.com.br\/index.php\/wp-json\/wp\/v2\/tags?post=4312"}],"curies":[{"name":"wp","href":"https:\/\/api.w.org\/{rel}","templated":true}]}}