{"id":4306,"date":"2023-11-21T09:15:47","date_gmt":"2023-11-21T12:15:47","guid":{"rendered":"https:\/\/ismaelcolosi.com.br\/index.php\/2023\/11\/21\/uninove-oferece-cursos-de-pos-graduacoes-totalmente-gratuitos\/"},"modified":"2023-11-21T09:15:47","modified_gmt":"2023-11-21T12:15:47","slug":"uninove-oferece-cursos-de-pos-graduacoes-totalmente-gratuitos","status":"publish","type":"post","link":"https:\/\/ismaelcolosi.com.br\/index.php\/2023\/11\/21\/uninove-oferece-cursos-de-pos-graduacoes-totalmente-gratuitos\/","title":{"rendered":"Uninove oferece cursos de p\u00f3s-gradua\u00e7\u00f5es totalmente gratuitos"},"content":{"rendered":"<p> <br \/>\n<\/p>\n<div>\n<p>A Universidade Nove de Julho (Uninove) anunciou a abertura de inscri\u00e7\u00f5es para os processos seletivos de dois novos cursos gratuitos de p\u00f3s-gradua\u00e7\u00e3o lato sensu em \u00e1reas relacionadas ao servi\u00e7o p\u00fablico.<\/p>\n<p>Os programas de especializa\u00e7\u00e3o MBA s\u00e3o em \u2018<a href=\"https:\/\/www.uninove.br\/cursos\/mba\/presencial-e-ead\/especializacao-em-direito-politicas-publicas-e-controle-externo\" target=\"_blank\" rel=\"noopener\">Direito, Pol\u00edticas P\u00fablicas e Controle Externo<\/a>\u2018 e \u2018<a href=\"https:\/\/www.uninove.br\/cursos\/mba\/presencial-e-ead\/cidades-inteligentes-e-sustentaveis\" target=\"_blank\" rel=\"noopener\">Cidades Inteligentes e Sustent\u00e1veis<\/a>\u2018.<\/p>\n<div id=\"attachment_2312826\" class=\"wp-caption aligncenter\">\n<div class=\"d-flex justify-content-center\" data-attachment-id=\"2312826\">\n<div class=\"position-relative d-inline-block\"><img data-recalc-dims=\"1\" data-portal-copyright=\"Divulga\u00e7\u00e3o\" decoding=\"async\" fetchpriority=\"high\" class=\"wp-image-2312826 size-large\" src=\"https:\/\/i0.wp.com\/catracalivre.com.br\/wp-content\/uploads\/2023\/11\/uninove-cursos-gratuitos-910x541.jpg?resize=910%2C541&#038;ssl=1\" alt=\"Uninove oferece cursos de p\u00f3s-gradua\u00e7\u00f5es gratuitos\" width=\"910\" height=\"541\" srcset=\"https:\/\/catracalivre.com.br\/wp-content\/uploads\/2023\/11\/uninove-cursos-gratuitos-910x541.jpg 910w, https:\/\/catracalivre.com.br\/wp-content\/uploads\/2023\/11\/uninove-cursos-gratuitos-450x268.jpg 450w, https:\/\/catracalivre.com.br\/wp-content\/uploads\/2023\/11\/uninove-cursos-gratuitos-768x457.jpg 768w\" sizes=\"(max-width: 910px) 100vw, 910px\"\/><\/p>\n<p>Cr\u00e9ditos: Divulga\u00e7\u00e3o<\/p>\n<\/div>\n<\/div>\n<p><span class=\"post-imagem__legenda\">Uninove oferece cursos de p\u00f3s-gradua\u00e7\u00f5es gratuitos<\/span><\/p>\n<\/div>\n<p>Ambas as forma\u00e7\u00f5es ser\u00e3o ministradas na modalidade remota (online), com dura\u00e7\u00e3o de 12 meses.<\/p>\n<p>A coordena\u00e7\u00e3o das p\u00f3s-gradua\u00e7\u00f5es ficar\u00e1 a cargo do procurador de justi\u00e7a e professor Dimas Ramalho, conselheiro do Tribunal de Contas do Estado de S\u00e3o Paulo (TCESP), entidade da qual tamb\u00e9m foi presidente entre 2016 e 2022.<\/p>\n<h2>Vagas nos cursos gratuitos de p\u00f3s da Uninove<\/h2>\n<p>Ao todo, ser\u00e3o disponibilizadas 100 vagas para cada curso, todas com bolsa integral. Os interessados dever\u00e3o realizar suas inscri\u00e7\u00f5es para os processos seletivos at\u00e9 o dia 21 de novembro no\u00a0site da Uninove\u00a0(confira as instru\u00e7\u00f5es abaixo).<\/p>\n<p>O resultado das avalia\u00e7\u00f5es ser\u00e1 divulgado at\u00e9 o dia 4 de dezembro, com per\u00edodo de matr\u00edcula previsto entre 5 e 22 de dezembro.<\/p>\n<p>O in\u00edcio das aulas est\u00e1 programado para 19 de fevereiro de 2024 e a carga hor\u00e1ria de ambas as p\u00f3s-gradua\u00e7\u00f5es ser\u00e1 de 360 horas\/aula.<\/p>\n<h3>Forma\u00e7\u00e3o em \u2018Direito, Pol\u00edticas P\u00fablicas e Controle Externo\u2019<\/h3>\n<p>O objetivo da especializa\u00e7\u00e3o em \u2018Direito, Pol\u00edticas P\u00fablicas e Controle Externo\u2019 \u00e9 integrar teoria e pr\u00e1tica, promovendo a intera\u00e7\u00e3o dial\u00f3gica entre diferentes modalidades de an\u00e1lise de pol\u00edticas p\u00fablicas e o direito.<\/p>\n<p>Com \u00eanfase no controle externo realizado por institui\u00e7\u00f5es estatais, especialmente nos Tribunais de Contas, a p\u00f3s-gradua\u00e7\u00e3o pretende capacitar os participantes a aprimorar positivamente a qualidade dos servi\u00e7os p\u00fablicos, incentivando uma gest\u00e3o eficaz.<\/p>\n<h3>Forma\u00e7\u00e3o em \u2018Cidades Inteligentes e Sustent\u00e1veis\u2019<\/h3>\n<p>J\u00e1 o curso em \u2018Cidades Inteligentes e Sustent\u00e1veis\u2019 promove o aperfei\u00e7oamento na \u00e1rea do planejamento urbano, explorando estrat\u00e9gias adotadas pelos poderes p\u00fablicos, empresas e organiza\u00e7\u00f5es n\u00e3o governamentais para a melhoria da qualidade de vida da sociedade.<\/p>\n<p>O programa oferece um entendimento aprofundado das tend\u00eancias e inova\u00e7\u00f5es relacionadas a esta \u00e1rea, abordando a transforma\u00e7\u00e3o tecnol\u00f3gica das cidades para a cria\u00e7\u00e3o de ambientes mais acess\u00edveis, inovadores, interconectados, inteligentes, sustent\u00e1veis, resilientes, humanizados, democr\u00e1ticos e inclusivos.<\/p>\n<h3>Inscri\u00e7\u00f5es e contato<\/h3>\n<p>Para realizar a inscri\u00e7\u00e3o e obter mais informa\u00e7\u00f5es, os interessados dever\u00e3o acessar as p\u00e1ginas do site da Uninove relacionadas a cada curso:\u00a0\u2018Direito, Pol\u00edticas P\u00fablicas e Controle Externo\u2019\u00a0e\u00a0\u2018Cidades Inteligentes e Sustent\u00e1veis\u2019.<\/p>\n<p>Os editais est\u00e3o dispon\u00edveis na aba \u2018in\u00edcio das aulas\u2019.<\/p>\n<p>D\u00favidas podem ser esclarecidas entrando com Denize, respons\u00e1vel pelo atendimento, por meio do e-mail: denizedm@uninove.br e do telefone (11) 3385-9093.<\/p>\n<\/div>\n<p><script>\n\t\t! function(f, b, e, v, n, t, s) {\n\t\t\tif (f.fbq) return;\n\t\t\tn = f.fbq = function() {\n\t\t\t\tn.callMethod ?\n\t\t\t\t\tn.callMethod.apply(n, arguments) : n.queue.push(arguments)\n\t\t\t};\n\t\t\tif (!f._fbq) f._fbq = n;\n\t\t\tn.push = n;\n\t\t\tn.loaded = !0;\n\t\t\tn.version = '2.0';\n\t\t\tn.queue = [];\n\t\t\tt = b.createElement(e);\n\t\t\tt.async = !0;\n\t\t\tt.src = v;\n\t\t\ts = b.getElementsByTagName(e)[0];\n\t\t\ts.parentNode.insertBefore(t, s)\n\t\t}(window, document, 'script',\n\t\t\t'https:\/\/connect.facebook.net\/en_US\/fbevents.js');\n\t\tfbq('init', '338315473262380');\n\t\tfbq('track', 'PageView');\n\t<\/script><br \/>\n<br \/><br \/>\n<br \/><a href=\"https:\/\/catracalivre.com.br\/educacao\/uninove-oferece-cursos-de-pos-graduacoes-totalmente-gratuitos\/\">Source link <\/a><\/p>\n<div class='code-block code-block-4' style='margin: 8px auto 8px 0; text-align: left; display: block; clear: both;'>\n\ud83d\udce2 Aviso Legal\n\nO site ismaelcolosi.com.br atua apenas como um canal de divulga\u00e7\u00e3o de oportunidades de emprego e n\u00e3o se responsabiliza pelo processo seletivo, contrata\u00e7\u00e3o ou qualquer outra etapa relacionada \u00e0s vagas publicadas. Todas as informa\u00e7\u00f5es s\u00e3o de responsabilidade dos anunciantes.\n\n\u26a0\ufe0f Aten\u00e7\u00e3o! Nunca pague por promessas de emprego nem compre cursos que garantam contrata\u00e7\u00e3o. Desconfie de qualquer cobran\u00e7a para participar de sele\u00e7\u00f5es.\n\n\n\n<\/div>\n<!-- CONTENT END 1 -->\n","protected":false},"excerpt":{"rendered":"<p>A Universidade Nove de Julho (Uninove) anunciou a abertura de inscri\u00e7\u00f5es para os processos seletivos de dois novos cursos gratuitos de p\u00f3s-gradua\u00e7\u00e3o lato sensu em&#8230;<\/p>\n","protected":false},"author":1,"featured_media":4307,"comment_status":"open","ping_status":"open","sticky":false,"template":"","format":"standard","meta":{"_uag_custom_page_level_css":"","advanced_seo_description":"","jetpack_seo_html_title":"","jetpack_seo_noindex":false,"jetpack_post_was_ever_published":false,"_jetpack_newsletter_access":"","_jetpack_dont_email_post_to_subs":false,"_jetpack_newsletter_tier_id":0,"_jetpack_memberships_contains_paywalled_content":false,"_jetpack_memberships_contains_paid_content":false,"footnotes":"","jetpack_publicize_message":"","jetpack_publicize_feature_enabled":true,"jetpack_social_post_already_shared":true,"jetpack_social_options":{"image_generator_settings":{"template":"highway","default_image_id":0,"font":"","enabled":false},"version":2}},"categories":[19],"tags":[],"class_list":["post-4306","post","type-post","status-publish","format-standard","has-post-thumbnail","hentry","category-variedades"],"jetpack_publicize_connections":[],"jetpack_featured_media_url":"https:\/\/i0.wp.com\/ismaelcolosi.com.br\/wp-content\/uploads\/2023\/11\/uninove-cursos-gratuitos.jpg?fit=1200%2C638&ssl=1","uagb_featured_image_src":{"full":["https:\/\/i0.wp.com\/ismaelcolosi.com.br\/wp-content\/uploads\/2023\/11\/uninove-cursos-gratuitos.jpg?fit=1200%2C638&ssl=1",1200,638,false],"thumbnail":["https:\/\/i0.wp.com\/ismaelcolosi.com.br\/wp-content\/uploads\/2023\/11\/uninove-cursos-gratuitos.jpg?resize=150%2C150&ssl=1",150,150,true],"medium":["https:\/\/i0.wp.com\/ismaelcolosi.com.br\/wp-content\/uploads\/2023\/11\/uninove-cursos-gratuitos.jpg?fit=300%2C160&ssl=1",300,160,true],"medium_large":["https:\/\/i0.wp.com\/ismaelcolosi.com.br\/wp-content\/uploads\/2023\/11\/uninove-cursos-gratuitos.jpg?fit=768%2C408&ssl=1",768,408,true],"large":["https:\/\/i0.wp.com\/ismaelcolosi.com.br\/wp-content\/uploads\/2023\/11\/uninove-cursos-gratuitos.jpg?fit=1024%2C544&ssl=1",1024,544,true],"1536x1536":["https:\/\/i0.wp.com\/ismaelcolosi.com.br\/wp-content\/uploads\/2023\/11\/uninove-cursos-gratuitos.jpg?fit=1200%2C638&ssl=1",1200,638,true],"2048x2048":["https:\/\/i0.wp.com\/ismaelcolosi.com.br\/wp-content\/uploads\/2023\/11\/uninove-cursos-gratuitos.jpg?fit=1200%2C638&ssl=1",1200,638,true],"really-simple-thumb":["https:\/\/i0.wp.com\/ismaelcolosi.com.br\/wp-content\/uploads\/2023\/11\/uninove-cursos-gratuitos.jpg?resize=370%2C247&ssl=1",370,247,true]},"uagb_author_info":{"display_name":"ismaelcolosi.com.br","author_link":"https:\/\/ismaelcolosi.com.br\/index.php\/author\/vidareal-online\/"},"uagb_comment_info":0,"uagb_excerpt":"A Universidade Nove de Julho (Uninove) anunciou a abertura de inscri\u00e7\u00f5es para os processos seletivos de dois novos cursos gratuitos de p\u00f3s-gradua\u00e7\u00e3o lato sensu em...","jetpack-related-posts":[{"id":11054,"url":"https:\/\/ismaelcolosi.com.br\/index.php\/2023\/12\/05\/ufscar-recebe-inscricoes-em-8-cursos-gratuitos-de-pos-graduacao\/","url_meta":{"origin":4306,"position":0},"title":"UFSCar recebe inscri\u00e7\u00f5es em 8 cursos gratuitos de p\u00f3s-gradua\u00e7\u00e3o","author":"ismaelcolosi.com.br","date":"5 de December de 2023","format":false,"excerpt":"A Universidade Federal de S\u00e3o Carlos (UFSCar) est\u00e1 com inscri\u00e7\u00f5es abertas em oito cursos gratuitos de p\u00f3s-gradua\u00e7\u00e3o \u2013todos com certificado ao final. Ao todo, s\u00e3o 357 vagas ofertadas, distribu\u00eddas entre mestrado e doutorado. Cr\u00e9ditos: Milanetto\/Divulga\u00e7\u00e3oUFSCar recebe inscri\u00e7\u00f5es em 8 cursos gratuitos de p\u00f3s-gradua\u00e7\u00e3o Para conferir detalhes a respeito dos programas\u2026","rel":"","context":"In &quot;Variedades&quot;","block_context":{"text":"Variedades","link":"https:\/\/ismaelcolosi.com.br\/index.php\/category\/variedades\/"},"img":{"alt_text":"","src":"https:\/\/i0.wp.com\/ismaelcolosi.com.br\/wp-content\/uploads\/2023\/12\/ufscar-cursos-gratuitos-scaled.jpg?fit=1200%2C638&ssl=1&resize=350%2C200","width":350,"height":200,"srcset":"https:\/\/i0.wp.com\/ismaelcolosi.com.br\/wp-content\/uploads\/2023\/12\/ufscar-cursos-gratuitos-scaled.jpg?fit=1200%2C638&ssl=1&resize=350%2C200 1x, https:\/\/i0.wp.com\/ismaelcolosi.com.br\/wp-content\/uploads\/2023\/12\/ufscar-cursos-gratuitos-scaled.jpg?fit=1200%2C638&ssl=1&resize=525%2C300 1.5x, https:\/\/i0.wp.com\/ismaelcolosi.com.br\/wp-content\/uploads\/2023\/12\/ufscar-cursos-gratuitos-scaled.jpg?fit=1200%2C638&ssl=1&resize=700%2C400 2x, https:\/\/i0.wp.com\/ismaelcolosi.com.br\/wp-content\/uploads\/2023\/12\/ufscar-cursos-gratuitos-scaled.jpg?fit=1200%2C638&ssl=1&resize=1050%2C600 3x"},"classes":[]},{"id":5758,"url":"https:\/\/ismaelcolosi.com.br\/index.php\/2023\/11\/24\/ufscar-recebe-inscricoes-em-6-cursos-gratuitos-de-pos\/","url_meta":{"origin":4306,"position":1},"title":"UFSCar recebe inscri\u00e7\u00f5es em 6 cursos gratuitos de p\u00f3s","author":"ismaelcolosi.com.br","date":"24 de November de 2023","format":false,"excerpt":"A Universidade Federal de S\u00e3o Carlos (UFSCar) est\u00e1 com inscri\u00e7\u00f5es abertas na sele\u00e7\u00e3o para cursos gratuitos em p\u00f3s-gradua\u00e7\u00e3o em diversas \u00e1reas. Ao todo, s\u00e3o 291 vagas ofertadas, distribu\u00eddas entre cursos de mestrado e doutorado em Produ\u00e7\u00e3o Vegetal e Bioprocessos Associados; Fisioterapia; Ci\u00eancia e Engenharia de Materiais; Qu\u00edmica; Administra\u00e7\u00e3o; Engenharia de\u2026","rel":"","context":"In &quot;Variedades&quot;","block_context":{"text":"Variedades","link":"https:\/\/ismaelcolosi.com.br\/index.php\/category\/variedades\/"},"img":{"alt_text":"","src":"https:\/\/i0.wp.com\/ismaelcolosi.com.br\/wp-content\/uploads\/2023\/11\/ufscar-1.jpg?fit=1200%2C638&ssl=1&resize=350%2C200","width":350,"height":200,"srcset":"https:\/\/i0.wp.com\/ismaelcolosi.com.br\/wp-content\/uploads\/2023\/11\/ufscar-1.jpg?fit=1200%2C638&ssl=1&resize=350%2C200 1x, https:\/\/i0.wp.com\/ismaelcolosi.com.br\/wp-content\/uploads\/2023\/11\/ufscar-1.jpg?fit=1200%2C638&ssl=1&resize=525%2C300 1.5x, https:\/\/i0.wp.com\/ismaelcolosi.com.br\/wp-content\/uploads\/2023\/11\/ufscar-1.jpg?fit=1200%2C638&ssl=1&resize=700%2C400 2x, https:\/\/i0.wp.com\/ismaelcolosi.com.br\/wp-content\/uploads\/2023\/11\/ufscar-1.jpg?fit=1200%2C638&ssl=1&resize=1050%2C600 3x"},"classes":[]},{"id":9191,"url":"https:\/\/ismaelcolosi.com.br\/index.php\/2023\/12\/01\/quem-e-o-professor-universitario-que-teve-a-vida-tirada-apos-reagir-a-assalto-em-sp-video-do-momento-e-exposto\/","url_meta":{"origin":4306,"position":2},"title":"Quem \u00e9 o professor universit\u00e1rio que teve a vida tirada ap\u00f3s reagir a assalto em SP; v\u00eddeo do momento \u00e9 exposto","author":"ismaelcolosi.com.br","date":"1 de December de 2023","format":false,"excerpt":"As autoridades est\u00e3o investigando a morte do professor universit\u00e1rio, Nilson Savetti, de 66 anos de idade. Ele foi baleado por criminosos armados que tinham interesse em seu carro, na regi\u00e3o do Jardim Mirante, na Zona Sul de S\u00e3o Paulo.A v\u00edtima chegou a ser socorrida, mas n\u00e3o conseguiu resistir aos ferimentos.\u2026","rel":"","context":"In &quot;Blog&quot;","block_context":{"text":"Blog","link":"https:\/\/ismaelcolosi.com.br\/index.php\/category\/blog\/"},"img":{"alt_text":"","src":"https:\/\/i0.wp.com\/ismaelcolosi.com.br\/wp-content\/uploads\/2023\/12\/postimg-656a19c4af6a53242.jpg?fit=1200%2C628&ssl=1&resize=350%2C200","width":350,"height":200,"srcset":"https:\/\/i0.wp.com\/ismaelcolosi.com.br\/wp-content\/uploads\/2023\/12\/postimg-656a19c4af6a53242.jpg?fit=1200%2C628&ssl=1&resize=350%2C200 1x, https:\/\/i0.wp.com\/ismaelcolosi.com.br\/wp-content\/uploads\/2023\/12\/postimg-656a19c4af6a53242.jpg?fit=1200%2C628&ssl=1&resize=525%2C300 1.5x, https:\/\/i0.wp.com\/ismaelcolosi.com.br\/wp-content\/uploads\/2023\/12\/postimg-656a19c4af6a53242.jpg?fit=1200%2C628&ssl=1&resize=700%2C400 2x, https:\/\/i0.wp.com\/ismaelcolosi.com.br\/wp-content\/uploads\/2023\/12\/postimg-656a19c4af6a53242.jpg?fit=1200%2C628&ssl=1&resize=1050%2C600 3x"},"classes":[]},{"id":32164,"url":"https:\/\/ismaelcolosi.com.br\/index.php\/2024\/01\/24\/analista-administrativo-senior-home-office\/","url_meta":{"origin":4306,"position":3},"title":"ANALISTA ADMINISTRATIVO S\u00caNIOR &#8211; HOME OFFICE","author":"ismaelcolosi.com.br","date":"24 de January de 2024","format":false,"excerpt":"Veja os detalhes da vaga a seguir e prepare o seu melhor curr\u00edculo! Sobre a empresa Somos uma empresa de resultados s\u00f3lidos e em cont\u00ednuo crescimento. Acreditamos que a inova\u00e7\u00e3o, o respeito e o comprometimento, atrelados \u00e0 conhecimento e experi\u00eancia, se traduzem em resultados para nossos clientes. Trabalhar na Lyon\u2026","rel":"","context":"In &quot;Vagas de Emprego Remoto - Home Office&quot;","block_context":{"text":"Vagas de Emprego Remoto - Home Office","link":"https:\/\/ismaelcolosi.com.br\/index.php\/category\/empregos-classificados-vagas-trabalho\/vagas-de-empregos-em-ribeirao-preto-regiao-brasil\/vagas-de-emprego-para-trabalhar-de-casa-home-office-remoto\/"},"img":{"alt_text":"","src":"https:\/\/i0.wp.com\/ismaelcolosi.com.br\/wp-content\/uploads\/2024\/01\/vagas-de-empreg-recepcionista-bilingue.webp.webp?fit=1200%2C801&ssl=1&resize=350%2C200","width":350,"height":200,"srcset":"https:\/\/i0.wp.com\/ismaelcolosi.com.br\/wp-content\/uploads\/2024\/01\/vagas-de-empreg-recepcionista-bilingue.webp.webp?fit=1200%2C801&ssl=1&resize=350%2C200 1x, https:\/\/i0.wp.com\/ismaelcolosi.com.br\/wp-content\/uploads\/2024\/01\/vagas-de-empreg-recepcionista-bilingue.webp.webp?fit=1200%2C801&ssl=1&resize=525%2C300 1.5x, https:\/\/i0.wp.com\/ismaelcolosi.com.br\/wp-content\/uploads\/2024\/01\/vagas-de-empreg-recepcionista-bilingue.webp.webp?fit=1200%2C801&ssl=1&resize=700%2C400 2x, https:\/\/i0.wp.com\/ismaelcolosi.com.br\/wp-content\/uploads\/2024\/01\/vagas-de-empreg-recepcionista-bilingue.webp.webp?fit=1200%2C801&ssl=1&resize=1050%2C600 3x"},"classes":[]},{"id":7684,"url":"https:\/\/ismaelcolosi.com.br\/index.php\/2023\/11\/28\/ita-abre-vagas-para-10-cursos-gratuitos-online-e-com-certificacao\/","url_meta":{"origin":4306,"position":4},"title":"ITA abre vagas para 10 cursos gratuitos, online e com certifica\u00e7\u00e3o","author":"ismaelcolosi.com.br","date":"28 de November de 2023","format":false,"excerpt":"Cr\u00e9ditos: Instituto Tecnol\u00f3gico de AeronITA oferece cursos gratuitos; confiraO Instituto Tecnol\u00f3gico de Aeron\u00e1utica (ITA) est\u00e1 disponibilizando uma variedade de cursos gratuitos na \u00e1rea de tecnologia. Todos as vagas s\u00e3o oferecidas na modalidade de Ensino a Dist\u00e2ncia (EaD).Atrav\u00e9s da plataforma Coursera, os interessados t\u00eam a oportunidade de se candidatar a uma\u2026","rel":"","context":"In &quot;Variedades&quot;","block_context":{"text":"Variedades","link":"https:\/\/ismaelcolosi.com.br\/index.php\/category\/variedades\/"},"img":{"alt_text":"","src":"https:\/\/i0.wp.com\/ismaelcolosi.com.br\/wp-content\/uploads\/2023\/11\/ita-cursos.jpg?fit=1200%2C638&ssl=1&resize=350%2C200","width":350,"height":200,"srcset":"https:\/\/i0.wp.com\/ismaelcolosi.com.br\/wp-content\/uploads\/2023\/11\/ita-cursos.jpg?fit=1200%2C638&ssl=1&resize=350%2C200 1x, https:\/\/i0.wp.com\/ismaelcolosi.com.br\/wp-content\/uploads\/2023\/11\/ita-cursos.jpg?fit=1200%2C638&ssl=1&resize=525%2C300 1.5x, https:\/\/i0.wp.com\/ismaelcolosi.com.br\/wp-content\/uploads\/2023\/11\/ita-cursos.jpg?fit=1200%2C638&ssl=1&resize=700%2C400 2x, https:\/\/i0.wp.com\/ismaelcolosi.com.br\/wp-content\/uploads\/2023\/11\/ita-cursos.jpg?fit=1200%2C638&ssl=1&resize=1050%2C600 3x"},"classes":[]},{"id":82535,"url":"https:\/\/ismaelcolosi.com.br\/index.php\/2025\/02\/03\/embrapa-lanca-novos-cursos-ead-gratuitos-com-certificacao-para-2025-confira\/","url_meta":{"origin":4306,"position":5},"title":"Embrapa Lan\u00e7a Novos Cursos EAD Gratuitos com Certifica\u00e7\u00e3o para 2025; Confira!","author":"Arthur Tijolo","date":"3 de February de 2025","format":false,"excerpt":"Cursos EAD Gratuitos da Embrapa Temas dos Cursos: Os cursos abrangem uma variedade de temas, incluindo Gest\u00e3o de Propriedade e Ferramentas, Produ\u00e7\u00e3o Integrada de Borracha Natural, Compostagem, Recupera\u00e7\u00e3o de Pastagens Degradadas, entre outros. Certifica\u00e7\u00e3o: Todos os cursos EAD oferecem certifica\u00e7\u00e3o aos participantes, o que pode ser uma \u00f3tima oportunidade para\u2026","rel":"","context":"In &quot;Cursos Gratuitos e Bolsas de Estudos&quot;","block_context":{"text":"Cursos Gratuitos e Bolsas de Estudos","link":"https:\/\/ismaelcolosi.com.br\/index.php\/category\/cursos-gratuitos-e-bolsas-de-estudos-ribeirao-preto\/"},"img":{"alt_text":"","src":"https:\/\/i0.wp.com\/ismaelcolosi.com.br\/wp-content\/uploads\/2025\/02\/WhatsApp-Image-2025-02-03-at-13.35.14.jpeg?fit=1200%2C630&ssl=1&resize=350%2C200","width":350,"height":200,"srcset":"https:\/\/i0.wp.com\/ismaelcolosi.com.br\/wp-content\/uploads\/2025\/02\/WhatsApp-Image-2025-02-03-at-13.35.14.jpeg?fit=1200%2C630&ssl=1&resize=350%2C200 1x, https:\/\/i0.wp.com\/ismaelcolosi.com.br\/wp-content\/uploads\/2025\/02\/WhatsApp-Image-2025-02-03-at-13.35.14.jpeg?fit=1200%2C630&ssl=1&resize=525%2C300 1.5x, https:\/\/i0.wp.com\/ismaelcolosi.com.br\/wp-content\/uploads\/2025\/02\/WhatsApp-Image-2025-02-03-at-13.35.14.jpeg?fit=1200%2C630&ssl=1&resize=700%2C400 2x, https:\/\/i0.wp.com\/ismaelcolosi.com.br\/wp-content\/uploads\/2025\/02\/WhatsApp-Image-2025-02-03-at-13.35.14.jpeg?fit=1200%2C630&ssl=1&resize=1050%2C600 3x"},"classes":[]}],"jetpack_sharing_enabled":true,"jetpack_shortlink":"https:\/\/wp.me\/pfMlyK-17s","_links":{"self":[{"href":"https:\/\/ismaelcolosi.com.br\/index.php\/wp-json\/wp\/v2\/posts\/4306","targetHints":{"allow":["GET"]}}],"collection":[{"href":"https:\/\/ismaelcolosi.com.br\/index.php\/wp-json\/wp\/v2\/posts"}],"about":[{"href":"https:\/\/ismaelcolosi.com.br\/index.php\/wp-json\/wp\/v2\/types\/post"}],"author":[{"embeddable":true,"href":"https:\/\/ismaelcolosi.com.br\/index.php\/wp-json\/wp\/v2\/users\/1"}],"replies":[{"embeddable":true,"href":"https:\/\/ismaelcolosi.com.br\/index.php\/wp-json\/wp\/v2\/comments?post=4306"}],"version-history":[{"count":0,"href":"https:\/\/ismaelcolosi.com.br\/index.php\/wp-json\/wp\/v2\/posts\/4306\/revisions"}],"wp:featuredmedia":[{"embeddable":true,"href":"https:\/\/ismaelcolosi.com.br\/index.php\/wp-json\/wp\/v2\/media\/4307"}],"wp:attachment":[{"href":"https:\/\/ismaelcolosi.com.br\/index.php\/wp-json\/wp\/v2\/media?parent=4306"}],"wp:term":[{"taxonomy":"category","embeddable":true,"href":"https:\/\/ismaelcolosi.com.br\/index.php\/wp-json\/wp\/v2\/categories?post=4306"},{"taxonomy":"post_tag","embeddable":true,"href":"https:\/\/ismaelcolosi.com.br\/index.php\/wp-json\/wp\/v2\/tags?post=4306"}],"curies":[{"name":"wp","href":"https:\/\/api.w.org\/{rel}","templated":true}]}}