{"id":42863,"date":"2024-03-17T18:28:12","date_gmt":"2024-03-17T21:28:12","guid":{"rendered":"https:\/\/ismaelcolosi.com.br\/index.php\/2024\/03\/17\/ministerio-da-agricultura-manda-recolher-dez-marcas-de-azeite\/"},"modified":"2024-03-17T18:28:12","modified_gmt":"2024-03-17T21:28:12","slug":"ministerio-da-agricultura-manda-recolher-dez-marcas-de-azeite","status":"publish","type":"post","link":"https:\/\/ismaelcolosi.com.br\/index.php\/2024\/03\/17\/ministerio-da-agricultura-manda-recolher-dez-marcas-de-azeite\/","title":{"rendered":"Minist\u00e9rio da Agricultura manda recolher dez marcas de azeite"},"content":{"rendered":"<p> <br \/>\n<\/p>\n<div id=\"\">\n<p> <span class=\"entry-meta-item penci-posted-on\"><i class=\"fa fa-clock-o\"\/><time class=\"entry-date published\" datetime=\"2024-03-17T18:00:56-03:00\">17 de mar\u00e7o de 2024 | 18:00<\/time><time class=\"updated\" datetime=\"2024-03-16T12:25:03-03:00\">16 de mar\u00e7o de 2024 | 12:25<\/time><\/span><\/p>\n<p> <span class=\"penci-social-buttons penci-social-share-footer\"><a href=\"#\" class=\"penci-post-like penci_post-meta_item  single-like-button penci-social-item like\" data-post_id=\"377621\" title=\"Like\" data-like=\"Like\" data-unlike=\"Unlike\"><i class=\"fa fa-thumbs-o-up\"\/><span class=\"penci-share-number\">0<\/span><\/a><i class=\"fa fa-facebook\"\/><a class=\"penci-social-item twitter\" target=\"_blank\" rel=\"noopener\" title=\"\" href=\"https:\/\/twitter.com\/intent\/tweet?text=Minist\u00e9rio%20da%20Agricultura%20manda%20recolher%20dez%20marcas%20de%20azeite%20-%20https:\/\/www.tribunaribeirao.com.br\/site\/ministerio-da-agricultura-manda-recolher-dez-marcas-de-azeite\/\"><i class=\"fa fa-twitter\"\/><\/a><i class=\"fa fa-whatsapp\"\/><\/span><\/div>\n<div>\n<p>O Minist\u00e9rio da Agricultura e Pecu\u00e1ria (Mapa) ordenou a todos comerciantes, varejistas ou atacadistas, recolherem de suas prateleiras dez marcas de azeite\u00a0de oliva extravirgem.<noscript><img data-recalc-dims=\"1\" decoding=\"async\" src=\"https:\/\/i0.wp.com\/agenciabrasil.ebc.com.br\/ebc.png?ssl=1\"\/><\/noscript><img data-recalc-dims=\"1\" decoding=\"async\" src=\"https:\/\/i0.wp.com\/agenciabrasil.ebc.com.br\/ebc.gif?ssl=1\" class=\"lazyload\"\/><noscript><img data-recalc-dims=\"1\" decoding=\"async\" src=\"https:\/\/i0.wp.com\/agenciabrasil.ebc.com.br\/ebc.gif?ssl=1\"\/><\/noscript><\/p><div class='code-block code-block-8' style='margin: 8px auto; text-align: center; display: block; clear: both;'>\n<script>\n  atOptions = {\n    'key' : '66e2e2111ca34da796271819fc334058',\n    'format' : 'iframe',\n    'height' : 250,\n    'width' : 300,\n    'params' : {}\n  };\n<\/script>\n<script src=\"https:\/\/www.highperformanceformat.com\/66e2e2111ca34da796271819fc334058\/invoke.js\"><\/script>\n<\/div>\n\n<p>Conforme determina\u00e7\u00e3o divulgada na \u00faltima sexta-feira (15), devem ser retiradas de circula\u00e7\u00e3o\u00a0as marcas: Terra de \u00d3bidos; Serra Morena; De Alc\u00e2ntara; Vincenzo; Az Azeite; Almazara; Escarpas das Oliveiras; Don Alejandro; Mezzano; e Uberaba.<\/p>\n<p>Aos consumidores, o Mapa orienta que parem de consumir imediatamente o produto, \u201cpodendo solicitar sua substitui\u00e7\u00e3o nos moldes determinado pelo C\u00f3digo de Defesa do Consumidor. Podem ainda comunicar o Mapa pelo canal oficial\u00a0<a href=\"https:\/\/falabr.cgu.gov.br\/web\/home\" target=\"_blank\" rel=\"noopener\">Fala.BR<\/a>,\u00a0informando o estabelecimento e endere\u00e7o onde foi adquirido o produto.\u201d<\/p>\n<p>O consumidor pode ser ressarcido inclusive se j\u00e1 abriu e consumiu o produto. Para isso deve levar a nota fiscal comprovando que o produto foi vendido quando j\u00e1 estava na lista dos produtos que n\u00e3o deveriam ser comercializados. As pessoas prejudicadas tamb\u00e9m podem fazer reclama\u00e7\u00e3o na secretaria de vigil\u00e2ncia sanit\u00e1ria do seu munic\u00edpio.<\/p>\n<h2><span style=\"font-size: 12pt\">Esquema il\u00edcito\u00a0<\/span><\/h2>\n<p>As medidas tomadas pelo Minist\u00e9rio da Agricultura e Pecu\u00e1ria t\u00eam car\u00e1ter cautelar e s\u00e3o desdobramentos da Opera\u00e7\u00e3o Gets\u00eamani que identificou esquema il\u00edcito de importa\u00e7\u00e3o, adultera\u00e7\u00e3o e distribui\u00e7\u00e3o de azeite de oliva fraudados.<\/p>\n<p>A opera\u00e7\u00e3o foi realizada nos dias 6, 7 e 8 de mar\u00e7o nas capitais S\u00e3o Paulo (SP), Recife (PE) e Natal (RN), e no munic\u00edpio de\u202fSaquarema, na Regi\u00e3o dos Lagos (RJ). Na a\u00e7\u00e3o foram apreendidos mais de 104 mil litros de azeite de oliva fraudados e ainda embalagens e r\u00f3tulos.<\/p>\n<p>Essa n\u00e3o foi a primeira apreens\u00e3o de azeite fraudado do ano. No come\u00e7o de janeiro, 24,5 mil litros de azeite foram retirados de circula\u00e7\u00e3o em rede de supermercados em munic\u00edpios do centro-oeste paulista, por causa da m\u00e1 qualidade e falsifica\u00e7\u00e3o de r\u00f3tulo.<\/p>\n<p>Conforme o Mapa, \u201co azeite \u00e9 o segundo produto alimentar mais fraudado do mundo, atr\u00e1s apenas do pescado.\u201d O minist\u00e9rio orienta aos consumidores antes da compra conferir a lista de produtos irregulares j\u00e1 apreendidos; n\u00e3o comprar a granel; optar por produtos com a data de envase mais recente; reparar a data de validade e o tempo dos ingredientes contidos (o tempo de colheita de azeitona para azeites extra virgem \u00e9 de seis meses).<\/p>\n<p>O Instituto de Defesa dos Consumidores (Idec) tamb\u00e9m recomenda observar se o \u00f3leo est\u00e1 turvo e se na embalagem h\u00e1 informa\u00e7\u00e3o sobre mistura de \u00f3leos (adi\u00e7\u00e3o de outro \u00f3leo vegetal).<\/p>\n<p>Outra dica \u00e9 desconfiar de pre\u00e7os muito abaixo da m\u00e9dia do mercado. O pre\u00e7o do azeite manteve-se em alta nos \u00faltimos anos e deve continuar sob press\u00e3o este ano por causa da diminui\u00e7\u00e3o hist\u00f3rica da produ\u00e7\u00e3o global, sobretudo nos pa\u00edses europeus \u2013 respons\u00e1veis por dois ter\u00e7os da produ\u00e7\u00e3o mundial de azeites.<\/p>\n<p>De acordo com a Embrapa, o Brasil \u00e9 o terceiro maior importador de azeite de oliva no mundo. O pa\u00eds tamb\u00e9m produz azeite, com \u201cqualidade reconhecida por pr\u00eamios internacionais conquistados nos \u00faltimos anos\u201d, mas a produ\u00e7\u00e3o local ainda \u00e9 incipiente. \u201cIniciada na \u00faltima d\u00e9cada, chegou a 503 toneladas em 2022, o que representa apenas 0,24% do consumo nacional.\u201d<\/p>\n<\/div>\n<p><script async src=\"\/\/platform.twitter.com\/widgets.js\" charset=\"utf-8\"><\/script><br \/>\n<br \/><br \/>\n<br \/><a href=\"https:\/\/www.tribunaribeirao.com.br\/site\/ministerio-da-agricultura-manda-recolher-dez-marcas-de-azeite\/\">Source link <\/a><\/p>\n<div class='code-block code-block-4' style='margin: 8px auto 8px 0; text-align: left; display: block; clear: both;'>\n\ud83d\udce2 Aviso Legal\n\nO site ismaelcolosi.com.br atua apenas como um canal de divulga\u00e7\u00e3o de oportunidades de emprego e n\u00e3o se responsabiliza pelo processo seletivo, contrata\u00e7\u00e3o ou qualquer outra etapa relacionada \u00e0s vagas publicadas. Todas as informa\u00e7\u00f5es s\u00e3o de responsabilidade dos anunciantes.\n\n\u26a0\ufe0f Aten\u00e7\u00e3o! Nunca pague por promessas de emprego nem compre cursos que garantam contrata\u00e7\u00e3o. Desconfie de qualquer cobran\u00e7a para participar de sele\u00e7\u00f5es.\n\n\n\n<\/div>\n<!-- CONTENT END 1 -->\n","protected":false},"excerpt":{"rendered":"<p>17 de mar\u00e7o de 2024 | 18:0016 de mar\u00e7o de 2024 | 12:25 0 O Minist\u00e9rio da Agricultura e Pecu\u00e1ria (Mapa) ordenou a todos comerciantes,&#8230;<\/p>\n","protected":false},"author":1,"featured_media":42864,"comment_status":"open","ping_status":"open","sticky":false,"template":"","format":"standard","meta":{"_uag_custom_page_level_css":"","advanced_seo_description":"","jetpack_seo_html_title":"","jetpack_seo_noindex":false,"jetpack_post_was_ever_published":false,"_jetpack_newsletter_access":"","_jetpack_dont_email_post_to_subs":false,"_jetpack_newsletter_tier_id":0,"_jetpack_memberships_contains_paywalled_content":false,"_jetpack_memberships_contains_paid_content":false,"footnotes":"","jetpack_publicize_message":"","jetpack_publicize_feature_enabled":true,"jetpack_social_post_already_shared":true,"jetpack_social_options":{"image_generator_settings":{"template":"highway","default_image_id":0,"font":"","enabled":false},"version":2}},"categories":[11],"tags":[5091,937,2217,5092,5094,1890,5093],"class_list":["post-42863","post","type-post","status-publish","format-standard","has-post-thumbnail","hentry","category-noticias-de-ribeirao-preto-sp-e-regiao-ismael-colosi","tag-agricultura","tag-azeite","tag-dez","tag-manda","tag-marcas","tag-ministerio","tag-recolher"],"jetpack_publicize_connections":[],"jetpack_featured_media_url":"https:\/\/i0.wp.com\/ismaelcolosi.com.br\/wp-content\/uploads\/2024\/03\/mapa-azeite-png.jpg?fit=768%2C467&ssl=1","uagb_featured_image_src":{"full":["https:\/\/i0.wp.com\/ismaelcolosi.com.br\/wp-content\/uploads\/2024\/03\/mapa-azeite-png.jpg?fit=768%2C467&ssl=1",768,467,false],"thumbnail":["https:\/\/i0.wp.com\/ismaelcolosi.com.br\/wp-content\/uploads\/2024\/03\/mapa-azeite-png.jpg?resize=150%2C150&ssl=1",150,150,true],"medium":["https:\/\/i0.wp.com\/ismaelcolosi.com.br\/wp-content\/uploads\/2024\/03\/mapa-azeite-png.jpg?fit=300%2C182&ssl=1",300,182,true],"medium_large":["https:\/\/i0.wp.com\/ismaelcolosi.com.br\/wp-content\/uploads\/2024\/03\/mapa-azeite-png.jpg?fit=768%2C467&ssl=1",768,467,true],"large":["https:\/\/i0.wp.com\/ismaelcolosi.com.br\/wp-content\/uploads\/2024\/03\/mapa-azeite-png.jpg?fit=768%2C467&ssl=1",768,467,true],"1536x1536":["https:\/\/i0.wp.com\/ismaelcolosi.com.br\/wp-content\/uploads\/2024\/03\/mapa-azeite-png.jpg?fit=768%2C467&ssl=1",768,467,true],"2048x2048":["https:\/\/i0.wp.com\/ismaelcolosi.com.br\/wp-content\/uploads\/2024\/03\/mapa-azeite-png.jpg?fit=768%2C467&ssl=1",768,467,true],"really-simple-thumb":["https:\/\/i0.wp.com\/ismaelcolosi.com.br\/wp-content\/uploads\/2024\/03\/mapa-azeite-png.jpg?resize=370%2C247&ssl=1",370,247,true]},"uagb_author_info":{"display_name":"ismaelcolosi.com.br","author_link":"https:\/\/ismaelcolosi.com.br\/index.php\/author\/vidareal-online\/"},"uagb_comment_info":0,"uagb_excerpt":"17 de mar\u00e7o de 2024 | 18:0016 de mar\u00e7o de 2024 | 12:25 0 O Minist\u00e9rio da Agricultura e Pecu\u00e1ria (Mapa) ordenou a todos comerciantes,...","jetpack-related-posts":[{"id":19580,"url":"https:\/\/ismaelcolosi.com.br\/index.php\/2023\/12\/22\/ministerio-da-agricultura-retira-12-lotes-de-azeite-de-oliva-do-mercado-saiba-quais-e-por-que\/","url_meta":{"origin":42863,"position":0},"title":"Minist\u00e9rio da Agricultura retira 12 lotes de azeite de oliva do mercado; saiba quais e por qu\u00ea","author":"ismaelcolosi.com.br","date":"22 de December de 2023","format":false,"excerpt":"O Minist\u00e9rio da Agricultura e Pecu\u00e1ria determinou o recolhimento de 12 lotes de azeites de oliva que est\u00e3o impr\u00f3prios para o consumo. Cr\u00e9ditos: Istock\/FG TRADE12 lotes de azeite s\u00e3o retirados do mercado; saiba quais e porque A medida, anunciada nessa quinta-feira, 21, foi tomada ap\u00f3s a confirma\u00e7\u00e3o \u2013 em an\u00e1lises\u2026","rel":"","context":"In &quot;Variedades&quot;","block_context":{"text":"Variedades","link":"https:\/\/ismaelcolosi.com.br\/index.php\/category\/variedades\/"},"img":{"alt_text":"","src":"https:\/\/i0.wp.com\/ismaelcolosi.com.br\/wp-content\/uploads\/2023\/12\/istock-1291246517.jpg?fit=1200%2C638&ssl=1&resize=350%2C200","width":350,"height":200,"srcset":"https:\/\/i0.wp.com\/ismaelcolosi.com.br\/wp-content\/uploads\/2023\/12\/istock-1291246517.jpg?fit=1200%2C638&ssl=1&resize=350%2C200 1x, https:\/\/i0.wp.com\/ismaelcolosi.com.br\/wp-content\/uploads\/2023\/12\/istock-1291246517.jpg?fit=1200%2C638&ssl=1&resize=525%2C300 1.5x, https:\/\/i0.wp.com\/ismaelcolosi.com.br\/wp-content\/uploads\/2023\/12\/istock-1291246517.jpg?fit=1200%2C638&ssl=1&resize=700%2C400 2x, https:\/\/i0.wp.com\/ismaelcolosi.com.br\/wp-content\/uploads\/2023\/12\/istock-1291246517.jpg?fit=1200%2C638&ssl=1&resize=1050%2C600 3x"},"classes":[]},{"id":20589,"url":"https:\/\/ismaelcolosi.com.br\/index.php\/2023\/12\/26\/governo-retira-do-mercado-12-lotes-de-azeite-improprios-para-consumo\/","url_meta":{"origin":42863,"position":1},"title":"Governo retira do mercado 12 lotes de azeite impr\u00f3prios para consumo","author":"ismaelcolosi.com.br","date":"26 de December de 2023","format":false,"excerpt":"O Minist\u00e9rio da Agricultura e Pecu\u00e1ria determinou o recolhimento de 12 lotes de azeites de oliva que est\u00e3o impr\u00f3prios para o consumo. Cr\u00e9ditos: IstockGoverno retira do mercado 12 lotes de azeite impr\u00f3prios para consumo A medida, anunciada nessa quinta-feira, 21, foi tomada ap\u00f3s a confirma\u00e7\u00e3o \u2013 em an\u00e1lises laboratoriais \u2013\u2026","rel":"","context":"In &quot;Variedades&quot;","block_context":{"text":"Variedades","link":"https:\/\/ismaelcolosi.com.br\/index.php\/category\/variedades\/"},"img":{"alt_text":"","src":"https:\/\/i0.wp.com\/ismaelcolosi.com.br\/wp-content\/uploads\/2023\/12\/istock-186768677.jpg?fit=1200%2C638&ssl=1&resize=350%2C200","width":350,"height":200,"srcset":"https:\/\/i0.wp.com\/ismaelcolosi.com.br\/wp-content\/uploads\/2023\/12\/istock-186768677.jpg?fit=1200%2C638&ssl=1&resize=350%2C200 1x, https:\/\/i0.wp.com\/ismaelcolosi.com.br\/wp-content\/uploads\/2023\/12\/istock-186768677.jpg?fit=1200%2C638&ssl=1&resize=525%2C300 1.5x, https:\/\/i0.wp.com\/ismaelcolosi.com.br\/wp-content\/uploads\/2023\/12\/istock-186768677.jpg?fit=1200%2C638&ssl=1&resize=700%2C400 2x, https:\/\/i0.wp.com\/ismaelcolosi.com.br\/wp-content\/uploads\/2023\/12\/istock-186768677.jpg?fit=1200%2C638&ssl=1&resize=1050%2C600 3x"},"classes":[]},{"id":72607,"url":"https:\/\/ismaelcolosi.com.br\/index.php\/2024\/10\/22\/ministerio-da-agricultura-divulga-lista-com-12-marcas-de-azeite-fraudadas-confira\/","url_meta":{"origin":42863,"position":2},"title":"Minist\u00e9rio da Agricultura divulga lista com 12 marcas de azeite fraudadas; Confira","author":"ismaelcolosi.com.br","date":"22 de October de 2024","format":false,"excerpt":"O Minist\u00e9rio da Agricultura e Pecu\u00e1ria (Mapa) emitiu um novo comunicado de risco aos consumidores sobre a comercializa\u00e7\u00e3o de 12 marcas de azeite de oliva desclassificadas por fraude, nesta segunda-feira (22). De acordo com o \u00f3rg\u00e3o, foi detectada a presen\u00e7a de outros \u00f3leos vegetais, n\u00e3o identificados, na composi\u00e7\u00e3o desses produtos,\u2026","rel":"","context":"In &quot;Not\u00edcias de Ribeir\u00e3o Preto-SP e Regi\u00e3o&quot;","block_context":{"text":"Not\u00edcias de Ribeir\u00e3o Preto-SP e Regi\u00e3o","link":"https:\/\/ismaelcolosi.com.br\/index.php\/category\/noticias-de-ribeirao-preto-sp-e-regiao-ismael-colosi\/"},"img":{"alt_text":"","src":"https:\/\/i0.wp.com\/ismaelcolosi.com.br\/wp-content\/uploads\/2024\/10\/591e00dc-030e-4b5e-b37c-37e46683d54a_2024-10-22_17-04-18_png_2024-10-22_17-04-18.webp.webp?fit=768%2C467&ssl=1&resize=350%2C200","width":350,"height":200,"srcset":"https:\/\/i0.wp.com\/ismaelcolosi.com.br\/wp-content\/uploads\/2024\/10\/591e00dc-030e-4b5e-b37c-37e46683d54a_2024-10-22_17-04-18_png_2024-10-22_17-04-18.webp.webp?fit=768%2C467&ssl=1&resize=350%2C200 1x, https:\/\/i0.wp.com\/ismaelcolosi.com.br\/wp-content\/uploads\/2024\/10\/591e00dc-030e-4b5e-b37c-37e46683d54a_2024-10-22_17-04-18_png_2024-10-22_17-04-18.webp.webp?fit=768%2C467&ssl=1&resize=525%2C300 1.5x, https:\/\/i0.wp.com\/ismaelcolosi.com.br\/wp-content\/uploads\/2024\/10\/591e00dc-030e-4b5e-b37c-37e46683d54a_2024-10-22_17-04-18_png_2024-10-22_17-04-18.webp.webp?fit=768%2C467&ssl=1&resize=700%2C400 2x"},"classes":[]},{"id":7254,"url":"https:\/\/ismaelcolosi.com.br\/index.php\/2023\/11\/27\/mapa-apreende-6-mil-garrafas-de-azeite-de-oliva-falso-e-28-toneladas-de-feijao-com-impurezas-em-sp\/","url_meta":{"origin":42863,"position":3},"title":"MAPA apreende 6 mil garrafas de azeite de oliva falso e 28 toneladas de feij\u00e3o com impurezas em SP","author":"ismaelcolosi.com.br","date":"27 de November de 2023","format":false,"excerpt":"Uma for\u00e7a-tarefa do Minist\u00e9rio da Agricultura e Pecu\u00e1ria (Mapa) apreendeu 6.031 garrafas de azeite de oliva falsificado e descartou 16.380 litros do produto importado por estarem adulterados. O azeite de oliva \u00e9 o segundo produto alimentar mais fraudado do mundo, atr\u00e1s apenas do pescado. A fraude mais comum \u00e9 a\u2026","rel":"","context":"In &quot;Not\u00edcias de Ribeir\u00e3o Preto-SP e Regi\u00e3o&quot;","block_context":{"text":"Not\u00edcias de Ribeir\u00e3o Preto-SP e Regi\u00e3o","link":"https:\/\/ismaelcolosi.com.br\/index.php\/category\/noticias-de-ribeirao-preto-sp-e-regiao-ismael-colosi\/"},"img":{"alt_text":"","src":"https:\/\/i0.wp.com\/ismaelcolosi.com.br\/wp-content\/uploads\/2023\/11\/aef5cfb7-14e6-43e4-b260-9990d5186aa6.jpeg?fit=768%2C731&ssl=1&resize=350%2C200","width":350,"height":200,"srcset":"https:\/\/i0.wp.com\/ismaelcolosi.com.br\/wp-content\/uploads\/2023\/11\/aef5cfb7-14e6-43e4-b260-9990d5186aa6.jpeg?fit=768%2C731&ssl=1&resize=350%2C200 1x, https:\/\/i0.wp.com\/ismaelcolosi.com.br\/wp-content\/uploads\/2023\/11\/aef5cfb7-14e6-43e4-b260-9990d5186aa6.jpeg?fit=768%2C731&ssl=1&resize=525%2C300 1.5x, https:\/\/i0.wp.com\/ismaelcolosi.com.br\/wp-content\/uploads\/2023\/11\/aef5cfb7-14e6-43e4-b260-9990d5186aa6.jpeg?fit=768%2C731&ssl=1&resize=700%2C400 2x"},"classes":[]},{"id":72617,"url":"https:\/\/ismaelcolosi.com.br\/index.php\/2024\/10\/22\/postos-de-saude-estao-sem-vacina-contra-covid-19-em-ribeirao-preto\/","url_meta":{"origin":42863,"position":4},"title":"Postos de sa\u00fade est\u00e3o sem vacina contra Covid-19 em Ribeir\u00e3o Preto","author":"ismaelcolosi.com.br","date":"22 de October de 2024","format":false,"excerpt":"Um levantamento realizado pela Confedera\u00e7\u00e3o Nacional de Munic\u00edpios (CNM) mostrou que seis em cada dez munic\u00edpios brasileiros est\u00e3o sem vacinas. Ribeir\u00e3o Preto \u00e9 uma das cidades que sofre com o problema. De acordo com a Secretaria Municipal de Sa\u00fade, a cidade est\u00e1 sem estoque de vacina contra Covid-19 para adultos\u2026","rel":"","context":"In &quot;Not\u00edcias de Ribeir\u00e3o Preto-SP e Regi\u00e3o&quot;","block_context":{"text":"Not\u00edcias de Ribeir\u00e3o Preto-SP e Regi\u00e3o","link":"https:\/\/ismaelcolosi.com.br\/index.php\/category\/noticias-de-ribeirao-preto-sp-e-regiao-ismael-colosi\/"},"img":{"alt_text":"","src":"https:\/\/i0.wp.com\/ismaelcolosi.com.br\/wp-content\/uploads\/2024\/10\/3-9.jpg?fit=1200%2C675&ssl=1&resize=350%2C200","width":350,"height":200,"srcset":"https:\/\/i0.wp.com\/ismaelcolosi.com.br\/wp-content\/uploads\/2024\/10\/3-9.jpg?fit=1200%2C675&ssl=1&resize=350%2C200 1x, https:\/\/i0.wp.com\/ismaelcolosi.com.br\/wp-content\/uploads\/2024\/10\/3-9.jpg?fit=1200%2C675&ssl=1&resize=525%2C300 1.5x, https:\/\/i0.wp.com\/ismaelcolosi.com.br\/wp-content\/uploads\/2024\/10\/3-9.jpg?fit=1200%2C675&ssl=1&resize=700%2C400 2x, https:\/\/i0.wp.com\/ismaelcolosi.com.br\/wp-content\/uploads\/2024\/10\/3-9.jpg?fit=1200%2C675&ssl=1&resize=1050%2C600 3x"},"classes":[]},{"id":13915,"url":"https:\/\/ismaelcolosi.com.br\/index.php\/2023\/12\/11\/vendas-de-produtos-organicos-no-pais-crescem-30\/","url_meta":{"origin":42863,"position":5},"title":"Vendas de produtos org\u00e2nicos no pa\u00eds crescem 30%","author":"ismaelcolosi.com.br","date":"11 de December de 2023","format":false,"excerpt":"11 de dezembro de 2023 | 13:0011 de dezembro de 2023 | 11:02 0Uma pesquisa feita por cientistas da Universidade Federal do Rio Grande do Sul (UFRGS) e da Universidade Tecnol\u00f3gica Federal do Paran\u00e1 (UTFPR) mostrou que, apesar de o Brasil ser vasto em terras cultiv\u00e1veis e ter um dos\u2026","rel":"","context":"In &quot;Not\u00edcias de Ribeir\u00e3o Preto-SP e Regi\u00e3o&quot;","block_context":{"text":"Not\u00edcias de Ribeir\u00e3o Preto-SP e Regi\u00e3o","link":"https:\/\/ismaelcolosi.com.br\/index.php\/category\/noticias-de-ribeirao-preto-sp-e-regiao-ismael-colosi\/"},"img":{"alt_text":"","src":"https:\/\/i0.wp.com\/ismaelcolosi.com.br\/wp-content\/uploads\/2023\/12\/suja.jpg?fit=800%2C600&ssl=1&resize=350%2C200","width":350,"height":200,"srcset":"https:\/\/i0.wp.com\/ismaelcolosi.com.br\/wp-content\/uploads\/2023\/12\/suja.jpg?fit=800%2C600&ssl=1&resize=350%2C200 1x, https:\/\/i0.wp.com\/ismaelcolosi.com.br\/wp-content\/uploads\/2023\/12\/suja.jpg?fit=800%2C600&ssl=1&resize=525%2C300 1.5x, https:\/\/i0.wp.com\/ismaelcolosi.com.br\/wp-content\/uploads\/2023\/12\/suja.jpg?fit=800%2C600&ssl=1&resize=700%2C400 2x"},"classes":[]}],"jetpack_sharing_enabled":true,"jetpack_shortlink":"https:\/\/wp.me\/pfMlyK-b9l","_links":{"self":[{"href":"https:\/\/ismaelcolosi.com.br\/index.php\/wp-json\/wp\/v2\/posts\/42863","targetHints":{"allow":["GET"]}}],"collection":[{"href":"https:\/\/ismaelcolosi.com.br\/index.php\/wp-json\/wp\/v2\/posts"}],"about":[{"href":"https:\/\/ismaelcolosi.com.br\/index.php\/wp-json\/wp\/v2\/types\/post"}],"author":[{"embeddable":true,"href":"https:\/\/ismaelcolosi.com.br\/index.php\/wp-json\/wp\/v2\/users\/1"}],"replies":[{"embeddable":true,"href":"https:\/\/ismaelcolosi.com.br\/index.php\/wp-json\/wp\/v2\/comments?post=42863"}],"version-history":[{"count":0,"href":"https:\/\/ismaelcolosi.com.br\/index.php\/wp-json\/wp\/v2\/posts\/42863\/revisions"}],"wp:featuredmedia":[{"embeddable":true,"href":"https:\/\/ismaelcolosi.com.br\/index.php\/wp-json\/wp\/v2\/media\/42864"}],"wp:attachment":[{"href":"https:\/\/ismaelcolosi.com.br\/index.php\/wp-json\/wp\/v2\/media?parent=42863"}],"wp:term":[{"taxonomy":"category","embeddable":true,"href":"https:\/\/ismaelcolosi.com.br\/index.php\/wp-json\/wp\/v2\/categories?post=42863"},{"taxonomy":"post_tag","embeddable":true,"href":"https:\/\/ismaelcolosi.com.br\/index.php\/wp-json\/wp\/v2\/tags?post=42863"}],"curies":[{"name":"wp","href":"https:\/\/api.w.org\/{rel}","templated":true}]}}